{"id":185126,"date":"2026-04-26T18:24:09","date_gmt":"2026-04-26T21:24:09","guid":{"rendered":"https:\/\/noticiasmercedinas.com\/site\/?p=185126"},"modified":"2026-04-26T18:53:52","modified_gmt":"2026-04-26T21:53:52","slug":"el-folclore-se-adueno-del-teatro-argentino-una-noche-a-puro-baile-en-la-pena-lawar-wayna","status":"publish","type":"post","link":"https:\/\/noticiasmercedinas.com\/site\/2026\/04\/26\/el-folclore-se-adueno-del-teatro-argentino-una-noche-a-puro-baile-en-la-pena-lawar-wayna\/","title":{"rendered":"El folclore se adue\u00f1\u00f3 del Teatro Argentino: una noche a puro baile en la pe\u00f1a Lawar Wayna"},"content":{"rendered":"<p><img loading=\"lazy\" decoding=\"async\" class=\"alignnone size-full wp-image-185129\" src=\"https:\/\/noticiasmercedinas.com\/site\/wp-content\/uploads\/2026\/04\/loslopezherediaIMG_5809.jpg\" alt=\"\" width=\"640\" height=\"427\" srcset=\"https:\/\/noticiasmercedinas.com\/site\/wp-content\/uploads\/2026\/04\/loslopezherediaIMG_5809.jpg 640w, https:\/\/noticiasmercedinas.com\/site\/wp-content\/uploads\/2026\/04\/loslopezherediaIMG_5809-300x200.jpg 300w\" sizes=\"auto, (max-width: 640px) 100vw, 640px\" \/><\/p>\n<p>Lo que se anticipaba como un encuentro imperdible super\u00f3 las expectativas. Este s\u00e1bado, el Teatro Argentino \u00abJulio C\u00e9sar Gioscio\u00bb vivi\u00f3 una jornada at\u00edpica y brillante con la realizaci\u00f3n de la Pe\u00f1a Lawar Wayna. Desde las 19:00 horas y hasta pasada la medianoche, el m\u00e1ximo coliseo cultural de la ciudad dej\u00f3 de lado su formalidad habitual para abrir sus puertas al ritmo del bombo y el viol\u00edn.<\/p>\n<p>La iniciativa, impulsada por Manucho Costa y su equipo, result\u00f3 ser un rotundo \u00e9xito de convocatoria. No solo sirvi\u00f3 como excusa para \u00abcoleccionar momentos\u00bb, tal cual pregona\u00a0 siempre la organizaci\u00f3n, sino que se vivi\u00f3 algo \u00fanico ya que la sala mayor se acondicion\u00f3\u00a0 con luces y barras de sonido, dee jay, bebidas y comidas, y permiti\u00f3 que los bailarines \u2014que colmaron el espacio\u2014 pudieran desplegar sus danzas en pareja, solos o en rondas grupales frente al escenario, convirtiendo la velada en una verdadera fiesta popular que se extendi\u00f3 hasta las 00:30 horas.<\/p>\n<p><img loading=\"lazy\" decoding=\"async\" class=\"alignnone size-full wp-image-185128\" src=\"https:\/\/noticiasmercedinas.com\/site\/wp-content\/uploads\/2026\/04\/penaIMG_5859.jpg\" alt=\"\" width=\"640\" height=\"427\" srcset=\"https:\/\/noticiasmercedinas.com\/site\/wp-content\/uploads\/2026\/04\/penaIMG_5859.jpg 640w, https:\/\/noticiasmercedinas.com\/site\/wp-content\/uploads\/2026\/04\/penaIMG_5859-300x200.jpg 300w\" sizes=\"auto, (max-width: 640px) 100vw, 640px\" \/><\/p>\n<p><strong>Una grilla de alto nivel<\/strong><br \/>\nEl despliegue art\u00edstico fue el motor de la noche. La m\u00fasica en vivo comenz\u00f3 a calentar el ambiente con la presentaci\u00f3n de Semilla Agreste, quienes fueron seguidos por el potente show de Los L\u00f3pez Heredia.<\/p>\n<p>El cierre, cargado de emoci\u00f3n y energ\u00eda, estuvo a cargo de Sebasti\u00e1n Giovanetone, quien\u00a0 introdujo con una canci\u00f3n de Wos y termin\u00f3 de consagrar la noche con zambas, gatos y chacareras ante un p\u00fablico que no dej\u00f3 de bailar en ning\u00fan momento.<\/p>\n<p>Fueron m\u00e1s de 5 horas de m\u00fasica y tradici\u00f3n. La decisi\u00f3n de habilitar el Teatro Argentino para este tipo de pe\u00f1as fue celebrada por los asistentes.<\/p>\n<p>La combinaci\u00f3n de la ac\u00fastica y jerarqu\u00eda del teatro con la calidez de la pe\u00f1a folcl\u00f3rica gener\u00f3 una atm\u00f3sfera \u00fanica. Los organizadores destacaron el comportamiento del p\u00fablico y la predisposici\u00f3n de los vecinos, que llegaron temprano para asegurar su lugar dado que la capacidad era limitada.<\/p>\n<p>La pe\u00f1a Lawar Wayna no solo cumpli\u00f3 con su promesa de ofrecer un show de calidad, sino que reafirm\u00f3 la vigencia del folclore en Mercedes, dejando a la comunidad con la expectativa de una nueva edici\u00f3n que vuelva a poner en valor nuestras ra\u00edces en el coraz\u00f3n de la ciudad.<\/p>\n<p><img loading=\"lazy\" decoding=\"async\" class=\"alignnone size-full wp-image-185127\" src=\"https:\/\/noticiasmercedinas.com\/site\/wp-content\/uploads\/2026\/04\/sebastiangiovanetone.jpg\" alt=\"\" width=\"640\" height=\"427\" srcset=\"https:\/\/noticiasmercedinas.com\/site\/wp-content\/uploads\/2026\/04\/sebastiangiovanetone.jpg 640w, https:\/\/noticiasmercedinas.com\/site\/wp-content\/uploads\/2026\/04\/sebastiangiovanetone-300x200.jpg 300w\" sizes=\"auto, (max-width: 640px) 100vw, 640px\" \/><\/p>\n","protected":false},"excerpt":{"rendered":"<p>\u25a0 Con la organizaci\u00f3n de \u00abManucho\u00bb Costa y equipo, la sala mayor del complejo cultural se transform\u00f3 en un gran sal\u00f3n de baile. Cientos disfrutaron de una jornada que combin\u00f3 m\u00fasica en vivo, gastronom\u00eda t\u00edpica y el fervor de las danzas tradicionales.<\/p>\n","protected":false},"author":16,"featured_media":185129,"comment_status":"closed","ping_status":"closed","sticky":false,"template":"","format":"standard","meta":{"footnotes":""},"categories":[4],"tags":[1734,9323,1055,9923,4015,2907],"class_list":["post-185126","post","type-post","status-publish","format-standard","has-post-thumbnail","hentry","category-cultura","tag-los-lopez-heredia","tag-manucho-costa","tag-pena","tag-pena-lawar-wayna","tag-sebastian-giovanetone","tag-semilla-agreste"],"yoast_head":"<!-- This site is optimized with the Yoast SEO plugin v27.4 - https:\/\/yoast.com\/product\/yoast-seo-wordpress\/ -->\n<title>El folclore se adue\u00f1\u00f3 del Teatro Argentino: una noche a puro baile en la pe\u00f1a Lawar Wayna<\/title>\n<meta name=\"description\" content=\"Con la organizaci\u00f3n de &quot;Manucho&quot; Costa y equipo, la sala mayor del complejo cultural se transform\u00f3 en un gran sal\u00f3n de baile. Cientos disfrutaron de una jornada que combin\u00f3 m\u00fasica en vivo, gastronom\u00eda t\u00edpica y el fervor de las danzas tradicionales.\" \/>\n<meta name=\"robots\" content=\"index, follow, max-snippet:-1, max-image-preview:large, max-video-preview:-1\" \/>\n<link rel=\"canonical\" href=\"https:\/\/noticiasmercedinas.com\/site\/2026\/04\/26\/el-folclore-se-adueno-del-teatro-argentino-una-noche-a-puro-baile-en-la-pena-lawar-wayna\/\" \/>\n<meta property=\"og:locale\" content=\"es_ES\" \/>\n<meta property=\"og:type\" content=\"article\" \/>\n<meta property=\"og:title\" content=\"El folclore se adue\u00f1\u00f3 del Teatro Argentino: una noche a puro baile en la pe\u00f1a Lawar Wayna\" \/>\n<meta property=\"og:description\" content=\"Con la organizaci\u00f3n de &quot;Manucho&quot; Costa y equipo, la sala mayor del complejo cultural se transform\u00f3 en un gran sal\u00f3n de baile. Cientos disfrutaron de una jornada que combin\u00f3 m\u00fasica en vivo, gastronom\u00eda t\u00edpica y el fervor de las danzas tradicionales.\" \/>\n<meta property=\"og:url\" content=\"https:\/\/noticiasmercedinas.com\/site\/2026\/04\/26\/el-folclore-se-adueno-del-teatro-argentino-una-noche-a-puro-baile-en-la-pena-lawar-wayna\/\" \/>\n<meta property=\"og:site_name\" content=\"NOTICIASMERCEDINAS.COM\" \/>\n<meta property=\"article:publisher\" content=\"https:\/\/www.facebook.com\/noticiasmercedinas\/\" \/>\n<meta property=\"article:published_time\" content=\"2026-04-26T21:24:09+00:00\" \/>\n<meta property=\"article:modified_time\" content=\"2026-04-26T21:53:52+00:00\" \/>\n<meta property=\"og:image\" content=\"https:\/\/noticiasmercedinas.com\/site\/wp-content\/uploads\/2026\/04\/loslopezherediaIMG_5809.jpg\" \/>\n\t<meta property=\"og:image:width\" content=\"640\" \/>\n\t<meta property=\"og:image:height\" content=\"427\" \/>\n\t<meta property=\"og:image:type\" content=\"image\/jpeg\" \/>\n<meta name=\"author\" content=\"NOTICIASMERCEDINAS.COM\" \/>\n<meta name=\"twitter:card\" content=\"summary_large_image\" \/>\n<meta name=\"twitter:creator\" content=\"@notmercedinas\" \/>\n<meta name=\"twitter:site\" content=\"@notmercedinas\" \/>\n<meta name=\"twitter:label1\" content=\"Escrito por\" \/>\n\t<meta name=\"twitter:data1\" content=\"NOTICIASMERCEDINAS.COM\" \/>\n\t<meta name=\"twitter:label2\" content=\"Tiempo de lectura\" \/>\n\t<meta name=\"twitter:data2\" content=\"3 minutos\" \/>\n<script type=\"application\/ld+json\" class=\"yoast-schema-graph\">{\"@context\":\"https:\\\/\\\/schema.org\",\"@graph\":[{\"@type\":\"Article\",\"@id\":\"https:\\\/\\\/noticiasmercedinas.com\\\/site\\\/2026\\\/04\\\/26\\\/el-folclore-se-adueno-del-teatro-argentino-una-noche-a-puro-baile-en-la-pena-lawar-wayna\\\/#article\",\"isPartOf\":{\"@id\":\"https:\\\/\\\/noticiasmercedinas.com\\\/site\\\/2026\\\/04\\\/26\\\/el-folclore-se-adueno-del-teatro-argentino-una-noche-a-puro-baile-en-la-pena-lawar-wayna\\\/\"},\"author\":{\"name\":\"NOTICIASMERCEDINAS.COM\",\"@id\":\"https:\\\/\\\/noticiasmercedinas.com\\\/site\\\/#\\\/schema\\\/person\\\/84b59c099c28ff2e8b77d4ceec5d8063\"},\"headline\":\"El folclore se adue\u00f1\u00f3 del Teatro Argentino: una noche a puro baile en la pe\u00f1a Lawar Wayna\",\"datePublished\":\"2026-04-26T21:24:09+00:00\",\"dateModified\":\"2026-04-26T21:53:52+00:00\",\"mainEntityOfPage\":{\"@id\":\"https:\\\/\\\/noticiasmercedinas.com\\\/site\\\/2026\\\/04\\\/26\\\/el-folclore-se-adueno-del-teatro-argentino-una-noche-a-puro-baile-en-la-pena-lawar-wayna\\\/\"},\"wordCount\":412,\"publisher\":{\"@id\":\"https:\\\/\\\/noticiasmercedinas.com\\\/site\\\/#organization\"},\"image\":{\"@id\":\"https:\\\/\\\/noticiasmercedinas.com\\\/site\\\/2026\\\/04\\\/26\\\/el-folclore-se-adueno-del-teatro-argentino-una-noche-a-puro-baile-en-la-pena-lawar-wayna\\\/#primaryimage\"},\"thumbnailUrl\":\"https:\\\/\\\/noticiasmercedinas.com\\\/site\\\/wp-content\\\/uploads\\\/2026\\\/04\\\/loslopezherediaIMG_5809.jpg\",\"keywords\":[\"Los L\u00f3pez Heredia\",\"manucho costa\",\"pe\u00f1a\",\"Pe\u00f1a Lawar Wayna\",\"Sebasti\u00e1n Giovanetone\",\"Semilla Agreste\"],\"articleSection\":[\"Cultura\"],\"inLanguage\":\"es\"},{\"@type\":\"WebPage\",\"@id\":\"https:\\\/\\\/noticiasmercedinas.com\\\/site\\\/2026\\\/04\\\/26\\\/el-folclore-se-adueno-del-teatro-argentino-una-noche-a-puro-baile-en-la-pena-lawar-wayna\\\/\",\"url\":\"https:\\\/\\\/noticiasmercedinas.com\\\/site\\\/2026\\\/04\\\/26\\\/el-folclore-se-adueno-del-teatro-argentino-una-noche-a-puro-baile-en-la-pena-lawar-wayna\\\/\",\"name\":\"El folclore se adue\u00f1\u00f3 del Teatro Argentino: una noche a puro baile en la pe\u00f1a Lawar Wayna\",\"isPartOf\":{\"@id\":\"https:\\\/\\\/noticiasmercedinas.com\\\/site\\\/#website\"},\"primaryImageOfPage\":{\"@id\":\"https:\\\/\\\/noticiasmercedinas.com\\\/site\\\/2026\\\/04\\\/26\\\/el-folclore-se-adueno-del-teatro-argentino-una-noche-a-puro-baile-en-la-pena-lawar-wayna\\\/#primaryimage\"},\"image\":{\"@id\":\"https:\\\/\\\/noticiasmercedinas.com\\\/site\\\/2026\\\/04\\\/26\\\/el-folclore-se-adueno-del-teatro-argentino-una-noche-a-puro-baile-en-la-pena-lawar-wayna\\\/#primaryimage\"},\"thumbnailUrl\":\"https:\\\/\\\/noticiasmercedinas.com\\\/site\\\/wp-content\\\/uploads\\\/2026\\\/04\\\/loslopezherediaIMG_5809.jpg\",\"datePublished\":\"2026-04-26T21:24:09+00:00\",\"dateModified\":\"2026-04-26T21:53:52+00:00\",\"description\":\"Con la organizaci\u00f3n de \\\"Manucho\\\" Costa y equipo, la sala mayor del complejo cultural se transform\u00f3 en un gran sal\u00f3n de baile. Cientos disfrutaron de una jornada que combin\u00f3 m\u00fasica en vivo, gastronom\u00eda t\u00edpica y el fervor de las danzas tradicionales.\",\"breadcrumb\":{\"@id\":\"https:\\\/\\\/noticiasmercedinas.com\\\/site\\\/2026\\\/04\\\/26\\\/el-folclore-se-adueno-del-teatro-argentino-una-noche-a-puro-baile-en-la-pena-lawar-wayna\\\/#breadcrumb\"},\"inLanguage\":\"es\",\"potentialAction\":[{\"@type\":\"ReadAction\",\"target\":[\"https:\\\/\\\/noticiasmercedinas.com\\\/site\\\/2026\\\/04\\\/26\\\/el-folclore-se-adueno-del-teatro-argentino-una-noche-a-puro-baile-en-la-pena-lawar-wayna\\\/\"]}]},{\"@type\":\"ImageObject\",\"inLanguage\":\"es\",\"@id\":\"https:\\\/\\\/noticiasmercedinas.com\\\/site\\\/2026\\\/04\\\/26\\\/el-folclore-se-adueno-del-teatro-argentino-una-noche-a-puro-baile-en-la-pena-lawar-wayna\\\/#primaryimage\",\"url\":\"https:\\\/\\\/noticiasmercedinas.com\\\/site\\\/wp-content\\\/uploads\\\/2026\\\/04\\\/loslopezherediaIMG_5809.jpg\",\"contentUrl\":\"https:\\\/\\\/noticiasmercedinas.com\\\/site\\\/wp-content\\\/uploads\\\/2026\\\/04\\\/loslopezherediaIMG_5809.jpg\",\"width\":640,\"height\":427},{\"@type\":\"BreadcrumbList\",\"@id\":\"https:\\\/\\\/noticiasmercedinas.com\\\/site\\\/2026\\\/04\\\/26\\\/el-folclore-se-adueno-del-teatro-argentino-una-noche-a-puro-baile-en-la-pena-lawar-wayna\\\/#breadcrumb\",\"itemListElement\":[{\"@type\":\"ListItem\",\"position\":1,\"name\":\"Portada\",\"item\":\"https:\\\/\\\/noticiasmercedinas.com\\\/site\\\/\"},{\"@type\":\"ListItem\",\"position\":2,\"name\":\"El folclore se adue\u00f1\u00f3 del Teatro Argentino: una noche a puro baile en la pe\u00f1a Lawar Wayna\"}]},{\"@type\":\"WebSite\",\"@id\":\"https:\\\/\\\/noticiasmercedinas.com\\\/site\\\/#website\",\"url\":\"https:\\\/\\\/noticiasmercedinas.com\\\/site\\\/\",\"name\":\"NOTICIASMERCEDINAS.COM\",\"description\":\"Mercedes, Buenos Aires, Argentina\",\"publisher\":{\"@id\":\"https:\\\/\\\/noticiasmercedinas.com\\\/site\\\/#organization\"},\"potentialAction\":[{\"@type\":\"SearchAction\",\"target\":{\"@type\":\"EntryPoint\",\"urlTemplate\":\"https:\\\/\\\/noticiasmercedinas.com\\\/site\\\/?s={search_term_string}\"},\"query-input\":{\"@type\":\"PropertyValueSpecification\",\"valueRequired\":true,\"valueName\":\"search_term_string\"}}],\"inLanguage\":\"es\"},{\"@type\":\"Organization\",\"@id\":\"https:\\\/\\\/noticiasmercedinas.com\\\/site\\\/#organization\",\"name\":\"NOTICIASMERCEDINAS.COM\",\"url\":\"https:\\\/\\\/noticiasmercedinas.com\\\/site\\\/\",\"logo\":{\"@type\":\"ImageObject\",\"inLanguage\":\"es\",\"@id\":\"https:\\\/\\\/noticiasmercedinas.com\\\/site\\\/#\\\/schema\\\/logo\\\/image\\\/\",\"url\":\"https:\\\/\\\/noticiasmercedinas.com\\\/site\\\/wp-content\\\/uploads\\\/2020\\\/06\\\/LOGO-512.jpg\",\"contentUrl\":\"https:\\\/\\\/noticiasmercedinas.com\\\/site\\\/wp-content\\\/uploads\\\/2020\\\/06\\\/LOGO-512.jpg\",\"width\":512,\"height\":512,\"caption\":\"NOTICIASMERCEDINAS.COM\"},\"image\":{\"@id\":\"https:\\\/\\\/noticiasmercedinas.com\\\/site\\\/#\\\/schema\\\/logo\\\/image\\\/\"},\"sameAs\":[\"https:\\\/\\\/www.facebook.com\\\/noticiasmercedinas\\\/\",\"https:\\\/\\\/x.com\\\/notmercedinas\",\"https:\\\/\\\/www.instagram.com\\\/noticiasmercedinas\\\/\"]},{\"@type\":\"Person\",\"@id\":\"https:\\\/\\\/noticiasmercedinas.com\\\/site\\\/#\\\/schema\\\/person\\\/84b59c099c28ff2e8b77d4ceec5d8063\",\"name\":\"NOTICIASMERCEDINAS.COM\",\"image\":{\"@type\":\"ImageObject\",\"inLanguage\":\"es\",\"@id\":\"https:\\\/\\\/secure.gravatar.com\\\/avatar\\\/4dfbf16b4d17945bfb6341b2d19043457132fcf478a5ee04f42e959fd8f5df0a?s=96&d=mm&r=g\",\"url\":\"https:\\\/\\\/secure.gravatar.com\\\/avatar\\\/4dfbf16b4d17945bfb6341b2d19043457132fcf478a5ee04f42e959fd8f5df0a?s=96&d=mm&r=g\",\"contentUrl\":\"https:\\\/\\\/secure.gravatar.com\\\/avatar\\\/4dfbf16b4d17945bfb6341b2d19043457132fcf478a5ee04f42e959fd8f5df0a?s=96&d=mm&r=g\",\"caption\":\"NOTICIASMERCEDINAS.COM\"},\"url\":\"https:\\\/\\\/noticiasmercedinas.com\\\/site\\\/author\\\/anonimo\\\/\"}]}<\/script>\n<!-- \/ Yoast SEO plugin. -->","yoast_head_json":{"title":"El folclore se adue\u00f1\u00f3 del Teatro Argentino: una noche a puro baile en la pe\u00f1a Lawar Wayna","description":"Con la organizaci\u00f3n de \"Manucho\" Costa y equipo, la sala mayor del complejo cultural se transform\u00f3 en un gran sal\u00f3n de baile. Cientos disfrutaron de una jornada que combin\u00f3 m\u00fasica en vivo, gastronom\u00eda t\u00edpica y el fervor de las danzas tradicionales.","robots":{"index":"index","follow":"follow","max-snippet":"max-snippet:-1","max-image-preview":"max-image-preview:large","max-video-preview":"max-video-preview:-1"},"canonical":"https:\/\/noticiasmercedinas.com\/site\/2026\/04\/26\/el-folclore-se-adueno-del-teatro-argentino-una-noche-a-puro-baile-en-la-pena-lawar-wayna\/","og_locale":"es_ES","og_type":"article","og_title":"El folclore se adue\u00f1\u00f3 del Teatro Argentino: una noche a puro baile en la pe\u00f1a Lawar Wayna","og_description":"Con la organizaci\u00f3n de \"Manucho\" Costa y equipo, la sala mayor del complejo cultural se transform\u00f3 en un gran sal\u00f3n de baile. Cientos disfrutaron de una jornada que combin\u00f3 m\u00fasica en vivo, gastronom\u00eda t\u00edpica y el fervor de las danzas tradicionales.","og_url":"https:\/\/noticiasmercedinas.com\/site\/2026\/04\/26\/el-folclore-se-adueno-del-teatro-argentino-una-noche-a-puro-baile-en-la-pena-lawar-wayna\/","og_site_name":"NOTICIASMERCEDINAS.COM","article_publisher":"https:\/\/www.facebook.com\/noticiasmercedinas\/","article_published_time":"2026-04-26T21:24:09+00:00","article_modified_time":"2026-04-26T21:53:52+00:00","og_image":[{"width":640,"height":427,"url":"https:\/\/noticiasmercedinas.com\/site\/wp-content\/uploads\/2026\/04\/loslopezherediaIMG_5809.jpg","type":"image\/jpeg"}],"author":"NOTICIASMERCEDINAS.COM","twitter_card":"summary_large_image","twitter_creator":"@notmercedinas","twitter_site":"@notmercedinas","twitter_misc":{"Escrito por":"NOTICIASMERCEDINAS.COM","Tiempo de lectura":"3 minutos"},"schema":{"@context":"https:\/\/schema.org","@graph":[{"@type":"Article","@id":"https:\/\/noticiasmercedinas.com\/site\/2026\/04\/26\/el-folclore-se-adueno-del-teatro-argentino-una-noche-a-puro-baile-en-la-pena-lawar-wayna\/#article","isPartOf":{"@id":"https:\/\/noticiasmercedinas.com\/site\/2026\/04\/26\/el-folclore-se-adueno-del-teatro-argentino-una-noche-a-puro-baile-en-la-pena-lawar-wayna\/"},"author":{"name":"NOTICIASMERCEDINAS.COM","@id":"https:\/\/noticiasmercedinas.com\/site\/#\/schema\/person\/84b59c099c28ff2e8b77d4ceec5d8063"},"headline":"El folclore se adue\u00f1\u00f3 del Teatro Argentino: una noche a puro baile en la pe\u00f1a Lawar Wayna","datePublished":"2026-04-26T21:24:09+00:00","dateModified":"2026-04-26T21:53:52+00:00","mainEntityOfPage":{"@id":"https:\/\/noticiasmercedinas.com\/site\/2026\/04\/26\/el-folclore-se-adueno-del-teatro-argentino-una-noche-a-puro-baile-en-la-pena-lawar-wayna\/"},"wordCount":412,"publisher":{"@id":"https:\/\/noticiasmercedinas.com\/site\/#organization"},"image":{"@id":"https:\/\/noticiasmercedinas.com\/site\/2026\/04\/26\/el-folclore-se-adueno-del-teatro-argentino-una-noche-a-puro-baile-en-la-pena-lawar-wayna\/#primaryimage"},"thumbnailUrl":"https:\/\/noticiasmercedinas.com\/site\/wp-content\/uploads\/2026\/04\/loslopezherediaIMG_5809.jpg","keywords":["Los L\u00f3pez Heredia","manucho costa","pe\u00f1a","Pe\u00f1a Lawar Wayna","Sebasti\u00e1n Giovanetone","Semilla Agreste"],"articleSection":["Cultura"],"inLanguage":"es"},{"@type":"WebPage","@id":"https:\/\/noticiasmercedinas.com\/site\/2026\/04\/26\/el-folclore-se-adueno-del-teatro-argentino-una-noche-a-puro-baile-en-la-pena-lawar-wayna\/","url":"https:\/\/noticiasmercedinas.com\/site\/2026\/04\/26\/el-folclore-se-adueno-del-teatro-argentino-una-noche-a-puro-baile-en-la-pena-lawar-wayna\/","name":"El folclore se adue\u00f1\u00f3 del Teatro Argentino: una noche a puro baile en la pe\u00f1a Lawar Wayna","isPartOf":{"@id":"https:\/\/noticiasmercedinas.com\/site\/#website"},"primaryImageOfPage":{"@id":"https:\/\/noticiasmercedinas.com\/site\/2026\/04\/26\/el-folclore-se-adueno-del-teatro-argentino-una-noche-a-puro-baile-en-la-pena-lawar-wayna\/#primaryimage"},"image":{"@id":"https:\/\/noticiasmercedinas.com\/site\/2026\/04\/26\/el-folclore-se-adueno-del-teatro-argentino-una-noche-a-puro-baile-en-la-pena-lawar-wayna\/#primaryimage"},"thumbnailUrl":"https:\/\/noticiasmercedinas.com\/site\/wp-content\/uploads\/2026\/04\/loslopezherediaIMG_5809.jpg","datePublished":"2026-04-26T21:24:09+00:00","dateModified":"2026-04-26T21:53:52+00:00","description":"Con la organizaci\u00f3n de \"Manucho\" Costa y equipo, la sala mayor del complejo cultural se transform\u00f3 en un gran sal\u00f3n de baile. Cientos disfrutaron de una jornada que combin\u00f3 m\u00fasica en vivo, gastronom\u00eda t\u00edpica y el fervor de las danzas tradicionales.","breadcrumb":{"@id":"https:\/\/noticiasmercedinas.com\/site\/2026\/04\/26\/el-folclore-se-adueno-del-teatro-argentino-una-noche-a-puro-baile-en-la-pena-lawar-wayna\/#breadcrumb"},"inLanguage":"es","potentialAction":[{"@type":"ReadAction","target":["https:\/\/noticiasmercedinas.com\/site\/2026\/04\/26\/el-folclore-se-adueno-del-teatro-argentino-una-noche-a-puro-baile-en-la-pena-lawar-wayna\/"]}]},{"@type":"ImageObject","inLanguage":"es","@id":"https:\/\/noticiasmercedinas.com\/site\/2026\/04\/26\/el-folclore-se-adueno-del-teatro-argentino-una-noche-a-puro-baile-en-la-pena-lawar-wayna\/#primaryimage","url":"https:\/\/noticiasmercedinas.com\/site\/wp-content\/uploads\/2026\/04\/loslopezherediaIMG_5809.jpg","contentUrl":"https:\/\/noticiasmercedinas.com\/site\/wp-content\/uploads\/2026\/04\/loslopezherediaIMG_5809.jpg","width":640,"height":427},{"@type":"BreadcrumbList","@id":"https:\/\/noticiasmercedinas.com\/site\/2026\/04\/26\/el-folclore-se-adueno-del-teatro-argentino-una-noche-a-puro-baile-en-la-pena-lawar-wayna\/#breadcrumb","itemListElement":[{"@type":"ListItem","position":1,"name":"Portada","item":"https:\/\/noticiasmercedinas.com\/site\/"},{"@type":"ListItem","position":2,"name":"El folclore se adue\u00f1\u00f3 del Teatro Argentino: una noche a puro baile en la pe\u00f1a Lawar Wayna"}]},{"@type":"WebSite","@id":"https:\/\/noticiasmercedinas.com\/site\/#website","url":"https:\/\/noticiasmercedinas.com\/site\/","name":"NOTICIASMERCEDINAS.COM","description":"Mercedes, Buenos Aires, Argentina","publisher":{"@id":"https:\/\/noticiasmercedinas.com\/site\/#organization"},"potentialAction":[{"@type":"SearchAction","target":{"@type":"EntryPoint","urlTemplate":"https:\/\/noticiasmercedinas.com\/site\/?s={search_term_string}"},"query-input":{"@type":"PropertyValueSpecification","valueRequired":true,"valueName":"search_term_string"}}],"inLanguage":"es"},{"@type":"Organization","@id":"https:\/\/noticiasmercedinas.com\/site\/#organization","name":"NOTICIASMERCEDINAS.COM","url":"https:\/\/noticiasmercedinas.com\/site\/","logo":{"@type":"ImageObject","inLanguage":"es","@id":"https:\/\/noticiasmercedinas.com\/site\/#\/schema\/logo\/image\/","url":"https:\/\/noticiasmercedinas.com\/site\/wp-content\/uploads\/2020\/06\/LOGO-512.jpg","contentUrl":"https:\/\/noticiasmercedinas.com\/site\/wp-content\/uploads\/2020\/06\/LOGO-512.jpg","width":512,"height":512,"caption":"NOTICIASMERCEDINAS.COM"},"image":{"@id":"https:\/\/noticiasmercedinas.com\/site\/#\/schema\/logo\/image\/"},"sameAs":["https:\/\/www.facebook.com\/noticiasmercedinas\/","https:\/\/x.com\/notmercedinas","https:\/\/www.instagram.com\/noticiasmercedinas\/"]},{"@type":"Person","@id":"https:\/\/noticiasmercedinas.com\/site\/#\/schema\/person\/84b59c099c28ff2e8b77d4ceec5d8063","name":"NOTICIASMERCEDINAS.COM","image":{"@type":"ImageObject","inLanguage":"es","@id":"https:\/\/secure.gravatar.com\/avatar\/4dfbf16b4d17945bfb6341b2d19043457132fcf478a5ee04f42e959fd8f5df0a?s=96&d=mm&r=g","url":"https:\/\/secure.gravatar.com\/avatar\/4dfbf16b4d17945bfb6341b2d19043457132fcf478a5ee04f42e959fd8f5df0a?s=96&d=mm&r=g","contentUrl":"https:\/\/secure.gravatar.com\/avatar\/4dfbf16b4d17945bfb6341b2d19043457132fcf478a5ee04f42e959fd8f5df0a?s=96&d=mm&r=g","caption":"NOTICIASMERCEDINAS.COM"},"url":"https:\/\/noticiasmercedinas.com\/site\/author\/anonimo\/"}]}},"amp_enabled":true,"_links":{"self":[{"href":"https:\/\/noticiasmercedinas.com\/site\/wp-json\/wp\/v2\/posts\/185126","targetHints":{"allow":["GET"]}}],"collection":[{"href":"https:\/\/noticiasmercedinas.com\/site\/wp-json\/wp\/v2\/posts"}],"about":[{"href":"https:\/\/noticiasmercedinas.com\/site\/wp-json\/wp\/v2\/types\/post"}],"author":[{"embeddable":true,"href":"https:\/\/noticiasmercedinas.com\/site\/wp-json\/wp\/v2\/users\/16"}],"replies":[{"embeddable":true,"href":"https:\/\/noticiasmercedinas.com\/site\/wp-json\/wp\/v2\/comments?post=185126"}],"version-history":[{"count":2,"href":"https:\/\/noticiasmercedinas.com\/site\/wp-json\/wp\/v2\/posts\/185126\/revisions"}],"predecessor-version":[{"id":185136,"href":"https:\/\/noticiasmercedinas.com\/site\/wp-json\/wp\/v2\/posts\/185126\/revisions\/185136"}],"wp:featuredmedia":[{"embeddable":true,"href":"https:\/\/noticiasmercedinas.com\/site\/wp-json\/wp\/v2\/media\/185129"}],"wp:attachment":[{"href":"https:\/\/noticiasmercedinas.com\/site\/wp-json\/wp\/v2\/media?parent=185126"}],"wp:term":[{"taxonomy":"category","embeddable":true,"href":"https:\/\/noticiasmercedinas.com\/site\/wp-json\/wp\/v2\/categories?post=185126"},{"taxonomy":"post_tag","embeddable":true,"href":"https:\/\/noticiasmercedinas.com\/site\/wp-json\/wp\/v2\/tags?post=185126"}],"curies":[{"name":"wp","href":"https:\/\/api.w.org\/{rel}","templated":true}]}}