{"id":185131,"date":"2026-04-26T17:26:19","date_gmt":"2026-04-26T20:26:19","guid":{"rendered":"https:\/\/noticiasmercedinas.com\/site\/?p=185131"},"modified":"2026-04-26T18:29:21","modified_gmt":"2026-04-26T21:29:21","slug":"los-colores-guardan-memoria-liliana-ali-presenta-su-nueva-muestra-en-el-colegio-de-arquitectos","status":"publish","type":"post","link":"https:\/\/noticiasmercedinas.com\/site\/2026\/04\/26\/los-colores-guardan-memoria-liliana-ali-presenta-su-nueva-muestra-en-el-colegio-de-arquitectos\/","title":{"rendered":"\u201cLos colores guardan memoria\u201d: Liliana Al\u00ed presenta su nueva muestra en el Colegio de Arquitectos"},"content":{"rendered":"<p><img loading=\"lazy\" decoding=\"async\" class=\"alignnone size-full wp-image-185133\" src=\"https:\/\/noticiasmercedinas.com\/site\/wp-content\/uploads\/2026\/04\/WhatsApp-Image-2026-04-26-at-2.50.25-PM-e1777238869812.jpeg\" alt=\"\" width=\"895\" height=\"658\" srcset=\"https:\/\/noticiasmercedinas.com\/site\/wp-content\/uploads\/2026\/04\/WhatsApp-Image-2026-04-26-at-2.50.25-PM-e1777238869812.jpeg 895w, https:\/\/noticiasmercedinas.com\/site\/wp-content\/uploads\/2026\/04\/WhatsApp-Image-2026-04-26-at-2.50.25-PM-e1777238869812-300x221.jpeg 300w, https:\/\/noticiasmercedinas.com\/site\/wp-content\/uploads\/2026\/04\/WhatsApp-Image-2026-04-26-at-2.50.25-PM-e1777238869812-768x565.jpeg 768w, https:\/\/noticiasmercedinas.com\/site\/wp-content\/uploads\/2026\/04\/WhatsApp-Image-2026-04-26-at-2.50.25-PM-e1777238869812-80x60.jpeg 80w, https:\/\/noticiasmercedinas.com\/site\/wp-content\/uploads\/2026\/04\/WhatsApp-Image-2026-04-26-at-2.50.25-PM-e1777238869812-100x75.jpeg 100w, https:\/\/noticiasmercedinas.com\/site\/wp-content\/uploads\/2026\/04\/WhatsApp-Image-2026-04-26-at-2.50.25-PM-e1777238869812-640x471.jpeg 640w, https:\/\/noticiasmercedinas.com\/site\/wp-content\/uploads\/2026\/04\/WhatsApp-Image-2026-04-26-at-2.50.25-PM-e1777238869812-681x501.jpeg 681w\" sizes=\"auto, (max-width: 895px) 100vw, 895px\" \/><\/p>\n<p>El calendario cultural de la ciudad suma una nueva cita imperdible. El pr\u00f3ximo s\u00e1bado 2 de mayo, a las 20:30 horas, el Colegio de Arquitectos de la Provincia de Buenos Aires \u2013 Distrito 5 (CAPBA5) abrir\u00e1 las puertas de su Espacio de Arte EA5 para la inauguraci\u00f3n de \u201cLos colores guardan memoria\u201d, la m\u00e1s reciente producci\u00f3n de la artista Liliana Al\u00ed.<\/p>\n<p>La muestra, que se llevar\u00e1 a cabo en la sede institucional de Avenida 30 N\u00ba 564, forma parte del consolidado Ciclo de Arte que la entidad sostiene a\u00f1o tras a\u00f1o. Bajo la curadur\u00eda y coordinaci\u00f3n del Arq. Sebasti\u00e1n Bocca, el CAPBA5 busca reafirmar su rol como promotor de la cultura local, brindando un \u00e1mbito de intercambio profesional y art\u00edstico abierto a toda la comunidad.<\/p>\n<p><strong>El arte como puente emocional<\/strong><br \/>\nEn esta oportunidad, Liliana Al\u00ed propone una serie de obras donde el color se convierte en el veh\u00edculo principal para explorar vivencias que trascienden el lenguaje verbal. Seg\u00fan la propia autora, su b\u00fasqueda art\u00edstica se centra en crear piezas que generen preguntas y experiencias personales en el espectador.<\/p>\n<p>\u00abConcibo el arte para que sea abrazado, donde genere diferentes experiencias, emociones y preguntas que no encuentran lugar en las palabras. Cada cuadro es una invitaci\u00f3n a detenerse y repensar el mundo que habitamos\u00bb, expres\u00f3 Al\u00ed sobre la esencia de su exposici\u00f3n.<\/p>\n<p><strong>Informaci\u00f3n para los visitantes<\/strong><br \/>\nLa entrada al evento de inauguraci\u00f3n es libre y gratuita, permitiendo a vecinos y aficionados al arte interactuar con la artista y su obra en un marco de camarader\u00eda. Para quienes no puedan asistir al estreno del s\u00e1bado, la muestra continuar\u00e1 en exposici\u00f3n durante la primera quincena del mes.<\/p>\n<ul>\n<li>Lugar: Espacio de Arte EA5 (Av. 30 N\u00ba 564, Mercedes).<\/li>\n<li>Vigencia: Hasta el viernes 15 de mayo de 2026.<\/li>\n<li>Horarios de visita: Lunes a viernes de 9:00 a 13:00 y de 14:00 a 16:00 horas.<\/li>\n<\/ul>\n<p>Con esta iniciativa, el Colegio de Arquitectos consolida su Espacio de Arte como uno de los nodos culturales m\u00e1s activos de la regi\u00f3n, fomentando el acceso democr\u00e1tico a la producci\u00f3n est\u00e9tica de calidad.<\/p>\n<p><img loading=\"lazy\" decoding=\"async\" class=\"alignnone size-full wp-image-185132\" src=\"https:\/\/noticiasmercedinas.com\/site\/wp-content\/uploads\/2026\/04\/WhatsApp-Image-2026-04-26-at-2.50.24-PM-e1777238846896.jpeg\" alt=\"\" width=\"1055\" height=\"997\" srcset=\"https:\/\/noticiasmercedinas.com\/site\/wp-content\/uploads\/2026\/04\/WhatsApp-Image-2026-04-26-at-2.50.24-PM-e1777238846896.jpeg 1055w, https:\/\/noticiasmercedinas.com\/site\/wp-content\/uploads\/2026\/04\/WhatsApp-Image-2026-04-26-at-2.50.24-PM-e1777238846896-300x284.jpeg 300w, https:\/\/noticiasmercedinas.com\/site\/wp-content\/uploads\/2026\/04\/WhatsApp-Image-2026-04-26-at-2.50.24-PM-e1777238846896-1024x968.jpeg 1024w, https:\/\/noticiasmercedinas.com\/site\/wp-content\/uploads\/2026\/04\/WhatsApp-Image-2026-04-26-at-2.50.24-PM-e1777238846896-768x726.jpeg 768w, https:\/\/noticiasmercedinas.com\/site\/wp-content\/uploads\/2026\/04\/WhatsApp-Image-2026-04-26-at-2.50.24-PM-e1777238846896-640x605.jpeg 640w, https:\/\/noticiasmercedinas.com\/site\/wp-content\/uploads\/2026\/04\/WhatsApp-Image-2026-04-26-at-2.50.24-PM-e1777238846896-681x644.jpeg 681w\" sizes=\"auto, (max-width: 1055px) 100vw, 1055px\" \/><\/p>\n","protected":false},"excerpt":{"rendered":"<p>\u25a0 La exhibici\u00f3n se inaugurar\u00e1 el pr\u00f3ximo s\u00e1bado 2 de mayo en el Espacio de Arte EA5. Bajo la coordinaci\u00f3n del arquitecto Sebasti\u00e1n Bocca, la propuesta invita a una experiencia sensorial que busca conectar las emociones con la producci\u00f3n art\u00edstica regional.<\/p>\n","protected":false},"author":16,"featured_media":185133,"comment_status":"closed","ping_status":"closed","sticky":false,"template":"","format":"standard","meta":{"footnotes":""},"categories":[4],"tags":[190,249,2267,16811],"class_list":["post-185131","post","type-post","status-publish","format-standard","has-post-thumbnail","hentry","category-cultura","tag-arte","tag-capba-5","tag-exposicion","tag-liliana-ali"],"yoast_head":"<!-- This site is optimized with the Yoast SEO plugin v27.4 - https:\/\/yoast.com\/product\/yoast-seo-wordpress\/ -->\n<title>\u201cLos colores guardan memoria\u201d: Liliana Al\u00ed presenta su nueva muestra en el Colegio de Arquitectos<\/title>\n<meta name=\"description\" content=\"La exhibici\u00f3n se inaugurar\u00e1 el pr\u00f3ximo s\u00e1bado 2 de mayo en el Espacio de Arte EA5. Bajo la coordinaci\u00f3n del arquitecto Sebasti\u00e1n Bocca, la propuesta invita a una experiencia sensorial que busca conectar las emociones con la producci\u00f3n art\u00edstica regional.\" \/>\n<meta name=\"robots\" content=\"index, follow, max-snippet:-1, max-image-preview:large, max-video-preview:-1\" \/>\n<link rel=\"canonical\" href=\"https:\/\/noticiasmercedinas.com\/site\/2026\/04\/26\/los-colores-guardan-memoria-liliana-ali-presenta-su-nueva-muestra-en-el-colegio-de-arquitectos\/\" \/>\n<meta property=\"og:locale\" content=\"es_ES\" \/>\n<meta property=\"og:type\" content=\"article\" \/>\n<meta property=\"og:title\" content=\"\u201cLos colores guardan memoria\u201d: Liliana Al\u00ed presenta su nueva muestra en el Colegio de Arquitectos\" \/>\n<meta property=\"og:description\" content=\"La exhibici\u00f3n se inaugurar\u00e1 el pr\u00f3ximo s\u00e1bado 2 de mayo en el Espacio de Arte EA5. Bajo la coordinaci\u00f3n del arquitecto Sebasti\u00e1n Bocca, la propuesta invita a una experiencia sensorial que busca conectar las emociones con la producci\u00f3n art\u00edstica regional.\" \/>\n<meta property=\"og:url\" content=\"https:\/\/noticiasmercedinas.com\/site\/2026\/04\/26\/los-colores-guardan-memoria-liliana-ali-presenta-su-nueva-muestra-en-el-colegio-de-arquitectos\/\" \/>\n<meta property=\"og:site_name\" content=\"NOTICIASMERCEDINAS.COM\" \/>\n<meta property=\"article:publisher\" content=\"https:\/\/www.facebook.com\/noticiasmercedinas\/\" \/>\n<meta property=\"article:published_time\" content=\"2026-04-26T20:26:19+00:00\" \/>\n<meta property=\"article:modified_time\" content=\"2026-04-26T21:29:21+00:00\" \/>\n<meta property=\"og:image\" content=\"https:\/\/noticiasmercedinas.com\/site\/wp-content\/uploads\/2026\/04\/WhatsApp-Image-2026-04-26-at-2.50.25-PM-e1777238869812.jpeg\" \/>\n\t<meta property=\"og:image:width\" content=\"895\" \/>\n\t<meta property=\"og:image:height\" content=\"658\" \/>\n\t<meta property=\"og:image:type\" content=\"image\/jpeg\" \/>\n<meta name=\"author\" content=\"NOTICIASMERCEDINAS.COM\" \/>\n<meta name=\"twitter:card\" content=\"summary_large_image\" \/>\n<meta name=\"twitter:creator\" content=\"@notmercedinas\" \/>\n<meta name=\"twitter:site\" content=\"@notmercedinas\" \/>\n<meta name=\"twitter:label1\" content=\"Escrito por\" \/>\n\t<meta name=\"twitter:data1\" content=\"NOTICIASMERCEDINAS.COM\" \/>\n\t<meta name=\"twitter:label2\" content=\"Tiempo de lectura\" \/>\n\t<meta name=\"twitter:data2\" content=\"3 minutos\" \/>\n<script type=\"application\/ld+json\" class=\"yoast-schema-graph\">{\"@context\":\"https:\\\/\\\/schema.org\",\"@graph\":[{\"@type\":\"Article\",\"@id\":\"https:\\\/\\\/noticiasmercedinas.com\\\/site\\\/2026\\\/04\\\/26\\\/los-colores-guardan-memoria-liliana-ali-presenta-su-nueva-muestra-en-el-colegio-de-arquitectos\\\/#article\",\"isPartOf\":{\"@id\":\"https:\\\/\\\/noticiasmercedinas.com\\\/site\\\/2026\\\/04\\\/26\\\/los-colores-guardan-memoria-liliana-ali-presenta-su-nueva-muestra-en-el-colegio-de-arquitectos\\\/\"},\"author\":{\"name\":\"NOTICIASMERCEDINAS.COM\",\"@id\":\"https:\\\/\\\/noticiasmercedinas.com\\\/site\\\/#\\\/schema\\\/person\\\/84b59c099c28ff2e8b77d4ceec5d8063\"},\"headline\":\"\u201cLos colores guardan memoria\u201d: Liliana Al\u00ed presenta su nueva muestra en el Colegio de Arquitectos\",\"datePublished\":\"2026-04-26T20:26:19+00:00\",\"dateModified\":\"2026-04-26T21:29:21+00:00\",\"mainEntityOfPage\":{\"@id\":\"https:\\\/\\\/noticiasmercedinas.com\\\/site\\\/2026\\\/04\\\/26\\\/los-colores-guardan-memoria-liliana-ali-presenta-su-nueva-muestra-en-el-colegio-de-arquitectos\\\/\"},\"wordCount\":369,\"publisher\":{\"@id\":\"https:\\\/\\\/noticiasmercedinas.com\\\/site\\\/#organization\"},\"image\":{\"@id\":\"https:\\\/\\\/noticiasmercedinas.com\\\/site\\\/2026\\\/04\\\/26\\\/los-colores-guardan-memoria-liliana-ali-presenta-su-nueva-muestra-en-el-colegio-de-arquitectos\\\/#primaryimage\"},\"thumbnailUrl\":\"https:\\\/\\\/noticiasmercedinas.com\\\/site\\\/wp-content\\\/uploads\\\/2026\\\/04\\\/WhatsApp-Image-2026-04-26-at-2.50.25-PM-e1777238869812.jpeg\",\"keywords\":[\"arte\",\"capba 5\",\"exposicion\",\"Liliana Al\u00ed\"],\"articleSection\":[\"Cultura\"],\"inLanguage\":\"es\"},{\"@type\":\"WebPage\",\"@id\":\"https:\\\/\\\/noticiasmercedinas.com\\\/site\\\/2026\\\/04\\\/26\\\/los-colores-guardan-memoria-liliana-ali-presenta-su-nueva-muestra-en-el-colegio-de-arquitectos\\\/\",\"url\":\"https:\\\/\\\/noticiasmercedinas.com\\\/site\\\/2026\\\/04\\\/26\\\/los-colores-guardan-memoria-liliana-ali-presenta-su-nueva-muestra-en-el-colegio-de-arquitectos\\\/\",\"name\":\"\u201cLos colores guardan memoria\u201d: Liliana Al\u00ed presenta su nueva muestra en el Colegio de Arquitectos\",\"isPartOf\":{\"@id\":\"https:\\\/\\\/noticiasmercedinas.com\\\/site\\\/#website\"},\"primaryImageOfPage\":{\"@id\":\"https:\\\/\\\/noticiasmercedinas.com\\\/site\\\/2026\\\/04\\\/26\\\/los-colores-guardan-memoria-liliana-ali-presenta-su-nueva-muestra-en-el-colegio-de-arquitectos\\\/#primaryimage\"},\"image\":{\"@id\":\"https:\\\/\\\/noticiasmercedinas.com\\\/site\\\/2026\\\/04\\\/26\\\/los-colores-guardan-memoria-liliana-ali-presenta-su-nueva-muestra-en-el-colegio-de-arquitectos\\\/#primaryimage\"},\"thumbnailUrl\":\"https:\\\/\\\/noticiasmercedinas.com\\\/site\\\/wp-content\\\/uploads\\\/2026\\\/04\\\/WhatsApp-Image-2026-04-26-at-2.50.25-PM-e1777238869812.jpeg\",\"datePublished\":\"2026-04-26T20:26:19+00:00\",\"dateModified\":\"2026-04-26T21:29:21+00:00\",\"description\":\"La exhibici\u00f3n se inaugurar\u00e1 el pr\u00f3ximo s\u00e1bado 2 de mayo en el Espacio de Arte EA5. Bajo la coordinaci\u00f3n del arquitecto Sebasti\u00e1n Bocca, la propuesta invita a una experiencia sensorial que busca conectar las emociones con la producci\u00f3n art\u00edstica regional.\",\"breadcrumb\":{\"@id\":\"https:\\\/\\\/noticiasmercedinas.com\\\/site\\\/2026\\\/04\\\/26\\\/los-colores-guardan-memoria-liliana-ali-presenta-su-nueva-muestra-en-el-colegio-de-arquitectos\\\/#breadcrumb\"},\"inLanguage\":\"es\",\"potentialAction\":[{\"@type\":\"ReadAction\",\"target\":[\"https:\\\/\\\/noticiasmercedinas.com\\\/site\\\/2026\\\/04\\\/26\\\/los-colores-guardan-memoria-liliana-ali-presenta-su-nueva-muestra-en-el-colegio-de-arquitectos\\\/\"]}]},{\"@type\":\"ImageObject\",\"inLanguage\":\"es\",\"@id\":\"https:\\\/\\\/noticiasmercedinas.com\\\/site\\\/2026\\\/04\\\/26\\\/los-colores-guardan-memoria-liliana-ali-presenta-su-nueva-muestra-en-el-colegio-de-arquitectos\\\/#primaryimage\",\"url\":\"https:\\\/\\\/noticiasmercedinas.com\\\/site\\\/wp-content\\\/uploads\\\/2026\\\/04\\\/WhatsApp-Image-2026-04-26-at-2.50.25-PM-e1777238869812.jpeg\",\"contentUrl\":\"https:\\\/\\\/noticiasmercedinas.com\\\/site\\\/wp-content\\\/uploads\\\/2026\\\/04\\\/WhatsApp-Image-2026-04-26-at-2.50.25-PM-e1777238869812.jpeg\",\"width\":895,\"height\":658},{\"@type\":\"BreadcrumbList\",\"@id\":\"https:\\\/\\\/noticiasmercedinas.com\\\/site\\\/2026\\\/04\\\/26\\\/los-colores-guardan-memoria-liliana-ali-presenta-su-nueva-muestra-en-el-colegio-de-arquitectos\\\/#breadcrumb\",\"itemListElement\":[{\"@type\":\"ListItem\",\"position\":1,\"name\":\"Portada\",\"item\":\"https:\\\/\\\/noticiasmercedinas.com\\\/site\\\/\"},{\"@type\":\"ListItem\",\"position\":2,\"name\":\"\u201cLos colores guardan memoria\u201d: Liliana Al\u00ed presenta su nueva muestra en el Colegio de Arquitectos\"}]},{\"@type\":\"WebSite\",\"@id\":\"https:\\\/\\\/noticiasmercedinas.com\\\/site\\\/#website\",\"url\":\"https:\\\/\\\/noticiasmercedinas.com\\\/site\\\/\",\"name\":\"NOTICIASMERCEDINAS.COM\",\"description\":\"Mercedes, Buenos Aires, Argentina\",\"publisher\":{\"@id\":\"https:\\\/\\\/noticiasmercedinas.com\\\/site\\\/#organization\"},\"potentialAction\":[{\"@type\":\"SearchAction\",\"target\":{\"@type\":\"EntryPoint\",\"urlTemplate\":\"https:\\\/\\\/noticiasmercedinas.com\\\/site\\\/?s={search_term_string}\"},\"query-input\":{\"@type\":\"PropertyValueSpecification\",\"valueRequired\":true,\"valueName\":\"search_term_string\"}}],\"inLanguage\":\"es\"},{\"@type\":\"Organization\",\"@id\":\"https:\\\/\\\/noticiasmercedinas.com\\\/site\\\/#organization\",\"name\":\"NOTICIASMERCEDINAS.COM\",\"url\":\"https:\\\/\\\/noticiasmercedinas.com\\\/site\\\/\",\"logo\":{\"@type\":\"ImageObject\",\"inLanguage\":\"es\",\"@id\":\"https:\\\/\\\/noticiasmercedinas.com\\\/site\\\/#\\\/schema\\\/logo\\\/image\\\/\",\"url\":\"https:\\\/\\\/noticiasmercedinas.com\\\/site\\\/wp-content\\\/uploads\\\/2020\\\/06\\\/LOGO-512.jpg\",\"contentUrl\":\"https:\\\/\\\/noticiasmercedinas.com\\\/site\\\/wp-content\\\/uploads\\\/2020\\\/06\\\/LOGO-512.jpg\",\"width\":512,\"height\":512,\"caption\":\"NOTICIASMERCEDINAS.COM\"},\"image\":{\"@id\":\"https:\\\/\\\/noticiasmercedinas.com\\\/site\\\/#\\\/schema\\\/logo\\\/image\\\/\"},\"sameAs\":[\"https:\\\/\\\/www.facebook.com\\\/noticiasmercedinas\\\/\",\"https:\\\/\\\/x.com\\\/notmercedinas\",\"https:\\\/\\\/www.instagram.com\\\/noticiasmercedinas\\\/\"]},{\"@type\":\"Person\",\"@id\":\"https:\\\/\\\/noticiasmercedinas.com\\\/site\\\/#\\\/schema\\\/person\\\/84b59c099c28ff2e8b77d4ceec5d8063\",\"name\":\"NOTICIASMERCEDINAS.COM\",\"image\":{\"@type\":\"ImageObject\",\"inLanguage\":\"es\",\"@id\":\"https:\\\/\\\/secure.gravatar.com\\\/avatar\\\/4dfbf16b4d17945bfb6341b2d19043457132fcf478a5ee04f42e959fd8f5df0a?s=96&d=mm&r=g\",\"url\":\"https:\\\/\\\/secure.gravatar.com\\\/avatar\\\/4dfbf16b4d17945bfb6341b2d19043457132fcf478a5ee04f42e959fd8f5df0a?s=96&d=mm&r=g\",\"contentUrl\":\"https:\\\/\\\/secure.gravatar.com\\\/avatar\\\/4dfbf16b4d17945bfb6341b2d19043457132fcf478a5ee04f42e959fd8f5df0a?s=96&d=mm&r=g\",\"caption\":\"NOTICIASMERCEDINAS.COM\"},\"url\":\"https:\\\/\\\/noticiasmercedinas.com\\\/site\\\/author\\\/anonimo\\\/\"}]}<\/script>\n<!-- \/ Yoast SEO plugin. -->","yoast_head_json":{"title":"\u201cLos colores guardan memoria\u201d: Liliana Al\u00ed presenta su nueva muestra en el Colegio de Arquitectos","description":"La exhibici\u00f3n se inaugurar\u00e1 el pr\u00f3ximo s\u00e1bado 2 de mayo en el Espacio de Arte EA5. Bajo la coordinaci\u00f3n del arquitecto Sebasti\u00e1n Bocca, la propuesta invita a una experiencia sensorial que busca conectar las emociones con la producci\u00f3n art\u00edstica regional.","robots":{"index":"index","follow":"follow","max-snippet":"max-snippet:-1","max-image-preview":"max-image-preview:large","max-video-preview":"max-video-preview:-1"},"canonical":"https:\/\/noticiasmercedinas.com\/site\/2026\/04\/26\/los-colores-guardan-memoria-liliana-ali-presenta-su-nueva-muestra-en-el-colegio-de-arquitectos\/","og_locale":"es_ES","og_type":"article","og_title":"\u201cLos colores guardan memoria\u201d: Liliana Al\u00ed presenta su nueva muestra en el Colegio de Arquitectos","og_description":"La exhibici\u00f3n se inaugurar\u00e1 el pr\u00f3ximo s\u00e1bado 2 de mayo en el Espacio de Arte EA5. Bajo la coordinaci\u00f3n del arquitecto Sebasti\u00e1n Bocca, la propuesta invita a una experiencia sensorial que busca conectar las emociones con la producci\u00f3n art\u00edstica regional.","og_url":"https:\/\/noticiasmercedinas.com\/site\/2026\/04\/26\/los-colores-guardan-memoria-liliana-ali-presenta-su-nueva-muestra-en-el-colegio-de-arquitectos\/","og_site_name":"NOTICIASMERCEDINAS.COM","article_publisher":"https:\/\/www.facebook.com\/noticiasmercedinas\/","article_published_time":"2026-04-26T20:26:19+00:00","article_modified_time":"2026-04-26T21:29:21+00:00","og_image":[{"width":895,"height":658,"url":"https:\/\/noticiasmercedinas.com\/site\/wp-content\/uploads\/2026\/04\/WhatsApp-Image-2026-04-26-at-2.50.25-PM-e1777238869812.jpeg","type":"image\/jpeg"}],"author":"NOTICIASMERCEDINAS.COM","twitter_card":"summary_large_image","twitter_creator":"@notmercedinas","twitter_site":"@notmercedinas","twitter_misc":{"Escrito por":"NOTICIASMERCEDINAS.COM","Tiempo de lectura":"3 minutos"},"schema":{"@context":"https:\/\/schema.org","@graph":[{"@type":"Article","@id":"https:\/\/noticiasmercedinas.com\/site\/2026\/04\/26\/los-colores-guardan-memoria-liliana-ali-presenta-su-nueva-muestra-en-el-colegio-de-arquitectos\/#article","isPartOf":{"@id":"https:\/\/noticiasmercedinas.com\/site\/2026\/04\/26\/los-colores-guardan-memoria-liliana-ali-presenta-su-nueva-muestra-en-el-colegio-de-arquitectos\/"},"author":{"name":"NOTICIASMERCEDINAS.COM","@id":"https:\/\/noticiasmercedinas.com\/site\/#\/schema\/person\/84b59c099c28ff2e8b77d4ceec5d8063"},"headline":"\u201cLos colores guardan memoria\u201d: Liliana Al\u00ed presenta su nueva muestra en el Colegio de Arquitectos","datePublished":"2026-04-26T20:26:19+00:00","dateModified":"2026-04-26T21:29:21+00:00","mainEntityOfPage":{"@id":"https:\/\/noticiasmercedinas.com\/site\/2026\/04\/26\/los-colores-guardan-memoria-liliana-ali-presenta-su-nueva-muestra-en-el-colegio-de-arquitectos\/"},"wordCount":369,"publisher":{"@id":"https:\/\/noticiasmercedinas.com\/site\/#organization"},"image":{"@id":"https:\/\/noticiasmercedinas.com\/site\/2026\/04\/26\/los-colores-guardan-memoria-liliana-ali-presenta-su-nueva-muestra-en-el-colegio-de-arquitectos\/#primaryimage"},"thumbnailUrl":"https:\/\/noticiasmercedinas.com\/site\/wp-content\/uploads\/2026\/04\/WhatsApp-Image-2026-04-26-at-2.50.25-PM-e1777238869812.jpeg","keywords":["arte","capba 5","exposicion","Liliana Al\u00ed"],"articleSection":["Cultura"],"inLanguage":"es"},{"@type":"WebPage","@id":"https:\/\/noticiasmercedinas.com\/site\/2026\/04\/26\/los-colores-guardan-memoria-liliana-ali-presenta-su-nueva-muestra-en-el-colegio-de-arquitectos\/","url":"https:\/\/noticiasmercedinas.com\/site\/2026\/04\/26\/los-colores-guardan-memoria-liliana-ali-presenta-su-nueva-muestra-en-el-colegio-de-arquitectos\/","name":"\u201cLos colores guardan memoria\u201d: Liliana Al\u00ed presenta su nueva muestra en el Colegio de Arquitectos","isPartOf":{"@id":"https:\/\/noticiasmercedinas.com\/site\/#website"},"primaryImageOfPage":{"@id":"https:\/\/noticiasmercedinas.com\/site\/2026\/04\/26\/los-colores-guardan-memoria-liliana-ali-presenta-su-nueva-muestra-en-el-colegio-de-arquitectos\/#primaryimage"},"image":{"@id":"https:\/\/noticiasmercedinas.com\/site\/2026\/04\/26\/los-colores-guardan-memoria-liliana-ali-presenta-su-nueva-muestra-en-el-colegio-de-arquitectos\/#primaryimage"},"thumbnailUrl":"https:\/\/noticiasmercedinas.com\/site\/wp-content\/uploads\/2026\/04\/WhatsApp-Image-2026-04-26-at-2.50.25-PM-e1777238869812.jpeg","datePublished":"2026-04-26T20:26:19+00:00","dateModified":"2026-04-26T21:29:21+00:00","description":"La exhibici\u00f3n se inaugurar\u00e1 el pr\u00f3ximo s\u00e1bado 2 de mayo en el Espacio de Arte EA5. Bajo la coordinaci\u00f3n del arquitecto Sebasti\u00e1n Bocca, la propuesta invita a una experiencia sensorial que busca conectar las emociones con la producci\u00f3n art\u00edstica regional.","breadcrumb":{"@id":"https:\/\/noticiasmercedinas.com\/site\/2026\/04\/26\/los-colores-guardan-memoria-liliana-ali-presenta-su-nueva-muestra-en-el-colegio-de-arquitectos\/#breadcrumb"},"inLanguage":"es","potentialAction":[{"@type":"ReadAction","target":["https:\/\/noticiasmercedinas.com\/site\/2026\/04\/26\/los-colores-guardan-memoria-liliana-ali-presenta-su-nueva-muestra-en-el-colegio-de-arquitectos\/"]}]},{"@type":"ImageObject","inLanguage":"es","@id":"https:\/\/noticiasmercedinas.com\/site\/2026\/04\/26\/los-colores-guardan-memoria-liliana-ali-presenta-su-nueva-muestra-en-el-colegio-de-arquitectos\/#primaryimage","url":"https:\/\/noticiasmercedinas.com\/site\/wp-content\/uploads\/2026\/04\/WhatsApp-Image-2026-04-26-at-2.50.25-PM-e1777238869812.jpeg","contentUrl":"https:\/\/noticiasmercedinas.com\/site\/wp-content\/uploads\/2026\/04\/WhatsApp-Image-2026-04-26-at-2.50.25-PM-e1777238869812.jpeg","width":895,"height":658},{"@type":"BreadcrumbList","@id":"https:\/\/noticiasmercedinas.com\/site\/2026\/04\/26\/los-colores-guardan-memoria-liliana-ali-presenta-su-nueva-muestra-en-el-colegio-de-arquitectos\/#breadcrumb","itemListElement":[{"@type":"ListItem","position":1,"name":"Portada","item":"https:\/\/noticiasmercedinas.com\/site\/"},{"@type":"ListItem","position":2,"name":"\u201cLos colores guardan memoria\u201d: Liliana Al\u00ed presenta su nueva muestra en el Colegio de Arquitectos"}]},{"@type":"WebSite","@id":"https:\/\/noticiasmercedinas.com\/site\/#website","url":"https:\/\/noticiasmercedinas.com\/site\/","name":"NOTICIASMERCEDINAS.COM","description":"Mercedes, Buenos Aires, Argentina","publisher":{"@id":"https:\/\/noticiasmercedinas.com\/site\/#organization"},"potentialAction":[{"@type":"SearchAction","target":{"@type":"EntryPoint","urlTemplate":"https:\/\/noticiasmercedinas.com\/site\/?s={search_term_string}"},"query-input":{"@type":"PropertyValueSpecification","valueRequired":true,"valueName":"search_term_string"}}],"inLanguage":"es"},{"@type":"Organization","@id":"https:\/\/noticiasmercedinas.com\/site\/#organization","name":"NOTICIASMERCEDINAS.COM","url":"https:\/\/noticiasmercedinas.com\/site\/","logo":{"@type":"ImageObject","inLanguage":"es","@id":"https:\/\/noticiasmercedinas.com\/site\/#\/schema\/logo\/image\/","url":"https:\/\/noticiasmercedinas.com\/site\/wp-content\/uploads\/2020\/06\/LOGO-512.jpg","contentUrl":"https:\/\/noticiasmercedinas.com\/site\/wp-content\/uploads\/2020\/06\/LOGO-512.jpg","width":512,"height":512,"caption":"NOTICIASMERCEDINAS.COM"},"image":{"@id":"https:\/\/noticiasmercedinas.com\/site\/#\/schema\/logo\/image\/"},"sameAs":["https:\/\/www.facebook.com\/noticiasmercedinas\/","https:\/\/x.com\/notmercedinas","https:\/\/www.instagram.com\/noticiasmercedinas\/"]},{"@type":"Person","@id":"https:\/\/noticiasmercedinas.com\/site\/#\/schema\/person\/84b59c099c28ff2e8b77d4ceec5d8063","name":"NOTICIASMERCEDINAS.COM","image":{"@type":"ImageObject","inLanguage":"es","@id":"https:\/\/secure.gravatar.com\/avatar\/4dfbf16b4d17945bfb6341b2d19043457132fcf478a5ee04f42e959fd8f5df0a?s=96&d=mm&r=g","url":"https:\/\/secure.gravatar.com\/avatar\/4dfbf16b4d17945bfb6341b2d19043457132fcf478a5ee04f42e959fd8f5df0a?s=96&d=mm&r=g","contentUrl":"https:\/\/secure.gravatar.com\/avatar\/4dfbf16b4d17945bfb6341b2d19043457132fcf478a5ee04f42e959fd8f5df0a?s=96&d=mm&r=g","caption":"NOTICIASMERCEDINAS.COM"},"url":"https:\/\/noticiasmercedinas.com\/site\/author\/anonimo\/"}]}},"amp_enabled":true,"_links":{"self":[{"href":"https:\/\/noticiasmercedinas.com\/site\/wp-json\/wp\/v2\/posts\/185131","targetHints":{"allow":["GET"]}}],"collection":[{"href":"https:\/\/noticiasmercedinas.com\/site\/wp-json\/wp\/v2\/posts"}],"about":[{"href":"https:\/\/noticiasmercedinas.com\/site\/wp-json\/wp\/v2\/types\/post"}],"author":[{"embeddable":true,"href":"https:\/\/noticiasmercedinas.com\/site\/wp-json\/wp\/v2\/users\/16"}],"replies":[{"embeddable":true,"href":"https:\/\/noticiasmercedinas.com\/site\/wp-json\/wp\/v2\/comments?post=185131"}],"version-history":[{"count":1,"href":"https:\/\/noticiasmercedinas.com\/site\/wp-json\/wp\/v2\/posts\/185131\/revisions"}],"predecessor-version":[{"id":185134,"href":"https:\/\/noticiasmercedinas.com\/site\/wp-json\/wp\/v2\/posts\/185131\/revisions\/185134"}],"wp:featuredmedia":[{"embeddable":true,"href":"https:\/\/noticiasmercedinas.com\/site\/wp-json\/wp\/v2\/media\/185133"}],"wp:attachment":[{"href":"https:\/\/noticiasmercedinas.com\/site\/wp-json\/wp\/v2\/media?parent=185131"}],"wp:term":[{"taxonomy":"category","embeddable":true,"href":"https:\/\/noticiasmercedinas.com\/site\/wp-json\/wp\/v2\/categories?post=185131"},{"taxonomy":"post_tag","embeddable":true,"href":"https:\/\/noticiasmercedinas.com\/site\/wp-json\/wp\/v2\/tags?post=185131"}],"curies":[{"name":"wp","href":"https:\/\/api.w.org\/{rel}","templated":true}]}}