{"id":185137,"date":"2026-04-26T20:25:25","date_gmt":"2026-04-26T23:25:25","guid":{"rendered":"https:\/\/noticiasmercedinas.com\/site\/?p=185137"},"modified":"2026-04-26T20:25:25","modified_gmt":"2026-04-26T23:25:25","slug":"vecinos-del-san-justo-denuncian-problemas-sanitarios-e-inseguridad-ante-referentes-politicos","status":"publish","type":"post","link":"https:\/\/noticiasmercedinas.com\/site\/2026\/04\/26\/vecinos-del-san-justo-denuncian-problemas-sanitarios-e-inseguridad-ante-referentes-politicos\/","title":{"rendered":"Vecinos del San Justo denuncian problemas sanitarios e inseguridad ante referentes pol\u00edticos"},"content":{"rendered":"<p><img loading=\"lazy\" decoding=\"async\" class=\"alignnone size-full wp-image-185138\" src=\"https:\/\/noticiasmercedinas.com\/site\/wp-content\/uploads\/2026\/04\/WhatsApp-Image-2026-04-26-at-7.19.26-PM.jpeg\" alt=\"\" width=\"1600\" height=\"1200\" srcset=\"https:\/\/noticiasmercedinas.com\/site\/wp-content\/uploads\/2026\/04\/WhatsApp-Image-2026-04-26-at-7.19.26-PM.jpeg 1600w, https:\/\/noticiasmercedinas.com\/site\/wp-content\/uploads\/2026\/04\/WhatsApp-Image-2026-04-26-at-7.19.26-PM-300x225.jpeg 300w, https:\/\/noticiasmercedinas.com\/site\/wp-content\/uploads\/2026\/04\/WhatsApp-Image-2026-04-26-at-7.19.26-PM-1024x768.jpeg 1024w, https:\/\/noticiasmercedinas.com\/site\/wp-content\/uploads\/2026\/04\/WhatsApp-Image-2026-04-26-at-7.19.26-PM-768x576.jpeg 768w, https:\/\/noticiasmercedinas.com\/site\/wp-content\/uploads\/2026\/04\/WhatsApp-Image-2026-04-26-at-7.19.26-PM-1536x1152.jpeg 1536w, https:\/\/noticiasmercedinas.com\/site\/wp-content\/uploads\/2026\/04\/WhatsApp-Image-2026-04-26-at-7.19.26-PM-80x60.jpeg 80w, https:\/\/noticiasmercedinas.com\/site\/wp-content\/uploads\/2026\/04\/WhatsApp-Image-2026-04-26-at-7.19.26-PM-160x120.jpeg 160w, https:\/\/noticiasmercedinas.com\/site\/wp-content\/uploads\/2026\/04\/WhatsApp-Image-2026-04-26-at-7.19.26-PM-100x75.jpeg 100w, https:\/\/noticiasmercedinas.com\/site\/wp-content\/uploads\/2026\/04\/WhatsApp-Image-2026-04-26-at-7.19.26-PM-200x150.jpeg 200w, https:\/\/noticiasmercedinas.com\/site\/wp-content\/uploads\/2026\/04\/WhatsApp-Image-2026-04-26-at-7.19.26-PM-180x135.jpeg 180w, https:\/\/noticiasmercedinas.com\/site\/wp-content\/uploads\/2026\/04\/WhatsApp-Image-2026-04-26-at-7.19.26-PM-360x270.jpeg 360w, https:\/\/noticiasmercedinas.com\/site\/wp-content\/uploads\/2026\/04\/WhatsApp-Image-2026-04-26-at-7.19.26-PM-238x178.jpeg 238w, https:\/\/noticiasmercedinas.com\/site\/wp-content\/uploads\/2026\/04\/WhatsApp-Image-2026-04-26-at-7.19.26-PM-476x356.jpeg 476w, https:\/\/noticiasmercedinas.com\/site\/wp-content\/uploads\/2026\/04\/WhatsApp-Image-2026-04-26-at-7.19.26-PM-640x480.jpeg 640w, https:\/\/noticiasmercedinas.com\/site\/wp-content\/uploads\/2026\/04\/WhatsApp-Image-2026-04-26-at-7.19.26-PM-1280x960.jpeg 1280w, https:\/\/noticiasmercedinas.com\/site\/wp-content\/uploads\/2026\/04\/WhatsApp-Image-2026-04-26-at-7.19.26-PM-681x511.jpeg 681w, https:\/\/noticiasmercedinas.com\/site\/wp-content\/uploads\/2026\/04\/WhatsApp-Image-2026-04-26-at-7.19.26-PM-1362x1022.jpeg 1362w\" sizes=\"auto, (max-width: 1600px) 100vw, 1600px\" \/><\/p>\n<p>El deterioro de los servicios b\u00e1sicos y la preocupaci\u00f3n por la seguridad ciudadana marcaron el eje central de la recorrida realizada este s\u00e1bado por la agrupaci\u00f3n \u00abVecinos por Mercedes\u00bb en el Barrio San Justo.<\/p>\n<p>Durante el relevamiento, encabezado por la concejala <strong>Romanela Vautretto<\/strong>, los residentes manifestaron un malestar creciente ante lo que consideran una situaci\u00f3n de emergencia sanitaria y abandono de infraestructura.<\/p>\n<p>La actividad forma parte de un programa de cercan\u00eda territorial que el espacio pol\u00edtico desarrolla cada s\u00e1bado. \u00abNuestro objetivo es conocer la realidad de cada mercedino en su territorio para dar visibilidad a reclamos que, de otro modo, no son escuchados\u00bb, explicaron desde el bloque opositor.<\/p>\n<blockquote><p>\u00abNuestro objetivo es conocer la realidad de cada mercedino en su territorio para dar visibilidad a reclamos que, de otro modo, no son escuchados\u00bb<\/p><\/blockquote>\n<p><strong>Emergencia sanitaria: cloacas y zanjeo<\/strong><br \/>\nEl reclamo m\u00e1s cr\u00edtico de los vecinos se centr\u00f3 en el colapso del sistema cloacal. Seg\u00fan los testimonios recogidos, los desbordes son constantes, generando olores nauseabundos y un foco de riesgo epidemiol\u00f3gico para las familias. A esta problem\u00e1tica se le suma la falta de mantenimiento en las zanjas, cuya obstrucci\u00f3n impide el correcto drenaje del agua y agrava la situaci\u00f3n ambiental del sector.<\/p>\n<p>\u00abEl contacto directo nos permite trasladar estas inquietudes al \u00e1mbito legislativo para buscar soluciones concretas a problemas que afectan el d\u00eda a d\u00eda\u00bb, afirm\u00f3 Vautretto tras la recorrida.<\/p>\n<p><strong>Inseguridad y convivencia ciudadana<\/strong><br \/>\nM\u00e1s all\u00e1 de las deficiencias de infraestructura, los habitantes de San Justo reportaron una degradaci\u00f3n en la convivencia barrial.<\/p>\n<p>Se\u00f1alaron con preocupaci\u00f3n el consumo de sustancias, con incremento de alcohol y drogas en la v\u00eda p\u00fablica; y la inseguridad, con temor entre los transe\u00fantes por disturbios generados por grupos de j\u00f3venes en espacios comunes.<\/p>\n<p><strong>Presencia en puntos estrat\u00e9gicos<\/strong><br \/>\nDe manera simult\u00e1nea, el concejal y referente de la fuerza, <strong>Bernardo Zubeld\u00eda<\/strong>, encabez\u00f3 una jornada de contacto directo en la puerta de un supermercado barrial. El edil y m\u00e9dico veterinario destac\u00f3 la importancia del \u00abpuesto m\u00f3vil\u00bb como herramienta de intercambio de opiniones con la ciudadan\u00eda.<\/p>\n<p>\u00abLa idea es encontrarnos siempre cara a cara, que nos conozcamos y podamos dialogar. Por eso todos los s\u00e1bados vamos rotando las locaciones\u00bb, se\u00f1al\u00f3 Zubeld\u00eda, reforzando la estrategia de la agrupaci\u00f3n de mantener una presencia constante en la v\u00eda p\u00fablica para recepcionar las demandas de los diversos sectores de Mercedes.<\/p>\n<p><img loading=\"lazy\" decoding=\"async\" class=\"alignnone size-full wp-image-185139\" src=\"https:\/\/noticiasmercedinas.com\/site\/wp-content\/uploads\/2026\/04\/WhatsApp-Image-2026-04-25-at-2.07.12-PM.jpeg\" alt=\"\" width=\"1200\" height=\"1600\" srcset=\"https:\/\/noticiasmercedinas.com\/site\/wp-content\/uploads\/2026\/04\/WhatsApp-Image-2026-04-25-at-2.07.12-PM.jpeg 1200w, https:\/\/noticiasmercedinas.com\/site\/wp-content\/uploads\/2026\/04\/WhatsApp-Image-2026-04-25-at-2.07.12-PM-225x300.jpeg 225w, https:\/\/noticiasmercedinas.com\/site\/wp-content\/uploads\/2026\/04\/WhatsApp-Image-2026-04-25-at-2.07.12-PM-768x1024.jpeg 768w, https:\/\/noticiasmercedinas.com\/site\/wp-content\/uploads\/2026\/04\/WhatsApp-Image-2026-04-25-at-2.07.12-PM-1152x1536.jpeg 1152w, https:\/\/noticiasmercedinas.com\/site\/wp-content\/uploads\/2026\/04\/WhatsApp-Image-2026-04-25-at-2.07.12-PM-640x853.jpeg 640w, https:\/\/noticiasmercedinas.com\/site\/wp-content\/uploads\/2026\/04\/WhatsApp-Image-2026-04-25-at-2.07.12-PM-681x908.jpeg 681w\" sizes=\"auto, (max-width: 1200px) 100vw, 1200px\" \/><\/p>\n","protected":false},"excerpt":{"rendered":"<p>\u25a0 En una nueva jornada de \u00abescucha barrial\u00bb, la agrupaci\u00f3n Vecinos por Mercedes relev\u00f3 reclamos por desbordes cloacales, falta de infraestructura y un incremento en los disturbios en la v\u00eda p\u00fablica.<\/p>\n","protected":false},"author":16,"featured_media":185138,"comment_status":"closed","ping_status":"closed","sticky":false,"template":"","format":"standard","meta":{"footnotes":""},"categories":[16],"tags":[4139,18289,20456,18672],"class_list":["post-185137","post","type-post","status-publish","format-standard","has-post-thumbnail","hentry","category-politica","tag-barrio-san-justo","tag-bernardo-zubeldia","tag-romanela-vautretto","tag-vecinos-por-mercedes"],"yoast_head":"<!-- This site is optimized with the Yoast SEO plugin v27.4 - https:\/\/yoast.com\/product\/yoast-seo-wordpress\/ -->\n<title>Vecinos del San Justo denuncian problemas sanitarios e inseguridad ante referentes pol\u00edticos<\/title>\n<meta name=\"description\" content=\"En una nueva jornada de &quot;escucha barrial&quot;, la agrupaci\u00f3n Vecinos por Mercedes relev\u00f3 reclamos por desbordes cloacales, falta de infraestructura y un incremento en los disturbios en la v\u00eda p\u00fablica.\" \/>\n<meta name=\"robots\" content=\"index, follow, max-snippet:-1, max-image-preview:large, max-video-preview:-1\" \/>\n<link rel=\"canonical\" href=\"https:\/\/noticiasmercedinas.com\/site\/2026\/04\/26\/vecinos-del-san-justo-denuncian-problemas-sanitarios-e-inseguridad-ante-referentes-politicos\/\" \/>\n<meta property=\"og:locale\" content=\"es_ES\" \/>\n<meta property=\"og:type\" content=\"article\" \/>\n<meta property=\"og:title\" content=\"Vecinos del San Justo denuncian problemas sanitarios e inseguridad ante referentes pol\u00edticos\" \/>\n<meta property=\"og:description\" content=\"En una nueva jornada de &quot;escucha barrial&quot;, la agrupaci\u00f3n Vecinos por Mercedes relev\u00f3 reclamos por desbordes cloacales, falta de infraestructura y un incremento en los disturbios en la v\u00eda p\u00fablica.\" \/>\n<meta property=\"og:url\" content=\"https:\/\/noticiasmercedinas.com\/site\/2026\/04\/26\/vecinos-del-san-justo-denuncian-problemas-sanitarios-e-inseguridad-ante-referentes-politicos\/\" \/>\n<meta property=\"og:site_name\" content=\"NOTICIASMERCEDINAS.COM\" \/>\n<meta property=\"article:publisher\" content=\"https:\/\/www.facebook.com\/noticiasmercedinas\/\" \/>\n<meta property=\"article:published_time\" content=\"2026-04-26T23:25:25+00:00\" \/>\n<meta property=\"og:image\" content=\"https:\/\/noticiasmercedinas.com\/site\/wp-content\/uploads\/2026\/04\/WhatsApp-Image-2026-04-26-at-7.19.26-PM.jpeg\" \/>\n\t<meta property=\"og:image:width\" content=\"1600\" \/>\n\t<meta property=\"og:image:height\" content=\"1200\" \/>\n\t<meta property=\"og:image:type\" content=\"image\/jpeg\" \/>\n<meta name=\"author\" content=\"NOTICIASMERCEDINAS.COM\" \/>\n<meta name=\"twitter:card\" content=\"summary_large_image\" \/>\n<meta name=\"twitter:creator\" content=\"@notmercedinas\" \/>\n<meta name=\"twitter:site\" content=\"@notmercedinas\" \/>\n<meta name=\"twitter:label1\" content=\"Escrito por\" \/>\n\t<meta name=\"twitter:data1\" content=\"NOTICIASMERCEDINAS.COM\" \/>\n\t<meta name=\"twitter:label2\" content=\"Tiempo de lectura\" \/>\n\t<meta name=\"twitter:data2\" content=\"3 minutos\" \/>\n<script type=\"application\/ld+json\" class=\"yoast-schema-graph\">{\"@context\":\"https:\\\/\\\/schema.org\",\"@graph\":[{\"@type\":\"Article\",\"@id\":\"https:\\\/\\\/noticiasmercedinas.com\\\/site\\\/2026\\\/04\\\/26\\\/vecinos-del-san-justo-denuncian-problemas-sanitarios-e-inseguridad-ante-referentes-politicos\\\/#article\",\"isPartOf\":{\"@id\":\"https:\\\/\\\/noticiasmercedinas.com\\\/site\\\/2026\\\/04\\\/26\\\/vecinos-del-san-justo-denuncian-problemas-sanitarios-e-inseguridad-ante-referentes-politicos\\\/\"},\"author\":{\"name\":\"NOTICIASMERCEDINAS.COM\",\"@id\":\"https:\\\/\\\/noticiasmercedinas.com\\\/site\\\/#\\\/schema\\\/person\\\/84b59c099c28ff2e8b77d4ceec5d8063\"},\"headline\":\"Vecinos del San Justo denuncian problemas sanitarios e inseguridad ante referentes pol\u00edticos\",\"datePublished\":\"2026-04-26T23:25:25+00:00\",\"mainEntityOfPage\":{\"@id\":\"https:\\\/\\\/noticiasmercedinas.com\\\/site\\\/2026\\\/04\\\/26\\\/vecinos-del-san-justo-denuncian-problemas-sanitarios-e-inseguridad-ante-referentes-politicos\\\/\"},\"wordCount\":435,\"publisher\":{\"@id\":\"https:\\\/\\\/noticiasmercedinas.com\\\/site\\\/#organization\"},\"image\":{\"@id\":\"https:\\\/\\\/noticiasmercedinas.com\\\/site\\\/2026\\\/04\\\/26\\\/vecinos-del-san-justo-denuncian-problemas-sanitarios-e-inseguridad-ante-referentes-politicos\\\/#primaryimage\"},\"thumbnailUrl\":\"https:\\\/\\\/noticiasmercedinas.com\\\/site\\\/wp-content\\\/uploads\\\/2026\\\/04\\\/WhatsApp-Image-2026-04-26-at-7.19.26-PM.jpeg\",\"keywords\":[\"barrio san justo\",\"bernardo zubeldia\",\"romanela vautretto\",\"vecinos por mercedes\"],\"articleSection\":[\"Politica\"],\"inLanguage\":\"es\"},{\"@type\":\"WebPage\",\"@id\":\"https:\\\/\\\/noticiasmercedinas.com\\\/site\\\/2026\\\/04\\\/26\\\/vecinos-del-san-justo-denuncian-problemas-sanitarios-e-inseguridad-ante-referentes-politicos\\\/\",\"url\":\"https:\\\/\\\/noticiasmercedinas.com\\\/site\\\/2026\\\/04\\\/26\\\/vecinos-del-san-justo-denuncian-problemas-sanitarios-e-inseguridad-ante-referentes-politicos\\\/\",\"name\":\"Vecinos del San Justo denuncian problemas sanitarios e inseguridad ante referentes pol\u00edticos\",\"isPartOf\":{\"@id\":\"https:\\\/\\\/noticiasmercedinas.com\\\/site\\\/#website\"},\"primaryImageOfPage\":{\"@id\":\"https:\\\/\\\/noticiasmercedinas.com\\\/site\\\/2026\\\/04\\\/26\\\/vecinos-del-san-justo-denuncian-problemas-sanitarios-e-inseguridad-ante-referentes-politicos\\\/#primaryimage\"},\"image\":{\"@id\":\"https:\\\/\\\/noticiasmercedinas.com\\\/site\\\/2026\\\/04\\\/26\\\/vecinos-del-san-justo-denuncian-problemas-sanitarios-e-inseguridad-ante-referentes-politicos\\\/#primaryimage\"},\"thumbnailUrl\":\"https:\\\/\\\/noticiasmercedinas.com\\\/site\\\/wp-content\\\/uploads\\\/2026\\\/04\\\/WhatsApp-Image-2026-04-26-at-7.19.26-PM.jpeg\",\"datePublished\":\"2026-04-26T23:25:25+00:00\",\"description\":\"En una nueva jornada de \\\"escucha barrial\\\", la agrupaci\u00f3n Vecinos por Mercedes relev\u00f3 reclamos por desbordes cloacales, falta de infraestructura y un incremento en los disturbios en la v\u00eda p\u00fablica.\",\"breadcrumb\":{\"@id\":\"https:\\\/\\\/noticiasmercedinas.com\\\/site\\\/2026\\\/04\\\/26\\\/vecinos-del-san-justo-denuncian-problemas-sanitarios-e-inseguridad-ante-referentes-politicos\\\/#breadcrumb\"},\"inLanguage\":\"es\",\"potentialAction\":[{\"@type\":\"ReadAction\",\"target\":[\"https:\\\/\\\/noticiasmercedinas.com\\\/site\\\/2026\\\/04\\\/26\\\/vecinos-del-san-justo-denuncian-problemas-sanitarios-e-inseguridad-ante-referentes-politicos\\\/\"]}]},{\"@type\":\"ImageObject\",\"inLanguage\":\"es\",\"@id\":\"https:\\\/\\\/noticiasmercedinas.com\\\/site\\\/2026\\\/04\\\/26\\\/vecinos-del-san-justo-denuncian-problemas-sanitarios-e-inseguridad-ante-referentes-politicos\\\/#primaryimage\",\"url\":\"https:\\\/\\\/noticiasmercedinas.com\\\/site\\\/wp-content\\\/uploads\\\/2026\\\/04\\\/WhatsApp-Image-2026-04-26-at-7.19.26-PM.jpeg\",\"contentUrl\":\"https:\\\/\\\/noticiasmercedinas.com\\\/site\\\/wp-content\\\/uploads\\\/2026\\\/04\\\/WhatsApp-Image-2026-04-26-at-7.19.26-PM.jpeg\",\"width\":1600,\"height\":1200},{\"@type\":\"BreadcrumbList\",\"@id\":\"https:\\\/\\\/noticiasmercedinas.com\\\/site\\\/2026\\\/04\\\/26\\\/vecinos-del-san-justo-denuncian-problemas-sanitarios-e-inseguridad-ante-referentes-politicos\\\/#breadcrumb\",\"itemListElement\":[{\"@type\":\"ListItem\",\"position\":1,\"name\":\"Portada\",\"item\":\"https:\\\/\\\/noticiasmercedinas.com\\\/site\\\/\"},{\"@type\":\"ListItem\",\"position\":2,\"name\":\"Vecinos del San Justo denuncian problemas sanitarios e inseguridad ante referentes pol\u00edticos\"}]},{\"@type\":\"WebSite\",\"@id\":\"https:\\\/\\\/noticiasmercedinas.com\\\/site\\\/#website\",\"url\":\"https:\\\/\\\/noticiasmercedinas.com\\\/site\\\/\",\"name\":\"NOTICIASMERCEDINAS.COM\",\"description\":\"Mercedes, Buenos Aires, Argentina\",\"publisher\":{\"@id\":\"https:\\\/\\\/noticiasmercedinas.com\\\/site\\\/#organization\"},\"potentialAction\":[{\"@type\":\"SearchAction\",\"target\":{\"@type\":\"EntryPoint\",\"urlTemplate\":\"https:\\\/\\\/noticiasmercedinas.com\\\/site\\\/?s={search_term_string}\"},\"query-input\":{\"@type\":\"PropertyValueSpecification\",\"valueRequired\":true,\"valueName\":\"search_term_string\"}}],\"inLanguage\":\"es\"},{\"@type\":\"Organization\",\"@id\":\"https:\\\/\\\/noticiasmercedinas.com\\\/site\\\/#organization\",\"name\":\"NOTICIASMERCEDINAS.COM\",\"url\":\"https:\\\/\\\/noticiasmercedinas.com\\\/site\\\/\",\"logo\":{\"@type\":\"ImageObject\",\"inLanguage\":\"es\",\"@id\":\"https:\\\/\\\/noticiasmercedinas.com\\\/site\\\/#\\\/schema\\\/logo\\\/image\\\/\",\"url\":\"https:\\\/\\\/noticiasmercedinas.com\\\/site\\\/wp-content\\\/uploads\\\/2020\\\/06\\\/LOGO-512.jpg\",\"contentUrl\":\"https:\\\/\\\/noticiasmercedinas.com\\\/site\\\/wp-content\\\/uploads\\\/2020\\\/06\\\/LOGO-512.jpg\",\"width\":512,\"height\":512,\"caption\":\"NOTICIASMERCEDINAS.COM\"},\"image\":{\"@id\":\"https:\\\/\\\/noticiasmercedinas.com\\\/site\\\/#\\\/schema\\\/logo\\\/image\\\/\"},\"sameAs\":[\"https:\\\/\\\/www.facebook.com\\\/noticiasmercedinas\\\/\",\"https:\\\/\\\/x.com\\\/notmercedinas\",\"https:\\\/\\\/www.instagram.com\\\/noticiasmercedinas\\\/\"]},{\"@type\":\"Person\",\"@id\":\"https:\\\/\\\/noticiasmercedinas.com\\\/site\\\/#\\\/schema\\\/person\\\/84b59c099c28ff2e8b77d4ceec5d8063\",\"name\":\"NOTICIASMERCEDINAS.COM\",\"image\":{\"@type\":\"ImageObject\",\"inLanguage\":\"es\",\"@id\":\"https:\\\/\\\/secure.gravatar.com\\\/avatar\\\/4dfbf16b4d17945bfb6341b2d19043457132fcf478a5ee04f42e959fd8f5df0a?s=96&d=mm&r=g\",\"url\":\"https:\\\/\\\/secure.gravatar.com\\\/avatar\\\/4dfbf16b4d17945bfb6341b2d19043457132fcf478a5ee04f42e959fd8f5df0a?s=96&d=mm&r=g\",\"contentUrl\":\"https:\\\/\\\/secure.gravatar.com\\\/avatar\\\/4dfbf16b4d17945bfb6341b2d19043457132fcf478a5ee04f42e959fd8f5df0a?s=96&d=mm&r=g\",\"caption\":\"NOTICIASMERCEDINAS.COM\"},\"url\":\"https:\\\/\\\/noticiasmercedinas.com\\\/site\\\/author\\\/anonimo\\\/\"}]}<\/script>\n<!-- \/ Yoast SEO plugin. -->","yoast_head_json":{"title":"Vecinos del San Justo denuncian problemas sanitarios e inseguridad ante referentes pol\u00edticos","description":"En una nueva jornada de \"escucha barrial\", la agrupaci\u00f3n Vecinos por Mercedes relev\u00f3 reclamos por desbordes cloacales, falta de infraestructura y un incremento en los disturbios en la v\u00eda p\u00fablica.","robots":{"index":"index","follow":"follow","max-snippet":"max-snippet:-1","max-image-preview":"max-image-preview:large","max-video-preview":"max-video-preview:-1"},"canonical":"https:\/\/noticiasmercedinas.com\/site\/2026\/04\/26\/vecinos-del-san-justo-denuncian-problemas-sanitarios-e-inseguridad-ante-referentes-politicos\/","og_locale":"es_ES","og_type":"article","og_title":"Vecinos del San Justo denuncian problemas sanitarios e inseguridad ante referentes pol\u00edticos","og_description":"En una nueva jornada de \"escucha barrial\", la agrupaci\u00f3n Vecinos por Mercedes relev\u00f3 reclamos por desbordes cloacales, falta de infraestructura y un incremento en los disturbios en la v\u00eda p\u00fablica.","og_url":"https:\/\/noticiasmercedinas.com\/site\/2026\/04\/26\/vecinos-del-san-justo-denuncian-problemas-sanitarios-e-inseguridad-ante-referentes-politicos\/","og_site_name":"NOTICIASMERCEDINAS.COM","article_publisher":"https:\/\/www.facebook.com\/noticiasmercedinas\/","article_published_time":"2026-04-26T23:25:25+00:00","og_image":[{"width":1600,"height":1200,"url":"https:\/\/noticiasmercedinas.com\/site\/wp-content\/uploads\/2026\/04\/WhatsApp-Image-2026-04-26-at-7.19.26-PM.jpeg","type":"image\/jpeg"}],"author":"NOTICIASMERCEDINAS.COM","twitter_card":"summary_large_image","twitter_creator":"@notmercedinas","twitter_site":"@notmercedinas","twitter_misc":{"Escrito por":"NOTICIASMERCEDINAS.COM","Tiempo de lectura":"3 minutos"},"schema":{"@context":"https:\/\/schema.org","@graph":[{"@type":"Article","@id":"https:\/\/noticiasmercedinas.com\/site\/2026\/04\/26\/vecinos-del-san-justo-denuncian-problemas-sanitarios-e-inseguridad-ante-referentes-politicos\/#article","isPartOf":{"@id":"https:\/\/noticiasmercedinas.com\/site\/2026\/04\/26\/vecinos-del-san-justo-denuncian-problemas-sanitarios-e-inseguridad-ante-referentes-politicos\/"},"author":{"name":"NOTICIASMERCEDINAS.COM","@id":"https:\/\/noticiasmercedinas.com\/site\/#\/schema\/person\/84b59c099c28ff2e8b77d4ceec5d8063"},"headline":"Vecinos del San Justo denuncian problemas sanitarios e inseguridad ante referentes pol\u00edticos","datePublished":"2026-04-26T23:25:25+00:00","mainEntityOfPage":{"@id":"https:\/\/noticiasmercedinas.com\/site\/2026\/04\/26\/vecinos-del-san-justo-denuncian-problemas-sanitarios-e-inseguridad-ante-referentes-politicos\/"},"wordCount":435,"publisher":{"@id":"https:\/\/noticiasmercedinas.com\/site\/#organization"},"image":{"@id":"https:\/\/noticiasmercedinas.com\/site\/2026\/04\/26\/vecinos-del-san-justo-denuncian-problemas-sanitarios-e-inseguridad-ante-referentes-politicos\/#primaryimage"},"thumbnailUrl":"https:\/\/noticiasmercedinas.com\/site\/wp-content\/uploads\/2026\/04\/WhatsApp-Image-2026-04-26-at-7.19.26-PM.jpeg","keywords":["barrio san justo","bernardo zubeldia","romanela vautretto","vecinos por mercedes"],"articleSection":["Politica"],"inLanguage":"es"},{"@type":"WebPage","@id":"https:\/\/noticiasmercedinas.com\/site\/2026\/04\/26\/vecinos-del-san-justo-denuncian-problemas-sanitarios-e-inseguridad-ante-referentes-politicos\/","url":"https:\/\/noticiasmercedinas.com\/site\/2026\/04\/26\/vecinos-del-san-justo-denuncian-problemas-sanitarios-e-inseguridad-ante-referentes-politicos\/","name":"Vecinos del San Justo denuncian problemas sanitarios e inseguridad ante referentes pol\u00edticos","isPartOf":{"@id":"https:\/\/noticiasmercedinas.com\/site\/#website"},"primaryImageOfPage":{"@id":"https:\/\/noticiasmercedinas.com\/site\/2026\/04\/26\/vecinos-del-san-justo-denuncian-problemas-sanitarios-e-inseguridad-ante-referentes-politicos\/#primaryimage"},"image":{"@id":"https:\/\/noticiasmercedinas.com\/site\/2026\/04\/26\/vecinos-del-san-justo-denuncian-problemas-sanitarios-e-inseguridad-ante-referentes-politicos\/#primaryimage"},"thumbnailUrl":"https:\/\/noticiasmercedinas.com\/site\/wp-content\/uploads\/2026\/04\/WhatsApp-Image-2026-04-26-at-7.19.26-PM.jpeg","datePublished":"2026-04-26T23:25:25+00:00","description":"En una nueva jornada de \"escucha barrial\", la agrupaci\u00f3n Vecinos por Mercedes relev\u00f3 reclamos por desbordes cloacales, falta de infraestructura y un incremento en los disturbios en la v\u00eda p\u00fablica.","breadcrumb":{"@id":"https:\/\/noticiasmercedinas.com\/site\/2026\/04\/26\/vecinos-del-san-justo-denuncian-problemas-sanitarios-e-inseguridad-ante-referentes-politicos\/#breadcrumb"},"inLanguage":"es","potentialAction":[{"@type":"ReadAction","target":["https:\/\/noticiasmercedinas.com\/site\/2026\/04\/26\/vecinos-del-san-justo-denuncian-problemas-sanitarios-e-inseguridad-ante-referentes-politicos\/"]}]},{"@type":"ImageObject","inLanguage":"es","@id":"https:\/\/noticiasmercedinas.com\/site\/2026\/04\/26\/vecinos-del-san-justo-denuncian-problemas-sanitarios-e-inseguridad-ante-referentes-politicos\/#primaryimage","url":"https:\/\/noticiasmercedinas.com\/site\/wp-content\/uploads\/2026\/04\/WhatsApp-Image-2026-04-26-at-7.19.26-PM.jpeg","contentUrl":"https:\/\/noticiasmercedinas.com\/site\/wp-content\/uploads\/2026\/04\/WhatsApp-Image-2026-04-26-at-7.19.26-PM.jpeg","width":1600,"height":1200},{"@type":"BreadcrumbList","@id":"https:\/\/noticiasmercedinas.com\/site\/2026\/04\/26\/vecinos-del-san-justo-denuncian-problemas-sanitarios-e-inseguridad-ante-referentes-politicos\/#breadcrumb","itemListElement":[{"@type":"ListItem","position":1,"name":"Portada","item":"https:\/\/noticiasmercedinas.com\/site\/"},{"@type":"ListItem","position":2,"name":"Vecinos del San Justo denuncian problemas sanitarios e inseguridad ante referentes pol\u00edticos"}]},{"@type":"WebSite","@id":"https:\/\/noticiasmercedinas.com\/site\/#website","url":"https:\/\/noticiasmercedinas.com\/site\/","name":"NOTICIASMERCEDINAS.COM","description":"Mercedes, Buenos Aires, Argentina","publisher":{"@id":"https:\/\/noticiasmercedinas.com\/site\/#organization"},"potentialAction":[{"@type":"SearchAction","target":{"@type":"EntryPoint","urlTemplate":"https:\/\/noticiasmercedinas.com\/site\/?s={search_term_string}"},"query-input":{"@type":"PropertyValueSpecification","valueRequired":true,"valueName":"search_term_string"}}],"inLanguage":"es"},{"@type":"Organization","@id":"https:\/\/noticiasmercedinas.com\/site\/#organization","name":"NOTICIASMERCEDINAS.COM","url":"https:\/\/noticiasmercedinas.com\/site\/","logo":{"@type":"ImageObject","inLanguage":"es","@id":"https:\/\/noticiasmercedinas.com\/site\/#\/schema\/logo\/image\/","url":"https:\/\/noticiasmercedinas.com\/site\/wp-content\/uploads\/2020\/06\/LOGO-512.jpg","contentUrl":"https:\/\/noticiasmercedinas.com\/site\/wp-content\/uploads\/2020\/06\/LOGO-512.jpg","width":512,"height":512,"caption":"NOTICIASMERCEDINAS.COM"},"image":{"@id":"https:\/\/noticiasmercedinas.com\/site\/#\/schema\/logo\/image\/"},"sameAs":["https:\/\/www.facebook.com\/noticiasmercedinas\/","https:\/\/x.com\/notmercedinas","https:\/\/www.instagram.com\/noticiasmercedinas\/"]},{"@type":"Person","@id":"https:\/\/noticiasmercedinas.com\/site\/#\/schema\/person\/84b59c099c28ff2e8b77d4ceec5d8063","name":"NOTICIASMERCEDINAS.COM","image":{"@type":"ImageObject","inLanguage":"es","@id":"https:\/\/secure.gravatar.com\/avatar\/4dfbf16b4d17945bfb6341b2d19043457132fcf478a5ee04f42e959fd8f5df0a?s=96&d=mm&r=g","url":"https:\/\/secure.gravatar.com\/avatar\/4dfbf16b4d17945bfb6341b2d19043457132fcf478a5ee04f42e959fd8f5df0a?s=96&d=mm&r=g","contentUrl":"https:\/\/secure.gravatar.com\/avatar\/4dfbf16b4d17945bfb6341b2d19043457132fcf478a5ee04f42e959fd8f5df0a?s=96&d=mm&r=g","caption":"NOTICIASMERCEDINAS.COM"},"url":"https:\/\/noticiasmercedinas.com\/site\/author\/anonimo\/"}]}},"amp_enabled":true,"_links":{"self":[{"href":"https:\/\/noticiasmercedinas.com\/site\/wp-json\/wp\/v2\/posts\/185137","targetHints":{"allow":["GET"]}}],"collection":[{"href":"https:\/\/noticiasmercedinas.com\/site\/wp-json\/wp\/v2\/posts"}],"about":[{"href":"https:\/\/noticiasmercedinas.com\/site\/wp-json\/wp\/v2\/types\/post"}],"author":[{"embeddable":true,"href":"https:\/\/noticiasmercedinas.com\/site\/wp-json\/wp\/v2\/users\/16"}],"replies":[{"embeddable":true,"href":"https:\/\/noticiasmercedinas.com\/site\/wp-json\/wp\/v2\/comments?post=185137"}],"version-history":[{"count":1,"href":"https:\/\/noticiasmercedinas.com\/site\/wp-json\/wp\/v2\/posts\/185137\/revisions"}],"predecessor-version":[{"id":185141,"href":"https:\/\/noticiasmercedinas.com\/site\/wp-json\/wp\/v2\/posts\/185137\/revisions\/185141"}],"wp:featuredmedia":[{"embeddable":true,"href":"https:\/\/noticiasmercedinas.com\/site\/wp-json\/wp\/v2\/media\/185138"}],"wp:attachment":[{"href":"https:\/\/noticiasmercedinas.com\/site\/wp-json\/wp\/v2\/media?parent=185137"}],"wp:term":[{"taxonomy":"category","embeddable":true,"href":"https:\/\/noticiasmercedinas.com\/site\/wp-json\/wp\/v2\/categories?post=185137"},{"taxonomy":"post_tag","embeddable":true,"href":"https:\/\/noticiasmercedinas.com\/site\/wp-json\/wp\/v2\/tags?post=185137"}],"curies":[{"name":"wp","href":"https:\/\/api.w.org\/{rel}","templated":true}]}}