{"id":185158,"date":"2026-04-26T21:24:27","date_gmt":"2026-04-27T00:24:27","guid":{"rendered":"https:\/\/noticiasmercedinas.com\/site\/?p=185158"},"modified":"2026-04-26T21:24:27","modified_gmt":"2026-04-27T00:24:27","slug":"la-ciudad-de-mercedes-se-consolida-como-epicentro-del-cicloturismo-regional","status":"publish","type":"post","link":"https:\/\/noticiasmercedinas.com\/site\/2026\/04\/26\/la-ciudad-de-mercedes-se-consolida-como-epicentro-del-cicloturismo-regional\/","title":{"rendered":"La ciudad de Mercedes se consolida como epicentro del cicloturismo regional"},"content":{"rendered":"<p><img loading=\"lazy\" decoding=\"async\" class=\"alignnone size-full wp-image-185159\" src=\"https:\/\/noticiasmercedinas.com\/site\/wp-content\/uploads\/2026\/04\/WhatsApp-Image-2026-04-26-at-8.13.37-PM-e1777249372894.jpeg\" alt=\"\" width=\"1599\" height=\"1248\" srcset=\"https:\/\/noticiasmercedinas.com\/site\/wp-content\/uploads\/2026\/04\/WhatsApp-Image-2026-04-26-at-8.13.37-PM-e1777249372894.jpeg 1599w, https:\/\/noticiasmercedinas.com\/site\/wp-content\/uploads\/2026\/04\/WhatsApp-Image-2026-04-26-at-8.13.37-PM-e1777249372894-300x234.jpeg 300w, https:\/\/noticiasmercedinas.com\/site\/wp-content\/uploads\/2026\/04\/WhatsApp-Image-2026-04-26-at-8.13.37-PM-e1777249372894-1024x799.jpeg 1024w, https:\/\/noticiasmercedinas.com\/site\/wp-content\/uploads\/2026\/04\/WhatsApp-Image-2026-04-26-at-8.13.37-PM-e1777249372894-768x599.jpeg 768w, https:\/\/noticiasmercedinas.com\/site\/wp-content\/uploads\/2026\/04\/WhatsApp-Image-2026-04-26-at-8.13.37-PM-e1777249372894-1536x1199.jpeg 1536w, https:\/\/noticiasmercedinas.com\/site\/wp-content\/uploads\/2026\/04\/WhatsApp-Image-2026-04-26-at-8.13.37-PM-e1777249372894-640x500.jpeg 640w, https:\/\/noticiasmercedinas.com\/site\/wp-content\/uploads\/2026\/04\/WhatsApp-Image-2026-04-26-at-8.13.37-PM-e1777249372894-1280x999.jpeg 1280w, https:\/\/noticiasmercedinas.com\/site\/wp-content\/uploads\/2026\/04\/WhatsApp-Image-2026-04-26-at-8.13.37-PM-e1777249372894-681x532.jpeg 681w, https:\/\/noticiasmercedinas.com\/site\/wp-content\/uploads\/2026\/04\/WhatsApp-Image-2026-04-26-at-8.13.37-PM-e1777249372894-1362x1063.jpeg 1362w\" sizes=\"auto, (max-width: 1599px) 100vw, 1599px\" \/><\/p>\n<p>Con entusiasmo y compromiso con la vida saludable, la ciudad de Mercedes fue sede de un exitoso Encuentro de Cicloturismo que reuni\u00f3 a 186 participantes.<\/p>\n<p>Con punto de partida en el Centro Municipal de Alto Rendimiento Deportivo (Cemuadra), el evento no solo foment\u00f3 la actividad f\u00edsica, sino que tambi\u00e9n funcion\u00f3 como un motor de promoci\u00f3n tur\u00edstica para los paisajes rurales del Partido.<\/p>\n<p>El evento fue organizado por la Agrupaci\u00f3n Ciclistas en Movimiento, cuyos integrantes destacaron la masiva afluencia de delegaciones provenientes de Luj\u00e1n, General Rodr\u00edguez, Bragado, Merlo, Chivilcoy y la Ciudad Aut\u00f3noma de Buenos Aires, consolidando a la localidad como un punto de referencia para los amantes de las dos ruedas en la provincia.<\/p>\n<p><strong>Un recorrido por la identidad mercedina<\/strong><br \/>\nLa traves\u00eda deportiva fue dise\u00f1ada para integrar la exigencia f\u00edsica con el disfrute del entorno natural. El pelot\u00f3n atraves\u00f3 los pueblos de Franklin y San Jacinto, recorriendo kil\u00f3metros de senderos rurales que permitieron a los visitantes conocer la riqueza paisaj\u00edstica y la tranquilidad de la zona.<\/p>\n<p>\u00abEsta jornada uni\u00f3 el deporte con el turismo de cercan\u00eda, permitiendo que ciclistas de toda la regi\u00f3n descubran la belleza de nuestros caminos\u00bb, se\u00f1alaron desde la organizaci\u00f3n.<\/p>\n<p>Desde la agrupaci\u00f3n \u00abCiclistas en Movimiento\u00bb expresaron un especial agradecimiento a la Direcci\u00f3n de Deportes de la Municipalidad de Mercedes. Remarcaron que el apoyo log\u00edstico y el acompa\u00f1amiento estatal fueron \u00abpiezas clave\u00bb para garantizar la seguridad de los deportistas durante todo el trayecto y para poder proyectar una actividad de esta escala.<\/p>\n<p><strong>Cierre y camarader\u00eda<\/strong><br \/>\nEl encuentro finaliz\u00f3 en el Parque Independencia, donde los 186 ciclistas compartieron un espacio de distensi\u00f3n. Este cierre no solo sirvi\u00f3 para estrechar lazos entre las diferentes agrupaciones, sino para ratificar el potencial de Mercedes como sede de grandes eventos deportivos al aire libre.<\/p>\n<p>Con el \u00e9xito de esta edici\u00f3n, el cicloturismo se afirma como una disciplina en crecimiento que logra traccionar visitantes y fortalecer la identidad local a trav\u00e9s del deporte.<\/p>\n","protected":false},"excerpt":{"rendered":"<p>\u25a0 M\u00e1s de 180 ciclistas de diversas localidades bonaerenses recorrieron los caminos rurales de la ciudad en una jornada que combin\u00f3 deporte, naturaleza y camarader\u00eda.<\/p>\n","protected":false},"author":16,"featured_media":185159,"comment_status":"closed","ping_status":"closed","sticky":false,"template":"","format":"standard","meta":{"footnotes":""},"categories":[3],"tags":[6981],"class_list":["post-185158","post","type-post","status-publish","format-standard","has-post-thumbnail","hentry","category-sociedad","tag-cicloturismo"],"yoast_head":"<!-- This site is optimized with the Yoast SEO plugin v27.4 - https:\/\/yoast.com\/product\/yoast-seo-wordpress\/ -->\n<title>La ciudad de Mercedes se consolida como epicentro del cicloturismo regional<\/title>\n<meta name=\"description\" content=\"\u25a0 M\u00e1s de 180 ciclistas de diversas localidades bonaerenses recorrieron los caminos rurales de la ciudad en una jornada que combin\u00f3 deporte, naturaleza y camarader\u00eda.\" \/>\n<meta name=\"robots\" content=\"index, follow, max-snippet:-1, max-image-preview:large, max-video-preview:-1\" \/>\n<link rel=\"canonical\" href=\"https:\/\/noticiasmercedinas.com\/site\/2026\/04\/26\/la-ciudad-de-mercedes-se-consolida-como-epicentro-del-cicloturismo-regional\/\" \/>\n<meta property=\"og:locale\" content=\"es_ES\" \/>\n<meta property=\"og:type\" content=\"article\" \/>\n<meta property=\"og:title\" content=\"La ciudad de Mercedes se consolida como epicentro del cicloturismo regional\" \/>\n<meta property=\"og:description\" content=\"\u25a0 M\u00e1s de 180 ciclistas de diversas localidades bonaerenses recorrieron los caminos rurales de la ciudad en una jornada que combin\u00f3 deporte, naturaleza y camarader\u00eda.\" \/>\n<meta property=\"og:url\" content=\"https:\/\/noticiasmercedinas.com\/site\/2026\/04\/26\/la-ciudad-de-mercedes-se-consolida-como-epicentro-del-cicloturismo-regional\/\" \/>\n<meta property=\"og:site_name\" content=\"NOTICIASMERCEDINAS.COM\" \/>\n<meta property=\"article:publisher\" content=\"https:\/\/www.facebook.com\/noticiasmercedinas\/\" \/>\n<meta property=\"article:published_time\" content=\"2026-04-27T00:24:27+00:00\" \/>\n<meta property=\"og:image\" content=\"https:\/\/noticiasmercedinas.com\/site\/wp-content\/uploads\/2026\/04\/WhatsApp-Image-2026-04-26-at-8.13.37-PM-e1777249372894.jpeg\" \/>\n\t<meta property=\"og:image:width\" content=\"1599\" \/>\n\t<meta property=\"og:image:height\" content=\"1248\" \/>\n\t<meta property=\"og:image:type\" content=\"image\/jpeg\" \/>\n<meta name=\"author\" content=\"NOTICIASMERCEDINAS.COM\" \/>\n<meta name=\"twitter:card\" content=\"summary_large_image\" \/>\n<meta name=\"twitter:creator\" content=\"@notmercedinas\" \/>\n<meta name=\"twitter:site\" content=\"@notmercedinas\" \/>\n<meta name=\"twitter:label1\" content=\"Escrito por\" \/>\n\t<meta name=\"twitter:data1\" content=\"NOTICIASMERCEDINAS.COM\" \/>\n\t<meta name=\"twitter:label2\" content=\"Tiempo de lectura\" \/>\n\t<meta name=\"twitter:data2\" content=\"2 minutos\" \/>\n<script type=\"application\/ld+json\" class=\"yoast-schema-graph\">{\"@context\":\"https:\\\/\\\/schema.org\",\"@graph\":[{\"@type\":\"Article\",\"@id\":\"https:\\\/\\\/noticiasmercedinas.com\\\/site\\\/2026\\\/04\\\/26\\\/la-ciudad-de-mercedes-se-consolida-como-epicentro-del-cicloturismo-regional\\\/#article\",\"isPartOf\":{\"@id\":\"https:\\\/\\\/noticiasmercedinas.com\\\/site\\\/2026\\\/04\\\/26\\\/la-ciudad-de-mercedes-se-consolida-como-epicentro-del-cicloturismo-regional\\\/\"},\"author\":{\"name\":\"NOTICIASMERCEDINAS.COM\",\"@id\":\"https:\\\/\\\/noticiasmercedinas.com\\\/site\\\/#\\\/schema\\\/person\\\/84b59c099c28ff2e8b77d4ceec5d8063\"},\"headline\":\"La ciudad de Mercedes se consolida como epicentro del cicloturismo regional\",\"datePublished\":\"2026-04-27T00:24:27+00:00\",\"mainEntityOfPage\":{\"@id\":\"https:\\\/\\\/noticiasmercedinas.com\\\/site\\\/2026\\\/04\\\/26\\\/la-ciudad-de-mercedes-se-consolida-como-epicentro-del-cicloturismo-regional\\\/\"},\"wordCount\":355,\"publisher\":{\"@id\":\"https:\\\/\\\/noticiasmercedinas.com\\\/site\\\/#organization\"},\"image\":{\"@id\":\"https:\\\/\\\/noticiasmercedinas.com\\\/site\\\/2026\\\/04\\\/26\\\/la-ciudad-de-mercedes-se-consolida-como-epicentro-del-cicloturismo-regional\\\/#primaryimage\"},\"thumbnailUrl\":\"https:\\\/\\\/noticiasmercedinas.com\\\/site\\\/wp-content\\\/uploads\\\/2026\\\/04\\\/WhatsApp-Image-2026-04-26-at-8.13.37-PM-e1777249372894.jpeg\",\"keywords\":[\"cicloturismo\"],\"articleSection\":[\"Sociedad\"],\"inLanguage\":\"es\"},{\"@type\":\"WebPage\",\"@id\":\"https:\\\/\\\/noticiasmercedinas.com\\\/site\\\/2026\\\/04\\\/26\\\/la-ciudad-de-mercedes-se-consolida-como-epicentro-del-cicloturismo-regional\\\/\",\"url\":\"https:\\\/\\\/noticiasmercedinas.com\\\/site\\\/2026\\\/04\\\/26\\\/la-ciudad-de-mercedes-se-consolida-como-epicentro-del-cicloturismo-regional\\\/\",\"name\":\"La ciudad de Mercedes se consolida como epicentro del cicloturismo regional\",\"isPartOf\":{\"@id\":\"https:\\\/\\\/noticiasmercedinas.com\\\/site\\\/#website\"},\"primaryImageOfPage\":{\"@id\":\"https:\\\/\\\/noticiasmercedinas.com\\\/site\\\/2026\\\/04\\\/26\\\/la-ciudad-de-mercedes-se-consolida-como-epicentro-del-cicloturismo-regional\\\/#primaryimage\"},\"image\":{\"@id\":\"https:\\\/\\\/noticiasmercedinas.com\\\/site\\\/2026\\\/04\\\/26\\\/la-ciudad-de-mercedes-se-consolida-como-epicentro-del-cicloturismo-regional\\\/#primaryimage\"},\"thumbnailUrl\":\"https:\\\/\\\/noticiasmercedinas.com\\\/site\\\/wp-content\\\/uploads\\\/2026\\\/04\\\/WhatsApp-Image-2026-04-26-at-8.13.37-PM-e1777249372894.jpeg\",\"datePublished\":\"2026-04-27T00:24:27+00:00\",\"description\":\"\u25a0 M\u00e1s de 180 ciclistas de diversas localidades bonaerenses recorrieron los caminos rurales de la ciudad en una jornada que combin\u00f3 deporte, naturaleza y camarader\u00eda.\",\"breadcrumb\":{\"@id\":\"https:\\\/\\\/noticiasmercedinas.com\\\/site\\\/2026\\\/04\\\/26\\\/la-ciudad-de-mercedes-se-consolida-como-epicentro-del-cicloturismo-regional\\\/#breadcrumb\"},\"inLanguage\":\"es\",\"potentialAction\":[{\"@type\":\"ReadAction\",\"target\":[\"https:\\\/\\\/noticiasmercedinas.com\\\/site\\\/2026\\\/04\\\/26\\\/la-ciudad-de-mercedes-se-consolida-como-epicentro-del-cicloturismo-regional\\\/\"]}]},{\"@type\":\"ImageObject\",\"inLanguage\":\"es\",\"@id\":\"https:\\\/\\\/noticiasmercedinas.com\\\/site\\\/2026\\\/04\\\/26\\\/la-ciudad-de-mercedes-se-consolida-como-epicentro-del-cicloturismo-regional\\\/#primaryimage\",\"url\":\"https:\\\/\\\/noticiasmercedinas.com\\\/site\\\/wp-content\\\/uploads\\\/2026\\\/04\\\/WhatsApp-Image-2026-04-26-at-8.13.37-PM-e1777249372894.jpeg\",\"contentUrl\":\"https:\\\/\\\/noticiasmercedinas.com\\\/site\\\/wp-content\\\/uploads\\\/2026\\\/04\\\/WhatsApp-Image-2026-04-26-at-8.13.37-PM-e1777249372894.jpeg\",\"width\":1599,\"height\":1248},{\"@type\":\"BreadcrumbList\",\"@id\":\"https:\\\/\\\/noticiasmercedinas.com\\\/site\\\/2026\\\/04\\\/26\\\/la-ciudad-de-mercedes-se-consolida-como-epicentro-del-cicloturismo-regional\\\/#breadcrumb\",\"itemListElement\":[{\"@type\":\"ListItem\",\"position\":1,\"name\":\"Portada\",\"item\":\"https:\\\/\\\/noticiasmercedinas.com\\\/site\\\/\"},{\"@type\":\"ListItem\",\"position\":2,\"name\":\"La ciudad de Mercedes se consolida como epicentro del cicloturismo regional\"}]},{\"@type\":\"WebSite\",\"@id\":\"https:\\\/\\\/noticiasmercedinas.com\\\/site\\\/#website\",\"url\":\"https:\\\/\\\/noticiasmercedinas.com\\\/site\\\/\",\"name\":\"NOTICIASMERCEDINAS.COM\",\"description\":\"Mercedes, Buenos Aires, Argentina\",\"publisher\":{\"@id\":\"https:\\\/\\\/noticiasmercedinas.com\\\/site\\\/#organization\"},\"potentialAction\":[{\"@type\":\"SearchAction\",\"target\":{\"@type\":\"EntryPoint\",\"urlTemplate\":\"https:\\\/\\\/noticiasmercedinas.com\\\/site\\\/?s={search_term_string}\"},\"query-input\":{\"@type\":\"PropertyValueSpecification\",\"valueRequired\":true,\"valueName\":\"search_term_string\"}}],\"inLanguage\":\"es\"},{\"@type\":\"Organization\",\"@id\":\"https:\\\/\\\/noticiasmercedinas.com\\\/site\\\/#organization\",\"name\":\"NOTICIASMERCEDINAS.COM\",\"url\":\"https:\\\/\\\/noticiasmercedinas.com\\\/site\\\/\",\"logo\":{\"@type\":\"ImageObject\",\"inLanguage\":\"es\",\"@id\":\"https:\\\/\\\/noticiasmercedinas.com\\\/site\\\/#\\\/schema\\\/logo\\\/image\\\/\",\"url\":\"https:\\\/\\\/noticiasmercedinas.com\\\/site\\\/wp-content\\\/uploads\\\/2020\\\/06\\\/LOGO-512.jpg\",\"contentUrl\":\"https:\\\/\\\/noticiasmercedinas.com\\\/site\\\/wp-content\\\/uploads\\\/2020\\\/06\\\/LOGO-512.jpg\",\"width\":512,\"height\":512,\"caption\":\"NOTICIASMERCEDINAS.COM\"},\"image\":{\"@id\":\"https:\\\/\\\/noticiasmercedinas.com\\\/site\\\/#\\\/schema\\\/logo\\\/image\\\/\"},\"sameAs\":[\"https:\\\/\\\/www.facebook.com\\\/noticiasmercedinas\\\/\",\"https:\\\/\\\/x.com\\\/notmercedinas\",\"https:\\\/\\\/www.instagram.com\\\/noticiasmercedinas\\\/\"]},{\"@type\":\"Person\",\"@id\":\"https:\\\/\\\/noticiasmercedinas.com\\\/site\\\/#\\\/schema\\\/person\\\/84b59c099c28ff2e8b77d4ceec5d8063\",\"name\":\"NOTICIASMERCEDINAS.COM\",\"image\":{\"@type\":\"ImageObject\",\"inLanguage\":\"es\",\"@id\":\"https:\\\/\\\/secure.gravatar.com\\\/avatar\\\/4dfbf16b4d17945bfb6341b2d19043457132fcf478a5ee04f42e959fd8f5df0a?s=96&d=mm&r=g\",\"url\":\"https:\\\/\\\/secure.gravatar.com\\\/avatar\\\/4dfbf16b4d17945bfb6341b2d19043457132fcf478a5ee04f42e959fd8f5df0a?s=96&d=mm&r=g\",\"contentUrl\":\"https:\\\/\\\/secure.gravatar.com\\\/avatar\\\/4dfbf16b4d17945bfb6341b2d19043457132fcf478a5ee04f42e959fd8f5df0a?s=96&d=mm&r=g\",\"caption\":\"NOTICIASMERCEDINAS.COM\"},\"url\":\"https:\\\/\\\/noticiasmercedinas.com\\\/site\\\/author\\\/anonimo\\\/\"}]}<\/script>\n<!-- \/ Yoast SEO plugin. -->","yoast_head_json":{"title":"La ciudad de Mercedes se consolida como epicentro del cicloturismo regional","description":"\u25a0 M\u00e1s de 180 ciclistas de diversas localidades bonaerenses recorrieron los caminos rurales de la ciudad en una jornada que combin\u00f3 deporte, naturaleza y camarader\u00eda.","robots":{"index":"index","follow":"follow","max-snippet":"max-snippet:-1","max-image-preview":"max-image-preview:large","max-video-preview":"max-video-preview:-1"},"canonical":"https:\/\/noticiasmercedinas.com\/site\/2026\/04\/26\/la-ciudad-de-mercedes-se-consolida-como-epicentro-del-cicloturismo-regional\/","og_locale":"es_ES","og_type":"article","og_title":"La ciudad de Mercedes se consolida como epicentro del cicloturismo regional","og_description":"\u25a0 M\u00e1s de 180 ciclistas de diversas localidades bonaerenses recorrieron los caminos rurales de la ciudad en una jornada que combin\u00f3 deporte, naturaleza y camarader\u00eda.","og_url":"https:\/\/noticiasmercedinas.com\/site\/2026\/04\/26\/la-ciudad-de-mercedes-se-consolida-como-epicentro-del-cicloturismo-regional\/","og_site_name":"NOTICIASMERCEDINAS.COM","article_publisher":"https:\/\/www.facebook.com\/noticiasmercedinas\/","article_published_time":"2026-04-27T00:24:27+00:00","og_image":[{"width":1599,"height":1248,"url":"https:\/\/noticiasmercedinas.com\/site\/wp-content\/uploads\/2026\/04\/WhatsApp-Image-2026-04-26-at-8.13.37-PM-e1777249372894.jpeg","type":"image\/jpeg"}],"author":"NOTICIASMERCEDINAS.COM","twitter_card":"summary_large_image","twitter_creator":"@notmercedinas","twitter_site":"@notmercedinas","twitter_misc":{"Escrito por":"NOTICIASMERCEDINAS.COM","Tiempo de lectura":"2 minutos"},"schema":{"@context":"https:\/\/schema.org","@graph":[{"@type":"Article","@id":"https:\/\/noticiasmercedinas.com\/site\/2026\/04\/26\/la-ciudad-de-mercedes-se-consolida-como-epicentro-del-cicloturismo-regional\/#article","isPartOf":{"@id":"https:\/\/noticiasmercedinas.com\/site\/2026\/04\/26\/la-ciudad-de-mercedes-se-consolida-como-epicentro-del-cicloturismo-regional\/"},"author":{"name":"NOTICIASMERCEDINAS.COM","@id":"https:\/\/noticiasmercedinas.com\/site\/#\/schema\/person\/84b59c099c28ff2e8b77d4ceec5d8063"},"headline":"La ciudad de Mercedes se consolida como epicentro del cicloturismo regional","datePublished":"2026-04-27T00:24:27+00:00","mainEntityOfPage":{"@id":"https:\/\/noticiasmercedinas.com\/site\/2026\/04\/26\/la-ciudad-de-mercedes-se-consolida-como-epicentro-del-cicloturismo-regional\/"},"wordCount":355,"publisher":{"@id":"https:\/\/noticiasmercedinas.com\/site\/#organization"},"image":{"@id":"https:\/\/noticiasmercedinas.com\/site\/2026\/04\/26\/la-ciudad-de-mercedes-se-consolida-como-epicentro-del-cicloturismo-regional\/#primaryimage"},"thumbnailUrl":"https:\/\/noticiasmercedinas.com\/site\/wp-content\/uploads\/2026\/04\/WhatsApp-Image-2026-04-26-at-8.13.37-PM-e1777249372894.jpeg","keywords":["cicloturismo"],"articleSection":["Sociedad"],"inLanguage":"es"},{"@type":"WebPage","@id":"https:\/\/noticiasmercedinas.com\/site\/2026\/04\/26\/la-ciudad-de-mercedes-se-consolida-como-epicentro-del-cicloturismo-regional\/","url":"https:\/\/noticiasmercedinas.com\/site\/2026\/04\/26\/la-ciudad-de-mercedes-se-consolida-como-epicentro-del-cicloturismo-regional\/","name":"La ciudad de Mercedes se consolida como epicentro del cicloturismo regional","isPartOf":{"@id":"https:\/\/noticiasmercedinas.com\/site\/#website"},"primaryImageOfPage":{"@id":"https:\/\/noticiasmercedinas.com\/site\/2026\/04\/26\/la-ciudad-de-mercedes-se-consolida-como-epicentro-del-cicloturismo-regional\/#primaryimage"},"image":{"@id":"https:\/\/noticiasmercedinas.com\/site\/2026\/04\/26\/la-ciudad-de-mercedes-se-consolida-como-epicentro-del-cicloturismo-regional\/#primaryimage"},"thumbnailUrl":"https:\/\/noticiasmercedinas.com\/site\/wp-content\/uploads\/2026\/04\/WhatsApp-Image-2026-04-26-at-8.13.37-PM-e1777249372894.jpeg","datePublished":"2026-04-27T00:24:27+00:00","description":"\u25a0 M\u00e1s de 180 ciclistas de diversas localidades bonaerenses recorrieron los caminos rurales de la ciudad en una jornada que combin\u00f3 deporte, naturaleza y camarader\u00eda.","breadcrumb":{"@id":"https:\/\/noticiasmercedinas.com\/site\/2026\/04\/26\/la-ciudad-de-mercedes-se-consolida-como-epicentro-del-cicloturismo-regional\/#breadcrumb"},"inLanguage":"es","potentialAction":[{"@type":"ReadAction","target":["https:\/\/noticiasmercedinas.com\/site\/2026\/04\/26\/la-ciudad-de-mercedes-se-consolida-como-epicentro-del-cicloturismo-regional\/"]}]},{"@type":"ImageObject","inLanguage":"es","@id":"https:\/\/noticiasmercedinas.com\/site\/2026\/04\/26\/la-ciudad-de-mercedes-se-consolida-como-epicentro-del-cicloturismo-regional\/#primaryimage","url":"https:\/\/noticiasmercedinas.com\/site\/wp-content\/uploads\/2026\/04\/WhatsApp-Image-2026-04-26-at-8.13.37-PM-e1777249372894.jpeg","contentUrl":"https:\/\/noticiasmercedinas.com\/site\/wp-content\/uploads\/2026\/04\/WhatsApp-Image-2026-04-26-at-8.13.37-PM-e1777249372894.jpeg","width":1599,"height":1248},{"@type":"BreadcrumbList","@id":"https:\/\/noticiasmercedinas.com\/site\/2026\/04\/26\/la-ciudad-de-mercedes-se-consolida-como-epicentro-del-cicloturismo-regional\/#breadcrumb","itemListElement":[{"@type":"ListItem","position":1,"name":"Portada","item":"https:\/\/noticiasmercedinas.com\/site\/"},{"@type":"ListItem","position":2,"name":"La ciudad de Mercedes se consolida como epicentro del cicloturismo regional"}]},{"@type":"WebSite","@id":"https:\/\/noticiasmercedinas.com\/site\/#website","url":"https:\/\/noticiasmercedinas.com\/site\/","name":"NOTICIASMERCEDINAS.COM","description":"Mercedes, Buenos Aires, Argentina","publisher":{"@id":"https:\/\/noticiasmercedinas.com\/site\/#organization"},"potentialAction":[{"@type":"SearchAction","target":{"@type":"EntryPoint","urlTemplate":"https:\/\/noticiasmercedinas.com\/site\/?s={search_term_string}"},"query-input":{"@type":"PropertyValueSpecification","valueRequired":true,"valueName":"search_term_string"}}],"inLanguage":"es"},{"@type":"Organization","@id":"https:\/\/noticiasmercedinas.com\/site\/#organization","name":"NOTICIASMERCEDINAS.COM","url":"https:\/\/noticiasmercedinas.com\/site\/","logo":{"@type":"ImageObject","inLanguage":"es","@id":"https:\/\/noticiasmercedinas.com\/site\/#\/schema\/logo\/image\/","url":"https:\/\/noticiasmercedinas.com\/site\/wp-content\/uploads\/2020\/06\/LOGO-512.jpg","contentUrl":"https:\/\/noticiasmercedinas.com\/site\/wp-content\/uploads\/2020\/06\/LOGO-512.jpg","width":512,"height":512,"caption":"NOTICIASMERCEDINAS.COM"},"image":{"@id":"https:\/\/noticiasmercedinas.com\/site\/#\/schema\/logo\/image\/"},"sameAs":["https:\/\/www.facebook.com\/noticiasmercedinas\/","https:\/\/x.com\/notmercedinas","https:\/\/www.instagram.com\/noticiasmercedinas\/"]},{"@type":"Person","@id":"https:\/\/noticiasmercedinas.com\/site\/#\/schema\/person\/84b59c099c28ff2e8b77d4ceec5d8063","name":"NOTICIASMERCEDINAS.COM","image":{"@type":"ImageObject","inLanguage":"es","@id":"https:\/\/secure.gravatar.com\/avatar\/4dfbf16b4d17945bfb6341b2d19043457132fcf478a5ee04f42e959fd8f5df0a?s=96&d=mm&r=g","url":"https:\/\/secure.gravatar.com\/avatar\/4dfbf16b4d17945bfb6341b2d19043457132fcf478a5ee04f42e959fd8f5df0a?s=96&d=mm&r=g","contentUrl":"https:\/\/secure.gravatar.com\/avatar\/4dfbf16b4d17945bfb6341b2d19043457132fcf478a5ee04f42e959fd8f5df0a?s=96&d=mm&r=g","caption":"NOTICIASMERCEDINAS.COM"},"url":"https:\/\/noticiasmercedinas.com\/site\/author\/anonimo\/"}]}},"amp_enabled":true,"_links":{"self":[{"href":"https:\/\/noticiasmercedinas.com\/site\/wp-json\/wp\/v2\/posts\/185158","targetHints":{"allow":["GET"]}}],"collection":[{"href":"https:\/\/noticiasmercedinas.com\/site\/wp-json\/wp\/v2\/posts"}],"about":[{"href":"https:\/\/noticiasmercedinas.com\/site\/wp-json\/wp\/v2\/types\/post"}],"author":[{"embeddable":true,"href":"https:\/\/noticiasmercedinas.com\/site\/wp-json\/wp\/v2\/users\/16"}],"replies":[{"embeddable":true,"href":"https:\/\/noticiasmercedinas.com\/site\/wp-json\/wp\/v2\/comments?post=185158"}],"version-history":[{"count":1,"href":"https:\/\/noticiasmercedinas.com\/site\/wp-json\/wp\/v2\/posts\/185158\/revisions"}],"predecessor-version":[{"id":185160,"href":"https:\/\/noticiasmercedinas.com\/site\/wp-json\/wp\/v2\/posts\/185158\/revisions\/185160"}],"wp:featuredmedia":[{"embeddable":true,"href":"https:\/\/noticiasmercedinas.com\/site\/wp-json\/wp\/v2\/media\/185159"}],"wp:attachment":[{"href":"https:\/\/noticiasmercedinas.com\/site\/wp-json\/wp\/v2\/media?parent=185158"}],"wp:term":[{"taxonomy":"category","embeddable":true,"href":"https:\/\/noticiasmercedinas.com\/site\/wp-json\/wp\/v2\/categories?post=185158"},{"taxonomy":"post_tag","embeddable":true,"href":"https:\/\/noticiasmercedinas.com\/site\/wp-json\/wp\/v2\/tags?post=185158"}],"curies":[{"name":"wp","href":"https:\/\/api.w.org\/{rel}","templated":true}]}}