{"id":185161,"date":"2026-04-26T21:27:14","date_gmt":"2026-04-27T00:27:14","guid":{"rendered":"https:\/\/noticiasmercedinas.com\/site\/?p=185161"},"modified":"2026-04-26T21:27:14","modified_gmt":"2026-04-27T00:27:14","slug":"impulsan-la-profesionalizacion-de-las-cooperadoras-escolares-frente-a-los-desafios-del-2026","status":"publish","type":"post","link":"https:\/\/noticiasmercedinas.com\/site\/2026\/04\/26\/impulsan-la-profesionalizacion-de-las-cooperadoras-escolares-frente-a-los-desafios-del-2026\/","title":{"rendered":"Impulsan la profesionalizaci\u00f3n de las cooperadoras escolares frente a los desaf\u00edos del 2026"},"content":{"rendered":"<p><img loading=\"lazy\" decoding=\"async\" class=\"alignnone size-full wp-image-185162\" src=\"https:\/\/noticiasmercedinas.com\/site\/wp-content\/uploads\/2026\/04\/Cooperadoras-Escolares-1.jpg\" alt=\"\" width=\"1319\" height=\"879\" srcset=\"https:\/\/noticiasmercedinas.com\/site\/wp-content\/uploads\/2026\/04\/Cooperadoras-Escolares-1.jpg 1319w, https:\/\/noticiasmercedinas.com\/site\/wp-content\/uploads\/2026\/04\/Cooperadoras-Escolares-1-300x200.jpg 300w, https:\/\/noticiasmercedinas.com\/site\/wp-content\/uploads\/2026\/04\/Cooperadoras-Escolares-1-1024x682.jpg 1024w, https:\/\/noticiasmercedinas.com\/site\/wp-content\/uploads\/2026\/04\/Cooperadoras-Escolares-1-768x512.jpg 768w, https:\/\/noticiasmercedinas.com\/site\/wp-content\/uploads\/2026\/04\/Cooperadoras-Escolares-1-640x427.jpg 640w, https:\/\/noticiasmercedinas.com\/site\/wp-content\/uploads\/2026\/04\/Cooperadoras-Escolares-1-1280x853.jpg 1280w, https:\/\/noticiasmercedinas.com\/site\/wp-content\/uploads\/2026\/04\/Cooperadoras-Escolares-1-681x454.jpg 681w\" sizes=\"auto, (max-width: 1319px) 100vw, 1319px\" \/><\/p>\n<p>Con el objetivo de fortalecer el tejido social y administrativo de las instituciones educativas, el Municipio de Mercedes, a trav\u00e9s de su Secretar\u00eda de Educaci\u00f3n, anunci\u00f3 el inicio del primer ciclo de encuentros para cooperadoras escolares del a\u00f1o. La iniciativa surge de forma estrat\u00e9gica en la antesala de las asambleas anuales de mayo, periodo clave para la renovaci\u00f3n de mandatos y la regularizaci\u00f3n institucional de las familias en las escuelas.<\/p>\n<p>El secretario de Educaci\u00f3n, Prof. Jos\u00e9 Luis Pisano, destac\u00f3 que la propuesta busca no solo fomentar la participaci\u00f3n, sino brindar herramientas t\u00e9cnicas esenciales. \u00abLa asamblea es el inicio de una serie de responsabilidades legales muy beneficiosas, como el registro de firmas bancarias o la exenci\u00f3n de impuestos a trav\u00e9s de ARCA\u00bb, explic\u00f3 el funcionario, subrayando la necesidad de profesionalizar estas entidades civiles.<\/p>\n<p><strong>Innovaciones en el Presupuesto Participativo<\/strong><br \/>\nUno de los pilares del encuentro ser\u00e1 la presentaci\u00f3n del nuevo cronograma del Presupuesto Participativo Escolar. Para este ciclo 2026, el municipio ha decidido adelantar los plazos con el fin de agilizar la ejecuci\u00f3n de las obras y proyectos que cada comunidad educativa define como prioritarios.<\/p>\n<p>Este esquema renovado apunta a tres ejes fundamentales:<\/p>\n<ul>\n<li>Eficiencia administrativa: Optimizaci\u00f3n del calendario para que los recursos lleguen m\u00e1s r\u00e1pido a los establecimientos.<\/li>\n<li>Asesoramiento integral: Soporte t\u00e9cnico para tr\u00e1mites bancarios y fiscales de las cooperadoras.<\/li>\n<li>Voz comunitaria: Garantizar que directivos y familias tengan una incidencia real en la inversi\u00f3n educativa local.<\/li>\n<\/ul>\n<p><strong>Una agenda de contingencia y seguridad<\/strong><br \/>\nM\u00e1s all\u00e1 de los aspectos t\u00e9cnicos, la gesti\u00f3n encabezada por el intendente Juan Ignacio Ustarroz busca que las cooperadoras se involucren activamente en la protecci\u00f3n del entorno escolar. Ante los recientes episodios de violencia y amenazas que han afectado a diversas instituciones, el municipio y la Federaci\u00f3n de Cooperadoras Escolares trabajar\u00e1n en una agenda conjunta de seguridad.<\/p>\n<p>\u00abQueremos que las familias nos acompa\u00f1en para abordar las situaciones de violencia y amenazas que hemos vivido este \u00faltimo tiempo. Trabajar en comunidad es la instrucci\u00f3n permanente de nuestro intendente\u00bb, enfatiz\u00f3 Pisano.<\/p>\n<p><strong>El rol de la familia en la escuela<\/strong><br \/>\nDesde la cartera educativa reafirmaron que la participaci\u00f3n de los padres y tutores es un pilar indispensable para garantizar la transparencia y el bienestar de los alumnos.<\/p>\n<p>Con la implementaci\u00f3n del programa \u00abCooperar\u00bb, Mercedes busca consolidar a las cooperadoras como actores pol\u00edticos y sociales con capacidad de gesti\u00f3n, transform\u00e1ndolas en verdaderos motores de cambio dentro del sistema educativo bonaerense.<\/p>\n","protected":false},"excerpt":{"rendered":"<p>\u25a0 La Secretar\u00eda de Educaci\u00f3n lanz\u00f3 el programa \u00abCooperar\u00bb para capacitar a las familias en gesti\u00f3n administrativa, agilizar el Presupuesto Participativo y abordar la seguridad en el entorno educativo.<\/p>\n","protected":false},"author":16,"featured_media":185162,"comment_status":"closed","ping_status":"closed","sticky":false,"template":"","format":"standard","meta":{"footnotes":""},"categories":[3],"tags":[17944,18,268],"class_list":["post-185161","post","type-post","status-publish","format-standard","has-post-thumbnail","hentry","category-sociedad","tag-cooperadoras-escolares","tag-escuelas","tag-jose-luis-pisano"],"yoast_head":"<!-- This site is optimized with the Yoast SEO plugin v27.4 - https:\/\/yoast.com\/product\/yoast-seo-wordpress\/ -->\n<title>Impulsan la profesionalizaci\u00f3n de las cooperadoras escolares frente a los desaf\u00edos del 2026<\/title>\n<meta name=\"description\" content=\"La Secretar\u00eda de Educaci\u00f3n lanz\u00f3 el programa &quot;Cooperar&quot; para capacitar a las familias en gesti\u00f3n administrativa, agilizar el Presupuesto Participativo y abordar la seguridad en el entorno educativo.\" \/>\n<meta name=\"robots\" content=\"index, follow, max-snippet:-1, max-image-preview:large, max-video-preview:-1\" \/>\n<link rel=\"canonical\" href=\"https:\/\/noticiasmercedinas.com\/site\/2026\/04\/26\/impulsan-la-profesionalizacion-de-las-cooperadoras-escolares-frente-a-los-desafios-del-2026\/\" \/>\n<meta property=\"og:locale\" content=\"es_ES\" \/>\n<meta property=\"og:type\" content=\"article\" \/>\n<meta property=\"og:title\" content=\"Impulsan la profesionalizaci\u00f3n de las cooperadoras escolares frente a los desaf\u00edos del 2026\" \/>\n<meta property=\"og:description\" content=\"La Secretar\u00eda de Educaci\u00f3n lanz\u00f3 el programa &quot;Cooperar&quot; para capacitar a las familias en gesti\u00f3n administrativa, agilizar el Presupuesto Participativo y abordar la seguridad en el entorno educativo.\" \/>\n<meta property=\"og:url\" content=\"https:\/\/noticiasmercedinas.com\/site\/2026\/04\/26\/impulsan-la-profesionalizacion-de-las-cooperadoras-escolares-frente-a-los-desafios-del-2026\/\" \/>\n<meta property=\"og:site_name\" content=\"NOTICIASMERCEDINAS.COM\" \/>\n<meta property=\"article:publisher\" content=\"https:\/\/www.facebook.com\/noticiasmercedinas\/\" \/>\n<meta property=\"article:published_time\" content=\"2026-04-27T00:27:14+00:00\" \/>\n<meta property=\"og:image\" content=\"https:\/\/noticiasmercedinas.com\/site\/wp-content\/uploads\/2026\/04\/Cooperadoras-Escolares-1.jpg\" \/>\n\t<meta property=\"og:image:width\" content=\"1319\" \/>\n\t<meta property=\"og:image:height\" content=\"879\" \/>\n\t<meta property=\"og:image:type\" content=\"image\/jpeg\" \/>\n<meta name=\"author\" content=\"NOTICIASMERCEDINAS.COM\" \/>\n<meta name=\"twitter:card\" content=\"summary_large_image\" \/>\n<meta name=\"twitter:creator\" content=\"@notmercedinas\" \/>\n<meta name=\"twitter:site\" content=\"@notmercedinas\" \/>\n<meta name=\"twitter:label1\" content=\"Escrito por\" \/>\n\t<meta name=\"twitter:data1\" content=\"NOTICIASMERCEDINAS.COM\" \/>\n\t<meta name=\"twitter:label2\" content=\"Tiempo de lectura\" \/>\n\t<meta name=\"twitter:data2\" content=\"3 minutos\" \/>\n<script type=\"application\/ld+json\" class=\"yoast-schema-graph\">{\"@context\":\"https:\\\/\\\/schema.org\",\"@graph\":[{\"@type\":\"Article\",\"@id\":\"https:\\\/\\\/noticiasmercedinas.com\\\/site\\\/2026\\\/04\\\/26\\\/impulsan-la-profesionalizacion-de-las-cooperadoras-escolares-frente-a-los-desafios-del-2026\\\/#article\",\"isPartOf\":{\"@id\":\"https:\\\/\\\/noticiasmercedinas.com\\\/site\\\/2026\\\/04\\\/26\\\/impulsan-la-profesionalizacion-de-las-cooperadoras-escolares-frente-a-los-desafios-del-2026\\\/\"},\"author\":{\"name\":\"NOTICIASMERCEDINAS.COM\",\"@id\":\"https:\\\/\\\/noticiasmercedinas.com\\\/site\\\/#\\\/schema\\\/person\\\/84b59c099c28ff2e8b77d4ceec5d8063\"},\"headline\":\"Impulsan la profesionalizaci\u00f3n de las cooperadoras escolares frente a los desaf\u00edos del 2026\",\"datePublished\":\"2026-04-27T00:27:14+00:00\",\"mainEntityOfPage\":{\"@id\":\"https:\\\/\\\/noticiasmercedinas.com\\\/site\\\/2026\\\/04\\\/26\\\/impulsan-la-profesionalizacion-de-las-cooperadoras-escolares-frente-a-los-desafios-del-2026\\\/\"},\"wordCount\":442,\"publisher\":{\"@id\":\"https:\\\/\\\/noticiasmercedinas.com\\\/site\\\/#organization\"},\"image\":{\"@id\":\"https:\\\/\\\/noticiasmercedinas.com\\\/site\\\/2026\\\/04\\\/26\\\/impulsan-la-profesionalizacion-de-las-cooperadoras-escolares-frente-a-los-desafios-del-2026\\\/#primaryimage\"},\"thumbnailUrl\":\"https:\\\/\\\/noticiasmercedinas.com\\\/site\\\/wp-content\\\/uploads\\\/2026\\\/04\\\/Cooperadoras-Escolares-1.jpg\",\"keywords\":[\"cooperadoras escolares\",\"escuelas\",\"jose luis pisano\"],\"articleSection\":[\"Sociedad\"],\"inLanguage\":\"es\"},{\"@type\":\"WebPage\",\"@id\":\"https:\\\/\\\/noticiasmercedinas.com\\\/site\\\/2026\\\/04\\\/26\\\/impulsan-la-profesionalizacion-de-las-cooperadoras-escolares-frente-a-los-desafios-del-2026\\\/\",\"url\":\"https:\\\/\\\/noticiasmercedinas.com\\\/site\\\/2026\\\/04\\\/26\\\/impulsan-la-profesionalizacion-de-las-cooperadoras-escolares-frente-a-los-desafios-del-2026\\\/\",\"name\":\"Impulsan la profesionalizaci\u00f3n de las cooperadoras escolares frente a los desaf\u00edos del 2026\",\"isPartOf\":{\"@id\":\"https:\\\/\\\/noticiasmercedinas.com\\\/site\\\/#website\"},\"primaryImageOfPage\":{\"@id\":\"https:\\\/\\\/noticiasmercedinas.com\\\/site\\\/2026\\\/04\\\/26\\\/impulsan-la-profesionalizacion-de-las-cooperadoras-escolares-frente-a-los-desafios-del-2026\\\/#primaryimage\"},\"image\":{\"@id\":\"https:\\\/\\\/noticiasmercedinas.com\\\/site\\\/2026\\\/04\\\/26\\\/impulsan-la-profesionalizacion-de-las-cooperadoras-escolares-frente-a-los-desafios-del-2026\\\/#primaryimage\"},\"thumbnailUrl\":\"https:\\\/\\\/noticiasmercedinas.com\\\/site\\\/wp-content\\\/uploads\\\/2026\\\/04\\\/Cooperadoras-Escolares-1.jpg\",\"datePublished\":\"2026-04-27T00:27:14+00:00\",\"description\":\"La Secretar\u00eda de Educaci\u00f3n lanz\u00f3 el programa \\\"Cooperar\\\" para capacitar a las familias en gesti\u00f3n administrativa, agilizar el Presupuesto Participativo y abordar la seguridad en el entorno educativo.\",\"breadcrumb\":{\"@id\":\"https:\\\/\\\/noticiasmercedinas.com\\\/site\\\/2026\\\/04\\\/26\\\/impulsan-la-profesionalizacion-de-las-cooperadoras-escolares-frente-a-los-desafios-del-2026\\\/#breadcrumb\"},\"inLanguage\":\"es\",\"potentialAction\":[{\"@type\":\"ReadAction\",\"target\":[\"https:\\\/\\\/noticiasmercedinas.com\\\/site\\\/2026\\\/04\\\/26\\\/impulsan-la-profesionalizacion-de-las-cooperadoras-escolares-frente-a-los-desafios-del-2026\\\/\"]}]},{\"@type\":\"ImageObject\",\"inLanguage\":\"es\",\"@id\":\"https:\\\/\\\/noticiasmercedinas.com\\\/site\\\/2026\\\/04\\\/26\\\/impulsan-la-profesionalizacion-de-las-cooperadoras-escolares-frente-a-los-desafios-del-2026\\\/#primaryimage\",\"url\":\"https:\\\/\\\/noticiasmercedinas.com\\\/site\\\/wp-content\\\/uploads\\\/2026\\\/04\\\/Cooperadoras-Escolares-1.jpg\",\"contentUrl\":\"https:\\\/\\\/noticiasmercedinas.com\\\/site\\\/wp-content\\\/uploads\\\/2026\\\/04\\\/Cooperadoras-Escolares-1.jpg\",\"width\":1319,\"height\":879},{\"@type\":\"BreadcrumbList\",\"@id\":\"https:\\\/\\\/noticiasmercedinas.com\\\/site\\\/2026\\\/04\\\/26\\\/impulsan-la-profesionalizacion-de-las-cooperadoras-escolares-frente-a-los-desafios-del-2026\\\/#breadcrumb\",\"itemListElement\":[{\"@type\":\"ListItem\",\"position\":1,\"name\":\"Portada\",\"item\":\"https:\\\/\\\/noticiasmercedinas.com\\\/site\\\/\"},{\"@type\":\"ListItem\",\"position\":2,\"name\":\"Impulsan la profesionalizaci\u00f3n de las cooperadoras escolares frente a los desaf\u00edos del 2026\"}]},{\"@type\":\"WebSite\",\"@id\":\"https:\\\/\\\/noticiasmercedinas.com\\\/site\\\/#website\",\"url\":\"https:\\\/\\\/noticiasmercedinas.com\\\/site\\\/\",\"name\":\"NOTICIASMERCEDINAS.COM\",\"description\":\"Mercedes, Buenos Aires, Argentina\",\"publisher\":{\"@id\":\"https:\\\/\\\/noticiasmercedinas.com\\\/site\\\/#organization\"},\"potentialAction\":[{\"@type\":\"SearchAction\",\"target\":{\"@type\":\"EntryPoint\",\"urlTemplate\":\"https:\\\/\\\/noticiasmercedinas.com\\\/site\\\/?s={search_term_string}\"},\"query-input\":{\"@type\":\"PropertyValueSpecification\",\"valueRequired\":true,\"valueName\":\"search_term_string\"}}],\"inLanguage\":\"es\"},{\"@type\":\"Organization\",\"@id\":\"https:\\\/\\\/noticiasmercedinas.com\\\/site\\\/#organization\",\"name\":\"NOTICIASMERCEDINAS.COM\",\"url\":\"https:\\\/\\\/noticiasmercedinas.com\\\/site\\\/\",\"logo\":{\"@type\":\"ImageObject\",\"inLanguage\":\"es\",\"@id\":\"https:\\\/\\\/noticiasmercedinas.com\\\/site\\\/#\\\/schema\\\/logo\\\/image\\\/\",\"url\":\"https:\\\/\\\/noticiasmercedinas.com\\\/site\\\/wp-content\\\/uploads\\\/2020\\\/06\\\/LOGO-512.jpg\",\"contentUrl\":\"https:\\\/\\\/noticiasmercedinas.com\\\/site\\\/wp-content\\\/uploads\\\/2020\\\/06\\\/LOGO-512.jpg\",\"width\":512,\"height\":512,\"caption\":\"NOTICIASMERCEDINAS.COM\"},\"image\":{\"@id\":\"https:\\\/\\\/noticiasmercedinas.com\\\/site\\\/#\\\/schema\\\/logo\\\/image\\\/\"},\"sameAs\":[\"https:\\\/\\\/www.facebook.com\\\/noticiasmercedinas\\\/\",\"https:\\\/\\\/x.com\\\/notmercedinas\",\"https:\\\/\\\/www.instagram.com\\\/noticiasmercedinas\\\/\"]},{\"@type\":\"Person\",\"@id\":\"https:\\\/\\\/noticiasmercedinas.com\\\/site\\\/#\\\/schema\\\/person\\\/84b59c099c28ff2e8b77d4ceec5d8063\",\"name\":\"NOTICIASMERCEDINAS.COM\",\"image\":{\"@type\":\"ImageObject\",\"inLanguage\":\"es\",\"@id\":\"https:\\\/\\\/secure.gravatar.com\\\/avatar\\\/4dfbf16b4d17945bfb6341b2d19043457132fcf478a5ee04f42e959fd8f5df0a?s=96&d=mm&r=g\",\"url\":\"https:\\\/\\\/secure.gravatar.com\\\/avatar\\\/4dfbf16b4d17945bfb6341b2d19043457132fcf478a5ee04f42e959fd8f5df0a?s=96&d=mm&r=g\",\"contentUrl\":\"https:\\\/\\\/secure.gravatar.com\\\/avatar\\\/4dfbf16b4d17945bfb6341b2d19043457132fcf478a5ee04f42e959fd8f5df0a?s=96&d=mm&r=g\",\"caption\":\"NOTICIASMERCEDINAS.COM\"},\"url\":\"https:\\\/\\\/noticiasmercedinas.com\\\/site\\\/author\\\/anonimo\\\/\"}]}<\/script>\n<!-- \/ Yoast SEO plugin. -->","yoast_head_json":{"title":"Impulsan la profesionalizaci\u00f3n de las cooperadoras escolares frente a los desaf\u00edos del 2026","description":"La Secretar\u00eda de Educaci\u00f3n lanz\u00f3 el programa \"Cooperar\" para capacitar a las familias en gesti\u00f3n administrativa, agilizar el Presupuesto Participativo y abordar la seguridad en el entorno educativo.","robots":{"index":"index","follow":"follow","max-snippet":"max-snippet:-1","max-image-preview":"max-image-preview:large","max-video-preview":"max-video-preview:-1"},"canonical":"https:\/\/noticiasmercedinas.com\/site\/2026\/04\/26\/impulsan-la-profesionalizacion-de-las-cooperadoras-escolares-frente-a-los-desafios-del-2026\/","og_locale":"es_ES","og_type":"article","og_title":"Impulsan la profesionalizaci\u00f3n de las cooperadoras escolares frente a los desaf\u00edos del 2026","og_description":"La Secretar\u00eda de Educaci\u00f3n lanz\u00f3 el programa \"Cooperar\" para capacitar a las familias en gesti\u00f3n administrativa, agilizar el Presupuesto Participativo y abordar la seguridad en el entorno educativo.","og_url":"https:\/\/noticiasmercedinas.com\/site\/2026\/04\/26\/impulsan-la-profesionalizacion-de-las-cooperadoras-escolares-frente-a-los-desafios-del-2026\/","og_site_name":"NOTICIASMERCEDINAS.COM","article_publisher":"https:\/\/www.facebook.com\/noticiasmercedinas\/","article_published_time":"2026-04-27T00:27:14+00:00","og_image":[{"width":1319,"height":879,"url":"https:\/\/noticiasmercedinas.com\/site\/wp-content\/uploads\/2026\/04\/Cooperadoras-Escolares-1.jpg","type":"image\/jpeg"}],"author":"NOTICIASMERCEDINAS.COM","twitter_card":"summary_large_image","twitter_creator":"@notmercedinas","twitter_site":"@notmercedinas","twitter_misc":{"Escrito por":"NOTICIASMERCEDINAS.COM","Tiempo de lectura":"3 minutos"},"schema":{"@context":"https:\/\/schema.org","@graph":[{"@type":"Article","@id":"https:\/\/noticiasmercedinas.com\/site\/2026\/04\/26\/impulsan-la-profesionalizacion-de-las-cooperadoras-escolares-frente-a-los-desafios-del-2026\/#article","isPartOf":{"@id":"https:\/\/noticiasmercedinas.com\/site\/2026\/04\/26\/impulsan-la-profesionalizacion-de-las-cooperadoras-escolares-frente-a-los-desafios-del-2026\/"},"author":{"name":"NOTICIASMERCEDINAS.COM","@id":"https:\/\/noticiasmercedinas.com\/site\/#\/schema\/person\/84b59c099c28ff2e8b77d4ceec5d8063"},"headline":"Impulsan la profesionalizaci\u00f3n de las cooperadoras escolares frente a los desaf\u00edos del 2026","datePublished":"2026-04-27T00:27:14+00:00","mainEntityOfPage":{"@id":"https:\/\/noticiasmercedinas.com\/site\/2026\/04\/26\/impulsan-la-profesionalizacion-de-las-cooperadoras-escolares-frente-a-los-desafios-del-2026\/"},"wordCount":442,"publisher":{"@id":"https:\/\/noticiasmercedinas.com\/site\/#organization"},"image":{"@id":"https:\/\/noticiasmercedinas.com\/site\/2026\/04\/26\/impulsan-la-profesionalizacion-de-las-cooperadoras-escolares-frente-a-los-desafios-del-2026\/#primaryimage"},"thumbnailUrl":"https:\/\/noticiasmercedinas.com\/site\/wp-content\/uploads\/2026\/04\/Cooperadoras-Escolares-1.jpg","keywords":["cooperadoras escolares","escuelas","jose luis pisano"],"articleSection":["Sociedad"],"inLanguage":"es"},{"@type":"WebPage","@id":"https:\/\/noticiasmercedinas.com\/site\/2026\/04\/26\/impulsan-la-profesionalizacion-de-las-cooperadoras-escolares-frente-a-los-desafios-del-2026\/","url":"https:\/\/noticiasmercedinas.com\/site\/2026\/04\/26\/impulsan-la-profesionalizacion-de-las-cooperadoras-escolares-frente-a-los-desafios-del-2026\/","name":"Impulsan la profesionalizaci\u00f3n de las cooperadoras escolares frente a los desaf\u00edos del 2026","isPartOf":{"@id":"https:\/\/noticiasmercedinas.com\/site\/#website"},"primaryImageOfPage":{"@id":"https:\/\/noticiasmercedinas.com\/site\/2026\/04\/26\/impulsan-la-profesionalizacion-de-las-cooperadoras-escolares-frente-a-los-desafios-del-2026\/#primaryimage"},"image":{"@id":"https:\/\/noticiasmercedinas.com\/site\/2026\/04\/26\/impulsan-la-profesionalizacion-de-las-cooperadoras-escolares-frente-a-los-desafios-del-2026\/#primaryimage"},"thumbnailUrl":"https:\/\/noticiasmercedinas.com\/site\/wp-content\/uploads\/2026\/04\/Cooperadoras-Escolares-1.jpg","datePublished":"2026-04-27T00:27:14+00:00","description":"La Secretar\u00eda de Educaci\u00f3n lanz\u00f3 el programa \"Cooperar\" para capacitar a las familias en gesti\u00f3n administrativa, agilizar el Presupuesto Participativo y abordar la seguridad en el entorno educativo.","breadcrumb":{"@id":"https:\/\/noticiasmercedinas.com\/site\/2026\/04\/26\/impulsan-la-profesionalizacion-de-las-cooperadoras-escolares-frente-a-los-desafios-del-2026\/#breadcrumb"},"inLanguage":"es","potentialAction":[{"@type":"ReadAction","target":["https:\/\/noticiasmercedinas.com\/site\/2026\/04\/26\/impulsan-la-profesionalizacion-de-las-cooperadoras-escolares-frente-a-los-desafios-del-2026\/"]}]},{"@type":"ImageObject","inLanguage":"es","@id":"https:\/\/noticiasmercedinas.com\/site\/2026\/04\/26\/impulsan-la-profesionalizacion-de-las-cooperadoras-escolares-frente-a-los-desafios-del-2026\/#primaryimage","url":"https:\/\/noticiasmercedinas.com\/site\/wp-content\/uploads\/2026\/04\/Cooperadoras-Escolares-1.jpg","contentUrl":"https:\/\/noticiasmercedinas.com\/site\/wp-content\/uploads\/2026\/04\/Cooperadoras-Escolares-1.jpg","width":1319,"height":879},{"@type":"BreadcrumbList","@id":"https:\/\/noticiasmercedinas.com\/site\/2026\/04\/26\/impulsan-la-profesionalizacion-de-las-cooperadoras-escolares-frente-a-los-desafios-del-2026\/#breadcrumb","itemListElement":[{"@type":"ListItem","position":1,"name":"Portada","item":"https:\/\/noticiasmercedinas.com\/site\/"},{"@type":"ListItem","position":2,"name":"Impulsan la profesionalizaci\u00f3n de las cooperadoras escolares frente a los desaf\u00edos del 2026"}]},{"@type":"WebSite","@id":"https:\/\/noticiasmercedinas.com\/site\/#website","url":"https:\/\/noticiasmercedinas.com\/site\/","name":"NOTICIASMERCEDINAS.COM","description":"Mercedes, Buenos Aires, Argentina","publisher":{"@id":"https:\/\/noticiasmercedinas.com\/site\/#organization"},"potentialAction":[{"@type":"SearchAction","target":{"@type":"EntryPoint","urlTemplate":"https:\/\/noticiasmercedinas.com\/site\/?s={search_term_string}"},"query-input":{"@type":"PropertyValueSpecification","valueRequired":true,"valueName":"search_term_string"}}],"inLanguage":"es"},{"@type":"Organization","@id":"https:\/\/noticiasmercedinas.com\/site\/#organization","name":"NOTICIASMERCEDINAS.COM","url":"https:\/\/noticiasmercedinas.com\/site\/","logo":{"@type":"ImageObject","inLanguage":"es","@id":"https:\/\/noticiasmercedinas.com\/site\/#\/schema\/logo\/image\/","url":"https:\/\/noticiasmercedinas.com\/site\/wp-content\/uploads\/2020\/06\/LOGO-512.jpg","contentUrl":"https:\/\/noticiasmercedinas.com\/site\/wp-content\/uploads\/2020\/06\/LOGO-512.jpg","width":512,"height":512,"caption":"NOTICIASMERCEDINAS.COM"},"image":{"@id":"https:\/\/noticiasmercedinas.com\/site\/#\/schema\/logo\/image\/"},"sameAs":["https:\/\/www.facebook.com\/noticiasmercedinas\/","https:\/\/x.com\/notmercedinas","https:\/\/www.instagram.com\/noticiasmercedinas\/"]},{"@type":"Person","@id":"https:\/\/noticiasmercedinas.com\/site\/#\/schema\/person\/84b59c099c28ff2e8b77d4ceec5d8063","name":"NOTICIASMERCEDINAS.COM","image":{"@type":"ImageObject","inLanguage":"es","@id":"https:\/\/secure.gravatar.com\/avatar\/4dfbf16b4d17945bfb6341b2d19043457132fcf478a5ee04f42e959fd8f5df0a?s=96&d=mm&r=g","url":"https:\/\/secure.gravatar.com\/avatar\/4dfbf16b4d17945bfb6341b2d19043457132fcf478a5ee04f42e959fd8f5df0a?s=96&d=mm&r=g","contentUrl":"https:\/\/secure.gravatar.com\/avatar\/4dfbf16b4d17945bfb6341b2d19043457132fcf478a5ee04f42e959fd8f5df0a?s=96&d=mm&r=g","caption":"NOTICIASMERCEDINAS.COM"},"url":"https:\/\/noticiasmercedinas.com\/site\/author\/anonimo\/"}]}},"amp_enabled":true,"_links":{"self":[{"href":"https:\/\/noticiasmercedinas.com\/site\/wp-json\/wp\/v2\/posts\/185161","targetHints":{"allow":["GET"]}}],"collection":[{"href":"https:\/\/noticiasmercedinas.com\/site\/wp-json\/wp\/v2\/posts"}],"about":[{"href":"https:\/\/noticiasmercedinas.com\/site\/wp-json\/wp\/v2\/types\/post"}],"author":[{"embeddable":true,"href":"https:\/\/noticiasmercedinas.com\/site\/wp-json\/wp\/v2\/users\/16"}],"replies":[{"embeddable":true,"href":"https:\/\/noticiasmercedinas.com\/site\/wp-json\/wp\/v2\/comments?post=185161"}],"version-history":[{"count":1,"href":"https:\/\/noticiasmercedinas.com\/site\/wp-json\/wp\/v2\/posts\/185161\/revisions"}],"predecessor-version":[{"id":185163,"href":"https:\/\/noticiasmercedinas.com\/site\/wp-json\/wp\/v2\/posts\/185161\/revisions\/185163"}],"wp:featuredmedia":[{"embeddable":true,"href":"https:\/\/noticiasmercedinas.com\/site\/wp-json\/wp\/v2\/media\/185162"}],"wp:attachment":[{"href":"https:\/\/noticiasmercedinas.com\/site\/wp-json\/wp\/v2\/media?parent=185161"}],"wp:term":[{"taxonomy":"category","embeddable":true,"href":"https:\/\/noticiasmercedinas.com\/site\/wp-json\/wp\/v2\/categories?post=185161"},{"taxonomy":"post_tag","embeddable":true,"href":"https:\/\/noticiasmercedinas.com\/site\/wp-json\/wp\/v2\/tags?post=185161"}],"curies":[{"name":"wp","href":"https:\/\/api.w.org\/{rel}","templated":true}]}}