{"id":185170,"date":"2026-04-26T22:22:48","date_gmt":"2026-04-27T01:22:48","guid":{"rendered":"https:\/\/noticiasmercedinas.com\/site\/?p=185170"},"modified":"2026-04-26T22:22:48","modified_gmt":"2026-04-27T01:22:48","slug":"club-mercedes-resistio-en-villa-soldati-y-estira-su-racha-positiva","status":"publish","type":"post","link":"https:\/\/noticiasmercedinas.com\/site\/2026\/04\/26\/club-mercedes-resistio-en-villa-soldati-y-estira-su-racha-positiva\/","title":{"rendered":"Club Mercedes resisti\u00f3 en Villa Soldati y estira su racha positiva"},"content":{"rendered":"<figure id=\"attachment_185171\" aria-describedby=\"caption-attachment-185171\" style=\"width: 640px\" class=\"wp-caption alignnone\"><img loading=\"lazy\" decoding=\"async\" class=\"wp-image-185171 size-full\" src=\"https:\/\/noticiasmercedinas.com\/site\/wp-content\/uploads\/2026\/04\/IMG_1236.jpg\" alt=\"\" width=\"640\" height=\"412\" srcset=\"https:\/\/noticiasmercedinas.com\/site\/wp-content\/uploads\/2026\/04\/IMG_1236.jpg 640w, https:\/\/noticiasmercedinas.com\/site\/wp-content\/uploads\/2026\/04\/IMG_1236-300x194.jpg 300w\" sizes=\"auto, (max-width: 640px) 100vw, 640px\" \/><figcaption id=\"caption-attachment-185171\" class=\"wp-caption-text\">Mercedes visit\u00f3 a Sacachispas, tuvo sus chances.<\/figcaption><\/figure>\n<p>En el marco de la novena fecha del torneo de la <strong>Primera C<\/strong>, <strong>Club Mercedes<\/strong> rescat\u00f3 un valioso empate sin goles este domingo ante <strong>Sacachispas<\/strong> en el estadio \u00abBeto\u00bb Larrosa. Pese a que el conjunto local buscaba una victoria que lo depositara en la cima del campeonato tras la ca\u00edda del puntero Berazategui, el planteo t\u00e1ctico de la visita neutraliz\u00f3 las ambiciones del \u00abLila\u00bb en una tarde de condiciones clim\u00e1ticas adversas.<\/p>\n<p>Desde el inicio del cotejo, el equipo dirigido por <strong>Oscar Mena<\/strong> demostr\u00f3 que no ir\u00eda a Buenos Aires meramente a refugiarse. En los minutos iniciales, Mercedes cont\u00f3 con una doble oportunidad clara en los pies de Ruiz y D\u00edaz, cuya definici\u00f3n fue providencialmente rechazada sobre la l\u00ednea por el defensor Roncanieri. Sacachispas, por su parte, intent\u00f3 dominar la posesi\u00f3n, pero se encontr\u00f3 con un mediocampo combativo y una actuaci\u00f3n segura del arquero <strong>Casco<\/strong>, quien respondi\u00f3 con solvencia cada vez que su defensa fue superada.<\/p>\n<p><img loading=\"lazy\" decoding=\"async\" class=\"alignnone size-full wp-image-185172\" src=\"https:\/\/noticiasmercedinas.com\/site\/wp-content\/uploads\/2026\/04\/IMG_1260.jpg\" alt=\"\" width=\"640\" height=\"427\" srcset=\"https:\/\/noticiasmercedinas.com\/site\/wp-content\/uploads\/2026\/04\/IMG_1260.jpg 640w, https:\/\/noticiasmercedinas.com\/site\/wp-content\/uploads\/2026\/04\/IMG_1260-300x200.jpg 300w\" sizes=\"auto, (max-width: 640px) 100vw, 640px\" \/><\/p>\n<p>Durante el complemento, la visita fortaleci\u00f3 su esquema defensivo y logr\u00f3 cerrar todos los caminos al arco propio. El desconcierto se apoder\u00f3 del due\u00f1o de casa, que no encontr\u00f3 soluciones en el banco de relevos, mientras que Mercedes gestion\u00f3 el tiempo con inteligencia, ganando metros mediante tiros de esquina y manteniendo el peligro lejos de su \u00e1rea. El encuentro tambi\u00e9n marc\u00f3 un hito personal para el juvenil <strong>Tom\u00e1s Costa<\/strong>, quien hizo su debut oficial en la categor\u00eda al ingresar durante los \u00faltimos 15 minutos para ocupar el sector derecho del mediocampo.<\/p>\n<p>Con este reparto de puntos, Club Mercedes no solo suma en una cancha tradicionalmente dif\u00edcil, sino que consolida un presente defensivo notable al encadenar <strong>cuatro encuentros consecutivos sin recibir goles<\/strong>, factor clave para mantenerse en los puestos de vanguardia que otorgan la clasificaci\u00f3n al reducido.<\/p>\n<p><img loading=\"lazy\" decoding=\"async\" class=\"alignnone size-full wp-image-185173\" src=\"https:\/\/noticiasmercedinas.com\/site\/wp-content\/uploads\/2026\/04\/IMG_1302.jpg\" alt=\"\" width=\"640\" height=\"427\" srcset=\"https:\/\/noticiasmercedinas.com\/site\/wp-content\/uploads\/2026\/04\/IMG_1302.jpg 640w, https:\/\/noticiasmercedinas.com\/site\/wp-content\/uploads\/2026\/04\/IMG_1302-300x200.jpg 300w\" sizes=\"auto, (max-width: 640px) 100vw, 640px\" \/><\/p>\n<p>En la pr\u00f3xima jornada, correspondiente a la d\u00e9cima fecha, el conjunto mercedino recibir\u00e1 a <strong>Juventud Unida<\/strong>. Debido a las tareas de resembrado en el campo de juego de la Liga, el partido se disputar\u00e1 en el estadio del <strong>Club Estudiantes<\/strong> (Ruta 41 y Avenida 40) el pr\u00f3ximo domingo a partir de las 15:30 horas.<\/p>\n<p><strong>Sacachispas\u00a0 0:<\/strong> Facundo Troncoso, Gonzalo Roncanieri, Mat\u00edas Arias, Luis Lorenzi, Ricardo Priori, Lucas D\u00edaz, Santiago Gallardo, Alejo Monje, Facundo Durso, H\u00e9ctor Canteros y Diego Molina. <strong>DT:<\/strong> Agust\u00edn Castiglione. <strong>Relevos:<\/strong> Neyder Arag\u00f3n, Al\u00e1n Abreg\u00fa, Emanuel Barreiro y Leandro R\u00edos<\/p>\n<p><strong>Club Mercedes 0:<\/strong> Iv\u00e1n Casco, Hern\u00e1n Pineda, Rodrigo Torres, M\u00e1ximo Chan, Maximiliano Pighin, Mart\u00edn Zuccaro, Lisandro S\u00e1nchez Olmos, Tom\u00e1s Chaparro, Francisco Ruiz, Dante D\u00edaz y Juan Rom\u00e1n L\u00f3pez. <strong>DT: <\/strong>Oscar Mena. <strong>Relevos:<\/strong> Kevin Semeniuk, Facundo Alani, Thom\u00e1s Bentancor y Leandro Amado.<\/p>\n<p><strong>Cambios en el ST:<\/strong> A los 17\u2019 Gonzalo Ca\u00f1ete por Chaparro y Franco Ortigosa por L\u00f3pez en Club Mercedes, 19\u2019 Ernesto Gallardo por D\u00edaz y Lautaro Torres por Durso en Sacachispas, 30\u2019 Ger\u00f3nimo Cardozo por Molina en Sacachispas, 34\u2019 Tom\u00e1s Costa por D\u00edaz y Juan Culio por S\u00e1nchez Olmos en Club Mercdes, 40\u2019 Gonzalo Vivanco por S. Gallardo y Marcos Sosa por Roncanieri en Sacachispas, 42\u2019 Mateo Blanco por Ruiz en Club Mercedes.<br \/>\n<strong>\u00c1rbitro:<\/strong> Gonzalo Correa.<\/p>\n<p><strong>Resultados<br \/>\nZona A<br \/>\nCambaceres 0.<br \/>\nPuerto Nuevo 0.<br \/>\n<\/strong><br \/>\n<strong>Estrella 1:<\/strong> Juan Scarel.<br \/>\n<strong>C. Espa\u00f1ol 0<\/strong>.<\/p>\n<p><strong>Berazategui 2:<\/strong> Gustavo Fern\u00e1ndez y Braian Ben\u00edtez.<br \/>\n<strong>Victoriano Arenas 3:<\/strong> Leonel Duarte y Leandro Zacar\u00edas 2, uno de penal.<\/p>\n<p><strong>Zona B<\/strong><br \/>\n<strong>Luj\u00e1n 1:<\/strong> Tom\u00e1s Dopazo.<br \/>\n<strong>Deportivo Espa\u00f1ol 1:<\/strong> Tob\u00edaa Narejko.<\/p>\n<p><strong>F\u00e9nix 0.<br \/>\nClaypole 2:<\/strong> Tom\u00e1s Luj\u00e1n y Axel Paiva.<\/p>\n<p><img loading=\"lazy\" decoding=\"async\" class=\"alignnone size-full wp-image-185175\" src=\"https:\/\/noticiasmercedinas.com\/site\/wp-content\/uploads\/2026\/04\/Primera-C-2026-10.jpg\" alt=\"\" width=\"640\" height=\"815\" srcset=\"https:\/\/noticiasmercedinas.com\/site\/wp-content\/uploads\/2026\/04\/Primera-C-2026-10.jpg 640w, https:\/\/noticiasmercedinas.com\/site\/wp-content\/uploads\/2026\/04\/Primera-C-2026-10-236x300.jpg 236w\" sizes=\"auto, (max-width: 640px) 100vw, 640px\" \/><br \/>\n<strong><br \/>\nLunes 27<\/strong><br \/>\nA las 15.30 Sportivo Barracas vs. Central C\u00f3rdoba.<br \/>\nA las 15.30 Central Ballester vs. F\u00e9nix.<\/p>\n<p><strong>Pr\u00f3xima fecha \u2013 d\u00e9cima<\/strong><br \/>\n<strong>Zona A<\/strong><br \/>\nPuerto Nuevo vs. Alem.<br \/>\nDep. Paraguayo vs. Cambaceres.<br \/>\nClub Mercedes vs. Juventud.<br \/>\nJJ Urquiza vs. Sacachispas.<br \/>\nC. Espa\u00f1ol vs. Argentino.<br \/>\nV. Arenas vs. Estrella.<br \/>\nBerazategui vs. Lugano.<\/p>\n<p><strong>Zona B<\/strong><br \/>\nCa\u00f1uelas vs. Lamadrid.<br \/>\nMu\u00f1iz vs. Luj\u00e1n.<br \/>\nD. Espa\u00f1ol vs. S. Barracas.<br \/>\nC. C\u00f3rdoba vs. F\u00e9nix.<br \/>\nClaypole vs. El Porvenir.<br \/>\nYupanqui vs. C. Ballester.<br \/>\nAtlas vs. Leones.<\/p>\n","protected":false},"excerpt":{"rendered":"<p>En un encuentro marcado por el viento y la solidez defensiva, el \u00abBlanquinegro\u00bb igual\u00f3 0 a 0 frente al \u00abLila\u00bb. Con este resultado, el equipo de Oscar Mena se mantiene en zona de reducido y acumula cuatro partidos con la valla invicta.<\/p>\n","protected":false},"author":6,"featured_media":185171,"comment_status":"closed","ping_status":"closed","sticky":false,"template":"","format":"standard","meta":{"footnotes":""},"categories":[5],"tags":[6424,22086,6434,8662],"class_list":["post-185170","post","type-post","status-publish","format-standard","has-post-thumbnail","hentry","category-deportes","tag-afa","tag-cllub-mercedes","tag-primera-c","tag-sacachispas"],"yoast_head":"<!-- This site is optimized with the Yoast SEO plugin v27.4 - https:\/\/yoast.com\/product\/yoast-seo-wordpress\/ -->\n<title>Club Mercedes resisti\u00f3 en Villa Soldati y estira su racha positiva<\/title>\n<meta name=\"robots\" content=\"index, follow, max-snippet:-1, max-image-preview:large, max-video-preview:-1\" \/>\n<link rel=\"canonical\" href=\"https:\/\/noticiasmercedinas.com\/site\/2026\/04\/26\/club-mercedes-resistio-en-villa-soldati-y-estira-su-racha-positiva\/\" \/>\n<meta property=\"og:locale\" content=\"es_ES\" \/>\n<meta property=\"og:type\" content=\"article\" \/>\n<meta property=\"og:title\" content=\"Club Mercedes resisti\u00f3 en Villa Soldati y estira su racha positiva\" \/>\n<meta property=\"og:description\" content=\"En un encuentro marcado por el viento y la solidez defensiva, el &quot;Blanquinegro&quot; igual\u00f3 0 a 0 frente al &quot;Lila&quot;. Con este resultado, el equipo de Oscar Mena se mantiene en zona de reducido y acumula cuatro partidos con la valla invicta.\" \/>\n<meta property=\"og:url\" content=\"https:\/\/noticiasmercedinas.com\/site\/2026\/04\/26\/club-mercedes-resistio-en-villa-soldati-y-estira-su-racha-positiva\/\" \/>\n<meta property=\"og:site_name\" content=\"NOTICIASMERCEDINAS.COM\" \/>\n<meta property=\"article:publisher\" content=\"https:\/\/www.facebook.com\/noticiasmercedinas\/\" \/>\n<meta property=\"article:published_time\" content=\"2026-04-27T01:22:48+00:00\" \/>\n<meta property=\"og:image\" content=\"https:\/\/noticiasmercedinas.com\/site\/wp-content\/uploads\/2026\/04\/IMG_1236.jpg\" \/>\n\t<meta property=\"og:image:width\" content=\"640\" \/>\n\t<meta property=\"og:image:height\" content=\"412\" \/>\n\t<meta property=\"og:image:type\" content=\"image\/jpeg\" \/>\n<meta name=\"author\" content=\"Juan Dagnino NOTICIASMERCEDINAS.COM\" \/>\n<meta name=\"twitter:card\" content=\"summary_large_image\" \/>\n<meta name=\"twitter:creator\" content=\"@notmercedinas\" \/>\n<meta name=\"twitter:site\" content=\"@notmercedinas\" \/>\n<meta name=\"twitter:label1\" content=\"Escrito por\" \/>\n\t<meta name=\"twitter:data1\" content=\"Juan Dagnino NOTICIASMERCEDINAS.COM\" \/>\n\t<meta name=\"twitter:label2\" content=\"Tiempo de lectura\" \/>\n\t<meta name=\"twitter:data2\" content=\"4 minutos\" \/>\n<script type=\"application\/ld+json\" class=\"yoast-schema-graph\">{\"@context\":\"https:\\\/\\\/schema.org\",\"@graph\":[{\"@type\":\"Article\",\"@id\":\"https:\\\/\\\/noticiasmercedinas.com\\\/site\\\/2026\\\/04\\\/26\\\/club-mercedes-resistio-en-villa-soldati-y-estira-su-racha-positiva\\\/#article\",\"isPartOf\":{\"@id\":\"https:\\\/\\\/noticiasmercedinas.com\\\/site\\\/2026\\\/04\\\/26\\\/club-mercedes-resistio-en-villa-soldati-y-estira-su-racha-positiva\\\/\"},\"author\":{\"name\":\"Juan Dagnino NOTICIASMERCEDINAS.COM\",\"@id\":\"https:\\\/\\\/noticiasmercedinas.com\\\/site\\\/#\\\/schema\\\/person\\\/8f2f09d666ef40986eba4a5e6f2a06f9\"},\"headline\":\"Club Mercedes resisti\u00f3 en Villa Soldati y estira su racha positiva\",\"datePublished\":\"2026-04-27T01:22:48+00:00\",\"mainEntityOfPage\":{\"@id\":\"https:\\\/\\\/noticiasmercedinas.com\\\/site\\\/2026\\\/04\\\/26\\\/club-mercedes-resistio-en-villa-soldati-y-estira-su-racha-positiva\\\/\"},\"wordCount\":694,\"publisher\":{\"@id\":\"https:\\\/\\\/noticiasmercedinas.com\\\/site\\\/#organization\"},\"image\":{\"@id\":\"https:\\\/\\\/noticiasmercedinas.com\\\/site\\\/2026\\\/04\\\/26\\\/club-mercedes-resistio-en-villa-soldati-y-estira-su-racha-positiva\\\/#primaryimage\"},\"thumbnailUrl\":\"https:\\\/\\\/noticiasmercedinas.com\\\/site\\\/wp-content\\\/uploads\\\/2026\\\/04\\\/IMG_1236.jpg\",\"keywords\":[\"AFA\",\"Cllub Mercedes\",\"Primera C\",\"sacachispas\"],\"articleSection\":[\"Deportes\"],\"inLanguage\":\"es\"},{\"@type\":\"WebPage\",\"@id\":\"https:\\\/\\\/noticiasmercedinas.com\\\/site\\\/2026\\\/04\\\/26\\\/club-mercedes-resistio-en-villa-soldati-y-estira-su-racha-positiva\\\/\",\"url\":\"https:\\\/\\\/noticiasmercedinas.com\\\/site\\\/2026\\\/04\\\/26\\\/club-mercedes-resistio-en-villa-soldati-y-estira-su-racha-positiva\\\/\",\"name\":\"Club Mercedes resisti\u00f3 en Villa Soldati y estira su racha positiva\",\"isPartOf\":{\"@id\":\"https:\\\/\\\/noticiasmercedinas.com\\\/site\\\/#website\"},\"primaryImageOfPage\":{\"@id\":\"https:\\\/\\\/noticiasmercedinas.com\\\/site\\\/2026\\\/04\\\/26\\\/club-mercedes-resistio-en-villa-soldati-y-estira-su-racha-positiva\\\/#primaryimage\"},\"image\":{\"@id\":\"https:\\\/\\\/noticiasmercedinas.com\\\/site\\\/2026\\\/04\\\/26\\\/club-mercedes-resistio-en-villa-soldati-y-estira-su-racha-positiva\\\/#primaryimage\"},\"thumbnailUrl\":\"https:\\\/\\\/noticiasmercedinas.com\\\/site\\\/wp-content\\\/uploads\\\/2026\\\/04\\\/IMG_1236.jpg\",\"datePublished\":\"2026-04-27T01:22:48+00:00\",\"breadcrumb\":{\"@id\":\"https:\\\/\\\/noticiasmercedinas.com\\\/site\\\/2026\\\/04\\\/26\\\/club-mercedes-resistio-en-villa-soldati-y-estira-su-racha-positiva\\\/#breadcrumb\"},\"inLanguage\":\"es\",\"potentialAction\":[{\"@type\":\"ReadAction\",\"target\":[\"https:\\\/\\\/noticiasmercedinas.com\\\/site\\\/2026\\\/04\\\/26\\\/club-mercedes-resistio-en-villa-soldati-y-estira-su-racha-positiva\\\/\"]}]},{\"@type\":\"ImageObject\",\"inLanguage\":\"es\",\"@id\":\"https:\\\/\\\/noticiasmercedinas.com\\\/site\\\/2026\\\/04\\\/26\\\/club-mercedes-resistio-en-villa-soldati-y-estira-su-racha-positiva\\\/#primaryimage\",\"url\":\"https:\\\/\\\/noticiasmercedinas.com\\\/site\\\/wp-content\\\/uploads\\\/2026\\\/04\\\/IMG_1236.jpg\",\"contentUrl\":\"https:\\\/\\\/noticiasmercedinas.com\\\/site\\\/wp-content\\\/uploads\\\/2026\\\/04\\\/IMG_1236.jpg\",\"width\":640,\"height\":412},{\"@type\":\"BreadcrumbList\",\"@id\":\"https:\\\/\\\/noticiasmercedinas.com\\\/site\\\/2026\\\/04\\\/26\\\/club-mercedes-resistio-en-villa-soldati-y-estira-su-racha-positiva\\\/#breadcrumb\",\"itemListElement\":[{\"@type\":\"ListItem\",\"position\":1,\"name\":\"Portada\",\"item\":\"https:\\\/\\\/noticiasmercedinas.com\\\/site\\\/\"},{\"@type\":\"ListItem\",\"position\":2,\"name\":\"Club Mercedes resisti\u00f3 en Villa Soldati y estira su racha positiva\"}]},{\"@type\":\"WebSite\",\"@id\":\"https:\\\/\\\/noticiasmercedinas.com\\\/site\\\/#website\",\"url\":\"https:\\\/\\\/noticiasmercedinas.com\\\/site\\\/\",\"name\":\"NOTICIASMERCEDINAS.COM\",\"description\":\"Mercedes, Buenos Aires, Argentina\",\"publisher\":{\"@id\":\"https:\\\/\\\/noticiasmercedinas.com\\\/site\\\/#organization\"},\"potentialAction\":[{\"@type\":\"SearchAction\",\"target\":{\"@type\":\"EntryPoint\",\"urlTemplate\":\"https:\\\/\\\/noticiasmercedinas.com\\\/site\\\/?s={search_term_string}\"},\"query-input\":{\"@type\":\"PropertyValueSpecification\",\"valueRequired\":true,\"valueName\":\"search_term_string\"}}],\"inLanguage\":\"es\"},{\"@type\":\"Organization\",\"@id\":\"https:\\\/\\\/noticiasmercedinas.com\\\/site\\\/#organization\",\"name\":\"NOTICIASMERCEDINAS.COM\",\"url\":\"https:\\\/\\\/noticiasmercedinas.com\\\/site\\\/\",\"logo\":{\"@type\":\"ImageObject\",\"inLanguage\":\"es\",\"@id\":\"https:\\\/\\\/noticiasmercedinas.com\\\/site\\\/#\\\/schema\\\/logo\\\/image\\\/\",\"url\":\"https:\\\/\\\/noticiasmercedinas.com\\\/site\\\/wp-content\\\/uploads\\\/2020\\\/06\\\/LOGO-512.jpg\",\"contentUrl\":\"https:\\\/\\\/noticiasmercedinas.com\\\/site\\\/wp-content\\\/uploads\\\/2020\\\/06\\\/LOGO-512.jpg\",\"width\":512,\"height\":512,\"caption\":\"NOTICIASMERCEDINAS.COM\"},\"image\":{\"@id\":\"https:\\\/\\\/noticiasmercedinas.com\\\/site\\\/#\\\/schema\\\/logo\\\/image\\\/\"},\"sameAs\":[\"https:\\\/\\\/www.facebook.com\\\/noticiasmercedinas\\\/\",\"https:\\\/\\\/x.com\\\/notmercedinas\",\"https:\\\/\\\/www.instagram.com\\\/noticiasmercedinas\\\/\"]},{\"@type\":\"Person\",\"@id\":\"https:\\\/\\\/noticiasmercedinas.com\\\/site\\\/#\\\/schema\\\/person\\\/8f2f09d666ef40986eba4a5e6f2a06f9\",\"name\":\"Juan Dagnino NOTICIASMERCEDINAS.COM\",\"image\":{\"@type\":\"ImageObject\",\"inLanguage\":\"es\",\"@id\":\"https:\\\/\\\/secure.gravatar.com\\\/avatar\\\/fc7059a769f5a3cae65fadb228a3e4accf3a64b4b2305020d0a27e6d5333c91b?s=96&d=mm&r=g\",\"url\":\"https:\\\/\\\/secure.gravatar.com\\\/avatar\\\/fc7059a769f5a3cae65fadb228a3e4accf3a64b4b2305020d0a27e6d5333c91b?s=96&d=mm&r=g\",\"contentUrl\":\"https:\\\/\\\/secure.gravatar.com\\\/avatar\\\/fc7059a769f5a3cae65fadb228a3e4accf3a64b4b2305020d0a27e6d5333c91b?s=96&d=mm&r=g\",\"caption\":\"Juan Dagnino NOTICIASMERCEDINAS.COM\"},\"url\":\"https:\\\/\\\/noticiasmercedinas.com\\\/site\\\/author\\\/juandagnino\\\/\"}]}<\/script>\n<!-- \/ Yoast SEO plugin. -->","yoast_head_json":{"title":"Club Mercedes resisti\u00f3 en Villa Soldati y estira su racha positiva","robots":{"index":"index","follow":"follow","max-snippet":"max-snippet:-1","max-image-preview":"max-image-preview:large","max-video-preview":"max-video-preview:-1"},"canonical":"https:\/\/noticiasmercedinas.com\/site\/2026\/04\/26\/club-mercedes-resistio-en-villa-soldati-y-estira-su-racha-positiva\/","og_locale":"es_ES","og_type":"article","og_title":"Club Mercedes resisti\u00f3 en Villa Soldati y estira su racha positiva","og_description":"En un encuentro marcado por el viento y la solidez defensiva, el \"Blanquinegro\" igual\u00f3 0 a 0 frente al \"Lila\". Con este resultado, el equipo de Oscar Mena se mantiene en zona de reducido y acumula cuatro partidos con la valla invicta.","og_url":"https:\/\/noticiasmercedinas.com\/site\/2026\/04\/26\/club-mercedes-resistio-en-villa-soldati-y-estira-su-racha-positiva\/","og_site_name":"NOTICIASMERCEDINAS.COM","article_publisher":"https:\/\/www.facebook.com\/noticiasmercedinas\/","article_published_time":"2026-04-27T01:22:48+00:00","og_image":[{"width":640,"height":412,"url":"https:\/\/noticiasmercedinas.com\/site\/wp-content\/uploads\/2026\/04\/IMG_1236.jpg","type":"image\/jpeg"}],"author":"Juan Dagnino NOTICIASMERCEDINAS.COM","twitter_card":"summary_large_image","twitter_creator":"@notmercedinas","twitter_site":"@notmercedinas","twitter_misc":{"Escrito por":"Juan Dagnino NOTICIASMERCEDINAS.COM","Tiempo de lectura":"4 minutos"},"schema":{"@context":"https:\/\/schema.org","@graph":[{"@type":"Article","@id":"https:\/\/noticiasmercedinas.com\/site\/2026\/04\/26\/club-mercedes-resistio-en-villa-soldati-y-estira-su-racha-positiva\/#article","isPartOf":{"@id":"https:\/\/noticiasmercedinas.com\/site\/2026\/04\/26\/club-mercedes-resistio-en-villa-soldati-y-estira-su-racha-positiva\/"},"author":{"name":"Juan Dagnino NOTICIASMERCEDINAS.COM","@id":"https:\/\/noticiasmercedinas.com\/site\/#\/schema\/person\/8f2f09d666ef40986eba4a5e6f2a06f9"},"headline":"Club Mercedes resisti\u00f3 en Villa Soldati y estira su racha positiva","datePublished":"2026-04-27T01:22:48+00:00","mainEntityOfPage":{"@id":"https:\/\/noticiasmercedinas.com\/site\/2026\/04\/26\/club-mercedes-resistio-en-villa-soldati-y-estira-su-racha-positiva\/"},"wordCount":694,"publisher":{"@id":"https:\/\/noticiasmercedinas.com\/site\/#organization"},"image":{"@id":"https:\/\/noticiasmercedinas.com\/site\/2026\/04\/26\/club-mercedes-resistio-en-villa-soldati-y-estira-su-racha-positiva\/#primaryimage"},"thumbnailUrl":"https:\/\/noticiasmercedinas.com\/site\/wp-content\/uploads\/2026\/04\/IMG_1236.jpg","keywords":["AFA","Cllub Mercedes","Primera C","sacachispas"],"articleSection":["Deportes"],"inLanguage":"es"},{"@type":"WebPage","@id":"https:\/\/noticiasmercedinas.com\/site\/2026\/04\/26\/club-mercedes-resistio-en-villa-soldati-y-estira-su-racha-positiva\/","url":"https:\/\/noticiasmercedinas.com\/site\/2026\/04\/26\/club-mercedes-resistio-en-villa-soldati-y-estira-su-racha-positiva\/","name":"Club Mercedes resisti\u00f3 en Villa Soldati y estira su racha positiva","isPartOf":{"@id":"https:\/\/noticiasmercedinas.com\/site\/#website"},"primaryImageOfPage":{"@id":"https:\/\/noticiasmercedinas.com\/site\/2026\/04\/26\/club-mercedes-resistio-en-villa-soldati-y-estira-su-racha-positiva\/#primaryimage"},"image":{"@id":"https:\/\/noticiasmercedinas.com\/site\/2026\/04\/26\/club-mercedes-resistio-en-villa-soldati-y-estira-su-racha-positiva\/#primaryimage"},"thumbnailUrl":"https:\/\/noticiasmercedinas.com\/site\/wp-content\/uploads\/2026\/04\/IMG_1236.jpg","datePublished":"2026-04-27T01:22:48+00:00","breadcrumb":{"@id":"https:\/\/noticiasmercedinas.com\/site\/2026\/04\/26\/club-mercedes-resistio-en-villa-soldati-y-estira-su-racha-positiva\/#breadcrumb"},"inLanguage":"es","potentialAction":[{"@type":"ReadAction","target":["https:\/\/noticiasmercedinas.com\/site\/2026\/04\/26\/club-mercedes-resistio-en-villa-soldati-y-estira-su-racha-positiva\/"]}]},{"@type":"ImageObject","inLanguage":"es","@id":"https:\/\/noticiasmercedinas.com\/site\/2026\/04\/26\/club-mercedes-resistio-en-villa-soldati-y-estira-su-racha-positiva\/#primaryimage","url":"https:\/\/noticiasmercedinas.com\/site\/wp-content\/uploads\/2026\/04\/IMG_1236.jpg","contentUrl":"https:\/\/noticiasmercedinas.com\/site\/wp-content\/uploads\/2026\/04\/IMG_1236.jpg","width":640,"height":412},{"@type":"BreadcrumbList","@id":"https:\/\/noticiasmercedinas.com\/site\/2026\/04\/26\/club-mercedes-resistio-en-villa-soldati-y-estira-su-racha-positiva\/#breadcrumb","itemListElement":[{"@type":"ListItem","position":1,"name":"Portada","item":"https:\/\/noticiasmercedinas.com\/site\/"},{"@type":"ListItem","position":2,"name":"Club Mercedes resisti\u00f3 en Villa Soldati y estira su racha positiva"}]},{"@type":"WebSite","@id":"https:\/\/noticiasmercedinas.com\/site\/#website","url":"https:\/\/noticiasmercedinas.com\/site\/","name":"NOTICIASMERCEDINAS.COM","description":"Mercedes, Buenos Aires, Argentina","publisher":{"@id":"https:\/\/noticiasmercedinas.com\/site\/#organization"},"potentialAction":[{"@type":"SearchAction","target":{"@type":"EntryPoint","urlTemplate":"https:\/\/noticiasmercedinas.com\/site\/?s={search_term_string}"},"query-input":{"@type":"PropertyValueSpecification","valueRequired":true,"valueName":"search_term_string"}}],"inLanguage":"es"},{"@type":"Organization","@id":"https:\/\/noticiasmercedinas.com\/site\/#organization","name":"NOTICIASMERCEDINAS.COM","url":"https:\/\/noticiasmercedinas.com\/site\/","logo":{"@type":"ImageObject","inLanguage":"es","@id":"https:\/\/noticiasmercedinas.com\/site\/#\/schema\/logo\/image\/","url":"https:\/\/noticiasmercedinas.com\/site\/wp-content\/uploads\/2020\/06\/LOGO-512.jpg","contentUrl":"https:\/\/noticiasmercedinas.com\/site\/wp-content\/uploads\/2020\/06\/LOGO-512.jpg","width":512,"height":512,"caption":"NOTICIASMERCEDINAS.COM"},"image":{"@id":"https:\/\/noticiasmercedinas.com\/site\/#\/schema\/logo\/image\/"},"sameAs":["https:\/\/www.facebook.com\/noticiasmercedinas\/","https:\/\/x.com\/notmercedinas","https:\/\/www.instagram.com\/noticiasmercedinas\/"]},{"@type":"Person","@id":"https:\/\/noticiasmercedinas.com\/site\/#\/schema\/person\/8f2f09d666ef40986eba4a5e6f2a06f9","name":"Juan Dagnino NOTICIASMERCEDINAS.COM","image":{"@type":"ImageObject","inLanguage":"es","@id":"https:\/\/secure.gravatar.com\/avatar\/fc7059a769f5a3cae65fadb228a3e4accf3a64b4b2305020d0a27e6d5333c91b?s=96&d=mm&r=g","url":"https:\/\/secure.gravatar.com\/avatar\/fc7059a769f5a3cae65fadb228a3e4accf3a64b4b2305020d0a27e6d5333c91b?s=96&d=mm&r=g","contentUrl":"https:\/\/secure.gravatar.com\/avatar\/fc7059a769f5a3cae65fadb228a3e4accf3a64b4b2305020d0a27e6d5333c91b?s=96&d=mm&r=g","caption":"Juan Dagnino NOTICIASMERCEDINAS.COM"},"url":"https:\/\/noticiasmercedinas.com\/site\/author\/juandagnino\/"}]}},"amp_enabled":true,"_links":{"self":[{"href":"https:\/\/noticiasmercedinas.com\/site\/wp-json\/wp\/v2\/posts\/185170","targetHints":{"allow":["GET"]}}],"collection":[{"href":"https:\/\/noticiasmercedinas.com\/site\/wp-json\/wp\/v2\/posts"}],"about":[{"href":"https:\/\/noticiasmercedinas.com\/site\/wp-json\/wp\/v2\/types\/post"}],"author":[{"embeddable":true,"href":"https:\/\/noticiasmercedinas.com\/site\/wp-json\/wp\/v2\/users\/6"}],"replies":[{"embeddable":true,"href":"https:\/\/noticiasmercedinas.com\/site\/wp-json\/wp\/v2\/comments?post=185170"}],"version-history":[{"count":1,"href":"https:\/\/noticiasmercedinas.com\/site\/wp-json\/wp\/v2\/posts\/185170\/revisions"}],"predecessor-version":[{"id":185177,"href":"https:\/\/noticiasmercedinas.com\/site\/wp-json\/wp\/v2\/posts\/185170\/revisions\/185177"}],"wp:featuredmedia":[{"embeddable":true,"href":"https:\/\/noticiasmercedinas.com\/site\/wp-json\/wp\/v2\/media\/185171"}],"wp:attachment":[{"href":"https:\/\/noticiasmercedinas.com\/site\/wp-json\/wp\/v2\/media?parent=185170"}],"wp:term":[{"taxonomy":"category","embeddable":true,"href":"https:\/\/noticiasmercedinas.com\/site\/wp-json\/wp\/v2\/categories?post=185170"},{"taxonomy":"post_tag","embeddable":true,"href":"https:\/\/noticiasmercedinas.com\/site\/wp-json\/wp\/v2\/tags?post=185170"}],"curies":[{"name":"wp","href":"https:\/\/api.w.org\/{rel}","templated":true}]}}