{"id":185176,"date":"2026-04-26T22:24:57","date_gmt":"2026-04-27T01:24:57","guid":{"rendered":"https:\/\/noticiasmercedinas.com\/site\/?p=185176"},"modified":"2026-04-26T22:24:57","modified_gmt":"2026-04-27T01:24:57","slug":"desbaratan-una-banda-dedicada-a-robos-y-hurtos-tras-una-serie-de-allanamientos","status":"publish","type":"post","link":"https:\/\/noticiasmercedinas.com\/site\/2026\/04\/26\/desbaratan-una-banda-dedicada-a-robos-y-hurtos-tras-una-serie-de-allanamientos\/","title":{"rendered":"Desbaratan una banda dedicada a robos y hurtos tras una serie de allanamientos"},"content":{"rendered":"<p dir=\"ltr\"><img loading=\"lazy\" decoding=\"async\" class=\"alignnone size-full wp-image-20791\" src=\"https:\/\/noticiasmercedinas.com\/site\/wp-content\/uploads\/2019\/06\/camaras.jpg\" alt=\"\" width=\"640\" height=\"427\" srcset=\"https:\/\/noticiasmercedinas.com\/site\/wp-content\/uploads\/2019\/06\/camaras.jpg 640w, https:\/\/noticiasmercedinas.com\/site\/wp-content\/uploads\/2019\/06\/camaras-300x200.jpg 300w\" sizes=\"auto, (max-width: 640px) 100vw, 640px\" \/><\/p>\n<p dir=\"ltr\">\u200bEn un operativo conjunto entre la <b>Polic\u00eda Comunal<\/b> y la <b>Secretar\u00eda de Seguridad<\/b>, se logr\u00f3 desarticular una organizaci\u00f3n delictiva responsable de diversos il\u00edcitos contra la propiedad.<\/p>\n<p dir=\"ltr\">Tras una investigaci\u00f3n iniciada a mediados de mes, las fuerzas de seguridad aprehendieron a tres sujetos y recuperaron bienes robados, gracias a las pruebas clave obtenidas mediante el an\u00e1lisis del material del <b>Centro de Monitoreo Municipal<\/b>.<\/p>\n<p dir=\"ltr\">\u200bLa instrucci\u00f3n de la causa, centralizada en la <b>Unidad Funcional de Instrucci\u00f3n (UFI) N.\u00ba 4<\/b>, permiti\u00f3 unificar tres expedientes distintos: un robo y dos hurtos que hab\u00edan damnificado a vecinos de la ciudad en las \u00faltimas semanas.<\/p>\n<p dir=\"ltr\">El \u00e9xito del procedimiento fue destacado por el Secretario de Seguridad, <b>Dr. Mat\u00edas Maresca<\/b>, quien agradeci\u00f3 el compromiso de los efectivos y del equipo de monitoreo por su celeridad para \u00abllevar respuestas a la ciudadan\u00eda\u00bb.<\/p>\n<h3 dir=\"ltr\">\u200b<b>Detenciones y operativos en puntos estrat\u00e9gicos<\/b><\/h3>\n<p dir=\"ltr\">\u200bEl despliegue policial se dividi\u00f3 en tres fases de intervenci\u00f3n que permitieron cercar a los sospechosos:<\/p>\n<ul>\n<li dir=\"ltr\">\u200b<b>Avenida San Mart\u00edn (109 y 111):<\/b> Se procedi\u00f3 a la captura del primer implicado, un hombre de 36 a\u00f1os.<\/li>\n<li dir=\"ltr\">\u200b<b>Calle 113 y 312:<\/b> Se intercept\u00f3 a un joven de 22 a\u00f1os. Durante la requisa de rigor, se hallaron entre sus pertenencias tarjetas de cr\u00e9dito que pertenec\u00edan a una de las v\u00edctimas de los hurtos investigados.<\/li>\n<li dir=\"ltr\">\u200b<b>Allanamientos domiciliarios:<\/b> Por orden fiscal, se registraron viviendas en calle 12 (entre 105 y 107) y nuevamente sobre la Avenida San Mart\u00edn. En esta \u00faltima locaci\u00f3n, la polic\u00eda detuvo a un tercer hombre (36) y secuestr\u00f3 vestimenta que coincide plenamente con las im\u00e1genes captadas por las c\u00e1maras de seguridad en las escenas de los cr\u00edmenes.<\/li>\n<\/ul>\n<h3 dir=\"ltr\">\u200b<b>Recupero de bienes y situaci\u00f3n judicial<\/b><\/h3>\n<p dir=\"ltr\">\u200bAdem\u00e1s de las detenciones, las tareas de inteligencia criminal permitieron localizar y secuestrar objetos que ya hab\u00edan sido comercializados por los delincuentes o descartados en su huida. Este material se suma como prueba fundamental al expediente bajo las car\u00e1tulas de <b>\u00abRobo\u00bb<\/b> y <b>\u00abHurto\u00bb<\/b>.<\/p>\n<p dir=\"ltr\">\u200bActualmente, la Justicia analiza si los tres aprehendidos guardan relaci\u00f3n con otros hechos delictivos ocurridos bajo la misma modalidad en la zona, mientras permanecen a disposici\u00f3n de la UFI N.\u00ba 4.<\/p>\n","protected":false},"excerpt":{"rendered":"<p>La investigaci\u00f3n, apoyada en el an\u00e1lisis f\u00edlmico del Centro de Monitoreo, culmin\u00f3 con la detenci\u00f3n de tres hombres y la recuperaci\u00f3n de elementos sustra\u00eddos.<\/p>\n","protected":false},"author":16,"featured_media":20791,"comment_status":"closed","ping_status":"closed","sticky":false,"template":"","format":"standard","meta":{"footnotes":""},"categories":[7],"tags":[5211,7894],"class_list":["post-185176","post","type-post","status-publish","format-standard","has-post-thumbnail","hentry","category-policiales","tag-allanamientos","tag-operativos"],"yoast_head":"<!-- This site is optimized with the Yoast SEO plugin v27.4 - https:\/\/yoast.com\/product\/yoast-seo-wordpress\/ -->\n<title>Desbaratan una banda dedicada a robos y hurtos tras una serie de allanamientos<\/title>\n<meta name=\"description\" content=\"La investigaci\u00f3n, apoyada en el an\u00e1lisis f\u00edlmico del Centro de Monitoreo, culmin\u00f3 con la detenci\u00f3n de tres hombres y la recuperaci\u00f3n de elementos sustra\u00eddos.\" \/>\n<meta name=\"robots\" content=\"index, follow, max-snippet:-1, max-image-preview:large, max-video-preview:-1\" \/>\n<link rel=\"canonical\" href=\"https:\/\/noticiasmercedinas.com\/site\/2026\/04\/26\/desbaratan-una-banda-dedicada-a-robos-y-hurtos-tras-una-serie-de-allanamientos\/\" \/>\n<meta property=\"og:locale\" content=\"es_ES\" \/>\n<meta property=\"og:type\" content=\"article\" \/>\n<meta property=\"og:title\" content=\"Desbaratan una banda dedicada a robos y hurtos tras una serie de allanamientos\" \/>\n<meta property=\"og:description\" content=\"La investigaci\u00f3n, apoyada en el an\u00e1lisis f\u00edlmico del Centro de Monitoreo, culmin\u00f3 con la detenci\u00f3n de tres hombres y la recuperaci\u00f3n de elementos sustra\u00eddos.\" \/>\n<meta property=\"og:url\" content=\"https:\/\/noticiasmercedinas.com\/site\/2026\/04\/26\/desbaratan-una-banda-dedicada-a-robos-y-hurtos-tras-una-serie-de-allanamientos\/\" \/>\n<meta property=\"og:site_name\" content=\"NOTICIASMERCEDINAS.COM\" \/>\n<meta property=\"article:publisher\" content=\"https:\/\/www.facebook.com\/noticiasmercedinas\/\" \/>\n<meta property=\"article:published_time\" content=\"2026-04-27T01:24:57+00:00\" \/>\n<meta property=\"og:image\" content=\"https:\/\/noticiasmercedinas.com\/site\/wp-content\/uploads\/2019\/06\/camaras.jpg\" \/>\n\t<meta property=\"og:image:width\" content=\"640\" \/>\n\t<meta property=\"og:image:height\" content=\"427\" \/>\n\t<meta property=\"og:image:type\" content=\"image\/jpeg\" \/>\n<meta name=\"author\" content=\"NOTICIASMERCEDINAS.COM\" \/>\n<meta name=\"twitter:card\" content=\"summary_large_image\" \/>\n<meta name=\"twitter:creator\" content=\"@notmercedinas\" \/>\n<meta name=\"twitter:site\" content=\"@notmercedinas\" \/>\n<meta name=\"twitter:label1\" content=\"Escrito por\" \/>\n\t<meta name=\"twitter:data1\" content=\"NOTICIASMERCEDINAS.COM\" \/>\n\t<meta name=\"twitter:label2\" content=\"Tiempo de lectura\" \/>\n\t<meta name=\"twitter:data2\" content=\"3 minutos\" \/>\n<script type=\"application\/ld+json\" class=\"yoast-schema-graph\">{\"@context\":\"https:\\\/\\\/schema.org\",\"@graph\":[{\"@type\":\"Article\",\"@id\":\"https:\\\/\\\/noticiasmercedinas.com\\\/site\\\/2026\\\/04\\\/26\\\/desbaratan-una-banda-dedicada-a-robos-y-hurtos-tras-una-serie-de-allanamientos\\\/#article\",\"isPartOf\":{\"@id\":\"https:\\\/\\\/noticiasmercedinas.com\\\/site\\\/2026\\\/04\\\/26\\\/desbaratan-una-banda-dedicada-a-robos-y-hurtos-tras-una-serie-de-allanamientos\\\/\"},\"author\":{\"name\":\"NOTICIASMERCEDINAS.COM\",\"@id\":\"https:\\\/\\\/noticiasmercedinas.com\\\/site\\\/#\\\/schema\\\/person\\\/84b59c099c28ff2e8b77d4ceec5d8063\"},\"headline\":\"Desbaratan una banda dedicada a robos y hurtos tras una serie de allanamientos\",\"datePublished\":\"2026-04-27T01:24:57+00:00\",\"mainEntityOfPage\":{\"@id\":\"https:\\\/\\\/noticiasmercedinas.com\\\/site\\\/2026\\\/04\\\/26\\\/desbaratan-una-banda-dedicada-a-robos-y-hurtos-tras-una-serie-de-allanamientos\\\/\"},\"wordCount\":378,\"publisher\":{\"@id\":\"https:\\\/\\\/noticiasmercedinas.com\\\/site\\\/#organization\"},\"image\":{\"@id\":\"https:\\\/\\\/noticiasmercedinas.com\\\/site\\\/2026\\\/04\\\/26\\\/desbaratan-una-banda-dedicada-a-robos-y-hurtos-tras-una-serie-de-allanamientos\\\/#primaryimage\"},\"thumbnailUrl\":\"https:\\\/\\\/noticiasmercedinas.com\\\/site\\\/wp-content\\\/uploads\\\/2019\\\/06\\\/camaras.jpg\",\"keywords\":[\"Allanamientos\",\"operativos\"],\"articleSection\":[\"Seguridad\"],\"inLanguage\":\"es\"},{\"@type\":\"WebPage\",\"@id\":\"https:\\\/\\\/noticiasmercedinas.com\\\/site\\\/2026\\\/04\\\/26\\\/desbaratan-una-banda-dedicada-a-robos-y-hurtos-tras-una-serie-de-allanamientos\\\/\",\"url\":\"https:\\\/\\\/noticiasmercedinas.com\\\/site\\\/2026\\\/04\\\/26\\\/desbaratan-una-banda-dedicada-a-robos-y-hurtos-tras-una-serie-de-allanamientos\\\/\",\"name\":\"Desbaratan una banda dedicada a robos y hurtos tras una serie de allanamientos\",\"isPartOf\":{\"@id\":\"https:\\\/\\\/noticiasmercedinas.com\\\/site\\\/#website\"},\"primaryImageOfPage\":{\"@id\":\"https:\\\/\\\/noticiasmercedinas.com\\\/site\\\/2026\\\/04\\\/26\\\/desbaratan-una-banda-dedicada-a-robos-y-hurtos-tras-una-serie-de-allanamientos\\\/#primaryimage\"},\"image\":{\"@id\":\"https:\\\/\\\/noticiasmercedinas.com\\\/site\\\/2026\\\/04\\\/26\\\/desbaratan-una-banda-dedicada-a-robos-y-hurtos-tras-una-serie-de-allanamientos\\\/#primaryimage\"},\"thumbnailUrl\":\"https:\\\/\\\/noticiasmercedinas.com\\\/site\\\/wp-content\\\/uploads\\\/2019\\\/06\\\/camaras.jpg\",\"datePublished\":\"2026-04-27T01:24:57+00:00\",\"description\":\"La investigaci\u00f3n, apoyada en el an\u00e1lisis f\u00edlmico del Centro de Monitoreo, culmin\u00f3 con la detenci\u00f3n de tres hombres y la recuperaci\u00f3n de elementos sustra\u00eddos.\",\"breadcrumb\":{\"@id\":\"https:\\\/\\\/noticiasmercedinas.com\\\/site\\\/2026\\\/04\\\/26\\\/desbaratan-una-banda-dedicada-a-robos-y-hurtos-tras-una-serie-de-allanamientos\\\/#breadcrumb\"},\"inLanguage\":\"es\",\"potentialAction\":[{\"@type\":\"ReadAction\",\"target\":[\"https:\\\/\\\/noticiasmercedinas.com\\\/site\\\/2026\\\/04\\\/26\\\/desbaratan-una-banda-dedicada-a-robos-y-hurtos-tras-una-serie-de-allanamientos\\\/\"]}]},{\"@type\":\"ImageObject\",\"inLanguage\":\"es\",\"@id\":\"https:\\\/\\\/noticiasmercedinas.com\\\/site\\\/2026\\\/04\\\/26\\\/desbaratan-una-banda-dedicada-a-robos-y-hurtos-tras-una-serie-de-allanamientos\\\/#primaryimage\",\"url\":\"https:\\\/\\\/noticiasmercedinas.com\\\/site\\\/wp-content\\\/uploads\\\/2019\\\/06\\\/camaras.jpg\",\"contentUrl\":\"https:\\\/\\\/noticiasmercedinas.com\\\/site\\\/wp-content\\\/uploads\\\/2019\\\/06\\\/camaras.jpg\",\"width\":640,\"height\":427},{\"@type\":\"BreadcrumbList\",\"@id\":\"https:\\\/\\\/noticiasmercedinas.com\\\/site\\\/2026\\\/04\\\/26\\\/desbaratan-una-banda-dedicada-a-robos-y-hurtos-tras-una-serie-de-allanamientos\\\/#breadcrumb\",\"itemListElement\":[{\"@type\":\"ListItem\",\"position\":1,\"name\":\"Portada\",\"item\":\"https:\\\/\\\/noticiasmercedinas.com\\\/site\\\/\"},{\"@type\":\"ListItem\",\"position\":2,\"name\":\"Desbaratan una banda dedicada a robos y hurtos tras una serie de allanamientos\"}]},{\"@type\":\"WebSite\",\"@id\":\"https:\\\/\\\/noticiasmercedinas.com\\\/site\\\/#website\",\"url\":\"https:\\\/\\\/noticiasmercedinas.com\\\/site\\\/\",\"name\":\"NOTICIASMERCEDINAS.COM\",\"description\":\"Mercedes, Buenos Aires, Argentina\",\"publisher\":{\"@id\":\"https:\\\/\\\/noticiasmercedinas.com\\\/site\\\/#organization\"},\"potentialAction\":[{\"@type\":\"SearchAction\",\"target\":{\"@type\":\"EntryPoint\",\"urlTemplate\":\"https:\\\/\\\/noticiasmercedinas.com\\\/site\\\/?s={search_term_string}\"},\"query-input\":{\"@type\":\"PropertyValueSpecification\",\"valueRequired\":true,\"valueName\":\"search_term_string\"}}],\"inLanguage\":\"es\"},{\"@type\":\"Organization\",\"@id\":\"https:\\\/\\\/noticiasmercedinas.com\\\/site\\\/#organization\",\"name\":\"NOTICIASMERCEDINAS.COM\",\"url\":\"https:\\\/\\\/noticiasmercedinas.com\\\/site\\\/\",\"logo\":{\"@type\":\"ImageObject\",\"inLanguage\":\"es\",\"@id\":\"https:\\\/\\\/noticiasmercedinas.com\\\/site\\\/#\\\/schema\\\/logo\\\/image\\\/\",\"url\":\"https:\\\/\\\/noticiasmercedinas.com\\\/site\\\/wp-content\\\/uploads\\\/2020\\\/06\\\/LOGO-512.jpg\",\"contentUrl\":\"https:\\\/\\\/noticiasmercedinas.com\\\/site\\\/wp-content\\\/uploads\\\/2020\\\/06\\\/LOGO-512.jpg\",\"width\":512,\"height\":512,\"caption\":\"NOTICIASMERCEDINAS.COM\"},\"image\":{\"@id\":\"https:\\\/\\\/noticiasmercedinas.com\\\/site\\\/#\\\/schema\\\/logo\\\/image\\\/\"},\"sameAs\":[\"https:\\\/\\\/www.facebook.com\\\/noticiasmercedinas\\\/\",\"https:\\\/\\\/x.com\\\/notmercedinas\",\"https:\\\/\\\/www.instagram.com\\\/noticiasmercedinas\\\/\"]},{\"@type\":\"Person\",\"@id\":\"https:\\\/\\\/noticiasmercedinas.com\\\/site\\\/#\\\/schema\\\/person\\\/84b59c099c28ff2e8b77d4ceec5d8063\",\"name\":\"NOTICIASMERCEDINAS.COM\",\"image\":{\"@type\":\"ImageObject\",\"inLanguage\":\"es\",\"@id\":\"https:\\\/\\\/secure.gravatar.com\\\/avatar\\\/4dfbf16b4d17945bfb6341b2d19043457132fcf478a5ee04f42e959fd8f5df0a?s=96&d=mm&r=g\",\"url\":\"https:\\\/\\\/secure.gravatar.com\\\/avatar\\\/4dfbf16b4d17945bfb6341b2d19043457132fcf478a5ee04f42e959fd8f5df0a?s=96&d=mm&r=g\",\"contentUrl\":\"https:\\\/\\\/secure.gravatar.com\\\/avatar\\\/4dfbf16b4d17945bfb6341b2d19043457132fcf478a5ee04f42e959fd8f5df0a?s=96&d=mm&r=g\",\"caption\":\"NOTICIASMERCEDINAS.COM\"},\"url\":\"https:\\\/\\\/noticiasmercedinas.com\\\/site\\\/author\\\/anonimo\\\/\"}]}<\/script>\n<!-- \/ Yoast SEO plugin. -->","yoast_head_json":{"title":"Desbaratan una banda dedicada a robos y hurtos tras una serie de allanamientos","description":"La investigaci\u00f3n, apoyada en el an\u00e1lisis f\u00edlmico del Centro de Monitoreo, culmin\u00f3 con la detenci\u00f3n de tres hombres y la recuperaci\u00f3n de elementos sustra\u00eddos.","robots":{"index":"index","follow":"follow","max-snippet":"max-snippet:-1","max-image-preview":"max-image-preview:large","max-video-preview":"max-video-preview:-1"},"canonical":"https:\/\/noticiasmercedinas.com\/site\/2026\/04\/26\/desbaratan-una-banda-dedicada-a-robos-y-hurtos-tras-una-serie-de-allanamientos\/","og_locale":"es_ES","og_type":"article","og_title":"Desbaratan una banda dedicada a robos y hurtos tras una serie de allanamientos","og_description":"La investigaci\u00f3n, apoyada en el an\u00e1lisis f\u00edlmico del Centro de Monitoreo, culmin\u00f3 con la detenci\u00f3n de tres hombres y la recuperaci\u00f3n de elementos sustra\u00eddos.","og_url":"https:\/\/noticiasmercedinas.com\/site\/2026\/04\/26\/desbaratan-una-banda-dedicada-a-robos-y-hurtos-tras-una-serie-de-allanamientos\/","og_site_name":"NOTICIASMERCEDINAS.COM","article_publisher":"https:\/\/www.facebook.com\/noticiasmercedinas\/","article_published_time":"2026-04-27T01:24:57+00:00","og_image":[{"width":640,"height":427,"url":"https:\/\/noticiasmercedinas.com\/site\/wp-content\/uploads\/2019\/06\/camaras.jpg","type":"image\/jpeg"}],"author":"NOTICIASMERCEDINAS.COM","twitter_card":"summary_large_image","twitter_creator":"@notmercedinas","twitter_site":"@notmercedinas","twitter_misc":{"Escrito por":"NOTICIASMERCEDINAS.COM","Tiempo de lectura":"3 minutos"},"schema":{"@context":"https:\/\/schema.org","@graph":[{"@type":"Article","@id":"https:\/\/noticiasmercedinas.com\/site\/2026\/04\/26\/desbaratan-una-banda-dedicada-a-robos-y-hurtos-tras-una-serie-de-allanamientos\/#article","isPartOf":{"@id":"https:\/\/noticiasmercedinas.com\/site\/2026\/04\/26\/desbaratan-una-banda-dedicada-a-robos-y-hurtos-tras-una-serie-de-allanamientos\/"},"author":{"name":"NOTICIASMERCEDINAS.COM","@id":"https:\/\/noticiasmercedinas.com\/site\/#\/schema\/person\/84b59c099c28ff2e8b77d4ceec5d8063"},"headline":"Desbaratan una banda dedicada a robos y hurtos tras una serie de allanamientos","datePublished":"2026-04-27T01:24:57+00:00","mainEntityOfPage":{"@id":"https:\/\/noticiasmercedinas.com\/site\/2026\/04\/26\/desbaratan-una-banda-dedicada-a-robos-y-hurtos-tras-una-serie-de-allanamientos\/"},"wordCount":378,"publisher":{"@id":"https:\/\/noticiasmercedinas.com\/site\/#organization"},"image":{"@id":"https:\/\/noticiasmercedinas.com\/site\/2026\/04\/26\/desbaratan-una-banda-dedicada-a-robos-y-hurtos-tras-una-serie-de-allanamientos\/#primaryimage"},"thumbnailUrl":"https:\/\/noticiasmercedinas.com\/site\/wp-content\/uploads\/2019\/06\/camaras.jpg","keywords":["Allanamientos","operativos"],"articleSection":["Seguridad"],"inLanguage":"es"},{"@type":"WebPage","@id":"https:\/\/noticiasmercedinas.com\/site\/2026\/04\/26\/desbaratan-una-banda-dedicada-a-robos-y-hurtos-tras-una-serie-de-allanamientos\/","url":"https:\/\/noticiasmercedinas.com\/site\/2026\/04\/26\/desbaratan-una-banda-dedicada-a-robos-y-hurtos-tras-una-serie-de-allanamientos\/","name":"Desbaratan una banda dedicada a robos y hurtos tras una serie de allanamientos","isPartOf":{"@id":"https:\/\/noticiasmercedinas.com\/site\/#website"},"primaryImageOfPage":{"@id":"https:\/\/noticiasmercedinas.com\/site\/2026\/04\/26\/desbaratan-una-banda-dedicada-a-robos-y-hurtos-tras-una-serie-de-allanamientos\/#primaryimage"},"image":{"@id":"https:\/\/noticiasmercedinas.com\/site\/2026\/04\/26\/desbaratan-una-banda-dedicada-a-robos-y-hurtos-tras-una-serie-de-allanamientos\/#primaryimage"},"thumbnailUrl":"https:\/\/noticiasmercedinas.com\/site\/wp-content\/uploads\/2019\/06\/camaras.jpg","datePublished":"2026-04-27T01:24:57+00:00","description":"La investigaci\u00f3n, apoyada en el an\u00e1lisis f\u00edlmico del Centro de Monitoreo, culmin\u00f3 con la detenci\u00f3n de tres hombres y la recuperaci\u00f3n de elementos sustra\u00eddos.","breadcrumb":{"@id":"https:\/\/noticiasmercedinas.com\/site\/2026\/04\/26\/desbaratan-una-banda-dedicada-a-robos-y-hurtos-tras-una-serie-de-allanamientos\/#breadcrumb"},"inLanguage":"es","potentialAction":[{"@type":"ReadAction","target":["https:\/\/noticiasmercedinas.com\/site\/2026\/04\/26\/desbaratan-una-banda-dedicada-a-robos-y-hurtos-tras-una-serie-de-allanamientos\/"]}]},{"@type":"ImageObject","inLanguage":"es","@id":"https:\/\/noticiasmercedinas.com\/site\/2026\/04\/26\/desbaratan-una-banda-dedicada-a-robos-y-hurtos-tras-una-serie-de-allanamientos\/#primaryimage","url":"https:\/\/noticiasmercedinas.com\/site\/wp-content\/uploads\/2019\/06\/camaras.jpg","contentUrl":"https:\/\/noticiasmercedinas.com\/site\/wp-content\/uploads\/2019\/06\/camaras.jpg","width":640,"height":427},{"@type":"BreadcrumbList","@id":"https:\/\/noticiasmercedinas.com\/site\/2026\/04\/26\/desbaratan-una-banda-dedicada-a-robos-y-hurtos-tras-una-serie-de-allanamientos\/#breadcrumb","itemListElement":[{"@type":"ListItem","position":1,"name":"Portada","item":"https:\/\/noticiasmercedinas.com\/site\/"},{"@type":"ListItem","position":2,"name":"Desbaratan una banda dedicada a robos y hurtos tras una serie de allanamientos"}]},{"@type":"WebSite","@id":"https:\/\/noticiasmercedinas.com\/site\/#website","url":"https:\/\/noticiasmercedinas.com\/site\/","name":"NOTICIASMERCEDINAS.COM","description":"Mercedes, Buenos Aires, Argentina","publisher":{"@id":"https:\/\/noticiasmercedinas.com\/site\/#organization"},"potentialAction":[{"@type":"SearchAction","target":{"@type":"EntryPoint","urlTemplate":"https:\/\/noticiasmercedinas.com\/site\/?s={search_term_string}"},"query-input":{"@type":"PropertyValueSpecification","valueRequired":true,"valueName":"search_term_string"}}],"inLanguage":"es"},{"@type":"Organization","@id":"https:\/\/noticiasmercedinas.com\/site\/#organization","name":"NOTICIASMERCEDINAS.COM","url":"https:\/\/noticiasmercedinas.com\/site\/","logo":{"@type":"ImageObject","inLanguage":"es","@id":"https:\/\/noticiasmercedinas.com\/site\/#\/schema\/logo\/image\/","url":"https:\/\/noticiasmercedinas.com\/site\/wp-content\/uploads\/2020\/06\/LOGO-512.jpg","contentUrl":"https:\/\/noticiasmercedinas.com\/site\/wp-content\/uploads\/2020\/06\/LOGO-512.jpg","width":512,"height":512,"caption":"NOTICIASMERCEDINAS.COM"},"image":{"@id":"https:\/\/noticiasmercedinas.com\/site\/#\/schema\/logo\/image\/"},"sameAs":["https:\/\/www.facebook.com\/noticiasmercedinas\/","https:\/\/x.com\/notmercedinas","https:\/\/www.instagram.com\/noticiasmercedinas\/"]},{"@type":"Person","@id":"https:\/\/noticiasmercedinas.com\/site\/#\/schema\/person\/84b59c099c28ff2e8b77d4ceec5d8063","name":"NOTICIASMERCEDINAS.COM","image":{"@type":"ImageObject","inLanguage":"es","@id":"https:\/\/secure.gravatar.com\/avatar\/4dfbf16b4d17945bfb6341b2d19043457132fcf478a5ee04f42e959fd8f5df0a?s=96&d=mm&r=g","url":"https:\/\/secure.gravatar.com\/avatar\/4dfbf16b4d17945bfb6341b2d19043457132fcf478a5ee04f42e959fd8f5df0a?s=96&d=mm&r=g","contentUrl":"https:\/\/secure.gravatar.com\/avatar\/4dfbf16b4d17945bfb6341b2d19043457132fcf478a5ee04f42e959fd8f5df0a?s=96&d=mm&r=g","caption":"NOTICIASMERCEDINAS.COM"},"url":"https:\/\/noticiasmercedinas.com\/site\/author\/anonimo\/"}]}},"amp_enabled":true,"_links":{"self":[{"href":"https:\/\/noticiasmercedinas.com\/site\/wp-json\/wp\/v2\/posts\/185176","targetHints":{"allow":["GET"]}}],"collection":[{"href":"https:\/\/noticiasmercedinas.com\/site\/wp-json\/wp\/v2\/posts"}],"about":[{"href":"https:\/\/noticiasmercedinas.com\/site\/wp-json\/wp\/v2\/types\/post"}],"author":[{"embeddable":true,"href":"https:\/\/noticiasmercedinas.com\/site\/wp-json\/wp\/v2\/users\/16"}],"replies":[{"embeddable":true,"href":"https:\/\/noticiasmercedinas.com\/site\/wp-json\/wp\/v2\/comments?post=185176"}],"version-history":[{"count":1,"href":"https:\/\/noticiasmercedinas.com\/site\/wp-json\/wp\/v2\/posts\/185176\/revisions"}],"predecessor-version":[{"id":185178,"href":"https:\/\/noticiasmercedinas.com\/site\/wp-json\/wp\/v2\/posts\/185176\/revisions\/185178"}],"wp:featuredmedia":[{"embeddable":true,"href":"https:\/\/noticiasmercedinas.com\/site\/wp-json\/wp\/v2\/media\/20791"}],"wp:attachment":[{"href":"https:\/\/noticiasmercedinas.com\/site\/wp-json\/wp\/v2\/media?parent=185176"}],"wp:term":[{"taxonomy":"category","embeddable":true,"href":"https:\/\/noticiasmercedinas.com\/site\/wp-json\/wp\/v2\/categories?post=185176"},{"taxonomy":"post_tag","embeddable":true,"href":"https:\/\/noticiasmercedinas.com\/site\/wp-json\/wp\/v2\/tags?post=185176"}],"curies":[{"name":"wp","href":"https:\/\/api.w.org\/{rel}","templated":true}]}}