{"id":185179,"date":"2026-04-27T00:32:15","date_gmt":"2026-04-27T03:32:15","guid":{"rendered":"https:\/\/noticiasmercedinas.com\/site\/?p=185179"},"modified":"2026-04-27T00:38:20","modified_gmt":"2026-04-27T03:38:20","slug":"golearon-ateneo-y-palometas-por-la-minima-mercedes-le-gano-a-trocha","status":"publish","type":"post","link":"https:\/\/noticiasmercedinas.com\/site\/2026\/04\/27\/golearon-ateneo-y-palometas-por-la-minima-mercedes-le-gano-a-trocha\/","title":{"rendered":"Golearon Ateneo y Palometas, por la m\u00ednima Mercedes le gan\u00f3 a Trocha"},"content":{"rendered":"<figure id=\"attachment_185180\" aria-describedby=\"caption-attachment-185180\" style=\"width: 640px\" class=\"wp-caption alignnone\"><img loading=\"lazy\" decoding=\"async\" class=\"wp-image-185180 size-full\" src=\"https:\/\/noticiasmercedinas.com\/site\/wp-content\/uploads\/2026\/04\/83ba9eae-8e29-49aa-96ee-2734fcc1d512.jpg\" alt=\"\" width=\"640\" height=\"480\" srcset=\"https:\/\/noticiasmercedinas.com\/site\/wp-content\/uploads\/2026\/04\/83ba9eae-8e29-49aa-96ee-2734fcc1d512.jpg 640w, https:\/\/noticiasmercedinas.com\/site\/wp-content\/uploads\/2026\/04\/83ba9eae-8e29-49aa-96ee-2734fcc1d512-300x225.jpg 300w, https:\/\/noticiasmercedinas.com\/site\/wp-content\/uploads\/2026\/04\/83ba9eae-8e29-49aa-96ee-2734fcc1d512-80x60.jpg 80w, https:\/\/noticiasmercedinas.com\/site\/wp-content\/uploads\/2026\/04\/83ba9eae-8e29-49aa-96ee-2734fcc1d512-160x120.jpg 160w, https:\/\/noticiasmercedinas.com\/site\/wp-content\/uploads\/2026\/04\/83ba9eae-8e29-49aa-96ee-2734fcc1d512-100x75.jpg 100w, https:\/\/noticiasmercedinas.com\/site\/wp-content\/uploads\/2026\/04\/83ba9eae-8e29-49aa-96ee-2734fcc1d512-200x150.jpg 200w, https:\/\/noticiasmercedinas.com\/site\/wp-content\/uploads\/2026\/04\/83ba9eae-8e29-49aa-96ee-2734fcc1d512-180x135.jpg 180w, https:\/\/noticiasmercedinas.com\/site\/wp-content\/uploads\/2026\/04\/83ba9eae-8e29-49aa-96ee-2734fcc1d512-360x270.jpg 360w, https:\/\/noticiasmercedinas.com\/site\/wp-content\/uploads\/2026\/04\/83ba9eae-8e29-49aa-96ee-2734fcc1d512-238x178.jpg 238w, https:\/\/noticiasmercedinas.com\/site\/wp-content\/uploads\/2026\/04\/83ba9eae-8e29-49aa-96ee-2734fcc1d512-476x356.jpg 476w\" sizes=\"auto, (max-width: 640px) 100vw, 640px\" \/><figcaption id=\"caption-attachment-185180\" class=\"wp-caption-text\">Ateneo fue m\u00e1s que Holanda (Fotos El Pulso).<\/figcaption><\/figure>\n<p>La <strong>Liga Mercedina de\u00a0 F\u00fatbol<\/strong> sigue en la disputa de la <strong>Copa Vision<\/strong>, jug\u00e1ndose este domingo 26 tres partidos que estaban pendientes y con ello el torneo mayor est\u00e1 al d\u00eda. Dos de los cruces correspondieron a la <strong>Zona C<\/strong>, por la tercera fecha en el <strong>Juan Carlos Biagini<\/strong>, <strong>Ateneo<\/strong> gole\u00f3 a <strong>Holanda<\/strong> para trepar en la tabla y quedar en la segunda posici\u00f3n, el \u00faltimo sitio sigue siendo del equipo \u201cNaranja\u201d que cuando parec\u00eda repuntar volvi\u00f3 a ser superado por una buena cantidad de goles.<\/p>\n<p>El otro encuentro, de la <strong>sexta fecha<\/strong>, termin\u00f3 con el invicto de <strong>Juventud<\/strong> en cancha de <strong>Quilmes.<\/strong> <strong>Palometas<\/strong> se impuso por 4 a 0 y con ello el\u00a0 \u201cGranate\u201d logr\u00f3 impulso para lo que viene\u00a0 por delante. Si bien interrumpi\u00f3 la racha ganadora el \u201cLechero\u201d sigue siendo el puntero de la Zona C, puesto que logr\u00f3 el pasado jueves con el 3-0 ante All Haz en Suipacha. La jornada, en V\u00e9lez, se cerr\u00f3 con un cruce siempre esperado: <strong>Club Mercedes y Trocha<\/strong>.<\/p>\n<p><img loading=\"lazy\" decoding=\"async\" class=\"alignnone size-full wp-image-185181\" src=\"https:\/\/noticiasmercedinas.com\/site\/wp-content\/uploads\/2026\/04\/3b0148db-13c0-4586-8f8a-7662d801ba13.jpg\" alt=\"\" width=\"640\" height=\"427\" srcset=\"https:\/\/noticiasmercedinas.com\/site\/wp-content\/uploads\/2026\/04\/3b0148db-13c0-4586-8f8a-7662d801ba13.jpg 640w, https:\/\/noticiasmercedinas.com\/site\/wp-content\/uploads\/2026\/04\/3b0148db-13c0-4586-8f8a-7662d801ba13-300x200.jpg 300w\" sizes=\"auto, (max-width: 640px) 100vw, 640px\" \/><\/p>\n<p>Esta vez fue victoria del \u201cBlanquinegro\u201d por la m\u00ednima, resultado que lo deja segundo en la tabla cuando est\u00e1 a punto de terminar la primera rueda. El juego fue uno de los interzonales, con ello Trocha qued\u00f3 a cuatro puntos del l\u00edder Carteros en el grupo B. Lo que viene es la \u00faltima fecha y al no estar disponible la Liga Mercedina los partidos volver\u00e1n a repartirse en distintos escenarios, se aprovechar\u00e1 en parte el feriado del 1 de mayo, tambi\u00e9n habr\u00e1 acci\u00f3n los d\u00edas 2 y 3.<\/p>\n<p><strong>Interzonal<\/strong><br \/>\n<strong>Club Mercedes 1:<\/strong> Felipe Redondi.<br \/>\n<strong>Trocha 0.<br \/>\nArbitro: <\/strong>Pascual Soria.<\/p>\n<p><strong>Zona C<br \/>\nPalometas 4: <\/strong>Angel Far\u00edas, Thom\u00e1s Pinto, Eli\u00e1n Zuleta y Valentino Russi.<br \/>\n<strong>Juventud de Suipacha 0<\/strong>.<br \/>\n<strong>Arbitro:<\/strong> Germ\u00e1n Gauna.<br \/>\n<strong><br \/>\nHolanda 0.<br \/>\nAteneo de la Juventud 6:<\/strong> Nicol\u00e1s Bertaina, Alex Ivachich 3, Maro Guerra y Facundo Del Bianco.<br \/>\n<strong>Arbitro:<\/strong> Sergio Herrera.<\/p>\n<p><img loading=\"lazy\" decoding=\"async\" class=\"alignnone size-full wp-image-185182\" src=\"https:\/\/noticiasmercedinas.com\/site\/wp-content\/uploads\/2026\/04\/Primera-2026-4.jpg\" alt=\"\" width=\"640\" height=\"565\" srcset=\"https:\/\/noticiasmercedinas.com\/site\/wp-content\/uploads\/2026\/04\/Primera-2026-4.jpg 640w, https:\/\/noticiasmercedinas.com\/site\/wp-content\/uploads\/2026\/04\/Primera-2026-4-300x265.jpg 300w\" sizes=\"auto, (max-width: 640px) 100vw, 640px\" \/><br \/>\n<strong><br \/>\nPr\u00f3xima fecha<br \/>\nZona A<br \/>\n<\/strong>AMEFIP vs. Villa Manchi.<br \/>\nEstudiantes vs. Tim\u00f3n.<br \/>\nClub Mercedes vs. Defensores.<\/p>\n<p><strong>Zona B<\/strong><br \/>\nQuilmes vs. Pabell\u00f3n.<br \/>\nUni\u00f3n vs. Trocha.<br \/>\nCarteros vs. El Front\u00f3n.<\/p>\n<p><strong>Zona C<\/strong><br \/>\nNewbery vs. Palometas.<br \/>\nJuventud vs. V\u00e9lez.<br \/>\nAll Haz vs. Holanda.<br \/>\n<strong>Libre:<\/strong> Ateneo.<\/p>\n<p><strong>Reserva<br \/>\n<\/strong>En cancha de Trocha se jug\u00f3 un encuentro pendiente, fue victoria de All Haz que sigue liderando la Zona C.<\/p>\n<p>Jorge Newbery 3.<br \/>\nAll Haz 5.<\/p>\n","protected":false},"excerpt":{"rendered":"<p>\u25a0 Por 6 a 0 los de Amed superaron a Holanda llegando al segundo puesto. El \u201cGranate\u201d le quit\u00f3 el invicto a Juventud con un 4 a 0. En un juego que siempre promete festej\u00f3 el \u201cBlanquinegro\u201d. Se viene la \u00faltima fecha de la primera rueda.  <\/p>\n","protected":false},"author":6,"featured_media":185180,"comment_status":"closed","ping_status":"closed","sticky":false,"template":"","format":"standard","meta":{"footnotes":""},"categories":[5],"tags":[3346,14140,592],"class_list":["post-185179","post","type-post","status-publish","format-standard","has-post-thumbnail","hentry","category-deportes","tag-liga-mercedina-de-futbol","tag-primera-division-a","tag-reserva"],"yoast_head":"<!-- This site is optimized with the Yoast SEO plugin v27.4 - https:\/\/yoast.com\/product\/yoast-seo-wordpress\/ -->\n<title>Golearon Ateneo y Palometas, por la m\u00ednima Mercedes le gan\u00f3 a Trocha<\/title>\n<meta name=\"robots\" content=\"index, follow, max-snippet:-1, max-image-preview:large, max-video-preview:-1\" \/>\n<link rel=\"canonical\" href=\"https:\/\/noticiasmercedinas.com\/site\/2026\/04\/27\/golearon-ateneo-y-palometas-por-la-minima-mercedes-le-gano-a-trocha\/\" \/>\n<meta property=\"og:locale\" content=\"es_ES\" \/>\n<meta property=\"og:type\" content=\"article\" \/>\n<meta property=\"og:title\" content=\"Golearon Ateneo y Palometas, por la m\u00ednima Mercedes le gan\u00f3 a Trocha\" \/>\n<meta property=\"og:description\" content=\"\u25a0 Por 6 a 0 los de Amed superaron a Holanda llegando al segundo puesto. El \u201cGranate\u201d le quit\u00f3 el invicto a Juventud con un 4 a 0. En un juego que siempre promete festej\u00f3 el \u201cBlanquinegro\u201d. Se viene la \u00faltima fecha de la primera rueda.\" \/>\n<meta property=\"og:url\" content=\"https:\/\/noticiasmercedinas.com\/site\/2026\/04\/27\/golearon-ateneo-y-palometas-por-la-minima-mercedes-le-gano-a-trocha\/\" \/>\n<meta property=\"og:site_name\" content=\"NOTICIASMERCEDINAS.COM\" \/>\n<meta property=\"article:publisher\" content=\"https:\/\/www.facebook.com\/noticiasmercedinas\/\" \/>\n<meta property=\"article:published_time\" content=\"2026-04-27T03:32:15+00:00\" \/>\n<meta property=\"article:modified_time\" content=\"2026-04-27T03:38:20+00:00\" \/>\n<meta property=\"og:image\" content=\"https:\/\/noticiasmercedinas.com\/site\/wp-content\/uploads\/2026\/04\/83ba9eae-8e29-49aa-96ee-2734fcc1d512.jpg\" \/>\n\t<meta property=\"og:image:width\" content=\"640\" \/>\n\t<meta property=\"og:image:height\" content=\"480\" \/>\n\t<meta property=\"og:image:type\" content=\"image\/jpeg\" \/>\n<meta name=\"author\" content=\"Juan Dagnino NOTICIASMERCEDINAS.COM\" \/>\n<meta name=\"twitter:card\" content=\"summary_large_image\" \/>\n<meta name=\"twitter:creator\" content=\"@notmercedinas\" \/>\n<meta name=\"twitter:site\" content=\"@notmercedinas\" \/>\n<meta name=\"twitter:label1\" content=\"Escrito por\" \/>\n\t<meta name=\"twitter:data1\" content=\"Juan Dagnino NOTICIASMERCEDINAS.COM\" \/>\n\t<meta name=\"twitter:label2\" content=\"Tiempo de lectura\" \/>\n\t<meta name=\"twitter:data2\" content=\"3 minutos\" \/>\n<script type=\"application\/ld+json\" class=\"yoast-schema-graph\">{\"@context\":\"https:\\\/\\\/schema.org\",\"@graph\":[{\"@type\":\"Article\",\"@id\":\"https:\\\/\\\/noticiasmercedinas.com\\\/site\\\/2026\\\/04\\\/27\\\/golearon-ateneo-y-palometas-por-la-minima-mercedes-le-gano-a-trocha\\\/#article\",\"isPartOf\":{\"@id\":\"https:\\\/\\\/noticiasmercedinas.com\\\/site\\\/2026\\\/04\\\/27\\\/golearon-ateneo-y-palometas-por-la-minima-mercedes-le-gano-a-trocha\\\/\"},\"author\":{\"name\":\"Juan Dagnino NOTICIASMERCEDINAS.COM\",\"@id\":\"https:\\\/\\\/noticiasmercedinas.com\\\/site\\\/#\\\/schema\\\/person\\\/8f2f09d666ef40986eba4a5e6f2a06f9\"},\"headline\":\"Golearon Ateneo y Palometas, por la m\u00ednima Mercedes le gan\u00f3 a Trocha\",\"datePublished\":\"2026-04-27T03:32:15+00:00\",\"dateModified\":\"2026-04-27T03:38:20+00:00\",\"mainEntityOfPage\":{\"@id\":\"https:\\\/\\\/noticiasmercedinas.com\\\/site\\\/2026\\\/04\\\/27\\\/golearon-ateneo-y-palometas-por-la-minima-mercedes-le-gano-a-trocha\\\/\"},\"wordCount\":413,\"publisher\":{\"@id\":\"https:\\\/\\\/noticiasmercedinas.com\\\/site\\\/#organization\"},\"image\":{\"@id\":\"https:\\\/\\\/noticiasmercedinas.com\\\/site\\\/2026\\\/04\\\/27\\\/golearon-ateneo-y-palometas-por-la-minima-mercedes-le-gano-a-trocha\\\/#primaryimage\"},\"thumbnailUrl\":\"https:\\\/\\\/noticiasmercedinas.com\\\/site\\\/wp-content\\\/uploads\\\/2026\\\/04\\\/83ba9eae-8e29-49aa-96ee-2734fcc1d512.jpg\",\"keywords\":[\"Liga Mercedina de F\u00fatbol\",\"primera divisi\u00f3n a\",\"reserva\"],\"articleSection\":[\"Deportes\"],\"inLanguage\":\"es\"},{\"@type\":\"WebPage\",\"@id\":\"https:\\\/\\\/noticiasmercedinas.com\\\/site\\\/2026\\\/04\\\/27\\\/golearon-ateneo-y-palometas-por-la-minima-mercedes-le-gano-a-trocha\\\/\",\"url\":\"https:\\\/\\\/noticiasmercedinas.com\\\/site\\\/2026\\\/04\\\/27\\\/golearon-ateneo-y-palometas-por-la-minima-mercedes-le-gano-a-trocha\\\/\",\"name\":\"Golearon Ateneo y Palometas, por la m\u00ednima Mercedes le gan\u00f3 a Trocha\",\"isPartOf\":{\"@id\":\"https:\\\/\\\/noticiasmercedinas.com\\\/site\\\/#website\"},\"primaryImageOfPage\":{\"@id\":\"https:\\\/\\\/noticiasmercedinas.com\\\/site\\\/2026\\\/04\\\/27\\\/golearon-ateneo-y-palometas-por-la-minima-mercedes-le-gano-a-trocha\\\/#primaryimage\"},\"image\":{\"@id\":\"https:\\\/\\\/noticiasmercedinas.com\\\/site\\\/2026\\\/04\\\/27\\\/golearon-ateneo-y-palometas-por-la-minima-mercedes-le-gano-a-trocha\\\/#primaryimage\"},\"thumbnailUrl\":\"https:\\\/\\\/noticiasmercedinas.com\\\/site\\\/wp-content\\\/uploads\\\/2026\\\/04\\\/83ba9eae-8e29-49aa-96ee-2734fcc1d512.jpg\",\"datePublished\":\"2026-04-27T03:32:15+00:00\",\"dateModified\":\"2026-04-27T03:38:20+00:00\",\"breadcrumb\":{\"@id\":\"https:\\\/\\\/noticiasmercedinas.com\\\/site\\\/2026\\\/04\\\/27\\\/golearon-ateneo-y-palometas-por-la-minima-mercedes-le-gano-a-trocha\\\/#breadcrumb\"},\"inLanguage\":\"es\",\"potentialAction\":[{\"@type\":\"ReadAction\",\"target\":[\"https:\\\/\\\/noticiasmercedinas.com\\\/site\\\/2026\\\/04\\\/27\\\/golearon-ateneo-y-palometas-por-la-minima-mercedes-le-gano-a-trocha\\\/\"]}]},{\"@type\":\"ImageObject\",\"inLanguage\":\"es\",\"@id\":\"https:\\\/\\\/noticiasmercedinas.com\\\/site\\\/2026\\\/04\\\/27\\\/golearon-ateneo-y-palometas-por-la-minima-mercedes-le-gano-a-trocha\\\/#primaryimage\",\"url\":\"https:\\\/\\\/noticiasmercedinas.com\\\/site\\\/wp-content\\\/uploads\\\/2026\\\/04\\\/83ba9eae-8e29-49aa-96ee-2734fcc1d512.jpg\",\"contentUrl\":\"https:\\\/\\\/noticiasmercedinas.com\\\/site\\\/wp-content\\\/uploads\\\/2026\\\/04\\\/83ba9eae-8e29-49aa-96ee-2734fcc1d512.jpg\",\"width\":640,\"height\":480},{\"@type\":\"BreadcrumbList\",\"@id\":\"https:\\\/\\\/noticiasmercedinas.com\\\/site\\\/2026\\\/04\\\/27\\\/golearon-ateneo-y-palometas-por-la-minima-mercedes-le-gano-a-trocha\\\/#breadcrumb\",\"itemListElement\":[{\"@type\":\"ListItem\",\"position\":1,\"name\":\"Portada\",\"item\":\"https:\\\/\\\/noticiasmercedinas.com\\\/site\\\/\"},{\"@type\":\"ListItem\",\"position\":2,\"name\":\"Golearon Ateneo y Palometas, por la m\u00ednima Mercedes le gan\u00f3 a Trocha\"}]},{\"@type\":\"WebSite\",\"@id\":\"https:\\\/\\\/noticiasmercedinas.com\\\/site\\\/#website\",\"url\":\"https:\\\/\\\/noticiasmercedinas.com\\\/site\\\/\",\"name\":\"NOTICIASMERCEDINAS.COM\",\"description\":\"Mercedes, Buenos Aires, Argentina\",\"publisher\":{\"@id\":\"https:\\\/\\\/noticiasmercedinas.com\\\/site\\\/#organization\"},\"potentialAction\":[{\"@type\":\"SearchAction\",\"target\":{\"@type\":\"EntryPoint\",\"urlTemplate\":\"https:\\\/\\\/noticiasmercedinas.com\\\/site\\\/?s={search_term_string}\"},\"query-input\":{\"@type\":\"PropertyValueSpecification\",\"valueRequired\":true,\"valueName\":\"search_term_string\"}}],\"inLanguage\":\"es\"},{\"@type\":\"Organization\",\"@id\":\"https:\\\/\\\/noticiasmercedinas.com\\\/site\\\/#organization\",\"name\":\"NOTICIASMERCEDINAS.COM\",\"url\":\"https:\\\/\\\/noticiasmercedinas.com\\\/site\\\/\",\"logo\":{\"@type\":\"ImageObject\",\"inLanguage\":\"es\",\"@id\":\"https:\\\/\\\/noticiasmercedinas.com\\\/site\\\/#\\\/schema\\\/logo\\\/image\\\/\",\"url\":\"https:\\\/\\\/noticiasmercedinas.com\\\/site\\\/wp-content\\\/uploads\\\/2020\\\/06\\\/LOGO-512.jpg\",\"contentUrl\":\"https:\\\/\\\/noticiasmercedinas.com\\\/site\\\/wp-content\\\/uploads\\\/2020\\\/06\\\/LOGO-512.jpg\",\"width\":512,\"height\":512,\"caption\":\"NOTICIASMERCEDINAS.COM\"},\"image\":{\"@id\":\"https:\\\/\\\/noticiasmercedinas.com\\\/site\\\/#\\\/schema\\\/logo\\\/image\\\/\"},\"sameAs\":[\"https:\\\/\\\/www.facebook.com\\\/noticiasmercedinas\\\/\",\"https:\\\/\\\/x.com\\\/notmercedinas\",\"https:\\\/\\\/www.instagram.com\\\/noticiasmercedinas\\\/\"]},{\"@type\":\"Person\",\"@id\":\"https:\\\/\\\/noticiasmercedinas.com\\\/site\\\/#\\\/schema\\\/person\\\/8f2f09d666ef40986eba4a5e6f2a06f9\",\"name\":\"Juan Dagnino NOTICIASMERCEDINAS.COM\",\"image\":{\"@type\":\"ImageObject\",\"inLanguage\":\"es\",\"@id\":\"https:\\\/\\\/secure.gravatar.com\\\/avatar\\\/fc7059a769f5a3cae65fadb228a3e4accf3a64b4b2305020d0a27e6d5333c91b?s=96&d=mm&r=g\",\"url\":\"https:\\\/\\\/secure.gravatar.com\\\/avatar\\\/fc7059a769f5a3cae65fadb228a3e4accf3a64b4b2305020d0a27e6d5333c91b?s=96&d=mm&r=g\",\"contentUrl\":\"https:\\\/\\\/secure.gravatar.com\\\/avatar\\\/fc7059a769f5a3cae65fadb228a3e4accf3a64b4b2305020d0a27e6d5333c91b?s=96&d=mm&r=g\",\"caption\":\"Juan Dagnino NOTICIASMERCEDINAS.COM\"},\"url\":\"https:\\\/\\\/noticiasmercedinas.com\\\/site\\\/author\\\/juandagnino\\\/\"}]}<\/script>\n<!-- \/ Yoast SEO plugin. -->","yoast_head_json":{"title":"Golearon Ateneo y Palometas, por la m\u00ednima Mercedes le gan\u00f3 a Trocha","robots":{"index":"index","follow":"follow","max-snippet":"max-snippet:-1","max-image-preview":"max-image-preview:large","max-video-preview":"max-video-preview:-1"},"canonical":"https:\/\/noticiasmercedinas.com\/site\/2026\/04\/27\/golearon-ateneo-y-palometas-por-la-minima-mercedes-le-gano-a-trocha\/","og_locale":"es_ES","og_type":"article","og_title":"Golearon Ateneo y Palometas, por la m\u00ednima Mercedes le gan\u00f3 a Trocha","og_description":"\u25a0 Por 6 a 0 los de Amed superaron a Holanda llegando al segundo puesto. El \u201cGranate\u201d le quit\u00f3 el invicto a Juventud con un 4 a 0. En un juego que siempre promete festej\u00f3 el \u201cBlanquinegro\u201d. Se viene la \u00faltima fecha de la primera rueda.","og_url":"https:\/\/noticiasmercedinas.com\/site\/2026\/04\/27\/golearon-ateneo-y-palometas-por-la-minima-mercedes-le-gano-a-trocha\/","og_site_name":"NOTICIASMERCEDINAS.COM","article_publisher":"https:\/\/www.facebook.com\/noticiasmercedinas\/","article_published_time":"2026-04-27T03:32:15+00:00","article_modified_time":"2026-04-27T03:38:20+00:00","og_image":[{"width":640,"height":480,"url":"https:\/\/noticiasmercedinas.com\/site\/wp-content\/uploads\/2026\/04\/83ba9eae-8e29-49aa-96ee-2734fcc1d512.jpg","type":"image\/jpeg"}],"author":"Juan Dagnino NOTICIASMERCEDINAS.COM","twitter_card":"summary_large_image","twitter_creator":"@notmercedinas","twitter_site":"@notmercedinas","twitter_misc":{"Escrito por":"Juan Dagnino NOTICIASMERCEDINAS.COM","Tiempo de lectura":"3 minutos"},"schema":{"@context":"https:\/\/schema.org","@graph":[{"@type":"Article","@id":"https:\/\/noticiasmercedinas.com\/site\/2026\/04\/27\/golearon-ateneo-y-palometas-por-la-minima-mercedes-le-gano-a-trocha\/#article","isPartOf":{"@id":"https:\/\/noticiasmercedinas.com\/site\/2026\/04\/27\/golearon-ateneo-y-palometas-por-la-minima-mercedes-le-gano-a-trocha\/"},"author":{"name":"Juan Dagnino NOTICIASMERCEDINAS.COM","@id":"https:\/\/noticiasmercedinas.com\/site\/#\/schema\/person\/8f2f09d666ef40986eba4a5e6f2a06f9"},"headline":"Golearon Ateneo y Palometas, por la m\u00ednima Mercedes le gan\u00f3 a Trocha","datePublished":"2026-04-27T03:32:15+00:00","dateModified":"2026-04-27T03:38:20+00:00","mainEntityOfPage":{"@id":"https:\/\/noticiasmercedinas.com\/site\/2026\/04\/27\/golearon-ateneo-y-palometas-por-la-minima-mercedes-le-gano-a-trocha\/"},"wordCount":413,"publisher":{"@id":"https:\/\/noticiasmercedinas.com\/site\/#organization"},"image":{"@id":"https:\/\/noticiasmercedinas.com\/site\/2026\/04\/27\/golearon-ateneo-y-palometas-por-la-minima-mercedes-le-gano-a-trocha\/#primaryimage"},"thumbnailUrl":"https:\/\/noticiasmercedinas.com\/site\/wp-content\/uploads\/2026\/04\/83ba9eae-8e29-49aa-96ee-2734fcc1d512.jpg","keywords":["Liga Mercedina de F\u00fatbol","primera divisi\u00f3n a","reserva"],"articleSection":["Deportes"],"inLanguage":"es"},{"@type":"WebPage","@id":"https:\/\/noticiasmercedinas.com\/site\/2026\/04\/27\/golearon-ateneo-y-palometas-por-la-minima-mercedes-le-gano-a-trocha\/","url":"https:\/\/noticiasmercedinas.com\/site\/2026\/04\/27\/golearon-ateneo-y-palometas-por-la-minima-mercedes-le-gano-a-trocha\/","name":"Golearon Ateneo y Palometas, por la m\u00ednima Mercedes le gan\u00f3 a Trocha","isPartOf":{"@id":"https:\/\/noticiasmercedinas.com\/site\/#website"},"primaryImageOfPage":{"@id":"https:\/\/noticiasmercedinas.com\/site\/2026\/04\/27\/golearon-ateneo-y-palometas-por-la-minima-mercedes-le-gano-a-trocha\/#primaryimage"},"image":{"@id":"https:\/\/noticiasmercedinas.com\/site\/2026\/04\/27\/golearon-ateneo-y-palometas-por-la-minima-mercedes-le-gano-a-trocha\/#primaryimage"},"thumbnailUrl":"https:\/\/noticiasmercedinas.com\/site\/wp-content\/uploads\/2026\/04\/83ba9eae-8e29-49aa-96ee-2734fcc1d512.jpg","datePublished":"2026-04-27T03:32:15+00:00","dateModified":"2026-04-27T03:38:20+00:00","breadcrumb":{"@id":"https:\/\/noticiasmercedinas.com\/site\/2026\/04\/27\/golearon-ateneo-y-palometas-por-la-minima-mercedes-le-gano-a-trocha\/#breadcrumb"},"inLanguage":"es","potentialAction":[{"@type":"ReadAction","target":["https:\/\/noticiasmercedinas.com\/site\/2026\/04\/27\/golearon-ateneo-y-palometas-por-la-minima-mercedes-le-gano-a-trocha\/"]}]},{"@type":"ImageObject","inLanguage":"es","@id":"https:\/\/noticiasmercedinas.com\/site\/2026\/04\/27\/golearon-ateneo-y-palometas-por-la-minima-mercedes-le-gano-a-trocha\/#primaryimage","url":"https:\/\/noticiasmercedinas.com\/site\/wp-content\/uploads\/2026\/04\/83ba9eae-8e29-49aa-96ee-2734fcc1d512.jpg","contentUrl":"https:\/\/noticiasmercedinas.com\/site\/wp-content\/uploads\/2026\/04\/83ba9eae-8e29-49aa-96ee-2734fcc1d512.jpg","width":640,"height":480},{"@type":"BreadcrumbList","@id":"https:\/\/noticiasmercedinas.com\/site\/2026\/04\/27\/golearon-ateneo-y-palometas-por-la-minima-mercedes-le-gano-a-trocha\/#breadcrumb","itemListElement":[{"@type":"ListItem","position":1,"name":"Portada","item":"https:\/\/noticiasmercedinas.com\/site\/"},{"@type":"ListItem","position":2,"name":"Golearon Ateneo y Palometas, por la m\u00ednima Mercedes le gan\u00f3 a Trocha"}]},{"@type":"WebSite","@id":"https:\/\/noticiasmercedinas.com\/site\/#website","url":"https:\/\/noticiasmercedinas.com\/site\/","name":"NOTICIASMERCEDINAS.COM","description":"Mercedes, Buenos Aires, Argentina","publisher":{"@id":"https:\/\/noticiasmercedinas.com\/site\/#organization"},"potentialAction":[{"@type":"SearchAction","target":{"@type":"EntryPoint","urlTemplate":"https:\/\/noticiasmercedinas.com\/site\/?s={search_term_string}"},"query-input":{"@type":"PropertyValueSpecification","valueRequired":true,"valueName":"search_term_string"}}],"inLanguage":"es"},{"@type":"Organization","@id":"https:\/\/noticiasmercedinas.com\/site\/#organization","name":"NOTICIASMERCEDINAS.COM","url":"https:\/\/noticiasmercedinas.com\/site\/","logo":{"@type":"ImageObject","inLanguage":"es","@id":"https:\/\/noticiasmercedinas.com\/site\/#\/schema\/logo\/image\/","url":"https:\/\/noticiasmercedinas.com\/site\/wp-content\/uploads\/2020\/06\/LOGO-512.jpg","contentUrl":"https:\/\/noticiasmercedinas.com\/site\/wp-content\/uploads\/2020\/06\/LOGO-512.jpg","width":512,"height":512,"caption":"NOTICIASMERCEDINAS.COM"},"image":{"@id":"https:\/\/noticiasmercedinas.com\/site\/#\/schema\/logo\/image\/"},"sameAs":["https:\/\/www.facebook.com\/noticiasmercedinas\/","https:\/\/x.com\/notmercedinas","https:\/\/www.instagram.com\/noticiasmercedinas\/"]},{"@type":"Person","@id":"https:\/\/noticiasmercedinas.com\/site\/#\/schema\/person\/8f2f09d666ef40986eba4a5e6f2a06f9","name":"Juan Dagnino NOTICIASMERCEDINAS.COM","image":{"@type":"ImageObject","inLanguage":"es","@id":"https:\/\/secure.gravatar.com\/avatar\/fc7059a769f5a3cae65fadb228a3e4accf3a64b4b2305020d0a27e6d5333c91b?s=96&d=mm&r=g","url":"https:\/\/secure.gravatar.com\/avatar\/fc7059a769f5a3cae65fadb228a3e4accf3a64b4b2305020d0a27e6d5333c91b?s=96&d=mm&r=g","contentUrl":"https:\/\/secure.gravatar.com\/avatar\/fc7059a769f5a3cae65fadb228a3e4accf3a64b4b2305020d0a27e6d5333c91b?s=96&d=mm&r=g","caption":"Juan Dagnino NOTICIASMERCEDINAS.COM"},"url":"https:\/\/noticiasmercedinas.com\/site\/author\/juandagnino\/"}]}},"amp_enabled":true,"_links":{"self":[{"href":"https:\/\/noticiasmercedinas.com\/site\/wp-json\/wp\/v2\/posts\/185179","targetHints":{"allow":["GET"]}}],"collection":[{"href":"https:\/\/noticiasmercedinas.com\/site\/wp-json\/wp\/v2\/posts"}],"about":[{"href":"https:\/\/noticiasmercedinas.com\/site\/wp-json\/wp\/v2\/types\/post"}],"author":[{"embeddable":true,"href":"https:\/\/noticiasmercedinas.com\/site\/wp-json\/wp\/v2\/users\/6"}],"replies":[{"embeddable":true,"href":"https:\/\/noticiasmercedinas.com\/site\/wp-json\/wp\/v2\/comments?post=185179"}],"version-history":[{"count":2,"href":"https:\/\/noticiasmercedinas.com\/site\/wp-json\/wp\/v2\/posts\/185179\/revisions"}],"predecessor-version":[{"id":185184,"href":"https:\/\/noticiasmercedinas.com\/site\/wp-json\/wp\/v2\/posts\/185179\/revisions\/185184"}],"wp:featuredmedia":[{"embeddable":true,"href":"https:\/\/noticiasmercedinas.com\/site\/wp-json\/wp\/v2\/media\/185180"}],"wp:attachment":[{"href":"https:\/\/noticiasmercedinas.com\/site\/wp-json\/wp\/v2\/media?parent=185179"}],"wp:term":[{"taxonomy":"category","embeddable":true,"href":"https:\/\/noticiasmercedinas.com\/site\/wp-json\/wp\/v2\/categories?post=185179"},{"taxonomy":"post_tag","embeddable":true,"href":"https:\/\/noticiasmercedinas.com\/site\/wp-json\/wp\/v2\/tags?post=185179"}],"curies":[{"name":"wp","href":"https:\/\/api.w.org\/{rel}","templated":true}]}}