{"id":185193,"date":"2026-04-27T08:45:36","date_gmt":"2026-04-27T11:45:36","guid":{"rendered":"https:\/\/noticiasmercedinas.com\/site\/?p=185193"},"modified":"2026-04-27T08:45:36","modified_gmt":"2026-04-27T11:45:36","slug":"convocatoria-a-elecciones-sindicato-obreros-panaderos-regional-oeste","status":"publish","type":"post","link":"https:\/\/noticiasmercedinas.com\/site\/2026\/04\/27\/convocatoria-a-elecciones-sindicato-obreros-panaderos-regional-oeste\/","title":{"rendered":"Convocatoria a elecciones Sindicato Obreros Panaderos Regional Oeste"},"content":{"rendered":"<p><img loading=\"lazy\" decoding=\"async\" class=\"alignnone size-full wp-image-25578\" src=\"https:\/\/noticiasmercedinas.com\/site\/wp-content\/uploads\/2019\/08\/voto-sobre.jpg\" alt=\"\" width=\"1500\" height=\"850\" srcset=\"https:\/\/noticiasmercedinas.com\/site\/wp-content\/uploads\/2019\/08\/voto-sobre.jpg 1500w, https:\/\/noticiasmercedinas.com\/site\/wp-content\/uploads\/2019\/08\/voto-sobre-300x170.jpg 300w, https:\/\/noticiasmercedinas.com\/site\/wp-content\/uploads\/2019\/08\/voto-sobre-768x435.jpg 768w, https:\/\/noticiasmercedinas.com\/site\/wp-content\/uploads\/2019\/08\/voto-sobre-1024x580.jpg 1024w, https:\/\/noticiasmercedinas.com\/site\/wp-content\/uploads\/2019\/08\/voto-sobre-640x363.jpg 640w, https:\/\/noticiasmercedinas.com\/site\/wp-content\/uploads\/2019\/08\/voto-sobre-1280x725.jpg 1280w, https:\/\/noticiasmercedinas.com\/site\/wp-content\/uploads\/2019\/08\/voto-sobre-681x386.jpg 681w, https:\/\/noticiasmercedinas.com\/site\/wp-content\/uploads\/2019\/08\/voto-sobre-1362x772.jpg 1362w\" sizes=\"auto, (max-width: 1500px) 100vw, 1500px\" \/><\/p>\n<p>Sindicato de Obreros Panaderos Regional Oeste -S.O.P.R.O.- Inscripci\u00f3n Gremial N\u00ba 1692.<br \/>\nConvocatoria a Elecciones Generales.<\/p>\n<p>Visto: El Cap\u00edtulo VV \u201cR\u00e9gimen Electoral\u201d del E.S., la Ley 23.551, el Art. 15\u00ba del Dec. Regl. 467\/88, la Ley 25.674, su Dec. Regl. 514\/03 y Considerando:<\/p>\n<ul>\n<li>Que la Comisi\u00f3n Directiva en sesi\u00f3n de fecha 05\/03\/2026 dispuso la convocatoria a Elecciones Generales para el d\u00eda 01\/08\/2026, en el horario de 09.00 a 16.00 hs., para la elecci\u00f3n de las autoridades de la Comisi\u00f3n Directiva, de la Comisi\u00f3n Revisora de Cuentas y Delegados\/as Congresales a la F.A.U.P.P.A. y a la F.O.E.P.A. para ejercer su mandato por un per\u00edodo de cuatro (4) a\u00f1os, esto es, 2026 &#8211; 2030.<\/li>\n<li>Que dicho \u00f3rgano directivo convoc\u00f3 a Asamblea Gral. Extraordinaria celebrada el d\u00eda 25\/04\/2026 para designar los miembros integrantes de la Junta Electoral, la cual habiendo asumido todas las facultades inherentes al acto eleccionario, ha quedado conformada de la siguiente manera:\n<p>Presidente: Diez Norberto Dami\u00e1n, D.N.I. N\u00ba 36.772.243, Secretario: Arredondo Aguilar Julio Mart\u00edn, D.N.I. N\u00ba 27.978.821, Vocal Titular: Ben\u00edtez Carlos Guillermo, D.N.I. N\u00ba 23.991.302 y Vocales Suplentes: L\u00f3pez Luciana Ester, D.N.I. N\u00ba 23.620.228, Dos Santos El\u00edas Emanuel, D.N.I. N\u00ba 37.109.284 y , Araoz Micaela Ayel\u00e9n D.N.I. N\u00ba 39.281.216- Que, corresponde aplicar lo dispuesto en el E.S. y las normas legales imperantes.<\/p>\n<p>Por ello, atento las facultades conferidas, la Comisi\u00f3n Directiva Resuelve:<\/p>\n<p>Art. 1\u00b0: Convocar a Elecciones Generales del Sindicato de Obreros Panaderos<br \/>\nRegional Oeste. Los Comicios Electorales se llevar\u00e1n a cabo el d\u00eda S\u00e1bado 1\u00ba (primero) de Agosto de 2026, en la Sede Social de la Entidad sita en la calle Av. Carlos Pellegrini N\u00b0 999, Ciudad de Bragado, Partido Hom\u00f3nimo, Provincia de Buenos Aires, en el horario general de 09.00 a 16.00 hs.<\/p>\n<p>Art. 2\u00b0: En el acto electoral convocado en el Art. 1\u00b0, el sufragante elegir\u00e1 las autoridades mencionadas en el E.S. para ejercer su mandato por un per\u00edodo de cuatro (4) a\u00f1os que se extender\u00e1 desde el d\u00eda 15\/08\/2026 hasta el d\u00eda 14\/08\/2030; a fin de cubrir los siguientes cargos: I.- Comisi\u00f3n Directiva: Un\/a (1) Secretario\/a General, Un\/a (1) Secretario\/a Adjunto\/a; Un\/a (1) Secretario\/a Gremial; Un\/a (1) Tesorero\/a; Un\/a (1) Secretario\/a Protesorero\/a; Un\/a (1) Secretario\/a de Actas; Tres (3) Vocales Titulares y Tres (3) Vocales Suplentes.- II.- Comisi\u00f3n Revisora de Cuentas: Tres (3) Miembros Titulares y Tres (3) Miembros Suplentes. III.- Delegados\/as Congresales a la F.A.U.P.P.A. y a la F.O.E.P.A.: Dos (2) Titulares y Dos (2) Suplentes. &#8211;<\/p>\n<p>Art. 3\u00b0: En los Comicios Electorales se adoptar\u00e1 el sistema de lista completa y por simple mayor\u00eda de sufragios, siendo la designaci\u00f3n por el voto secreto y directo de los\/as afiliados\/as con derecho a voto (Art. 44\u00ba, E.S.). Se considerar\u00e1n documentos habilitantes: el Documento de Identidad (DNI., C.I., L.E. y\/o L.C.) y el Carnet Sindical (Arts. 35\u00ba y 49\u00ba, E.S.).<\/p>\n<p>Art. 4\u00ba: Para postularse como candidatos\/as, los\/as afiliados\/as deber\u00e1n reunir los requisitos de los Arts. 52\u00ba, E.S. y 18\u00ba de la Ley 23.551, modificado por Ley 25.674 y su Dec. Regl. 514\/03.<\/p>\n<p>Art. 5\u00ba: Las Listas de Candidatos deber\u00e1n presentarse ante la Junta Electoral, por triplicado y en forma completa, con la totalidad de los cargos sujetos a elecci\u00f3n y con la conformidad de los candidatos, expresada con su firma; designaci\u00f3n de apoderados y ser avalada por el tres por ciento (3%) de los afiliados de la Asociaci\u00f3n (Arts. 46\u00ba, E.S. y 15\u00ba, Dec. Regl. 467\/88).<\/p>\n<p>Art. 6\u00ba: El plazo para la presentaci\u00f3n de Listas de Candidatos vencer\u00e1 el d\u00eda 12 (doce) de Mayo de 2026, a las 24.00 horas, debiendo observarse lo dispuesto en los Arts. 46\u00ba, E.S. y 15\u00ba, Dec. Regl. 467\/88. La Junta Electoral entregar\u00e1 recibo de la solicitud de oficializaci\u00f3n de lista y emitir\u00e1 pronunciamiento fundado dentro de las 48 hs. de efectuada la misma (Art. 15\u00ba, Dec. Regl. 467\/88). Los padrones electorales se exhibir\u00e1n a partir del d\u00eda 16\/06\/2026 (Arts. 45\u00ba, E.S. y 15\u00ba, Dec. Regl. 467\/88).<\/p>\n<p>Art. 7\u00ba: A los fines de receptar la presentaci\u00f3n de listas y evacuar cualquier consulta referida al Comicio, se hace saber a los\/as afiliados\/as que la Junta Electoral, a partir de su constituci\u00f3n, funcionar\u00e1 en el domicilio de la Sede Social de la Entidad sito en la calle Av. Carlos Pellegrini N\u00b0 999, Ciudad de Bragado, Partido Hom\u00f3nimo, Pcia. de Bs. As., los d\u00edas Lunes y Mi\u00e9rcoles, en el horario de 10.00 a 12.00 hs., con excepci\u00f3n del d\u00eda 12 (doce) de Mayo de 2026 que lo har\u00e1 desde las 22.00 hs. y hasta las 24.00 hs inclusive (Art. 46\u00ba, E.S.).<\/p>\n<p>Art. 8\u00ba: Todo aquello que no haya sido enunciado en la presente Convocatoria, ser\u00e1 regido por la Ley 23.551, su Dec. Regl. 467\/88, la Ley 25.674; su Dec. Regl. 514\/03; el Cap\u00edtulo VI \u201cR\u00e9gimen Electoral\u201d del E.S. y las Resoluciones de la Junta Electoral.<\/p>\n<p>Art. 9\u00ba: A los fines del cumplimiento de la presente, notif\u00edquese a los\/as afiliados\/as mediante publicaci\u00f3n y comun\u00edquese, en legal tiempo y debida forma, a la S.T.E.yS.S.- Bragado, Lunes 27 (veintisiete) de Abril de 2026.<\/p>\n<p>Por Comisi\u00f3n Directiva. Lilian Cirila Figuer\u00f3n. Secretaria General. Sindicato de<br \/>\nObreros Panaderos Regional Oeste -S.O.P.R.O.-<\/li>\n<\/ul>\n","protected":false},"excerpt":{"rendered":"<p>Sindicato de Obreros Panaderos Regional Oeste -S.O.P.R.O.- Inscripci\u00f3n Gremial N\u00ba 1692. Convocatoria a Elecciones Generales. Visto: El Cap\u00edtulo VV \u201cR\u00e9gimen Electoral\u201d del E.S., la Ley 23.551, el Art. 15\u00ba del Dec. Regl. 467\/88, la Ley 25.674, su Dec. Regl. 514\/03 y Considerando: Que la Comisi\u00f3n Directiva en sesi\u00f3n de fecha 05\/03\/2026 dispuso la convocatoria a [&hellip;]<\/p>\n","protected":false},"author":16,"featured_media":25578,"comment_status":"closed","ping_status":"closed","sticky":false,"template":"","format":"standard","meta":{"footnotes":""},"categories":[18204],"tags":[],"class_list":["post-185193","post","type-post","status-publish","format-standard","has-post-thumbnail","hentry","category-edictos"],"yoast_head":"<!-- This site is optimized with the Yoast SEO plugin v27.4 - https:\/\/yoast.com\/product\/yoast-seo-wordpress\/ -->\n<title>Convocatoria a elecciones Sindicato Obreros Panaderos Regional Oeste<\/title>\n<meta name=\"robots\" content=\"index, follow, max-snippet:-1, max-image-preview:large, max-video-preview:-1\" \/>\n<link rel=\"canonical\" href=\"https:\/\/noticiasmercedinas.com\/site\/2026\/04\/27\/convocatoria-a-elecciones-sindicato-obreros-panaderos-regional-oeste\/\" \/>\n<meta property=\"og:locale\" content=\"es_ES\" \/>\n<meta property=\"og:type\" content=\"article\" \/>\n<meta property=\"og:title\" content=\"Convocatoria a elecciones Sindicato Obreros Panaderos Regional Oeste\" \/>\n<meta property=\"og:description\" content=\"Sindicato de Obreros Panaderos Regional Oeste -S.O.P.R.O.- Inscripci\u00f3n Gremial N\u00ba 1692. Convocatoria a Elecciones Generales. Visto: El Cap\u00edtulo VV \u201cR\u00e9gimen Electoral\u201d del E.S., la Ley 23.551, el Art. 15\u00ba del Dec. Regl. 467\/88, la Ley 25.674, su Dec. Regl. 514\/03 y Considerando: Que la Comisi\u00f3n Directiva en sesi\u00f3n de fecha 05\/03\/2026 dispuso la convocatoria a [&hellip;]\" \/>\n<meta property=\"og:url\" content=\"https:\/\/noticiasmercedinas.com\/site\/2026\/04\/27\/convocatoria-a-elecciones-sindicato-obreros-panaderos-regional-oeste\/\" \/>\n<meta property=\"og:site_name\" content=\"NOTICIASMERCEDINAS.COM\" \/>\n<meta property=\"article:publisher\" content=\"https:\/\/www.facebook.com\/noticiasmercedinas\/\" \/>\n<meta property=\"article:published_time\" content=\"2026-04-27T11:45:36+00:00\" \/>\n<meta property=\"og:image\" content=\"https:\/\/noticiasmercedinas.com\/site\/wp-content\/uploads\/2019\/08\/voto-sobre.jpg\" \/>\n\t<meta property=\"og:image:width\" content=\"1500\" \/>\n\t<meta property=\"og:image:height\" content=\"850\" \/>\n\t<meta property=\"og:image:type\" content=\"image\/jpeg\" \/>\n<meta name=\"author\" content=\"NOTICIASMERCEDINAS.COM\" \/>\n<meta name=\"twitter:card\" content=\"summary_large_image\" \/>\n<meta name=\"twitter:creator\" content=\"@notmercedinas\" \/>\n<meta name=\"twitter:site\" content=\"@notmercedinas\" \/>\n<meta name=\"twitter:label1\" content=\"Escrito por\" \/>\n\t<meta name=\"twitter:data1\" content=\"NOTICIASMERCEDINAS.COM\" \/>\n\t<meta name=\"twitter:label2\" content=\"Tiempo de lectura\" \/>\n\t<meta name=\"twitter:data2\" content=\"5 minutos\" \/>\n<script type=\"application\/ld+json\" class=\"yoast-schema-graph\">{\"@context\":\"https:\\\/\\\/schema.org\",\"@graph\":[{\"@type\":\"Article\",\"@id\":\"https:\\\/\\\/noticiasmercedinas.com\\\/site\\\/2026\\\/04\\\/27\\\/convocatoria-a-elecciones-sindicato-obreros-panaderos-regional-oeste\\\/#article\",\"isPartOf\":{\"@id\":\"https:\\\/\\\/noticiasmercedinas.com\\\/site\\\/2026\\\/04\\\/27\\\/convocatoria-a-elecciones-sindicato-obreros-panaderos-regional-oeste\\\/\"},\"author\":{\"name\":\"NOTICIASMERCEDINAS.COM\",\"@id\":\"https:\\\/\\\/noticiasmercedinas.com\\\/site\\\/#\\\/schema\\\/person\\\/84b59c099c28ff2e8b77d4ceec5d8063\"},\"headline\":\"Convocatoria a elecciones Sindicato Obreros Panaderos Regional Oeste\",\"datePublished\":\"2026-04-27T11:45:36+00:00\",\"mainEntityOfPage\":{\"@id\":\"https:\\\/\\\/noticiasmercedinas.com\\\/site\\\/2026\\\/04\\\/27\\\/convocatoria-a-elecciones-sindicato-obreros-panaderos-regional-oeste\\\/\"},\"wordCount\":901,\"publisher\":{\"@id\":\"https:\\\/\\\/noticiasmercedinas.com\\\/site\\\/#organization\"},\"image\":{\"@id\":\"https:\\\/\\\/noticiasmercedinas.com\\\/site\\\/2026\\\/04\\\/27\\\/convocatoria-a-elecciones-sindicato-obreros-panaderos-regional-oeste\\\/#primaryimage\"},\"thumbnailUrl\":\"https:\\\/\\\/noticiasmercedinas.com\\\/site\\\/wp-content\\\/uploads\\\/2019\\\/08\\\/voto-sobre.jpg\",\"articleSection\":[\"Edictos\"],\"inLanguage\":\"es\"},{\"@type\":\"WebPage\",\"@id\":\"https:\\\/\\\/noticiasmercedinas.com\\\/site\\\/2026\\\/04\\\/27\\\/convocatoria-a-elecciones-sindicato-obreros-panaderos-regional-oeste\\\/\",\"url\":\"https:\\\/\\\/noticiasmercedinas.com\\\/site\\\/2026\\\/04\\\/27\\\/convocatoria-a-elecciones-sindicato-obreros-panaderos-regional-oeste\\\/\",\"name\":\"Convocatoria a elecciones Sindicato Obreros Panaderos Regional Oeste\",\"isPartOf\":{\"@id\":\"https:\\\/\\\/noticiasmercedinas.com\\\/site\\\/#website\"},\"primaryImageOfPage\":{\"@id\":\"https:\\\/\\\/noticiasmercedinas.com\\\/site\\\/2026\\\/04\\\/27\\\/convocatoria-a-elecciones-sindicato-obreros-panaderos-regional-oeste\\\/#primaryimage\"},\"image\":{\"@id\":\"https:\\\/\\\/noticiasmercedinas.com\\\/site\\\/2026\\\/04\\\/27\\\/convocatoria-a-elecciones-sindicato-obreros-panaderos-regional-oeste\\\/#primaryimage\"},\"thumbnailUrl\":\"https:\\\/\\\/noticiasmercedinas.com\\\/site\\\/wp-content\\\/uploads\\\/2019\\\/08\\\/voto-sobre.jpg\",\"datePublished\":\"2026-04-27T11:45:36+00:00\",\"breadcrumb\":{\"@id\":\"https:\\\/\\\/noticiasmercedinas.com\\\/site\\\/2026\\\/04\\\/27\\\/convocatoria-a-elecciones-sindicato-obreros-panaderos-regional-oeste\\\/#breadcrumb\"},\"inLanguage\":\"es\",\"potentialAction\":[{\"@type\":\"ReadAction\",\"target\":[\"https:\\\/\\\/noticiasmercedinas.com\\\/site\\\/2026\\\/04\\\/27\\\/convocatoria-a-elecciones-sindicato-obreros-panaderos-regional-oeste\\\/\"]}]},{\"@type\":\"ImageObject\",\"inLanguage\":\"es\",\"@id\":\"https:\\\/\\\/noticiasmercedinas.com\\\/site\\\/2026\\\/04\\\/27\\\/convocatoria-a-elecciones-sindicato-obreros-panaderos-regional-oeste\\\/#primaryimage\",\"url\":\"https:\\\/\\\/noticiasmercedinas.com\\\/site\\\/wp-content\\\/uploads\\\/2019\\\/08\\\/voto-sobre.jpg\",\"contentUrl\":\"https:\\\/\\\/noticiasmercedinas.com\\\/site\\\/wp-content\\\/uploads\\\/2019\\\/08\\\/voto-sobre.jpg\",\"width\":1500,\"height\":850},{\"@type\":\"BreadcrumbList\",\"@id\":\"https:\\\/\\\/noticiasmercedinas.com\\\/site\\\/2026\\\/04\\\/27\\\/convocatoria-a-elecciones-sindicato-obreros-panaderos-regional-oeste\\\/#breadcrumb\",\"itemListElement\":[{\"@type\":\"ListItem\",\"position\":1,\"name\":\"Portada\",\"item\":\"https:\\\/\\\/noticiasmercedinas.com\\\/site\\\/\"},{\"@type\":\"ListItem\",\"position\":2,\"name\":\"Convocatoria a elecciones Sindicato Obreros Panaderos Regional Oeste\"}]},{\"@type\":\"WebSite\",\"@id\":\"https:\\\/\\\/noticiasmercedinas.com\\\/site\\\/#website\",\"url\":\"https:\\\/\\\/noticiasmercedinas.com\\\/site\\\/\",\"name\":\"NOTICIASMERCEDINAS.COM\",\"description\":\"Mercedes, Buenos Aires, Argentina\",\"publisher\":{\"@id\":\"https:\\\/\\\/noticiasmercedinas.com\\\/site\\\/#organization\"},\"potentialAction\":[{\"@type\":\"SearchAction\",\"target\":{\"@type\":\"EntryPoint\",\"urlTemplate\":\"https:\\\/\\\/noticiasmercedinas.com\\\/site\\\/?s={search_term_string}\"},\"query-input\":{\"@type\":\"PropertyValueSpecification\",\"valueRequired\":true,\"valueName\":\"search_term_string\"}}],\"inLanguage\":\"es\"},{\"@type\":\"Organization\",\"@id\":\"https:\\\/\\\/noticiasmercedinas.com\\\/site\\\/#organization\",\"name\":\"NOTICIASMERCEDINAS.COM\",\"url\":\"https:\\\/\\\/noticiasmercedinas.com\\\/site\\\/\",\"logo\":{\"@type\":\"ImageObject\",\"inLanguage\":\"es\",\"@id\":\"https:\\\/\\\/noticiasmercedinas.com\\\/site\\\/#\\\/schema\\\/logo\\\/image\\\/\",\"url\":\"https:\\\/\\\/noticiasmercedinas.com\\\/site\\\/wp-content\\\/uploads\\\/2020\\\/06\\\/LOGO-512.jpg\",\"contentUrl\":\"https:\\\/\\\/noticiasmercedinas.com\\\/site\\\/wp-content\\\/uploads\\\/2020\\\/06\\\/LOGO-512.jpg\",\"width\":512,\"height\":512,\"caption\":\"NOTICIASMERCEDINAS.COM\"},\"image\":{\"@id\":\"https:\\\/\\\/noticiasmercedinas.com\\\/site\\\/#\\\/schema\\\/logo\\\/image\\\/\"},\"sameAs\":[\"https:\\\/\\\/www.facebook.com\\\/noticiasmercedinas\\\/\",\"https:\\\/\\\/x.com\\\/notmercedinas\",\"https:\\\/\\\/www.instagram.com\\\/noticiasmercedinas\\\/\"]},{\"@type\":\"Person\",\"@id\":\"https:\\\/\\\/noticiasmercedinas.com\\\/site\\\/#\\\/schema\\\/person\\\/84b59c099c28ff2e8b77d4ceec5d8063\",\"name\":\"NOTICIASMERCEDINAS.COM\",\"image\":{\"@type\":\"ImageObject\",\"inLanguage\":\"es\",\"@id\":\"https:\\\/\\\/secure.gravatar.com\\\/avatar\\\/4dfbf16b4d17945bfb6341b2d19043457132fcf478a5ee04f42e959fd8f5df0a?s=96&d=mm&r=g\",\"url\":\"https:\\\/\\\/secure.gravatar.com\\\/avatar\\\/4dfbf16b4d17945bfb6341b2d19043457132fcf478a5ee04f42e959fd8f5df0a?s=96&d=mm&r=g\",\"contentUrl\":\"https:\\\/\\\/secure.gravatar.com\\\/avatar\\\/4dfbf16b4d17945bfb6341b2d19043457132fcf478a5ee04f42e959fd8f5df0a?s=96&d=mm&r=g\",\"caption\":\"NOTICIASMERCEDINAS.COM\"},\"url\":\"https:\\\/\\\/noticiasmercedinas.com\\\/site\\\/author\\\/anonimo\\\/\"}]}<\/script>\n<!-- \/ Yoast SEO plugin. -->","yoast_head_json":{"title":"Convocatoria a elecciones Sindicato Obreros Panaderos Regional Oeste","robots":{"index":"index","follow":"follow","max-snippet":"max-snippet:-1","max-image-preview":"max-image-preview:large","max-video-preview":"max-video-preview:-1"},"canonical":"https:\/\/noticiasmercedinas.com\/site\/2026\/04\/27\/convocatoria-a-elecciones-sindicato-obreros-panaderos-regional-oeste\/","og_locale":"es_ES","og_type":"article","og_title":"Convocatoria a elecciones Sindicato Obreros Panaderos Regional Oeste","og_description":"Sindicato de Obreros Panaderos Regional Oeste -S.O.P.R.O.- Inscripci\u00f3n Gremial N\u00ba 1692. Convocatoria a Elecciones Generales. Visto: El Cap\u00edtulo VV \u201cR\u00e9gimen Electoral\u201d del E.S., la Ley 23.551, el Art. 15\u00ba del Dec. Regl. 467\/88, la Ley 25.674, su Dec. Regl. 514\/03 y Considerando: Que la Comisi\u00f3n Directiva en sesi\u00f3n de fecha 05\/03\/2026 dispuso la convocatoria a [&hellip;]","og_url":"https:\/\/noticiasmercedinas.com\/site\/2026\/04\/27\/convocatoria-a-elecciones-sindicato-obreros-panaderos-regional-oeste\/","og_site_name":"NOTICIASMERCEDINAS.COM","article_publisher":"https:\/\/www.facebook.com\/noticiasmercedinas\/","article_published_time":"2026-04-27T11:45:36+00:00","og_image":[{"width":1500,"height":850,"url":"https:\/\/noticiasmercedinas.com\/site\/wp-content\/uploads\/2019\/08\/voto-sobre.jpg","type":"image\/jpeg"}],"author":"NOTICIASMERCEDINAS.COM","twitter_card":"summary_large_image","twitter_creator":"@notmercedinas","twitter_site":"@notmercedinas","twitter_misc":{"Escrito por":"NOTICIASMERCEDINAS.COM","Tiempo de lectura":"5 minutos"},"schema":{"@context":"https:\/\/schema.org","@graph":[{"@type":"Article","@id":"https:\/\/noticiasmercedinas.com\/site\/2026\/04\/27\/convocatoria-a-elecciones-sindicato-obreros-panaderos-regional-oeste\/#article","isPartOf":{"@id":"https:\/\/noticiasmercedinas.com\/site\/2026\/04\/27\/convocatoria-a-elecciones-sindicato-obreros-panaderos-regional-oeste\/"},"author":{"name":"NOTICIASMERCEDINAS.COM","@id":"https:\/\/noticiasmercedinas.com\/site\/#\/schema\/person\/84b59c099c28ff2e8b77d4ceec5d8063"},"headline":"Convocatoria a elecciones Sindicato Obreros Panaderos Regional Oeste","datePublished":"2026-04-27T11:45:36+00:00","mainEntityOfPage":{"@id":"https:\/\/noticiasmercedinas.com\/site\/2026\/04\/27\/convocatoria-a-elecciones-sindicato-obreros-panaderos-regional-oeste\/"},"wordCount":901,"publisher":{"@id":"https:\/\/noticiasmercedinas.com\/site\/#organization"},"image":{"@id":"https:\/\/noticiasmercedinas.com\/site\/2026\/04\/27\/convocatoria-a-elecciones-sindicato-obreros-panaderos-regional-oeste\/#primaryimage"},"thumbnailUrl":"https:\/\/noticiasmercedinas.com\/site\/wp-content\/uploads\/2019\/08\/voto-sobre.jpg","articleSection":["Edictos"],"inLanguage":"es"},{"@type":"WebPage","@id":"https:\/\/noticiasmercedinas.com\/site\/2026\/04\/27\/convocatoria-a-elecciones-sindicato-obreros-panaderos-regional-oeste\/","url":"https:\/\/noticiasmercedinas.com\/site\/2026\/04\/27\/convocatoria-a-elecciones-sindicato-obreros-panaderos-regional-oeste\/","name":"Convocatoria a elecciones Sindicato Obreros Panaderos Regional Oeste","isPartOf":{"@id":"https:\/\/noticiasmercedinas.com\/site\/#website"},"primaryImageOfPage":{"@id":"https:\/\/noticiasmercedinas.com\/site\/2026\/04\/27\/convocatoria-a-elecciones-sindicato-obreros-panaderos-regional-oeste\/#primaryimage"},"image":{"@id":"https:\/\/noticiasmercedinas.com\/site\/2026\/04\/27\/convocatoria-a-elecciones-sindicato-obreros-panaderos-regional-oeste\/#primaryimage"},"thumbnailUrl":"https:\/\/noticiasmercedinas.com\/site\/wp-content\/uploads\/2019\/08\/voto-sobre.jpg","datePublished":"2026-04-27T11:45:36+00:00","breadcrumb":{"@id":"https:\/\/noticiasmercedinas.com\/site\/2026\/04\/27\/convocatoria-a-elecciones-sindicato-obreros-panaderos-regional-oeste\/#breadcrumb"},"inLanguage":"es","potentialAction":[{"@type":"ReadAction","target":["https:\/\/noticiasmercedinas.com\/site\/2026\/04\/27\/convocatoria-a-elecciones-sindicato-obreros-panaderos-regional-oeste\/"]}]},{"@type":"ImageObject","inLanguage":"es","@id":"https:\/\/noticiasmercedinas.com\/site\/2026\/04\/27\/convocatoria-a-elecciones-sindicato-obreros-panaderos-regional-oeste\/#primaryimage","url":"https:\/\/noticiasmercedinas.com\/site\/wp-content\/uploads\/2019\/08\/voto-sobre.jpg","contentUrl":"https:\/\/noticiasmercedinas.com\/site\/wp-content\/uploads\/2019\/08\/voto-sobre.jpg","width":1500,"height":850},{"@type":"BreadcrumbList","@id":"https:\/\/noticiasmercedinas.com\/site\/2026\/04\/27\/convocatoria-a-elecciones-sindicato-obreros-panaderos-regional-oeste\/#breadcrumb","itemListElement":[{"@type":"ListItem","position":1,"name":"Portada","item":"https:\/\/noticiasmercedinas.com\/site\/"},{"@type":"ListItem","position":2,"name":"Convocatoria a elecciones Sindicato Obreros Panaderos Regional Oeste"}]},{"@type":"WebSite","@id":"https:\/\/noticiasmercedinas.com\/site\/#website","url":"https:\/\/noticiasmercedinas.com\/site\/","name":"NOTICIASMERCEDINAS.COM","description":"Mercedes, Buenos Aires, Argentina","publisher":{"@id":"https:\/\/noticiasmercedinas.com\/site\/#organization"},"potentialAction":[{"@type":"SearchAction","target":{"@type":"EntryPoint","urlTemplate":"https:\/\/noticiasmercedinas.com\/site\/?s={search_term_string}"},"query-input":{"@type":"PropertyValueSpecification","valueRequired":true,"valueName":"search_term_string"}}],"inLanguage":"es"},{"@type":"Organization","@id":"https:\/\/noticiasmercedinas.com\/site\/#organization","name":"NOTICIASMERCEDINAS.COM","url":"https:\/\/noticiasmercedinas.com\/site\/","logo":{"@type":"ImageObject","inLanguage":"es","@id":"https:\/\/noticiasmercedinas.com\/site\/#\/schema\/logo\/image\/","url":"https:\/\/noticiasmercedinas.com\/site\/wp-content\/uploads\/2020\/06\/LOGO-512.jpg","contentUrl":"https:\/\/noticiasmercedinas.com\/site\/wp-content\/uploads\/2020\/06\/LOGO-512.jpg","width":512,"height":512,"caption":"NOTICIASMERCEDINAS.COM"},"image":{"@id":"https:\/\/noticiasmercedinas.com\/site\/#\/schema\/logo\/image\/"},"sameAs":["https:\/\/www.facebook.com\/noticiasmercedinas\/","https:\/\/x.com\/notmercedinas","https:\/\/www.instagram.com\/noticiasmercedinas\/"]},{"@type":"Person","@id":"https:\/\/noticiasmercedinas.com\/site\/#\/schema\/person\/84b59c099c28ff2e8b77d4ceec5d8063","name":"NOTICIASMERCEDINAS.COM","image":{"@type":"ImageObject","inLanguage":"es","@id":"https:\/\/secure.gravatar.com\/avatar\/4dfbf16b4d17945bfb6341b2d19043457132fcf478a5ee04f42e959fd8f5df0a?s=96&d=mm&r=g","url":"https:\/\/secure.gravatar.com\/avatar\/4dfbf16b4d17945bfb6341b2d19043457132fcf478a5ee04f42e959fd8f5df0a?s=96&d=mm&r=g","contentUrl":"https:\/\/secure.gravatar.com\/avatar\/4dfbf16b4d17945bfb6341b2d19043457132fcf478a5ee04f42e959fd8f5df0a?s=96&d=mm&r=g","caption":"NOTICIASMERCEDINAS.COM"},"url":"https:\/\/noticiasmercedinas.com\/site\/author\/anonimo\/"}]}},"amp_enabled":true,"_links":{"self":[{"href":"https:\/\/noticiasmercedinas.com\/site\/wp-json\/wp\/v2\/posts\/185193","targetHints":{"allow":["GET"]}}],"collection":[{"href":"https:\/\/noticiasmercedinas.com\/site\/wp-json\/wp\/v2\/posts"}],"about":[{"href":"https:\/\/noticiasmercedinas.com\/site\/wp-json\/wp\/v2\/types\/post"}],"author":[{"embeddable":true,"href":"https:\/\/noticiasmercedinas.com\/site\/wp-json\/wp\/v2\/users\/16"}],"replies":[{"embeddable":true,"href":"https:\/\/noticiasmercedinas.com\/site\/wp-json\/wp\/v2\/comments?post=185193"}],"version-history":[{"count":1,"href":"https:\/\/noticiasmercedinas.com\/site\/wp-json\/wp\/v2\/posts\/185193\/revisions"}],"predecessor-version":[{"id":185194,"href":"https:\/\/noticiasmercedinas.com\/site\/wp-json\/wp\/v2\/posts\/185193\/revisions\/185194"}],"wp:featuredmedia":[{"embeddable":true,"href":"https:\/\/noticiasmercedinas.com\/site\/wp-json\/wp\/v2\/media\/25578"}],"wp:attachment":[{"href":"https:\/\/noticiasmercedinas.com\/site\/wp-json\/wp\/v2\/media?parent=185193"}],"wp:term":[{"taxonomy":"category","embeddable":true,"href":"https:\/\/noticiasmercedinas.com\/site\/wp-json\/wp\/v2\/categories?post=185193"},{"taxonomy":"post_tag","embeddable":true,"href":"https:\/\/noticiasmercedinas.com\/site\/wp-json\/wp\/v2\/tags?post=185193"}],"curies":[{"name":"wp","href":"https:\/\/api.w.org\/{rel}","templated":true}]}}