{"id":185206,"date":"2026-04-27T10:01:33","date_gmt":"2026-04-27T13:01:33","guid":{"rendered":"https:\/\/noticiasmercedinas.com\/site\/?p=185206"},"modified":"2026-04-27T10:01:41","modified_gmt":"2026-04-27T13:01:41","slug":"incendio-total-de-un-vehiculo-dos-mercedinos-resultaron-ilesos","status":"publish","type":"post","link":"https:\/\/noticiasmercedinas.com\/site\/2026\/04\/27\/incendio-total-de-un-vehiculo-dos-mercedinos-resultaron-ilesos\/","title":{"rendered":"Incendio total de un veh\u00edculo: dos mercedinos resultaron ilesos"},"content":{"rendered":"<p><img loading=\"lazy\" decoding=\"async\" class=\"alignnone size-full wp-image-185207\" src=\"https:\/\/noticiasmercedinas.com\/site\/wp-content\/uploads\/2026\/04\/rivasincendio-e1777294749910.jpg\" alt=\"\" width=\"1080\" height=\"765\" srcset=\"https:\/\/noticiasmercedinas.com\/site\/wp-content\/uploads\/2026\/04\/rivasincendio-e1777294749910.jpg 1080w, https:\/\/noticiasmercedinas.com\/site\/wp-content\/uploads\/2026\/04\/rivasincendio-e1777294749910-300x213.jpg 300w, https:\/\/noticiasmercedinas.com\/site\/wp-content\/uploads\/2026\/04\/rivasincendio-e1777294749910-1024x725.jpg 1024w, https:\/\/noticiasmercedinas.com\/site\/wp-content\/uploads\/2026\/04\/rivasincendio-e1777294749910-768x544.jpg 768w, https:\/\/noticiasmercedinas.com\/site\/wp-content\/uploads\/2026\/04\/rivasincendio-e1777294749910-640x453.jpg 640w, https:\/\/noticiasmercedinas.com\/site\/wp-content\/uploads\/2026\/04\/rivasincendio-e1777294749910-681x482.jpg 681w\" sizes=\"auto, (max-width: 1080px) 100vw, 1080px\" \/><\/p>\n<p>Dos j\u00f3venes oriundos de la ciudad de Mercedes salvaron su vida milagrosamente este domingo, luego de que el autom\u00f3vil en el que se desplazaban fuera consumido por las llamas en el acceso a la localidad de General Rivas. El incidente, que ocurri\u00f3 alrededor de las 19:00 horas, provoc\u00f3 el incendio total de la unidad y se extendi\u00f3 hacia los pastizales linderos.<\/p>\n<p>El hecho tuvo lugar a unos 4 kil\u00f3metros de la denominada \u00abRotonda del Cimarr\u00f3n\u00bb. Por el camino rural circulaba un Chevrolet Corsa (dominio KMB930), conducido por Tamara Torres, quien viajaba acompa\u00f1ada por Ignacio Koelbl, ambos de 31 a\u00f1os y con domicilio en Mercedes. Seg\u00fan las primeras informaciones, precisadas por el especialista en seguros, Jorge Lasala, el foco \u00edgneo se habr\u00eda originado de manera accidental a ra\u00edz de una falla en el sistema el\u00e9ctrico del rodado.<\/p>\n<p><strong>R\u00e1pida propagaci\u00f3n<\/strong><br \/>\nPese a los intentos iniciales por controlar la situaci\u00f3n, las llamas envolvieron r\u00e1pidamente la carrocer\u00eda del veh\u00edculo. Debido a la sequedad del terreno y la magnitud del fuego, el incendio traspas\u00f3 los l\u00edmites del rodado, alcanzando la cuneta y parte de un campo lindero a la traza.<\/p>\n<p>Afortunadamente, los ocupantes lograron descender del habit\u00e1culo por sus propios medios antes de que el fuego se generalizara, resultando ambos ilesos. Se inform\u00f3 que la pareja se dirig\u00eda desde su ciudad de origen hacia la Estancia Santa Rosa al momento del siniestro.<\/p>\n<p><strong>Operativo de emergencia<\/strong><br \/>\nAnte el alerta recibido, se desplaz\u00f3 hasta el lugar una dotaci\u00f3n de los Bomberos Voluntarios de Suipacha, quienes trabajaron intensamente para sofocar las llamas en el autom\u00f3vil y evitar que el incendio forestal cobrara mayores dimensiones en el campo lindero.<\/p>\n<p>En el sitio tambi\u00e9n prest\u00f3 colaboraci\u00f3n el personal del Destacamento de Polic\u00eda Comunal de General Rivas, encargado de las tareas de prevenci\u00f3n y el ordenamiento del tr\u00e1nsito en la zona afectada.<\/p>\n","protected":false},"excerpt":{"rendered":"<p>\u25a0 El siniestro se produjo este domingo por la tarde, en el acceso a General Rivas, presuntamente por una falla el\u00e9ctrica. El fuego se propag\u00f3 hacia la banquina y campos linderos, requiriendo la intervenci\u00f3n de Bomberos de Suipacha.<\/p>\n","protected":false},"author":16,"featured_media":185207,"comment_status":"closed","ping_status":"closed","sticky":false,"template":"","format":"standard","meta":{"footnotes":""},"categories":[7],"tags":[80,1746,7320],"class_list":["post-185206","post","type-post","status-publish","format-standard","has-post-thumbnail","hentry","category-policiales","tag-bomberos","tag-incendio","tag-vehiculo"],"yoast_head":"<!-- This site is optimized with the Yoast SEO plugin v27.4 - https:\/\/yoast.com\/product\/yoast-seo-wordpress\/ -->\n<title>Incendio total de un veh\u00edculo: dos mercedinos resultaron ilesos<\/title>\n<meta name=\"description\" content=\"El siniestro se produjo este domingo por la tarde, en el acceso a General Rivas, presuntamente por una falla el\u00e9ctrica. El fuego se propag\u00f3 hacia la banquina y campos linderos, requiriendo la intervenci\u00f3n de Bomberos de Suipacha.\" \/>\n<meta name=\"robots\" content=\"index, follow, max-snippet:-1, max-image-preview:large, max-video-preview:-1\" \/>\n<link rel=\"canonical\" href=\"https:\/\/noticiasmercedinas.com\/site\/2026\/04\/27\/incendio-total-de-un-vehiculo-dos-mercedinos-resultaron-ilesos\/\" \/>\n<meta property=\"og:locale\" content=\"es_ES\" \/>\n<meta property=\"og:type\" content=\"article\" \/>\n<meta property=\"og:title\" content=\"Incendio total de un veh\u00edculo: dos mercedinos resultaron ilesos\" \/>\n<meta property=\"og:description\" content=\"El siniestro se produjo este domingo por la tarde, en el acceso a General Rivas, presuntamente por una falla el\u00e9ctrica. El fuego se propag\u00f3 hacia la banquina y campos linderos, requiriendo la intervenci\u00f3n de Bomberos de Suipacha.\" \/>\n<meta property=\"og:url\" content=\"https:\/\/noticiasmercedinas.com\/site\/2026\/04\/27\/incendio-total-de-un-vehiculo-dos-mercedinos-resultaron-ilesos\/\" \/>\n<meta property=\"og:site_name\" content=\"NOTICIASMERCEDINAS.COM\" \/>\n<meta property=\"article:publisher\" content=\"https:\/\/www.facebook.com\/noticiasmercedinas\/\" \/>\n<meta property=\"article:published_time\" content=\"2026-04-27T13:01:33+00:00\" \/>\n<meta property=\"article:modified_time\" content=\"2026-04-27T13:01:41+00:00\" \/>\n<meta property=\"og:image\" content=\"https:\/\/noticiasmercedinas.com\/site\/wp-content\/uploads\/2026\/04\/rivasincendio-e1777294749910.jpg\" \/>\n\t<meta property=\"og:image:width\" content=\"1080\" \/>\n\t<meta property=\"og:image:height\" content=\"765\" \/>\n\t<meta property=\"og:image:type\" content=\"image\/jpeg\" \/>\n<meta name=\"author\" content=\"NOTICIASMERCEDINAS.COM\" \/>\n<meta name=\"twitter:card\" content=\"summary_large_image\" \/>\n<meta name=\"twitter:creator\" content=\"@notmercedinas\" \/>\n<meta name=\"twitter:site\" content=\"@notmercedinas\" \/>\n<meta name=\"twitter:label1\" content=\"Escrito por\" \/>\n\t<meta name=\"twitter:data1\" content=\"NOTICIASMERCEDINAS.COM\" \/>\n\t<meta name=\"twitter:label2\" content=\"Tiempo de lectura\" \/>\n\t<meta name=\"twitter:data2\" content=\"2 minutos\" \/>\n<script type=\"application\/ld+json\" class=\"yoast-schema-graph\">{\"@context\":\"https:\\\/\\\/schema.org\",\"@graph\":[{\"@type\":\"Article\",\"@id\":\"https:\\\/\\\/noticiasmercedinas.com\\\/site\\\/2026\\\/04\\\/27\\\/incendio-total-de-un-vehiculo-dos-mercedinos-resultaron-ilesos\\\/#article\",\"isPartOf\":{\"@id\":\"https:\\\/\\\/noticiasmercedinas.com\\\/site\\\/2026\\\/04\\\/27\\\/incendio-total-de-un-vehiculo-dos-mercedinos-resultaron-ilesos\\\/\"},\"author\":{\"name\":\"NOTICIASMERCEDINAS.COM\",\"@id\":\"https:\\\/\\\/noticiasmercedinas.com\\\/site\\\/#\\\/schema\\\/person\\\/84b59c099c28ff2e8b77d4ceec5d8063\"},\"headline\":\"Incendio total de un veh\u00edculo: dos mercedinos resultaron ilesos\",\"datePublished\":\"2026-04-27T13:01:33+00:00\",\"dateModified\":\"2026-04-27T13:01:41+00:00\",\"mainEntityOfPage\":{\"@id\":\"https:\\\/\\\/noticiasmercedinas.com\\\/site\\\/2026\\\/04\\\/27\\\/incendio-total-de-un-vehiculo-dos-mercedinos-resultaron-ilesos\\\/\"},\"wordCount\":334,\"publisher\":{\"@id\":\"https:\\\/\\\/noticiasmercedinas.com\\\/site\\\/#organization\"},\"image\":{\"@id\":\"https:\\\/\\\/noticiasmercedinas.com\\\/site\\\/2026\\\/04\\\/27\\\/incendio-total-de-un-vehiculo-dos-mercedinos-resultaron-ilesos\\\/#primaryimage\"},\"thumbnailUrl\":\"https:\\\/\\\/noticiasmercedinas.com\\\/site\\\/wp-content\\\/uploads\\\/2026\\\/04\\\/rivasincendio-e1777294749910.jpg\",\"keywords\":[\"bomberos\",\"incendio\",\"vehiculo\"],\"articleSection\":[\"Seguridad\"],\"inLanguage\":\"es\"},{\"@type\":\"WebPage\",\"@id\":\"https:\\\/\\\/noticiasmercedinas.com\\\/site\\\/2026\\\/04\\\/27\\\/incendio-total-de-un-vehiculo-dos-mercedinos-resultaron-ilesos\\\/\",\"url\":\"https:\\\/\\\/noticiasmercedinas.com\\\/site\\\/2026\\\/04\\\/27\\\/incendio-total-de-un-vehiculo-dos-mercedinos-resultaron-ilesos\\\/\",\"name\":\"Incendio total de un veh\u00edculo: dos mercedinos resultaron ilesos\",\"isPartOf\":{\"@id\":\"https:\\\/\\\/noticiasmercedinas.com\\\/site\\\/#website\"},\"primaryImageOfPage\":{\"@id\":\"https:\\\/\\\/noticiasmercedinas.com\\\/site\\\/2026\\\/04\\\/27\\\/incendio-total-de-un-vehiculo-dos-mercedinos-resultaron-ilesos\\\/#primaryimage\"},\"image\":{\"@id\":\"https:\\\/\\\/noticiasmercedinas.com\\\/site\\\/2026\\\/04\\\/27\\\/incendio-total-de-un-vehiculo-dos-mercedinos-resultaron-ilesos\\\/#primaryimage\"},\"thumbnailUrl\":\"https:\\\/\\\/noticiasmercedinas.com\\\/site\\\/wp-content\\\/uploads\\\/2026\\\/04\\\/rivasincendio-e1777294749910.jpg\",\"datePublished\":\"2026-04-27T13:01:33+00:00\",\"dateModified\":\"2026-04-27T13:01:41+00:00\",\"description\":\"El siniestro se produjo este domingo por la tarde, en el acceso a General Rivas, presuntamente por una falla el\u00e9ctrica. El fuego se propag\u00f3 hacia la banquina y campos linderos, requiriendo la intervenci\u00f3n de Bomberos de Suipacha.\",\"breadcrumb\":{\"@id\":\"https:\\\/\\\/noticiasmercedinas.com\\\/site\\\/2026\\\/04\\\/27\\\/incendio-total-de-un-vehiculo-dos-mercedinos-resultaron-ilesos\\\/#breadcrumb\"},\"inLanguage\":\"es\",\"potentialAction\":[{\"@type\":\"ReadAction\",\"target\":[\"https:\\\/\\\/noticiasmercedinas.com\\\/site\\\/2026\\\/04\\\/27\\\/incendio-total-de-un-vehiculo-dos-mercedinos-resultaron-ilesos\\\/\"]}]},{\"@type\":\"ImageObject\",\"inLanguage\":\"es\",\"@id\":\"https:\\\/\\\/noticiasmercedinas.com\\\/site\\\/2026\\\/04\\\/27\\\/incendio-total-de-un-vehiculo-dos-mercedinos-resultaron-ilesos\\\/#primaryimage\",\"url\":\"https:\\\/\\\/noticiasmercedinas.com\\\/site\\\/wp-content\\\/uploads\\\/2026\\\/04\\\/rivasincendio-e1777294749910.jpg\",\"contentUrl\":\"https:\\\/\\\/noticiasmercedinas.com\\\/site\\\/wp-content\\\/uploads\\\/2026\\\/04\\\/rivasincendio-e1777294749910.jpg\",\"width\":1080,\"height\":765},{\"@type\":\"BreadcrumbList\",\"@id\":\"https:\\\/\\\/noticiasmercedinas.com\\\/site\\\/2026\\\/04\\\/27\\\/incendio-total-de-un-vehiculo-dos-mercedinos-resultaron-ilesos\\\/#breadcrumb\",\"itemListElement\":[{\"@type\":\"ListItem\",\"position\":1,\"name\":\"Portada\",\"item\":\"https:\\\/\\\/noticiasmercedinas.com\\\/site\\\/\"},{\"@type\":\"ListItem\",\"position\":2,\"name\":\"Incendio total de un veh\u00edculo: dos mercedinos resultaron ilesos\"}]},{\"@type\":\"WebSite\",\"@id\":\"https:\\\/\\\/noticiasmercedinas.com\\\/site\\\/#website\",\"url\":\"https:\\\/\\\/noticiasmercedinas.com\\\/site\\\/\",\"name\":\"NOTICIASMERCEDINAS.COM\",\"description\":\"Mercedes, Buenos Aires, Argentina\",\"publisher\":{\"@id\":\"https:\\\/\\\/noticiasmercedinas.com\\\/site\\\/#organization\"},\"potentialAction\":[{\"@type\":\"SearchAction\",\"target\":{\"@type\":\"EntryPoint\",\"urlTemplate\":\"https:\\\/\\\/noticiasmercedinas.com\\\/site\\\/?s={search_term_string}\"},\"query-input\":{\"@type\":\"PropertyValueSpecification\",\"valueRequired\":true,\"valueName\":\"search_term_string\"}}],\"inLanguage\":\"es\"},{\"@type\":\"Organization\",\"@id\":\"https:\\\/\\\/noticiasmercedinas.com\\\/site\\\/#organization\",\"name\":\"NOTICIASMERCEDINAS.COM\",\"url\":\"https:\\\/\\\/noticiasmercedinas.com\\\/site\\\/\",\"logo\":{\"@type\":\"ImageObject\",\"inLanguage\":\"es\",\"@id\":\"https:\\\/\\\/noticiasmercedinas.com\\\/site\\\/#\\\/schema\\\/logo\\\/image\\\/\",\"url\":\"https:\\\/\\\/noticiasmercedinas.com\\\/site\\\/wp-content\\\/uploads\\\/2020\\\/06\\\/LOGO-512.jpg\",\"contentUrl\":\"https:\\\/\\\/noticiasmercedinas.com\\\/site\\\/wp-content\\\/uploads\\\/2020\\\/06\\\/LOGO-512.jpg\",\"width\":512,\"height\":512,\"caption\":\"NOTICIASMERCEDINAS.COM\"},\"image\":{\"@id\":\"https:\\\/\\\/noticiasmercedinas.com\\\/site\\\/#\\\/schema\\\/logo\\\/image\\\/\"},\"sameAs\":[\"https:\\\/\\\/www.facebook.com\\\/noticiasmercedinas\\\/\",\"https:\\\/\\\/x.com\\\/notmercedinas\",\"https:\\\/\\\/www.instagram.com\\\/noticiasmercedinas\\\/\"]},{\"@type\":\"Person\",\"@id\":\"https:\\\/\\\/noticiasmercedinas.com\\\/site\\\/#\\\/schema\\\/person\\\/84b59c099c28ff2e8b77d4ceec5d8063\",\"name\":\"NOTICIASMERCEDINAS.COM\",\"image\":{\"@type\":\"ImageObject\",\"inLanguage\":\"es\",\"@id\":\"https:\\\/\\\/secure.gravatar.com\\\/avatar\\\/4dfbf16b4d17945bfb6341b2d19043457132fcf478a5ee04f42e959fd8f5df0a?s=96&d=mm&r=g\",\"url\":\"https:\\\/\\\/secure.gravatar.com\\\/avatar\\\/4dfbf16b4d17945bfb6341b2d19043457132fcf478a5ee04f42e959fd8f5df0a?s=96&d=mm&r=g\",\"contentUrl\":\"https:\\\/\\\/secure.gravatar.com\\\/avatar\\\/4dfbf16b4d17945bfb6341b2d19043457132fcf478a5ee04f42e959fd8f5df0a?s=96&d=mm&r=g\",\"caption\":\"NOTICIASMERCEDINAS.COM\"},\"url\":\"https:\\\/\\\/noticiasmercedinas.com\\\/site\\\/author\\\/anonimo\\\/\"}]}<\/script>\n<!-- \/ Yoast SEO plugin. -->","yoast_head_json":{"title":"Incendio total de un veh\u00edculo: dos mercedinos resultaron ilesos","description":"El siniestro se produjo este domingo por la tarde, en el acceso a General Rivas, presuntamente por una falla el\u00e9ctrica. El fuego se propag\u00f3 hacia la banquina y campos linderos, requiriendo la intervenci\u00f3n de Bomberos de Suipacha.","robots":{"index":"index","follow":"follow","max-snippet":"max-snippet:-1","max-image-preview":"max-image-preview:large","max-video-preview":"max-video-preview:-1"},"canonical":"https:\/\/noticiasmercedinas.com\/site\/2026\/04\/27\/incendio-total-de-un-vehiculo-dos-mercedinos-resultaron-ilesos\/","og_locale":"es_ES","og_type":"article","og_title":"Incendio total de un veh\u00edculo: dos mercedinos resultaron ilesos","og_description":"El siniestro se produjo este domingo por la tarde, en el acceso a General Rivas, presuntamente por una falla el\u00e9ctrica. El fuego se propag\u00f3 hacia la banquina y campos linderos, requiriendo la intervenci\u00f3n de Bomberos de Suipacha.","og_url":"https:\/\/noticiasmercedinas.com\/site\/2026\/04\/27\/incendio-total-de-un-vehiculo-dos-mercedinos-resultaron-ilesos\/","og_site_name":"NOTICIASMERCEDINAS.COM","article_publisher":"https:\/\/www.facebook.com\/noticiasmercedinas\/","article_published_time":"2026-04-27T13:01:33+00:00","article_modified_time":"2026-04-27T13:01:41+00:00","og_image":[{"width":1080,"height":765,"url":"https:\/\/noticiasmercedinas.com\/site\/wp-content\/uploads\/2026\/04\/rivasincendio-e1777294749910.jpg","type":"image\/jpeg"}],"author":"NOTICIASMERCEDINAS.COM","twitter_card":"summary_large_image","twitter_creator":"@notmercedinas","twitter_site":"@notmercedinas","twitter_misc":{"Escrito por":"NOTICIASMERCEDINAS.COM","Tiempo de lectura":"2 minutos"},"schema":{"@context":"https:\/\/schema.org","@graph":[{"@type":"Article","@id":"https:\/\/noticiasmercedinas.com\/site\/2026\/04\/27\/incendio-total-de-un-vehiculo-dos-mercedinos-resultaron-ilesos\/#article","isPartOf":{"@id":"https:\/\/noticiasmercedinas.com\/site\/2026\/04\/27\/incendio-total-de-un-vehiculo-dos-mercedinos-resultaron-ilesos\/"},"author":{"name":"NOTICIASMERCEDINAS.COM","@id":"https:\/\/noticiasmercedinas.com\/site\/#\/schema\/person\/84b59c099c28ff2e8b77d4ceec5d8063"},"headline":"Incendio total de un veh\u00edculo: dos mercedinos resultaron ilesos","datePublished":"2026-04-27T13:01:33+00:00","dateModified":"2026-04-27T13:01:41+00:00","mainEntityOfPage":{"@id":"https:\/\/noticiasmercedinas.com\/site\/2026\/04\/27\/incendio-total-de-un-vehiculo-dos-mercedinos-resultaron-ilesos\/"},"wordCount":334,"publisher":{"@id":"https:\/\/noticiasmercedinas.com\/site\/#organization"},"image":{"@id":"https:\/\/noticiasmercedinas.com\/site\/2026\/04\/27\/incendio-total-de-un-vehiculo-dos-mercedinos-resultaron-ilesos\/#primaryimage"},"thumbnailUrl":"https:\/\/noticiasmercedinas.com\/site\/wp-content\/uploads\/2026\/04\/rivasincendio-e1777294749910.jpg","keywords":["bomberos","incendio","vehiculo"],"articleSection":["Seguridad"],"inLanguage":"es"},{"@type":"WebPage","@id":"https:\/\/noticiasmercedinas.com\/site\/2026\/04\/27\/incendio-total-de-un-vehiculo-dos-mercedinos-resultaron-ilesos\/","url":"https:\/\/noticiasmercedinas.com\/site\/2026\/04\/27\/incendio-total-de-un-vehiculo-dos-mercedinos-resultaron-ilesos\/","name":"Incendio total de un veh\u00edculo: dos mercedinos resultaron ilesos","isPartOf":{"@id":"https:\/\/noticiasmercedinas.com\/site\/#website"},"primaryImageOfPage":{"@id":"https:\/\/noticiasmercedinas.com\/site\/2026\/04\/27\/incendio-total-de-un-vehiculo-dos-mercedinos-resultaron-ilesos\/#primaryimage"},"image":{"@id":"https:\/\/noticiasmercedinas.com\/site\/2026\/04\/27\/incendio-total-de-un-vehiculo-dos-mercedinos-resultaron-ilesos\/#primaryimage"},"thumbnailUrl":"https:\/\/noticiasmercedinas.com\/site\/wp-content\/uploads\/2026\/04\/rivasincendio-e1777294749910.jpg","datePublished":"2026-04-27T13:01:33+00:00","dateModified":"2026-04-27T13:01:41+00:00","description":"El siniestro se produjo este domingo por la tarde, en el acceso a General Rivas, presuntamente por una falla el\u00e9ctrica. El fuego se propag\u00f3 hacia la banquina y campos linderos, requiriendo la intervenci\u00f3n de Bomberos de Suipacha.","breadcrumb":{"@id":"https:\/\/noticiasmercedinas.com\/site\/2026\/04\/27\/incendio-total-de-un-vehiculo-dos-mercedinos-resultaron-ilesos\/#breadcrumb"},"inLanguage":"es","potentialAction":[{"@type":"ReadAction","target":["https:\/\/noticiasmercedinas.com\/site\/2026\/04\/27\/incendio-total-de-un-vehiculo-dos-mercedinos-resultaron-ilesos\/"]}]},{"@type":"ImageObject","inLanguage":"es","@id":"https:\/\/noticiasmercedinas.com\/site\/2026\/04\/27\/incendio-total-de-un-vehiculo-dos-mercedinos-resultaron-ilesos\/#primaryimage","url":"https:\/\/noticiasmercedinas.com\/site\/wp-content\/uploads\/2026\/04\/rivasincendio-e1777294749910.jpg","contentUrl":"https:\/\/noticiasmercedinas.com\/site\/wp-content\/uploads\/2026\/04\/rivasincendio-e1777294749910.jpg","width":1080,"height":765},{"@type":"BreadcrumbList","@id":"https:\/\/noticiasmercedinas.com\/site\/2026\/04\/27\/incendio-total-de-un-vehiculo-dos-mercedinos-resultaron-ilesos\/#breadcrumb","itemListElement":[{"@type":"ListItem","position":1,"name":"Portada","item":"https:\/\/noticiasmercedinas.com\/site\/"},{"@type":"ListItem","position":2,"name":"Incendio total de un veh\u00edculo: dos mercedinos resultaron ilesos"}]},{"@type":"WebSite","@id":"https:\/\/noticiasmercedinas.com\/site\/#website","url":"https:\/\/noticiasmercedinas.com\/site\/","name":"NOTICIASMERCEDINAS.COM","description":"Mercedes, Buenos Aires, Argentina","publisher":{"@id":"https:\/\/noticiasmercedinas.com\/site\/#organization"},"potentialAction":[{"@type":"SearchAction","target":{"@type":"EntryPoint","urlTemplate":"https:\/\/noticiasmercedinas.com\/site\/?s={search_term_string}"},"query-input":{"@type":"PropertyValueSpecification","valueRequired":true,"valueName":"search_term_string"}}],"inLanguage":"es"},{"@type":"Organization","@id":"https:\/\/noticiasmercedinas.com\/site\/#organization","name":"NOTICIASMERCEDINAS.COM","url":"https:\/\/noticiasmercedinas.com\/site\/","logo":{"@type":"ImageObject","inLanguage":"es","@id":"https:\/\/noticiasmercedinas.com\/site\/#\/schema\/logo\/image\/","url":"https:\/\/noticiasmercedinas.com\/site\/wp-content\/uploads\/2020\/06\/LOGO-512.jpg","contentUrl":"https:\/\/noticiasmercedinas.com\/site\/wp-content\/uploads\/2020\/06\/LOGO-512.jpg","width":512,"height":512,"caption":"NOTICIASMERCEDINAS.COM"},"image":{"@id":"https:\/\/noticiasmercedinas.com\/site\/#\/schema\/logo\/image\/"},"sameAs":["https:\/\/www.facebook.com\/noticiasmercedinas\/","https:\/\/x.com\/notmercedinas","https:\/\/www.instagram.com\/noticiasmercedinas\/"]},{"@type":"Person","@id":"https:\/\/noticiasmercedinas.com\/site\/#\/schema\/person\/84b59c099c28ff2e8b77d4ceec5d8063","name":"NOTICIASMERCEDINAS.COM","image":{"@type":"ImageObject","inLanguage":"es","@id":"https:\/\/secure.gravatar.com\/avatar\/4dfbf16b4d17945bfb6341b2d19043457132fcf478a5ee04f42e959fd8f5df0a?s=96&d=mm&r=g","url":"https:\/\/secure.gravatar.com\/avatar\/4dfbf16b4d17945bfb6341b2d19043457132fcf478a5ee04f42e959fd8f5df0a?s=96&d=mm&r=g","contentUrl":"https:\/\/secure.gravatar.com\/avatar\/4dfbf16b4d17945bfb6341b2d19043457132fcf478a5ee04f42e959fd8f5df0a?s=96&d=mm&r=g","caption":"NOTICIASMERCEDINAS.COM"},"url":"https:\/\/noticiasmercedinas.com\/site\/author\/anonimo\/"}]}},"amp_enabled":true,"_links":{"self":[{"href":"https:\/\/noticiasmercedinas.com\/site\/wp-json\/wp\/v2\/posts\/185206","targetHints":{"allow":["GET"]}}],"collection":[{"href":"https:\/\/noticiasmercedinas.com\/site\/wp-json\/wp\/v2\/posts"}],"about":[{"href":"https:\/\/noticiasmercedinas.com\/site\/wp-json\/wp\/v2\/types\/post"}],"author":[{"embeddable":true,"href":"https:\/\/noticiasmercedinas.com\/site\/wp-json\/wp\/v2\/users\/16"}],"replies":[{"embeddable":true,"href":"https:\/\/noticiasmercedinas.com\/site\/wp-json\/wp\/v2\/comments?post=185206"}],"version-history":[{"count":1,"href":"https:\/\/noticiasmercedinas.com\/site\/wp-json\/wp\/v2\/posts\/185206\/revisions"}],"predecessor-version":[{"id":185208,"href":"https:\/\/noticiasmercedinas.com\/site\/wp-json\/wp\/v2\/posts\/185206\/revisions\/185208"}],"wp:featuredmedia":[{"embeddable":true,"href":"https:\/\/noticiasmercedinas.com\/site\/wp-json\/wp\/v2\/media\/185207"}],"wp:attachment":[{"href":"https:\/\/noticiasmercedinas.com\/site\/wp-json\/wp\/v2\/media?parent=185206"}],"wp:term":[{"taxonomy":"category","embeddable":true,"href":"https:\/\/noticiasmercedinas.com\/site\/wp-json\/wp\/v2\/categories?post=185206"},{"taxonomy":"post_tag","embeddable":true,"href":"https:\/\/noticiasmercedinas.com\/site\/wp-json\/wp\/v2\/tags?post=185206"}],"curies":[{"name":"wp","href":"https:\/\/api.w.org\/{rel}","templated":true}]}}