{"id":185209,"date":"2026-04-27T10:12:09","date_gmt":"2026-04-27T13:12:09","guid":{"rendered":"https:\/\/noticiasmercedinas.com\/site\/?p=185209"},"modified":"2026-04-27T10:12:09","modified_gmt":"2026-04-27T13:12:09","slug":"el-colegio-de-abogados-de-mercedes-renueva-autoridades-se-vota-el-19-de-mayo","status":"publish","type":"post","link":"https:\/\/noticiasmercedinas.com\/site\/2026\/04\/27\/el-colegio-de-abogados-de-mercedes-renueva-autoridades-se-vota-el-19-de-mayo\/","title":{"rendered":"El Colegio de Abogados de Mercedes renueva autoridades: se vota el 19 de mayo"},"content":{"rendered":"<p><img loading=\"lazy\" decoding=\"async\" class=\"alignnone size-full wp-image-162965\" src=\"https:\/\/noticiasmercedinas.com\/site\/wp-content\/uploads\/2025\/07\/Abogados.jpg\" alt=\"\" width=\"1075\" height=\"718\" srcset=\"https:\/\/noticiasmercedinas.com\/site\/wp-content\/uploads\/2025\/07\/Abogados.jpg 1075w, https:\/\/noticiasmercedinas.com\/site\/wp-content\/uploads\/2025\/07\/Abogados-300x200.jpg 300w, https:\/\/noticiasmercedinas.com\/site\/wp-content\/uploads\/2025\/07\/Abogados-1024x684.jpg 1024w, https:\/\/noticiasmercedinas.com\/site\/wp-content\/uploads\/2025\/07\/Abogados-768x513.jpg 768w, https:\/\/noticiasmercedinas.com\/site\/wp-content\/uploads\/2025\/07\/Abogados-537x360.jpg 537w, https:\/\/noticiasmercedinas.com\/site\/wp-content\/uploads\/2025\/07\/Abogados-640x427.jpg 640w, https:\/\/noticiasmercedinas.com\/site\/wp-content\/uploads\/2025\/07\/Abogados-681x455.jpg 681w\" sizes=\"auto, (max-width: 1075px) 100vw, 1075px\" \/><\/p>\n<p>El Colegio de Abogados del Departamento Judicial de Mercedes (CADJM) dio inicio formal al proceso de renovaci\u00f3n de sus autoridades para el pr\u00f3ximo per\u00edodo.<\/p>\n<p>A trav\u00e9s de la Resoluci\u00f3n de Consejo Directivo N\u00b0 1257, se convoc\u00f3 a los matriculados a participar del acto eleccionario que tendr\u00e1 lugar el martes 19 de mayo de 2026, seguido por la Asamblea General Ordinaria el d\u00eda 29 del mismo mes.<\/p>\n<p>En estos comicios se definir\u00e1, entre otros cargos de relevancia, la sucesi\u00f3n del actual presidente, el Dr. Hern\u00e1n Alberto Salaverri, quien culmina su mandato de cuatro a\u00f1os.<\/p>\n<p><strong>Cronograma electoral y presentaci\u00f3n de listas<\/strong><br \/>\nEl calendario fijado por la instituci\u00f3n establece fechas cr\u00edticas para los apoderados de las listas intervinientes:<\/p>\n<ul>\n<li>Plazo m\u00e1ximo de presentaci\u00f3n: S\u00e1bado 9 de mayo de 2026, hasta las 24:00 horas.<\/li>\n<li>Lugar: Sede Central del Colegio (Calle 24 N\u00b0 705, 2do Piso, Mercedes).<\/li>\n<li>Horarios especiales: Hasta el 8 de mayo, la recepci\u00f3n ser\u00e1 de 08:00 a 14:00 hs. El s\u00e1bado 9 de mayo, se habilitar\u00e1 una guardia especial de 08:00 a 24:00 hs.<\/li>\n<\/ul>\n<p><strong>Cargos en disputa<\/strong><br \/>\nLa elecci\u00f3n renovar\u00e1 parcialmente los \u00f3rganos de conducci\u00f3n y disciplina, adem\u00e1s de la representaci\u00f3n ante la Caja de Previsi\u00f3n:<\/p>\n<ul>\n<li>Consejo Directivo: Elecci\u00f3n de Presidente (4 a\u00f1os), 5 consejeros titulares, 5 suplentes por 4 a\u00f1os y 1 suplente por 2 a\u00f1os.<\/li>\n<li>Tribunal de Disciplina: 2 miembros titulares y 3 suplentes (4 a\u00f1os).<\/li>\n<li>Caja de Previsi\u00f3n Social para Abogados: 1 Director Titular y 1 Director Suplente (4 a\u00f1os).<\/li>\n<\/ul>\n<p><strong>Sedes de votaci\u00f3n: un despliegue territorial<\/strong><br \/>\nPara garantizar la participaci\u00f3n de los profesionales de todo el Departamento Judicial, el acto eleccionario \u2014que se desarrollar\u00e1 de 09:00 a 15:00 horas\u2014 contar\u00e1 con mesas receptoras de votos en 13 localidades:<\/p>\n<p><strong>Mercedes:<\/strong> Sede Central (Mesa 1 para activos de Mercedes y Suipacha; Mesa especial para Jubilados).<\/p>\n<p><strong>Delegaciones y sedes:<\/strong> Se habilitar\u00e1n urnas en 9 de Julio, Salto, 25 de Mayo, Bragado, Chivilcoy, Luj\u00e1n, Carmen de Areco, San Antonio de Areco, Navarro, Alberti y San Andr\u00e9s de Giles.<\/p>\n<p><strong>Asamblea General Ordinaria<\/strong><br \/>\nPosteriormente a la votaci\u00f3n, el 29 de mayo a las 10:00 horas, se llevar\u00e1 a cabo la Asamblea en el Sal\u00f3n de Actos \u00abDr. Arturo Acu\u00f1a Anzorena\u00bb. En el orden del d\u00eda se destaca la consideraci\u00f3n de la Memoria y Balance, el presupuesto 2026\/2027 y la proclamaci\u00f3n oficial de los candidatos electos tras el informe de la Comisi\u00f3n de Escrutinio.<\/p>\n","protected":false},"excerpt":{"rendered":"<p>\u25a0 El Consejo Directivo oficializ\u00f3 la convocatoria para elegir Presidente, consejeros y directores de la Caja de Previsi\u00f3n. El plazo para la presentaci\u00f3n de listas vence el 9 de mayo a la medianoche.<\/p>\n","protected":false},"author":16,"featured_media":162965,"comment_status":"closed","ping_status":"closed","sticky":false,"template":"","format":"standard","meta":{"footnotes":""},"categories":[3],"tags":[560,115],"class_list":["post-185209","post","type-post","status-publish","format-standard","has-post-thumbnail","hentry","category-sociedad","tag-colegio-de-abogados","tag-elecciones"],"yoast_head":"<!-- This site is optimized with the Yoast SEO plugin v27.4 - https:\/\/yoast.com\/product\/yoast-seo-wordpress\/ -->\n<title>El Colegio de Abogados de Mercedes renueva autoridades: se vota el 19 de mayo<\/title>\n<meta name=\"description\" content=\"El Consejo Directivo oficializ\u00f3 la convocatoria para elegir Presidente, consejeros y directores de la Caja de Previsi\u00f3n. El plazo para la presentaci\u00f3n de listas vence el 9 de mayo a la medianoche.\" \/>\n<meta name=\"robots\" content=\"index, follow, max-snippet:-1, max-image-preview:large, max-video-preview:-1\" \/>\n<link rel=\"canonical\" href=\"https:\/\/noticiasmercedinas.com\/site\/2026\/04\/27\/el-colegio-de-abogados-de-mercedes-renueva-autoridades-se-vota-el-19-de-mayo\/\" \/>\n<meta property=\"og:locale\" content=\"es_ES\" \/>\n<meta property=\"og:type\" content=\"article\" \/>\n<meta property=\"og:title\" content=\"El Colegio de Abogados de Mercedes renueva autoridades: se vota el 19 de mayo\" \/>\n<meta property=\"og:description\" content=\"El Consejo Directivo oficializ\u00f3 la convocatoria para elegir Presidente, consejeros y directores de la Caja de Previsi\u00f3n. El plazo para la presentaci\u00f3n de listas vence el 9 de mayo a la medianoche.\" \/>\n<meta property=\"og:url\" content=\"https:\/\/noticiasmercedinas.com\/site\/2026\/04\/27\/el-colegio-de-abogados-de-mercedes-renueva-autoridades-se-vota-el-19-de-mayo\/\" \/>\n<meta property=\"og:site_name\" content=\"NOTICIASMERCEDINAS.COM\" \/>\n<meta property=\"article:publisher\" content=\"https:\/\/www.facebook.com\/noticiasmercedinas\/\" \/>\n<meta property=\"article:published_time\" content=\"2026-04-27T13:12:09+00:00\" \/>\n<meta property=\"og:image\" content=\"https:\/\/noticiasmercedinas.com\/site\/wp-content\/uploads\/2025\/07\/Abogados.jpg\" \/>\n\t<meta property=\"og:image:width\" content=\"1075\" \/>\n\t<meta property=\"og:image:height\" content=\"718\" \/>\n\t<meta property=\"og:image:type\" content=\"image\/jpeg\" \/>\n<meta name=\"author\" content=\"NOTICIASMERCEDINAS.COM\" \/>\n<meta name=\"twitter:card\" content=\"summary_large_image\" \/>\n<meta name=\"twitter:creator\" content=\"@notmercedinas\" \/>\n<meta name=\"twitter:site\" content=\"@notmercedinas\" \/>\n<meta name=\"twitter:label1\" content=\"Escrito por\" \/>\n\t<meta name=\"twitter:data1\" content=\"NOTICIASMERCEDINAS.COM\" \/>\n\t<meta name=\"twitter:label2\" content=\"Tiempo de lectura\" \/>\n\t<meta name=\"twitter:data2\" content=\"3 minutos\" \/>\n<script type=\"application\/ld+json\" class=\"yoast-schema-graph\">{\"@context\":\"https:\\\/\\\/schema.org\",\"@graph\":[{\"@type\":\"Article\",\"@id\":\"https:\\\/\\\/noticiasmercedinas.com\\\/site\\\/2026\\\/04\\\/27\\\/el-colegio-de-abogados-de-mercedes-renueva-autoridades-se-vota-el-19-de-mayo\\\/#article\",\"isPartOf\":{\"@id\":\"https:\\\/\\\/noticiasmercedinas.com\\\/site\\\/2026\\\/04\\\/27\\\/el-colegio-de-abogados-de-mercedes-renueva-autoridades-se-vota-el-19-de-mayo\\\/\"},\"author\":{\"name\":\"NOTICIASMERCEDINAS.COM\",\"@id\":\"https:\\\/\\\/noticiasmercedinas.com\\\/site\\\/#\\\/schema\\\/person\\\/84b59c099c28ff2e8b77d4ceec5d8063\"},\"headline\":\"El Colegio de Abogados de Mercedes renueva autoridades: se vota el 19 de mayo\",\"datePublished\":\"2026-04-27T13:12:09+00:00\",\"mainEntityOfPage\":{\"@id\":\"https:\\\/\\\/noticiasmercedinas.com\\\/site\\\/2026\\\/04\\\/27\\\/el-colegio-de-abogados-de-mercedes-renueva-autoridades-se-vota-el-19-de-mayo\\\/\"},\"wordCount\":405,\"publisher\":{\"@id\":\"https:\\\/\\\/noticiasmercedinas.com\\\/site\\\/#organization\"},\"image\":{\"@id\":\"https:\\\/\\\/noticiasmercedinas.com\\\/site\\\/2026\\\/04\\\/27\\\/el-colegio-de-abogados-de-mercedes-renueva-autoridades-se-vota-el-19-de-mayo\\\/#primaryimage\"},\"thumbnailUrl\":\"https:\\\/\\\/noticiasmercedinas.com\\\/site\\\/wp-content\\\/uploads\\\/2025\\\/07\\\/Abogados.jpg\",\"keywords\":[\"colegio de abogados\",\"elecciones\"],\"articleSection\":[\"Sociedad\"],\"inLanguage\":\"es\"},{\"@type\":\"WebPage\",\"@id\":\"https:\\\/\\\/noticiasmercedinas.com\\\/site\\\/2026\\\/04\\\/27\\\/el-colegio-de-abogados-de-mercedes-renueva-autoridades-se-vota-el-19-de-mayo\\\/\",\"url\":\"https:\\\/\\\/noticiasmercedinas.com\\\/site\\\/2026\\\/04\\\/27\\\/el-colegio-de-abogados-de-mercedes-renueva-autoridades-se-vota-el-19-de-mayo\\\/\",\"name\":\"El Colegio de Abogados de Mercedes renueva autoridades: se vota el 19 de mayo\",\"isPartOf\":{\"@id\":\"https:\\\/\\\/noticiasmercedinas.com\\\/site\\\/#website\"},\"primaryImageOfPage\":{\"@id\":\"https:\\\/\\\/noticiasmercedinas.com\\\/site\\\/2026\\\/04\\\/27\\\/el-colegio-de-abogados-de-mercedes-renueva-autoridades-se-vota-el-19-de-mayo\\\/#primaryimage\"},\"image\":{\"@id\":\"https:\\\/\\\/noticiasmercedinas.com\\\/site\\\/2026\\\/04\\\/27\\\/el-colegio-de-abogados-de-mercedes-renueva-autoridades-se-vota-el-19-de-mayo\\\/#primaryimage\"},\"thumbnailUrl\":\"https:\\\/\\\/noticiasmercedinas.com\\\/site\\\/wp-content\\\/uploads\\\/2025\\\/07\\\/Abogados.jpg\",\"datePublished\":\"2026-04-27T13:12:09+00:00\",\"description\":\"El Consejo Directivo oficializ\u00f3 la convocatoria para elegir Presidente, consejeros y directores de la Caja de Previsi\u00f3n. El plazo para la presentaci\u00f3n de listas vence el 9 de mayo a la medianoche.\",\"breadcrumb\":{\"@id\":\"https:\\\/\\\/noticiasmercedinas.com\\\/site\\\/2026\\\/04\\\/27\\\/el-colegio-de-abogados-de-mercedes-renueva-autoridades-se-vota-el-19-de-mayo\\\/#breadcrumb\"},\"inLanguage\":\"es\",\"potentialAction\":[{\"@type\":\"ReadAction\",\"target\":[\"https:\\\/\\\/noticiasmercedinas.com\\\/site\\\/2026\\\/04\\\/27\\\/el-colegio-de-abogados-de-mercedes-renueva-autoridades-se-vota-el-19-de-mayo\\\/\"]}]},{\"@type\":\"ImageObject\",\"inLanguage\":\"es\",\"@id\":\"https:\\\/\\\/noticiasmercedinas.com\\\/site\\\/2026\\\/04\\\/27\\\/el-colegio-de-abogados-de-mercedes-renueva-autoridades-se-vota-el-19-de-mayo\\\/#primaryimage\",\"url\":\"https:\\\/\\\/noticiasmercedinas.com\\\/site\\\/wp-content\\\/uploads\\\/2025\\\/07\\\/Abogados.jpg\",\"contentUrl\":\"https:\\\/\\\/noticiasmercedinas.com\\\/site\\\/wp-content\\\/uploads\\\/2025\\\/07\\\/Abogados.jpg\",\"width\":1075,\"height\":718},{\"@type\":\"BreadcrumbList\",\"@id\":\"https:\\\/\\\/noticiasmercedinas.com\\\/site\\\/2026\\\/04\\\/27\\\/el-colegio-de-abogados-de-mercedes-renueva-autoridades-se-vota-el-19-de-mayo\\\/#breadcrumb\",\"itemListElement\":[{\"@type\":\"ListItem\",\"position\":1,\"name\":\"Portada\",\"item\":\"https:\\\/\\\/noticiasmercedinas.com\\\/site\\\/\"},{\"@type\":\"ListItem\",\"position\":2,\"name\":\"El Colegio de Abogados de Mercedes renueva autoridades: se vota el 19 de mayo\"}]},{\"@type\":\"WebSite\",\"@id\":\"https:\\\/\\\/noticiasmercedinas.com\\\/site\\\/#website\",\"url\":\"https:\\\/\\\/noticiasmercedinas.com\\\/site\\\/\",\"name\":\"NOTICIASMERCEDINAS.COM\",\"description\":\"Mercedes, Buenos Aires, Argentina\",\"publisher\":{\"@id\":\"https:\\\/\\\/noticiasmercedinas.com\\\/site\\\/#organization\"},\"potentialAction\":[{\"@type\":\"SearchAction\",\"target\":{\"@type\":\"EntryPoint\",\"urlTemplate\":\"https:\\\/\\\/noticiasmercedinas.com\\\/site\\\/?s={search_term_string}\"},\"query-input\":{\"@type\":\"PropertyValueSpecification\",\"valueRequired\":true,\"valueName\":\"search_term_string\"}}],\"inLanguage\":\"es\"},{\"@type\":\"Organization\",\"@id\":\"https:\\\/\\\/noticiasmercedinas.com\\\/site\\\/#organization\",\"name\":\"NOTICIASMERCEDINAS.COM\",\"url\":\"https:\\\/\\\/noticiasmercedinas.com\\\/site\\\/\",\"logo\":{\"@type\":\"ImageObject\",\"inLanguage\":\"es\",\"@id\":\"https:\\\/\\\/noticiasmercedinas.com\\\/site\\\/#\\\/schema\\\/logo\\\/image\\\/\",\"url\":\"https:\\\/\\\/noticiasmercedinas.com\\\/site\\\/wp-content\\\/uploads\\\/2020\\\/06\\\/LOGO-512.jpg\",\"contentUrl\":\"https:\\\/\\\/noticiasmercedinas.com\\\/site\\\/wp-content\\\/uploads\\\/2020\\\/06\\\/LOGO-512.jpg\",\"width\":512,\"height\":512,\"caption\":\"NOTICIASMERCEDINAS.COM\"},\"image\":{\"@id\":\"https:\\\/\\\/noticiasmercedinas.com\\\/site\\\/#\\\/schema\\\/logo\\\/image\\\/\"},\"sameAs\":[\"https:\\\/\\\/www.facebook.com\\\/noticiasmercedinas\\\/\",\"https:\\\/\\\/x.com\\\/notmercedinas\",\"https:\\\/\\\/www.instagram.com\\\/noticiasmercedinas\\\/\"]},{\"@type\":\"Person\",\"@id\":\"https:\\\/\\\/noticiasmercedinas.com\\\/site\\\/#\\\/schema\\\/person\\\/84b59c099c28ff2e8b77d4ceec5d8063\",\"name\":\"NOTICIASMERCEDINAS.COM\",\"image\":{\"@type\":\"ImageObject\",\"inLanguage\":\"es\",\"@id\":\"https:\\\/\\\/secure.gravatar.com\\\/avatar\\\/4dfbf16b4d17945bfb6341b2d19043457132fcf478a5ee04f42e959fd8f5df0a?s=96&d=mm&r=g\",\"url\":\"https:\\\/\\\/secure.gravatar.com\\\/avatar\\\/4dfbf16b4d17945bfb6341b2d19043457132fcf478a5ee04f42e959fd8f5df0a?s=96&d=mm&r=g\",\"contentUrl\":\"https:\\\/\\\/secure.gravatar.com\\\/avatar\\\/4dfbf16b4d17945bfb6341b2d19043457132fcf478a5ee04f42e959fd8f5df0a?s=96&d=mm&r=g\",\"caption\":\"NOTICIASMERCEDINAS.COM\"},\"url\":\"https:\\\/\\\/noticiasmercedinas.com\\\/site\\\/author\\\/anonimo\\\/\"}]}<\/script>\n<!-- \/ Yoast SEO plugin. -->","yoast_head_json":{"title":"El Colegio de Abogados de Mercedes renueva autoridades: se vota el 19 de mayo","description":"El Consejo Directivo oficializ\u00f3 la convocatoria para elegir Presidente, consejeros y directores de la Caja de Previsi\u00f3n. El plazo para la presentaci\u00f3n de listas vence el 9 de mayo a la medianoche.","robots":{"index":"index","follow":"follow","max-snippet":"max-snippet:-1","max-image-preview":"max-image-preview:large","max-video-preview":"max-video-preview:-1"},"canonical":"https:\/\/noticiasmercedinas.com\/site\/2026\/04\/27\/el-colegio-de-abogados-de-mercedes-renueva-autoridades-se-vota-el-19-de-mayo\/","og_locale":"es_ES","og_type":"article","og_title":"El Colegio de Abogados de Mercedes renueva autoridades: se vota el 19 de mayo","og_description":"El Consejo Directivo oficializ\u00f3 la convocatoria para elegir Presidente, consejeros y directores de la Caja de Previsi\u00f3n. El plazo para la presentaci\u00f3n de listas vence el 9 de mayo a la medianoche.","og_url":"https:\/\/noticiasmercedinas.com\/site\/2026\/04\/27\/el-colegio-de-abogados-de-mercedes-renueva-autoridades-se-vota-el-19-de-mayo\/","og_site_name":"NOTICIASMERCEDINAS.COM","article_publisher":"https:\/\/www.facebook.com\/noticiasmercedinas\/","article_published_time":"2026-04-27T13:12:09+00:00","og_image":[{"width":1075,"height":718,"url":"https:\/\/noticiasmercedinas.com\/site\/wp-content\/uploads\/2025\/07\/Abogados.jpg","type":"image\/jpeg"}],"author":"NOTICIASMERCEDINAS.COM","twitter_card":"summary_large_image","twitter_creator":"@notmercedinas","twitter_site":"@notmercedinas","twitter_misc":{"Escrito por":"NOTICIASMERCEDINAS.COM","Tiempo de lectura":"3 minutos"},"schema":{"@context":"https:\/\/schema.org","@graph":[{"@type":"Article","@id":"https:\/\/noticiasmercedinas.com\/site\/2026\/04\/27\/el-colegio-de-abogados-de-mercedes-renueva-autoridades-se-vota-el-19-de-mayo\/#article","isPartOf":{"@id":"https:\/\/noticiasmercedinas.com\/site\/2026\/04\/27\/el-colegio-de-abogados-de-mercedes-renueva-autoridades-se-vota-el-19-de-mayo\/"},"author":{"name":"NOTICIASMERCEDINAS.COM","@id":"https:\/\/noticiasmercedinas.com\/site\/#\/schema\/person\/84b59c099c28ff2e8b77d4ceec5d8063"},"headline":"El Colegio de Abogados de Mercedes renueva autoridades: se vota el 19 de mayo","datePublished":"2026-04-27T13:12:09+00:00","mainEntityOfPage":{"@id":"https:\/\/noticiasmercedinas.com\/site\/2026\/04\/27\/el-colegio-de-abogados-de-mercedes-renueva-autoridades-se-vota-el-19-de-mayo\/"},"wordCount":405,"publisher":{"@id":"https:\/\/noticiasmercedinas.com\/site\/#organization"},"image":{"@id":"https:\/\/noticiasmercedinas.com\/site\/2026\/04\/27\/el-colegio-de-abogados-de-mercedes-renueva-autoridades-se-vota-el-19-de-mayo\/#primaryimage"},"thumbnailUrl":"https:\/\/noticiasmercedinas.com\/site\/wp-content\/uploads\/2025\/07\/Abogados.jpg","keywords":["colegio de abogados","elecciones"],"articleSection":["Sociedad"],"inLanguage":"es"},{"@type":"WebPage","@id":"https:\/\/noticiasmercedinas.com\/site\/2026\/04\/27\/el-colegio-de-abogados-de-mercedes-renueva-autoridades-se-vota-el-19-de-mayo\/","url":"https:\/\/noticiasmercedinas.com\/site\/2026\/04\/27\/el-colegio-de-abogados-de-mercedes-renueva-autoridades-se-vota-el-19-de-mayo\/","name":"El Colegio de Abogados de Mercedes renueva autoridades: se vota el 19 de mayo","isPartOf":{"@id":"https:\/\/noticiasmercedinas.com\/site\/#website"},"primaryImageOfPage":{"@id":"https:\/\/noticiasmercedinas.com\/site\/2026\/04\/27\/el-colegio-de-abogados-de-mercedes-renueva-autoridades-se-vota-el-19-de-mayo\/#primaryimage"},"image":{"@id":"https:\/\/noticiasmercedinas.com\/site\/2026\/04\/27\/el-colegio-de-abogados-de-mercedes-renueva-autoridades-se-vota-el-19-de-mayo\/#primaryimage"},"thumbnailUrl":"https:\/\/noticiasmercedinas.com\/site\/wp-content\/uploads\/2025\/07\/Abogados.jpg","datePublished":"2026-04-27T13:12:09+00:00","description":"El Consejo Directivo oficializ\u00f3 la convocatoria para elegir Presidente, consejeros y directores de la Caja de Previsi\u00f3n. El plazo para la presentaci\u00f3n de listas vence el 9 de mayo a la medianoche.","breadcrumb":{"@id":"https:\/\/noticiasmercedinas.com\/site\/2026\/04\/27\/el-colegio-de-abogados-de-mercedes-renueva-autoridades-se-vota-el-19-de-mayo\/#breadcrumb"},"inLanguage":"es","potentialAction":[{"@type":"ReadAction","target":["https:\/\/noticiasmercedinas.com\/site\/2026\/04\/27\/el-colegio-de-abogados-de-mercedes-renueva-autoridades-se-vota-el-19-de-mayo\/"]}]},{"@type":"ImageObject","inLanguage":"es","@id":"https:\/\/noticiasmercedinas.com\/site\/2026\/04\/27\/el-colegio-de-abogados-de-mercedes-renueva-autoridades-se-vota-el-19-de-mayo\/#primaryimage","url":"https:\/\/noticiasmercedinas.com\/site\/wp-content\/uploads\/2025\/07\/Abogados.jpg","contentUrl":"https:\/\/noticiasmercedinas.com\/site\/wp-content\/uploads\/2025\/07\/Abogados.jpg","width":1075,"height":718},{"@type":"BreadcrumbList","@id":"https:\/\/noticiasmercedinas.com\/site\/2026\/04\/27\/el-colegio-de-abogados-de-mercedes-renueva-autoridades-se-vota-el-19-de-mayo\/#breadcrumb","itemListElement":[{"@type":"ListItem","position":1,"name":"Portada","item":"https:\/\/noticiasmercedinas.com\/site\/"},{"@type":"ListItem","position":2,"name":"El Colegio de Abogados de Mercedes renueva autoridades: se vota el 19 de mayo"}]},{"@type":"WebSite","@id":"https:\/\/noticiasmercedinas.com\/site\/#website","url":"https:\/\/noticiasmercedinas.com\/site\/","name":"NOTICIASMERCEDINAS.COM","description":"Mercedes, Buenos Aires, Argentina","publisher":{"@id":"https:\/\/noticiasmercedinas.com\/site\/#organization"},"potentialAction":[{"@type":"SearchAction","target":{"@type":"EntryPoint","urlTemplate":"https:\/\/noticiasmercedinas.com\/site\/?s={search_term_string}"},"query-input":{"@type":"PropertyValueSpecification","valueRequired":true,"valueName":"search_term_string"}}],"inLanguage":"es"},{"@type":"Organization","@id":"https:\/\/noticiasmercedinas.com\/site\/#organization","name":"NOTICIASMERCEDINAS.COM","url":"https:\/\/noticiasmercedinas.com\/site\/","logo":{"@type":"ImageObject","inLanguage":"es","@id":"https:\/\/noticiasmercedinas.com\/site\/#\/schema\/logo\/image\/","url":"https:\/\/noticiasmercedinas.com\/site\/wp-content\/uploads\/2020\/06\/LOGO-512.jpg","contentUrl":"https:\/\/noticiasmercedinas.com\/site\/wp-content\/uploads\/2020\/06\/LOGO-512.jpg","width":512,"height":512,"caption":"NOTICIASMERCEDINAS.COM"},"image":{"@id":"https:\/\/noticiasmercedinas.com\/site\/#\/schema\/logo\/image\/"},"sameAs":["https:\/\/www.facebook.com\/noticiasmercedinas\/","https:\/\/x.com\/notmercedinas","https:\/\/www.instagram.com\/noticiasmercedinas\/"]},{"@type":"Person","@id":"https:\/\/noticiasmercedinas.com\/site\/#\/schema\/person\/84b59c099c28ff2e8b77d4ceec5d8063","name":"NOTICIASMERCEDINAS.COM","image":{"@type":"ImageObject","inLanguage":"es","@id":"https:\/\/secure.gravatar.com\/avatar\/4dfbf16b4d17945bfb6341b2d19043457132fcf478a5ee04f42e959fd8f5df0a?s=96&d=mm&r=g","url":"https:\/\/secure.gravatar.com\/avatar\/4dfbf16b4d17945bfb6341b2d19043457132fcf478a5ee04f42e959fd8f5df0a?s=96&d=mm&r=g","contentUrl":"https:\/\/secure.gravatar.com\/avatar\/4dfbf16b4d17945bfb6341b2d19043457132fcf478a5ee04f42e959fd8f5df0a?s=96&d=mm&r=g","caption":"NOTICIASMERCEDINAS.COM"},"url":"https:\/\/noticiasmercedinas.com\/site\/author\/anonimo\/"}]}},"amp_enabled":true,"_links":{"self":[{"href":"https:\/\/noticiasmercedinas.com\/site\/wp-json\/wp\/v2\/posts\/185209","targetHints":{"allow":["GET"]}}],"collection":[{"href":"https:\/\/noticiasmercedinas.com\/site\/wp-json\/wp\/v2\/posts"}],"about":[{"href":"https:\/\/noticiasmercedinas.com\/site\/wp-json\/wp\/v2\/types\/post"}],"author":[{"embeddable":true,"href":"https:\/\/noticiasmercedinas.com\/site\/wp-json\/wp\/v2\/users\/16"}],"replies":[{"embeddable":true,"href":"https:\/\/noticiasmercedinas.com\/site\/wp-json\/wp\/v2\/comments?post=185209"}],"version-history":[{"count":1,"href":"https:\/\/noticiasmercedinas.com\/site\/wp-json\/wp\/v2\/posts\/185209\/revisions"}],"predecessor-version":[{"id":185210,"href":"https:\/\/noticiasmercedinas.com\/site\/wp-json\/wp\/v2\/posts\/185209\/revisions\/185210"}],"wp:featuredmedia":[{"embeddable":true,"href":"https:\/\/noticiasmercedinas.com\/site\/wp-json\/wp\/v2\/media\/162965"}],"wp:attachment":[{"href":"https:\/\/noticiasmercedinas.com\/site\/wp-json\/wp\/v2\/media?parent=185209"}],"wp:term":[{"taxonomy":"category","embeddable":true,"href":"https:\/\/noticiasmercedinas.com\/site\/wp-json\/wp\/v2\/categories?post=185209"},{"taxonomy":"post_tag","embeddable":true,"href":"https:\/\/noticiasmercedinas.com\/site\/wp-json\/wp\/v2\/tags?post=185209"}],"curies":[{"name":"wp","href":"https:\/\/api.w.org\/{rel}","templated":true}]}}