{"id":185211,"date":"2026-04-27T10:16:13","date_gmt":"2026-04-27T13:16:13","guid":{"rendered":"https:\/\/noticiasmercedinas.com\/site\/?p=185211"},"modified":"2026-04-27T10:16:13","modified_gmt":"2026-04-27T13:16:13","slug":"la-septima-fecha-del-infanto-juvenil-dejo-solo-un-postergado","status":"publish","type":"post","link":"https:\/\/noticiasmercedinas.com\/site\/2026\/04\/27\/la-septima-fecha-del-infanto-juvenil-dejo-solo-un-postergado\/","title":{"rendered":"La s\u00e9ptima fecha del Infanto Juvenil dej\u00f3 s\u00f3lo un postergado"},"content":{"rendered":"<p><img loading=\"lazy\" decoding=\"async\" class=\"alignnone size-full wp-image-185212\" src=\"https:\/\/noticiasmercedinas.com\/site\/wp-content\/uploads\/2026\/04\/IMG_1125.jpg\" alt=\"\" width=\"640\" height=\"427\" srcset=\"https:\/\/noticiasmercedinas.com\/site\/wp-content\/uploads\/2026\/04\/IMG_1125.jpg 640w, https:\/\/noticiasmercedinas.com\/site\/wp-content\/uploads\/2026\/04\/IMG_1125-300x200.jpg 300w\" sizes=\"auto, (max-width: 640px) 100vw, 640px\" \/>El Infanto Juvenil de la Liga Mercedina de F\u00fatbol estuvo afrontando el \u00faltimo s\u00e1bado 25 la s\u00e9ptima fecha del Apertura, quedando postergados los cruces de La Tijera vs. Juventud en Suipacha, todos los restantes juegos programados se llevaron adelante. Los resultados:<\/p>\n<p><strong>Categor\u00eda 2016<br \/>\n<\/strong>Quilmes 1 \u2013 Palometas 7.<br \/>\nDefensores 5 \u2013 Holanda 4.<br \/>\nV\u00e9lez 1 \u2013 Estudiantes 5.<br \/>\nMercedes 2 \u2013 Trocha 0.<br \/>\nEl Front\u00f3n 1 \u2013 Carteros 1.<\/p>\n<p><strong>Categor\u00eda 2015<br \/>\n<\/strong>Quilmes 0 \u2013 Palometas 3.<br \/>\nDefensores 2 \u2013 Holanda 1.<br \/>\nUni\u00f3n 2 \u2013 Dep. Gowland 0.<br \/>\nV\u00e9lez 1 \u2013 Estudiantes 1.<br \/>\nMercedes 1 \u2013 Trocha 1.<br \/>\nEl Front\u00f3n 0 \u2013 Carteros 3.<\/p>\n<p><img loading=\"lazy\" decoding=\"async\" class=\"alignnone size-full wp-image-185213\" src=\"https:\/\/noticiasmercedinas.com\/site\/wp-content\/uploads\/2026\/04\/IMG_1105.jpg\" alt=\"\" width=\"640\" height=\"405\" srcset=\"https:\/\/noticiasmercedinas.com\/site\/wp-content\/uploads\/2026\/04\/IMG_1105.jpg 640w, https:\/\/noticiasmercedinas.com\/site\/wp-content\/uploads\/2026\/04\/IMG_1105-300x190.jpg 300w\" sizes=\"auto, (max-width: 640px) 100vw, 640px\" \/><br \/>\n<strong><br \/>\nCategor\u00eda 2014<br \/>\n<\/strong>Quilmes 0 \u2013 Palometas 1.<br \/>\nMercedes 3 \u2013 Trocha 1.<br \/>\nEl Front\u00f3n 0 \u2013 Carteros 0.<\/p>\n<p><strong>Categor\u00eda 2013<br \/>\n<\/strong>Ateneo 2 \u2013 SAPA 1.<br \/>\nEl Tim\u00f3n 0 \u2013 Villa Manchi 6.<br \/>\nQuilmes 0 \u2013 Palometas 0.<br \/>\nUni\u00f3n 5 \u2013 Dep. Gowland 0.<br \/>\nV\u00e9lez 0 \u2013 Estudiantes 3.<br \/>\nMercedes 3 \u2013 Trocha 1.<br \/>\nEl Front\u00f3n 2 \u2013 Carteros 1.<br \/>\nTalleres 1 \u2013 Jorge Newbery 0.<\/p>\n<p><strong>Categor\u00eda 2012<\/strong><br \/>\nAteneo 2 \u2013 SAPA 1.<br \/>\nEl Tim\u00f3n 3 \u2013 Villa Manchi 1.<br \/>\nQuilmes 2 \u2013 Palometas 0.<br \/>\nV\u00e9lez 4 \u2013 Estudiantes 1.<br \/>\nMercedes 3 \u2013 Trocha 1.<br \/>\nEl Front\u00f3n 3 \u2013 Carteros 0.<\/p>\n<p><img loading=\"lazy\" decoding=\"async\" class=\"alignnone size-full wp-image-185214\" src=\"https:\/\/noticiasmercedinas.com\/site\/wp-content\/uploads\/2026\/04\/IMG_1124.jpg\" alt=\"\" width=\"640\" height=\"427\" srcset=\"https:\/\/noticiasmercedinas.com\/site\/wp-content\/uploads\/2026\/04\/IMG_1124.jpg 640w, https:\/\/noticiasmercedinas.com\/site\/wp-content\/uploads\/2026\/04\/IMG_1124-300x200.jpg 300w\" sizes=\"auto, (max-width: 640px) 100vw, 640px\" \/><br \/>\n<strong><br \/>\nCategor\u00eda 2011<br \/>\n<\/strong>Ateneo 0 \u2013 SAPA 5.<br \/>\nEl Tim\u00f3n 2 \u2013 Villa Manchi 2.<br \/>\nQuilmes 0 \u2013 Palometas 0.<br \/>\nMercedes 3 \u2013 Trocha 1.<br \/>\nEl Front\u00f3n 2 \u2013 Carteros 2.<\/p>\n<p><strong>Quinta Divisi\u00f3n<\/strong><br \/>\nAteneo 0 \u2013 SAPA 2.<br \/>\nEl Tim\u00f3n1 \u2013 Villa Manchi 1.<br \/>\nQuilmes 2 \u2013 Palometas 0.<br \/>\nV\u00e9lez 0 \u2013 Estudiantes 5.<br \/>\nMercedes 4 \u2013 Trocha 0.<br \/>\nEl Front\u00f3n 0 \u2013 Carteros 2.<\/p>\n<p><strong>Pr\u00f3xima fecha<\/strong> &#8211; octava<br \/>\nTalleres Payr\u00f3 vs. Ateneo de la Juventud.<br \/>\nJorge Newbery vs. El Front\u00f3n (SAG).<br \/>\nCarteros FC vs. Club Mercedes.<br \/>\nClub Trocha vs. V\u00e9lez S\u00e1rsfield.<br \/>\nClub Estudiantes vs. La Tijera (Suipacha).<br \/>\nJuventud de Suipacha vs. Club Uni\u00f3n.<br \/>\nDeportivo Gowland vs. Defensores Juniors.<br \/>\nHolanda vs. Club Quilmes.<\/p>\n","protected":false},"excerpt":{"rendered":"<p>\u25a0 En Suipacha no jugaron los dos clubes de la ciudad, La Tijera y Juventud. Todos los dem\u00e1s cruces se fueron llevando adelante en Mercedes, J\u00e1uregui y San Andr\u00e9s de Giles.  <\/p>\n","protected":false},"author":6,"featured_media":185212,"comment_status":"closed","ping_status":"closed","sticky":false,"template":"","format":"standard","meta":{"footnotes":""},"categories":[5],"tags":[766,3346],"class_list":["post-185211","post","type-post","status-publish","format-standard","has-post-thumbnail","hentry","category-deportes","tag-infanto-juvenil","tag-liga-mercedina-de-futbol"],"yoast_head":"<!-- This site is optimized with the Yoast SEO plugin v27.4 - https:\/\/yoast.com\/product\/yoast-seo-wordpress\/ -->\n<title>La s\u00e9ptima fecha del Infanto Juvenil dej\u00f3 s\u00f3lo un postergado<\/title>\n<meta name=\"robots\" content=\"index, follow, max-snippet:-1, max-image-preview:large, max-video-preview:-1\" \/>\n<link rel=\"canonical\" href=\"https:\/\/noticiasmercedinas.com\/site\/2026\/04\/27\/la-septima-fecha-del-infanto-juvenil-dejo-solo-un-postergado\/\" \/>\n<meta property=\"og:locale\" content=\"es_ES\" \/>\n<meta property=\"og:type\" content=\"article\" \/>\n<meta property=\"og:title\" content=\"La s\u00e9ptima fecha del Infanto Juvenil dej\u00f3 s\u00f3lo un postergado\" \/>\n<meta property=\"og:description\" content=\"\u25a0 En Suipacha no jugaron los dos clubes de la ciudad, La Tijera y Juventud. Todos los dem\u00e1s cruces se fueron llevando adelante en Mercedes, J\u00e1uregui y San Andr\u00e9s de Giles.\" \/>\n<meta property=\"og:url\" content=\"https:\/\/noticiasmercedinas.com\/site\/2026\/04\/27\/la-septima-fecha-del-infanto-juvenil-dejo-solo-un-postergado\/\" \/>\n<meta property=\"og:site_name\" content=\"NOTICIASMERCEDINAS.COM\" \/>\n<meta property=\"article:publisher\" content=\"https:\/\/www.facebook.com\/noticiasmercedinas\/\" \/>\n<meta property=\"article:published_time\" content=\"2026-04-27T13:16:13+00:00\" \/>\n<meta property=\"og:image\" content=\"https:\/\/noticiasmercedinas.com\/site\/wp-content\/uploads\/2026\/04\/IMG_1125.jpg\" \/>\n\t<meta property=\"og:image:width\" content=\"640\" \/>\n\t<meta property=\"og:image:height\" content=\"427\" \/>\n\t<meta property=\"og:image:type\" content=\"image\/jpeg\" \/>\n<meta name=\"author\" content=\"Juan Dagnino NOTICIASMERCEDINAS.COM\" \/>\n<meta name=\"twitter:card\" content=\"summary_large_image\" \/>\n<meta name=\"twitter:creator\" content=\"@notmercedinas\" \/>\n<meta name=\"twitter:site\" content=\"@notmercedinas\" \/>\n<meta name=\"twitter:label1\" content=\"Escrito por\" \/>\n\t<meta name=\"twitter:data1\" content=\"Juan Dagnino NOTICIASMERCEDINAS.COM\" \/>\n\t<meta name=\"twitter:label2\" content=\"Tiempo de lectura\" \/>\n\t<meta name=\"twitter:data2\" content=\"3 minutos\" \/>\n<script type=\"application\/ld+json\" class=\"yoast-schema-graph\">{\"@context\":\"https:\\\/\\\/schema.org\",\"@graph\":[{\"@type\":\"Article\",\"@id\":\"https:\\\/\\\/noticiasmercedinas.com\\\/site\\\/2026\\\/04\\\/27\\\/la-septima-fecha-del-infanto-juvenil-dejo-solo-un-postergado\\\/#article\",\"isPartOf\":{\"@id\":\"https:\\\/\\\/noticiasmercedinas.com\\\/site\\\/2026\\\/04\\\/27\\\/la-septima-fecha-del-infanto-juvenil-dejo-solo-un-postergado\\\/\"},\"author\":{\"name\":\"Juan Dagnino NOTICIASMERCEDINAS.COM\",\"@id\":\"https:\\\/\\\/noticiasmercedinas.com\\\/site\\\/#\\\/schema\\\/person\\\/8f2f09d666ef40986eba4a5e6f2a06f9\"},\"headline\":\"La s\u00e9ptima fecha del Infanto Juvenil dej\u00f3 s\u00f3lo un postergado\",\"datePublished\":\"2026-04-27T13:16:13+00:00\",\"mainEntityOfPage\":{\"@id\":\"https:\\\/\\\/noticiasmercedinas.com\\\/site\\\/2026\\\/04\\\/27\\\/la-septima-fecha-del-infanto-juvenil-dejo-solo-un-postergado\\\/\"},\"wordCount\":237,\"publisher\":{\"@id\":\"https:\\\/\\\/noticiasmercedinas.com\\\/site\\\/#organization\"},\"image\":{\"@id\":\"https:\\\/\\\/noticiasmercedinas.com\\\/site\\\/2026\\\/04\\\/27\\\/la-septima-fecha-del-infanto-juvenil-dejo-solo-un-postergado\\\/#primaryimage\"},\"thumbnailUrl\":\"https:\\\/\\\/noticiasmercedinas.com\\\/site\\\/wp-content\\\/uploads\\\/2026\\\/04\\\/IMG_1125.jpg\",\"keywords\":[\"infanto juvenil\",\"Liga Mercedina de F\u00fatbol\"],\"articleSection\":[\"Deportes\"],\"inLanguage\":\"es\"},{\"@type\":\"WebPage\",\"@id\":\"https:\\\/\\\/noticiasmercedinas.com\\\/site\\\/2026\\\/04\\\/27\\\/la-septima-fecha-del-infanto-juvenil-dejo-solo-un-postergado\\\/\",\"url\":\"https:\\\/\\\/noticiasmercedinas.com\\\/site\\\/2026\\\/04\\\/27\\\/la-septima-fecha-del-infanto-juvenil-dejo-solo-un-postergado\\\/\",\"name\":\"La s\u00e9ptima fecha del Infanto Juvenil dej\u00f3 s\u00f3lo un postergado\",\"isPartOf\":{\"@id\":\"https:\\\/\\\/noticiasmercedinas.com\\\/site\\\/#website\"},\"primaryImageOfPage\":{\"@id\":\"https:\\\/\\\/noticiasmercedinas.com\\\/site\\\/2026\\\/04\\\/27\\\/la-septima-fecha-del-infanto-juvenil-dejo-solo-un-postergado\\\/#primaryimage\"},\"image\":{\"@id\":\"https:\\\/\\\/noticiasmercedinas.com\\\/site\\\/2026\\\/04\\\/27\\\/la-septima-fecha-del-infanto-juvenil-dejo-solo-un-postergado\\\/#primaryimage\"},\"thumbnailUrl\":\"https:\\\/\\\/noticiasmercedinas.com\\\/site\\\/wp-content\\\/uploads\\\/2026\\\/04\\\/IMG_1125.jpg\",\"datePublished\":\"2026-04-27T13:16:13+00:00\",\"breadcrumb\":{\"@id\":\"https:\\\/\\\/noticiasmercedinas.com\\\/site\\\/2026\\\/04\\\/27\\\/la-septima-fecha-del-infanto-juvenil-dejo-solo-un-postergado\\\/#breadcrumb\"},\"inLanguage\":\"es\",\"potentialAction\":[{\"@type\":\"ReadAction\",\"target\":[\"https:\\\/\\\/noticiasmercedinas.com\\\/site\\\/2026\\\/04\\\/27\\\/la-septima-fecha-del-infanto-juvenil-dejo-solo-un-postergado\\\/\"]}]},{\"@type\":\"ImageObject\",\"inLanguage\":\"es\",\"@id\":\"https:\\\/\\\/noticiasmercedinas.com\\\/site\\\/2026\\\/04\\\/27\\\/la-septima-fecha-del-infanto-juvenil-dejo-solo-un-postergado\\\/#primaryimage\",\"url\":\"https:\\\/\\\/noticiasmercedinas.com\\\/site\\\/wp-content\\\/uploads\\\/2026\\\/04\\\/IMG_1125.jpg\",\"contentUrl\":\"https:\\\/\\\/noticiasmercedinas.com\\\/site\\\/wp-content\\\/uploads\\\/2026\\\/04\\\/IMG_1125.jpg\",\"width\":640,\"height\":427},{\"@type\":\"BreadcrumbList\",\"@id\":\"https:\\\/\\\/noticiasmercedinas.com\\\/site\\\/2026\\\/04\\\/27\\\/la-septima-fecha-del-infanto-juvenil-dejo-solo-un-postergado\\\/#breadcrumb\",\"itemListElement\":[{\"@type\":\"ListItem\",\"position\":1,\"name\":\"Portada\",\"item\":\"https:\\\/\\\/noticiasmercedinas.com\\\/site\\\/\"},{\"@type\":\"ListItem\",\"position\":2,\"name\":\"La s\u00e9ptima fecha del Infanto Juvenil dej\u00f3 s\u00f3lo un postergado\"}]},{\"@type\":\"WebSite\",\"@id\":\"https:\\\/\\\/noticiasmercedinas.com\\\/site\\\/#website\",\"url\":\"https:\\\/\\\/noticiasmercedinas.com\\\/site\\\/\",\"name\":\"NOTICIASMERCEDINAS.COM\",\"description\":\"Mercedes, Buenos Aires, Argentina\",\"publisher\":{\"@id\":\"https:\\\/\\\/noticiasmercedinas.com\\\/site\\\/#organization\"},\"potentialAction\":[{\"@type\":\"SearchAction\",\"target\":{\"@type\":\"EntryPoint\",\"urlTemplate\":\"https:\\\/\\\/noticiasmercedinas.com\\\/site\\\/?s={search_term_string}\"},\"query-input\":{\"@type\":\"PropertyValueSpecification\",\"valueRequired\":true,\"valueName\":\"search_term_string\"}}],\"inLanguage\":\"es\"},{\"@type\":\"Organization\",\"@id\":\"https:\\\/\\\/noticiasmercedinas.com\\\/site\\\/#organization\",\"name\":\"NOTICIASMERCEDINAS.COM\",\"url\":\"https:\\\/\\\/noticiasmercedinas.com\\\/site\\\/\",\"logo\":{\"@type\":\"ImageObject\",\"inLanguage\":\"es\",\"@id\":\"https:\\\/\\\/noticiasmercedinas.com\\\/site\\\/#\\\/schema\\\/logo\\\/image\\\/\",\"url\":\"https:\\\/\\\/noticiasmercedinas.com\\\/site\\\/wp-content\\\/uploads\\\/2020\\\/06\\\/LOGO-512.jpg\",\"contentUrl\":\"https:\\\/\\\/noticiasmercedinas.com\\\/site\\\/wp-content\\\/uploads\\\/2020\\\/06\\\/LOGO-512.jpg\",\"width\":512,\"height\":512,\"caption\":\"NOTICIASMERCEDINAS.COM\"},\"image\":{\"@id\":\"https:\\\/\\\/noticiasmercedinas.com\\\/site\\\/#\\\/schema\\\/logo\\\/image\\\/\"},\"sameAs\":[\"https:\\\/\\\/www.facebook.com\\\/noticiasmercedinas\\\/\",\"https:\\\/\\\/x.com\\\/notmercedinas\",\"https:\\\/\\\/www.instagram.com\\\/noticiasmercedinas\\\/\"]},{\"@type\":\"Person\",\"@id\":\"https:\\\/\\\/noticiasmercedinas.com\\\/site\\\/#\\\/schema\\\/person\\\/8f2f09d666ef40986eba4a5e6f2a06f9\",\"name\":\"Juan Dagnino NOTICIASMERCEDINAS.COM\",\"image\":{\"@type\":\"ImageObject\",\"inLanguage\":\"es\",\"@id\":\"https:\\\/\\\/secure.gravatar.com\\\/avatar\\\/fc7059a769f5a3cae65fadb228a3e4accf3a64b4b2305020d0a27e6d5333c91b?s=96&d=mm&r=g\",\"url\":\"https:\\\/\\\/secure.gravatar.com\\\/avatar\\\/fc7059a769f5a3cae65fadb228a3e4accf3a64b4b2305020d0a27e6d5333c91b?s=96&d=mm&r=g\",\"contentUrl\":\"https:\\\/\\\/secure.gravatar.com\\\/avatar\\\/fc7059a769f5a3cae65fadb228a3e4accf3a64b4b2305020d0a27e6d5333c91b?s=96&d=mm&r=g\",\"caption\":\"Juan Dagnino NOTICIASMERCEDINAS.COM\"},\"url\":\"https:\\\/\\\/noticiasmercedinas.com\\\/site\\\/author\\\/juandagnino\\\/\"}]}<\/script>\n<!-- \/ Yoast SEO plugin. -->","yoast_head_json":{"title":"La s\u00e9ptima fecha del Infanto Juvenil dej\u00f3 s\u00f3lo un postergado","robots":{"index":"index","follow":"follow","max-snippet":"max-snippet:-1","max-image-preview":"max-image-preview:large","max-video-preview":"max-video-preview:-1"},"canonical":"https:\/\/noticiasmercedinas.com\/site\/2026\/04\/27\/la-septima-fecha-del-infanto-juvenil-dejo-solo-un-postergado\/","og_locale":"es_ES","og_type":"article","og_title":"La s\u00e9ptima fecha del Infanto Juvenil dej\u00f3 s\u00f3lo un postergado","og_description":"\u25a0 En Suipacha no jugaron los dos clubes de la ciudad, La Tijera y Juventud. Todos los dem\u00e1s cruces se fueron llevando adelante en Mercedes, J\u00e1uregui y San Andr\u00e9s de Giles.","og_url":"https:\/\/noticiasmercedinas.com\/site\/2026\/04\/27\/la-septima-fecha-del-infanto-juvenil-dejo-solo-un-postergado\/","og_site_name":"NOTICIASMERCEDINAS.COM","article_publisher":"https:\/\/www.facebook.com\/noticiasmercedinas\/","article_published_time":"2026-04-27T13:16:13+00:00","og_image":[{"width":640,"height":427,"url":"https:\/\/noticiasmercedinas.com\/site\/wp-content\/uploads\/2026\/04\/IMG_1125.jpg","type":"image\/jpeg"}],"author":"Juan Dagnino NOTICIASMERCEDINAS.COM","twitter_card":"summary_large_image","twitter_creator":"@notmercedinas","twitter_site":"@notmercedinas","twitter_misc":{"Escrito por":"Juan Dagnino NOTICIASMERCEDINAS.COM","Tiempo de lectura":"3 minutos"},"schema":{"@context":"https:\/\/schema.org","@graph":[{"@type":"Article","@id":"https:\/\/noticiasmercedinas.com\/site\/2026\/04\/27\/la-septima-fecha-del-infanto-juvenil-dejo-solo-un-postergado\/#article","isPartOf":{"@id":"https:\/\/noticiasmercedinas.com\/site\/2026\/04\/27\/la-septima-fecha-del-infanto-juvenil-dejo-solo-un-postergado\/"},"author":{"name":"Juan Dagnino NOTICIASMERCEDINAS.COM","@id":"https:\/\/noticiasmercedinas.com\/site\/#\/schema\/person\/8f2f09d666ef40986eba4a5e6f2a06f9"},"headline":"La s\u00e9ptima fecha del Infanto Juvenil dej\u00f3 s\u00f3lo un postergado","datePublished":"2026-04-27T13:16:13+00:00","mainEntityOfPage":{"@id":"https:\/\/noticiasmercedinas.com\/site\/2026\/04\/27\/la-septima-fecha-del-infanto-juvenil-dejo-solo-un-postergado\/"},"wordCount":237,"publisher":{"@id":"https:\/\/noticiasmercedinas.com\/site\/#organization"},"image":{"@id":"https:\/\/noticiasmercedinas.com\/site\/2026\/04\/27\/la-septima-fecha-del-infanto-juvenil-dejo-solo-un-postergado\/#primaryimage"},"thumbnailUrl":"https:\/\/noticiasmercedinas.com\/site\/wp-content\/uploads\/2026\/04\/IMG_1125.jpg","keywords":["infanto juvenil","Liga Mercedina de F\u00fatbol"],"articleSection":["Deportes"],"inLanguage":"es"},{"@type":"WebPage","@id":"https:\/\/noticiasmercedinas.com\/site\/2026\/04\/27\/la-septima-fecha-del-infanto-juvenil-dejo-solo-un-postergado\/","url":"https:\/\/noticiasmercedinas.com\/site\/2026\/04\/27\/la-septima-fecha-del-infanto-juvenil-dejo-solo-un-postergado\/","name":"La s\u00e9ptima fecha del Infanto Juvenil dej\u00f3 s\u00f3lo un postergado","isPartOf":{"@id":"https:\/\/noticiasmercedinas.com\/site\/#website"},"primaryImageOfPage":{"@id":"https:\/\/noticiasmercedinas.com\/site\/2026\/04\/27\/la-septima-fecha-del-infanto-juvenil-dejo-solo-un-postergado\/#primaryimage"},"image":{"@id":"https:\/\/noticiasmercedinas.com\/site\/2026\/04\/27\/la-septima-fecha-del-infanto-juvenil-dejo-solo-un-postergado\/#primaryimage"},"thumbnailUrl":"https:\/\/noticiasmercedinas.com\/site\/wp-content\/uploads\/2026\/04\/IMG_1125.jpg","datePublished":"2026-04-27T13:16:13+00:00","breadcrumb":{"@id":"https:\/\/noticiasmercedinas.com\/site\/2026\/04\/27\/la-septima-fecha-del-infanto-juvenil-dejo-solo-un-postergado\/#breadcrumb"},"inLanguage":"es","potentialAction":[{"@type":"ReadAction","target":["https:\/\/noticiasmercedinas.com\/site\/2026\/04\/27\/la-septima-fecha-del-infanto-juvenil-dejo-solo-un-postergado\/"]}]},{"@type":"ImageObject","inLanguage":"es","@id":"https:\/\/noticiasmercedinas.com\/site\/2026\/04\/27\/la-septima-fecha-del-infanto-juvenil-dejo-solo-un-postergado\/#primaryimage","url":"https:\/\/noticiasmercedinas.com\/site\/wp-content\/uploads\/2026\/04\/IMG_1125.jpg","contentUrl":"https:\/\/noticiasmercedinas.com\/site\/wp-content\/uploads\/2026\/04\/IMG_1125.jpg","width":640,"height":427},{"@type":"BreadcrumbList","@id":"https:\/\/noticiasmercedinas.com\/site\/2026\/04\/27\/la-septima-fecha-del-infanto-juvenil-dejo-solo-un-postergado\/#breadcrumb","itemListElement":[{"@type":"ListItem","position":1,"name":"Portada","item":"https:\/\/noticiasmercedinas.com\/site\/"},{"@type":"ListItem","position":2,"name":"La s\u00e9ptima fecha del Infanto Juvenil dej\u00f3 s\u00f3lo un postergado"}]},{"@type":"WebSite","@id":"https:\/\/noticiasmercedinas.com\/site\/#website","url":"https:\/\/noticiasmercedinas.com\/site\/","name":"NOTICIASMERCEDINAS.COM","description":"Mercedes, Buenos Aires, Argentina","publisher":{"@id":"https:\/\/noticiasmercedinas.com\/site\/#organization"},"potentialAction":[{"@type":"SearchAction","target":{"@type":"EntryPoint","urlTemplate":"https:\/\/noticiasmercedinas.com\/site\/?s={search_term_string}"},"query-input":{"@type":"PropertyValueSpecification","valueRequired":true,"valueName":"search_term_string"}}],"inLanguage":"es"},{"@type":"Organization","@id":"https:\/\/noticiasmercedinas.com\/site\/#organization","name":"NOTICIASMERCEDINAS.COM","url":"https:\/\/noticiasmercedinas.com\/site\/","logo":{"@type":"ImageObject","inLanguage":"es","@id":"https:\/\/noticiasmercedinas.com\/site\/#\/schema\/logo\/image\/","url":"https:\/\/noticiasmercedinas.com\/site\/wp-content\/uploads\/2020\/06\/LOGO-512.jpg","contentUrl":"https:\/\/noticiasmercedinas.com\/site\/wp-content\/uploads\/2020\/06\/LOGO-512.jpg","width":512,"height":512,"caption":"NOTICIASMERCEDINAS.COM"},"image":{"@id":"https:\/\/noticiasmercedinas.com\/site\/#\/schema\/logo\/image\/"},"sameAs":["https:\/\/www.facebook.com\/noticiasmercedinas\/","https:\/\/x.com\/notmercedinas","https:\/\/www.instagram.com\/noticiasmercedinas\/"]},{"@type":"Person","@id":"https:\/\/noticiasmercedinas.com\/site\/#\/schema\/person\/8f2f09d666ef40986eba4a5e6f2a06f9","name":"Juan Dagnino NOTICIASMERCEDINAS.COM","image":{"@type":"ImageObject","inLanguage":"es","@id":"https:\/\/secure.gravatar.com\/avatar\/fc7059a769f5a3cae65fadb228a3e4accf3a64b4b2305020d0a27e6d5333c91b?s=96&d=mm&r=g","url":"https:\/\/secure.gravatar.com\/avatar\/fc7059a769f5a3cae65fadb228a3e4accf3a64b4b2305020d0a27e6d5333c91b?s=96&d=mm&r=g","contentUrl":"https:\/\/secure.gravatar.com\/avatar\/fc7059a769f5a3cae65fadb228a3e4accf3a64b4b2305020d0a27e6d5333c91b?s=96&d=mm&r=g","caption":"Juan Dagnino NOTICIASMERCEDINAS.COM"},"url":"https:\/\/noticiasmercedinas.com\/site\/author\/juandagnino\/"}]}},"amp_enabled":true,"_links":{"self":[{"href":"https:\/\/noticiasmercedinas.com\/site\/wp-json\/wp\/v2\/posts\/185211","targetHints":{"allow":["GET"]}}],"collection":[{"href":"https:\/\/noticiasmercedinas.com\/site\/wp-json\/wp\/v2\/posts"}],"about":[{"href":"https:\/\/noticiasmercedinas.com\/site\/wp-json\/wp\/v2\/types\/post"}],"author":[{"embeddable":true,"href":"https:\/\/noticiasmercedinas.com\/site\/wp-json\/wp\/v2\/users\/6"}],"replies":[{"embeddable":true,"href":"https:\/\/noticiasmercedinas.com\/site\/wp-json\/wp\/v2\/comments?post=185211"}],"version-history":[{"count":1,"href":"https:\/\/noticiasmercedinas.com\/site\/wp-json\/wp\/v2\/posts\/185211\/revisions"}],"predecessor-version":[{"id":185215,"href":"https:\/\/noticiasmercedinas.com\/site\/wp-json\/wp\/v2\/posts\/185211\/revisions\/185215"}],"wp:featuredmedia":[{"embeddable":true,"href":"https:\/\/noticiasmercedinas.com\/site\/wp-json\/wp\/v2\/media\/185212"}],"wp:attachment":[{"href":"https:\/\/noticiasmercedinas.com\/site\/wp-json\/wp\/v2\/media?parent=185211"}],"wp:term":[{"taxonomy":"category","embeddable":true,"href":"https:\/\/noticiasmercedinas.com\/site\/wp-json\/wp\/v2\/categories?post=185211"},{"taxonomy":"post_tag","embeddable":true,"href":"https:\/\/noticiasmercedinas.com\/site\/wp-json\/wp\/v2\/tags?post=185211"}],"curies":[{"name":"wp","href":"https:\/\/api.w.org\/{rel}","templated":true}]}}