{"id":185228,"date":"2026-04-27T11:34:02","date_gmt":"2026-04-27T14:34:02","guid":{"rendered":"https:\/\/noticiasmercedinas.com\/site\/?p=185228"},"modified":"2026-04-27T13:20:07","modified_gmt":"2026-04-27T16:20:07","slug":"turistas-por-un-dia-alumnos-de-la-ep-n-27-de-altamira-recorrieron-el-casco-historico-y-las-sedes-gubernamentales","status":"publish","type":"post","link":"https:\/\/noticiasmercedinas.com\/site\/2026\/04\/27\/turistas-por-un-dia-alumnos-de-la-ep-n-27-de-altamira-recorrieron-el-casco-historico-y-las-sedes-gubernamentales\/","title":{"rendered":"\u00abTuristas por un d\u00eda\u00bb: alumnos de la EP N\u00b0 27 de Altamira recorrieron el casco hist\u00f3rico y las sedes gubernamentales"},"content":{"rendered":"<p dir=\"ltr\"><img loading=\"lazy\" decoding=\"async\" class=\"alignnone size-full wp-image-185235\" src=\"https:\/\/noticiasmercedinas.com\/site\/wp-content\/uploads\/2026\/04\/IMG-20260427-WA0015.jpg\" alt=\"\" width=\"1599\" height=\"899\" srcset=\"https:\/\/noticiasmercedinas.com\/site\/wp-content\/uploads\/2026\/04\/IMG-20260427-WA0015.jpg 1599w, https:\/\/noticiasmercedinas.com\/site\/wp-content\/uploads\/2026\/04\/IMG-20260427-WA0015-300x169.jpg 300w, https:\/\/noticiasmercedinas.com\/site\/wp-content\/uploads\/2026\/04\/IMG-20260427-WA0015-1024x576.jpg 1024w, https:\/\/noticiasmercedinas.com\/site\/wp-content\/uploads\/2026\/04\/IMG-20260427-WA0015-768x432.jpg 768w, https:\/\/noticiasmercedinas.com\/site\/wp-content\/uploads\/2026\/04\/IMG-20260427-WA0015-1536x864.jpg 1536w, https:\/\/noticiasmercedinas.com\/site\/wp-content\/uploads\/2026\/04\/IMG-20260427-WA0015-640x360.jpg 640w, https:\/\/noticiasmercedinas.com\/site\/wp-content\/uploads\/2026\/04\/IMG-20260427-WA0015-1280x720.jpg 1280w, https:\/\/noticiasmercedinas.com\/site\/wp-content\/uploads\/2026\/04\/IMG-20260427-WA0015-681x383.jpg 681w, https:\/\/noticiasmercedinas.com\/site\/wp-content\/uploads\/2026\/04\/IMG-20260427-WA0015-1362x766.jpg 1362w\" sizes=\"auto, (max-width: 1599px) 100vw, 1599px\" \/><\/p>\n<p dir=\"ltr\">En el marco del programa municipal <b>\u00abTuristas por un d\u00eda\u00bb<\/b>, alumnos de la Escuela Primaria N\u00b0 27 de la localidad de <b>Altamira<\/b> protagonizaron este lunes una jornada de aprendizaje y reconocimiento patrimonial en el centro de la ciudad.<\/p>\n<p dir=\"ltr\">La actividad, coordinada por la <b>Direcci\u00f3n de Turismo<\/b>, tiene como objetivo principal que los estudiantes de zonas rurales conozcan de cerca la riqueza arquitect\u00f3nica, hist\u00f3rica y el funcionamiento institucional de la cabecera del partido.<\/p>\n<p dir=\"ltr\">\u200bEl itinerario incluy\u00f3 una recepci\u00f3n especial por parte del <b>Intendente Municipal<\/b>, con quien los j\u00f3venes compartieron un momento de di\u00e1logo antes de trasladarse al primer piso del Palacio Municipal para ingresar al recinto del <b>Honorable Concejo Deliberante (HCD)<\/b>.<\/p>\n<h3 dir=\"ltr\">\u200b<b>Educaci\u00f3n c\u00edvica y debate en las bancas<\/b><\/h3>\n<p dir=\"ltr\">\u200bDurante la visita al cuerpo legislativo, los alumnos ocuparon las bancas de los ediles y los estrados de la presidencia, mostrando un marcado inter\u00e9s por el proceso de creaci\u00f3n de ordenanzas y el trabajo diario de sus representantes.<\/p>\n<p dir=\"ltr\">Los chicos estuvieron acompa\u00f1ados por los concejales <b>Mariana San Mart\u00edn, Santiago Altube, Andrea Bozzini, Aida Laporta y Bernardo Zubeld\u00eda<\/b>, quienes explicaron la din\u00e1mica de los diferentes bloques pol\u00edticos y respondieron las inquietudes de la delegaci\u00f3n escolar.<\/p>\n<p dir=\"ltr\">\u200b<b>Liliana Ricaldi<\/b>, referente de la Direcci\u00f3n de Turismo y encargada de la coordinaci\u00f3n de la actividad, destac\u00f3 la importancia de adaptar el recorrido a la curr\u00edcula escolar: <i>\u00abPedimos a los docentes que nos presenten sus proyectos para enfocar la visita seg\u00fan lo que est\u00e1n viendo en clase; generalmente, al estudiar las instituciones, solicitan ver a las autoridades\u00bb<\/i>.<\/p>\n<h3 dir=\"ltr\">\u200b<b>Un recorrido por el patrimonio local<\/b><\/h3>\n<p dir=\"ltr\">\u200bTras abandonar el Palacio Municipal, el contingente continu\u00f3 su recorrido por el casco hist\u00f3rico, con paradas programadas en:<\/p>\n<ul>\n<li dir=\"ltr\">\u200b<b>La Plaza Principal<\/b> y sus edificios circundantes.<\/li>\n<li dir=\"ltr\">\u200b<b>La Iglesia Catedral Bas\u00edlica.<\/b><\/li>\n<li dir=\"ltr\">\u200b<b>El Teatro Argentino.<\/b><\/li>\n<li dir=\"ltr\">\u200b<b>La Biblioteca Sarmiento.<\/b><\/li>\n<\/ul>\n<h3 dir=\"ltr\">\u200b<b>Agenda abierta para escuelas rurales<\/b><\/h3>\n<p dir=\"ltr\">\u200bEl programa \u00abTuristas por un d\u00eda\u00bb se desarrolla principalmente los lunes, sujeto a la log\u00edstica de transporte de la comuna. Seg\u00fan detall\u00f3 Ricaldi, ya existe un cronograma establecido que incluye la visita de la escuela de <b>Gowland<\/b> para la pr\u00f3xima semana, la EP N\u00b0 20 y un contingente del nivel secundario de la Escuela N\u00b0 12 previsto para el 22 de mayo.<\/p>\n<p dir=\"ltr\">\u200bDesde la organizaci\u00f3n se\u00f1alaron que todas las instituciones interesadas en sumarse a la iniciativa \u2014tanto de nivel primario como secundario\u2014 pueden canalizar sus consultas a trav\u00e9s de la Direcci\u00f3n de Turismo. Para coordinar nuevas fechas y proyectos, se ha puesto a disposici\u00f3n el contacto directo de la coordinaci\u00f3n al n\u00famero <b>2324-535905<\/b>.<\/p>\n<p dir=\"ltr\"><img loading=\"lazy\" decoding=\"async\" class=\"alignnone size-full wp-image-185236\" src=\"https:\/\/noticiasmercedinas.com\/site\/wp-content\/uploads\/2026\/04\/IMG-20260427-WA0016-e1777300418755.jpg\" alt=\"\" width=\"1177\" height=\"912\" srcset=\"https:\/\/noticiasmercedinas.com\/site\/wp-content\/uploads\/2026\/04\/IMG-20260427-WA0016-e1777300418755.jpg 1177w, https:\/\/noticiasmercedinas.com\/site\/wp-content\/uploads\/2026\/04\/IMG-20260427-WA0016-e1777300418755-300x232.jpg 300w, https:\/\/noticiasmercedinas.com\/site\/wp-content\/uploads\/2026\/04\/IMG-20260427-WA0016-e1777300418755-1024x793.jpg 1024w, https:\/\/noticiasmercedinas.com\/site\/wp-content\/uploads\/2026\/04\/IMG-20260427-WA0016-e1777300418755-768x595.jpg 768w, https:\/\/noticiasmercedinas.com\/site\/wp-content\/uploads\/2026\/04\/IMG-20260427-WA0016-e1777300418755-640x496.jpg 640w, https:\/\/noticiasmercedinas.com\/site\/wp-content\/uploads\/2026\/04\/IMG-20260427-WA0016-e1777300418755-681x528.jpg 681w\" sizes=\"auto, (max-width: 1177px) 100vw, 1177px\" \/><\/p>\n","protected":false},"excerpt":{"rendered":"<p>\u25a0 A trav\u00e9s de un programa impulsado por la Direcci\u00f3n de Turismo, estudiantes rurales visitaron el Palacio Municipal y el Concejo Deliberante, donde fueron recibidos por el Intendente y legisladores de diversos bloques.<\/p>\n","protected":false},"author":16,"featured_media":185235,"comment_status":"closed","ping_status":"closed","sticky":false,"template":"","format":"standard","meta":{"footnotes":""},"categories":[3],"tags":[2553,243,17021,18,33],"class_list":["post-185228","post","type-post","status-publish","format-standard","has-post-thumbnail","hentry","category-sociedad","tag-altamira","tag-concejo-deliberante","tag-escuela-17","tag-escuelas","tag-turismo"],"yoast_head":"<!-- This site is optimized with the Yoast SEO plugin v27.4 - https:\/\/yoast.com\/product\/yoast-seo-wordpress\/ -->\n<title>&quot;Turistas por un d\u00eda&quot;: alumnos de la EP N\u00b0 27 de Altamira recorrieron el casco hist\u00f3rico y las sedes gubernamentales<\/title>\n<meta name=\"description\" content=\"A trav\u00e9s de un programa impulsado por la Direcci\u00f3n de Turismo, estudiantes rurales visitaron el Palacio Municipal y el Concejo Deliberante, donde fueron recibidos por el Intendente y legisladores de diversos bloques.\" \/>\n<meta name=\"robots\" content=\"index, follow, max-snippet:-1, max-image-preview:large, max-video-preview:-1\" \/>\n<link rel=\"canonical\" href=\"https:\/\/noticiasmercedinas.com\/site\/2026\/04\/27\/turistas-por-un-dia-alumnos-de-la-ep-n-27-de-altamira-recorrieron-el-casco-historico-y-las-sedes-gubernamentales\/\" \/>\n<meta property=\"og:locale\" content=\"es_ES\" \/>\n<meta property=\"og:type\" content=\"article\" \/>\n<meta property=\"og:title\" content=\"&quot;Turistas por un d\u00eda&quot;: alumnos de la EP N\u00b0 27 de Altamira recorrieron el casco hist\u00f3rico y las sedes gubernamentales\" \/>\n<meta property=\"og:description\" content=\"A trav\u00e9s de un programa impulsado por la Direcci\u00f3n de Turismo, estudiantes rurales visitaron el Palacio Municipal y el Concejo Deliberante, donde fueron recibidos por el Intendente y legisladores de diversos bloques.\" \/>\n<meta property=\"og:url\" content=\"https:\/\/noticiasmercedinas.com\/site\/2026\/04\/27\/turistas-por-un-dia-alumnos-de-la-ep-n-27-de-altamira-recorrieron-el-casco-historico-y-las-sedes-gubernamentales\/\" \/>\n<meta property=\"og:site_name\" content=\"NOTICIASMERCEDINAS.COM\" \/>\n<meta property=\"article:publisher\" content=\"https:\/\/www.facebook.com\/noticiasmercedinas\/\" \/>\n<meta property=\"article:published_time\" content=\"2026-04-27T14:34:02+00:00\" \/>\n<meta property=\"article:modified_time\" content=\"2026-04-27T16:20:07+00:00\" \/>\n<meta property=\"og:image\" content=\"https:\/\/noticiasmercedinas.com\/site\/wp-content\/uploads\/2026\/04\/IMG-20260427-WA0015.jpg\" \/>\n\t<meta property=\"og:image:width\" content=\"1599\" \/>\n\t<meta property=\"og:image:height\" content=\"899\" \/>\n\t<meta property=\"og:image:type\" content=\"image\/jpeg\" \/>\n<meta name=\"author\" content=\"NOTICIASMERCEDINAS.COM\" \/>\n<meta name=\"twitter:card\" content=\"summary_large_image\" \/>\n<meta name=\"twitter:creator\" content=\"@notmercedinas\" \/>\n<meta name=\"twitter:site\" content=\"@notmercedinas\" \/>\n<meta name=\"twitter:label1\" content=\"Escrito por\" \/>\n\t<meta name=\"twitter:data1\" content=\"NOTICIASMERCEDINAS.COM\" \/>\n\t<meta name=\"twitter:label2\" content=\"Tiempo de lectura\" \/>\n\t<meta name=\"twitter:data2\" content=\"3 minutos\" \/>\n<script type=\"application\/ld+json\" class=\"yoast-schema-graph\">{\"@context\":\"https:\\\/\\\/schema.org\",\"@graph\":[{\"@type\":\"Article\",\"@id\":\"https:\\\/\\\/noticiasmercedinas.com\\\/site\\\/2026\\\/04\\\/27\\\/turistas-por-un-dia-alumnos-de-la-ep-n-27-de-altamira-recorrieron-el-casco-historico-y-las-sedes-gubernamentales\\\/#article\",\"isPartOf\":{\"@id\":\"https:\\\/\\\/noticiasmercedinas.com\\\/site\\\/2026\\\/04\\\/27\\\/turistas-por-un-dia-alumnos-de-la-ep-n-27-de-altamira-recorrieron-el-casco-historico-y-las-sedes-gubernamentales\\\/\"},\"author\":{\"name\":\"NOTICIASMERCEDINAS.COM\",\"@id\":\"https:\\\/\\\/noticiasmercedinas.com\\\/site\\\/#\\\/schema\\\/person\\\/84b59c099c28ff2e8b77d4ceec5d8063\"},\"headline\":\"\u00abTuristas por un d\u00eda\u00bb: alumnos de la EP N\u00b0 27 de Altamira recorrieron el casco hist\u00f3rico y las sedes gubernamentales\",\"datePublished\":\"2026-04-27T14:34:02+00:00\",\"dateModified\":\"2026-04-27T16:20:07+00:00\",\"mainEntityOfPage\":{\"@id\":\"https:\\\/\\\/noticiasmercedinas.com\\\/site\\\/2026\\\/04\\\/27\\\/turistas-por-un-dia-alumnos-de-la-ep-n-27-de-altamira-recorrieron-el-casco-historico-y-las-sedes-gubernamentales\\\/\"},\"wordCount\":459,\"publisher\":{\"@id\":\"https:\\\/\\\/noticiasmercedinas.com\\\/site\\\/#organization\"},\"image\":{\"@id\":\"https:\\\/\\\/noticiasmercedinas.com\\\/site\\\/2026\\\/04\\\/27\\\/turistas-por-un-dia-alumnos-de-la-ep-n-27-de-altamira-recorrieron-el-casco-historico-y-las-sedes-gubernamentales\\\/#primaryimage\"},\"thumbnailUrl\":\"https:\\\/\\\/noticiasmercedinas.com\\\/site\\\/wp-content\\\/uploads\\\/2026\\\/04\\\/IMG-20260427-WA0015.jpg\",\"keywords\":[\"altamira\",\"concejo deliberante\",\"escuela 17\",\"escuelas\",\"turismo\"],\"articleSection\":[\"Sociedad\"],\"inLanguage\":\"es\"},{\"@type\":\"WebPage\",\"@id\":\"https:\\\/\\\/noticiasmercedinas.com\\\/site\\\/2026\\\/04\\\/27\\\/turistas-por-un-dia-alumnos-de-la-ep-n-27-de-altamira-recorrieron-el-casco-historico-y-las-sedes-gubernamentales\\\/\",\"url\":\"https:\\\/\\\/noticiasmercedinas.com\\\/site\\\/2026\\\/04\\\/27\\\/turistas-por-un-dia-alumnos-de-la-ep-n-27-de-altamira-recorrieron-el-casco-historico-y-las-sedes-gubernamentales\\\/\",\"name\":\"\\\"Turistas por un d\u00eda\\\": alumnos de la EP N\u00b0 27 de Altamira recorrieron el casco hist\u00f3rico y las sedes gubernamentales\",\"isPartOf\":{\"@id\":\"https:\\\/\\\/noticiasmercedinas.com\\\/site\\\/#website\"},\"primaryImageOfPage\":{\"@id\":\"https:\\\/\\\/noticiasmercedinas.com\\\/site\\\/2026\\\/04\\\/27\\\/turistas-por-un-dia-alumnos-de-la-ep-n-27-de-altamira-recorrieron-el-casco-historico-y-las-sedes-gubernamentales\\\/#primaryimage\"},\"image\":{\"@id\":\"https:\\\/\\\/noticiasmercedinas.com\\\/site\\\/2026\\\/04\\\/27\\\/turistas-por-un-dia-alumnos-de-la-ep-n-27-de-altamira-recorrieron-el-casco-historico-y-las-sedes-gubernamentales\\\/#primaryimage\"},\"thumbnailUrl\":\"https:\\\/\\\/noticiasmercedinas.com\\\/site\\\/wp-content\\\/uploads\\\/2026\\\/04\\\/IMG-20260427-WA0015.jpg\",\"datePublished\":\"2026-04-27T14:34:02+00:00\",\"dateModified\":\"2026-04-27T16:20:07+00:00\",\"description\":\"A trav\u00e9s de un programa impulsado por la Direcci\u00f3n de Turismo, estudiantes rurales visitaron el Palacio Municipal y el Concejo Deliberante, donde fueron recibidos por el Intendente y legisladores de diversos bloques.\",\"breadcrumb\":{\"@id\":\"https:\\\/\\\/noticiasmercedinas.com\\\/site\\\/2026\\\/04\\\/27\\\/turistas-por-un-dia-alumnos-de-la-ep-n-27-de-altamira-recorrieron-el-casco-historico-y-las-sedes-gubernamentales\\\/#breadcrumb\"},\"inLanguage\":\"es\",\"potentialAction\":[{\"@type\":\"ReadAction\",\"target\":[\"https:\\\/\\\/noticiasmercedinas.com\\\/site\\\/2026\\\/04\\\/27\\\/turistas-por-un-dia-alumnos-de-la-ep-n-27-de-altamira-recorrieron-el-casco-historico-y-las-sedes-gubernamentales\\\/\"]}]},{\"@type\":\"ImageObject\",\"inLanguage\":\"es\",\"@id\":\"https:\\\/\\\/noticiasmercedinas.com\\\/site\\\/2026\\\/04\\\/27\\\/turistas-por-un-dia-alumnos-de-la-ep-n-27-de-altamira-recorrieron-el-casco-historico-y-las-sedes-gubernamentales\\\/#primaryimage\",\"url\":\"https:\\\/\\\/noticiasmercedinas.com\\\/site\\\/wp-content\\\/uploads\\\/2026\\\/04\\\/IMG-20260427-WA0015.jpg\",\"contentUrl\":\"https:\\\/\\\/noticiasmercedinas.com\\\/site\\\/wp-content\\\/uploads\\\/2026\\\/04\\\/IMG-20260427-WA0015.jpg\",\"width\":1599,\"height\":899},{\"@type\":\"BreadcrumbList\",\"@id\":\"https:\\\/\\\/noticiasmercedinas.com\\\/site\\\/2026\\\/04\\\/27\\\/turistas-por-un-dia-alumnos-de-la-ep-n-27-de-altamira-recorrieron-el-casco-historico-y-las-sedes-gubernamentales\\\/#breadcrumb\",\"itemListElement\":[{\"@type\":\"ListItem\",\"position\":1,\"name\":\"Portada\",\"item\":\"https:\\\/\\\/noticiasmercedinas.com\\\/site\\\/\"},{\"@type\":\"ListItem\",\"position\":2,\"name\":\"\u00abTuristas por un d\u00eda\u00bb: alumnos de la EP N\u00b0 27 de Altamira recorrieron el casco hist\u00f3rico y las sedes gubernamentales\"}]},{\"@type\":\"WebSite\",\"@id\":\"https:\\\/\\\/noticiasmercedinas.com\\\/site\\\/#website\",\"url\":\"https:\\\/\\\/noticiasmercedinas.com\\\/site\\\/\",\"name\":\"NOTICIASMERCEDINAS.COM\",\"description\":\"Mercedes, Buenos Aires, Argentina\",\"publisher\":{\"@id\":\"https:\\\/\\\/noticiasmercedinas.com\\\/site\\\/#organization\"},\"potentialAction\":[{\"@type\":\"SearchAction\",\"target\":{\"@type\":\"EntryPoint\",\"urlTemplate\":\"https:\\\/\\\/noticiasmercedinas.com\\\/site\\\/?s={search_term_string}\"},\"query-input\":{\"@type\":\"PropertyValueSpecification\",\"valueRequired\":true,\"valueName\":\"search_term_string\"}}],\"inLanguage\":\"es\"},{\"@type\":\"Organization\",\"@id\":\"https:\\\/\\\/noticiasmercedinas.com\\\/site\\\/#organization\",\"name\":\"NOTICIASMERCEDINAS.COM\",\"url\":\"https:\\\/\\\/noticiasmercedinas.com\\\/site\\\/\",\"logo\":{\"@type\":\"ImageObject\",\"inLanguage\":\"es\",\"@id\":\"https:\\\/\\\/noticiasmercedinas.com\\\/site\\\/#\\\/schema\\\/logo\\\/image\\\/\",\"url\":\"https:\\\/\\\/noticiasmercedinas.com\\\/site\\\/wp-content\\\/uploads\\\/2020\\\/06\\\/LOGO-512.jpg\",\"contentUrl\":\"https:\\\/\\\/noticiasmercedinas.com\\\/site\\\/wp-content\\\/uploads\\\/2020\\\/06\\\/LOGO-512.jpg\",\"width\":512,\"height\":512,\"caption\":\"NOTICIASMERCEDINAS.COM\"},\"image\":{\"@id\":\"https:\\\/\\\/noticiasmercedinas.com\\\/site\\\/#\\\/schema\\\/logo\\\/image\\\/\"},\"sameAs\":[\"https:\\\/\\\/www.facebook.com\\\/noticiasmercedinas\\\/\",\"https:\\\/\\\/x.com\\\/notmercedinas\",\"https:\\\/\\\/www.instagram.com\\\/noticiasmercedinas\\\/\"]},{\"@type\":\"Person\",\"@id\":\"https:\\\/\\\/noticiasmercedinas.com\\\/site\\\/#\\\/schema\\\/person\\\/84b59c099c28ff2e8b77d4ceec5d8063\",\"name\":\"NOTICIASMERCEDINAS.COM\",\"image\":{\"@type\":\"ImageObject\",\"inLanguage\":\"es\",\"@id\":\"https:\\\/\\\/secure.gravatar.com\\\/avatar\\\/4dfbf16b4d17945bfb6341b2d19043457132fcf478a5ee04f42e959fd8f5df0a?s=96&d=mm&r=g\",\"url\":\"https:\\\/\\\/secure.gravatar.com\\\/avatar\\\/4dfbf16b4d17945bfb6341b2d19043457132fcf478a5ee04f42e959fd8f5df0a?s=96&d=mm&r=g\",\"contentUrl\":\"https:\\\/\\\/secure.gravatar.com\\\/avatar\\\/4dfbf16b4d17945bfb6341b2d19043457132fcf478a5ee04f42e959fd8f5df0a?s=96&d=mm&r=g\",\"caption\":\"NOTICIASMERCEDINAS.COM\"},\"url\":\"https:\\\/\\\/noticiasmercedinas.com\\\/site\\\/author\\\/anonimo\\\/\"}]}<\/script>\n<!-- \/ Yoast SEO plugin. -->","yoast_head_json":{"title":"\"Turistas por un d\u00eda\": alumnos de la EP N\u00b0 27 de Altamira recorrieron el casco hist\u00f3rico y las sedes gubernamentales","description":"A trav\u00e9s de un programa impulsado por la Direcci\u00f3n de Turismo, estudiantes rurales visitaron el Palacio Municipal y el Concejo Deliberante, donde fueron recibidos por el Intendente y legisladores de diversos bloques.","robots":{"index":"index","follow":"follow","max-snippet":"max-snippet:-1","max-image-preview":"max-image-preview:large","max-video-preview":"max-video-preview:-1"},"canonical":"https:\/\/noticiasmercedinas.com\/site\/2026\/04\/27\/turistas-por-un-dia-alumnos-de-la-ep-n-27-de-altamira-recorrieron-el-casco-historico-y-las-sedes-gubernamentales\/","og_locale":"es_ES","og_type":"article","og_title":"\"Turistas por un d\u00eda\": alumnos de la EP N\u00b0 27 de Altamira recorrieron el casco hist\u00f3rico y las sedes gubernamentales","og_description":"A trav\u00e9s de un programa impulsado por la Direcci\u00f3n de Turismo, estudiantes rurales visitaron el Palacio Municipal y el Concejo Deliberante, donde fueron recibidos por el Intendente y legisladores de diversos bloques.","og_url":"https:\/\/noticiasmercedinas.com\/site\/2026\/04\/27\/turistas-por-un-dia-alumnos-de-la-ep-n-27-de-altamira-recorrieron-el-casco-historico-y-las-sedes-gubernamentales\/","og_site_name":"NOTICIASMERCEDINAS.COM","article_publisher":"https:\/\/www.facebook.com\/noticiasmercedinas\/","article_published_time":"2026-04-27T14:34:02+00:00","article_modified_time":"2026-04-27T16:20:07+00:00","og_image":[{"width":1599,"height":899,"url":"https:\/\/noticiasmercedinas.com\/site\/wp-content\/uploads\/2026\/04\/IMG-20260427-WA0015.jpg","type":"image\/jpeg"}],"author":"NOTICIASMERCEDINAS.COM","twitter_card":"summary_large_image","twitter_creator":"@notmercedinas","twitter_site":"@notmercedinas","twitter_misc":{"Escrito por":"NOTICIASMERCEDINAS.COM","Tiempo de lectura":"3 minutos"},"schema":{"@context":"https:\/\/schema.org","@graph":[{"@type":"Article","@id":"https:\/\/noticiasmercedinas.com\/site\/2026\/04\/27\/turistas-por-un-dia-alumnos-de-la-ep-n-27-de-altamira-recorrieron-el-casco-historico-y-las-sedes-gubernamentales\/#article","isPartOf":{"@id":"https:\/\/noticiasmercedinas.com\/site\/2026\/04\/27\/turistas-por-un-dia-alumnos-de-la-ep-n-27-de-altamira-recorrieron-el-casco-historico-y-las-sedes-gubernamentales\/"},"author":{"name":"NOTICIASMERCEDINAS.COM","@id":"https:\/\/noticiasmercedinas.com\/site\/#\/schema\/person\/84b59c099c28ff2e8b77d4ceec5d8063"},"headline":"\u00abTuristas por un d\u00eda\u00bb: alumnos de la EP N\u00b0 27 de Altamira recorrieron el casco hist\u00f3rico y las sedes gubernamentales","datePublished":"2026-04-27T14:34:02+00:00","dateModified":"2026-04-27T16:20:07+00:00","mainEntityOfPage":{"@id":"https:\/\/noticiasmercedinas.com\/site\/2026\/04\/27\/turistas-por-un-dia-alumnos-de-la-ep-n-27-de-altamira-recorrieron-el-casco-historico-y-las-sedes-gubernamentales\/"},"wordCount":459,"publisher":{"@id":"https:\/\/noticiasmercedinas.com\/site\/#organization"},"image":{"@id":"https:\/\/noticiasmercedinas.com\/site\/2026\/04\/27\/turistas-por-un-dia-alumnos-de-la-ep-n-27-de-altamira-recorrieron-el-casco-historico-y-las-sedes-gubernamentales\/#primaryimage"},"thumbnailUrl":"https:\/\/noticiasmercedinas.com\/site\/wp-content\/uploads\/2026\/04\/IMG-20260427-WA0015.jpg","keywords":["altamira","concejo deliberante","escuela 17","escuelas","turismo"],"articleSection":["Sociedad"],"inLanguage":"es"},{"@type":"WebPage","@id":"https:\/\/noticiasmercedinas.com\/site\/2026\/04\/27\/turistas-por-un-dia-alumnos-de-la-ep-n-27-de-altamira-recorrieron-el-casco-historico-y-las-sedes-gubernamentales\/","url":"https:\/\/noticiasmercedinas.com\/site\/2026\/04\/27\/turistas-por-un-dia-alumnos-de-la-ep-n-27-de-altamira-recorrieron-el-casco-historico-y-las-sedes-gubernamentales\/","name":"\"Turistas por un d\u00eda\": alumnos de la EP N\u00b0 27 de Altamira recorrieron el casco hist\u00f3rico y las sedes gubernamentales","isPartOf":{"@id":"https:\/\/noticiasmercedinas.com\/site\/#website"},"primaryImageOfPage":{"@id":"https:\/\/noticiasmercedinas.com\/site\/2026\/04\/27\/turistas-por-un-dia-alumnos-de-la-ep-n-27-de-altamira-recorrieron-el-casco-historico-y-las-sedes-gubernamentales\/#primaryimage"},"image":{"@id":"https:\/\/noticiasmercedinas.com\/site\/2026\/04\/27\/turistas-por-un-dia-alumnos-de-la-ep-n-27-de-altamira-recorrieron-el-casco-historico-y-las-sedes-gubernamentales\/#primaryimage"},"thumbnailUrl":"https:\/\/noticiasmercedinas.com\/site\/wp-content\/uploads\/2026\/04\/IMG-20260427-WA0015.jpg","datePublished":"2026-04-27T14:34:02+00:00","dateModified":"2026-04-27T16:20:07+00:00","description":"A trav\u00e9s de un programa impulsado por la Direcci\u00f3n de Turismo, estudiantes rurales visitaron el Palacio Municipal y el Concejo Deliberante, donde fueron recibidos por el Intendente y legisladores de diversos bloques.","breadcrumb":{"@id":"https:\/\/noticiasmercedinas.com\/site\/2026\/04\/27\/turistas-por-un-dia-alumnos-de-la-ep-n-27-de-altamira-recorrieron-el-casco-historico-y-las-sedes-gubernamentales\/#breadcrumb"},"inLanguage":"es","potentialAction":[{"@type":"ReadAction","target":["https:\/\/noticiasmercedinas.com\/site\/2026\/04\/27\/turistas-por-un-dia-alumnos-de-la-ep-n-27-de-altamira-recorrieron-el-casco-historico-y-las-sedes-gubernamentales\/"]}]},{"@type":"ImageObject","inLanguage":"es","@id":"https:\/\/noticiasmercedinas.com\/site\/2026\/04\/27\/turistas-por-un-dia-alumnos-de-la-ep-n-27-de-altamira-recorrieron-el-casco-historico-y-las-sedes-gubernamentales\/#primaryimage","url":"https:\/\/noticiasmercedinas.com\/site\/wp-content\/uploads\/2026\/04\/IMG-20260427-WA0015.jpg","contentUrl":"https:\/\/noticiasmercedinas.com\/site\/wp-content\/uploads\/2026\/04\/IMG-20260427-WA0015.jpg","width":1599,"height":899},{"@type":"BreadcrumbList","@id":"https:\/\/noticiasmercedinas.com\/site\/2026\/04\/27\/turistas-por-un-dia-alumnos-de-la-ep-n-27-de-altamira-recorrieron-el-casco-historico-y-las-sedes-gubernamentales\/#breadcrumb","itemListElement":[{"@type":"ListItem","position":1,"name":"Portada","item":"https:\/\/noticiasmercedinas.com\/site\/"},{"@type":"ListItem","position":2,"name":"\u00abTuristas por un d\u00eda\u00bb: alumnos de la EP N\u00b0 27 de Altamira recorrieron el casco hist\u00f3rico y las sedes gubernamentales"}]},{"@type":"WebSite","@id":"https:\/\/noticiasmercedinas.com\/site\/#website","url":"https:\/\/noticiasmercedinas.com\/site\/","name":"NOTICIASMERCEDINAS.COM","description":"Mercedes, Buenos Aires, Argentina","publisher":{"@id":"https:\/\/noticiasmercedinas.com\/site\/#organization"},"potentialAction":[{"@type":"SearchAction","target":{"@type":"EntryPoint","urlTemplate":"https:\/\/noticiasmercedinas.com\/site\/?s={search_term_string}"},"query-input":{"@type":"PropertyValueSpecification","valueRequired":true,"valueName":"search_term_string"}}],"inLanguage":"es"},{"@type":"Organization","@id":"https:\/\/noticiasmercedinas.com\/site\/#organization","name":"NOTICIASMERCEDINAS.COM","url":"https:\/\/noticiasmercedinas.com\/site\/","logo":{"@type":"ImageObject","inLanguage":"es","@id":"https:\/\/noticiasmercedinas.com\/site\/#\/schema\/logo\/image\/","url":"https:\/\/noticiasmercedinas.com\/site\/wp-content\/uploads\/2020\/06\/LOGO-512.jpg","contentUrl":"https:\/\/noticiasmercedinas.com\/site\/wp-content\/uploads\/2020\/06\/LOGO-512.jpg","width":512,"height":512,"caption":"NOTICIASMERCEDINAS.COM"},"image":{"@id":"https:\/\/noticiasmercedinas.com\/site\/#\/schema\/logo\/image\/"},"sameAs":["https:\/\/www.facebook.com\/noticiasmercedinas\/","https:\/\/x.com\/notmercedinas","https:\/\/www.instagram.com\/noticiasmercedinas\/"]},{"@type":"Person","@id":"https:\/\/noticiasmercedinas.com\/site\/#\/schema\/person\/84b59c099c28ff2e8b77d4ceec5d8063","name":"NOTICIASMERCEDINAS.COM","image":{"@type":"ImageObject","inLanguage":"es","@id":"https:\/\/secure.gravatar.com\/avatar\/4dfbf16b4d17945bfb6341b2d19043457132fcf478a5ee04f42e959fd8f5df0a?s=96&d=mm&r=g","url":"https:\/\/secure.gravatar.com\/avatar\/4dfbf16b4d17945bfb6341b2d19043457132fcf478a5ee04f42e959fd8f5df0a?s=96&d=mm&r=g","contentUrl":"https:\/\/secure.gravatar.com\/avatar\/4dfbf16b4d17945bfb6341b2d19043457132fcf478a5ee04f42e959fd8f5df0a?s=96&d=mm&r=g","caption":"NOTICIASMERCEDINAS.COM"},"url":"https:\/\/noticiasmercedinas.com\/site\/author\/anonimo\/"}]}},"amp_enabled":true,"_links":{"self":[{"href":"https:\/\/noticiasmercedinas.com\/site\/wp-json\/wp\/v2\/posts\/185228","targetHints":{"allow":["GET"]}}],"collection":[{"href":"https:\/\/noticiasmercedinas.com\/site\/wp-json\/wp\/v2\/posts"}],"about":[{"href":"https:\/\/noticiasmercedinas.com\/site\/wp-json\/wp\/v2\/types\/post"}],"author":[{"embeddable":true,"href":"https:\/\/noticiasmercedinas.com\/site\/wp-json\/wp\/v2\/users\/16"}],"replies":[{"embeddable":true,"href":"https:\/\/noticiasmercedinas.com\/site\/wp-json\/wp\/v2\/comments?post=185228"}],"version-history":[{"count":5,"href":"https:\/\/noticiasmercedinas.com\/site\/wp-json\/wp\/v2\/posts\/185228\/revisions"}],"predecessor-version":[{"id":185251,"href":"https:\/\/noticiasmercedinas.com\/site\/wp-json\/wp\/v2\/posts\/185228\/revisions\/185251"}],"wp:featuredmedia":[{"embeddable":true,"href":"https:\/\/noticiasmercedinas.com\/site\/wp-json\/wp\/v2\/media\/185235"}],"wp:attachment":[{"href":"https:\/\/noticiasmercedinas.com\/site\/wp-json\/wp\/v2\/media?parent=185228"}],"wp:term":[{"taxonomy":"category","embeddable":true,"href":"https:\/\/noticiasmercedinas.com\/site\/wp-json\/wp\/v2\/categories?post=185228"},{"taxonomy":"post_tag","embeddable":true,"href":"https:\/\/noticiasmercedinas.com\/site\/wp-json\/wp\/v2\/tags?post=185228"}],"curies":[{"name":"wp","href":"https:\/\/api.w.org\/{rel}","templated":true}]}}