{"id":185252,"date":"2026-04-27T13:38:33","date_gmt":"2026-04-27T16:38:33","guid":{"rendered":"https:\/\/noticiasmercedinas.com\/site\/?p=185252"},"modified":"2026-04-27T13:38:33","modified_gmt":"2026-04-27T16:38:33","slug":"mambo-guru-llega-a-mercedes-con-su-gira-micelio-un-ritual-de-electronica-organica-y-raiz-latina","status":"publish","type":"post","link":"https:\/\/noticiasmercedinas.com\/site\/2026\/04\/27\/mambo-guru-llega-a-mercedes-con-su-gira-micelio-un-ritual-de-electronica-organica-y-raiz-latina\/","title":{"rendered":"Mambo Gur\u00fa llega a Mercedes con su \u00abGira Micelio\u00bb: un ritual de electr\u00f3nica org\u00e1nica y ra\u00edz latina"},"content":{"rendered":"<p data-path-to-node=\"5\"><img loading=\"lazy\" decoding=\"async\" class=\"alignnone size-full wp-image-185253\" src=\"https:\/\/noticiasmercedinas.com\/site\/wp-content\/uploads\/2026\/04\/mamboguru.jpg\" alt=\"\" width=\"796\" height=\"520\" srcset=\"https:\/\/noticiasmercedinas.com\/site\/wp-content\/uploads\/2026\/04\/mamboguru.jpg 796w, https:\/\/noticiasmercedinas.com\/site\/wp-content\/uploads\/2026\/04\/mamboguru-300x196.jpg 300w, https:\/\/noticiasmercedinas.com\/site\/wp-content\/uploads\/2026\/04\/mamboguru-768x502.jpg 768w, https:\/\/noticiasmercedinas.com\/site\/wp-content\/uploads\/2026\/04\/mamboguru-640x418.jpg 640w, https:\/\/noticiasmercedinas.com\/site\/wp-content\/uploads\/2026\/04\/mamboguru-681x445.jpg 681w\" sizes=\"auto, (max-width: 796px) 100vw, 796px\" \/><\/p>\n<p data-path-to-node=\"5\">En el marco de su ambiciosa gira por Sudam\u00e9rica, el d\u00fao argentino <b data-path-to-node=\"5\" data-index-in-node=\"78\">Mambo Gur\u00fa<\/b> desembarcar\u00e1 en Mercedes el pr\u00f3ximo <b data-path-to-node=\"5\" data-index-in-node=\"125\">s\u00e1bado 2 de mayo<\/b>.<\/p>\n<p data-path-to-node=\"5\">La propuesta, que tendr\u00e1 como escenario el centro cultural <b data-path-to-node=\"5\" data-index-in-node=\"202\">Casa Balero<\/b> (calle 26 esquina 23), invita a una experiencia inmersiva que combina la tecnolog\u00eda de la m\u00fasica electr\u00f3nica con la profundidad de los ritmos afro y las ra\u00edces latinoamericanas.<\/p>\n<p data-path-to-node=\"6\">Bajo el concepto de su \u00faltimo \u00e1lbum, <i data-path-to-node=\"6\" data-index-in-node=\"37\">Micelio<\/i> \u2014met\u00e1fora de la red invisible que conecta la vida bajo la tierra\u2014, el grupo propone un <b data-path-to-node=\"6\" data-index-in-node=\"132\">live electronic set<\/b> donde la m\u00fasica se construye en tiempo real mediante el uso de loops, sintetizadores, instrumentos ac\u00fasticos y voces, transformando la pista de baile en un espacio de conexi\u00f3n colectiva.<\/p>\n<p data-path-to-node=\"8\">La actividad comenzar\u00e1 temprano, a las <b data-path-to-node=\"8\" data-index-in-node=\"39\">17:00 horas<\/b>, con un seminario intensivo de dos horas titulado <b data-path-to-node=\"8\" data-index-in-node=\"101\">\u00abTaller de Canto y Expresi\u00f3n Aut\u00e9ntica\u00bb<\/b>.<\/p>\n<p data-path-to-node=\"8\">Coordinado por <b data-path-to-node=\"8\" data-index-in-node=\"157\">B\u00e1rbara Rodr\u00edguez<\/b>, el espacio busca que los participantes reconecten con su cuerpo, respiraci\u00f3n y voz como herramientas de bienestar y creaci\u00f3n.<\/p>\n<p data-path-to-node=\"9,0\">\u00abNo se trata de cantar &#8216;bien&#8217;, sino de sonar desde lo propio\u00bb, destacan los organizadores sobre esta experiencia grupal circular que propone liberar bloqueos y fomentar la escucha interna.<\/p>\n<h3 data-path-to-node=\"10\">El Show: Electr\u00f3nica de ra\u00edz y trasnoche<\/h3>\n<p data-path-to-node=\"11\">La velada musical principal iniciar\u00e1 a las <b data-path-to-node=\"11\" data-index-in-node=\"43\">23:00 horas<\/b>. El espect\u00e1culo de Mambo Gur\u00fa se posiciona como un \u00abritual contempor\u00e1neo\u00bb que busca reconectar con el territorio a trav\u00e9s del sonido.<\/p>\n<p data-path-to-node=\"11\">La noche se completar\u00e1 con una propuesta de <b data-path-to-node=\"11\" data-index-in-node=\"233\">trasnoche psicotropical<\/b>, que incluir\u00e1 un set de <b data-path-to-node=\"11\" data-index-in-node=\"281\">Reggaeton Old School<\/b> a cargo de <b data-path-to-node=\"11\" data-index-in-node=\"313\">Mr. Coque DJ<\/b>, extendiendo la celebraci\u00f3n hasta la madrugada.<\/p>\n<p data-path-to-node=\"11\">Tras su reciente despedida en Necochea, el d\u00fao inicia con esta gira un recorrido por diversos territorios del continente, consolid\u00e1ndose como uno de los proyectos de electr\u00f3nica org\u00e1nica m\u00e1s innovadores de la escena regional.<\/p>\n<h3 data-path-to-node=\"12\">Acceso y contribuci\u00f3n<\/h3>\n<p data-path-to-node=\"13\">En una apuesta por la accesibilidad y el fomento de la cultura independiente, la entrada al evento se regir\u00e1 bajo la modalidad de <b data-path-to-node=\"13\" data-index-in-node=\"130\">contribuci\u00f3n voluntaria consciente<\/b>, permitiendo que el p\u00fablico valore y sostenga el desarrollo de la gira internacional del proyecto.<\/p>\n<p data-path-to-node=\"17\"><b data-path-to-node=\"17\" data-index-in-node=\"0\">Ubicaci\u00f3n:<\/b> Casa Balero (Calle 26 esq. 23, Mercedes).<\/p>\n<p data-path-to-node=\"17\"><b data-path-to-node=\"17\" data-index-in-node=\"53\">Modalidad:<\/b> Contribuci\u00f3n voluntaria consciente.<\/p>\n<p data-path-to-node=\"17\"><img loading=\"lazy\" decoding=\"async\" class=\"alignnone size-full wp-image-185254\" src=\"https:\/\/noticiasmercedinas.com\/site\/wp-content\/uploads\/2026\/04\/WhatsApp-Image-2026-04-27-at-1.31.22-PM.jpeg\" alt=\"\" width=\"1080\" height=\"1347\" srcset=\"https:\/\/noticiasmercedinas.com\/site\/wp-content\/uploads\/2026\/04\/WhatsApp-Image-2026-04-27-at-1.31.22-PM.jpeg 1080w, https:\/\/noticiasmercedinas.com\/site\/wp-content\/uploads\/2026\/04\/WhatsApp-Image-2026-04-27-at-1.31.22-PM-241x300.jpeg 241w, https:\/\/noticiasmercedinas.com\/site\/wp-content\/uploads\/2026\/04\/WhatsApp-Image-2026-04-27-at-1.31.22-PM-821x1024.jpeg 821w, https:\/\/noticiasmercedinas.com\/site\/wp-content\/uploads\/2026\/04\/WhatsApp-Image-2026-04-27-at-1.31.22-PM-768x958.jpeg 768w, https:\/\/noticiasmercedinas.com\/site\/wp-content\/uploads\/2026\/04\/WhatsApp-Image-2026-04-27-at-1.31.22-PM-640x798.jpeg 640w, https:\/\/noticiasmercedinas.com\/site\/wp-content\/uploads\/2026\/04\/WhatsApp-Image-2026-04-27-at-1.31.22-PM-681x849.jpeg 681w\" sizes=\"auto, (max-width: 1080px) 100vw, 1080px\" \/><\/p>\n<p data-path-to-node=\"17\"><img loading=\"lazy\" decoding=\"async\" class=\"alignnone size-full wp-image-185255\" src=\"https:\/\/noticiasmercedinas.com\/site\/wp-content\/uploads\/2026\/04\/WhatsApp-Image-2026-04-27-at-1.31.23-PM.jpeg\" alt=\"\" width=\"1600\" height=\"956\" srcset=\"https:\/\/noticiasmercedinas.com\/site\/wp-content\/uploads\/2026\/04\/WhatsApp-Image-2026-04-27-at-1.31.23-PM.jpeg 1600w, https:\/\/noticiasmercedinas.com\/site\/wp-content\/uploads\/2026\/04\/WhatsApp-Image-2026-04-27-at-1.31.23-PM-300x179.jpeg 300w, https:\/\/noticiasmercedinas.com\/site\/wp-content\/uploads\/2026\/04\/WhatsApp-Image-2026-04-27-at-1.31.23-PM-1024x612.jpeg 1024w, https:\/\/noticiasmercedinas.com\/site\/wp-content\/uploads\/2026\/04\/WhatsApp-Image-2026-04-27-at-1.31.23-PM-768x459.jpeg 768w, https:\/\/noticiasmercedinas.com\/site\/wp-content\/uploads\/2026\/04\/WhatsApp-Image-2026-04-27-at-1.31.23-PM-1536x918.jpeg 1536w, https:\/\/noticiasmercedinas.com\/site\/wp-content\/uploads\/2026\/04\/WhatsApp-Image-2026-04-27-at-1.31.23-PM-640x382.jpeg 640w, https:\/\/noticiasmercedinas.com\/site\/wp-content\/uploads\/2026\/04\/WhatsApp-Image-2026-04-27-at-1.31.23-PM-1280x765.jpeg 1280w, https:\/\/noticiasmercedinas.com\/site\/wp-content\/uploads\/2026\/04\/WhatsApp-Image-2026-04-27-at-1.31.23-PM-681x407.jpeg 681w, https:\/\/noticiasmercedinas.com\/site\/wp-content\/uploads\/2026\/04\/WhatsApp-Image-2026-04-27-at-1.31.23-PM-1362x814.jpeg 1362w\" sizes=\"auto, (max-width: 1600px) 100vw, 1600px\" \/><\/p>\n<p data-path-to-node=\"19,0\">\n","protected":false},"excerpt":{"rendered":"<p>\u25a0\u00a0El proyecto radicado en Necochea se presentar\u00e1 este s\u00e1bado 2 de mayo en Casa Balero. La jornada incluir\u00e1 un taller de expresi\u00f3n vocal por la tarde y un show en vivo de \u00abtrasnoche psicotropical\u00bb.<\/p>\n","protected":false},"author":16,"featured_media":185253,"comment_status":"closed","ping_status":"closed","sticky":false,"template":"","format":"standard","meta":{"footnotes":""},"categories":[4],"tags":[1318,1874,22088,88],"class_list":["post-185252","post","type-post","status-publish","format-standard","has-post-thumbnail","hentry","category-cultura","tag-casa-balero","tag-electronica","tag-mambo-guru","tag-musica"],"yoast_head":"<!-- This site is optimized with the Yoast SEO plugin v27.4 - https:\/\/yoast.com\/product\/yoast-seo-wordpress\/ -->\n<title>Mambo Gur\u00fa llega a Mercedes con su &quot;Gira Micelio&quot;: un ritual de electr\u00f3nica org\u00e1nica y ra\u00edz latina<\/title>\n<meta name=\"description\" content=\"\u25a0\u00a0El proyecto radicado en Necochea se presentar\u00e1 este s\u00e1bado 2 de mayo en Casa Balero. La jornada incluir\u00e1 un taller de expresi\u00f3n vocal por la tarde y un show en vivo de &quot;trasnoche psicotropical&quot;.\" \/>\n<meta name=\"robots\" content=\"index, follow, max-snippet:-1, max-image-preview:large, max-video-preview:-1\" \/>\n<link rel=\"canonical\" href=\"https:\/\/noticiasmercedinas.com\/site\/2026\/04\/27\/mambo-guru-llega-a-mercedes-con-su-gira-micelio-un-ritual-de-electronica-organica-y-raiz-latina\/\" \/>\n<meta property=\"og:locale\" content=\"es_ES\" \/>\n<meta property=\"og:type\" content=\"article\" \/>\n<meta property=\"og:title\" content=\"Mambo Gur\u00fa llega a Mercedes con su &quot;Gira Micelio&quot;: un ritual de electr\u00f3nica org\u00e1nica y ra\u00edz latina\" \/>\n<meta property=\"og:description\" content=\"\u25a0\u00a0El proyecto radicado en Necochea se presentar\u00e1 este s\u00e1bado 2 de mayo en Casa Balero. La jornada incluir\u00e1 un taller de expresi\u00f3n vocal por la tarde y un show en vivo de &quot;trasnoche psicotropical&quot;.\" \/>\n<meta property=\"og:url\" content=\"https:\/\/noticiasmercedinas.com\/site\/2026\/04\/27\/mambo-guru-llega-a-mercedes-con-su-gira-micelio-un-ritual-de-electronica-organica-y-raiz-latina\/\" \/>\n<meta property=\"og:site_name\" content=\"NOTICIASMERCEDINAS.COM\" \/>\n<meta property=\"article:publisher\" content=\"https:\/\/www.facebook.com\/noticiasmercedinas\/\" \/>\n<meta property=\"article:published_time\" content=\"2026-04-27T16:38:33+00:00\" \/>\n<meta property=\"og:image\" content=\"https:\/\/noticiasmercedinas.com\/site\/wp-content\/uploads\/2026\/04\/mamboguru.jpg\" \/>\n\t<meta property=\"og:image:width\" content=\"796\" \/>\n\t<meta property=\"og:image:height\" content=\"520\" \/>\n\t<meta property=\"og:image:type\" content=\"image\/jpeg\" \/>\n<meta name=\"author\" content=\"NOTICIASMERCEDINAS.COM\" \/>\n<meta name=\"twitter:card\" content=\"summary_large_image\" \/>\n<meta name=\"twitter:creator\" content=\"@notmercedinas\" \/>\n<meta name=\"twitter:site\" content=\"@notmercedinas\" \/>\n<meta name=\"twitter:label1\" content=\"Escrito por\" \/>\n\t<meta name=\"twitter:data1\" content=\"NOTICIASMERCEDINAS.COM\" \/>\n\t<meta name=\"twitter:label2\" content=\"Tiempo de lectura\" \/>\n\t<meta name=\"twitter:data2\" content=\"3 minutos\" \/>\n<script type=\"application\/ld+json\" class=\"yoast-schema-graph\">{\"@context\":\"https:\\\/\\\/schema.org\",\"@graph\":[{\"@type\":\"Article\",\"@id\":\"https:\\\/\\\/noticiasmercedinas.com\\\/site\\\/2026\\\/04\\\/27\\\/mambo-guru-llega-a-mercedes-con-su-gira-micelio-un-ritual-de-electronica-organica-y-raiz-latina\\\/#article\",\"isPartOf\":{\"@id\":\"https:\\\/\\\/noticiasmercedinas.com\\\/site\\\/2026\\\/04\\\/27\\\/mambo-guru-llega-a-mercedes-con-su-gira-micelio-un-ritual-de-electronica-organica-y-raiz-latina\\\/\"},\"author\":{\"name\":\"NOTICIASMERCEDINAS.COM\",\"@id\":\"https:\\\/\\\/noticiasmercedinas.com\\\/site\\\/#\\\/schema\\\/person\\\/84b59c099c28ff2e8b77d4ceec5d8063\"},\"headline\":\"Mambo Gur\u00fa llega a Mercedes con su \u00abGira Micelio\u00bb: un ritual de electr\u00f3nica org\u00e1nica y ra\u00edz latina\",\"datePublished\":\"2026-04-27T16:38:33+00:00\",\"mainEntityOfPage\":{\"@id\":\"https:\\\/\\\/noticiasmercedinas.com\\\/site\\\/2026\\\/04\\\/27\\\/mambo-guru-llega-a-mercedes-con-su-gira-micelio-un-ritual-de-electronica-organica-y-raiz-latina\\\/\"},\"wordCount\":396,\"publisher\":{\"@id\":\"https:\\\/\\\/noticiasmercedinas.com\\\/site\\\/#organization\"},\"image\":{\"@id\":\"https:\\\/\\\/noticiasmercedinas.com\\\/site\\\/2026\\\/04\\\/27\\\/mambo-guru-llega-a-mercedes-con-su-gira-micelio-un-ritual-de-electronica-organica-y-raiz-latina\\\/#primaryimage\"},\"thumbnailUrl\":\"https:\\\/\\\/noticiasmercedinas.com\\\/site\\\/wp-content\\\/uploads\\\/2026\\\/04\\\/mamboguru.jpg\",\"keywords\":[\"casa balero\",\"electr\u00f3nica\",\"mambo guru\",\"musica\"],\"articleSection\":[\"Cultura\"],\"inLanguage\":\"es\"},{\"@type\":\"WebPage\",\"@id\":\"https:\\\/\\\/noticiasmercedinas.com\\\/site\\\/2026\\\/04\\\/27\\\/mambo-guru-llega-a-mercedes-con-su-gira-micelio-un-ritual-de-electronica-organica-y-raiz-latina\\\/\",\"url\":\"https:\\\/\\\/noticiasmercedinas.com\\\/site\\\/2026\\\/04\\\/27\\\/mambo-guru-llega-a-mercedes-con-su-gira-micelio-un-ritual-de-electronica-organica-y-raiz-latina\\\/\",\"name\":\"Mambo Gur\u00fa llega a Mercedes con su \\\"Gira Micelio\\\": un ritual de electr\u00f3nica org\u00e1nica y ra\u00edz latina\",\"isPartOf\":{\"@id\":\"https:\\\/\\\/noticiasmercedinas.com\\\/site\\\/#website\"},\"primaryImageOfPage\":{\"@id\":\"https:\\\/\\\/noticiasmercedinas.com\\\/site\\\/2026\\\/04\\\/27\\\/mambo-guru-llega-a-mercedes-con-su-gira-micelio-un-ritual-de-electronica-organica-y-raiz-latina\\\/#primaryimage\"},\"image\":{\"@id\":\"https:\\\/\\\/noticiasmercedinas.com\\\/site\\\/2026\\\/04\\\/27\\\/mambo-guru-llega-a-mercedes-con-su-gira-micelio-un-ritual-de-electronica-organica-y-raiz-latina\\\/#primaryimage\"},\"thumbnailUrl\":\"https:\\\/\\\/noticiasmercedinas.com\\\/site\\\/wp-content\\\/uploads\\\/2026\\\/04\\\/mamboguru.jpg\",\"datePublished\":\"2026-04-27T16:38:33+00:00\",\"description\":\"\u25a0\u00a0El proyecto radicado en Necochea se presentar\u00e1 este s\u00e1bado 2 de mayo en Casa Balero. La jornada incluir\u00e1 un taller de expresi\u00f3n vocal por la tarde y un show en vivo de \\\"trasnoche psicotropical\\\".\",\"breadcrumb\":{\"@id\":\"https:\\\/\\\/noticiasmercedinas.com\\\/site\\\/2026\\\/04\\\/27\\\/mambo-guru-llega-a-mercedes-con-su-gira-micelio-un-ritual-de-electronica-organica-y-raiz-latina\\\/#breadcrumb\"},\"inLanguage\":\"es\",\"potentialAction\":[{\"@type\":\"ReadAction\",\"target\":[\"https:\\\/\\\/noticiasmercedinas.com\\\/site\\\/2026\\\/04\\\/27\\\/mambo-guru-llega-a-mercedes-con-su-gira-micelio-un-ritual-de-electronica-organica-y-raiz-latina\\\/\"]}]},{\"@type\":\"ImageObject\",\"inLanguage\":\"es\",\"@id\":\"https:\\\/\\\/noticiasmercedinas.com\\\/site\\\/2026\\\/04\\\/27\\\/mambo-guru-llega-a-mercedes-con-su-gira-micelio-un-ritual-de-electronica-organica-y-raiz-latina\\\/#primaryimage\",\"url\":\"https:\\\/\\\/noticiasmercedinas.com\\\/site\\\/wp-content\\\/uploads\\\/2026\\\/04\\\/mamboguru.jpg\",\"contentUrl\":\"https:\\\/\\\/noticiasmercedinas.com\\\/site\\\/wp-content\\\/uploads\\\/2026\\\/04\\\/mamboguru.jpg\",\"width\":796,\"height\":520},{\"@type\":\"BreadcrumbList\",\"@id\":\"https:\\\/\\\/noticiasmercedinas.com\\\/site\\\/2026\\\/04\\\/27\\\/mambo-guru-llega-a-mercedes-con-su-gira-micelio-un-ritual-de-electronica-organica-y-raiz-latina\\\/#breadcrumb\",\"itemListElement\":[{\"@type\":\"ListItem\",\"position\":1,\"name\":\"Portada\",\"item\":\"https:\\\/\\\/noticiasmercedinas.com\\\/site\\\/\"},{\"@type\":\"ListItem\",\"position\":2,\"name\":\"Mambo Gur\u00fa llega a Mercedes con su \u00abGira Micelio\u00bb: un ritual de electr\u00f3nica org\u00e1nica y ra\u00edz latina\"}]},{\"@type\":\"WebSite\",\"@id\":\"https:\\\/\\\/noticiasmercedinas.com\\\/site\\\/#website\",\"url\":\"https:\\\/\\\/noticiasmercedinas.com\\\/site\\\/\",\"name\":\"NOTICIASMERCEDINAS.COM\",\"description\":\"Mercedes, Buenos Aires, Argentina\",\"publisher\":{\"@id\":\"https:\\\/\\\/noticiasmercedinas.com\\\/site\\\/#organization\"},\"potentialAction\":[{\"@type\":\"SearchAction\",\"target\":{\"@type\":\"EntryPoint\",\"urlTemplate\":\"https:\\\/\\\/noticiasmercedinas.com\\\/site\\\/?s={search_term_string}\"},\"query-input\":{\"@type\":\"PropertyValueSpecification\",\"valueRequired\":true,\"valueName\":\"search_term_string\"}}],\"inLanguage\":\"es\"},{\"@type\":\"Organization\",\"@id\":\"https:\\\/\\\/noticiasmercedinas.com\\\/site\\\/#organization\",\"name\":\"NOTICIASMERCEDINAS.COM\",\"url\":\"https:\\\/\\\/noticiasmercedinas.com\\\/site\\\/\",\"logo\":{\"@type\":\"ImageObject\",\"inLanguage\":\"es\",\"@id\":\"https:\\\/\\\/noticiasmercedinas.com\\\/site\\\/#\\\/schema\\\/logo\\\/image\\\/\",\"url\":\"https:\\\/\\\/noticiasmercedinas.com\\\/site\\\/wp-content\\\/uploads\\\/2020\\\/06\\\/LOGO-512.jpg\",\"contentUrl\":\"https:\\\/\\\/noticiasmercedinas.com\\\/site\\\/wp-content\\\/uploads\\\/2020\\\/06\\\/LOGO-512.jpg\",\"width\":512,\"height\":512,\"caption\":\"NOTICIASMERCEDINAS.COM\"},\"image\":{\"@id\":\"https:\\\/\\\/noticiasmercedinas.com\\\/site\\\/#\\\/schema\\\/logo\\\/image\\\/\"},\"sameAs\":[\"https:\\\/\\\/www.facebook.com\\\/noticiasmercedinas\\\/\",\"https:\\\/\\\/x.com\\\/notmercedinas\",\"https:\\\/\\\/www.instagram.com\\\/noticiasmercedinas\\\/\"]},{\"@type\":\"Person\",\"@id\":\"https:\\\/\\\/noticiasmercedinas.com\\\/site\\\/#\\\/schema\\\/person\\\/84b59c099c28ff2e8b77d4ceec5d8063\",\"name\":\"NOTICIASMERCEDINAS.COM\",\"image\":{\"@type\":\"ImageObject\",\"inLanguage\":\"es\",\"@id\":\"https:\\\/\\\/secure.gravatar.com\\\/avatar\\\/4dfbf16b4d17945bfb6341b2d19043457132fcf478a5ee04f42e959fd8f5df0a?s=96&d=mm&r=g\",\"url\":\"https:\\\/\\\/secure.gravatar.com\\\/avatar\\\/4dfbf16b4d17945bfb6341b2d19043457132fcf478a5ee04f42e959fd8f5df0a?s=96&d=mm&r=g\",\"contentUrl\":\"https:\\\/\\\/secure.gravatar.com\\\/avatar\\\/4dfbf16b4d17945bfb6341b2d19043457132fcf478a5ee04f42e959fd8f5df0a?s=96&d=mm&r=g\",\"caption\":\"NOTICIASMERCEDINAS.COM\"},\"url\":\"https:\\\/\\\/noticiasmercedinas.com\\\/site\\\/author\\\/anonimo\\\/\"}]}<\/script>\n<!-- \/ Yoast SEO plugin. -->","yoast_head_json":{"title":"Mambo Gur\u00fa llega a Mercedes con su \"Gira Micelio\": un ritual de electr\u00f3nica org\u00e1nica y ra\u00edz latina","description":"\u25a0\u00a0El proyecto radicado en Necochea se presentar\u00e1 este s\u00e1bado 2 de mayo en Casa Balero. La jornada incluir\u00e1 un taller de expresi\u00f3n vocal por la tarde y un show en vivo de \"trasnoche psicotropical\".","robots":{"index":"index","follow":"follow","max-snippet":"max-snippet:-1","max-image-preview":"max-image-preview:large","max-video-preview":"max-video-preview:-1"},"canonical":"https:\/\/noticiasmercedinas.com\/site\/2026\/04\/27\/mambo-guru-llega-a-mercedes-con-su-gira-micelio-un-ritual-de-electronica-organica-y-raiz-latina\/","og_locale":"es_ES","og_type":"article","og_title":"Mambo Gur\u00fa llega a Mercedes con su \"Gira Micelio\": un ritual de electr\u00f3nica org\u00e1nica y ra\u00edz latina","og_description":"\u25a0\u00a0El proyecto radicado en Necochea se presentar\u00e1 este s\u00e1bado 2 de mayo en Casa Balero. La jornada incluir\u00e1 un taller de expresi\u00f3n vocal por la tarde y un show en vivo de \"trasnoche psicotropical\".","og_url":"https:\/\/noticiasmercedinas.com\/site\/2026\/04\/27\/mambo-guru-llega-a-mercedes-con-su-gira-micelio-un-ritual-de-electronica-organica-y-raiz-latina\/","og_site_name":"NOTICIASMERCEDINAS.COM","article_publisher":"https:\/\/www.facebook.com\/noticiasmercedinas\/","article_published_time":"2026-04-27T16:38:33+00:00","og_image":[{"width":796,"height":520,"url":"https:\/\/noticiasmercedinas.com\/site\/wp-content\/uploads\/2026\/04\/mamboguru.jpg","type":"image\/jpeg"}],"author":"NOTICIASMERCEDINAS.COM","twitter_card":"summary_large_image","twitter_creator":"@notmercedinas","twitter_site":"@notmercedinas","twitter_misc":{"Escrito por":"NOTICIASMERCEDINAS.COM","Tiempo de lectura":"3 minutos"},"schema":{"@context":"https:\/\/schema.org","@graph":[{"@type":"Article","@id":"https:\/\/noticiasmercedinas.com\/site\/2026\/04\/27\/mambo-guru-llega-a-mercedes-con-su-gira-micelio-un-ritual-de-electronica-organica-y-raiz-latina\/#article","isPartOf":{"@id":"https:\/\/noticiasmercedinas.com\/site\/2026\/04\/27\/mambo-guru-llega-a-mercedes-con-su-gira-micelio-un-ritual-de-electronica-organica-y-raiz-latina\/"},"author":{"name":"NOTICIASMERCEDINAS.COM","@id":"https:\/\/noticiasmercedinas.com\/site\/#\/schema\/person\/84b59c099c28ff2e8b77d4ceec5d8063"},"headline":"Mambo Gur\u00fa llega a Mercedes con su \u00abGira Micelio\u00bb: un ritual de electr\u00f3nica org\u00e1nica y ra\u00edz latina","datePublished":"2026-04-27T16:38:33+00:00","mainEntityOfPage":{"@id":"https:\/\/noticiasmercedinas.com\/site\/2026\/04\/27\/mambo-guru-llega-a-mercedes-con-su-gira-micelio-un-ritual-de-electronica-organica-y-raiz-latina\/"},"wordCount":396,"publisher":{"@id":"https:\/\/noticiasmercedinas.com\/site\/#organization"},"image":{"@id":"https:\/\/noticiasmercedinas.com\/site\/2026\/04\/27\/mambo-guru-llega-a-mercedes-con-su-gira-micelio-un-ritual-de-electronica-organica-y-raiz-latina\/#primaryimage"},"thumbnailUrl":"https:\/\/noticiasmercedinas.com\/site\/wp-content\/uploads\/2026\/04\/mamboguru.jpg","keywords":["casa balero","electr\u00f3nica","mambo guru","musica"],"articleSection":["Cultura"],"inLanguage":"es"},{"@type":"WebPage","@id":"https:\/\/noticiasmercedinas.com\/site\/2026\/04\/27\/mambo-guru-llega-a-mercedes-con-su-gira-micelio-un-ritual-de-electronica-organica-y-raiz-latina\/","url":"https:\/\/noticiasmercedinas.com\/site\/2026\/04\/27\/mambo-guru-llega-a-mercedes-con-su-gira-micelio-un-ritual-de-electronica-organica-y-raiz-latina\/","name":"Mambo Gur\u00fa llega a Mercedes con su \"Gira Micelio\": un ritual de electr\u00f3nica org\u00e1nica y ra\u00edz latina","isPartOf":{"@id":"https:\/\/noticiasmercedinas.com\/site\/#website"},"primaryImageOfPage":{"@id":"https:\/\/noticiasmercedinas.com\/site\/2026\/04\/27\/mambo-guru-llega-a-mercedes-con-su-gira-micelio-un-ritual-de-electronica-organica-y-raiz-latina\/#primaryimage"},"image":{"@id":"https:\/\/noticiasmercedinas.com\/site\/2026\/04\/27\/mambo-guru-llega-a-mercedes-con-su-gira-micelio-un-ritual-de-electronica-organica-y-raiz-latina\/#primaryimage"},"thumbnailUrl":"https:\/\/noticiasmercedinas.com\/site\/wp-content\/uploads\/2026\/04\/mamboguru.jpg","datePublished":"2026-04-27T16:38:33+00:00","description":"\u25a0\u00a0El proyecto radicado en Necochea se presentar\u00e1 este s\u00e1bado 2 de mayo en Casa Balero. La jornada incluir\u00e1 un taller de expresi\u00f3n vocal por la tarde y un show en vivo de \"trasnoche psicotropical\".","breadcrumb":{"@id":"https:\/\/noticiasmercedinas.com\/site\/2026\/04\/27\/mambo-guru-llega-a-mercedes-con-su-gira-micelio-un-ritual-de-electronica-organica-y-raiz-latina\/#breadcrumb"},"inLanguage":"es","potentialAction":[{"@type":"ReadAction","target":["https:\/\/noticiasmercedinas.com\/site\/2026\/04\/27\/mambo-guru-llega-a-mercedes-con-su-gira-micelio-un-ritual-de-electronica-organica-y-raiz-latina\/"]}]},{"@type":"ImageObject","inLanguage":"es","@id":"https:\/\/noticiasmercedinas.com\/site\/2026\/04\/27\/mambo-guru-llega-a-mercedes-con-su-gira-micelio-un-ritual-de-electronica-organica-y-raiz-latina\/#primaryimage","url":"https:\/\/noticiasmercedinas.com\/site\/wp-content\/uploads\/2026\/04\/mamboguru.jpg","contentUrl":"https:\/\/noticiasmercedinas.com\/site\/wp-content\/uploads\/2026\/04\/mamboguru.jpg","width":796,"height":520},{"@type":"BreadcrumbList","@id":"https:\/\/noticiasmercedinas.com\/site\/2026\/04\/27\/mambo-guru-llega-a-mercedes-con-su-gira-micelio-un-ritual-de-electronica-organica-y-raiz-latina\/#breadcrumb","itemListElement":[{"@type":"ListItem","position":1,"name":"Portada","item":"https:\/\/noticiasmercedinas.com\/site\/"},{"@type":"ListItem","position":2,"name":"Mambo Gur\u00fa llega a Mercedes con su \u00abGira Micelio\u00bb: un ritual de electr\u00f3nica org\u00e1nica y ra\u00edz latina"}]},{"@type":"WebSite","@id":"https:\/\/noticiasmercedinas.com\/site\/#website","url":"https:\/\/noticiasmercedinas.com\/site\/","name":"NOTICIASMERCEDINAS.COM","description":"Mercedes, Buenos Aires, Argentina","publisher":{"@id":"https:\/\/noticiasmercedinas.com\/site\/#organization"},"potentialAction":[{"@type":"SearchAction","target":{"@type":"EntryPoint","urlTemplate":"https:\/\/noticiasmercedinas.com\/site\/?s={search_term_string}"},"query-input":{"@type":"PropertyValueSpecification","valueRequired":true,"valueName":"search_term_string"}}],"inLanguage":"es"},{"@type":"Organization","@id":"https:\/\/noticiasmercedinas.com\/site\/#organization","name":"NOTICIASMERCEDINAS.COM","url":"https:\/\/noticiasmercedinas.com\/site\/","logo":{"@type":"ImageObject","inLanguage":"es","@id":"https:\/\/noticiasmercedinas.com\/site\/#\/schema\/logo\/image\/","url":"https:\/\/noticiasmercedinas.com\/site\/wp-content\/uploads\/2020\/06\/LOGO-512.jpg","contentUrl":"https:\/\/noticiasmercedinas.com\/site\/wp-content\/uploads\/2020\/06\/LOGO-512.jpg","width":512,"height":512,"caption":"NOTICIASMERCEDINAS.COM"},"image":{"@id":"https:\/\/noticiasmercedinas.com\/site\/#\/schema\/logo\/image\/"},"sameAs":["https:\/\/www.facebook.com\/noticiasmercedinas\/","https:\/\/x.com\/notmercedinas","https:\/\/www.instagram.com\/noticiasmercedinas\/"]},{"@type":"Person","@id":"https:\/\/noticiasmercedinas.com\/site\/#\/schema\/person\/84b59c099c28ff2e8b77d4ceec5d8063","name":"NOTICIASMERCEDINAS.COM","image":{"@type":"ImageObject","inLanguage":"es","@id":"https:\/\/secure.gravatar.com\/avatar\/4dfbf16b4d17945bfb6341b2d19043457132fcf478a5ee04f42e959fd8f5df0a?s=96&d=mm&r=g","url":"https:\/\/secure.gravatar.com\/avatar\/4dfbf16b4d17945bfb6341b2d19043457132fcf478a5ee04f42e959fd8f5df0a?s=96&d=mm&r=g","contentUrl":"https:\/\/secure.gravatar.com\/avatar\/4dfbf16b4d17945bfb6341b2d19043457132fcf478a5ee04f42e959fd8f5df0a?s=96&d=mm&r=g","caption":"NOTICIASMERCEDINAS.COM"},"url":"https:\/\/noticiasmercedinas.com\/site\/author\/anonimo\/"}]}},"amp_enabled":true,"_links":{"self":[{"href":"https:\/\/noticiasmercedinas.com\/site\/wp-json\/wp\/v2\/posts\/185252","targetHints":{"allow":["GET"]}}],"collection":[{"href":"https:\/\/noticiasmercedinas.com\/site\/wp-json\/wp\/v2\/posts"}],"about":[{"href":"https:\/\/noticiasmercedinas.com\/site\/wp-json\/wp\/v2\/types\/post"}],"author":[{"embeddable":true,"href":"https:\/\/noticiasmercedinas.com\/site\/wp-json\/wp\/v2\/users\/16"}],"replies":[{"embeddable":true,"href":"https:\/\/noticiasmercedinas.com\/site\/wp-json\/wp\/v2\/comments?post=185252"}],"version-history":[{"count":1,"href":"https:\/\/noticiasmercedinas.com\/site\/wp-json\/wp\/v2\/posts\/185252\/revisions"}],"predecessor-version":[{"id":185256,"href":"https:\/\/noticiasmercedinas.com\/site\/wp-json\/wp\/v2\/posts\/185252\/revisions\/185256"}],"wp:featuredmedia":[{"embeddable":true,"href":"https:\/\/noticiasmercedinas.com\/site\/wp-json\/wp\/v2\/media\/185253"}],"wp:attachment":[{"href":"https:\/\/noticiasmercedinas.com\/site\/wp-json\/wp\/v2\/media?parent=185252"}],"wp:term":[{"taxonomy":"category","embeddable":true,"href":"https:\/\/noticiasmercedinas.com\/site\/wp-json\/wp\/v2\/categories?post=185252"},{"taxonomy":"post_tag","embeddable":true,"href":"https:\/\/noticiasmercedinas.com\/site\/wp-json\/wp\/v2\/tags?post=185252"}],"curies":[{"name":"wp","href":"https:\/\/api.w.org\/{rel}","templated":true}]}}