{"id":185257,"date":"2026-04-27T15:47:07","date_gmt":"2026-04-27T18:47:07","guid":{"rendered":"https:\/\/noticiasmercedinas.com\/site\/?p=185257"},"modified":"2026-04-27T15:47:07","modified_gmt":"2026-04-27T18:47:07","slug":"marcela-cueto-inaugura-jardines-interiores-una-apuesta-a-la-sensibilidad-en-la-asociacion-medica","status":"publish","type":"post","link":"https:\/\/noticiasmercedinas.com\/site\/2026\/04\/27\/marcela-cueto-inaugura-jardines-interiores-una-apuesta-a-la-sensibilidad-en-la-asociacion-medica\/","title":{"rendered":"Marcela Cueto inaugura \u00abJardines interiores\u00bb: una apuesta a la sensibilidad en la Asociaci\u00f3n M\u00e9dica"},"content":{"rendered":"<p><img loading=\"lazy\" decoding=\"async\" class=\"alignnone size-full wp-image-185267\" src=\"https:\/\/noticiasmercedinas.com\/site\/wp-content\/uploads\/2026\/04\/cueto.jpg\" alt=\"\" width=\"640\" height=\"400\" srcset=\"https:\/\/noticiasmercedinas.com\/site\/wp-content\/uploads\/2026\/04\/cueto.jpg 640w, https:\/\/noticiasmercedinas.com\/site\/wp-content\/uploads\/2026\/04\/cueto-300x188.jpg 300w\" sizes=\"auto, (max-width: 640px) 100vw, 640px\" \/><\/p>\n<p>Se viene la apertura de \u00abJardines interiores\u00bb, nueva exposici\u00f3n de la artista pl\u00e1stica Marcela Cueto. La inauguraci\u00f3n tendr\u00e1 lugar el jueves 7 de mayo a las 20:00 horas en la sede de la Asociaci\u00f3n M\u00e9dica de Mercedes, ubicada en calle 27 N\u00b0 733.<\/p>\n<p>La presentaci\u00f3n oficial estar\u00e1 a cargo de la docente y comunicadora Susana Spano, quien acompa\u00f1ar\u00e1 la apertura de esta colecci\u00f3n de trabajos recientes. Tras la inauguraci\u00f3n, la muestra permanecer\u00e1 abierta al p\u00fablico los d\u00edas viernes 8, s\u00e1bado 9 y domingo 10 de mayo, en el horario de 18:00 a 20:00 horas.<\/p>\n<p>Para Cueto, \u00abJardines interiores\u00bb no es solo una representaci\u00f3n de la flora, sino un espacio intermedio donde lo exterior se convierte en proyecci\u00f3n y lo interior adquiere una forma visible. La artista propone el paisaje como una extensi\u00f3n del pensamiento, construido desde una posici\u00f3n perceptiva que involucra al cuerpo, la mirada y los materiales.<\/p>\n<p>En sus obras, el horizonte y la distancia no son ilusiones aut\u00f3nomas, sino el resultado de una experiencia directa con la naturaleza. El objetivo de la pintora es generar en el espectador una \u00abresonancia ambigua\u00bb, una invitaci\u00f3n a involucrarse activamente con la obra a trav\u00e9s del interrogante y la percepci\u00f3n.<\/p>\n<p><strong>Un hilo conductor tras la pandemia<\/strong><br \/>\nLa muestra se caracteriza por la interconexi\u00f3n de series que conviven y se retroalimentan. Cueto identifica denominadores comunes en su producci\u00f3n reciente que se remontan al periodo de la pandemia:<\/p>\n<ul>\n<li>La naturaleza: Como eje central y fuente de inspiraci\u00f3n constante.<\/li>\n<li>Los objetos: Elementos que dialogan con el entorno.<\/li>\n<li>La ausencia de la figura humana: Un recurso que potencia la atm\u00f3sfera introspectiva y el protagonismo del entorno natural.<\/li>\n<\/ul>\n<p>Con esta exposici\u00f3n, la Asociaci\u00f3n M\u00e9dica de Mercedes refuerza su tradici\u00f3n de ser un espacio de encuentro para la cultura. Al albergar las obras in\u00e9ditas de Cueto, la instituci\u00f3n no solo cumple su funci\u00f3n profesional, sino que se posiciona como un promotor clave de la identidad art\u00edstica local.<\/p>\n","protected":false},"excerpt":{"rendered":"<p>\u25a0 La muestra, compuesta por obras in\u00e9ditas, se presentar\u00e1 el pr\u00f3ximo jueves 7 de mayo. Con este evento, la instituci\u00f3n retoma su agenda cultural abierta a la comunidad mercedina.<\/p>\n","protected":false},"author":16,"featured_media":185267,"comment_status":"closed","ping_status":"closed","sticky":false,"template":"","format":"standard","meta":{"footnotes":""},"categories":[4],"tags":[190,9543,617],"class_list":["post-185257","post","type-post","status-publish","format-standard","has-post-thumbnail","hentry","category-cultura","tag-arte","tag-asociacion-medica-de-mercedes","tag-marcela-cueto"],"yoast_head":"<!-- This site is optimized with the Yoast SEO plugin v27.4 - https:\/\/yoast.com\/product\/yoast-seo-wordpress\/ -->\n<title>Marcela Cueto inaugura &quot;Jardines interiores&quot;: una apuesta a la sensibilidad en la Asociaci\u00f3n M\u00e9dica<\/title>\n<meta name=\"description\" content=\"La muestra, compuesta por obras in\u00e9ditas, se presentar\u00e1 el pr\u00f3ximo jueves 7 de mayo. Con este evento, la instituci\u00f3n retoma su agenda cultural abierta a la comunidad mercedina.\" \/>\n<meta name=\"robots\" content=\"index, follow, max-snippet:-1, max-image-preview:large, max-video-preview:-1\" \/>\n<link rel=\"canonical\" href=\"https:\/\/noticiasmercedinas.com\/site\/2026\/04\/27\/marcela-cueto-inaugura-jardines-interiores-una-apuesta-a-la-sensibilidad-en-la-asociacion-medica\/\" \/>\n<meta property=\"og:locale\" content=\"es_ES\" \/>\n<meta property=\"og:type\" content=\"article\" \/>\n<meta property=\"og:title\" content=\"Marcela Cueto inaugura &quot;Jardines interiores&quot;: una apuesta a la sensibilidad en la Asociaci\u00f3n M\u00e9dica\" \/>\n<meta property=\"og:description\" content=\"La muestra, compuesta por obras in\u00e9ditas, se presentar\u00e1 el pr\u00f3ximo jueves 7 de mayo. Con este evento, la instituci\u00f3n retoma su agenda cultural abierta a la comunidad mercedina.\" \/>\n<meta property=\"og:url\" content=\"https:\/\/noticiasmercedinas.com\/site\/2026\/04\/27\/marcela-cueto-inaugura-jardines-interiores-una-apuesta-a-la-sensibilidad-en-la-asociacion-medica\/\" \/>\n<meta property=\"og:site_name\" content=\"NOTICIASMERCEDINAS.COM\" \/>\n<meta property=\"article:publisher\" content=\"https:\/\/www.facebook.com\/noticiasmercedinas\/\" \/>\n<meta property=\"article:published_time\" content=\"2026-04-27T18:47:07+00:00\" \/>\n<meta property=\"og:image\" content=\"https:\/\/noticiasmercedinas.com\/site\/wp-content\/uploads\/2026\/04\/cueto.jpg\" \/>\n\t<meta property=\"og:image:width\" content=\"640\" \/>\n\t<meta property=\"og:image:height\" content=\"400\" \/>\n\t<meta property=\"og:image:type\" content=\"image\/jpeg\" \/>\n<meta name=\"author\" content=\"NOTICIASMERCEDINAS.COM\" \/>\n<meta name=\"twitter:card\" content=\"summary_large_image\" \/>\n<meta name=\"twitter:creator\" content=\"@notmercedinas\" \/>\n<meta name=\"twitter:site\" content=\"@notmercedinas\" \/>\n<meta name=\"twitter:label1\" content=\"Escrito por\" \/>\n\t<meta name=\"twitter:data1\" content=\"NOTICIASMERCEDINAS.COM\" \/>\n\t<meta name=\"twitter:label2\" content=\"Tiempo de lectura\" \/>\n\t<meta name=\"twitter:data2\" content=\"2 minutos\" \/>\n<script type=\"application\/ld+json\" class=\"yoast-schema-graph\">{\"@context\":\"https:\\\/\\\/schema.org\",\"@graph\":[{\"@type\":\"Article\",\"@id\":\"https:\\\/\\\/noticiasmercedinas.com\\\/site\\\/2026\\\/04\\\/27\\\/marcela-cueto-inaugura-jardines-interiores-una-apuesta-a-la-sensibilidad-en-la-asociacion-medica\\\/#article\",\"isPartOf\":{\"@id\":\"https:\\\/\\\/noticiasmercedinas.com\\\/site\\\/2026\\\/04\\\/27\\\/marcela-cueto-inaugura-jardines-interiores-una-apuesta-a-la-sensibilidad-en-la-asociacion-medica\\\/\"},\"author\":{\"name\":\"NOTICIASMERCEDINAS.COM\",\"@id\":\"https:\\\/\\\/noticiasmercedinas.com\\\/site\\\/#\\\/schema\\\/person\\\/84b59c099c28ff2e8b77d4ceec5d8063\"},\"headline\":\"Marcela Cueto inaugura \u00abJardines interiores\u00bb: una apuesta a la sensibilidad en la Asociaci\u00f3n M\u00e9dica\",\"datePublished\":\"2026-04-27T18:47:07+00:00\",\"mainEntityOfPage\":{\"@id\":\"https:\\\/\\\/noticiasmercedinas.com\\\/site\\\/2026\\\/04\\\/27\\\/marcela-cueto-inaugura-jardines-interiores-una-apuesta-a-la-sensibilidad-en-la-asociacion-medica\\\/\"},\"wordCount\":358,\"publisher\":{\"@id\":\"https:\\\/\\\/noticiasmercedinas.com\\\/site\\\/#organization\"},\"image\":{\"@id\":\"https:\\\/\\\/noticiasmercedinas.com\\\/site\\\/2026\\\/04\\\/27\\\/marcela-cueto-inaugura-jardines-interiores-una-apuesta-a-la-sensibilidad-en-la-asociacion-medica\\\/#primaryimage\"},\"thumbnailUrl\":\"https:\\\/\\\/noticiasmercedinas.com\\\/site\\\/wp-content\\\/uploads\\\/2026\\\/04\\\/cueto.jpg\",\"keywords\":[\"arte\",\"Asociaci\u00f3n M\u00e9dica de Mercedes\",\"Marcela Cueto\"],\"articleSection\":[\"Cultura\"],\"inLanguage\":\"es\"},{\"@type\":\"WebPage\",\"@id\":\"https:\\\/\\\/noticiasmercedinas.com\\\/site\\\/2026\\\/04\\\/27\\\/marcela-cueto-inaugura-jardines-interiores-una-apuesta-a-la-sensibilidad-en-la-asociacion-medica\\\/\",\"url\":\"https:\\\/\\\/noticiasmercedinas.com\\\/site\\\/2026\\\/04\\\/27\\\/marcela-cueto-inaugura-jardines-interiores-una-apuesta-a-la-sensibilidad-en-la-asociacion-medica\\\/\",\"name\":\"Marcela Cueto inaugura \\\"Jardines interiores\\\": una apuesta a la sensibilidad en la Asociaci\u00f3n M\u00e9dica\",\"isPartOf\":{\"@id\":\"https:\\\/\\\/noticiasmercedinas.com\\\/site\\\/#website\"},\"primaryImageOfPage\":{\"@id\":\"https:\\\/\\\/noticiasmercedinas.com\\\/site\\\/2026\\\/04\\\/27\\\/marcela-cueto-inaugura-jardines-interiores-una-apuesta-a-la-sensibilidad-en-la-asociacion-medica\\\/#primaryimage\"},\"image\":{\"@id\":\"https:\\\/\\\/noticiasmercedinas.com\\\/site\\\/2026\\\/04\\\/27\\\/marcela-cueto-inaugura-jardines-interiores-una-apuesta-a-la-sensibilidad-en-la-asociacion-medica\\\/#primaryimage\"},\"thumbnailUrl\":\"https:\\\/\\\/noticiasmercedinas.com\\\/site\\\/wp-content\\\/uploads\\\/2026\\\/04\\\/cueto.jpg\",\"datePublished\":\"2026-04-27T18:47:07+00:00\",\"description\":\"La muestra, compuesta por obras in\u00e9ditas, se presentar\u00e1 el pr\u00f3ximo jueves 7 de mayo. Con este evento, la instituci\u00f3n retoma su agenda cultural abierta a la comunidad mercedina.\",\"breadcrumb\":{\"@id\":\"https:\\\/\\\/noticiasmercedinas.com\\\/site\\\/2026\\\/04\\\/27\\\/marcela-cueto-inaugura-jardines-interiores-una-apuesta-a-la-sensibilidad-en-la-asociacion-medica\\\/#breadcrumb\"},\"inLanguage\":\"es\",\"potentialAction\":[{\"@type\":\"ReadAction\",\"target\":[\"https:\\\/\\\/noticiasmercedinas.com\\\/site\\\/2026\\\/04\\\/27\\\/marcela-cueto-inaugura-jardines-interiores-una-apuesta-a-la-sensibilidad-en-la-asociacion-medica\\\/\"]}]},{\"@type\":\"ImageObject\",\"inLanguage\":\"es\",\"@id\":\"https:\\\/\\\/noticiasmercedinas.com\\\/site\\\/2026\\\/04\\\/27\\\/marcela-cueto-inaugura-jardines-interiores-una-apuesta-a-la-sensibilidad-en-la-asociacion-medica\\\/#primaryimage\",\"url\":\"https:\\\/\\\/noticiasmercedinas.com\\\/site\\\/wp-content\\\/uploads\\\/2026\\\/04\\\/cueto.jpg\",\"contentUrl\":\"https:\\\/\\\/noticiasmercedinas.com\\\/site\\\/wp-content\\\/uploads\\\/2026\\\/04\\\/cueto.jpg\",\"width\":640,\"height\":400},{\"@type\":\"BreadcrumbList\",\"@id\":\"https:\\\/\\\/noticiasmercedinas.com\\\/site\\\/2026\\\/04\\\/27\\\/marcela-cueto-inaugura-jardines-interiores-una-apuesta-a-la-sensibilidad-en-la-asociacion-medica\\\/#breadcrumb\",\"itemListElement\":[{\"@type\":\"ListItem\",\"position\":1,\"name\":\"Portada\",\"item\":\"https:\\\/\\\/noticiasmercedinas.com\\\/site\\\/\"},{\"@type\":\"ListItem\",\"position\":2,\"name\":\"Marcela Cueto inaugura \u00abJardines interiores\u00bb: una apuesta a la sensibilidad en la Asociaci\u00f3n M\u00e9dica\"}]},{\"@type\":\"WebSite\",\"@id\":\"https:\\\/\\\/noticiasmercedinas.com\\\/site\\\/#website\",\"url\":\"https:\\\/\\\/noticiasmercedinas.com\\\/site\\\/\",\"name\":\"NOTICIASMERCEDINAS.COM\",\"description\":\"Mercedes, Buenos Aires, Argentina\",\"publisher\":{\"@id\":\"https:\\\/\\\/noticiasmercedinas.com\\\/site\\\/#organization\"},\"potentialAction\":[{\"@type\":\"SearchAction\",\"target\":{\"@type\":\"EntryPoint\",\"urlTemplate\":\"https:\\\/\\\/noticiasmercedinas.com\\\/site\\\/?s={search_term_string}\"},\"query-input\":{\"@type\":\"PropertyValueSpecification\",\"valueRequired\":true,\"valueName\":\"search_term_string\"}}],\"inLanguage\":\"es\"},{\"@type\":\"Organization\",\"@id\":\"https:\\\/\\\/noticiasmercedinas.com\\\/site\\\/#organization\",\"name\":\"NOTICIASMERCEDINAS.COM\",\"url\":\"https:\\\/\\\/noticiasmercedinas.com\\\/site\\\/\",\"logo\":{\"@type\":\"ImageObject\",\"inLanguage\":\"es\",\"@id\":\"https:\\\/\\\/noticiasmercedinas.com\\\/site\\\/#\\\/schema\\\/logo\\\/image\\\/\",\"url\":\"https:\\\/\\\/noticiasmercedinas.com\\\/site\\\/wp-content\\\/uploads\\\/2020\\\/06\\\/LOGO-512.jpg\",\"contentUrl\":\"https:\\\/\\\/noticiasmercedinas.com\\\/site\\\/wp-content\\\/uploads\\\/2020\\\/06\\\/LOGO-512.jpg\",\"width\":512,\"height\":512,\"caption\":\"NOTICIASMERCEDINAS.COM\"},\"image\":{\"@id\":\"https:\\\/\\\/noticiasmercedinas.com\\\/site\\\/#\\\/schema\\\/logo\\\/image\\\/\"},\"sameAs\":[\"https:\\\/\\\/www.facebook.com\\\/noticiasmercedinas\\\/\",\"https:\\\/\\\/x.com\\\/notmercedinas\",\"https:\\\/\\\/www.instagram.com\\\/noticiasmercedinas\\\/\"]},{\"@type\":\"Person\",\"@id\":\"https:\\\/\\\/noticiasmercedinas.com\\\/site\\\/#\\\/schema\\\/person\\\/84b59c099c28ff2e8b77d4ceec5d8063\",\"name\":\"NOTICIASMERCEDINAS.COM\",\"image\":{\"@type\":\"ImageObject\",\"inLanguage\":\"es\",\"@id\":\"https:\\\/\\\/secure.gravatar.com\\\/avatar\\\/4dfbf16b4d17945bfb6341b2d19043457132fcf478a5ee04f42e959fd8f5df0a?s=96&d=mm&r=g\",\"url\":\"https:\\\/\\\/secure.gravatar.com\\\/avatar\\\/4dfbf16b4d17945bfb6341b2d19043457132fcf478a5ee04f42e959fd8f5df0a?s=96&d=mm&r=g\",\"contentUrl\":\"https:\\\/\\\/secure.gravatar.com\\\/avatar\\\/4dfbf16b4d17945bfb6341b2d19043457132fcf478a5ee04f42e959fd8f5df0a?s=96&d=mm&r=g\",\"caption\":\"NOTICIASMERCEDINAS.COM\"},\"url\":\"https:\\\/\\\/noticiasmercedinas.com\\\/site\\\/author\\\/anonimo\\\/\"}]}<\/script>\n<!-- \/ Yoast SEO plugin. -->","yoast_head_json":{"title":"Marcela Cueto inaugura \"Jardines interiores\": una apuesta a la sensibilidad en la Asociaci\u00f3n M\u00e9dica","description":"La muestra, compuesta por obras in\u00e9ditas, se presentar\u00e1 el pr\u00f3ximo jueves 7 de mayo. Con este evento, la instituci\u00f3n retoma su agenda cultural abierta a la comunidad mercedina.","robots":{"index":"index","follow":"follow","max-snippet":"max-snippet:-1","max-image-preview":"max-image-preview:large","max-video-preview":"max-video-preview:-1"},"canonical":"https:\/\/noticiasmercedinas.com\/site\/2026\/04\/27\/marcela-cueto-inaugura-jardines-interiores-una-apuesta-a-la-sensibilidad-en-la-asociacion-medica\/","og_locale":"es_ES","og_type":"article","og_title":"Marcela Cueto inaugura \"Jardines interiores\": una apuesta a la sensibilidad en la Asociaci\u00f3n M\u00e9dica","og_description":"La muestra, compuesta por obras in\u00e9ditas, se presentar\u00e1 el pr\u00f3ximo jueves 7 de mayo. Con este evento, la instituci\u00f3n retoma su agenda cultural abierta a la comunidad mercedina.","og_url":"https:\/\/noticiasmercedinas.com\/site\/2026\/04\/27\/marcela-cueto-inaugura-jardines-interiores-una-apuesta-a-la-sensibilidad-en-la-asociacion-medica\/","og_site_name":"NOTICIASMERCEDINAS.COM","article_publisher":"https:\/\/www.facebook.com\/noticiasmercedinas\/","article_published_time":"2026-04-27T18:47:07+00:00","og_image":[{"width":640,"height":400,"url":"https:\/\/noticiasmercedinas.com\/site\/wp-content\/uploads\/2026\/04\/cueto.jpg","type":"image\/jpeg"}],"author":"NOTICIASMERCEDINAS.COM","twitter_card":"summary_large_image","twitter_creator":"@notmercedinas","twitter_site":"@notmercedinas","twitter_misc":{"Escrito por":"NOTICIASMERCEDINAS.COM","Tiempo de lectura":"2 minutos"},"schema":{"@context":"https:\/\/schema.org","@graph":[{"@type":"Article","@id":"https:\/\/noticiasmercedinas.com\/site\/2026\/04\/27\/marcela-cueto-inaugura-jardines-interiores-una-apuesta-a-la-sensibilidad-en-la-asociacion-medica\/#article","isPartOf":{"@id":"https:\/\/noticiasmercedinas.com\/site\/2026\/04\/27\/marcela-cueto-inaugura-jardines-interiores-una-apuesta-a-la-sensibilidad-en-la-asociacion-medica\/"},"author":{"name":"NOTICIASMERCEDINAS.COM","@id":"https:\/\/noticiasmercedinas.com\/site\/#\/schema\/person\/84b59c099c28ff2e8b77d4ceec5d8063"},"headline":"Marcela Cueto inaugura \u00abJardines interiores\u00bb: una apuesta a la sensibilidad en la Asociaci\u00f3n M\u00e9dica","datePublished":"2026-04-27T18:47:07+00:00","mainEntityOfPage":{"@id":"https:\/\/noticiasmercedinas.com\/site\/2026\/04\/27\/marcela-cueto-inaugura-jardines-interiores-una-apuesta-a-la-sensibilidad-en-la-asociacion-medica\/"},"wordCount":358,"publisher":{"@id":"https:\/\/noticiasmercedinas.com\/site\/#organization"},"image":{"@id":"https:\/\/noticiasmercedinas.com\/site\/2026\/04\/27\/marcela-cueto-inaugura-jardines-interiores-una-apuesta-a-la-sensibilidad-en-la-asociacion-medica\/#primaryimage"},"thumbnailUrl":"https:\/\/noticiasmercedinas.com\/site\/wp-content\/uploads\/2026\/04\/cueto.jpg","keywords":["arte","Asociaci\u00f3n M\u00e9dica de Mercedes","Marcela Cueto"],"articleSection":["Cultura"],"inLanguage":"es"},{"@type":"WebPage","@id":"https:\/\/noticiasmercedinas.com\/site\/2026\/04\/27\/marcela-cueto-inaugura-jardines-interiores-una-apuesta-a-la-sensibilidad-en-la-asociacion-medica\/","url":"https:\/\/noticiasmercedinas.com\/site\/2026\/04\/27\/marcela-cueto-inaugura-jardines-interiores-una-apuesta-a-la-sensibilidad-en-la-asociacion-medica\/","name":"Marcela Cueto inaugura \"Jardines interiores\": una apuesta a la sensibilidad en la Asociaci\u00f3n M\u00e9dica","isPartOf":{"@id":"https:\/\/noticiasmercedinas.com\/site\/#website"},"primaryImageOfPage":{"@id":"https:\/\/noticiasmercedinas.com\/site\/2026\/04\/27\/marcela-cueto-inaugura-jardines-interiores-una-apuesta-a-la-sensibilidad-en-la-asociacion-medica\/#primaryimage"},"image":{"@id":"https:\/\/noticiasmercedinas.com\/site\/2026\/04\/27\/marcela-cueto-inaugura-jardines-interiores-una-apuesta-a-la-sensibilidad-en-la-asociacion-medica\/#primaryimage"},"thumbnailUrl":"https:\/\/noticiasmercedinas.com\/site\/wp-content\/uploads\/2026\/04\/cueto.jpg","datePublished":"2026-04-27T18:47:07+00:00","description":"La muestra, compuesta por obras in\u00e9ditas, se presentar\u00e1 el pr\u00f3ximo jueves 7 de mayo. Con este evento, la instituci\u00f3n retoma su agenda cultural abierta a la comunidad mercedina.","breadcrumb":{"@id":"https:\/\/noticiasmercedinas.com\/site\/2026\/04\/27\/marcela-cueto-inaugura-jardines-interiores-una-apuesta-a-la-sensibilidad-en-la-asociacion-medica\/#breadcrumb"},"inLanguage":"es","potentialAction":[{"@type":"ReadAction","target":["https:\/\/noticiasmercedinas.com\/site\/2026\/04\/27\/marcela-cueto-inaugura-jardines-interiores-una-apuesta-a-la-sensibilidad-en-la-asociacion-medica\/"]}]},{"@type":"ImageObject","inLanguage":"es","@id":"https:\/\/noticiasmercedinas.com\/site\/2026\/04\/27\/marcela-cueto-inaugura-jardines-interiores-una-apuesta-a-la-sensibilidad-en-la-asociacion-medica\/#primaryimage","url":"https:\/\/noticiasmercedinas.com\/site\/wp-content\/uploads\/2026\/04\/cueto.jpg","contentUrl":"https:\/\/noticiasmercedinas.com\/site\/wp-content\/uploads\/2026\/04\/cueto.jpg","width":640,"height":400},{"@type":"BreadcrumbList","@id":"https:\/\/noticiasmercedinas.com\/site\/2026\/04\/27\/marcela-cueto-inaugura-jardines-interiores-una-apuesta-a-la-sensibilidad-en-la-asociacion-medica\/#breadcrumb","itemListElement":[{"@type":"ListItem","position":1,"name":"Portada","item":"https:\/\/noticiasmercedinas.com\/site\/"},{"@type":"ListItem","position":2,"name":"Marcela Cueto inaugura \u00abJardines interiores\u00bb: una apuesta a la sensibilidad en la Asociaci\u00f3n M\u00e9dica"}]},{"@type":"WebSite","@id":"https:\/\/noticiasmercedinas.com\/site\/#website","url":"https:\/\/noticiasmercedinas.com\/site\/","name":"NOTICIASMERCEDINAS.COM","description":"Mercedes, Buenos Aires, Argentina","publisher":{"@id":"https:\/\/noticiasmercedinas.com\/site\/#organization"},"potentialAction":[{"@type":"SearchAction","target":{"@type":"EntryPoint","urlTemplate":"https:\/\/noticiasmercedinas.com\/site\/?s={search_term_string}"},"query-input":{"@type":"PropertyValueSpecification","valueRequired":true,"valueName":"search_term_string"}}],"inLanguage":"es"},{"@type":"Organization","@id":"https:\/\/noticiasmercedinas.com\/site\/#organization","name":"NOTICIASMERCEDINAS.COM","url":"https:\/\/noticiasmercedinas.com\/site\/","logo":{"@type":"ImageObject","inLanguage":"es","@id":"https:\/\/noticiasmercedinas.com\/site\/#\/schema\/logo\/image\/","url":"https:\/\/noticiasmercedinas.com\/site\/wp-content\/uploads\/2020\/06\/LOGO-512.jpg","contentUrl":"https:\/\/noticiasmercedinas.com\/site\/wp-content\/uploads\/2020\/06\/LOGO-512.jpg","width":512,"height":512,"caption":"NOTICIASMERCEDINAS.COM"},"image":{"@id":"https:\/\/noticiasmercedinas.com\/site\/#\/schema\/logo\/image\/"},"sameAs":["https:\/\/www.facebook.com\/noticiasmercedinas\/","https:\/\/x.com\/notmercedinas","https:\/\/www.instagram.com\/noticiasmercedinas\/"]},{"@type":"Person","@id":"https:\/\/noticiasmercedinas.com\/site\/#\/schema\/person\/84b59c099c28ff2e8b77d4ceec5d8063","name":"NOTICIASMERCEDINAS.COM","image":{"@type":"ImageObject","inLanguage":"es","@id":"https:\/\/secure.gravatar.com\/avatar\/4dfbf16b4d17945bfb6341b2d19043457132fcf478a5ee04f42e959fd8f5df0a?s=96&d=mm&r=g","url":"https:\/\/secure.gravatar.com\/avatar\/4dfbf16b4d17945bfb6341b2d19043457132fcf478a5ee04f42e959fd8f5df0a?s=96&d=mm&r=g","contentUrl":"https:\/\/secure.gravatar.com\/avatar\/4dfbf16b4d17945bfb6341b2d19043457132fcf478a5ee04f42e959fd8f5df0a?s=96&d=mm&r=g","caption":"NOTICIASMERCEDINAS.COM"},"url":"https:\/\/noticiasmercedinas.com\/site\/author\/anonimo\/"}]}},"amp_enabled":true,"_links":{"self":[{"href":"https:\/\/noticiasmercedinas.com\/site\/wp-json\/wp\/v2\/posts\/185257","targetHints":{"allow":["GET"]}}],"collection":[{"href":"https:\/\/noticiasmercedinas.com\/site\/wp-json\/wp\/v2\/posts"}],"about":[{"href":"https:\/\/noticiasmercedinas.com\/site\/wp-json\/wp\/v2\/types\/post"}],"author":[{"embeddable":true,"href":"https:\/\/noticiasmercedinas.com\/site\/wp-json\/wp\/v2\/users\/16"}],"replies":[{"embeddable":true,"href":"https:\/\/noticiasmercedinas.com\/site\/wp-json\/wp\/v2\/comments?post=185257"}],"version-history":[{"count":1,"href":"https:\/\/noticiasmercedinas.com\/site\/wp-json\/wp\/v2\/posts\/185257\/revisions"}],"predecessor-version":[{"id":185269,"href":"https:\/\/noticiasmercedinas.com\/site\/wp-json\/wp\/v2\/posts\/185257\/revisions\/185269"}],"wp:featuredmedia":[{"embeddable":true,"href":"https:\/\/noticiasmercedinas.com\/site\/wp-json\/wp\/v2\/media\/185267"}],"wp:attachment":[{"href":"https:\/\/noticiasmercedinas.com\/site\/wp-json\/wp\/v2\/media?parent=185257"}],"wp:term":[{"taxonomy":"category","embeddable":true,"href":"https:\/\/noticiasmercedinas.com\/site\/wp-json\/wp\/v2\/categories?post=185257"},{"taxonomy":"post_tag","embeddable":true,"href":"https:\/\/noticiasmercedinas.com\/site\/wp-json\/wp\/v2\/tags?post=185257"}],"curies":[{"name":"wp","href":"https:\/\/api.w.org\/{rel}","templated":true}]}}