{"id":185262,"date":"2026-04-27T15:38:56","date_gmt":"2026-04-27T18:38:56","guid":{"rendered":"https:\/\/noticiasmercedinas.com\/site\/?p=185262"},"modified":"2026-04-27T15:38:56","modified_gmt":"2026-04-27T18:38:56","slug":"karting-en-el-bandoni-otra-jornada-a-pura-pasion-fierrera-en-altamira","status":"publish","type":"post","link":"https:\/\/noticiasmercedinas.com\/site\/2026\/04\/27\/karting-en-el-bandoni-otra-jornada-a-pura-pasion-fierrera-en-altamira\/","title":{"rendered":"Karting en el Bandoni: otra jornada a pura pasi\u00f3n fierrera en Altamira"},"content":{"rendered":"<p><img loading=\"lazy\" decoding=\"async\" class=\"alignnone size-full wp-image-185263\" src=\"https:\/\/noticiasmercedinas.com\/site\/wp-content\/uploads\/2026\/04\/683809362_1524729812784199_9017043793136305671_n.jpg\" alt=\"\" width=\"640\" height=\"480\" srcset=\"https:\/\/noticiasmercedinas.com\/site\/wp-content\/uploads\/2026\/04\/683809362_1524729812784199_9017043793136305671_n.jpg 640w, https:\/\/noticiasmercedinas.com\/site\/wp-content\/uploads\/2026\/04\/683809362_1524729812784199_9017043793136305671_n-300x225.jpg 300w, https:\/\/noticiasmercedinas.com\/site\/wp-content\/uploads\/2026\/04\/683809362_1524729812784199_9017043793136305671_n-80x60.jpg 80w, https:\/\/noticiasmercedinas.com\/site\/wp-content\/uploads\/2026\/04\/683809362_1524729812784199_9017043793136305671_n-160x120.jpg 160w, https:\/\/noticiasmercedinas.com\/site\/wp-content\/uploads\/2026\/04\/683809362_1524729812784199_9017043793136305671_n-100x75.jpg 100w, https:\/\/noticiasmercedinas.com\/site\/wp-content\/uploads\/2026\/04\/683809362_1524729812784199_9017043793136305671_n-200x150.jpg 200w, https:\/\/noticiasmercedinas.com\/site\/wp-content\/uploads\/2026\/04\/683809362_1524729812784199_9017043793136305671_n-180x135.jpg 180w, https:\/\/noticiasmercedinas.com\/site\/wp-content\/uploads\/2026\/04\/683809362_1524729812784199_9017043793136305671_n-360x270.jpg 360w, https:\/\/noticiasmercedinas.com\/site\/wp-content\/uploads\/2026\/04\/683809362_1524729812784199_9017043793136305671_n-238x178.jpg 238w, https:\/\/noticiasmercedinas.com\/site\/wp-content\/uploads\/2026\/04\/683809362_1524729812784199_9017043793136305671_n-476x356.jpg 476w\" sizes=\"auto, (max-width: 640px) 100vw, 640px\" \/><\/p>\n<p>El circuito <strong>Luis Lorenzo Bandoni<\/strong>, ubicado en el kil\u00f3metro 92.500 de la localidad de Altamira, fue escenario este domingo de una nueva y concurrida jornada de pruebas para el karting regional. Organizado por el <strong>Hurac\u00e1n Mercedes Autom\u00f3vil Club (HMAC)<\/strong>, el evento permiti\u00f3 que volantes locales y de zonas aleda\u00f1as retomaran la actividad en pista apenas quince d\u00edas despu\u00e9s de su \u00faltimo encuentro, consolidando el predio como el epicentro del rugir de motores en la ciudad.<\/p>\n<p>La actividad comenz\u00f3 desde las primeras horas de la ma\u00f1ana, extendi\u00e9ndose hasta las 17:00 horas bajo un clima ideal para la pr\u00e1ctica deportiva. A pesar de la fuerte agenda automovil\u00edstica del d\u00eda a nivel nacional \u2014con las categor\u00edas de la ACTC en competencia y la exhibici\u00f3n de Franco Colapinto en Capital Federal\u2014, los preparadores y pilotos zonales optaron por el trazado mercedino para <strong>poner a punto sus m\u00e1quinas y sumar horas de vuelo<\/strong> t\u00e9cnico de cara a los pr\u00f3ximos compromisos del calendario.<\/p>\n<p><img loading=\"lazy\" decoding=\"async\" class=\"alignnone size-full wp-image-185264\" src=\"https:\/\/noticiasmercedinas.com\/site\/wp-content\/uploads\/2026\/04\/679840265_1524730716117442_3780241821208404213_n.jpg\" alt=\"\" width=\"640\" height=\"480\" srcset=\"https:\/\/noticiasmercedinas.com\/site\/wp-content\/uploads\/2026\/04\/679840265_1524730716117442_3780241821208404213_n.jpg 640w, https:\/\/noticiasmercedinas.com\/site\/wp-content\/uploads\/2026\/04\/679840265_1524730716117442_3780241821208404213_n-300x225.jpg 300w, https:\/\/noticiasmercedinas.com\/site\/wp-content\/uploads\/2026\/04\/679840265_1524730716117442_3780241821208404213_n-80x60.jpg 80w, https:\/\/noticiasmercedinas.com\/site\/wp-content\/uploads\/2026\/04\/679840265_1524730716117442_3780241821208404213_n-160x120.jpg 160w, https:\/\/noticiasmercedinas.com\/site\/wp-content\/uploads\/2026\/04\/679840265_1524730716117442_3780241821208404213_n-100x75.jpg 100w, https:\/\/noticiasmercedinas.com\/site\/wp-content\/uploads\/2026\/04\/679840265_1524730716117442_3780241821208404213_n-200x150.jpg 200w, https:\/\/noticiasmercedinas.com\/site\/wp-content\/uploads\/2026\/04\/679840265_1524730716117442_3780241821208404213_n-180x135.jpg 180w, https:\/\/noticiasmercedinas.com\/site\/wp-content\/uploads\/2026\/04\/679840265_1524730716117442_3780241821208404213_n-360x270.jpg 360w, https:\/\/noticiasmercedinas.com\/site\/wp-content\/uploads\/2026\/04\/679840265_1524730716117442_3780241821208404213_n-238x178.jpg 238w, https:\/\/noticiasmercedinas.com\/site\/wp-content\/uploads\/2026\/04\/679840265_1524730716117442_3780241821208404213_n-476x356.jpg 476w\" sizes=\"auto, (max-width: 640px) 100vw, 640px\" \/><\/p>\n<p><strong>Detalles de la jornada<br \/>\n<\/strong>Los equipos de competici\u00f3n aprovecharon la apertura del trazado para trabajar en la carburaci\u00f3n y el chasis de las unidades. Si bien no se emiti\u00f3 un listado oficial de inscriptos, el movimiento en boxes fue constante desde temprano. Entre los primeros protagonistas en salir a pista se destacaron:<\/p>\n<ul>\n<li><strong>Luciano Becce<\/strong><\/li>\n<li><strong>Guillermo Gabella<\/strong><\/li>\n<li><strong>Mat\u00edas Mazza<\/strong><\/li>\n<\/ul>\n<p>El estado del circuito permiti\u00f3 un rodaje fluido, donde tanto los referentes del karting como los nuevos talentos pudieron girar sin mayores inconvenientes. Desde la organizaci\u00f3n del HMAC destacaron la importancia de estas fechas de ensayos para mantener activo el predio de Altamira, que sigue reafirm\u00e1ndose como un punto de encuentro clave para la <strong>comunidad fierrera de la regi\u00f3n.<\/p>\n<p><\/strong>Fuente: Iv\u00e1n Alday &#8211; Todo El Deporte Est\u00e1 Ac\u00e1.<\/p>\n","protected":false},"excerpt":{"rendered":"<p>\u25a0 Pilotos de Mercedes y la regi\u00f3n volvieron a pista en el trazado del Hurac\u00e1n Mercedes Autom\u00f3vil Club para una intensa jornada de ensayos generales.<\/p>\n","protected":false},"author":16,"featured_media":185263,"comment_status":"closed","ping_status":"closed","sticky":false,"template":"","format":"standard","meta":{"footnotes":""},"categories":[5],"tags":[2553,5008,5946],"class_list":["post-185262","post","type-post","status-publish","format-standard","has-post-thumbnail","hentry","category-deportes","tag-altamira","tag-karting","tag-luis-lorenzo-bandoni"],"yoast_head":"<!-- This site is optimized with the Yoast SEO plugin v27.4 - https:\/\/yoast.com\/product\/yoast-seo-wordpress\/ -->\n<title>Karting en el Bandoni: otra jornada a pura pasi\u00f3n fierrera en Altamira<\/title>\n<meta name=\"robots\" content=\"index, follow, max-snippet:-1, max-image-preview:large, max-video-preview:-1\" \/>\n<link rel=\"canonical\" href=\"https:\/\/noticiasmercedinas.com\/site\/2026\/04\/27\/karting-en-el-bandoni-otra-jornada-a-pura-pasion-fierrera-en-altamira\/\" \/>\n<meta property=\"og:locale\" content=\"es_ES\" \/>\n<meta property=\"og:type\" content=\"article\" \/>\n<meta property=\"og:title\" content=\"Karting en el Bandoni: otra jornada a pura pasi\u00f3n fierrera en Altamira\" \/>\n<meta property=\"og:description\" content=\"\u25a0 Pilotos de Mercedes y la regi\u00f3n volvieron a pista en el trazado del Hurac\u00e1n Mercedes Autom\u00f3vil Club para una intensa jornada de ensayos generales.\" \/>\n<meta property=\"og:url\" content=\"https:\/\/noticiasmercedinas.com\/site\/2026\/04\/27\/karting-en-el-bandoni-otra-jornada-a-pura-pasion-fierrera-en-altamira\/\" \/>\n<meta property=\"og:site_name\" content=\"NOTICIASMERCEDINAS.COM\" \/>\n<meta property=\"article:publisher\" content=\"https:\/\/www.facebook.com\/noticiasmercedinas\/\" \/>\n<meta property=\"article:published_time\" content=\"2026-04-27T18:38:56+00:00\" \/>\n<meta property=\"og:image\" content=\"https:\/\/noticiasmercedinas.com\/site\/wp-content\/uploads\/2026\/04\/683809362_1524729812784199_9017043793136305671_n.jpg\" \/>\n\t<meta property=\"og:image:width\" content=\"640\" \/>\n\t<meta property=\"og:image:height\" content=\"480\" \/>\n\t<meta property=\"og:image:type\" content=\"image\/jpeg\" \/>\n<meta name=\"author\" content=\"NOTICIASMERCEDINAS.COM\" \/>\n<meta name=\"twitter:card\" content=\"summary_large_image\" \/>\n<meta name=\"twitter:creator\" content=\"@notmercedinas\" \/>\n<meta name=\"twitter:site\" content=\"@notmercedinas\" \/>\n<meta name=\"twitter:label1\" content=\"Escrito por\" \/>\n\t<meta name=\"twitter:data1\" content=\"NOTICIASMERCEDINAS.COM\" \/>\n\t<meta name=\"twitter:label2\" content=\"Tiempo de lectura\" \/>\n\t<meta name=\"twitter:data2\" content=\"2 minutos\" \/>\n<script type=\"application\/ld+json\" class=\"yoast-schema-graph\">{\"@context\":\"https:\\\/\\\/schema.org\",\"@graph\":[{\"@type\":\"Article\",\"@id\":\"https:\\\/\\\/noticiasmercedinas.com\\\/site\\\/2026\\\/04\\\/27\\\/karting-en-el-bandoni-otra-jornada-a-pura-pasion-fierrera-en-altamira\\\/#article\",\"isPartOf\":{\"@id\":\"https:\\\/\\\/noticiasmercedinas.com\\\/site\\\/2026\\\/04\\\/27\\\/karting-en-el-bandoni-otra-jornada-a-pura-pasion-fierrera-en-altamira\\\/\"},\"author\":{\"name\":\"NOTICIASMERCEDINAS.COM\",\"@id\":\"https:\\\/\\\/noticiasmercedinas.com\\\/site\\\/#\\\/schema\\\/person\\\/84b59c099c28ff2e8b77d4ceec5d8063\"},\"headline\":\"Karting en el Bandoni: otra jornada a pura pasi\u00f3n fierrera en Altamira\",\"datePublished\":\"2026-04-27T18:38:56+00:00\",\"mainEntityOfPage\":{\"@id\":\"https:\\\/\\\/noticiasmercedinas.com\\\/site\\\/2026\\\/04\\\/27\\\/karting-en-el-bandoni-otra-jornada-a-pura-pasion-fierrera-en-altamira\\\/\"},\"wordCount\":317,\"publisher\":{\"@id\":\"https:\\\/\\\/noticiasmercedinas.com\\\/site\\\/#organization\"},\"image\":{\"@id\":\"https:\\\/\\\/noticiasmercedinas.com\\\/site\\\/2026\\\/04\\\/27\\\/karting-en-el-bandoni-otra-jornada-a-pura-pasion-fierrera-en-altamira\\\/#primaryimage\"},\"thumbnailUrl\":\"https:\\\/\\\/noticiasmercedinas.com\\\/site\\\/wp-content\\\/uploads\\\/2026\\\/04\\\/683809362_1524729812784199_9017043793136305671_n.jpg\",\"keywords\":[\"altamira\",\"karting\",\"Luis Lorenzo Bandoni\"],\"articleSection\":[\"Deportes\"],\"inLanguage\":\"es\"},{\"@type\":\"WebPage\",\"@id\":\"https:\\\/\\\/noticiasmercedinas.com\\\/site\\\/2026\\\/04\\\/27\\\/karting-en-el-bandoni-otra-jornada-a-pura-pasion-fierrera-en-altamira\\\/\",\"url\":\"https:\\\/\\\/noticiasmercedinas.com\\\/site\\\/2026\\\/04\\\/27\\\/karting-en-el-bandoni-otra-jornada-a-pura-pasion-fierrera-en-altamira\\\/\",\"name\":\"Karting en el Bandoni: otra jornada a pura pasi\u00f3n fierrera en Altamira\",\"isPartOf\":{\"@id\":\"https:\\\/\\\/noticiasmercedinas.com\\\/site\\\/#website\"},\"primaryImageOfPage\":{\"@id\":\"https:\\\/\\\/noticiasmercedinas.com\\\/site\\\/2026\\\/04\\\/27\\\/karting-en-el-bandoni-otra-jornada-a-pura-pasion-fierrera-en-altamira\\\/#primaryimage\"},\"image\":{\"@id\":\"https:\\\/\\\/noticiasmercedinas.com\\\/site\\\/2026\\\/04\\\/27\\\/karting-en-el-bandoni-otra-jornada-a-pura-pasion-fierrera-en-altamira\\\/#primaryimage\"},\"thumbnailUrl\":\"https:\\\/\\\/noticiasmercedinas.com\\\/site\\\/wp-content\\\/uploads\\\/2026\\\/04\\\/683809362_1524729812784199_9017043793136305671_n.jpg\",\"datePublished\":\"2026-04-27T18:38:56+00:00\",\"breadcrumb\":{\"@id\":\"https:\\\/\\\/noticiasmercedinas.com\\\/site\\\/2026\\\/04\\\/27\\\/karting-en-el-bandoni-otra-jornada-a-pura-pasion-fierrera-en-altamira\\\/#breadcrumb\"},\"inLanguage\":\"es\",\"potentialAction\":[{\"@type\":\"ReadAction\",\"target\":[\"https:\\\/\\\/noticiasmercedinas.com\\\/site\\\/2026\\\/04\\\/27\\\/karting-en-el-bandoni-otra-jornada-a-pura-pasion-fierrera-en-altamira\\\/\"]}]},{\"@type\":\"ImageObject\",\"inLanguage\":\"es\",\"@id\":\"https:\\\/\\\/noticiasmercedinas.com\\\/site\\\/2026\\\/04\\\/27\\\/karting-en-el-bandoni-otra-jornada-a-pura-pasion-fierrera-en-altamira\\\/#primaryimage\",\"url\":\"https:\\\/\\\/noticiasmercedinas.com\\\/site\\\/wp-content\\\/uploads\\\/2026\\\/04\\\/683809362_1524729812784199_9017043793136305671_n.jpg\",\"contentUrl\":\"https:\\\/\\\/noticiasmercedinas.com\\\/site\\\/wp-content\\\/uploads\\\/2026\\\/04\\\/683809362_1524729812784199_9017043793136305671_n.jpg\",\"width\":640,\"height\":480},{\"@type\":\"BreadcrumbList\",\"@id\":\"https:\\\/\\\/noticiasmercedinas.com\\\/site\\\/2026\\\/04\\\/27\\\/karting-en-el-bandoni-otra-jornada-a-pura-pasion-fierrera-en-altamira\\\/#breadcrumb\",\"itemListElement\":[{\"@type\":\"ListItem\",\"position\":1,\"name\":\"Portada\",\"item\":\"https:\\\/\\\/noticiasmercedinas.com\\\/site\\\/\"},{\"@type\":\"ListItem\",\"position\":2,\"name\":\"Karting en el Bandoni: otra jornada a pura pasi\u00f3n fierrera en Altamira\"}]},{\"@type\":\"WebSite\",\"@id\":\"https:\\\/\\\/noticiasmercedinas.com\\\/site\\\/#website\",\"url\":\"https:\\\/\\\/noticiasmercedinas.com\\\/site\\\/\",\"name\":\"NOTICIASMERCEDINAS.COM\",\"description\":\"Mercedes, Buenos Aires, Argentina\",\"publisher\":{\"@id\":\"https:\\\/\\\/noticiasmercedinas.com\\\/site\\\/#organization\"},\"potentialAction\":[{\"@type\":\"SearchAction\",\"target\":{\"@type\":\"EntryPoint\",\"urlTemplate\":\"https:\\\/\\\/noticiasmercedinas.com\\\/site\\\/?s={search_term_string}\"},\"query-input\":{\"@type\":\"PropertyValueSpecification\",\"valueRequired\":true,\"valueName\":\"search_term_string\"}}],\"inLanguage\":\"es\"},{\"@type\":\"Organization\",\"@id\":\"https:\\\/\\\/noticiasmercedinas.com\\\/site\\\/#organization\",\"name\":\"NOTICIASMERCEDINAS.COM\",\"url\":\"https:\\\/\\\/noticiasmercedinas.com\\\/site\\\/\",\"logo\":{\"@type\":\"ImageObject\",\"inLanguage\":\"es\",\"@id\":\"https:\\\/\\\/noticiasmercedinas.com\\\/site\\\/#\\\/schema\\\/logo\\\/image\\\/\",\"url\":\"https:\\\/\\\/noticiasmercedinas.com\\\/site\\\/wp-content\\\/uploads\\\/2020\\\/06\\\/LOGO-512.jpg\",\"contentUrl\":\"https:\\\/\\\/noticiasmercedinas.com\\\/site\\\/wp-content\\\/uploads\\\/2020\\\/06\\\/LOGO-512.jpg\",\"width\":512,\"height\":512,\"caption\":\"NOTICIASMERCEDINAS.COM\"},\"image\":{\"@id\":\"https:\\\/\\\/noticiasmercedinas.com\\\/site\\\/#\\\/schema\\\/logo\\\/image\\\/\"},\"sameAs\":[\"https:\\\/\\\/www.facebook.com\\\/noticiasmercedinas\\\/\",\"https:\\\/\\\/x.com\\\/notmercedinas\",\"https:\\\/\\\/www.instagram.com\\\/noticiasmercedinas\\\/\"]},{\"@type\":\"Person\",\"@id\":\"https:\\\/\\\/noticiasmercedinas.com\\\/site\\\/#\\\/schema\\\/person\\\/84b59c099c28ff2e8b77d4ceec5d8063\",\"name\":\"NOTICIASMERCEDINAS.COM\",\"image\":{\"@type\":\"ImageObject\",\"inLanguage\":\"es\",\"@id\":\"https:\\\/\\\/secure.gravatar.com\\\/avatar\\\/4dfbf16b4d17945bfb6341b2d19043457132fcf478a5ee04f42e959fd8f5df0a?s=96&d=mm&r=g\",\"url\":\"https:\\\/\\\/secure.gravatar.com\\\/avatar\\\/4dfbf16b4d17945bfb6341b2d19043457132fcf478a5ee04f42e959fd8f5df0a?s=96&d=mm&r=g\",\"contentUrl\":\"https:\\\/\\\/secure.gravatar.com\\\/avatar\\\/4dfbf16b4d17945bfb6341b2d19043457132fcf478a5ee04f42e959fd8f5df0a?s=96&d=mm&r=g\",\"caption\":\"NOTICIASMERCEDINAS.COM\"},\"url\":\"https:\\\/\\\/noticiasmercedinas.com\\\/site\\\/author\\\/anonimo\\\/\"}]}<\/script>\n<!-- \/ Yoast SEO plugin. -->","yoast_head_json":{"title":"Karting en el Bandoni: otra jornada a pura pasi\u00f3n fierrera en Altamira","robots":{"index":"index","follow":"follow","max-snippet":"max-snippet:-1","max-image-preview":"max-image-preview:large","max-video-preview":"max-video-preview:-1"},"canonical":"https:\/\/noticiasmercedinas.com\/site\/2026\/04\/27\/karting-en-el-bandoni-otra-jornada-a-pura-pasion-fierrera-en-altamira\/","og_locale":"es_ES","og_type":"article","og_title":"Karting en el Bandoni: otra jornada a pura pasi\u00f3n fierrera en Altamira","og_description":"\u25a0 Pilotos de Mercedes y la regi\u00f3n volvieron a pista en el trazado del Hurac\u00e1n Mercedes Autom\u00f3vil Club para una intensa jornada de ensayos generales.","og_url":"https:\/\/noticiasmercedinas.com\/site\/2026\/04\/27\/karting-en-el-bandoni-otra-jornada-a-pura-pasion-fierrera-en-altamira\/","og_site_name":"NOTICIASMERCEDINAS.COM","article_publisher":"https:\/\/www.facebook.com\/noticiasmercedinas\/","article_published_time":"2026-04-27T18:38:56+00:00","og_image":[{"width":640,"height":480,"url":"https:\/\/noticiasmercedinas.com\/site\/wp-content\/uploads\/2026\/04\/683809362_1524729812784199_9017043793136305671_n.jpg","type":"image\/jpeg"}],"author":"NOTICIASMERCEDINAS.COM","twitter_card":"summary_large_image","twitter_creator":"@notmercedinas","twitter_site":"@notmercedinas","twitter_misc":{"Escrito por":"NOTICIASMERCEDINAS.COM","Tiempo de lectura":"2 minutos"},"schema":{"@context":"https:\/\/schema.org","@graph":[{"@type":"Article","@id":"https:\/\/noticiasmercedinas.com\/site\/2026\/04\/27\/karting-en-el-bandoni-otra-jornada-a-pura-pasion-fierrera-en-altamira\/#article","isPartOf":{"@id":"https:\/\/noticiasmercedinas.com\/site\/2026\/04\/27\/karting-en-el-bandoni-otra-jornada-a-pura-pasion-fierrera-en-altamira\/"},"author":{"name":"NOTICIASMERCEDINAS.COM","@id":"https:\/\/noticiasmercedinas.com\/site\/#\/schema\/person\/84b59c099c28ff2e8b77d4ceec5d8063"},"headline":"Karting en el Bandoni: otra jornada a pura pasi\u00f3n fierrera en Altamira","datePublished":"2026-04-27T18:38:56+00:00","mainEntityOfPage":{"@id":"https:\/\/noticiasmercedinas.com\/site\/2026\/04\/27\/karting-en-el-bandoni-otra-jornada-a-pura-pasion-fierrera-en-altamira\/"},"wordCount":317,"publisher":{"@id":"https:\/\/noticiasmercedinas.com\/site\/#organization"},"image":{"@id":"https:\/\/noticiasmercedinas.com\/site\/2026\/04\/27\/karting-en-el-bandoni-otra-jornada-a-pura-pasion-fierrera-en-altamira\/#primaryimage"},"thumbnailUrl":"https:\/\/noticiasmercedinas.com\/site\/wp-content\/uploads\/2026\/04\/683809362_1524729812784199_9017043793136305671_n.jpg","keywords":["altamira","karting","Luis Lorenzo Bandoni"],"articleSection":["Deportes"],"inLanguage":"es"},{"@type":"WebPage","@id":"https:\/\/noticiasmercedinas.com\/site\/2026\/04\/27\/karting-en-el-bandoni-otra-jornada-a-pura-pasion-fierrera-en-altamira\/","url":"https:\/\/noticiasmercedinas.com\/site\/2026\/04\/27\/karting-en-el-bandoni-otra-jornada-a-pura-pasion-fierrera-en-altamira\/","name":"Karting en el Bandoni: otra jornada a pura pasi\u00f3n fierrera en Altamira","isPartOf":{"@id":"https:\/\/noticiasmercedinas.com\/site\/#website"},"primaryImageOfPage":{"@id":"https:\/\/noticiasmercedinas.com\/site\/2026\/04\/27\/karting-en-el-bandoni-otra-jornada-a-pura-pasion-fierrera-en-altamira\/#primaryimage"},"image":{"@id":"https:\/\/noticiasmercedinas.com\/site\/2026\/04\/27\/karting-en-el-bandoni-otra-jornada-a-pura-pasion-fierrera-en-altamira\/#primaryimage"},"thumbnailUrl":"https:\/\/noticiasmercedinas.com\/site\/wp-content\/uploads\/2026\/04\/683809362_1524729812784199_9017043793136305671_n.jpg","datePublished":"2026-04-27T18:38:56+00:00","breadcrumb":{"@id":"https:\/\/noticiasmercedinas.com\/site\/2026\/04\/27\/karting-en-el-bandoni-otra-jornada-a-pura-pasion-fierrera-en-altamira\/#breadcrumb"},"inLanguage":"es","potentialAction":[{"@type":"ReadAction","target":["https:\/\/noticiasmercedinas.com\/site\/2026\/04\/27\/karting-en-el-bandoni-otra-jornada-a-pura-pasion-fierrera-en-altamira\/"]}]},{"@type":"ImageObject","inLanguage":"es","@id":"https:\/\/noticiasmercedinas.com\/site\/2026\/04\/27\/karting-en-el-bandoni-otra-jornada-a-pura-pasion-fierrera-en-altamira\/#primaryimage","url":"https:\/\/noticiasmercedinas.com\/site\/wp-content\/uploads\/2026\/04\/683809362_1524729812784199_9017043793136305671_n.jpg","contentUrl":"https:\/\/noticiasmercedinas.com\/site\/wp-content\/uploads\/2026\/04\/683809362_1524729812784199_9017043793136305671_n.jpg","width":640,"height":480},{"@type":"BreadcrumbList","@id":"https:\/\/noticiasmercedinas.com\/site\/2026\/04\/27\/karting-en-el-bandoni-otra-jornada-a-pura-pasion-fierrera-en-altamira\/#breadcrumb","itemListElement":[{"@type":"ListItem","position":1,"name":"Portada","item":"https:\/\/noticiasmercedinas.com\/site\/"},{"@type":"ListItem","position":2,"name":"Karting en el Bandoni: otra jornada a pura pasi\u00f3n fierrera en Altamira"}]},{"@type":"WebSite","@id":"https:\/\/noticiasmercedinas.com\/site\/#website","url":"https:\/\/noticiasmercedinas.com\/site\/","name":"NOTICIASMERCEDINAS.COM","description":"Mercedes, Buenos Aires, Argentina","publisher":{"@id":"https:\/\/noticiasmercedinas.com\/site\/#organization"},"potentialAction":[{"@type":"SearchAction","target":{"@type":"EntryPoint","urlTemplate":"https:\/\/noticiasmercedinas.com\/site\/?s={search_term_string}"},"query-input":{"@type":"PropertyValueSpecification","valueRequired":true,"valueName":"search_term_string"}}],"inLanguage":"es"},{"@type":"Organization","@id":"https:\/\/noticiasmercedinas.com\/site\/#organization","name":"NOTICIASMERCEDINAS.COM","url":"https:\/\/noticiasmercedinas.com\/site\/","logo":{"@type":"ImageObject","inLanguage":"es","@id":"https:\/\/noticiasmercedinas.com\/site\/#\/schema\/logo\/image\/","url":"https:\/\/noticiasmercedinas.com\/site\/wp-content\/uploads\/2020\/06\/LOGO-512.jpg","contentUrl":"https:\/\/noticiasmercedinas.com\/site\/wp-content\/uploads\/2020\/06\/LOGO-512.jpg","width":512,"height":512,"caption":"NOTICIASMERCEDINAS.COM"},"image":{"@id":"https:\/\/noticiasmercedinas.com\/site\/#\/schema\/logo\/image\/"},"sameAs":["https:\/\/www.facebook.com\/noticiasmercedinas\/","https:\/\/x.com\/notmercedinas","https:\/\/www.instagram.com\/noticiasmercedinas\/"]},{"@type":"Person","@id":"https:\/\/noticiasmercedinas.com\/site\/#\/schema\/person\/84b59c099c28ff2e8b77d4ceec5d8063","name":"NOTICIASMERCEDINAS.COM","image":{"@type":"ImageObject","inLanguage":"es","@id":"https:\/\/secure.gravatar.com\/avatar\/4dfbf16b4d17945bfb6341b2d19043457132fcf478a5ee04f42e959fd8f5df0a?s=96&d=mm&r=g","url":"https:\/\/secure.gravatar.com\/avatar\/4dfbf16b4d17945bfb6341b2d19043457132fcf478a5ee04f42e959fd8f5df0a?s=96&d=mm&r=g","contentUrl":"https:\/\/secure.gravatar.com\/avatar\/4dfbf16b4d17945bfb6341b2d19043457132fcf478a5ee04f42e959fd8f5df0a?s=96&d=mm&r=g","caption":"NOTICIASMERCEDINAS.COM"},"url":"https:\/\/noticiasmercedinas.com\/site\/author\/anonimo\/"}]}},"amp_enabled":true,"_links":{"self":[{"href":"https:\/\/noticiasmercedinas.com\/site\/wp-json\/wp\/v2\/posts\/185262","targetHints":{"allow":["GET"]}}],"collection":[{"href":"https:\/\/noticiasmercedinas.com\/site\/wp-json\/wp\/v2\/posts"}],"about":[{"href":"https:\/\/noticiasmercedinas.com\/site\/wp-json\/wp\/v2\/types\/post"}],"author":[{"embeddable":true,"href":"https:\/\/noticiasmercedinas.com\/site\/wp-json\/wp\/v2\/users\/16"}],"replies":[{"embeddable":true,"href":"https:\/\/noticiasmercedinas.com\/site\/wp-json\/wp\/v2\/comments?post=185262"}],"version-history":[{"count":1,"href":"https:\/\/noticiasmercedinas.com\/site\/wp-json\/wp\/v2\/posts\/185262\/revisions"}],"predecessor-version":[{"id":185265,"href":"https:\/\/noticiasmercedinas.com\/site\/wp-json\/wp\/v2\/posts\/185262\/revisions\/185265"}],"wp:featuredmedia":[{"embeddable":true,"href":"https:\/\/noticiasmercedinas.com\/site\/wp-json\/wp\/v2\/media\/185263"}],"wp:attachment":[{"href":"https:\/\/noticiasmercedinas.com\/site\/wp-json\/wp\/v2\/media?parent=185262"}],"wp:term":[{"taxonomy":"category","embeddable":true,"href":"https:\/\/noticiasmercedinas.com\/site\/wp-json\/wp\/v2\/categories?post=185262"},{"taxonomy":"post_tag","embeddable":true,"href":"https:\/\/noticiasmercedinas.com\/site\/wp-json\/wp\/v2\/tags?post=185262"}],"curies":[{"name":"wp","href":"https:\/\/api.w.org\/{rel}","templated":true}]}}