{"id":185272,"date":"2026-04-27T16:13:31","date_gmt":"2026-04-27T19:13:31","guid":{"rendered":"https:\/\/noticiasmercedinas.com\/site\/?p=185272"},"modified":"2026-04-27T16:14:03","modified_gmt":"2026-04-27T19:14:03","slug":"presentes-en-el-rural-bike-de-las-chacras","status":"publish","type":"post","link":"https:\/\/noticiasmercedinas.com\/site\/2026\/04\/27\/presentes-en-el-rural-bike-de-las-chacras\/","title":{"rendered":"Presentes en el Rural Bike de Las Chacras"},"content":{"rendered":"<figure id=\"attachment_185273\" aria-describedby=\"caption-attachment-185273\" style=\"width: 640px\" class=\"wp-caption alignnone\"><img loading=\"lazy\" decoding=\"async\" class=\"wp-image-185273 size-full\" src=\"https:\/\/noticiasmercedinas.com\/site\/wp-content\/uploads\/2026\/04\/a95879c2-2905-4daf-b22b-91d41bb16dd6.jpg\" alt=\"\" width=\"640\" height=\"435\" srcset=\"https:\/\/noticiasmercedinas.com\/site\/wp-content\/uploads\/2026\/04\/a95879c2-2905-4daf-b22b-91d41bb16dd6.jpg 640w, https:\/\/noticiasmercedinas.com\/site\/wp-content\/uploads\/2026\/04\/a95879c2-2905-4daf-b22b-91d41bb16dd6-300x204.jpg 300w\" sizes=\"auto, (max-width: 640px) 100vw, 640px\" \/><figcaption id=\"caption-attachment-185273\" class=\"wp-caption-text\">Dar\u00edo Oliva, cuarto en su categor\u00eda.<\/figcaption><\/figure>\n<p>En una jornada marcada por las r\u00e1fagas de viento y el alto nivel competitivo, el <strong>Club Juventud Unida de Las Chacras<\/strong> fue sede este domingo de la segunda fecha del torneo de <strong>Rural Bike Lobos<\/strong>. La delegaci\u00f3n mercedina cumpli\u00f3 una actuaci\u00f3n sobresaliente en la modalidad de \u00abRuedas Gordas\u00bb, logrando posicionarse en los primeros puestos de sus respectivas categor\u00edas sobre un exigente trazado de <strong>25,80 kil\u00f3metros<\/strong>.<\/p>\n<p>La competencia, que consisti\u00f3 en dos vueltas al circuito para completar poco m\u00e1s de 50 kil\u00f3metros, puso a prueba la resistencia de los <strong>89 bikers<\/strong> inscriptos. El gran ganador de la clasificaci\u00f3n General fue <strong>Ariel Mart\u00ednez<\/strong>, oriundo de Marcos Paz, quien detuvo el cron\u00f3metro en <strong>1 hora, 29 minutos y 7 segundos<\/strong>.<\/p>\n<p><img loading=\"lazy\" decoding=\"async\" class=\"alignnone size-full wp-image-185274\" src=\"https:\/\/noticiasmercedinas.com\/site\/wp-content\/uploads\/2026\/04\/5061839f-acd4-4a6d-b8eb-446cf04b06b2.jpg\" alt=\"\" width=\"640\" height=\"497\" srcset=\"https:\/\/noticiasmercedinas.com\/site\/wp-content\/uploads\/2026\/04\/5061839f-acd4-4a6d-b8eb-446cf04b06b2.jpg 640w, https:\/\/noticiasmercedinas.com\/site\/wp-content\/uploads\/2026\/04\/5061839f-acd4-4a6d-b8eb-446cf04b06b2-300x233.jpg 300w\" sizes=\"auto, (max-width: 640px) 100vw, 640px\" \/><\/p>\n<p><strong>Resultados<br \/>\n<\/strong>Los ciclistas locales no solo completaron el desaf\u00edo, sino que pelearon palmo a palmo en los pelotones de vanguardia:<\/p>\n<ul>\n<li><strong>Valeria G\u00f3mez (Raleigh):<\/strong> Logr\u00f3 la actuaci\u00f3n m\u00e1s destacada de la jornada para la ciudad al consagrarse <strong>ganadora en la categor\u00eda Damas B<\/strong> con un tiempo de <strong>2 horas, 4 minutos y 52 segundos<\/strong>. Adem\u00e1s, se alz\u00f3 con el <strong>segundo puesto en la General de Damas<\/strong>, escoltando a la ganadora Adriana N\u00fa\u00f1ez (Hudson).<\/li>\n<li><strong>Dar\u00edo Oliva (Raleigh):<\/strong> Finaliz\u00f3 en la <strong>4\u00b0 posici\u00f3n de la categor\u00eda Master B 2<\/strong> tras una s\u00f3lida marca de <strong>1 hora, 41 minutos y 21 segundos<\/strong>. En la clasificaci\u00f3n General de hombres, Oliva se ubic\u00f3 en el puesto 24\u00b0.<\/li>\n<li><strong>Jorge Morales (Vishuka):<\/strong> Tuvo un desempe\u00f1o destacado en la divisi\u00f3n <strong>Master C 1<\/strong>, registrando un tiempo de <strong>1 hora, 42 minutos y 11 segundos<\/strong>, lo que le vali\u00f3 el puesto 28\u00b0 en la clasificaci\u00f3n General masculina.<img loading=\"lazy\" decoding=\"async\" class=\"alignnone size-full wp-image-185275\" src=\"https:\/\/noticiasmercedinas.com\/site\/wp-content\/uploads\/2026\/04\/b5508f66-9f20-41a4-b992-2072cd92b8d2.jpg\" alt=\"\" width=\"640\" height=\"411\" srcset=\"https:\/\/noticiasmercedinas.com\/site\/wp-content\/uploads\/2026\/04\/b5508f66-9f20-41a4-b992-2072cd92b8d2.jpg 640w, https:\/\/noticiasmercedinas.com\/site\/wp-content\/uploads\/2026\/04\/b5508f66-9f20-41a4-b992-2072cd92b8d2-300x194.jpg 300w\" sizes=\"auto, (max-width: 640px) 100vw, 640px\" \/><\/li>\n<\/ul>\n<p>Pese al intenso viento que dificult\u00f3 el rodaje en los sectores abiertos del trazado, el evento reafirm\u00f3 el crecimiento del Rural Bike en la regi\u00f3n y el excelente presente deportivo de los pedalistas mercedinos, quienes contin\u00faan sumando puntos clave para el campeonato de Lobos.<\/p>\n","protected":false},"excerpt":{"rendered":"<p>\u25a0 Bajo condiciones clim\u00e1ticas adversas, los representantes de Mercedes lograron podios destacados en la segunda fecha del certamen organizado por Rural Bike Lobos.<\/p>\n","protected":false},"author":6,"featured_media":185273,"comment_status":"closed","ping_status":"closed","sticky":false,"template":"","format":"standard","meta":{"footnotes":""},"categories":[5],"tags":[4257,10386,3696,204,3859],"class_list":["post-185272","post","type-post","status-publish","format-standard","has-post-thumbnail","hentry","category-deportes","tag-dario-oliva","tag-jorge-morales","tag-lobos","tag-rural-bike","tag-valeria-gomez"],"yoast_head":"<!-- This site is optimized with the Yoast SEO plugin v27.4 - https:\/\/yoast.com\/product\/yoast-seo-wordpress\/ -->\n<title>Presentes en el Rural Bike de Las Chacras<\/title>\n<meta name=\"robots\" content=\"index, follow, max-snippet:-1, max-image-preview:large, max-video-preview:-1\" \/>\n<link rel=\"canonical\" href=\"https:\/\/noticiasmercedinas.com\/site\/2026\/04\/27\/presentes-en-el-rural-bike-de-las-chacras\/\" \/>\n<meta property=\"og:locale\" content=\"es_ES\" \/>\n<meta property=\"og:type\" content=\"article\" \/>\n<meta property=\"og:title\" content=\"Presentes en el Rural Bike de Las Chacras\" \/>\n<meta property=\"og:description\" content=\"\u25a0 Bajo condiciones clim\u00e1ticas adversas, los representantes de Mercedes lograron podios destacados en la segunda fecha del certamen organizado por Rural Bike Lobos.\" \/>\n<meta property=\"og:url\" content=\"https:\/\/noticiasmercedinas.com\/site\/2026\/04\/27\/presentes-en-el-rural-bike-de-las-chacras\/\" \/>\n<meta property=\"og:site_name\" content=\"NOTICIASMERCEDINAS.COM\" \/>\n<meta property=\"article:publisher\" content=\"https:\/\/www.facebook.com\/noticiasmercedinas\/\" \/>\n<meta property=\"article:published_time\" content=\"2026-04-27T19:13:31+00:00\" \/>\n<meta property=\"article:modified_time\" content=\"2026-04-27T19:14:03+00:00\" \/>\n<meta property=\"og:image\" content=\"https:\/\/noticiasmercedinas.com\/site\/wp-content\/uploads\/2026\/04\/a95879c2-2905-4daf-b22b-91d41bb16dd6.jpg\" \/>\n\t<meta property=\"og:image:width\" content=\"640\" \/>\n\t<meta property=\"og:image:height\" content=\"435\" \/>\n\t<meta property=\"og:image:type\" content=\"image\/jpeg\" \/>\n<meta name=\"author\" content=\"Juan Dagnino NOTICIASMERCEDINAS.COM\" \/>\n<meta name=\"twitter:card\" content=\"summary_large_image\" \/>\n<meta name=\"twitter:creator\" content=\"@notmercedinas\" \/>\n<meta name=\"twitter:site\" content=\"@notmercedinas\" \/>\n<meta name=\"twitter:label1\" content=\"Escrito por\" \/>\n\t<meta name=\"twitter:data1\" content=\"Juan Dagnino NOTICIASMERCEDINAS.COM\" \/>\n\t<meta name=\"twitter:label2\" content=\"Tiempo de lectura\" \/>\n\t<meta name=\"twitter:data2\" content=\"3 minutos\" \/>\n<script type=\"application\/ld+json\" class=\"yoast-schema-graph\">{\"@context\":\"https:\\\/\\\/schema.org\",\"@graph\":[{\"@type\":\"Article\",\"@id\":\"https:\\\/\\\/noticiasmercedinas.com\\\/site\\\/2026\\\/04\\\/27\\\/presentes-en-el-rural-bike-de-las-chacras\\\/#article\",\"isPartOf\":{\"@id\":\"https:\\\/\\\/noticiasmercedinas.com\\\/site\\\/2026\\\/04\\\/27\\\/presentes-en-el-rural-bike-de-las-chacras\\\/\"},\"author\":{\"name\":\"Juan Dagnino NOTICIASMERCEDINAS.COM\",\"@id\":\"https:\\\/\\\/noticiasmercedinas.com\\\/site\\\/#\\\/schema\\\/person\\\/8f2f09d666ef40986eba4a5e6f2a06f9\"},\"headline\":\"Presentes en el Rural Bike de Las Chacras\",\"datePublished\":\"2026-04-27T19:13:31+00:00\",\"dateModified\":\"2026-04-27T19:14:03+00:00\",\"mainEntityOfPage\":{\"@id\":\"https:\\\/\\\/noticiasmercedinas.com\\\/site\\\/2026\\\/04\\\/27\\\/presentes-en-el-rural-bike-de-las-chacras\\\/\"},\"wordCount\":338,\"publisher\":{\"@id\":\"https:\\\/\\\/noticiasmercedinas.com\\\/site\\\/#organization\"},\"image\":{\"@id\":\"https:\\\/\\\/noticiasmercedinas.com\\\/site\\\/2026\\\/04\\\/27\\\/presentes-en-el-rural-bike-de-las-chacras\\\/#primaryimage\"},\"thumbnailUrl\":\"https:\\\/\\\/noticiasmercedinas.com\\\/site\\\/wp-content\\\/uploads\\\/2026\\\/04\\\/a95879c2-2905-4daf-b22b-91d41bb16dd6.jpg\",\"keywords\":[\"Dar\u00edo Oliva\",\"jorge morales\",\"lobos\",\"rural bike\",\"Valeria G\u00f3mez\"],\"articleSection\":[\"Deportes\"],\"inLanguage\":\"es\"},{\"@type\":\"WebPage\",\"@id\":\"https:\\\/\\\/noticiasmercedinas.com\\\/site\\\/2026\\\/04\\\/27\\\/presentes-en-el-rural-bike-de-las-chacras\\\/\",\"url\":\"https:\\\/\\\/noticiasmercedinas.com\\\/site\\\/2026\\\/04\\\/27\\\/presentes-en-el-rural-bike-de-las-chacras\\\/\",\"name\":\"Presentes en el Rural Bike de Las Chacras\",\"isPartOf\":{\"@id\":\"https:\\\/\\\/noticiasmercedinas.com\\\/site\\\/#website\"},\"primaryImageOfPage\":{\"@id\":\"https:\\\/\\\/noticiasmercedinas.com\\\/site\\\/2026\\\/04\\\/27\\\/presentes-en-el-rural-bike-de-las-chacras\\\/#primaryimage\"},\"image\":{\"@id\":\"https:\\\/\\\/noticiasmercedinas.com\\\/site\\\/2026\\\/04\\\/27\\\/presentes-en-el-rural-bike-de-las-chacras\\\/#primaryimage\"},\"thumbnailUrl\":\"https:\\\/\\\/noticiasmercedinas.com\\\/site\\\/wp-content\\\/uploads\\\/2026\\\/04\\\/a95879c2-2905-4daf-b22b-91d41bb16dd6.jpg\",\"datePublished\":\"2026-04-27T19:13:31+00:00\",\"dateModified\":\"2026-04-27T19:14:03+00:00\",\"breadcrumb\":{\"@id\":\"https:\\\/\\\/noticiasmercedinas.com\\\/site\\\/2026\\\/04\\\/27\\\/presentes-en-el-rural-bike-de-las-chacras\\\/#breadcrumb\"},\"inLanguage\":\"es\",\"potentialAction\":[{\"@type\":\"ReadAction\",\"target\":[\"https:\\\/\\\/noticiasmercedinas.com\\\/site\\\/2026\\\/04\\\/27\\\/presentes-en-el-rural-bike-de-las-chacras\\\/\"]}]},{\"@type\":\"ImageObject\",\"inLanguage\":\"es\",\"@id\":\"https:\\\/\\\/noticiasmercedinas.com\\\/site\\\/2026\\\/04\\\/27\\\/presentes-en-el-rural-bike-de-las-chacras\\\/#primaryimage\",\"url\":\"https:\\\/\\\/noticiasmercedinas.com\\\/site\\\/wp-content\\\/uploads\\\/2026\\\/04\\\/a95879c2-2905-4daf-b22b-91d41bb16dd6.jpg\",\"contentUrl\":\"https:\\\/\\\/noticiasmercedinas.com\\\/site\\\/wp-content\\\/uploads\\\/2026\\\/04\\\/a95879c2-2905-4daf-b22b-91d41bb16dd6.jpg\",\"width\":640,\"height\":435},{\"@type\":\"BreadcrumbList\",\"@id\":\"https:\\\/\\\/noticiasmercedinas.com\\\/site\\\/2026\\\/04\\\/27\\\/presentes-en-el-rural-bike-de-las-chacras\\\/#breadcrumb\",\"itemListElement\":[{\"@type\":\"ListItem\",\"position\":1,\"name\":\"Portada\",\"item\":\"https:\\\/\\\/noticiasmercedinas.com\\\/site\\\/\"},{\"@type\":\"ListItem\",\"position\":2,\"name\":\"Presentes en el Rural Bike de Las Chacras\"}]},{\"@type\":\"WebSite\",\"@id\":\"https:\\\/\\\/noticiasmercedinas.com\\\/site\\\/#website\",\"url\":\"https:\\\/\\\/noticiasmercedinas.com\\\/site\\\/\",\"name\":\"NOTICIASMERCEDINAS.COM\",\"description\":\"Mercedes, Buenos Aires, Argentina\",\"publisher\":{\"@id\":\"https:\\\/\\\/noticiasmercedinas.com\\\/site\\\/#organization\"},\"potentialAction\":[{\"@type\":\"SearchAction\",\"target\":{\"@type\":\"EntryPoint\",\"urlTemplate\":\"https:\\\/\\\/noticiasmercedinas.com\\\/site\\\/?s={search_term_string}\"},\"query-input\":{\"@type\":\"PropertyValueSpecification\",\"valueRequired\":true,\"valueName\":\"search_term_string\"}}],\"inLanguage\":\"es\"},{\"@type\":\"Organization\",\"@id\":\"https:\\\/\\\/noticiasmercedinas.com\\\/site\\\/#organization\",\"name\":\"NOTICIASMERCEDINAS.COM\",\"url\":\"https:\\\/\\\/noticiasmercedinas.com\\\/site\\\/\",\"logo\":{\"@type\":\"ImageObject\",\"inLanguage\":\"es\",\"@id\":\"https:\\\/\\\/noticiasmercedinas.com\\\/site\\\/#\\\/schema\\\/logo\\\/image\\\/\",\"url\":\"https:\\\/\\\/noticiasmercedinas.com\\\/site\\\/wp-content\\\/uploads\\\/2020\\\/06\\\/LOGO-512.jpg\",\"contentUrl\":\"https:\\\/\\\/noticiasmercedinas.com\\\/site\\\/wp-content\\\/uploads\\\/2020\\\/06\\\/LOGO-512.jpg\",\"width\":512,\"height\":512,\"caption\":\"NOTICIASMERCEDINAS.COM\"},\"image\":{\"@id\":\"https:\\\/\\\/noticiasmercedinas.com\\\/site\\\/#\\\/schema\\\/logo\\\/image\\\/\"},\"sameAs\":[\"https:\\\/\\\/www.facebook.com\\\/noticiasmercedinas\\\/\",\"https:\\\/\\\/x.com\\\/notmercedinas\",\"https:\\\/\\\/www.instagram.com\\\/noticiasmercedinas\\\/\"]},{\"@type\":\"Person\",\"@id\":\"https:\\\/\\\/noticiasmercedinas.com\\\/site\\\/#\\\/schema\\\/person\\\/8f2f09d666ef40986eba4a5e6f2a06f9\",\"name\":\"Juan Dagnino NOTICIASMERCEDINAS.COM\",\"image\":{\"@type\":\"ImageObject\",\"inLanguage\":\"es\",\"@id\":\"https:\\\/\\\/secure.gravatar.com\\\/avatar\\\/fc7059a769f5a3cae65fadb228a3e4accf3a64b4b2305020d0a27e6d5333c91b?s=96&d=mm&r=g\",\"url\":\"https:\\\/\\\/secure.gravatar.com\\\/avatar\\\/fc7059a769f5a3cae65fadb228a3e4accf3a64b4b2305020d0a27e6d5333c91b?s=96&d=mm&r=g\",\"contentUrl\":\"https:\\\/\\\/secure.gravatar.com\\\/avatar\\\/fc7059a769f5a3cae65fadb228a3e4accf3a64b4b2305020d0a27e6d5333c91b?s=96&d=mm&r=g\",\"caption\":\"Juan Dagnino NOTICIASMERCEDINAS.COM\"},\"url\":\"https:\\\/\\\/noticiasmercedinas.com\\\/site\\\/author\\\/juandagnino\\\/\"}]}<\/script>\n<!-- \/ Yoast SEO plugin. -->","yoast_head_json":{"title":"Presentes en el Rural Bike de Las Chacras","robots":{"index":"index","follow":"follow","max-snippet":"max-snippet:-1","max-image-preview":"max-image-preview:large","max-video-preview":"max-video-preview:-1"},"canonical":"https:\/\/noticiasmercedinas.com\/site\/2026\/04\/27\/presentes-en-el-rural-bike-de-las-chacras\/","og_locale":"es_ES","og_type":"article","og_title":"Presentes en el Rural Bike de Las Chacras","og_description":"\u25a0 Bajo condiciones clim\u00e1ticas adversas, los representantes de Mercedes lograron podios destacados en la segunda fecha del certamen organizado por Rural Bike Lobos.","og_url":"https:\/\/noticiasmercedinas.com\/site\/2026\/04\/27\/presentes-en-el-rural-bike-de-las-chacras\/","og_site_name":"NOTICIASMERCEDINAS.COM","article_publisher":"https:\/\/www.facebook.com\/noticiasmercedinas\/","article_published_time":"2026-04-27T19:13:31+00:00","article_modified_time":"2026-04-27T19:14:03+00:00","og_image":[{"width":640,"height":435,"url":"https:\/\/noticiasmercedinas.com\/site\/wp-content\/uploads\/2026\/04\/a95879c2-2905-4daf-b22b-91d41bb16dd6.jpg","type":"image\/jpeg"}],"author":"Juan Dagnino NOTICIASMERCEDINAS.COM","twitter_card":"summary_large_image","twitter_creator":"@notmercedinas","twitter_site":"@notmercedinas","twitter_misc":{"Escrito por":"Juan Dagnino NOTICIASMERCEDINAS.COM","Tiempo de lectura":"3 minutos"},"schema":{"@context":"https:\/\/schema.org","@graph":[{"@type":"Article","@id":"https:\/\/noticiasmercedinas.com\/site\/2026\/04\/27\/presentes-en-el-rural-bike-de-las-chacras\/#article","isPartOf":{"@id":"https:\/\/noticiasmercedinas.com\/site\/2026\/04\/27\/presentes-en-el-rural-bike-de-las-chacras\/"},"author":{"name":"Juan Dagnino NOTICIASMERCEDINAS.COM","@id":"https:\/\/noticiasmercedinas.com\/site\/#\/schema\/person\/8f2f09d666ef40986eba4a5e6f2a06f9"},"headline":"Presentes en el Rural Bike de Las Chacras","datePublished":"2026-04-27T19:13:31+00:00","dateModified":"2026-04-27T19:14:03+00:00","mainEntityOfPage":{"@id":"https:\/\/noticiasmercedinas.com\/site\/2026\/04\/27\/presentes-en-el-rural-bike-de-las-chacras\/"},"wordCount":338,"publisher":{"@id":"https:\/\/noticiasmercedinas.com\/site\/#organization"},"image":{"@id":"https:\/\/noticiasmercedinas.com\/site\/2026\/04\/27\/presentes-en-el-rural-bike-de-las-chacras\/#primaryimage"},"thumbnailUrl":"https:\/\/noticiasmercedinas.com\/site\/wp-content\/uploads\/2026\/04\/a95879c2-2905-4daf-b22b-91d41bb16dd6.jpg","keywords":["Dar\u00edo Oliva","jorge morales","lobos","rural bike","Valeria G\u00f3mez"],"articleSection":["Deportes"],"inLanguage":"es"},{"@type":"WebPage","@id":"https:\/\/noticiasmercedinas.com\/site\/2026\/04\/27\/presentes-en-el-rural-bike-de-las-chacras\/","url":"https:\/\/noticiasmercedinas.com\/site\/2026\/04\/27\/presentes-en-el-rural-bike-de-las-chacras\/","name":"Presentes en el Rural Bike de Las Chacras","isPartOf":{"@id":"https:\/\/noticiasmercedinas.com\/site\/#website"},"primaryImageOfPage":{"@id":"https:\/\/noticiasmercedinas.com\/site\/2026\/04\/27\/presentes-en-el-rural-bike-de-las-chacras\/#primaryimage"},"image":{"@id":"https:\/\/noticiasmercedinas.com\/site\/2026\/04\/27\/presentes-en-el-rural-bike-de-las-chacras\/#primaryimage"},"thumbnailUrl":"https:\/\/noticiasmercedinas.com\/site\/wp-content\/uploads\/2026\/04\/a95879c2-2905-4daf-b22b-91d41bb16dd6.jpg","datePublished":"2026-04-27T19:13:31+00:00","dateModified":"2026-04-27T19:14:03+00:00","breadcrumb":{"@id":"https:\/\/noticiasmercedinas.com\/site\/2026\/04\/27\/presentes-en-el-rural-bike-de-las-chacras\/#breadcrumb"},"inLanguage":"es","potentialAction":[{"@type":"ReadAction","target":["https:\/\/noticiasmercedinas.com\/site\/2026\/04\/27\/presentes-en-el-rural-bike-de-las-chacras\/"]}]},{"@type":"ImageObject","inLanguage":"es","@id":"https:\/\/noticiasmercedinas.com\/site\/2026\/04\/27\/presentes-en-el-rural-bike-de-las-chacras\/#primaryimage","url":"https:\/\/noticiasmercedinas.com\/site\/wp-content\/uploads\/2026\/04\/a95879c2-2905-4daf-b22b-91d41bb16dd6.jpg","contentUrl":"https:\/\/noticiasmercedinas.com\/site\/wp-content\/uploads\/2026\/04\/a95879c2-2905-4daf-b22b-91d41bb16dd6.jpg","width":640,"height":435},{"@type":"BreadcrumbList","@id":"https:\/\/noticiasmercedinas.com\/site\/2026\/04\/27\/presentes-en-el-rural-bike-de-las-chacras\/#breadcrumb","itemListElement":[{"@type":"ListItem","position":1,"name":"Portada","item":"https:\/\/noticiasmercedinas.com\/site\/"},{"@type":"ListItem","position":2,"name":"Presentes en el Rural Bike de Las Chacras"}]},{"@type":"WebSite","@id":"https:\/\/noticiasmercedinas.com\/site\/#website","url":"https:\/\/noticiasmercedinas.com\/site\/","name":"NOTICIASMERCEDINAS.COM","description":"Mercedes, Buenos Aires, Argentina","publisher":{"@id":"https:\/\/noticiasmercedinas.com\/site\/#organization"},"potentialAction":[{"@type":"SearchAction","target":{"@type":"EntryPoint","urlTemplate":"https:\/\/noticiasmercedinas.com\/site\/?s={search_term_string}"},"query-input":{"@type":"PropertyValueSpecification","valueRequired":true,"valueName":"search_term_string"}}],"inLanguage":"es"},{"@type":"Organization","@id":"https:\/\/noticiasmercedinas.com\/site\/#organization","name":"NOTICIASMERCEDINAS.COM","url":"https:\/\/noticiasmercedinas.com\/site\/","logo":{"@type":"ImageObject","inLanguage":"es","@id":"https:\/\/noticiasmercedinas.com\/site\/#\/schema\/logo\/image\/","url":"https:\/\/noticiasmercedinas.com\/site\/wp-content\/uploads\/2020\/06\/LOGO-512.jpg","contentUrl":"https:\/\/noticiasmercedinas.com\/site\/wp-content\/uploads\/2020\/06\/LOGO-512.jpg","width":512,"height":512,"caption":"NOTICIASMERCEDINAS.COM"},"image":{"@id":"https:\/\/noticiasmercedinas.com\/site\/#\/schema\/logo\/image\/"},"sameAs":["https:\/\/www.facebook.com\/noticiasmercedinas\/","https:\/\/x.com\/notmercedinas","https:\/\/www.instagram.com\/noticiasmercedinas\/"]},{"@type":"Person","@id":"https:\/\/noticiasmercedinas.com\/site\/#\/schema\/person\/8f2f09d666ef40986eba4a5e6f2a06f9","name":"Juan Dagnino NOTICIASMERCEDINAS.COM","image":{"@type":"ImageObject","inLanguage":"es","@id":"https:\/\/secure.gravatar.com\/avatar\/fc7059a769f5a3cae65fadb228a3e4accf3a64b4b2305020d0a27e6d5333c91b?s=96&d=mm&r=g","url":"https:\/\/secure.gravatar.com\/avatar\/fc7059a769f5a3cae65fadb228a3e4accf3a64b4b2305020d0a27e6d5333c91b?s=96&d=mm&r=g","contentUrl":"https:\/\/secure.gravatar.com\/avatar\/fc7059a769f5a3cae65fadb228a3e4accf3a64b4b2305020d0a27e6d5333c91b?s=96&d=mm&r=g","caption":"Juan Dagnino NOTICIASMERCEDINAS.COM"},"url":"https:\/\/noticiasmercedinas.com\/site\/author\/juandagnino\/"}]}},"amp_enabled":true,"_links":{"self":[{"href":"https:\/\/noticiasmercedinas.com\/site\/wp-json\/wp\/v2\/posts\/185272","targetHints":{"allow":["GET"]}}],"collection":[{"href":"https:\/\/noticiasmercedinas.com\/site\/wp-json\/wp\/v2\/posts"}],"about":[{"href":"https:\/\/noticiasmercedinas.com\/site\/wp-json\/wp\/v2\/types\/post"}],"author":[{"embeddable":true,"href":"https:\/\/noticiasmercedinas.com\/site\/wp-json\/wp\/v2\/users\/6"}],"replies":[{"embeddable":true,"href":"https:\/\/noticiasmercedinas.com\/site\/wp-json\/wp\/v2\/comments?post=185272"}],"version-history":[{"count":2,"href":"https:\/\/noticiasmercedinas.com\/site\/wp-json\/wp\/v2\/posts\/185272\/revisions"}],"predecessor-version":[{"id":185277,"href":"https:\/\/noticiasmercedinas.com\/site\/wp-json\/wp\/v2\/posts\/185272\/revisions\/185277"}],"wp:featuredmedia":[{"embeddable":true,"href":"https:\/\/noticiasmercedinas.com\/site\/wp-json\/wp\/v2\/media\/185273"}],"wp:attachment":[{"href":"https:\/\/noticiasmercedinas.com\/site\/wp-json\/wp\/v2\/media?parent=185272"}],"wp:term":[{"taxonomy":"category","embeddable":true,"href":"https:\/\/noticiasmercedinas.com\/site\/wp-json\/wp\/v2\/categories?post=185272"},{"taxonomy":"post_tag","embeddable":true,"href":"https:\/\/noticiasmercedinas.com\/site\/wp-json\/wp\/v2\/tags?post=185272"}],"curies":[{"name":"wp","href":"https:\/\/api.w.org\/{rel}","templated":true}]}}