{"id":185278,"date":"2026-04-27T17:04:03","date_gmt":"2026-04-27T20:04:03","guid":{"rendered":"https:\/\/noticiasmercedinas.com\/site\/?p=185278"},"modified":"2026-04-27T17:04:03","modified_gmt":"2026-04-27T20:04:03","slug":"blues-con-voz-de-mujer-las-bacanas-se-presentan-en-llegaron-los-blues","status":"publish","type":"post","link":"https:\/\/noticiasmercedinas.com\/site\/2026\/04\/27\/blues-con-voz-de-mujer-las-bacanas-se-presentan-en-llegaron-los-blues\/","title":{"rendered":"Blues con voz de mujer: Las Bacanas se presentan en \u00abLlegaron los Blues\u00bb"},"content":{"rendered":"<p><img loading=\"lazy\" decoding=\"async\" class=\"alignnone size-full wp-image-185279\" src=\"https:\/\/noticiasmercedinas.com\/site\/wp-content\/uploads\/2026\/04\/bacanas.jpg\" alt=\"\" width=\"640\" height=\"515\" srcset=\"https:\/\/noticiasmercedinas.com\/site\/wp-content\/uploads\/2026\/04\/bacanas.jpg 640w, https:\/\/noticiasmercedinas.com\/site\/wp-content\/uploads\/2026\/04\/bacanas-300x241.jpg 300w\" sizes=\"auto, (max-width: 640px) 100vw, 640px\" \/><\/p>\n<p>La escena del blues nacional se pone la camiseta de la radio y sale al aire mercedino. Este jueves 30 de abril a las 18:00 horas, el programa \u00abLlegaron los Blues\u00bb recibir\u00e1 por primera vez a Las Bacanas, el ascendente d\u00fao porte\u00f1o que est\u00e1 captando la atenci\u00f3n de la escena local por su potente sonido y su impronta cl\u00e1sica.<\/p>\n<p>La emisi\u00f3n, que se transmite a trav\u00e9s de UDPlay 88.1 (FM Santa Mar\u00eda), contar\u00e1 con una entrevista exclusiva conducida por Hern\u00e1n Rivero.<\/p>\n<blockquote><p>El d\u00fao integrado por Paula Litardo y Belu Blues brindar\u00e1 una entrevista exclusiva este jueves 30 de abril.<\/p><\/blockquote>\n<p>Durante el encuentro, las artistas compartir\u00e1n detalles sobre su proceso creativo, sus influencias y el ambicioso proyecto discogr\u00e1fico que tienen previsto para este a\u00f1o.<\/p>\n<p><strong>Identidad de rock y ra\u00edces<\/strong><br \/>\nLas Bacanas est\u00e1 conformado por Paula Gonz\u00e1lez Litardo en la voz y Mar\u00eda Bel\u00e9n De Nardo (conocida como Belu Blues) en la guitarra. Surgidas de la intensa escena de Buenos Aires, el d\u00fao ha logrado una identidad sonora que oscila entre el rock y el blues m\u00e1s puro, rindiendo homenaje a figuras ic\u00f3nicas como Etta James, Koko Taylor y Led Zeppelin.<\/p>\n<p>La banda dio un salto significativo en 2025 con el lanzamiento de sus primeros singles, \u201cAtrapada en este Blues\u201d y \u201cBad People\u201d, canciones que evidencian una madurez t\u00e9cnica y una energ\u00eda que las ha llevado a recorrer diversos escenarios del circuito de blues argentino.<\/p>\n<p><strong>Presente y futuro: El disco 2026<\/strong><br \/>\nLa visita al programa mercedino se produce en un momento bisagra para el d\u00fao. Actualmente, Las Bacanas se encuentran sumergidas en la producci\u00f3n de su primer material discogr\u00e1fico (EP\/Disco debut), con el objetivo de lanzarlo oficialmente antes de que finalice el 2026.<\/p>\n<p>\u00abLlegaron los blues\u00bb sigue motorizando la escena cultural e invitando a artistas que refrescan el g\u00e9nero con propuestas aut\u00e9nticas, destacando la importancia de abrir el micr\u00f3fono a las nuevas generaciones que sostienen el g\u00e9nero.<\/p>\n<p>La audiencia podr\u00e1 sintonizar la entrevista en vivo por el dial 88.1 o seguir las plataformas digitales de la radio para conocer m\u00e1s sobre estas artistas que, como bien indica el lema de la emisi\u00f3n, est\u00e1n \u00abatrapadas por el blues\u00bb.<\/p>\n<p><img loading=\"lazy\" decoding=\"async\" class=\"alignnone size-full wp-image-185280\" src=\"https:\/\/noticiasmercedinas.com\/site\/wp-content\/uploads\/2026\/04\/WhatsApp-Image-2026-04-26-at-8.21.45-PM-1.jpeg\" alt=\"\" width=\"1600\" height=\"1600\" srcset=\"https:\/\/noticiasmercedinas.com\/site\/wp-content\/uploads\/2026\/04\/WhatsApp-Image-2026-04-26-at-8.21.45-PM-1.jpeg 1600w, https:\/\/noticiasmercedinas.com\/site\/wp-content\/uploads\/2026\/04\/WhatsApp-Image-2026-04-26-at-8.21.45-PM-1-300x300.jpeg 300w, https:\/\/noticiasmercedinas.com\/site\/wp-content\/uploads\/2026\/04\/WhatsApp-Image-2026-04-26-at-8.21.45-PM-1-1024x1024.jpeg 1024w, https:\/\/noticiasmercedinas.com\/site\/wp-content\/uploads\/2026\/04\/WhatsApp-Image-2026-04-26-at-8.21.45-PM-1-150x150.jpeg 150w, https:\/\/noticiasmercedinas.com\/site\/wp-content\/uploads\/2026\/04\/WhatsApp-Image-2026-04-26-at-8.21.45-PM-1-768x768.jpeg 768w, https:\/\/noticiasmercedinas.com\/site\/wp-content\/uploads\/2026\/04\/WhatsApp-Image-2026-04-26-at-8.21.45-PM-1-1536x1536.jpeg 1536w, https:\/\/noticiasmercedinas.com\/site\/wp-content\/uploads\/2026\/04\/WhatsApp-Image-2026-04-26-at-8.21.45-PM-1-640x640.jpeg 640w, https:\/\/noticiasmercedinas.com\/site\/wp-content\/uploads\/2026\/04\/WhatsApp-Image-2026-04-26-at-8.21.45-PM-1-1280x1280.jpeg 1280w, https:\/\/noticiasmercedinas.com\/site\/wp-content\/uploads\/2026\/04\/WhatsApp-Image-2026-04-26-at-8.21.45-PM-1-681x681.jpeg 681w, https:\/\/noticiasmercedinas.com\/site\/wp-content\/uploads\/2026\/04\/WhatsApp-Image-2026-04-26-at-8.21.45-PM-1-1362x1362.jpeg 1362w\" sizes=\"auto, (max-width: 1600px) 100vw, 1600px\" \/><\/p>\n","protected":false},"excerpt":{"rendered":"<p>La escena del blues nacional se pone la camiseta de la radio y sale al aire mercedino. Este jueves 30 de abril a las 18:00 horas, el programa \u00abLlegaron los Blues\u00bb recibir\u00e1 por primera vez a Las Bacanas, el ascendente d\u00fao porte\u00f1o que est\u00e1 captando la atenci\u00f3n de la escena local por su potente sonido [&hellip;]<\/p>\n","protected":false},"author":16,"featured_media":185279,"comment_status":"closed","ping_status":"closed","sticky":false,"template":"","format":"standard","meta":{"footnotes":""},"categories":[4210],"tags":[1087,55,22089,22090],"class_list":["post-185278","post","type-post","status-publish","format-standard","has-post-thumbnail","hentry","category-medios","tag-blues","tag-hernan-rivero","tag-las-bacanas","tag-radio-llegaron-los-blues"],"yoast_head":"<!-- This site is optimized with the Yoast SEO plugin v27.4 - https:\/\/yoast.com\/product\/yoast-seo-wordpress\/ -->\n<title>Blues con voz de mujer: Las Bacanas se presentan en &quot;Llegaron los Blues&quot;<\/title>\n<meta name=\"robots\" content=\"index, follow, max-snippet:-1, max-image-preview:large, max-video-preview:-1\" \/>\n<link rel=\"canonical\" href=\"https:\/\/noticiasmercedinas.com\/site\/2026\/04\/27\/blues-con-voz-de-mujer-las-bacanas-se-presentan-en-llegaron-los-blues\/\" \/>\n<meta property=\"og:locale\" content=\"es_ES\" \/>\n<meta property=\"og:type\" content=\"article\" \/>\n<meta property=\"og:title\" content=\"Blues con voz de mujer: Las Bacanas se presentan en &quot;Llegaron los Blues&quot;\" \/>\n<meta property=\"og:description\" content=\"La escena del blues nacional se pone la camiseta de la radio y sale al aire mercedino. Este jueves 30 de abril a las 18:00 horas, el programa \u00abLlegaron los Blues\u00bb recibir\u00e1 por primera vez a Las Bacanas, el ascendente d\u00fao porte\u00f1o que est\u00e1 captando la atenci\u00f3n de la escena local por su potente sonido [&hellip;]\" \/>\n<meta property=\"og:url\" content=\"https:\/\/noticiasmercedinas.com\/site\/2026\/04\/27\/blues-con-voz-de-mujer-las-bacanas-se-presentan-en-llegaron-los-blues\/\" \/>\n<meta property=\"og:site_name\" content=\"NOTICIASMERCEDINAS.COM\" \/>\n<meta property=\"article:publisher\" content=\"https:\/\/www.facebook.com\/noticiasmercedinas\/\" \/>\n<meta property=\"article:published_time\" content=\"2026-04-27T20:04:03+00:00\" \/>\n<meta property=\"og:image\" content=\"https:\/\/noticiasmercedinas.com\/site\/wp-content\/uploads\/2026\/04\/bacanas.jpg\" \/>\n\t<meta property=\"og:image:width\" content=\"640\" \/>\n\t<meta property=\"og:image:height\" content=\"515\" \/>\n\t<meta property=\"og:image:type\" content=\"image\/jpeg\" \/>\n<meta name=\"author\" content=\"NOTICIASMERCEDINAS.COM\" \/>\n<meta name=\"twitter:card\" content=\"summary_large_image\" \/>\n<meta name=\"twitter:creator\" content=\"@notmercedinas\" \/>\n<meta name=\"twitter:site\" content=\"@notmercedinas\" \/>\n<meta name=\"twitter:label1\" content=\"Escrito por\" \/>\n\t<meta name=\"twitter:data1\" content=\"NOTICIASMERCEDINAS.COM\" \/>\n\t<meta name=\"twitter:label2\" content=\"Tiempo de lectura\" \/>\n\t<meta name=\"twitter:data2\" content=\"3 minutos\" \/>\n<script type=\"application\/ld+json\" class=\"yoast-schema-graph\">{\"@context\":\"https:\\\/\\\/schema.org\",\"@graph\":[{\"@type\":\"Article\",\"@id\":\"https:\\\/\\\/noticiasmercedinas.com\\\/site\\\/2026\\\/04\\\/27\\\/blues-con-voz-de-mujer-las-bacanas-se-presentan-en-llegaron-los-blues\\\/#article\",\"isPartOf\":{\"@id\":\"https:\\\/\\\/noticiasmercedinas.com\\\/site\\\/2026\\\/04\\\/27\\\/blues-con-voz-de-mujer-las-bacanas-se-presentan-en-llegaron-los-blues\\\/\"},\"author\":{\"name\":\"NOTICIASMERCEDINAS.COM\",\"@id\":\"https:\\\/\\\/noticiasmercedinas.com\\\/site\\\/#\\\/schema\\\/person\\\/84b59c099c28ff2e8b77d4ceec5d8063\"},\"headline\":\"Blues con voz de mujer: Las Bacanas se presentan en \u00abLlegaron los Blues\u00bb\",\"datePublished\":\"2026-04-27T20:04:03+00:00\",\"mainEntityOfPage\":{\"@id\":\"https:\\\/\\\/noticiasmercedinas.com\\\/site\\\/2026\\\/04\\\/27\\\/blues-con-voz-de-mujer-las-bacanas-se-presentan-en-llegaron-los-blues\\\/\"},\"wordCount\":392,\"publisher\":{\"@id\":\"https:\\\/\\\/noticiasmercedinas.com\\\/site\\\/#organization\"},\"image\":{\"@id\":\"https:\\\/\\\/noticiasmercedinas.com\\\/site\\\/2026\\\/04\\\/27\\\/blues-con-voz-de-mujer-las-bacanas-se-presentan-en-llegaron-los-blues\\\/#primaryimage\"},\"thumbnailUrl\":\"https:\\\/\\\/noticiasmercedinas.com\\\/site\\\/wp-content\\\/uploads\\\/2026\\\/04\\\/bacanas.jpg\",\"keywords\":[\"blues\",\"Hernan Rivero\",\"las bacanas\",\"radio llegaron los blues\"],\"articleSection\":[\"Medios\"],\"inLanguage\":\"es\"},{\"@type\":\"WebPage\",\"@id\":\"https:\\\/\\\/noticiasmercedinas.com\\\/site\\\/2026\\\/04\\\/27\\\/blues-con-voz-de-mujer-las-bacanas-se-presentan-en-llegaron-los-blues\\\/\",\"url\":\"https:\\\/\\\/noticiasmercedinas.com\\\/site\\\/2026\\\/04\\\/27\\\/blues-con-voz-de-mujer-las-bacanas-se-presentan-en-llegaron-los-blues\\\/\",\"name\":\"Blues con voz de mujer: Las Bacanas se presentan en \\\"Llegaron los Blues\\\"\",\"isPartOf\":{\"@id\":\"https:\\\/\\\/noticiasmercedinas.com\\\/site\\\/#website\"},\"primaryImageOfPage\":{\"@id\":\"https:\\\/\\\/noticiasmercedinas.com\\\/site\\\/2026\\\/04\\\/27\\\/blues-con-voz-de-mujer-las-bacanas-se-presentan-en-llegaron-los-blues\\\/#primaryimage\"},\"image\":{\"@id\":\"https:\\\/\\\/noticiasmercedinas.com\\\/site\\\/2026\\\/04\\\/27\\\/blues-con-voz-de-mujer-las-bacanas-se-presentan-en-llegaron-los-blues\\\/#primaryimage\"},\"thumbnailUrl\":\"https:\\\/\\\/noticiasmercedinas.com\\\/site\\\/wp-content\\\/uploads\\\/2026\\\/04\\\/bacanas.jpg\",\"datePublished\":\"2026-04-27T20:04:03+00:00\",\"breadcrumb\":{\"@id\":\"https:\\\/\\\/noticiasmercedinas.com\\\/site\\\/2026\\\/04\\\/27\\\/blues-con-voz-de-mujer-las-bacanas-se-presentan-en-llegaron-los-blues\\\/#breadcrumb\"},\"inLanguage\":\"es\",\"potentialAction\":[{\"@type\":\"ReadAction\",\"target\":[\"https:\\\/\\\/noticiasmercedinas.com\\\/site\\\/2026\\\/04\\\/27\\\/blues-con-voz-de-mujer-las-bacanas-se-presentan-en-llegaron-los-blues\\\/\"]}]},{\"@type\":\"ImageObject\",\"inLanguage\":\"es\",\"@id\":\"https:\\\/\\\/noticiasmercedinas.com\\\/site\\\/2026\\\/04\\\/27\\\/blues-con-voz-de-mujer-las-bacanas-se-presentan-en-llegaron-los-blues\\\/#primaryimage\",\"url\":\"https:\\\/\\\/noticiasmercedinas.com\\\/site\\\/wp-content\\\/uploads\\\/2026\\\/04\\\/bacanas.jpg\",\"contentUrl\":\"https:\\\/\\\/noticiasmercedinas.com\\\/site\\\/wp-content\\\/uploads\\\/2026\\\/04\\\/bacanas.jpg\",\"width\":640,\"height\":515},{\"@type\":\"BreadcrumbList\",\"@id\":\"https:\\\/\\\/noticiasmercedinas.com\\\/site\\\/2026\\\/04\\\/27\\\/blues-con-voz-de-mujer-las-bacanas-se-presentan-en-llegaron-los-blues\\\/#breadcrumb\",\"itemListElement\":[{\"@type\":\"ListItem\",\"position\":1,\"name\":\"Portada\",\"item\":\"https:\\\/\\\/noticiasmercedinas.com\\\/site\\\/\"},{\"@type\":\"ListItem\",\"position\":2,\"name\":\"Blues con voz de mujer: Las Bacanas se presentan en \u00abLlegaron los Blues\u00bb\"}]},{\"@type\":\"WebSite\",\"@id\":\"https:\\\/\\\/noticiasmercedinas.com\\\/site\\\/#website\",\"url\":\"https:\\\/\\\/noticiasmercedinas.com\\\/site\\\/\",\"name\":\"NOTICIASMERCEDINAS.COM\",\"description\":\"Mercedes, Buenos Aires, Argentina\",\"publisher\":{\"@id\":\"https:\\\/\\\/noticiasmercedinas.com\\\/site\\\/#organization\"},\"potentialAction\":[{\"@type\":\"SearchAction\",\"target\":{\"@type\":\"EntryPoint\",\"urlTemplate\":\"https:\\\/\\\/noticiasmercedinas.com\\\/site\\\/?s={search_term_string}\"},\"query-input\":{\"@type\":\"PropertyValueSpecification\",\"valueRequired\":true,\"valueName\":\"search_term_string\"}}],\"inLanguage\":\"es\"},{\"@type\":\"Organization\",\"@id\":\"https:\\\/\\\/noticiasmercedinas.com\\\/site\\\/#organization\",\"name\":\"NOTICIASMERCEDINAS.COM\",\"url\":\"https:\\\/\\\/noticiasmercedinas.com\\\/site\\\/\",\"logo\":{\"@type\":\"ImageObject\",\"inLanguage\":\"es\",\"@id\":\"https:\\\/\\\/noticiasmercedinas.com\\\/site\\\/#\\\/schema\\\/logo\\\/image\\\/\",\"url\":\"https:\\\/\\\/noticiasmercedinas.com\\\/site\\\/wp-content\\\/uploads\\\/2020\\\/06\\\/LOGO-512.jpg\",\"contentUrl\":\"https:\\\/\\\/noticiasmercedinas.com\\\/site\\\/wp-content\\\/uploads\\\/2020\\\/06\\\/LOGO-512.jpg\",\"width\":512,\"height\":512,\"caption\":\"NOTICIASMERCEDINAS.COM\"},\"image\":{\"@id\":\"https:\\\/\\\/noticiasmercedinas.com\\\/site\\\/#\\\/schema\\\/logo\\\/image\\\/\"},\"sameAs\":[\"https:\\\/\\\/www.facebook.com\\\/noticiasmercedinas\\\/\",\"https:\\\/\\\/x.com\\\/notmercedinas\",\"https:\\\/\\\/www.instagram.com\\\/noticiasmercedinas\\\/\"]},{\"@type\":\"Person\",\"@id\":\"https:\\\/\\\/noticiasmercedinas.com\\\/site\\\/#\\\/schema\\\/person\\\/84b59c099c28ff2e8b77d4ceec5d8063\",\"name\":\"NOTICIASMERCEDINAS.COM\",\"image\":{\"@type\":\"ImageObject\",\"inLanguage\":\"es\",\"@id\":\"https:\\\/\\\/secure.gravatar.com\\\/avatar\\\/4dfbf16b4d17945bfb6341b2d19043457132fcf478a5ee04f42e959fd8f5df0a?s=96&d=mm&r=g\",\"url\":\"https:\\\/\\\/secure.gravatar.com\\\/avatar\\\/4dfbf16b4d17945bfb6341b2d19043457132fcf478a5ee04f42e959fd8f5df0a?s=96&d=mm&r=g\",\"contentUrl\":\"https:\\\/\\\/secure.gravatar.com\\\/avatar\\\/4dfbf16b4d17945bfb6341b2d19043457132fcf478a5ee04f42e959fd8f5df0a?s=96&d=mm&r=g\",\"caption\":\"NOTICIASMERCEDINAS.COM\"},\"url\":\"https:\\\/\\\/noticiasmercedinas.com\\\/site\\\/author\\\/anonimo\\\/\"}]}<\/script>\n<!-- \/ Yoast SEO plugin. -->","yoast_head_json":{"title":"Blues con voz de mujer: Las Bacanas se presentan en \"Llegaron los Blues\"","robots":{"index":"index","follow":"follow","max-snippet":"max-snippet:-1","max-image-preview":"max-image-preview:large","max-video-preview":"max-video-preview:-1"},"canonical":"https:\/\/noticiasmercedinas.com\/site\/2026\/04\/27\/blues-con-voz-de-mujer-las-bacanas-se-presentan-en-llegaron-los-blues\/","og_locale":"es_ES","og_type":"article","og_title":"Blues con voz de mujer: Las Bacanas se presentan en \"Llegaron los Blues\"","og_description":"La escena del blues nacional se pone la camiseta de la radio y sale al aire mercedino. Este jueves 30 de abril a las 18:00 horas, el programa \u00abLlegaron los Blues\u00bb recibir\u00e1 por primera vez a Las Bacanas, el ascendente d\u00fao porte\u00f1o que est\u00e1 captando la atenci\u00f3n de la escena local por su potente sonido [&hellip;]","og_url":"https:\/\/noticiasmercedinas.com\/site\/2026\/04\/27\/blues-con-voz-de-mujer-las-bacanas-se-presentan-en-llegaron-los-blues\/","og_site_name":"NOTICIASMERCEDINAS.COM","article_publisher":"https:\/\/www.facebook.com\/noticiasmercedinas\/","article_published_time":"2026-04-27T20:04:03+00:00","og_image":[{"width":640,"height":515,"url":"https:\/\/noticiasmercedinas.com\/site\/wp-content\/uploads\/2026\/04\/bacanas.jpg","type":"image\/jpeg"}],"author":"NOTICIASMERCEDINAS.COM","twitter_card":"summary_large_image","twitter_creator":"@notmercedinas","twitter_site":"@notmercedinas","twitter_misc":{"Escrito por":"NOTICIASMERCEDINAS.COM","Tiempo de lectura":"3 minutos"},"schema":{"@context":"https:\/\/schema.org","@graph":[{"@type":"Article","@id":"https:\/\/noticiasmercedinas.com\/site\/2026\/04\/27\/blues-con-voz-de-mujer-las-bacanas-se-presentan-en-llegaron-los-blues\/#article","isPartOf":{"@id":"https:\/\/noticiasmercedinas.com\/site\/2026\/04\/27\/blues-con-voz-de-mujer-las-bacanas-se-presentan-en-llegaron-los-blues\/"},"author":{"name":"NOTICIASMERCEDINAS.COM","@id":"https:\/\/noticiasmercedinas.com\/site\/#\/schema\/person\/84b59c099c28ff2e8b77d4ceec5d8063"},"headline":"Blues con voz de mujer: Las Bacanas se presentan en \u00abLlegaron los Blues\u00bb","datePublished":"2026-04-27T20:04:03+00:00","mainEntityOfPage":{"@id":"https:\/\/noticiasmercedinas.com\/site\/2026\/04\/27\/blues-con-voz-de-mujer-las-bacanas-se-presentan-en-llegaron-los-blues\/"},"wordCount":392,"publisher":{"@id":"https:\/\/noticiasmercedinas.com\/site\/#organization"},"image":{"@id":"https:\/\/noticiasmercedinas.com\/site\/2026\/04\/27\/blues-con-voz-de-mujer-las-bacanas-se-presentan-en-llegaron-los-blues\/#primaryimage"},"thumbnailUrl":"https:\/\/noticiasmercedinas.com\/site\/wp-content\/uploads\/2026\/04\/bacanas.jpg","keywords":["blues","Hernan Rivero","las bacanas","radio llegaron los blues"],"articleSection":["Medios"],"inLanguage":"es"},{"@type":"WebPage","@id":"https:\/\/noticiasmercedinas.com\/site\/2026\/04\/27\/blues-con-voz-de-mujer-las-bacanas-se-presentan-en-llegaron-los-blues\/","url":"https:\/\/noticiasmercedinas.com\/site\/2026\/04\/27\/blues-con-voz-de-mujer-las-bacanas-se-presentan-en-llegaron-los-blues\/","name":"Blues con voz de mujer: Las Bacanas se presentan en \"Llegaron los Blues\"","isPartOf":{"@id":"https:\/\/noticiasmercedinas.com\/site\/#website"},"primaryImageOfPage":{"@id":"https:\/\/noticiasmercedinas.com\/site\/2026\/04\/27\/blues-con-voz-de-mujer-las-bacanas-se-presentan-en-llegaron-los-blues\/#primaryimage"},"image":{"@id":"https:\/\/noticiasmercedinas.com\/site\/2026\/04\/27\/blues-con-voz-de-mujer-las-bacanas-se-presentan-en-llegaron-los-blues\/#primaryimage"},"thumbnailUrl":"https:\/\/noticiasmercedinas.com\/site\/wp-content\/uploads\/2026\/04\/bacanas.jpg","datePublished":"2026-04-27T20:04:03+00:00","breadcrumb":{"@id":"https:\/\/noticiasmercedinas.com\/site\/2026\/04\/27\/blues-con-voz-de-mujer-las-bacanas-se-presentan-en-llegaron-los-blues\/#breadcrumb"},"inLanguage":"es","potentialAction":[{"@type":"ReadAction","target":["https:\/\/noticiasmercedinas.com\/site\/2026\/04\/27\/blues-con-voz-de-mujer-las-bacanas-se-presentan-en-llegaron-los-blues\/"]}]},{"@type":"ImageObject","inLanguage":"es","@id":"https:\/\/noticiasmercedinas.com\/site\/2026\/04\/27\/blues-con-voz-de-mujer-las-bacanas-se-presentan-en-llegaron-los-blues\/#primaryimage","url":"https:\/\/noticiasmercedinas.com\/site\/wp-content\/uploads\/2026\/04\/bacanas.jpg","contentUrl":"https:\/\/noticiasmercedinas.com\/site\/wp-content\/uploads\/2026\/04\/bacanas.jpg","width":640,"height":515},{"@type":"BreadcrumbList","@id":"https:\/\/noticiasmercedinas.com\/site\/2026\/04\/27\/blues-con-voz-de-mujer-las-bacanas-se-presentan-en-llegaron-los-blues\/#breadcrumb","itemListElement":[{"@type":"ListItem","position":1,"name":"Portada","item":"https:\/\/noticiasmercedinas.com\/site\/"},{"@type":"ListItem","position":2,"name":"Blues con voz de mujer: Las Bacanas se presentan en \u00abLlegaron los Blues\u00bb"}]},{"@type":"WebSite","@id":"https:\/\/noticiasmercedinas.com\/site\/#website","url":"https:\/\/noticiasmercedinas.com\/site\/","name":"NOTICIASMERCEDINAS.COM","description":"Mercedes, Buenos Aires, Argentina","publisher":{"@id":"https:\/\/noticiasmercedinas.com\/site\/#organization"},"potentialAction":[{"@type":"SearchAction","target":{"@type":"EntryPoint","urlTemplate":"https:\/\/noticiasmercedinas.com\/site\/?s={search_term_string}"},"query-input":{"@type":"PropertyValueSpecification","valueRequired":true,"valueName":"search_term_string"}}],"inLanguage":"es"},{"@type":"Organization","@id":"https:\/\/noticiasmercedinas.com\/site\/#organization","name":"NOTICIASMERCEDINAS.COM","url":"https:\/\/noticiasmercedinas.com\/site\/","logo":{"@type":"ImageObject","inLanguage":"es","@id":"https:\/\/noticiasmercedinas.com\/site\/#\/schema\/logo\/image\/","url":"https:\/\/noticiasmercedinas.com\/site\/wp-content\/uploads\/2020\/06\/LOGO-512.jpg","contentUrl":"https:\/\/noticiasmercedinas.com\/site\/wp-content\/uploads\/2020\/06\/LOGO-512.jpg","width":512,"height":512,"caption":"NOTICIASMERCEDINAS.COM"},"image":{"@id":"https:\/\/noticiasmercedinas.com\/site\/#\/schema\/logo\/image\/"},"sameAs":["https:\/\/www.facebook.com\/noticiasmercedinas\/","https:\/\/x.com\/notmercedinas","https:\/\/www.instagram.com\/noticiasmercedinas\/"]},{"@type":"Person","@id":"https:\/\/noticiasmercedinas.com\/site\/#\/schema\/person\/84b59c099c28ff2e8b77d4ceec5d8063","name":"NOTICIASMERCEDINAS.COM","image":{"@type":"ImageObject","inLanguage":"es","@id":"https:\/\/secure.gravatar.com\/avatar\/4dfbf16b4d17945bfb6341b2d19043457132fcf478a5ee04f42e959fd8f5df0a?s=96&d=mm&r=g","url":"https:\/\/secure.gravatar.com\/avatar\/4dfbf16b4d17945bfb6341b2d19043457132fcf478a5ee04f42e959fd8f5df0a?s=96&d=mm&r=g","contentUrl":"https:\/\/secure.gravatar.com\/avatar\/4dfbf16b4d17945bfb6341b2d19043457132fcf478a5ee04f42e959fd8f5df0a?s=96&d=mm&r=g","caption":"NOTICIASMERCEDINAS.COM"},"url":"https:\/\/noticiasmercedinas.com\/site\/author\/anonimo\/"}]}},"amp_enabled":true,"_links":{"self":[{"href":"https:\/\/noticiasmercedinas.com\/site\/wp-json\/wp\/v2\/posts\/185278","targetHints":{"allow":["GET"]}}],"collection":[{"href":"https:\/\/noticiasmercedinas.com\/site\/wp-json\/wp\/v2\/posts"}],"about":[{"href":"https:\/\/noticiasmercedinas.com\/site\/wp-json\/wp\/v2\/types\/post"}],"author":[{"embeddable":true,"href":"https:\/\/noticiasmercedinas.com\/site\/wp-json\/wp\/v2\/users\/16"}],"replies":[{"embeddable":true,"href":"https:\/\/noticiasmercedinas.com\/site\/wp-json\/wp\/v2\/comments?post=185278"}],"version-history":[{"count":1,"href":"https:\/\/noticiasmercedinas.com\/site\/wp-json\/wp\/v2\/posts\/185278\/revisions"}],"predecessor-version":[{"id":185281,"href":"https:\/\/noticiasmercedinas.com\/site\/wp-json\/wp\/v2\/posts\/185278\/revisions\/185281"}],"wp:featuredmedia":[{"embeddable":true,"href":"https:\/\/noticiasmercedinas.com\/site\/wp-json\/wp\/v2\/media\/185279"}],"wp:attachment":[{"href":"https:\/\/noticiasmercedinas.com\/site\/wp-json\/wp\/v2\/media?parent=185278"}],"wp:term":[{"taxonomy":"category","embeddable":true,"href":"https:\/\/noticiasmercedinas.com\/site\/wp-json\/wp\/v2\/categories?post=185278"},{"taxonomy":"post_tag","embeddable":true,"href":"https:\/\/noticiasmercedinas.com\/site\/wp-json\/wp\/v2\/tags?post=185278"}],"curies":[{"name":"wp","href":"https:\/\/api.w.org\/{rel}","templated":true}]}}