{"id":185286,"date":"2026-04-27T18:10:33","date_gmt":"2026-04-27T21:10:33","guid":{"rendered":"https:\/\/noticiasmercedinas.com\/site\/?p=185286"},"modified":"2026-04-27T18:10:33","modified_gmt":"2026-04-27T21:10:33","slug":"la-fiesta-de-la-torta-frita-genero-un-movimiento-economico-superior-a-los-650-millones-de-pesos","status":"publish","type":"post","link":"https:\/\/noticiasmercedinas.com\/site\/2026\/04\/27\/la-fiesta-de-la-torta-frita-genero-un-movimiento-economico-superior-a-los-650-millones-de-pesos\/","title":{"rendered":"La Fiesta de la Torta Frita gener\u00f3 un movimiento econ\u00f3mico superior a los 650 millones de pesos"},"content":{"rendered":"<p data-path-to-node=\"5\"><img loading=\"lazy\" decoding=\"async\" class=\"alignnone size-full wp-image-185288\" src=\"https:\/\/noticiasmercedinas.com\/site\/wp-content\/uploads\/2026\/04\/Conferencia-TortaFrita.jpeg\" alt=\"\" width=\"1319\" height=\"879\" srcset=\"https:\/\/noticiasmercedinas.com\/site\/wp-content\/uploads\/2026\/04\/Conferencia-TortaFrita.jpeg 1319w, https:\/\/noticiasmercedinas.com\/site\/wp-content\/uploads\/2026\/04\/Conferencia-TortaFrita-300x200.jpeg 300w, https:\/\/noticiasmercedinas.com\/site\/wp-content\/uploads\/2026\/04\/Conferencia-TortaFrita-1024x682.jpeg 1024w, https:\/\/noticiasmercedinas.com\/site\/wp-content\/uploads\/2026\/04\/Conferencia-TortaFrita-768x512.jpeg 768w, https:\/\/noticiasmercedinas.com\/site\/wp-content\/uploads\/2026\/04\/Conferencia-TortaFrita-640x427.jpeg 640w, https:\/\/noticiasmercedinas.com\/site\/wp-content\/uploads\/2026\/04\/Conferencia-TortaFrita-1280x853.jpeg 1280w, https:\/\/noticiasmercedinas.com\/site\/wp-content\/uploads\/2026\/04\/Conferencia-TortaFrita-681x454.jpeg 681w\" sizes=\"auto, (max-width: 1319px) 100vw, 1319px\" \/><\/p>\n<p data-path-to-node=\"5\">En un ejercicio de transparencia institucional, el intendente <b data-path-to-node=\"5\" data-index-in-node=\"74\">Juan Ignacio Ustarroz<\/b> encabez\u00f3 este mediod\u00eda la rendici\u00f3n de cuentas de la <b data-path-to-node=\"5\" data-index-in-node=\"149\">26ta Fiesta Nacional de la Torta Frita<\/b>.<\/p>\n<p data-path-to-node=\"5\">Ante un auditorio compuesto por concejales de todo el arco pol\u00edtico, organizadores y referentes institucionales, el jefe comunal destac\u00f3 el impacto \u00abecon\u00f3mico y humano\u00bb de un evento que logr\u00f3 movilizar m\u00e1s de <b data-path-to-node=\"5\" data-index-in-node=\"398\">650 millones de pesos<\/b> en la econom\u00eda local.<\/p>\n<p data-path-to-node=\"6\">El balance arroj\u00f3 una <b data-path-to-node=\"6\" data-index-in-node=\"22\">ganancia neta para el municipio de $21.772.450<\/b>, producto de una recaudaci\u00f3n total de $85,8 millones en concepto de entradas y canon de puestos.<\/p>\n<p data-path-to-node=\"6\">Ustarroz subray\u00f3 que, m\u00e1s all\u00e1 de las cifras, la fiesta cumpli\u00f3 su rol social como \u00abpunto de encuentro a trav\u00e9s de la cultura y el deporte\u00bb, consolidando a Mercedes como un destino tur\u00edstico de cercan\u00eda.<\/p>\n<p data-path-to-node=\"8\">La presentaci\u00f3n se realiz\u00f3 en el recinto del Honorable Concejo Deliberante, contando con la presencia de ediles del oficialismo y de la oposici\u00f3n (UCR y LLA).<\/p>\n<p data-path-to-node=\"9,0\">\u201cEstamos convencidos de que este es el camino: unidad en la diversidad. Discutir desde el respeto y sostener lo que funciona bien, como es esta fiesta\u201d, se\u00f1al\u00f3 el intendente, agradeciendo especialmente la presencia de los bloques opositores en el marco del <b data-path-to-node=\"9,0\" data-index-in-node=\"257\">Programa de Transparencia Municipal<\/b>.<\/p>\n<h3 data-path-to-node=\"10\">Radiograf\u00eda de los n\u00fameros<\/h3>\n<p data-path-to-node=\"11\">El informe t\u00e9cnico detall\u00f3 que el \u00e9xito financiero se sostuvo a pesar de una ca\u00edda del <b data-path-to-node=\"11\" data-index-in-node=\"87\">19.5% en la asistencia<\/b> respecto al a\u00f1o anterior (10.387 visitantes en 2026 frente a los 12.902 de 2025).<\/p>\n<p data-path-to-node=\"12,0,0\"><b data-path-to-node=\"12,0,0\" data-index-in-node=\"0\">Recaudaci\u00f3n por entradas:<\/b> $57.526.000.<\/p>\n<p data-path-to-node=\"12,1,0\"><b data-path-to-node=\"12,1,0\" data-index-in-node=\"0\">Canon de stands y puestos:<\/b> $28.290.000.<\/p>\n<p data-path-to-node=\"12,2,0\"><b data-path-to-node=\"12,2,0\" data-index-in-node=\"0\">Apoyo externo:<\/b> El Consejo Federal de Inversiones (CFI) aport\u00f3 <b data-path-to-node=\"12,2,0\" data-index-in-node=\"62\">120 millones de pesos<\/b>, fondos que, seg\u00fan Ustarroz, \u00abvuelven a la ciudad y se multiplican\u00bb.<\/p>\n<p data-path-to-node=\"12,3,0\"><b data-path-to-node=\"12,3,0\" data-index-in-node=\"0\">Impacto en el empleo:<\/b> Los 53 puestos habilitados emplearon a <b data-path-to-node=\"12,3,0\" data-index-in-node=\"61\">435 personas<\/b>, con una facturaci\u00f3n total de stands que ascendi\u00f3 a los <b data-path-to-node=\"12,3,0\" data-index-in-node=\"130\">$581.610.000<\/b>.<\/p>\n<h3 data-path-to-node=\"13\">El rol social de los clubes<\/h3>\n<p data-path-to-node=\"14\">Uno de los puntos m\u00e1s destacados fue el beneficio directo para las entidades intermedias. A trav\u00e9s de la gesti\u00f3n de cantinas y el servicio de estacionamiento, las instituciones y clubes recaudaron <b data-path-to-node=\"14\" data-index-in-node=\"197\">$30.386.000<\/b>.<\/p>\n<p data-path-to-node=\"15\"><b data-path-to-node=\"15\" data-index-in-node=\"0\">Elina Cadenazzo<\/b>, presidenta del club Palometas, valor\u00f3 el impacto en la contenci\u00f3n social: \u201cLa recaudaci\u00f3n nos permite sostener obras y el objetivo de tener a los chicos en los clubes, que para ellos sea su segundo hogar\u201d.<\/p>\n<h3 data-path-to-node=\"16\">Fortalezas y desaf\u00edos<\/h3>\n<p data-path-to-node=\"17\">Encuestas realizadas durante el s\u00e1bado 11 y domingo 12 de abril revelaron que los asistentes valoran el ambiente familiar, la seguridad y el atractivo de la <b data-path-to-node=\"17\" data-index-in-node=\"157\">torta frita gigante<\/b>. No obstante, el Ejecutivo tom\u00f3 nota de las demandas para futuras ediciones, que incluyen:<\/p>\n<ol>\n<li data-path-to-node=\"18,0,0\">Incrementar la cantidad de <b data-path-to-node=\"18,0,0\" data-index-in-node=\"27\">ba\u00f1os qu\u00edmicos<\/b>.<\/li>\n<li data-path-to-node=\"18,1,0\">Mejorar la <b data-path-to-node=\"18,1,0\" data-index-in-node=\"11\">conectividad<\/b> (se\u00f1al de telefon\u00eda\/internet) en el predio.<\/li>\n<li data-path-to-node=\"18,2,0\">Reforzar la <b data-path-to-node=\"18,2,0\" data-index-in-node=\"12\">se\u00f1al\u00e9tica<\/b> del Parque Independencia.<\/li>\n<\/ol>\n<h3>Resumen Econ\u00f3mico de la 26ta Edici\u00f3n<\/h3>\n<table data-path-to-node=\"21\">\n<thead>\n<tr>\n<td><strong>Concepto<\/strong><\/td>\n<td><strong>Monto en Pesos<\/strong><\/td>\n<\/tr>\n<\/thead>\n<tbody>\n<tr>\n<td><span data-path-to-node=\"21,1,0,0\"><b data-path-to-node=\"21,1,0,0\" data-index-in-node=\"0\">Facturaci\u00f3n Total de Stands<\/b><\/span><\/td>\n<td><span data-path-to-node=\"21,1,1,0\">$581.610.000<\/span><\/td>\n<\/tr>\n<tr>\n<td><span data-path-to-node=\"21,2,0,0\"><b data-path-to-node=\"21,2,0,0\" data-index-in-node=\"0\">Recaudaci\u00f3n Instituciones (Solidario)<\/b><\/span><\/td>\n<td><span data-path-to-node=\"21,2,1,0\">$30.386.000<\/span><\/td>\n<\/tr>\n<tr>\n<td><span data-path-to-node=\"21,3,0,0\"><b data-path-to-node=\"21,3,0,0\" data-index-in-node=\"0\">Ganancia Neta Municipal<\/b><\/span><\/td>\n<td><span data-path-to-node=\"21,3,1,0\">$21.772.450<\/span><\/td>\n<\/tr>\n<tr>\n<td><span data-path-to-node=\"21,4,0,0\"><b data-path-to-node=\"21,4,0,0\" data-index-in-node=\"0\">Aporte CFI<\/b><\/span><\/td>\n<td><span data-path-to-node=\"21,4,1,0\">$120.000.000<\/span><\/td>\n<\/tr>\n<tr>\n<td><span data-path-to-node=\"21,5,0,0\"><b data-path-to-node=\"21,5,0,0\" data-index-in-node=\"0\">Movimiento Econ\u00f3mico Total<\/b><\/span><\/td>\n<td><span data-path-to-node=\"21,5,1,0\"><b data-path-to-node=\"21,5,1,0\" data-index-in-node=\"0\">+ $650.000.000<\/b><\/span><\/td>\n<\/tr>\n<\/tbody>\n<\/table>\n<hr data-path-to-node=\"22\" \/>\n<blockquote data-path-to-node=\"23\">\n<p data-path-to-node=\"23,0\">El evento gener\u00f3 empleo directo para <b data-path-to-node=\"23,0\" data-index-in-node=\"49\">435 trabajadores<\/b> locales distribuidos en 53 puestos de venta y servicios.<\/p>\n<\/blockquote>\n<p data-path-to-node=\"23,0\"><img loading=\"lazy\" decoding=\"async\" class=\"alignnone size-full wp-image-185289\" src=\"https:\/\/noticiasmercedinas.com\/site\/wp-content\/uploads\/2026\/04\/fdt1.jpg\" alt=\"\" width=\"640\" height=\"402\" srcset=\"https:\/\/noticiasmercedinas.com\/site\/wp-content\/uploads\/2026\/04\/fdt1.jpg 640w, https:\/\/noticiasmercedinas.com\/site\/wp-content\/uploads\/2026\/04\/fdt1-300x188.jpg 300w\" sizes=\"auto, (max-width: 640px) 100vw, 640px\" \/><\/p>\n","protected":false},"excerpt":{"rendered":"<p>\u25a0 El intendente Ustarroz present\u00f3 el balance de la 26ta edici\u00f3n ante el Concejo Deliberante. Pese a una leve baja en la asistencia, el evento dej\u00f3 una ganancia neta de 21 millones para el municipio y beneficios millonarios para clubes e instituciones locales.<\/p>\n","protected":false},"author":16,"featured_media":185288,"comment_status":"closed","ping_status":"closed","sticky":false,"template":"","format":"standard","meta":{"footnotes":""},"categories":[3,20734],"tags":[351,3895,8633,14508],"class_list":["post-185286","post","type-post","status-publish","format-standard","has-post-thumbnail","hentry","category-sociedad","category-ultimo-momento","tag-economia","tag-fiesta-de-la-torta-frita","tag-recaudacion","tag-transparencia"],"yoast_head":"<!-- This site is optimized with the Yoast SEO plugin v27.4 - https:\/\/yoast.com\/product\/yoast-seo-wordpress\/ -->\n<title>La Fiesta de la Torta Frita gener\u00f3 un movimiento econ\u00f3mico superior a los 650 millones de pesos<\/title>\n<meta name=\"description\" content=\"El intendente Ustarroz present\u00f3 el balance de la 26ta edici\u00f3n ante el Concejo Deliberante. Pese a una leve baja en la asistencia, el evento dej\u00f3 una ganancia neta de 21 millones para el municipio y beneficios millonarios para clubes e instituciones locales.\" \/>\n<meta name=\"robots\" content=\"index, follow, max-snippet:-1, max-image-preview:large, max-video-preview:-1\" \/>\n<link rel=\"canonical\" href=\"https:\/\/noticiasmercedinas.com\/site\/2026\/04\/27\/la-fiesta-de-la-torta-frita-genero-un-movimiento-economico-superior-a-los-650-millones-de-pesos\/\" \/>\n<meta property=\"og:locale\" content=\"es_ES\" \/>\n<meta property=\"og:type\" content=\"article\" \/>\n<meta property=\"og:title\" content=\"La Fiesta de la Torta Frita gener\u00f3 un movimiento econ\u00f3mico superior a los 650 millones de pesos\" \/>\n<meta property=\"og:description\" content=\"El intendente Ustarroz present\u00f3 el balance de la 26ta edici\u00f3n ante el Concejo Deliberante. Pese a una leve baja en la asistencia, el evento dej\u00f3 una ganancia neta de 21 millones para el municipio y beneficios millonarios para clubes e instituciones locales.\" \/>\n<meta property=\"og:url\" content=\"https:\/\/noticiasmercedinas.com\/site\/2026\/04\/27\/la-fiesta-de-la-torta-frita-genero-un-movimiento-economico-superior-a-los-650-millones-de-pesos\/\" \/>\n<meta property=\"og:site_name\" content=\"NOTICIASMERCEDINAS.COM\" \/>\n<meta property=\"article:publisher\" content=\"https:\/\/www.facebook.com\/noticiasmercedinas\/\" \/>\n<meta property=\"article:published_time\" content=\"2026-04-27T21:10:33+00:00\" \/>\n<meta property=\"og:image\" content=\"https:\/\/noticiasmercedinas.com\/site\/wp-content\/uploads\/2026\/04\/Conferencia-TortaFrita.jpeg\" \/>\n\t<meta property=\"og:image:width\" content=\"1319\" \/>\n\t<meta property=\"og:image:height\" content=\"879\" \/>\n\t<meta property=\"og:image:type\" content=\"image\/jpeg\" \/>\n<meta name=\"author\" content=\"NOTICIASMERCEDINAS.COM\" \/>\n<meta name=\"twitter:card\" content=\"summary_large_image\" \/>\n<meta name=\"twitter:creator\" content=\"@notmercedinas\" \/>\n<meta name=\"twitter:site\" content=\"@notmercedinas\" \/>\n<meta name=\"twitter:label1\" content=\"Escrito por\" \/>\n\t<meta name=\"twitter:data1\" content=\"NOTICIASMERCEDINAS.COM\" \/>\n\t<meta name=\"twitter:label2\" content=\"Tiempo de lectura\" \/>\n\t<meta name=\"twitter:data2\" content=\"3 minutos\" \/>\n<script type=\"application\/ld+json\" class=\"yoast-schema-graph\">{\"@context\":\"https:\\\/\\\/schema.org\",\"@graph\":[{\"@type\":\"Article\",\"@id\":\"https:\\\/\\\/noticiasmercedinas.com\\\/site\\\/2026\\\/04\\\/27\\\/la-fiesta-de-la-torta-frita-genero-un-movimiento-economico-superior-a-los-650-millones-de-pesos\\\/#article\",\"isPartOf\":{\"@id\":\"https:\\\/\\\/noticiasmercedinas.com\\\/site\\\/2026\\\/04\\\/27\\\/la-fiesta-de-la-torta-frita-genero-un-movimiento-economico-superior-a-los-650-millones-de-pesos\\\/\"},\"author\":{\"name\":\"NOTICIASMERCEDINAS.COM\",\"@id\":\"https:\\\/\\\/noticiasmercedinas.com\\\/site\\\/#\\\/schema\\\/person\\\/84b59c099c28ff2e8b77d4ceec5d8063\"},\"headline\":\"La Fiesta de la Torta Frita gener\u00f3 un movimiento econ\u00f3mico superior a los 650 millones de pesos\",\"datePublished\":\"2026-04-27T21:10:33+00:00\",\"mainEntityOfPage\":{\"@id\":\"https:\\\/\\\/noticiasmercedinas.com\\\/site\\\/2026\\\/04\\\/27\\\/la-fiesta-de-la-torta-frita-genero-un-movimiento-economico-superior-a-los-650-millones-de-pesos\\\/\"},\"wordCount\":518,\"publisher\":{\"@id\":\"https:\\\/\\\/noticiasmercedinas.com\\\/site\\\/#organization\"},\"image\":{\"@id\":\"https:\\\/\\\/noticiasmercedinas.com\\\/site\\\/2026\\\/04\\\/27\\\/la-fiesta-de-la-torta-frita-genero-un-movimiento-economico-superior-a-los-650-millones-de-pesos\\\/#primaryimage\"},\"thumbnailUrl\":\"https:\\\/\\\/noticiasmercedinas.com\\\/site\\\/wp-content\\\/uploads\\\/2026\\\/04\\\/Conferencia-TortaFrita.jpeg\",\"keywords\":[\"economia\",\"fiesta de la torta frita\",\"recaudaci\u00f3n\",\"transparencia\"],\"articleSection\":[\"Sociedad\",\"Ultimo momento\"],\"inLanguage\":\"es\"},{\"@type\":\"WebPage\",\"@id\":\"https:\\\/\\\/noticiasmercedinas.com\\\/site\\\/2026\\\/04\\\/27\\\/la-fiesta-de-la-torta-frita-genero-un-movimiento-economico-superior-a-los-650-millones-de-pesos\\\/\",\"url\":\"https:\\\/\\\/noticiasmercedinas.com\\\/site\\\/2026\\\/04\\\/27\\\/la-fiesta-de-la-torta-frita-genero-un-movimiento-economico-superior-a-los-650-millones-de-pesos\\\/\",\"name\":\"La Fiesta de la Torta Frita gener\u00f3 un movimiento econ\u00f3mico superior a los 650 millones de pesos\",\"isPartOf\":{\"@id\":\"https:\\\/\\\/noticiasmercedinas.com\\\/site\\\/#website\"},\"primaryImageOfPage\":{\"@id\":\"https:\\\/\\\/noticiasmercedinas.com\\\/site\\\/2026\\\/04\\\/27\\\/la-fiesta-de-la-torta-frita-genero-un-movimiento-economico-superior-a-los-650-millones-de-pesos\\\/#primaryimage\"},\"image\":{\"@id\":\"https:\\\/\\\/noticiasmercedinas.com\\\/site\\\/2026\\\/04\\\/27\\\/la-fiesta-de-la-torta-frita-genero-un-movimiento-economico-superior-a-los-650-millones-de-pesos\\\/#primaryimage\"},\"thumbnailUrl\":\"https:\\\/\\\/noticiasmercedinas.com\\\/site\\\/wp-content\\\/uploads\\\/2026\\\/04\\\/Conferencia-TortaFrita.jpeg\",\"datePublished\":\"2026-04-27T21:10:33+00:00\",\"description\":\"El intendente Ustarroz present\u00f3 el balance de la 26ta edici\u00f3n ante el Concejo Deliberante. Pese a una leve baja en la asistencia, el evento dej\u00f3 una ganancia neta de 21 millones para el municipio y beneficios millonarios para clubes e instituciones locales.\",\"breadcrumb\":{\"@id\":\"https:\\\/\\\/noticiasmercedinas.com\\\/site\\\/2026\\\/04\\\/27\\\/la-fiesta-de-la-torta-frita-genero-un-movimiento-economico-superior-a-los-650-millones-de-pesos\\\/#breadcrumb\"},\"inLanguage\":\"es\",\"potentialAction\":[{\"@type\":\"ReadAction\",\"target\":[\"https:\\\/\\\/noticiasmercedinas.com\\\/site\\\/2026\\\/04\\\/27\\\/la-fiesta-de-la-torta-frita-genero-un-movimiento-economico-superior-a-los-650-millones-de-pesos\\\/\"]}]},{\"@type\":\"ImageObject\",\"inLanguage\":\"es\",\"@id\":\"https:\\\/\\\/noticiasmercedinas.com\\\/site\\\/2026\\\/04\\\/27\\\/la-fiesta-de-la-torta-frita-genero-un-movimiento-economico-superior-a-los-650-millones-de-pesos\\\/#primaryimage\",\"url\":\"https:\\\/\\\/noticiasmercedinas.com\\\/site\\\/wp-content\\\/uploads\\\/2026\\\/04\\\/Conferencia-TortaFrita.jpeg\",\"contentUrl\":\"https:\\\/\\\/noticiasmercedinas.com\\\/site\\\/wp-content\\\/uploads\\\/2026\\\/04\\\/Conferencia-TortaFrita.jpeg\",\"width\":1319,\"height\":879},{\"@type\":\"BreadcrumbList\",\"@id\":\"https:\\\/\\\/noticiasmercedinas.com\\\/site\\\/2026\\\/04\\\/27\\\/la-fiesta-de-la-torta-frita-genero-un-movimiento-economico-superior-a-los-650-millones-de-pesos\\\/#breadcrumb\",\"itemListElement\":[{\"@type\":\"ListItem\",\"position\":1,\"name\":\"Portada\",\"item\":\"https:\\\/\\\/noticiasmercedinas.com\\\/site\\\/\"},{\"@type\":\"ListItem\",\"position\":2,\"name\":\"La Fiesta de la Torta Frita gener\u00f3 un movimiento econ\u00f3mico superior a los 650 millones de pesos\"}]},{\"@type\":\"WebSite\",\"@id\":\"https:\\\/\\\/noticiasmercedinas.com\\\/site\\\/#website\",\"url\":\"https:\\\/\\\/noticiasmercedinas.com\\\/site\\\/\",\"name\":\"NOTICIASMERCEDINAS.COM\",\"description\":\"Mercedes, Buenos Aires, Argentina\",\"publisher\":{\"@id\":\"https:\\\/\\\/noticiasmercedinas.com\\\/site\\\/#organization\"},\"potentialAction\":[{\"@type\":\"SearchAction\",\"target\":{\"@type\":\"EntryPoint\",\"urlTemplate\":\"https:\\\/\\\/noticiasmercedinas.com\\\/site\\\/?s={search_term_string}\"},\"query-input\":{\"@type\":\"PropertyValueSpecification\",\"valueRequired\":true,\"valueName\":\"search_term_string\"}}],\"inLanguage\":\"es\"},{\"@type\":\"Organization\",\"@id\":\"https:\\\/\\\/noticiasmercedinas.com\\\/site\\\/#organization\",\"name\":\"NOTICIASMERCEDINAS.COM\",\"url\":\"https:\\\/\\\/noticiasmercedinas.com\\\/site\\\/\",\"logo\":{\"@type\":\"ImageObject\",\"inLanguage\":\"es\",\"@id\":\"https:\\\/\\\/noticiasmercedinas.com\\\/site\\\/#\\\/schema\\\/logo\\\/image\\\/\",\"url\":\"https:\\\/\\\/noticiasmercedinas.com\\\/site\\\/wp-content\\\/uploads\\\/2020\\\/06\\\/LOGO-512.jpg\",\"contentUrl\":\"https:\\\/\\\/noticiasmercedinas.com\\\/site\\\/wp-content\\\/uploads\\\/2020\\\/06\\\/LOGO-512.jpg\",\"width\":512,\"height\":512,\"caption\":\"NOTICIASMERCEDINAS.COM\"},\"image\":{\"@id\":\"https:\\\/\\\/noticiasmercedinas.com\\\/site\\\/#\\\/schema\\\/logo\\\/image\\\/\"},\"sameAs\":[\"https:\\\/\\\/www.facebook.com\\\/noticiasmercedinas\\\/\",\"https:\\\/\\\/x.com\\\/notmercedinas\",\"https:\\\/\\\/www.instagram.com\\\/noticiasmercedinas\\\/\"]},{\"@type\":\"Person\",\"@id\":\"https:\\\/\\\/noticiasmercedinas.com\\\/site\\\/#\\\/schema\\\/person\\\/84b59c099c28ff2e8b77d4ceec5d8063\",\"name\":\"NOTICIASMERCEDINAS.COM\",\"image\":{\"@type\":\"ImageObject\",\"inLanguage\":\"es\",\"@id\":\"https:\\\/\\\/secure.gravatar.com\\\/avatar\\\/4dfbf16b4d17945bfb6341b2d19043457132fcf478a5ee04f42e959fd8f5df0a?s=96&d=mm&r=g\",\"url\":\"https:\\\/\\\/secure.gravatar.com\\\/avatar\\\/4dfbf16b4d17945bfb6341b2d19043457132fcf478a5ee04f42e959fd8f5df0a?s=96&d=mm&r=g\",\"contentUrl\":\"https:\\\/\\\/secure.gravatar.com\\\/avatar\\\/4dfbf16b4d17945bfb6341b2d19043457132fcf478a5ee04f42e959fd8f5df0a?s=96&d=mm&r=g\",\"caption\":\"NOTICIASMERCEDINAS.COM\"},\"url\":\"https:\\\/\\\/noticiasmercedinas.com\\\/site\\\/author\\\/anonimo\\\/\"}]}<\/script>\n<!-- \/ Yoast SEO plugin. -->","yoast_head_json":{"title":"La Fiesta de la Torta Frita gener\u00f3 un movimiento econ\u00f3mico superior a los 650 millones de pesos","description":"El intendente Ustarroz present\u00f3 el balance de la 26ta edici\u00f3n ante el Concejo Deliberante. Pese a una leve baja en la asistencia, el evento dej\u00f3 una ganancia neta de 21 millones para el municipio y beneficios millonarios para clubes e instituciones locales.","robots":{"index":"index","follow":"follow","max-snippet":"max-snippet:-1","max-image-preview":"max-image-preview:large","max-video-preview":"max-video-preview:-1"},"canonical":"https:\/\/noticiasmercedinas.com\/site\/2026\/04\/27\/la-fiesta-de-la-torta-frita-genero-un-movimiento-economico-superior-a-los-650-millones-de-pesos\/","og_locale":"es_ES","og_type":"article","og_title":"La Fiesta de la Torta Frita gener\u00f3 un movimiento econ\u00f3mico superior a los 650 millones de pesos","og_description":"El intendente Ustarroz present\u00f3 el balance de la 26ta edici\u00f3n ante el Concejo Deliberante. Pese a una leve baja en la asistencia, el evento dej\u00f3 una ganancia neta de 21 millones para el municipio y beneficios millonarios para clubes e instituciones locales.","og_url":"https:\/\/noticiasmercedinas.com\/site\/2026\/04\/27\/la-fiesta-de-la-torta-frita-genero-un-movimiento-economico-superior-a-los-650-millones-de-pesos\/","og_site_name":"NOTICIASMERCEDINAS.COM","article_publisher":"https:\/\/www.facebook.com\/noticiasmercedinas\/","article_published_time":"2026-04-27T21:10:33+00:00","og_image":[{"width":1319,"height":879,"url":"https:\/\/noticiasmercedinas.com\/site\/wp-content\/uploads\/2026\/04\/Conferencia-TortaFrita.jpeg","type":"image\/jpeg"}],"author":"NOTICIASMERCEDINAS.COM","twitter_card":"summary_large_image","twitter_creator":"@notmercedinas","twitter_site":"@notmercedinas","twitter_misc":{"Escrito por":"NOTICIASMERCEDINAS.COM","Tiempo de lectura":"3 minutos"},"schema":{"@context":"https:\/\/schema.org","@graph":[{"@type":"Article","@id":"https:\/\/noticiasmercedinas.com\/site\/2026\/04\/27\/la-fiesta-de-la-torta-frita-genero-un-movimiento-economico-superior-a-los-650-millones-de-pesos\/#article","isPartOf":{"@id":"https:\/\/noticiasmercedinas.com\/site\/2026\/04\/27\/la-fiesta-de-la-torta-frita-genero-un-movimiento-economico-superior-a-los-650-millones-de-pesos\/"},"author":{"name":"NOTICIASMERCEDINAS.COM","@id":"https:\/\/noticiasmercedinas.com\/site\/#\/schema\/person\/84b59c099c28ff2e8b77d4ceec5d8063"},"headline":"La Fiesta de la Torta Frita gener\u00f3 un movimiento econ\u00f3mico superior a los 650 millones de pesos","datePublished":"2026-04-27T21:10:33+00:00","mainEntityOfPage":{"@id":"https:\/\/noticiasmercedinas.com\/site\/2026\/04\/27\/la-fiesta-de-la-torta-frita-genero-un-movimiento-economico-superior-a-los-650-millones-de-pesos\/"},"wordCount":518,"publisher":{"@id":"https:\/\/noticiasmercedinas.com\/site\/#organization"},"image":{"@id":"https:\/\/noticiasmercedinas.com\/site\/2026\/04\/27\/la-fiesta-de-la-torta-frita-genero-un-movimiento-economico-superior-a-los-650-millones-de-pesos\/#primaryimage"},"thumbnailUrl":"https:\/\/noticiasmercedinas.com\/site\/wp-content\/uploads\/2026\/04\/Conferencia-TortaFrita.jpeg","keywords":["economia","fiesta de la torta frita","recaudaci\u00f3n","transparencia"],"articleSection":["Sociedad","Ultimo momento"],"inLanguage":"es"},{"@type":"WebPage","@id":"https:\/\/noticiasmercedinas.com\/site\/2026\/04\/27\/la-fiesta-de-la-torta-frita-genero-un-movimiento-economico-superior-a-los-650-millones-de-pesos\/","url":"https:\/\/noticiasmercedinas.com\/site\/2026\/04\/27\/la-fiesta-de-la-torta-frita-genero-un-movimiento-economico-superior-a-los-650-millones-de-pesos\/","name":"La Fiesta de la Torta Frita gener\u00f3 un movimiento econ\u00f3mico superior a los 650 millones de pesos","isPartOf":{"@id":"https:\/\/noticiasmercedinas.com\/site\/#website"},"primaryImageOfPage":{"@id":"https:\/\/noticiasmercedinas.com\/site\/2026\/04\/27\/la-fiesta-de-la-torta-frita-genero-un-movimiento-economico-superior-a-los-650-millones-de-pesos\/#primaryimage"},"image":{"@id":"https:\/\/noticiasmercedinas.com\/site\/2026\/04\/27\/la-fiesta-de-la-torta-frita-genero-un-movimiento-economico-superior-a-los-650-millones-de-pesos\/#primaryimage"},"thumbnailUrl":"https:\/\/noticiasmercedinas.com\/site\/wp-content\/uploads\/2026\/04\/Conferencia-TortaFrita.jpeg","datePublished":"2026-04-27T21:10:33+00:00","description":"El intendente Ustarroz present\u00f3 el balance de la 26ta edici\u00f3n ante el Concejo Deliberante. Pese a una leve baja en la asistencia, el evento dej\u00f3 una ganancia neta de 21 millones para el municipio y beneficios millonarios para clubes e instituciones locales.","breadcrumb":{"@id":"https:\/\/noticiasmercedinas.com\/site\/2026\/04\/27\/la-fiesta-de-la-torta-frita-genero-un-movimiento-economico-superior-a-los-650-millones-de-pesos\/#breadcrumb"},"inLanguage":"es","potentialAction":[{"@type":"ReadAction","target":["https:\/\/noticiasmercedinas.com\/site\/2026\/04\/27\/la-fiesta-de-la-torta-frita-genero-un-movimiento-economico-superior-a-los-650-millones-de-pesos\/"]}]},{"@type":"ImageObject","inLanguage":"es","@id":"https:\/\/noticiasmercedinas.com\/site\/2026\/04\/27\/la-fiesta-de-la-torta-frita-genero-un-movimiento-economico-superior-a-los-650-millones-de-pesos\/#primaryimage","url":"https:\/\/noticiasmercedinas.com\/site\/wp-content\/uploads\/2026\/04\/Conferencia-TortaFrita.jpeg","contentUrl":"https:\/\/noticiasmercedinas.com\/site\/wp-content\/uploads\/2026\/04\/Conferencia-TortaFrita.jpeg","width":1319,"height":879},{"@type":"BreadcrumbList","@id":"https:\/\/noticiasmercedinas.com\/site\/2026\/04\/27\/la-fiesta-de-la-torta-frita-genero-un-movimiento-economico-superior-a-los-650-millones-de-pesos\/#breadcrumb","itemListElement":[{"@type":"ListItem","position":1,"name":"Portada","item":"https:\/\/noticiasmercedinas.com\/site\/"},{"@type":"ListItem","position":2,"name":"La Fiesta de la Torta Frita gener\u00f3 un movimiento econ\u00f3mico superior a los 650 millones de pesos"}]},{"@type":"WebSite","@id":"https:\/\/noticiasmercedinas.com\/site\/#website","url":"https:\/\/noticiasmercedinas.com\/site\/","name":"NOTICIASMERCEDINAS.COM","description":"Mercedes, Buenos Aires, Argentina","publisher":{"@id":"https:\/\/noticiasmercedinas.com\/site\/#organization"},"potentialAction":[{"@type":"SearchAction","target":{"@type":"EntryPoint","urlTemplate":"https:\/\/noticiasmercedinas.com\/site\/?s={search_term_string}"},"query-input":{"@type":"PropertyValueSpecification","valueRequired":true,"valueName":"search_term_string"}}],"inLanguage":"es"},{"@type":"Organization","@id":"https:\/\/noticiasmercedinas.com\/site\/#organization","name":"NOTICIASMERCEDINAS.COM","url":"https:\/\/noticiasmercedinas.com\/site\/","logo":{"@type":"ImageObject","inLanguage":"es","@id":"https:\/\/noticiasmercedinas.com\/site\/#\/schema\/logo\/image\/","url":"https:\/\/noticiasmercedinas.com\/site\/wp-content\/uploads\/2020\/06\/LOGO-512.jpg","contentUrl":"https:\/\/noticiasmercedinas.com\/site\/wp-content\/uploads\/2020\/06\/LOGO-512.jpg","width":512,"height":512,"caption":"NOTICIASMERCEDINAS.COM"},"image":{"@id":"https:\/\/noticiasmercedinas.com\/site\/#\/schema\/logo\/image\/"},"sameAs":["https:\/\/www.facebook.com\/noticiasmercedinas\/","https:\/\/x.com\/notmercedinas","https:\/\/www.instagram.com\/noticiasmercedinas\/"]},{"@type":"Person","@id":"https:\/\/noticiasmercedinas.com\/site\/#\/schema\/person\/84b59c099c28ff2e8b77d4ceec5d8063","name":"NOTICIASMERCEDINAS.COM","image":{"@type":"ImageObject","inLanguage":"es","@id":"https:\/\/secure.gravatar.com\/avatar\/4dfbf16b4d17945bfb6341b2d19043457132fcf478a5ee04f42e959fd8f5df0a?s=96&d=mm&r=g","url":"https:\/\/secure.gravatar.com\/avatar\/4dfbf16b4d17945bfb6341b2d19043457132fcf478a5ee04f42e959fd8f5df0a?s=96&d=mm&r=g","contentUrl":"https:\/\/secure.gravatar.com\/avatar\/4dfbf16b4d17945bfb6341b2d19043457132fcf478a5ee04f42e959fd8f5df0a?s=96&d=mm&r=g","caption":"NOTICIASMERCEDINAS.COM"},"url":"https:\/\/noticiasmercedinas.com\/site\/author\/anonimo\/"}]}},"amp_enabled":true,"_links":{"self":[{"href":"https:\/\/noticiasmercedinas.com\/site\/wp-json\/wp\/v2\/posts\/185286","targetHints":{"allow":["GET"]}}],"collection":[{"href":"https:\/\/noticiasmercedinas.com\/site\/wp-json\/wp\/v2\/posts"}],"about":[{"href":"https:\/\/noticiasmercedinas.com\/site\/wp-json\/wp\/v2\/types\/post"}],"author":[{"embeddable":true,"href":"https:\/\/noticiasmercedinas.com\/site\/wp-json\/wp\/v2\/users\/16"}],"replies":[{"embeddable":true,"href":"https:\/\/noticiasmercedinas.com\/site\/wp-json\/wp\/v2\/comments?post=185286"}],"version-history":[{"count":2,"href":"https:\/\/noticiasmercedinas.com\/site\/wp-json\/wp\/v2\/posts\/185286\/revisions"}],"predecessor-version":[{"id":185290,"href":"https:\/\/noticiasmercedinas.com\/site\/wp-json\/wp\/v2\/posts\/185286\/revisions\/185290"}],"wp:featuredmedia":[{"embeddable":true,"href":"https:\/\/noticiasmercedinas.com\/site\/wp-json\/wp\/v2\/media\/185288"}],"wp:attachment":[{"href":"https:\/\/noticiasmercedinas.com\/site\/wp-json\/wp\/v2\/media?parent=185286"}],"wp:term":[{"taxonomy":"category","embeddable":true,"href":"https:\/\/noticiasmercedinas.com\/site\/wp-json\/wp\/v2\/categories?post=185286"},{"taxonomy":"post_tag","embeddable":true,"href":"https:\/\/noticiasmercedinas.com\/site\/wp-json\/wp\/v2\/tags?post=185286"}],"curies":[{"name":"wp","href":"https:\/\/api.w.org\/{rel}","templated":true}]}}