{"id":185297,"date":"2026-04-27T20:47:18","date_gmt":"2026-04-27T23:47:18","guid":{"rendered":"https:\/\/noticiasmercedinas.com\/site\/?p=185297"},"modified":"2026-04-27T20:47:18","modified_gmt":"2026-04-27T23:47:18","slug":"mariana-san-martin-cruzo-a-la-oposicion-por-la-paralisis-de-la-obra-publica-en-mercedes","status":"publish","type":"post","link":"https:\/\/noticiasmercedinas.com\/site\/2026\/04\/27\/mariana-san-martin-cruzo-a-la-oposicion-por-la-paralisis-de-la-obra-publica-en-mercedes\/","title":{"rendered":"Mariana San Mart\u00edn cruz\u00f3 a la oposici\u00f3n por la par\u00e1lisis de la obra p\u00fablica en Mercedes"},"content":{"rendered":"<p dir=\"ltr\"><img loading=\"lazy\" decoding=\"async\" class=\"alignnone size-full wp-image-185300\" src=\"https:\/\/noticiasmercedinas.com\/site\/wp-content\/uploads\/2026\/04\/IMG-20260427-WA0046.jpg\" alt=\"\" width=\"1100\" height=\"706\" srcset=\"https:\/\/noticiasmercedinas.com\/site\/wp-content\/uploads\/2026\/04\/IMG-20260427-WA0046.jpg 1100w, https:\/\/noticiasmercedinas.com\/site\/wp-content\/uploads\/2026\/04\/IMG-20260427-WA0046-300x194.jpg 300w, https:\/\/noticiasmercedinas.com\/site\/wp-content\/uploads\/2026\/04\/IMG-20260427-WA0046-1024x657.jpg 1024w, https:\/\/noticiasmercedinas.com\/site\/wp-content\/uploads\/2026\/04\/IMG-20260427-WA0046-768x493.jpg 768w, https:\/\/noticiasmercedinas.com\/site\/wp-content\/uploads\/2026\/04\/IMG-20260427-WA0046-640x411.jpg 640w, https:\/\/noticiasmercedinas.com\/site\/wp-content\/uploads\/2026\/04\/IMG-20260427-WA0046-681x437.jpg 681w\" sizes=\"auto, (max-width: 1100px) 100vw, 1100px\" \/><\/p>\n<p dir=\"ltr\"><span style=\"font-family: Verdana, Geneva, sans-serif; font-size: 14px;\">En la previa de una nueva sesi\u00f3n del Honorable Concejo Deliberante, la titular del cuerpo legislativo, <\/span><b style=\"font-family: Verdana, Geneva, sans-serif; font-size: 14px;\">Mariana San Mart\u00edn<\/b><span style=\"font-family: Verdana, Geneva, sans-serif; font-size: 14px;\">, manifest\u00f3 su sorpresa y malestar ante el proyecto presentado por el bloque de La Libertad Avanza respecto a la paralizaci\u00f3n de una obra de viviendas bioclim\u00e1ticas en la ciudad. <\/span><\/p>\n<p dir=\"ltr\"><span style=\"font-family: Verdana, Geneva, sans-serif; font-size: 14px;\">La funcionaria calific\u00f3 el reclamo como \u00abllamativo\u00bb, se\u00f1alando que los concejales opositores exigen respuestas por obras que el propio gobierno que representan decidi\u00f3 desfinanciar.<\/span><\/p>\n<p dir=\"ltr\">\u200b\u201cNo sabemos si es desconocimiento o una forma de instalar un tema sin asumir responsabilidades, porque estamos hablando de obras que depend\u00edan en gran parte del financiamiento nacional\u201d, sentenci\u00f3 San Mart\u00edn, vinculando directamente el freno de los trabajos con el cambio de pol\u00edtica econ\u00f3mica implementado desde diciembre de 2023.<\/p>\n<h3 dir=\"ltr\">\u200bUn impacto que trasciende lo local<\/h3>\n<p dir=\"ltr\">\u200bPara la presidenta del HCD, el planteo de la oposici\u00f3n busca desviar la discusi\u00f3n del foco real del problema. San Mart\u00edn detall\u00f3 que la situaci\u00f3n de las viviendas bioclim\u00e1ticas no es un hecho aislado, sino que forma parte de un escenario cr\u00edtico que afecta a diversos programas habitacionales en el distrito:<\/p>\n<ul>\n<li dir=\"ltr\">\u200b<b>141 viviendas del Procrear<\/b> paralizadas con un alto grado de avance.<\/li>\n<li dir=\"ltr\">\u200b<b>32 viviendas del programa Casa Activa<\/b> detenidas.<\/li>\n<li dir=\"ltr\">\u200b<b>Proyectos de viviendas rurales<\/b> que no pudieron ser iniciados.<\/li>\n<\/ul>\n<p dir=\"ltr\">\u200b\u201cLa paralizaci\u00f3n de la obra p\u00fablica no es un dato t\u00e9cnico, es una decisi\u00f3n pol\u00edtica que tiene consecuencias reales sobre familias concretas\u201d, enfatiz\u00f3 la edil, remarcando que detr\u00e1s de cada expediente hay vecinos mercedinos esperando una soluci\u00f3n habitacional.<\/p>\n<h3 dir=\"ltr\">\u200bEl rol del Municipio y el pedido de gesti\u00f3n<\/h3>\n<p dir=\"ltr\">\u200bA pesar de la falta de fondos nacionales, San Mart\u00edn destac\u00f3 que el intendente y su equipo mantienen gestiones permanentes para intentar destrabar las obras. No obstante, fue tajante al pedir mayor compromiso a los referentes locales del oficialismo nacional: \u201cSer\u00eda importante que quienes hoy representan al Gobierno Nacional dejen de mirar para otro lado y gestionen respuestas para los mercedinos\u201d.<\/p>\n<p dir=\"ltr\">\u200bFinalmente, la funcionaria concluy\u00f3 que, si bien el Municipio busca soluciones alternativas de forma constante, la resoluci\u00f3n de los conflictos habitacionales se ve obstaculizada por la falta de voluntad pol\u00edtica del Ejecutivo Nacional para dar continuidad a los convenios preexistentes.<\/p>\n","protected":false},"excerpt":{"rendered":"<p>La presidenta del HCD cuestion\u00f3 el pedido de informes de La Libertad Avanza sobre las viviendas bioclim\u00e1ticas y record\u00f3 que la detenci\u00f3n de los trabajos responde a una decisi\u00f3n pol\u00edtica del Gobierno Nacional.<\/p>\n","protected":false},"author":16,"featured_media":185300,"comment_status":"closed","ping_status":"closed","sticky":false,"template":"","format":"standard","meta":{"footnotes":""},"categories":[16],"tags":[19,156],"class_list":["post-185297","post","type-post","status-publish","format-standard","has-post-thumbnail","hentry","category-politica","tag-hcd","tag-mariana-san-martin"],"yoast_head":"<!-- This site is optimized with the Yoast SEO plugin v27.4 - https:\/\/yoast.com\/product\/yoast-seo-wordpress\/ -->\n<title>Mariana San Mart\u00edn cruz\u00f3 a la oposici\u00f3n por la par\u00e1lisis de la obra p\u00fablica en Mercedes<\/title>\n<meta name=\"description\" content=\"La presidenta del HCD cuestion\u00f3 el pedido de informes de La Libertad Avanza sobre las viviendas bioclim\u00e1ticas y record\u00f3 que la detenci\u00f3n de los trabajos responde a una decisi\u00f3n pol\u00edtica del Gobierno Nacional.\" \/>\n<meta name=\"robots\" content=\"index, follow, max-snippet:-1, max-image-preview:large, max-video-preview:-1\" \/>\n<link rel=\"canonical\" href=\"https:\/\/noticiasmercedinas.com\/site\/2026\/04\/27\/mariana-san-martin-cruzo-a-la-oposicion-por-la-paralisis-de-la-obra-publica-en-mercedes\/\" \/>\n<meta property=\"og:locale\" content=\"es_ES\" \/>\n<meta property=\"og:type\" content=\"article\" \/>\n<meta property=\"og:title\" content=\"Mariana San Mart\u00edn cruz\u00f3 a la oposici\u00f3n por la par\u00e1lisis de la obra p\u00fablica en Mercedes\" \/>\n<meta property=\"og:description\" content=\"La presidenta del HCD cuestion\u00f3 el pedido de informes de La Libertad Avanza sobre las viviendas bioclim\u00e1ticas y record\u00f3 que la detenci\u00f3n de los trabajos responde a una decisi\u00f3n pol\u00edtica del Gobierno Nacional.\" \/>\n<meta property=\"og:url\" content=\"https:\/\/noticiasmercedinas.com\/site\/2026\/04\/27\/mariana-san-martin-cruzo-a-la-oposicion-por-la-paralisis-de-la-obra-publica-en-mercedes\/\" \/>\n<meta property=\"og:site_name\" content=\"NOTICIASMERCEDINAS.COM\" \/>\n<meta property=\"article:publisher\" content=\"https:\/\/www.facebook.com\/noticiasmercedinas\/\" \/>\n<meta property=\"article:published_time\" content=\"2026-04-27T23:47:18+00:00\" \/>\n<meta property=\"og:image\" content=\"https:\/\/noticiasmercedinas.com\/site\/wp-content\/uploads\/2026\/04\/IMG-20260427-WA0046.jpg\" \/>\n\t<meta property=\"og:image:width\" content=\"1100\" \/>\n\t<meta property=\"og:image:height\" content=\"706\" \/>\n\t<meta property=\"og:image:type\" content=\"image\/jpeg\" \/>\n<meta name=\"author\" content=\"NOTICIASMERCEDINAS.COM\" \/>\n<meta name=\"twitter:card\" content=\"summary_large_image\" \/>\n<meta name=\"twitter:creator\" content=\"@notmercedinas\" \/>\n<meta name=\"twitter:site\" content=\"@notmercedinas\" \/>\n<meta name=\"twitter:label1\" content=\"Escrito por\" \/>\n\t<meta name=\"twitter:data1\" content=\"NOTICIASMERCEDINAS.COM\" \/>\n\t<meta name=\"twitter:label2\" content=\"Tiempo de lectura\" \/>\n\t<meta name=\"twitter:data2\" content=\"3 minutos\" \/>\n<script type=\"application\/ld+json\" class=\"yoast-schema-graph\">{\"@context\":\"https:\\\/\\\/schema.org\",\"@graph\":[{\"@type\":\"Article\",\"@id\":\"https:\\\/\\\/noticiasmercedinas.com\\\/site\\\/2026\\\/04\\\/27\\\/mariana-san-martin-cruzo-a-la-oposicion-por-la-paralisis-de-la-obra-publica-en-mercedes\\\/#article\",\"isPartOf\":{\"@id\":\"https:\\\/\\\/noticiasmercedinas.com\\\/site\\\/2026\\\/04\\\/27\\\/mariana-san-martin-cruzo-a-la-oposicion-por-la-paralisis-de-la-obra-publica-en-mercedes\\\/\"},\"author\":{\"name\":\"NOTICIASMERCEDINAS.COM\",\"@id\":\"https:\\\/\\\/noticiasmercedinas.com\\\/site\\\/#\\\/schema\\\/person\\\/84b59c099c28ff2e8b77d4ceec5d8063\"},\"headline\":\"Mariana San Mart\u00edn cruz\u00f3 a la oposici\u00f3n por la par\u00e1lisis de la obra p\u00fablica en Mercedes\",\"datePublished\":\"2026-04-27T23:47:18+00:00\",\"mainEntityOfPage\":{\"@id\":\"https:\\\/\\\/noticiasmercedinas.com\\\/site\\\/2026\\\/04\\\/27\\\/mariana-san-martin-cruzo-a-la-oposicion-por-la-paralisis-de-la-obra-publica-en-mercedes\\\/\"},\"wordCount\":397,\"publisher\":{\"@id\":\"https:\\\/\\\/noticiasmercedinas.com\\\/site\\\/#organization\"},\"image\":{\"@id\":\"https:\\\/\\\/noticiasmercedinas.com\\\/site\\\/2026\\\/04\\\/27\\\/mariana-san-martin-cruzo-a-la-oposicion-por-la-paralisis-de-la-obra-publica-en-mercedes\\\/#primaryimage\"},\"thumbnailUrl\":\"https:\\\/\\\/noticiasmercedinas.com\\\/site\\\/wp-content\\\/uploads\\\/2026\\\/04\\\/IMG-20260427-WA0046.jpg\",\"keywords\":[\"HCD\",\"mariana san martin\"],\"articleSection\":[\"Politica\"],\"inLanguage\":\"es\"},{\"@type\":\"WebPage\",\"@id\":\"https:\\\/\\\/noticiasmercedinas.com\\\/site\\\/2026\\\/04\\\/27\\\/mariana-san-martin-cruzo-a-la-oposicion-por-la-paralisis-de-la-obra-publica-en-mercedes\\\/\",\"url\":\"https:\\\/\\\/noticiasmercedinas.com\\\/site\\\/2026\\\/04\\\/27\\\/mariana-san-martin-cruzo-a-la-oposicion-por-la-paralisis-de-la-obra-publica-en-mercedes\\\/\",\"name\":\"Mariana San Mart\u00edn cruz\u00f3 a la oposici\u00f3n por la par\u00e1lisis de la obra p\u00fablica en Mercedes\",\"isPartOf\":{\"@id\":\"https:\\\/\\\/noticiasmercedinas.com\\\/site\\\/#website\"},\"primaryImageOfPage\":{\"@id\":\"https:\\\/\\\/noticiasmercedinas.com\\\/site\\\/2026\\\/04\\\/27\\\/mariana-san-martin-cruzo-a-la-oposicion-por-la-paralisis-de-la-obra-publica-en-mercedes\\\/#primaryimage\"},\"image\":{\"@id\":\"https:\\\/\\\/noticiasmercedinas.com\\\/site\\\/2026\\\/04\\\/27\\\/mariana-san-martin-cruzo-a-la-oposicion-por-la-paralisis-de-la-obra-publica-en-mercedes\\\/#primaryimage\"},\"thumbnailUrl\":\"https:\\\/\\\/noticiasmercedinas.com\\\/site\\\/wp-content\\\/uploads\\\/2026\\\/04\\\/IMG-20260427-WA0046.jpg\",\"datePublished\":\"2026-04-27T23:47:18+00:00\",\"description\":\"La presidenta del HCD cuestion\u00f3 el pedido de informes de La Libertad Avanza sobre las viviendas bioclim\u00e1ticas y record\u00f3 que la detenci\u00f3n de los trabajos responde a una decisi\u00f3n pol\u00edtica del Gobierno Nacional.\",\"breadcrumb\":{\"@id\":\"https:\\\/\\\/noticiasmercedinas.com\\\/site\\\/2026\\\/04\\\/27\\\/mariana-san-martin-cruzo-a-la-oposicion-por-la-paralisis-de-la-obra-publica-en-mercedes\\\/#breadcrumb\"},\"inLanguage\":\"es\",\"potentialAction\":[{\"@type\":\"ReadAction\",\"target\":[\"https:\\\/\\\/noticiasmercedinas.com\\\/site\\\/2026\\\/04\\\/27\\\/mariana-san-martin-cruzo-a-la-oposicion-por-la-paralisis-de-la-obra-publica-en-mercedes\\\/\"]}]},{\"@type\":\"ImageObject\",\"inLanguage\":\"es\",\"@id\":\"https:\\\/\\\/noticiasmercedinas.com\\\/site\\\/2026\\\/04\\\/27\\\/mariana-san-martin-cruzo-a-la-oposicion-por-la-paralisis-de-la-obra-publica-en-mercedes\\\/#primaryimage\",\"url\":\"https:\\\/\\\/noticiasmercedinas.com\\\/site\\\/wp-content\\\/uploads\\\/2026\\\/04\\\/IMG-20260427-WA0046.jpg\",\"contentUrl\":\"https:\\\/\\\/noticiasmercedinas.com\\\/site\\\/wp-content\\\/uploads\\\/2026\\\/04\\\/IMG-20260427-WA0046.jpg\",\"width\":1100,\"height\":706},{\"@type\":\"BreadcrumbList\",\"@id\":\"https:\\\/\\\/noticiasmercedinas.com\\\/site\\\/2026\\\/04\\\/27\\\/mariana-san-martin-cruzo-a-la-oposicion-por-la-paralisis-de-la-obra-publica-en-mercedes\\\/#breadcrumb\",\"itemListElement\":[{\"@type\":\"ListItem\",\"position\":1,\"name\":\"Portada\",\"item\":\"https:\\\/\\\/noticiasmercedinas.com\\\/site\\\/\"},{\"@type\":\"ListItem\",\"position\":2,\"name\":\"Mariana San Mart\u00edn cruz\u00f3 a la oposici\u00f3n por la par\u00e1lisis de la obra p\u00fablica en Mercedes\"}]},{\"@type\":\"WebSite\",\"@id\":\"https:\\\/\\\/noticiasmercedinas.com\\\/site\\\/#website\",\"url\":\"https:\\\/\\\/noticiasmercedinas.com\\\/site\\\/\",\"name\":\"NOTICIASMERCEDINAS.COM\",\"description\":\"Mercedes, Buenos Aires, Argentina\",\"publisher\":{\"@id\":\"https:\\\/\\\/noticiasmercedinas.com\\\/site\\\/#organization\"},\"potentialAction\":[{\"@type\":\"SearchAction\",\"target\":{\"@type\":\"EntryPoint\",\"urlTemplate\":\"https:\\\/\\\/noticiasmercedinas.com\\\/site\\\/?s={search_term_string}\"},\"query-input\":{\"@type\":\"PropertyValueSpecification\",\"valueRequired\":true,\"valueName\":\"search_term_string\"}}],\"inLanguage\":\"es\"},{\"@type\":\"Organization\",\"@id\":\"https:\\\/\\\/noticiasmercedinas.com\\\/site\\\/#organization\",\"name\":\"NOTICIASMERCEDINAS.COM\",\"url\":\"https:\\\/\\\/noticiasmercedinas.com\\\/site\\\/\",\"logo\":{\"@type\":\"ImageObject\",\"inLanguage\":\"es\",\"@id\":\"https:\\\/\\\/noticiasmercedinas.com\\\/site\\\/#\\\/schema\\\/logo\\\/image\\\/\",\"url\":\"https:\\\/\\\/noticiasmercedinas.com\\\/site\\\/wp-content\\\/uploads\\\/2020\\\/06\\\/LOGO-512.jpg\",\"contentUrl\":\"https:\\\/\\\/noticiasmercedinas.com\\\/site\\\/wp-content\\\/uploads\\\/2020\\\/06\\\/LOGO-512.jpg\",\"width\":512,\"height\":512,\"caption\":\"NOTICIASMERCEDINAS.COM\"},\"image\":{\"@id\":\"https:\\\/\\\/noticiasmercedinas.com\\\/site\\\/#\\\/schema\\\/logo\\\/image\\\/\"},\"sameAs\":[\"https:\\\/\\\/www.facebook.com\\\/noticiasmercedinas\\\/\",\"https:\\\/\\\/x.com\\\/notmercedinas\",\"https:\\\/\\\/www.instagram.com\\\/noticiasmercedinas\\\/\"]},{\"@type\":\"Person\",\"@id\":\"https:\\\/\\\/noticiasmercedinas.com\\\/site\\\/#\\\/schema\\\/person\\\/84b59c099c28ff2e8b77d4ceec5d8063\",\"name\":\"NOTICIASMERCEDINAS.COM\",\"image\":{\"@type\":\"ImageObject\",\"inLanguage\":\"es\",\"@id\":\"https:\\\/\\\/secure.gravatar.com\\\/avatar\\\/4dfbf16b4d17945bfb6341b2d19043457132fcf478a5ee04f42e959fd8f5df0a?s=96&d=mm&r=g\",\"url\":\"https:\\\/\\\/secure.gravatar.com\\\/avatar\\\/4dfbf16b4d17945bfb6341b2d19043457132fcf478a5ee04f42e959fd8f5df0a?s=96&d=mm&r=g\",\"contentUrl\":\"https:\\\/\\\/secure.gravatar.com\\\/avatar\\\/4dfbf16b4d17945bfb6341b2d19043457132fcf478a5ee04f42e959fd8f5df0a?s=96&d=mm&r=g\",\"caption\":\"NOTICIASMERCEDINAS.COM\"},\"url\":\"https:\\\/\\\/noticiasmercedinas.com\\\/site\\\/author\\\/anonimo\\\/\"}]}<\/script>\n<!-- \/ Yoast SEO plugin. -->","yoast_head_json":{"title":"Mariana San Mart\u00edn cruz\u00f3 a la oposici\u00f3n por la par\u00e1lisis de la obra p\u00fablica en Mercedes","description":"La presidenta del HCD cuestion\u00f3 el pedido de informes de La Libertad Avanza sobre las viviendas bioclim\u00e1ticas y record\u00f3 que la detenci\u00f3n de los trabajos responde a una decisi\u00f3n pol\u00edtica del Gobierno Nacional.","robots":{"index":"index","follow":"follow","max-snippet":"max-snippet:-1","max-image-preview":"max-image-preview:large","max-video-preview":"max-video-preview:-1"},"canonical":"https:\/\/noticiasmercedinas.com\/site\/2026\/04\/27\/mariana-san-martin-cruzo-a-la-oposicion-por-la-paralisis-de-la-obra-publica-en-mercedes\/","og_locale":"es_ES","og_type":"article","og_title":"Mariana San Mart\u00edn cruz\u00f3 a la oposici\u00f3n por la par\u00e1lisis de la obra p\u00fablica en Mercedes","og_description":"La presidenta del HCD cuestion\u00f3 el pedido de informes de La Libertad Avanza sobre las viviendas bioclim\u00e1ticas y record\u00f3 que la detenci\u00f3n de los trabajos responde a una decisi\u00f3n pol\u00edtica del Gobierno Nacional.","og_url":"https:\/\/noticiasmercedinas.com\/site\/2026\/04\/27\/mariana-san-martin-cruzo-a-la-oposicion-por-la-paralisis-de-la-obra-publica-en-mercedes\/","og_site_name":"NOTICIASMERCEDINAS.COM","article_publisher":"https:\/\/www.facebook.com\/noticiasmercedinas\/","article_published_time":"2026-04-27T23:47:18+00:00","og_image":[{"width":1100,"height":706,"url":"https:\/\/noticiasmercedinas.com\/site\/wp-content\/uploads\/2026\/04\/IMG-20260427-WA0046.jpg","type":"image\/jpeg"}],"author":"NOTICIASMERCEDINAS.COM","twitter_card":"summary_large_image","twitter_creator":"@notmercedinas","twitter_site":"@notmercedinas","twitter_misc":{"Escrito por":"NOTICIASMERCEDINAS.COM","Tiempo de lectura":"3 minutos"},"schema":{"@context":"https:\/\/schema.org","@graph":[{"@type":"Article","@id":"https:\/\/noticiasmercedinas.com\/site\/2026\/04\/27\/mariana-san-martin-cruzo-a-la-oposicion-por-la-paralisis-de-la-obra-publica-en-mercedes\/#article","isPartOf":{"@id":"https:\/\/noticiasmercedinas.com\/site\/2026\/04\/27\/mariana-san-martin-cruzo-a-la-oposicion-por-la-paralisis-de-la-obra-publica-en-mercedes\/"},"author":{"name":"NOTICIASMERCEDINAS.COM","@id":"https:\/\/noticiasmercedinas.com\/site\/#\/schema\/person\/84b59c099c28ff2e8b77d4ceec5d8063"},"headline":"Mariana San Mart\u00edn cruz\u00f3 a la oposici\u00f3n por la par\u00e1lisis de la obra p\u00fablica en Mercedes","datePublished":"2026-04-27T23:47:18+00:00","mainEntityOfPage":{"@id":"https:\/\/noticiasmercedinas.com\/site\/2026\/04\/27\/mariana-san-martin-cruzo-a-la-oposicion-por-la-paralisis-de-la-obra-publica-en-mercedes\/"},"wordCount":397,"publisher":{"@id":"https:\/\/noticiasmercedinas.com\/site\/#organization"},"image":{"@id":"https:\/\/noticiasmercedinas.com\/site\/2026\/04\/27\/mariana-san-martin-cruzo-a-la-oposicion-por-la-paralisis-de-la-obra-publica-en-mercedes\/#primaryimage"},"thumbnailUrl":"https:\/\/noticiasmercedinas.com\/site\/wp-content\/uploads\/2026\/04\/IMG-20260427-WA0046.jpg","keywords":["HCD","mariana san martin"],"articleSection":["Politica"],"inLanguage":"es"},{"@type":"WebPage","@id":"https:\/\/noticiasmercedinas.com\/site\/2026\/04\/27\/mariana-san-martin-cruzo-a-la-oposicion-por-la-paralisis-de-la-obra-publica-en-mercedes\/","url":"https:\/\/noticiasmercedinas.com\/site\/2026\/04\/27\/mariana-san-martin-cruzo-a-la-oposicion-por-la-paralisis-de-la-obra-publica-en-mercedes\/","name":"Mariana San Mart\u00edn cruz\u00f3 a la oposici\u00f3n por la par\u00e1lisis de la obra p\u00fablica en Mercedes","isPartOf":{"@id":"https:\/\/noticiasmercedinas.com\/site\/#website"},"primaryImageOfPage":{"@id":"https:\/\/noticiasmercedinas.com\/site\/2026\/04\/27\/mariana-san-martin-cruzo-a-la-oposicion-por-la-paralisis-de-la-obra-publica-en-mercedes\/#primaryimage"},"image":{"@id":"https:\/\/noticiasmercedinas.com\/site\/2026\/04\/27\/mariana-san-martin-cruzo-a-la-oposicion-por-la-paralisis-de-la-obra-publica-en-mercedes\/#primaryimage"},"thumbnailUrl":"https:\/\/noticiasmercedinas.com\/site\/wp-content\/uploads\/2026\/04\/IMG-20260427-WA0046.jpg","datePublished":"2026-04-27T23:47:18+00:00","description":"La presidenta del HCD cuestion\u00f3 el pedido de informes de La Libertad Avanza sobre las viviendas bioclim\u00e1ticas y record\u00f3 que la detenci\u00f3n de los trabajos responde a una decisi\u00f3n pol\u00edtica del Gobierno Nacional.","breadcrumb":{"@id":"https:\/\/noticiasmercedinas.com\/site\/2026\/04\/27\/mariana-san-martin-cruzo-a-la-oposicion-por-la-paralisis-de-la-obra-publica-en-mercedes\/#breadcrumb"},"inLanguage":"es","potentialAction":[{"@type":"ReadAction","target":["https:\/\/noticiasmercedinas.com\/site\/2026\/04\/27\/mariana-san-martin-cruzo-a-la-oposicion-por-la-paralisis-de-la-obra-publica-en-mercedes\/"]}]},{"@type":"ImageObject","inLanguage":"es","@id":"https:\/\/noticiasmercedinas.com\/site\/2026\/04\/27\/mariana-san-martin-cruzo-a-la-oposicion-por-la-paralisis-de-la-obra-publica-en-mercedes\/#primaryimage","url":"https:\/\/noticiasmercedinas.com\/site\/wp-content\/uploads\/2026\/04\/IMG-20260427-WA0046.jpg","contentUrl":"https:\/\/noticiasmercedinas.com\/site\/wp-content\/uploads\/2026\/04\/IMG-20260427-WA0046.jpg","width":1100,"height":706},{"@type":"BreadcrumbList","@id":"https:\/\/noticiasmercedinas.com\/site\/2026\/04\/27\/mariana-san-martin-cruzo-a-la-oposicion-por-la-paralisis-de-la-obra-publica-en-mercedes\/#breadcrumb","itemListElement":[{"@type":"ListItem","position":1,"name":"Portada","item":"https:\/\/noticiasmercedinas.com\/site\/"},{"@type":"ListItem","position":2,"name":"Mariana San Mart\u00edn cruz\u00f3 a la oposici\u00f3n por la par\u00e1lisis de la obra p\u00fablica en Mercedes"}]},{"@type":"WebSite","@id":"https:\/\/noticiasmercedinas.com\/site\/#website","url":"https:\/\/noticiasmercedinas.com\/site\/","name":"NOTICIASMERCEDINAS.COM","description":"Mercedes, Buenos Aires, Argentina","publisher":{"@id":"https:\/\/noticiasmercedinas.com\/site\/#organization"},"potentialAction":[{"@type":"SearchAction","target":{"@type":"EntryPoint","urlTemplate":"https:\/\/noticiasmercedinas.com\/site\/?s={search_term_string}"},"query-input":{"@type":"PropertyValueSpecification","valueRequired":true,"valueName":"search_term_string"}}],"inLanguage":"es"},{"@type":"Organization","@id":"https:\/\/noticiasmercedinas.com\/site\/#organization","name":"NOTICIASMERCEDINAS.COM","url":"https:\/\/noticiasmercedinas.com\/site\/","logo":{"@type":"ImageObject","inLanguage":"es","@id":"https:\/\/noticiasmercedinas.com\/site\/#\/schema\/logo\/image\/","url":"https:\/\/noticiasmercedinas.com\/site\/wp-content\/uploads\/2020\/06\/LOGO-512.jpg","contentUrl":"https:\/\/noticiasmercedinas.com\/site\/wp-content\/uploads\/2020\/06\/LOGO-512.jpg","width":512,"height":512,"caption":"NOTICIASMERCEDINAS.COM"},"image":{"@id":"https:\/\/noticiasmercedinas.com\/site\/#\/schema\/logo\/image\/"},"sameAs":["https:\/\/www.facebook.com\/noticiasmercedinas\/","https:\/\/x.com\/notmercedinas","https:\/\/www.instagram.com\/noticiasmercedinas\/"]},{"@type":"Person","@id":"https:\/\/noticiasmercedinas.com\/site\/#\/schema\/person\/84b59c099c28ff2e8b77d4ceec5d8063","name":"NOTICIASMERCEDINAS.COM","image":{"@type":"ImageObject","inLanguage":"es","@id":"https:\/\/secure.gravatar.com\/avatar\/4dfbf16b4d17945bfb6341b2d19043457132fcf478a5ee04f42e959fd8f5df0a?s=96&d=mm&r=g","url":"https:\/\/secure.gravatar.com\/avatar\/4dfbf16b4d17945bfb6341b2d19043457132fcf478a5ee04f42e959fd8f5df0a?s=96&d=mm&r=g","contentUrl":"https:\/\/secure.gravatar.com\/avatar\/4dfbf16b4d17945bfb6341b2d19043457132fcf478a5ee04f42e959fd8f5df0a?s=96&d=mm&r=g","caption":"NOTICIASMERCEDINAS.COM"},"url":"https:\/\/noticiasmercedinas.com\/site\/author\/anonimo\/"}]}},"amp_enabled":true,"_links":{"self":[{"href":"https:\/\/noticiasmercedinas.com\/site\/wp-json\/wp\/v2\/posts\/185297","targetHints":{"allow":["GET"]}}],"collection":[{"href":"https:\/\/noticiasmercedinas.com\/site\/wp-json\/wp\/v2\/posts"}],"about":[{"href":"https:\/\/noticiasmercedinas.com\/site\/wp-json\/wp\/v2\/types\/post"}],"author":[{"embeddable":true,"href":"https:\/\/noticiasmercedinas.com\/site\/wp-json\/wp\/v2\/users\/16"}],"replies":[{"embeddable":true,"href":"https:\/\/noticiasmercedinas.com\/site\/wp-json\/wp\/v2\/comments?post=185297"}],"version-history":[{"count":3,"href":"https:\/\/noticiasmercedinas.com\/site\/wp-json\/wp\/v2\/posts\/185297\/revisions"}],"predecessor-version":[{"id":185301,"href":"https:\/\/noticiasmercedinas.com\/site\/wp-json\/wp\/v2\/posts\/185297\/revisions\/185301"}],"wp:featuredmedia":[{"embeddable":true,"href":"https:\/\/noticiasmercedinas.com\/site\/wp-json\/wp\/v2\/media\/185300"}],"wp:attachment":[{"href":"https:\/\/noticiasmercedinas.com\/site\/wp-json\/wp\/v2\/media?parent=185297"}],"wp:term":[{"taxonomy":"category","embeddable":true,"href":"https:\/\/noticiasmercedinas.com\/site\/wp-json\/wp\/v2\/categories?post=185297"},{"taxonomy":"post_tag","embeddable":true,"href":"https:\/\/noticiasmercedinas.com\/site\/wp-json\/wp\/v2\/tags?post=185297"}],"curies":[{"name":"wp","href":"https:\/\/api.w.org\/{rel}","templated":true}]}}