{"id":185304,"date":"2026-04-28T08:09:17","date_gmt":"2026-04-28T11:09:17","guid":{"rendered":"https:\/\/noticiasmercedinas.com\/site\/?p=185304"},"modified":"2026-04-28T08:09:17","modified_gmt":"2026-04-28T11:09:17","slug":"senado-homenajea-al-fotoperiodista-pablo-grillo-en-el-dia-contra-la-violencia-institucional","status":"publish","type":"post","link":"https:\/\/noticiasmercedinas.com\/site\/2026\/04\/28\/senado-homenajea-al-fotoperiodista-pablo-grillo-en-el-dia-contra-la-violencia-institucional\/","title":{"rendered":"Senado homenajea al fotoperiodista Pablo Grillo en el D\u00eda contra la Violencia Institucional"},"content":{"rendered":"<p><img loading=\"lazy\" decoding=\"async\" class=\"alignnone size-full wp-image-185305\" src=\"https:\/\/noticiasmercedinas.com\/site\/wp-content\/uploads\/2026\/04\/683174408_1647208770095001_4469502239232507174_n.jpg\" alt=\"\" width=\"1536\" height=\"2048\" srcset=\"https:\/\/noticiasmercedinas.com\/site\/wp-content\/uploads\/2026\/04\/683174408_1647208770095001_4469502239232507174_n.jpg 1536w, https:\/\/noticiasmercedinas.com\/site\/wp-content\/uploads\/2026\/04\/683174408_1647208770095001_4469502239232507174_n-225x300.jpg 225w, https:\/\/noticiasmercedinas.com\/site\/wp-content\/uploads\/2026\/04\/683174408_1647208770095001_4469502239232507174_n-768x1024.jpg 768w, https:\/\/noticiasmercedinas.com\/site\/wp-content\/uploads\/2026\/04\/683174408_1647208770095001_4469502239232507174_n-1152x1536.jpg 1152w, https:\/\/noticiasmercedinas.com\/site\/wp-content\/uploads\/2026\/04\/683174408_1647208770095001_4469502239232507174_n-640x853.jpg 640w, https:\/\/noticiasmercedinas.com\/site\/wp-content\/uploads\/2026\/04\/683174408_1647208770095001_4469502239232507174_n-1280x1707.jpg 1280w, https:\/\/noticiasmercedinas.com\/site\/wp-content\/uploads\/2026\/04\/683174408_1647208770095001_4469502239232507174_n-681x908.jpg 681w, https:\/\/noticiasmercedinas.com\/site\/wp-content\/uploads\/2026\/04\/683174408_1647208770095001_4469502239232507174_n-1362x1816.jpg 1362w\" sizes=\"auto, (max-width: 1536px) 100vw, 1536px\" \/><\/p>\n<p>En un acto de profunda carga simb\u00f3lica y pol\u00edtica, el Senado de la Naci\u00f3n ser\u00e1 sede de la muestra fotogr\u00e1fica y homenaje a Pablo Grillo, fot\u00f3grafo de la Municipalidad de Lan\u00fas y referente del fotoperiodismo militante.<\/p>\n<p>La jornada, organizada por el senador nacional Eduardo \u00abWado\u00bb de Pedro, se llevar\u00e1 a cabo el pr\u00f3ximo viernes 8 de mayo a las 16:30 hs en el emblem\u00e1tico Sal\u00f3n Azul del Palacio Legislativo.<\/p>\n<p>El evento se desarrolla en el marco del D\u00eda Nacional contra la Violencia Institucional y tiene como eje central la entrega de un Diploma de Honor a Grillo. Este reconocimiento adquiere una relevancia particular al cumplirse un a\u00f1o del atentado contra su vida, un hecho que conmocion\u00f3 al arco pol\u00edtico y social, y que hoy lo encuentra plenamente activo en su labor de registrar la realidad a trav\u00e9s de su lente.<\/p>\n<p><strong>Reconocimiento a la trayectoria y la resiliencia<\/strong><br \/>\nLa ceremonia contar\u00e1 con la presencia del intendente de Lan\u00fas, Juli\u00e1n \u00c1lvarez, y el respaldo institucional de la Asociaci\u00f3n de Reporteros Gr\u00e1ficos de la Rep\u00fablica Argentina (ARGRA) y el Sindicato de Prensa de Buenos Aires (SiPreBa). Estos organismos acompa\u00f1an la distinci\u00f3n a un profesional que ha hecho de la c\u00e1mara una herramienta de b\u00fasqueda de la verdad y compromiso social.<\/p>\n<p>\u00abNos conmueve verlo de pie, con la fuerza y el coraje de seguir adelante para contar la verdad con su c\u00e1mara\u00bb, expresaron desde la organizaci\u00f3n, destacando la resiliencia de Grillo tras los episodios de violencia sufridos.<\/p>\n<p><strong>Detalles del evento y acceso<\/strong><br \/>\nLa muestra no solo recorrer\u00e1 la obra visual de Grillo, sino que funcionar\u00e1 como un espacio de reflexi\u00f3n sobre el rol de la prensa y el Estado frente a la violencia institucional.<\/p>\n<p>Para aquellos interesados en asistir al Sal\u00f3n Azul (ingreso por Hip\u00f3lito Yrigoyen 1849, CABA), la organizaci\u00f3n ha dispuesto un sistema de acreditaci\u00f3n previa. Los asistentes deber\u00e1n enviar su nombre completo y DNI a la direcci\u00f3n de correo electr\u00f3nico oficial: <a href=\"mailto:eduardo.depedro@senado.gob.ar\">eduardo.depedro@senado.gob.ar<\/a>.<\/p>\n","protected":false},"excerpt":{"rendered":"<p>\u25a0 A un a\u00f1o del atentado contra su vida, el profesional recibir\u00e1 un Diploma de Honor en una ceremonia encabezada por el senador Eduardo \u00abWado\u00bb de Pedro y el intendente Juli\u00e1n \u00c1lvarez.<\/p>\n","protected":false},"author":16,"featured_media":185305,"comment_status":"closed","ping_status":"closed","sticky":false,"template":"","format":"standard","meta":{"footnotes":""},"categories":[16],"tags":[19781,7104,4963],"class_list":["post-185304","post","type-post","status-publish","format-standard","has-post-thumbnail","hentry","category-politica","tag-pablo-grillo","tag-senado","tag-wado-de-pedro"],"yoast_head":"<!-- This site is optimized with the Yoast SEO plugin v27.4 - https:\/\/yoast.com\/product\/yoast-seo-wordpress\/ -->\n<title>Senado homenajea al fotoperiodista Pablo Grillo en el D\u00eda contra la Violencia Institucional<\/title>\n<meta name=\"description\" content=\"A un a\u00f1o del atentado contra su vida, el profesional recibir\u00e1 un Diploma de Honor en una ceremonia encabezada por el senador Eduardo &quot;Wado&quot; de Pedro y el intendente Juli\u00e1n \u00c1lvarez.\" \/>\n<meta name=\"robots\" content=\"index, follow, max-snippet:-1, max-image-preview:large, max-video-preview:-1\" \/>\n<link rel=\"canonical\" href=\"https:\/\/noticiasmercedinas.com\/site\/2026\/04\/28\/senado-homenajea-al-fotoperiodista-pablo-grillo-en-el-dia-contra-la-violencia-institucional\/\" \/>\n<meta property=\"og:locale\" content=\"es_ES\" \/>\n<meta property=\"og:type\" content=\"article\" \/>\n<meta property=\"og:title\" content=\"Senado homenajea al fotoperiodista Pablo Grillo en el D\u00eda contra la Violencia Institucional\" \/>\n<meta property=\"og:description\" content=\"A un a\u00f1o del atentado contra su vida, el profesional recibir\u00e1 un Diploma de Honor en una ceremonia encabezada por el senador Eduardo &quot;Wado&quot; de Pedro y el intendente Juli\u00e1n \u00c1lvarez.\" \/>\n<meta property=\"og:url\" content=\"https:\/\/noticiasmercedinas.com\/site\/2026\/04\/28\/senado-homenajea-al-fotoperiodista-pablo-grillo-en-el-dia-contra-la-violencia-institucional\/\" \/>\n<meta property=\"og:site_name\" content=\"NOTICIASMERCEDINAS.COM\" \/>\n<meta property=\"article:publisher\" content=\"https:\/\/www.facebook.com\/noticiasmercedinas\/\" \/>\n<meta property=\"article:published_time\" content=\"2026-04-28T11:09:17+00:00\" \/>\n<meta property=\"og:image\" content=\"https:\/\/noticiasmercedinas.com\/site\/wp-content\/uploads\/2026\/04\/683174408_1647208770095001_4469502239232507174_n.jpg\" \/>\n\t<meta property=\"og:image:width\" content=\"1536\" \/>\n\t<meta property=\"og:image:height\" content=\"2048\" \/>\n\t<meta property=\"og:image:type\" content=\"image\/jpeg\" \/>\n<meta name=\"author\" content=\"NOTICIASMERCEDINAS.COM\" \/>\n<meta name=\"twitter:card\" content=\"summary_large_image\" \/>\n<meta name=\"twitter:creator\" content=\"@notmercedinas\" \/>\n<meta name=\"twitter:site\" content=\"@notmercedinas\" \/>\n<meta name=\"twitter:label1\" content=\"Escrito por\" \/>\n\t<meta name=\"twitter:data1\" content=\"NOTICIASMERCEDINAS.COM\" \/>\n\t<meta name=\"twitter:label2\" content=\"Tiempo de lectura\" \/>\n\t<meta name=\"twitter:data2\" content=\"2 minutos\" \/>\n<script type=\"application\/ld+json\" class=\"yoast-schema-graph\">{\"@context\":\"https:\\\/\\\/schema.org\",\"@graph\":[{\"@type\":\"Article\",\"@id\":\"https:\\\/\\\/noticiasmercedinas.com\\\/site\\\/2026\\\/04\\\/28\\\/senado-homenajea-al-fotoperiodista-pablo-grillo-en-el-dia-contra-la-violencia-institucional\\\/#article\",\"isPartOf\":{\"@id\":\"https:\\\/\\\/noticiasmercedinas.com\\\/site\\\/2026\\\/04\\\/28\\\/senado-homenajea-al-fotoperiodista-pablo-grillo-en-el-dia-contra-la-violencia-institucional\\\/\"},\"author\":{\"name\":\"NOTICIASMERCEDINAS.COM\",\"@id\":\"https:\\\/\\\/noticiasmercedinas.com\\\/site\\\/#\\\/schema\\\/person\\\/84b59c099c28ff2e8b77d4ceec5d8063\"},\"headline\":\"Senado homenajea al fotoperiodista Pablo Grillo en el D\u00eda contra la Violencia Institucional\",\"datePublished\":\"2026-04-28T11:09:17+00:00\",\"mainEntityOfPage\":{\"@id\":\"https:\\\/\\\/noticiasmercedinas.com\\\/site\\\/2026\\\/04\\\/28\\\/senado-homenajea-al-fotoperiodista-pablo-grillo-en-el-dia-contra-la-violencia-institucional\\\/\"},\"wordCount\":367,\"publisher\":{\"@id\":\"https:\\\/\\\/noticiasmercedinas.com\\\/site\\\/#organization\"},\"image\":{\"@id\":\"https:\\\/\\\/noticiasmercedinas.com\\\/site\\\/2026\\\/04\\\/28\\\/senado-homenajea-al-fotoperiodista-pablo-grillo-en-el-dia-contra-la-violencia-institucional\\\/#primaryimage\"},\"thumbnailUrl\":\"https:\\\/\\\/noticiasmercedinas.com\\\/site\\\/wp-content\\\/uploads\\\/2026\\\/04\\\/683174408_1647208770095001_4469502239232507174_n.jpg\",\"keywords\":[\"pablo grillo\",\"Senado\",\"wado de pedro\"],\"articleSection\":[\"Politica\"],\"inLanguage\":\"es\"},{\"@type\":\"WebPage\",\"@id\":\"https:\\\/\\\/noticiasmercedinas.com\\\/site\\\/2026\\\/04\\\/28\\\/senado-homenajea-al-fotoperiodista-pablo-grillo-en-el-dia-contra-la-violencia-institucional\\\/\",\"url\":\"https:\\\/\\\/noticiasmercedinas.com\\\/site\\\/2026\\\/04\\\/28\\\/senado-homenajea-al-fotoperiodista-pablo-grillo-en-el-dia-contra-la-violencia-institucional\\\/\",\"name\":\"Senado homenajea al fotoperiodista Pablo Grillo en el D\u00eda contra la Violencia Institucional\",\"isPartOf\":{\"@id\":\"https:\\\/\\\/noticiasmercedinas.com\\\/site\\\/#website\"},\"primaryImageOfPage\":{\"@id\":\"https:\\\/\\\/noticiasmercedinas.com\\\/site\\\/2026\\\/04\\\/28\\\/senado-homenajea-al-fotoperiodista-pablo-grillo-en-el-dia-contra-la-violencia-institucional\\\/#primaryimage\"},\"image\":{\"@id\":\"https:\\\/\\\/noticiasmercedinas.com\\\/site\\\/2026\\\/04\\\/28\\\/senado-homenajea-al-fotoperiodista-pablo-grillo-en-el-dia-contra-la-violencia-institucional\\\/#primaryimage\"},\"thumbnailUrl\":\"https:\\\/\\\/noticiasmercedinas.com\\\/site\\\/wp-content\\\/uploads\\\/2026\\\/04\\\/683174408_1647208770095001_4469502239232507174_n.jpg\",\"datePublished\":\"2026-04-28T11:09:17+00:00\",\"description\":\"A un a\u00f1o del atentado contra su vida, el profesional recibir\u00e1 un Diploma de Honor en una ceremonia encabezada por el senador Eduardo \\\"Wado\\\" de Pedro y el intendente Juli\u00e1n \u00c1lvarez.\",\"breadcrumb\":{\"@id\":\"https:\\\/\\\/noticiasmercedinas.com\\\/site\\\/2026\\\/04\\\/28\\\/senado-homenajea-al-fotoperiodista-pablo-grillo-en-el-dia-contra-la-violencia-institucional\\\/#breadcrumb\"},\"inLanguage\":\"es\",\"potentialAction\":[{\"@type\":\"ReadAction\",\"target\":[\"https:\\\/\\\/noticiasmercedinas.com\\\/site\\\/2026\\\/04\\\/28\\\/senado-homenajea-al-fotoperiodista-pablo-grillo-en-el-dia-contra-la-violencia-institucional\\\/\"]}]},{\"@type\":\"ImageObject\",\"inLanguage\":\"es\",\"@id\":\"https:\\\/\\\/noticiasmercedinas.com\\\/site\\\/2026\\\/04\\\/28\\\/senado-homenajea-al-fotoperiodista-pablo-grillo-en-el-dia-contra-la-violencia-institucional\\\/#primaryimage\",\"url\":\"https:\\\/\\\/noticiasmercedinas.com\\\/site\\\/wp-content\\\/uploads\\\/2026\\\/04\\\/683174408_1647208770095001_4469502239232507174_n.jpg\",\"contentUrl\":\"https:\\\/\\\/noticiasmercedinas.com\\\/site\\\/wp-content\\\/uploads\\\/2026\\\/04\\\/683174408_1647208770095001_4469502239232507174_n.jpg\",\"width\":1536,\"height\":2048},{\"@type\":\"BreadcrumbList\",\"@id\":\"https:\\\/\\\/noticiasmercedinas.com\\\/site\\\/2026\\\/04\\\/28\\\/senado-homenajea-al-fotoperiodista-pablo-grillo-en-el-dia-contra-la-violencia-institucional\\\/#breadcrumb\",\"itemListElement\":[{\"@type\":\"ListItem\",\"position\":1,\"name\":\"Portada\",\"item\":\"https:\\\/\\\/noticiasmercedinas.com\\\/site\\\/\"},{\"@type\":\"ListItem\",\"position\":2,\"name\":\"Senado homenajea al fotoperiodista Pablo Grillo en el D\u00eda contra la Violencia Institucional\"}]},{\"@type\":\"WebSite\",\"@id\":\"https:\\\/\\\/noticiasmercedinas.com\\\/site\\\/#website\",\"url\":\"https:\\\/\\\/noticiasmercedinas.com\\\/site\\\/\",\"name\":\"NOTICIASMERCEDINAS.COM\",\"description\":\"Mercedes, Buenos Aires, Argentina\",\"publisher\":{\"@id\":\"https:\\\/\\\/noticiasmercedinas.com\\\/site\\\/#organization\"},\"potentialAction\":[{\"@type\":\"SearchAction\",\"target\":{\"@type\":\"EntryPoint\",\"urlTemplate\":\"https:\\\/\\\/noticiasmercedinas.com\\\/site\\\/?s={search_term_string}\"},\"query-input\":{\"@type\":\"PropertyValueSpecification\",\"valueRequired\":true,\"valueName\":\"search_term_string\"}}],\"inLanguage\":\"es\"},{\"@type\":\"Organization\",\"@id\":\"https:\\\/\\\/noticiasmercedinas.com\\\/site\\\/#organization\",\"name\":\"NOTICIASMERCEDINAS.COM\",\"url\":\"https:\\\/\\\/noticiasmercedinas.com\\\/site\\\/\",\"logo\":{\"@type\":\"ImageObject\",\"inLanguage\":\"es\",\"@id\":\"https:\\\/\\\/noticiasmercedinas.com\\\/site\\\/#\\\/schema\\\/logo\\\/image\\\/\",\"url\":\"https:\\\/\\\/noticiasmercedinas.com\\\/site\\\/wp-content\\\/uploads\\\/2020\\\/06\\\/LOGO-512.jpg\",\"contentUrl\":\"https:\\\/\\\/noticiasmercedinas.com\\\/site\\\/wp-content\\\/uploads\\\/2020\\\/06\\\/LOGO-512.jpg\",\"width\":512,\"height\":512,\"caption\":\"NOTICIASMERCEDINAS.COM\"},\"image\":{\"@id\":\"https:\\\/\\\/noticiasmercedinas.com\\\/site\\\/#\\\/schema\\\/logo\\\/image\\\/\"},\"sameAs\":[\"https:\\\/\\\/www.facebook.com\\\/noticiasmercedinas\\\/\",\"https:\\\/\\\/x.com\\\/notmercedinas\",\"https:\\\/\\\/www.instagram.com\\\/noticiasmercedinas\\\/\"]},{\"@type\":\"Person\",\"@id\":\"https:\\\/\\\/noticiasmercedinas.com\\\/site\\\/#\\\/schema\\\/person\\\/84b59c099c28ff2e8b77d4ceec5d8063\",\"name\":\"NOTICIASMERCEDINAS.COM\",\"image\":{\"@type\":\"ImageObject\",\"inLanguage\":\"es\",\"@id\":\"https:\\\/\\\/secure.gravatar.com\\\/avatar\\\/4dfbf16b4d17945bfb6341b2d19043457132fcf478a5ee04f42e959fd8f5df0a?s=96&d=mm&r=g\",\"url\":\"https:\\\/\\\/secure.gravatar.com\\\/avatar\\\/4dfbf16b4d17945bfb6341b2d19043457132fcf478a5ee04f42e959fd8f5df0a?s=96&d=mm&r=g\",\"contentUrl\":\"https:\\\/\\\/secure.gravatar.com\\\/avatar\\\/4dfbf16b4d17945bfb6341b2d19043457132fcf478a5ee04f42e959fd8f5df0a?s=96&d=mm&r=g\",\"caption\":\"NOTICIASMERCEDINAS.COM\"},\"url\":\"https:\\\/\\\/noticiasmercedinas.com\\\/site\\\/author\\\/anonimo\\\/\"}]}<\/script>\n<!-- \/ Yoast SEO plugin. -->","yoast_head_json":{"title":"Senado homenajea al fotoperiodista Pablo Grillo en el D\u00eda contra la Violencia Institucional","description":"A un a\u00f1o del atentado contra su vida, el profesional recibir\u00e1 un Diploma de Honor en una ceremonia encabezada por el senador Eduardo \"Wado\" de Pedro y el intendente Juli\u00e1n \u00c1lvarez.","robots":{"index":"index","follow":"follow","max-snippet":"max-snippet:-1","max-image-preview":"max-image-preview:large","max-video-preview":"max-video-preview:-1"},"canonical":"https:\/\/noticiasmercedinas.com\/site\/2026\/04\/28\/senado-homenajea-al-fotoperiodista-pablo-grillo-en-el-dia-contra-la-violencia-institucional\/","og_locale":"es_ES","og_type":"article","og_title":"Senado homenajea al fotoperiodista Pablo Grillo en el D\u00eda contra la Violencia Institucional","og_description":"A un a\u00f1o del atentado contra su vida, el profesional recibir\u00e1 un Diploma de Honor en una ceremonia encabezada por el senador Eduardo \"Wado\" de Pedro y el intendente Juli\u00e1n \u00c1lvarez.","og_url":"https:\/\/noticiasmercedinas.com\/site\/2026\/04\/28\/senado-homenajea-al-fotoperiodista-pablo-grillo-en-el-dia-contra-la-violencia-institucional\/","og_site_name":"NOTICIASMERCEDINAS.COM","article_publisher":"https:\/\/www.facebook.com\/noticiasmercedinas\/","article_published_time":"2026-04-28T11:09:17+00:00","og_image":[{"width":1536,"height":2048,"url":"https:\/\/noticiasmercedinas.com\/site\/wp-content\/uploads\/2026\/04\/683174408_1647208770095001_4469502239232507174_n.jpg","type":"image\/jpeg"}],"author":"NOTICIASMERCEDINAS.COM","twitter_card":"summary_large_image","twitter_creator":"@notmercedinas","twitter_site":"@notmercedinas","twitter_misc":{"Escrito por":"NOTICIASMERCEDINAS.COM","Tiempo de lectura":"2 minutos"},"schema":{"@context":"https:\/\/schema.org","@graph":[{"@type":"Article","@id":"https:\/\/noticiasmercedinas.com\/site\/2026\/04\/28\/senado-homenajea-al-fotoperiodista-pablo-grillo-en-el-dia-contra-la-violencia-institucional\/#article","isPartOf":{"@id":"https:\/\/noticiasmercedinas.com\/site\/2026\/04\/28\/senado-homenajea-al-fotoperiodista-pablo-grillo-en-el-dia-contra-la-violencia-institucional\/"},"author":{"name":"NOTICIASMERCEDINAS.COM","@id":"https:\/\/noticiasmercedinas.com\/site\/#\/schema\/person\/84b59c099c28ff2e8b77d4ceec5d8063"},"headline":"Senado homenajea al fotoperiodista Pablo Grillo en el D\u00eda contra la Violencia Institucional","datePublished":"2026-04-28T11:09:17+00:00","mainEntityOfPage":{"@id":"https:\/\/noticiasmercedinas.com\/site\/2026\/04\/28\/senado-homenajea-al-fotoperiodista-pablo-grillo-en-el-dia-contra-la-violencia-institucional\/"},"wordCount":367,"publisher":{"@id":"https:\/\/noticiasmercedinas.com\/site\/#organization"},"image":{"@id":"https:\/\/noticiasmercedinas.com\/site\/2026\/04\/28\/senado-homenajea-al-fotoperiodista-pablo-grillo-en-el-dia-contra-la-violencia-institucional\/#primaryimage"},"thumbnailUrl":"https:\/\/noticiasmercedinas.com\/site\/wp-content\/uploads\/2026\/04\/683174408_1647208770095001_4469502239232507174_n.jpg","keywords":["pablo grillo","Senado","wado de pedro"],"articleSection":["Politica"],"inLanguage":"es"},{"@type":"WebPage","@id":"https:\/\/noticiasmercedinas.com\/site\/2026\/04\/28\/senado-homenajea-al-fotoperiodista-pablo-grillo-en-el-dia-contra-la-violencia-institucional\/","url":"https:\/\/noticiasmercedinas.com\/site\/2026\/04\/28\/senado-homenajea-al-fotoperiodista-pablo-grillo-en-el-dia-contra-la-violencia-institucional\/","name":"Senado homenajea al fotoperiodista Pablo Grillo en el D\u00eda contra la Violencia Institucional","isPartOf":{"@id":"https:\/\/noticiasmercedinas.com\/site\/#website"},"primaryImageOfPage":{"@id":"https:\/\/noticiasmercedinas.com\/site\/2026\/04\/28\/senado-homenajea-al-fotoperiodista-pablo-grillo-en-el-dia-contra-la-violencia-institucional\/#primaryimage"},"image":{"@id":"https:\/\/noticiasmercedinas.com\/site\/2026\/04\/28\/senado-homenajea-al-fotoperiodista-pablo-grillo-en-el-dia-contra-la-violencia-institucional\/#primaryimage"},"thumbnailUrl":"https:\/\/noticiasmercedinas.com\/site\/wp-content\/uploads\/2026\/04\/683174408_1647208770095001_4469502239232507174_n.jpg","datePublished":"2026-04-28T11:09:17+00:00","description":"A un a\u00f1o del atentado contra su vida, el profesional recibir\u00e1 un Diploma de Honor en una ceremonia encabezada por el senador Eduardo \"Wado\" de Pedro y el intendente Juli\u00e1n \u00c1lvarez.","breadcrumb":{"@id":"https:\/\/noticiasmercedinas.com\/site\/2026\/04\/28\/senado-homenajea-al-fotoperiodista-pablo-grillo-en-el-dia-contra-la-violencia-institucional\/#breadcrumb"},"inLanguage":"es","potentialAction":[{"@type":"ReadAction","target":["https:\/\/noticiasmercedinas.com\/site\/2026\/04\/28\/senado-homenajea-al-fotoperiodista-pablo-grillo-en-el-dia-contra-la-violencia-institucional\/"]}]},{"@type":"ImageObject","inLanguage":"es","@id":"https:\/\/noticiasmercedinas.com\/site\/2026\/04\/28\/senado-homenajea-al-fotoperiodista-pablo-grillo-en-el-dia-contra-la-violencia-institucional\/#primaryimage","url":"https:\/\/noticiasmercedinas.com\/site\/wp-content\/uploads\/2026\/04\/683174408_1647208770095001_4469502239232507174_n.jpg","contentUrl":"https:\/\/noticiasmercedinas.com\/site\/wp-content\/uploads\/2026\/04\/683174408_1647208770095001_4469502239232507174_n.jpg","width":1536,"height":2048},{"@type":"BreadcrumbList","@id":"https:\/\/noticiasmercedinas.com\/site\/2026\/04\/28\/senado-homenajea-al-fotoperiodista-pablo-grillo-en-el-dia-contra-la-violencia-institucional\/#breadcrumb","itemListElement":[{"@type":"ListItem","position":1,"name":"Portada","item":"https:\/\/noticiasmercedinas.com\/site\/"},{"@type":"ListItem","position":2,"name":"Senado homenajea al fotoperiodista Pablo Grillo en el D\u00eda contra la Violencia Institucional"}]},{"@type":"WebSite","@id":"https:\/\/noticiasmercedinas.com\/site\/#website","url":"https:\/\/noticiasmercedinas.com\/site\/","name":"NOTICIASMERCEDINAS.COM","description":"Mercedes, Buenos Aires, Argentina","publisher":{"@id":"https:\/\/noticiasmercedinas.com\/site\/#organization"},"potentialAction":[{"@type":"SearchAction","target":{"@type":"EntryPoint","urlTemplate":"https:\/\/noticiasmercedinas.com\/site\/?s={search_term_string}"},"query-input":{"@type":"PropertyValueSpecification","valueRequired":true,"valueName":"search_term_string"}}],"inLanguage":"es"},{"@type":"Organization","@id":"https:\/\/noticiasmercedinas.com\/site\/#organization","name":"NOTICIASMERCEDINAS.COM","url":"https:\/\/noticiasmercedinas.com\/site\/","logo":{"@type":"ImageObject","inLanguage":"es","@id":"https:\/\/noticiasmercedinas.com\/site\/#\/schema\/logo\/image\/","url":"https:\/\/noticiasmercedinas.com\/site\/wp-content\/uploads\/2020\/06\/LOGO-512.jpg","contentUrl":"https:\/\/noticiasmercedinas.com\/site\/wp-content\/uploads\/2020\/06\/LOGO-512.jpg","width":512,"height":512,"caption":"NOTICIASMERCEDINAS.COM"},"image":{"@id":"https:\/\/noticiasmercedinas.com\/site\/#\/schema\/logo\/image\/"},"sameAs":["https:\/\/www.facebook.com\/noticiasmercedinas\/","https:\/\/x.com\/notmercedinas","https:\/\/www.instagram.com\/noticiasmercedinas\/"]},{"@type":"Person","@id":"https:\/\/noticiasmercedinas.com\/site\/#\/schema\/person\/84b59c099c28ff2e8b77d4ceec5d8063","name":"NOTICIASMERCEDINAS.COM","image":{"@type":"ImageObject","inLanguage":"es","@id":"https:\/\/secure.gravatar.com\/avatar\/4dfbf16b4d17945bfb6341b2d19043457132fcf478a5ee04f42e959fd8f5df0a?s=96&d=mm&r=g","url":"https:\/\/secure.gravatar.com\/avatar\/4dfbf16b4d17945bfb6341b2d19043457132fcf478a5ee04f42e959fd8f5df0a?s=96&d=mm&r=g","contentUrl":"https:\/\/secure.gravatar.com\/avatar\/4dfbf16b4d17945bfb6341b2d19043457132fcf478a5ee04f42e959fd8f5df0a?s=96&d=mm&r=g","caption":"NOTICIASMERCEDINAS.COM"},"url":"https:\/\/noticiasmercedinas.com\/site\/author\/anonimo\/"}]}},"amp_enabled":true,"_links":{"self":[{"href":"https:\/\/noticiasmercedinas.com\/site\/wp-json\/wp\/v2\/posts\/185304","targetHints":{"allow":["GET"]}}],"collection":[{"href":"https:\/\/noticiasmercedinas.com\/site\/wp-json\/wp\/v2\/posts"}],"about":[{"href":"https:\/\/noticiasmercedinas.com\/site\/wp-json\/wp\/v2\/types\/post"}],"author":[{"embeddable":true,"href":"https:\/\/noticiasmercedinas.com\/site\/wp-json\/wp\/v2\/users\/16"}],"replies":[{"embeddable":true,"href":"https:\/\/noticiasmercedinas.com\/site\/wp-json\/wp\/v2\/comments?post=185304"}],"version-history":[{"count":1,"href":"https:\/\/noticiasmercedinas.com\/site\/wp-json\/wp\/v2\/posts\/185304\/revisions"}],"predecessor-version":[{"id":185306,"href":"https:\/\/noticiasmercedinas.com\/site\/wp-json\/wp\/v2\/posts\/185304\/revisions\/185306"}],"wp:featuredmedia":[{"embeddable":true,"href":"https:\/\/noticiasmercedinas.com\/site\/wp-json\/wp\/v2\/media\/185305"}],"wp:attachment":[{"href":"https:\/\/noticiasmercedinas.com\/site\/wp-json\/wp\/v2\/media?parent=185304"}],"wp:term":[{"taxonomy":"category","embeddable":true,"href":"https:\/\/noticiasmercedinas.com\/site\/wp-json\/wp\/v2\/categories?post=185304"},{"taxonomy":"post_tag","embeddable":true,"href":"https:\/\/noticiasmercedinas.com\/site\/wp-json\/wp\/v2\/tags?post=185304"}],"curies":[{"name":"wp","href":"https:\/\/api.w.org\/{rel}","templated":true}]}}