{"id":185308,"date":"2026-04-28T09:39:25","date_gmt":"2026-04-28T12:39:25","guid":{"rendered":"https:\/\/noticiasmercedinas.com\/site\/?p=185308"},"modified":"2026-04-28T09:39:25","modified_gmt":"2026-04-28T12:39:25","slug":"miguel-angel-sola-y-meme-funes-llegan-con-aclamada-pieza-sobre-los-vinculos-y-la-memoria","status":"publish","type":"post","link":"https:\/\/noticiasmercedinas.com\/site\/2026\/04\/28\/miguel-angel-sola-y-meme-funes-llegan-con-aclamada-pieza-sobre-los-vinculos-y-la-memoria\/","title":{"rendered":"Miguel \u00c1ngel Sol\u00e1 y Meme Funes llegan con aclamada pieza sobre los v\u00ednculos y la memoria"},"content":{"rendered":"<p><img loading=\"lazy\" decoding=\"async\" class=\"alignnone size-full wp-image-185310\" src=\"https:\/\/noticiasmercedinas.com\/site\/wp-content\/uploads\/2026\/04\/teatro_sola.jpg\" alt=\"\" width=\"687\" height=\"462\" srcset=\"https:\/\/noticiasmercedinas.com\/site\/wp-content\/uploads\/2026\/04\/teatro_sola.jpg 687w, https:\/\/noticiasmercedinas.com\/site\/wp-content\/uploads\/2026\/04\/teatro_sola-300x202.jpg 300w, https:\/\/noticiasmercedinas.com\/site\/wp-content\/uploads\/2026\/04\/teatro_sola-537x360.jpg 537w, https:\/\/noticiasmercedinas.com\/site\/wp-content\/uploads\/2026\/04\/teatro_sola-640x430.jpg 640w, https:\/\/noticiasmercedinas.com\/site\/wp-content\/uploads\/2026\/04\/teatro_sola-681x458.jpg 681w\" sizes=\"auto, (max-width: 687px) 100vw, 687px\" \/><\/p>\n<p>El teatro Argentino se viste de gala este fin de semana con el arribo de una de las propuestas teatrales m\u00e1s potentes de la temporada nacional. El pr\u00f3ximo domingo 3 de mayo, a las 20:00 hs, el escenario mayor recibir\u00e1 a los reconocidos actores Miguel \u00c1ngel Sol\u00e1 y Meme Funes en la obra \u00abPor el placer de volver a verla\u00bb.<\/p>\n<p>La pieza, que cuenta con la direcci\u00f3n del prestigioso Manuel Gonz\u00e1lez Gil, narra la historia de un famoso autor y director teatral que, en un intento por comprender su presente, decide sumergirse en su pasado. Para ello, el protagonista convoca a trav\u00e9s del recuerdo y la palabra a la mujer m\u00e1s influyente de su vida: su madre, interpretada por Funes.<\/p>\n<p>El regreso de Miguel \u00c1ngel Sol\u00e1 a los escenarios locales genera una gran expectativa en la comunidad mercedina. En esta oportunidad, el actor se pone en la piel de un art\u00edfice de la palabra que utiliza estructuras dram\u00e1ticas inteligentes para revivir el amor m\u00e1s intenso y genuino que ha experimentado.<\/p>\n<p>La obra es descrita como un reencuentro conmovedor que oscila entre la nostalgia y la belleza, apoyada en una cuidada banda sonora compuesta por Mart\u00edn Bianchedi, que termina de dar forma a una atm\u00f3sfera \u00edntima y profunda.<\/p>\n<p><strong>Producci\u00f3n y entradas<\/strong><br \/>\nLa llegada de este espect\u00e1culo es posible gracias a la gesti\u00f3n de Sequeira Producciones, que contin\u00faa apostando por traer t\u00edtulos de relevancia nacional a la ciudad en el marco del ciclo de teatro del Teatro Argentino.<\/p>\n<p>Las entradas ya se encuentran a la venta con un valor de $43.000. Los interesados pueden adquirirlas de manera presencial en Persicco Mercedes o de forma virtual a trav\u00e9s de la plataforma Plateanet.<\/p>\n<p>\u00abPara entender su presente, un reconocido autor necesita volver a convocar a su madre. En ese reencuentro revive el amor m\u00e1s intenso de su vida\u00bb, destaca la rese\u00f1a oficial de la obra.<\/p>\n<p><strong>Ficha del Espect\u00e1culo<\/strong><\/p>\n<ul>\n<li>Obra: \u00abPor el placer de volver a verla\u00bb.<\/li>\n<li>Protagonistas: Miguel \u00c1ngel Sol\u00e1 y Meme Funes.<\/li>\n<li>Direcci\u00f3n: Manuel Gonz\u00e1lez Gil.<\/li>\n<li>M\u00fasica: Mart\u00edn Bianchedi.<\/li>\n<li>Fecha y Hora: Domingo 3 de mayo, 20:00 hs.<\/li>\n<li>Lugar: Teatro Argentino, Mercedes.<\/li>\n<li>Producci\u00f3n: Sequeira Producciones.<\/li>\n<\/ul>\n","protected":false},"excerpt":{"rendered":"<p>\u25a0 Bajo la direcci\u00f3n de Manuel Gonz\u00e1lez Gil y la producci\u00f3n de Sequeira Producciones, la obra \u00abPor el placer de volver a verla\u00bb se presentar\u00e1 este domingo en el Teatro Argentino.<\/p>\n","protected":false},"author":16,"featured_media":185310,"comment_status":"closed","ping_status":"closed","sticky":false,"template":"","format":"standard","meta":{"footnotes":""},"categories":[4],"tags":[22092,22091,13869,480],"class_list":["post-185308","post","type-post","status-publish","format-standard","has-post-thumbnail","hentry","category-cultura","tag-meme-funes","tag-miguel-angel-sola","tag-sequeira-producciones","tag-teatro"],"yoast_head":"<!-- This site is optimized with the Yoast SEO plugin v27.4 - https:\/\/yoast.com\/product\/yoast-seo-wordpress\/ -->\n<title>Miguel \u00c1ngel Sol\u00e1 y Meme Funes llegan con aclamada pieza sobre los v\u00ednculos y la memoria<\/title>\n<meta name=\"description\" content=\"Bajo la direcci\u00f3n de Manuel Gonz\u00e1lez Gil y la producci\u00f3n de Sequeira Producciones, la obra &quot;Por el placer de volver a verla&quot; se presentar\u00e1 este domingo en el Teatro Argentino.\" \/>\n<meta name=\"robots\" content=\"index, follow, max-snippet:-1, max-image-preview:large, max-video-preview:-1\" \/>\n<link rel=\"canonical\" href=\"https:\/\/noticiasmercedinas.com\/site\/2026\/04\/28\/miguel-angel-sola-y-meme-funes-llegan-con-aclamada-pieza-sobre-los-vinculos-y-la-memoria\/\" \/>\n<meta property=\"og:locale\" content=\"es_ES\" \/>\n<meta property=\"og:type\" content=\"article\" \/>\n<meta property=\"og:title\" content=\"Miguel \u00c1ngel Sol\u00e1 y Meme Funes llegan con aclamada pieza sobre los v\u00ednculos y la memoria\" \/>\n<meta property=\"og:description\" content=\"Bajo la direcci\u00f3n de Manuel Gonz\u00e1lez Gil y la producci\u00f3n de Sequeira Producciones, la obra &quot;Por el placer de volver a verla&quot; se presentar\u00e1 este domingo en el Teatro Argentino.\" \/>\n<meta property=\"og:url\" content=\"https:\/\/noticiasmercedinas.com\/site\/2026\/04\/28\/miguel-angel-sola-y-meme-funes-llegan-con-aclamada-pieza-sobre-los-vinculos-y-la-memoria\/\" \/>\n<meta property=\"og:site_name\" content=\"NOTICIASMERCEDINAS.COM\" \/>\n<meta property=\"article:publisher\" content=\"https:\/\/www.facebook.com\/noticiasmercedinas\/\" \/>\n<meta property=\"article:published_time\" content=\"2026-04-28T12:39:25+00:00\" \/>\n<meta property=\"og:image\" content=\"https:\/\/noticiasmercedinas.com\/site\/wp-content\/uploads\/2026\/04\/teatro_sola.jpg\" \/>\n\t<meta property=\"og:image:width\" content=\"687\" \/>\n\t<meta property=\"og:image:height\" content=\"462\" \/>\n\t<meta property=\"og:image:type\" content=\"image\/jpeg\" \/>\n<meta name=\"author\" content=\"NOTICIASMERCEDINAS.COM\" \/>\n<meta name=\"twitter:card\" content=\"summary_large_image\" \/>\n<meta name=\"twitter:creator\" content=\"@notmercedinas\" \/>\n<meta name=\"twitter:site\" content=\"@notmercedinas\" \/>\n<meta name=\"twitter:label1\" content=\"Escrito por\" \/>\n\t<meta name=\"twitter:data1\" content=\"NOTICIASMERCEDINAS.COM\" \/>\n\t<meta name=\"twitter:label2\" content=\"Tiempo de lectura\" \/>\n\t<meta name=\"twitter:data2\" content=\"3 minutos\" \/>\n<script type=\"application\/ld+json\" class=\"yoast-schema-graph\">{\"@context\":\"https:\\\/\\\/schema.org\",\"@graph\":[{\"@type\":\"Article\",\"@id\":\"https:\\\/\\\/noticiasmercedinas.com\\\/site\\\/2026\\\/04\\\/28\\\/miguel-angel-sola-y-meme-funes-llegan-con-aclamada-pieza-sobre-los-vinculos-y-la-memoria\\\/#article\",\"isPartOf\":{\"@id\":\"https:\\\/\\\/noticiasmercedinas.com\\\/site\\\/2026\\\/04\\\/28\\\/miguel-angel-sola-y-meme-funes-llegan-con-aclamada-pieza-sobre-los-vinculos-y-la-memoria\\\/\"},\"author\":{\"name\":\"NOTICIASMERCEDINAS.COM\",\"@id\":\"https:\\\/\\\/noticiasmercedinas.com\\\/site\\\/#\\\/schema\\\/person\\\/84b59c099c28ff2e8b77d4ceec5d8063\"},\"headline\":\"Miguel \u00c1ngel Sol\u00e1 y Meme Funes llegan con aclamada pieza sobre los v\u00ednculos y la memoria\",\"datePublished\":\"2026-04-28T12:39:25+00:00\",\"mainEntityOfPage\":{\"@id\":\"https:\\\/\\\/noticiasmercedinas.com\\\/site\\\/2026\\\/04\\\/28\\\/miguel-angel-sola-y-meme-funes-llegan-con-aclamada-pieza-sobre-los-vinculos-y-la-memoria\\\/\"},\"wordCount\":389,\"publisher\":{\"@id\":\"https:\\\/\\\/noticiasmercedinas.com\\\/site\\\/#organization\"},\"image\":{\"@id\":\"https:\\\/\\\/noticiasmercedinas.com\\\/site\\\/2026\\\/04\\\/28\\\/miguel-angel-sola-y-meme-funes-llegan-con-aclamada-pieza-sobre-los-vinculos-y-la-memoria\\\/#primaryimage\"},\"thumbnailUrl\":\"https:\\\/\\\/noticiasmercedinas.com\\\/site\\\/wp-content\\\/uploads\\\/2026\\\/04\\\/teatro_sola.jpg\",\"keywords\":[\"meme funes\",\"miguel angel sola\",\"sequeira producciones\",\"teatro\"],\"articleSection\":[\"Cultura\"],\"inLanguage\":\"es\"},{\"@type\":\"WebPage\",\"@id\":\"https:\\\/\\\/noticiasmercedinas.com\\\/site\\\/2026\\\/04\\\/28\\\/miguel-angel-sola-y-meme-funes-llegan-con-aclamada-pieza-sobre-los-vinculos-y-la-memoria\\\/\",\"url\":\"https:\\\/\\\/noticiasmercedinas.com\\\/site\\\/2026\\\/04\\\/28\\\/miguel-angel-sola-y-meme-funes-llegan-con-aclamada-pieza-sobre-los-vinculos-y-la-memoria\\\/\",\"name\":\"Miguel \u00c1ngel Sol\u00e1 y Meme Funes llegan con aclamada pieza sobre los v\u00ednculos y la memoria\",\"isPartOf\":{\"@id\":\"https:\\\/\\\/noticiasmercedinas.com\\\/site\\\/#website\"},\"primaryImageOfPage\":{\"@id\":\"https:\\\/\\\/noticiasmercedinas.com\\\/site\\\/2026\\\/04\\\/28\\\/miguel-angel-sola-y-meme-funes-llegan-con-aclamada-pieza-sobre-los-vinculos-y-la-memoria\\\/#primaryimage\"},\"image\":{\"@id\":\"https:\\\/\\\/noticiasmercedinas.com\\\/site\\\/2026\\\/04\\\/28\\\/miguel-angel-sola-y-meme-funes-llegan-con-aclamada-pieza-sobre-los-vinculos-y-la-memoria\\\/#primaryimage\"},\"thumbnailUrl\":\"https:\\\/\\\/noticiasmercedinas.com\\\/site\\\/wp-content\\\/uploads\\\/2026\\\/04\\\/teatro_sola.jpg\",\"datePublished\":\"2026-04-28T12:39:25+00:00\",\"description\":\"Bajo la direcci\u00f3n de Manuel Gonz\u00e1lez Gil y la producci\u00f3n de Sequeira Producciones, la obra \\\"Por el placer de volver a verla\\\" se presentar\u00e1 este domingo en el Teatro Argentino.\",\"breadcrumb\":{\"@id\":\"https:\\\/\\\/noticiasmercedinas.com\\\/site\\\/2026\\\/04\\\/28\\\/miguel-angel-sola-y-meme-funes-llegan-con-aclamada-pieza-sobre-los-vinculos-y-la-memoria\\\/#breadcrumb\"},\"inLanguage\":\"es\",\"potentialAction\":[{\"@type\":\"ReadAction\",\"target\":[\"https:\\\/\\\/noticiasmercedinas.com\\\/site\\\/2026\\\/04\\\/28\\\/miguel-angel-sola-y-meme-funes-llegan-con-aclamada-pieza-sobre-los-vinculos-y-la-memoria\\\/\"]}]},{\"@type\":\"ImageObject\",\"inLanguage\":\"es\",\"@id\":\"https:\\\/\\\/noticiasmercedinas.com\\\/site\\\/2026\\\/04\\\/28\\\/miguel-angel-sola-y-meme-funes-llegan-con-aclamada-pieza-sobre-los-vinculos-y-la-memoria\\\/#primaryimage\",\"url\":\"https:\\\/\\\/noticiasmercedinas.com\\\/site\\\/wp-content\\\/uploads\\\/2026\\\/04\\\/teatro_sola.jpg\",\"contentUrl\":\"https:\\\/\\\/noticiasmercedinas.com\\\/site\\\/wp-content\\\/uploads\\\/2026\\\/04\\\/teatro_sola.jpg\",\"width\":687,\"height\":462},{\"@type\":\"BreadcrumbList\",\"@id\":\"https:\\\/\\\/noticiasmercedinas.com\\\/site\\\/2026\\\/04\\\/28\\\/miguel-angel-sola-y-meme-funes-llegan-con-aclamada-pieza-sobre-los-vinculos-y-la-memoria\\\/#breadcrumb\",\"itemListElement\":[{\"@type\":\"ListItem\",\"position\":1,\"name\":\"Portada\",\"item\":\"https:\\\/\\\/noticiasmercedinas.com\\\/site\\\/\"},{\"@type\":\"ListItem\",\"position\":2,\"name\":\"Miguel \u00c1ngel Sol\u00e1 y Meme Funes llegan con aclamada pieza sobre los v\u00ednculos y la memoria\"}]},{\"@type\":\"WebSite\",\"@id\":\"https:\\\/\\\/noticiasmercedinas.com\\\/site\\\/#website\",\"url\":\"https:\\\/\\\/noticiasmercedinas.com\\\/site\\\/\",\"name\":\"NOTICIASMERCEDINAS.COM\",\"description\":\"Mercedes, Buenos Aires, Argentina\",\"publisher\":{\"@id\":\"https:\\\/\\\/noticiasmercedinas.com\\\/site\\\/#organization\"},\"potentialAction\":[{\"@type\":\"SearchAction\",\"target\":{\"@type\":\"EntryPoint\",\"urlTemplate\":\"https:\\\/\\\/noticiasmercedinas.com\\\/site\\\/?s={search_term_string}\"},\"query-input\":{\"@type\":\"PropertyValueSpecification\",\"valueRequired\":true,\"valueName\":\"search_term_string\"}}],\"inLanguage\":\"es\"},{\"@type\":\"Organization\",\"@id\":\"https:\\\/\\\/noticiasmercedinas.com\\\/site\\\/#organization\",\"name\":\"NOTICIASMERCEDINAS.COM\",\"url\":\"https:\\\/\\\/noticiasmercedinas.com\\\/site\\\/\",\"logo\":{\"@type\":\"ImageObject\",\"inLanguage\":\"es\",\"@id\":\"https:\\\/\\\/noticiasmercedinas.com\\\/site\\\/#\\\/schema\\\/logo\\\/image\\\/\",\"url\":\"https:\\\/\\\/noticiasmercedinas.com\\\/site\\\/wp-content\\\/uploads\\\/2020\\\/06\\\/LOGO-512.jpg\",\"contentUrl\":\"https:\\\/\\\/noticiasmercedinas.com\\\/site\\\/wp-content\\\/uploads\\\/2020\\\/06\\\/LOGO-512.jpg\",\"width\":512,\"height\":512,\"caption\":\"NOTICIASMERCEDINAS.COM\"},\"image\":{\"@id\":\"https:\\\/\\\/noticiasmercedinas.com\\\/site\\\/#\\\/schema\\\/logo\\\/image\\\/\"},\"sameAs\":[\"https:\\\/\\\/www.facebook.com\\\/noticiasmercedinas\\\/\",\"https:\\\/\\\/x.com\\\/notmercedinas\",\"https:\\\/\\\/www.instagram.com\\\/noticiasmercedinas\\\/\"]},{\"@type\":\"Person\",\"@id\":\"https:\\\/\\\/noticiasmercedinas.com\\\/site\\\/#\\\/schema\\\/person\\\/84b59c099c28ff2e8b77d4ceec5d8063\",\"name\":\"NOTICIASMERCEDINAS.COM\",\"image\":{\"@type\":\"ImageObject\",\"inLanguage\":\"es\",\"@id\":\"https:\\\/\\\/secure.gravatar.com\\\/avatar\\\/4dfbf16b4d17945bfb6341b2d19043457132fcf478a5ee04f42e959fd8f5df0a?s=96&d=mm&r=g\",\"url\":\"https:\\\/\\\/secure.gravatar.com\\\/avatar\\\/4dfbf16b4d17945bfb6341b2d19043457132fcf478a5ee04f42e959fd8f5df0a?s=96&d=mm&r=g\",\"contentUrl\":\"https:\\\/\\\/secure.gravatar.com\\\/avatar\\\/4dfbf16b4d17945bfb6341b2d19043457132fcf478a5ee04f42e959fd8f5df0a?s=96&d=mm&r=g\",\"caption\":\"NOTICIASMERCEDINAS.COM\"},\"url\":\"https:\\\/\\\/noticiasmercedinas.com\\\/site\\\/author\\\/anonimo\\\/\"}]}<\/script>\n<!-- \/ Yoast SEO plugin. -->","yoast_head_json":{"title":"Miguel \u00c1ngel Sol\u00e1 y Meme Funes llegan con aclamada pieza sobre los v\u00ednculos y la memoria","description":"Bajo la direcci\u00f3n de Manuel Gonz\u00e1lez Gil y la producci\u00f3n de Sequeira Producciones, la obra \"Por el placer de volver a verla\" se presentar\u00e1 este domingo en el Teatro Argentino.","robots":{"index":"index","follow":"follow","max-snippet":"max-snippet:-1","max-image-preview":"max-image-preview:large","max-video-preview":"max-video-preview:-1"},"canonical":"https:\/\/noticiasmercedinas.com\/site\/2026\/04\/28\/miguel-angel-sola-y-meme-funes-llegan-con-aclamada-pieza-sobre-los-vinculos-y-la-memoria\/","og_locale":"es_ES","og_type":"article","og_title":"Miguel \u00c1ngel Sol\u00e1 y Meme Funes llegan con aclamada pieza sobre los v\u00ednculos y la memoria","og_description":"Bajo la direcci\u00f3n de Manuel Gonz\u00e1lez Gil y la producci\u00f3n de Sequeira Producciones, la obra \"Por el placer de volver a verla\" se presentar\u00e1 este domingo en el Teatro Argentino.","og_url":"https:\/\/noticiasmercedinas.com\/site\/2026\/04\/28\/miguel-angel-sola-y-meme-funes-llegan-con-aclamada-pieza-sobre-los-vinculos-y-la-memoria\/","og_site_name":"NOTICIASMERCEDINAS.COM","article_publisher":"https:\/\/www.facebook.com\/noticiasmercedinas\/","article_published_time":"2026-04-28T12:39:25+00:00","og_image":[{"width":687,"height":462,"url":"https:\/\/noticiasmercedinas.com\/site\/wp-content\/uploads\/2026\/04\/teatro_sola.jpg","type":"image\/jpeg"}],"author":"NOTICIASMERCEDINAS.COM","twitter_card":"summary_large_image","twitter_creator":"@notmercedinas","twitter_site":"@notmercedinas","twitter_misc":{"Escrito por":"NOTICIASMERCEDINAS.COM","Tiempo de lectura":"3 minutos"},"schema":{"@context":"https:\/\/schema.org","@graph":[{"@type":"Article","@id":"https:\/\/noticiasmercedinas.com\/site\/2026\/04\/28\/miguel-angel-sola-y-meme-funes-llegan-con-aclamada-pieza-sobre-los-vinculos-y-la-memoria\/#article","isPartOf":{"@id":"https:\/\/noticiasmercedinas.com\/site\/2026\/04\/28\/miguel-angel-sola-y-meme-funes-llegan-con-aclamada-pieza-sobre-los-vinculos-y-la-memoria\/"},"author":{"name":"NOTICIASMERCEDINAS.COM","@id":"https:\/\/noticiasmercedinas.com\/site\/#\/schema\/person\/84b59c099c28ff2e8b77d4ceec5d8063"},"headline":"Miguel \u00c1ngel Sol\u00e1 y Meme Funes llegan con aclamada pieza sobre los v\u00ednculos y la memoria","datePublished":"2026-04-28T12:39:25+00:00","mainEntityOfPage":{"@id":"https:\/\/noticiasmercedinas.com\/site\/2026\/04\/28\/miguel-angel-sola-y-meme-funes-llegan-con-aclamada-pieza-sobre-los-vinculos-y-la-memoria\/"},"wordCount":389,"publisher":{"@id":"https:\/\/noticiasmercedinas.com\/site\/#organization"},"image":{"@id":"https:\/\/noticiasmercedinas.com\/site\/2026\/04\/28\/miguel-angel-sola-y-meme-funes-llegan-con-aclamada-pieza-sobre-los-vinculos-y-la-memoria\/#primaryimage"},"thumbnailUrl":"https:\/\/noticiasmercedinas.com\/site\/wp-content\/uploads\/2026\/04\/teatro_sola.jpg","keywords":["meme funes","miguel angel sola","sequeira producciones","teatro"],"articleSection":["Cultura"],"inLanguage":"es"},{"@type":"WebPage","@id":"https:\/\/noticiasmercedinas.com\/site\/2026\/04\/28\/miguel-angel-sola-y-meme-funes-llegan-con-aclamada-pieza-sobre-los-vinculos-y-la-memoria\/","url":"https:\/\/noticiasmercedinas.com\/site\/2026\/04\/28\/miguel-angel-sola-y-meme-funes-llegan-con-aclamada-pieza-sobre-los-vinculos-y-la-memoria\/","name":"Miguel \u00c1ngel Sol\u00e1 y Meme Funes llegan con aclamada pieza sobre los v\u00ednculos y la memoria","isPartOf":{"@id":"https:\/\/noticiasmercedinas.com\/site\/#website"},"primaryImageOfPage":{"@id":"https:\/\/noticiasmercedinas.com\/site\/2026\/04\/28\/miguel-angel-sola-y-meme-funes-llegan-con-aclamada-pieza-sobre-los-vinculos-y-la-memoria\/#primaryimage"},"image":{"@id":"https:\/\/noticiasmercedinas.com\/site\/2026\/04\/28\/miguel-angel-sola-y-meme-funes-llegan-con-aclamada-pieza-sobre-los-vinculos-y-la-memoria\/#primaryimage"},"thumbnailUrl":"https:\/\/noticiasmercedinas.com\/site\/wp-content\/uploads\/2026\/04\/teatro_sola.jpg","datePublished":"2026-04-28T12:39:25+00:00","description":"Bajo la direcci\u00f3n de Manuel Gonz\u00e1lez Gil y la producci\u00f3n de Sequeira Producciones, la obra \"Por el placer de volver a verla\" se presentar\u00e1 este domingo en el Teatro Argentino.","breadcrumb":{"@id":"https:\/\/noticiasmercedinas.com\/site\/2026\/04\/28\/miguel-angel-sola-y-meme-funes-llegan-con-aclamada-pieza-sobre-los-vinculos-y-la-memoria\/#breadcrumb"},"inLanguage":"es","potentialAction":[{"@type":"ReadAction","target":["https:\/\/noticiasmercedinas.com\/site\/2026\/04\/28\/miguel-angel-sola-y-meme-funes-llegan-con-aclamada-pieza-sobre-los-vinculos-y-la-memoria\/"]}]},{"@type":"ImageObject","inLanguage":"es","@id":"https:\/\/noticiasmercedinas.com\/site\/2026\/04\/28\/miguel-angel-sola-y-meme-funes-llegan-con-aclamada-pieza-sobre-los-vinculos-y-la-memoria\/#primaryimage","url":"https:\/\/noticiasmercedinas.com\/site\/wp-content\/uploads\/2026\/04\/teatro_sola.jpg","contentUrl":"https:\/\/noticiasmercedinas.com\/site\/wp-content\/uploads\/2026\/04\/teatro_sola.jpg","width":687,"height":462},{"@type":"BreadcrumbList","@id":"https:\/\/noticiasmercedinas.com\/site\/2026\/04\/28\/miguel-angel-sola-y-meme-funes-llegan-con-aclamada-pieza-sobre-los-vinculos-y-la-memoria\/#breadcrumb","itemListElement":[{"@type":"ListItem","position":1,"name":"Portada","item":"https:\/\/noticiasmercedinas.com\/site\/"},{"@type":"ListItem","position":2,"name":"Miguel \u00c1ngel Sol\u00e1 y Meme Funes llegan con aclamada pieza sobre los v\u00ednculos y la memoria"}]},{"@type":"WebSite","@id":"https:\/\/noticiasmercedinas.com\/site\/#website","url":"https:\/\/noticiasmercedinas.com\/site\/","name":"NOTICIASMERCEDINAS.COM","description":"Mercedes, Buenos Aires, Argentina","publisher":{"@id":"https:\/\/noticiasmercedinas.com\/site\/#organization"},"potentialAction":[{"@type":"SearchAction","target":{"@type":"EntryPoint","urlTemplate":"https:\/\/noticiasmercedinas.com\/site\/?s={search_term_string}"},"query-input":{"@type":"PropertyValueSpecification","valueRequired":true,"valueName":"search_term_string"}}],"inLanguage":"es"},{"@type":"Organization","@id":"https:\/\/noticiasmercedinas.com\/site\/#organization","name":"NOTICIASMERCEDINAS.COM","url":"https:\/\/noticiasmercedinas.com\/site\/","logo":{"@type":"ImageObject","inLanguage":"es","@id":"https:\/\/noticiasmercedinas.com\/site\/#\/schema\/logo\/image\/","url":"https:\/\/noticiasmercedinas.com\/site\/wp-content\/uploads\/2020\/06\/LOGO-512.jpg","contentUrl":"https:\/\/noticiasmercedinas.com\/site\/wp-content\/uploads\/2020\/06\/LOGO-512.jpg","width":512,"height":512,"caption":"NOTICIASMERCEDINAS.COM"},"image":{"@id":"https:\/\/noticiasmercedinas.com\/site\/#\/schema\/logo\/image\/"},"sameAs":["https:\/\/www.facebook.com\/noticiasmercedinas\/","https:\/\/x.com\/notmercedinas","https:\/\/www.instagram.com\/noticiasmercedinas\/"]},{"@type":"Person","@id":"https:\/\/noticiasmercedinas.com\/site\/#\/schema\/person\/84b59c099c28ff2e8b77d4ceec5d8063","name":"NOTICIASMERCEDINAS.COM","image":{"@type":"ImageObject","inLanguage":"es","@id":"https:\/\/secure.gravatar.com\/avatar\/4dfbf16b4d17945bfb6341b2d19043457132fcf478a5ee04f42e959fd8f5df0a?s=96&d=mm&r=g","url":"https:\/\/secure.gravatar.com\/avatar\/4dfbf16b4d17945bfb6341b2d19043457132fcf478a5ee04f42e959fd8f5df0a?s=96&d=mm&r=g","contentUrl":"https:\/\/secure.gravatar.com\/avatar\/4dfbf16b4d17945bfb6341b2d19043457132fcf478a5ee04f42e959fd8f5df0a?s=96&d=mm&r=g","caption":"NOTICIASMERCEDINAS.COM"},"url":"https:\/\/noticiasmercedinas.com\/site\/author\/anonimo\/"}]}},"amp_enabled":true,"_links":{"self":[{"href":"https:\/\/noticiasmercedinas.com\/site\/wp-json\/wp\/v2\/posts\/185308","targetHints":{"allow":["GET"]}}],"collection":[{"href":"https:\/\/noticiasmercedinas.com\/site\/wp-json\/wp\/v2\/posts"}],"about":[{"href":"https:\/\/noticiasmercedinas.com\/site\/wp-json\/wp\/v2\/types\/post"}],"author":[{"embeddable":true,"href":"https:\/\/noticiasmercedinas.com\/site\/wp-json\/wp\/v2\/users\/16"}],"replies":[{"embeddable":true,"href":"https:\/\/noticiasmercedinas.com\/site\/wp-json\/wp\/v2\/comments?post=185308"}],"version-history":[{"count":1,"href":"https:\/\/noticiasmercedinas.com\/site\/wp-json\/wp\/v2\/posts\/185308\/revisions"}],"predecessor-version":[{"id":185311,"href":"https:\/\/noticiasmercedinas.com\/site\/wp-json\/wp\/v2\/posts\/185308\/revisions\/185311"}],"wp:featuredmedia":[{"embeddable":true,"href":"https:\/\/noticiasmercedinas.com\/site\/wp-json\/wp\/v2\/media\/185310"}],"wp:attachment":[{"href":"https:\/\/noticiasmercedinas.com\/site\/wp-json\/wp\/v2\/media?parent=185308"}],"wp:term":[{"taxonomy":"category","embeddable":true,"href":"https:\/\/noticiasmercedinas.com\/site\/wp-json\/wp\/v2\/categories?post=185308"},{"taxonomy":"post_tag","embeddable":true,"href":"https:\/\/noticiasmercedinas.com\/site\/wp-json\/wp\/v2\/tags?post=185308"}],"curies":[{"name":"wp","href":"https:\/\/api.w.org\/{rel}","templated":true}]}}