{"id":185312,"date":"2026-04-28T10:12:57","date_gmt":"2026-04-28T13:12:57","guid":{"rendered":"https:\/\/noticiasmercedinas.com\/site\/?p=185312"},"modified":"2026-04-28T10:29:40","modified_gmt":"2026-04-28T13:29:40","slug":"pollacchi-objeto-al-oficialismo-por-la-paralisis-de-obras-habitacionales-juegan-con-las-esperanzas-de-la-gente","status":"publish","type":"post","link":"https:\/\/noticiasmercedinas.com\/site\/2026\/04\/28\/pollacchi-objeto-al-oficialismo-por-la-paralisis-de-obras-habitacionales-juegan-con-las-esperanzas-de-la-gente\/","title":{"rendered":"Pollacchi objet\u00f3 al oficialismo por la par\u00e1lisis de obras habitacionales: \u00abJuegan con las esperanzas de la gente\u00bb"},"content":{"rendered":"<p><img loading=\"lazy\" decoding=\"async\" class=\"alignnone size-full wp-image-185313\" src=\"https:\/\/noticiasmercedinas.com\/site\/wp-content\/uploads\/2026\/04\/pollacchi.jpg\" alt=\"\" width=\"640\" height=\"393\" srcset=\"https:\/\/noticiasmercedinas.com\/site\/wp-content\/uploads\/2026\/04\/pollacchi.jpg 640w, https:\/\/noticiasmercedinas.com\/site\/wp-content\/uploads\/2026\/04\/pollacchi-300x184.jpg 300w\" sizes=\"auto, (max-width: 640px) 100vw, 640px\" \/><\/p>\n<p>Tras la sesi\u00f3n ordinaria de este lunes, el concejal <strong>Mauricio Pollacchi<\/strong> (La Libertad Avanza) lanz\u00f3 duras cr\u00edticas hacia la gesti\u00f3n municipal y el bloque de Uni\u00f3n por la Patria (UxP), al sostener que los argumentos esgrimidos por el oficialismo durante el debate \u00ablos dejaron al desnudo\u00bb.<\/p>\n<p>\u00abNo quisieron mandar el pedido de informes a la provincia de Buenos Aires. Hay concejales que est\u00e1n defendiendo al gobernador pero no piden informaci\u00f3n\u00bb, objet\u00f3.<\/p>\n<p>Seg\u00fan el edil, los propios concejales del gobierno local reconocieron una metodolog\u00eda de gesti\u00f3n basada en el \u00abpopulismo\u00bb y la falta de planificaci\u00f3n econ\u00f3mica.<\/p>\n<blockquote><p>\u00abSortearon en 2021, adjudicaron y reci\u00e9n licitaron en 2022 con un plazo de 240 d\u00edas. El plazo venc\u00eda durante el gobierno de Fern\u00e1ndez, pero ahora m\u00e1gicamente la culpa es de Milei\u00bb<\/p><\/blockquote>\n<p>El foco del conflicto se centr\u00f3 en el proyecto de viviendas biosustentables. Pollacchi se\u00f1al\u00f3 que, durante el intercambio en el recinto, qued\u00f3 en evidencia que la comuna realiza los sorteos de viviendas a\u00f1os antes de siquiera licitar las obras.<\/p>\n<p>\u00abSortearon en 2021, adjudicaron y reci\u00e9n licitaron en 2022 con un plazo de 240 d\u00edas. El plazo venc\u00eda durante el gobierno de Fern\u00e1ndez, pero ahora m\u00e1gicamente la culpa es de Milei\u00bb, sentenci\u00f3 el legislador.<\/p>\n<p><strong>Cr\u00edticas a la gesti\u00f3n de la obra p\u00fablica y la inflaci\u00f3n<\/strong><br \/>\nPollacchi subray\u00f3 que la par\u00e1lisis de las obras no responde a recortes nacionales actuales, sino a deficiencias estructurales de la provincia y la naci\u00f3n durante la gesti\u00f3n anterior. \u00abReconocieron que la obra era del Instituto de la Vivienda de la PBA y que la licitaci\u00f3n de 2022 qued\u00f3 desierta por el precio del hierro\u00bb, explic\u00f3 el concejal, vinculando este fracaso directamente con la inflaci\u00f3n del periodo kirchnerista.<\/p>\n<p>Para el edil, esta situaci\u00f3n impide cualquier tipo de control ciudadano sobre el gasto p\u00fablico: \u00abCon una inflaci\u00f3n diaria del 1,5%, como en el gobierno de Kirchner\/Fernandez, las empresas no pueden calcular precios y los ciudadanos no pueden comparar cu\u00e1nto cuesta una manzana de asfalto\u00bb, afirm\u00f3.<\/p>\n<p>\u00abPrimero sortean para generar un acto y felicidad, pero la obra nunca se hace. Mantienen a la gente a\u00f1os esperando por algo que no llega\u00bb, objet\u00f3 luego.<\/p>\n<blockquote><p>\u00abPrimero sortean para generar un acto y felicidad, pero la obra nunca se hace. Mantienen a la gente a\u00f1os esperando por algo que no llega\u00bb<\/p><\/blockquote>\n<p><strong>Fallas en la grabaci\u00f3n de la sesi\u00f3n<\/strong><br \/>\nUn punto que gener\u00f3 suspicacias en el arco opositor fue la ausencia de audio en el registro f\u00edlmico de dicho tramo de la sesi\u00f3n. Pollacchi calific\u00f3 que es una \u00abl\u00e1stima\u00bb este inconveniente t\u00e9cnico, ya que, seg\u00fan sus palabras, el audio hubiera servido como prueba documental de las admisiones realizadas por el bloque de UxP.<\/p>\n<p>\u00abLe agradec\u00ed al bloque de UxP por dar informaci\u00f3n y explicar c\u00f3mo hacen populismo: primero sortean, generan el acto, y despu\u00e9s la obra no se concreta\u00bb, concluy\u00f3 el concejal.<\/p>\n<p>&nbsp;<\/p>\n<p><iframe loading=\"lazy\" title=\"YouTube video player\" src=\"https:\/\/www.youtube.com\/embed\/BepPPQZbrdc?si=f0Ls8Djt3TLB6Eb3\" width=\"640\" height=\"330\" frameborder=\"0\" allowfullscreen=\"allowfullscreen\"><\/iframe><\/p>\n","protected":false},"excerpt":{"rendered":"<p>\u25a0 El concejal de LLA denunci\u00f3 que el bloque de Uni\u00f3n por la Patria admiti\u00f3 irregularidades en los plazos de viviendas biosustentables. Adem\u00e1s, lament\u00f3 fallas t\u00e9cnicas en el audio de la transmisi\u00f3n que impidieron registrar el debate.<\/p>\n","protected":false},"author":16,"featured_media":185313,"comment_status":"closed","ping_status":"closed","sticky":false,"template":"","format":"standard","meta":{"footnotes":""},"categories":[16,20734],"tags":[8739,544],"class_list":["post-185312","post","type-post","status-publish","format-standard","has-post-thumbnail","hentry","category-politica","category-ultimo-momento","tag-mauricio-pollacchi","tag-viviendas"],"yoast_head":"<!-- This site is optimized with the Yoast SEO plugin v27.4 - https:\/\/yoast.com\/product\/yoast-seo-wordpress\/ -->\n<title>Pollacchi objet\u00f3 al oficialismo por la par\u00e1lisis de obras habitacionales: &quot;Juegan con las esperanzas de la gente&quot;<\/title>\n<meta name=\"description\" content=\"El concejal de LLA denunci\u00f3 que el bloque de Uni\u00f3n por la Patria admiti\u00f3 irregularidades en los plazos de viviendas biosustentables. Adem\u00e1s, lament\u00f3 fallas t\u00e9cnicas en el audio de la transmisi\u00f3n que impidieron registrar el debate.\" \/>\n<meta name=\"robots\" content=\"index, follow, max-snippet:-1, max-image-preview:large, max-video-preview:-1\" \/>\n<link rel=\"canonical\" href=\"https:\/\/noticiasmercedinas.com\/site\/2026\/04\/28\/pollacchi-objeto-al-oficialismo-por-la-paralisis-de-obras-habitacionales-juegan-con-las-esperanzas-de-la-gente\/\" \/>\n<meta property=\"og:locale\" content=\"es_ES\" \/>\n<meta property=\"og:type\" content=\"article\" \/>\n<meta property=\"og:title\" content=\"Pollacchi objet\u00f3 al oficialismo por la par\u00e1lisis de obras habitacionales: &quot;Juegan con las esperanzas de la gente&quot;\" \/>\n<meta property=\"og:description\" content=\"El concejal de LLA denunci\u00f3 que el bloque de Uni\u00f3n por la Patria admiti\u00f3 irregularidades en los plazos de viviendas biosustentables. Adem\u00e1s, lament\u00f3 fallas t\u00e9cnicas en el audio de la transmisi\u00f3n que impidieron registrar el debate.\" \/>\n<meta property=\"og:url\" content=\"https:\/\/noticiasmercedinas.com\/site\/2026\/04\/28\/pollacchi-objeto-al-oficialismo-por-la-paralisis-de-obras-habitacionales-juegan-con-las-esperanzas-de-la-gente\/\" \/>\n<meta property=\"og:site_name\" content=\"NOTICIASMERCEDINAS.COM\" \/>\n<meta property=\"article:publisher\" content=\"https:\/\/www.facebook.com\/noticiasmercedinas\/\" \/>\n<meta property=\"article:published_time\" content=\"2026-04-28T13:12:57+00:00\" \/>\n<meta property=\"article:modified_time\" content=\"2026-04-28T13:29:40+00:00\" \/>\n<meta property=\"og:image\" content=\"https:\/\/noticiasmercedinas.com\/site\/wp-content\/uploads\/2026\/04\/pollacchi.jpg\" \/>\n\t<meta property=\"og:image:width\" content=\"640\" \/>\n\t<meta property=\"og:image:height\" content=\"393\" \/>\n\t<meta property=\"og:image:type\" content=\"image\/jpeg\" \/>\n<meta name=\"author\" content=\"NOTICIASMERCEDINAS.COM\" \/>\n<meta name=\"twitter:card\" content=\"summary_large_image\" \/>\n<meta name=\"twitter:creator\" content=\"@notmercedinas\" \/>\n<meta name=\"twitter:site\" content=\"@notmercedinas\" \/>\n<meta name=\"twitter:label1\" content=\"Escrito por\" \/>\n\t<meta name=\"twitter:data1\" content=\"NOTICIASMERCEDINAS.COM\" \/>\n\t<meta name=\"twitter:label2\" content=\"Tiempo de lectura\" \/>\n\t<meta name=\"twitter:data2\" content=\"3 minutos\" \/>\n<script type=\"application\/ld+json\" class=\"yoast-schema-graph\">{\"@context\":\"https:\\\/\\\/schema.org\",\"@graph\":[{\"@type\":\"Article\",\"@id\":\"https:\\\/\\\/noticiasmercedinas.com\\\/site\\\/2026\\\/04\\\/28\\\/pollacchi-objeto-al-oficialismo-por-la-paralisis-de-obras-habitacionales-juegan-con-las-esperanzas-de-la-gente\\\/#article\",\"isPartOf\":{\"@id\":\"https:\\\/\\\/noticiasmercedinas.com\\\/site\\\/2026\\\/04\\\/28\\\/pollacchi-objeto-al-oficialismo-por-la-paralisis-de-obras-habitacionales-juegan-con-las-esperanzas-de-la-gente\\\/\"},\"author\":{\"name\":\"NOTICIASMERCEDINAS.COM\",\"@id\":\"https:\\\/\\\/noticiasmercedinas.com\\\/site\\\/#\\\/schema\\\/person\\\/84b59c099c28ff2e8b77d4ceec5d8063\"},\"headline\":\"Pollacchi objet\u00f3 al oficialismo por la par\u00e1lisis de obras habitacionales: \u00abJuegan con las esperanzas de la gente\u00bb\",\"datePublished\":\"2026-04-28T13:12:57+00:00\",\"dateModified\":\"2026-04-28T13:29:40+00:00\",\"mainEntityOfPage\":{\"@id\":\"https:\\\/\\\/noticiasmercedinas.com\\\/site\\\/2026\\\/04\\\/28\\\/pollacchi-objeto-al-oficialismo-por-la-paralisis-de-obras-habitacionales-juegan-con-las-esperanzas-de-la-gente\\\/\"},\"wordCount\":525,\"publisher\":{\"@id\":\"https:\\\/\\\/noticiasmercedinas.com\\\/site\\\/#organization\"},\"image\":{\"@id\":\"https:\\\/\\\/noticiasmercedinas.com\\\/site\\\/2026\\\/04\\\/28\\\/pollacchi-objeto-al-oficialismo-por-la-paralisis-de-obras-habitacionales-juegan-con-las-esperanzas-de-la-gente\\\/#primaryimage\"},\"thumbnailUrl\":\"https:\\\/\\\/noticiasmercedinas.com\\\/site\\\/wp-content\\\/uploads\\\/2026\\\/04\\\/pollacchi.jpg\",\"keywords\":[\"mauricio pollacchi\",\"viviendas\"],\"articleSection\":[\"Politica\",\"Ultimo momento\"],\"inLanguage\":\"es\"},{\"@type\":\"WebPage\",\"@id\":\"https:\\\/\\\/noticiasmercedinas.com\\\/site\\\/2026\\\/04\\\/28\\\/pollacchi-objeto-al-oficialismo-por-la-paralisis-de-obras-habitacionales-juegan-con-las-esperanzas-de-la-gente\\\/\",\"url\":\"https:\\\/\\\/noticiasmercedinas.com\\\/site\\\/2026\\\/04\\\/28\\\/pollacchi-objeto-al-oficialismo-por-la-paralisis-de-obras-habitacionales-juegan-con-las-esperanzas-de-la-gente\\\/\",\"name\":\"Pollacchi objet\u00f3 al oficialismo por la par\u00e1lisis de obras habitacionales: \\\"Juegan con las esperanzas de la gente\\\"\",\"isPartOf\":{\"@id\":\"https:\\\/\\\/noticiasmercedinas.com\\\/site\\\/#website\"},\"primaryImageOfPage\":{\"@id\":\"https:\\\/\\\/noticiasmercedinas.com\\\/site\\\/2026\\\/04\\\/28\\\/pollacchi-objeto-al-oficialismo-por-la-paralisis-de-obras-habitacionales-juegan-con-las-esperanzas-de-la-gente\\\/#primaryimage\"},\"image\":{\"@id\":\"https:\\\/\\\/noticiasmercedinas.com\\\/site\\\/2026\\\/04\\\/28\\\/pollacchi-objeto-al-oficialismo-por-la-paralisis-de-obras-habitacionales-juegan-con-las-esperanzas-de-la-gente\\\/#primaryimage\"},\"thumbnailUrl\":\"https:\\\/\\\/noticiasmercedinas.com\\\/site\\\/wp-content\\\/uploads\\\/2026\\\/04\\\/pollacchi.jpg\",\"datePublished\":\"2026-04-28T13:12:57+00:00\",\"dateModified\":\"2026-04-28T13:29:40+00:00\",\"description\":\"El concejal de LLA denunci\u00f3 que el bloque de Uni\u00f3n por la Patria admiti\u00f3 irregularidades en los plazos de viviendas biosustentables. Adem\u00e1s, lament\u00f3 fallas t\u00e9cnicas en el audio de la transmisi\u00f3n que impidieron registrar el debate.\",\"breadcrumb\":{\"@id\":\"https:\\\/\\\/noticiasmercedinas.com\\\/site\\\/2026\\\/04\\\/28\\\/pollacchi-objeto-al-oficialismo-por-la-paralisis-de-obras-habitacionales-juegan-con-las-esperanzas-de-la-gente\\\/#breadcrumb\"},\"inLanguage\":\"es\",\"potentialAction\":[{\"@type\":\"ReadAction\",\"target\":[\"https:\\\/\\\/noticiasmercedinas.com\\\/site\\\/2026\\\/04\\\/28\\\/pollacchi-objeto-al-oficialismo-por-la-paralisis-de-obras-habitacionales-juegan-con-las-esperanzas-de-la-gente\\\/\"]}]},{\"@type\":\"ImageObject\",\"inLanguage\":\"es\",\"@id\":\"https:\\\/\\\/noticiasmercedinas.com\\\/site\\\/2026\\\/04\\\/28\\\/pollacchi-objeto-al-oficialismo-por-la-paralisis-de-obras-habitacionales-juegan-con-las-esperanzas-de-la-gente\\\/#primaryimage\",\"url\":\"https:\\\/\\\/noticiasmercedinas.com\\\/site\\\/wp-content\\\/uploads\\\/2026\\\/04\\\/pollacchi.jpg\",\"contentUrl\":\"https:\\\/\\\/noticiasmercedinas.com\\\/site\\\/wp-content\\\/uploads\\\/2026\\\/04\\\/pollacchi.jpg\",\"width\":640,\"height\":393},{\"@type\":\"BreadcrumbList\",\"@id\":\"https:\\\/\\\/noticiasmercedinas.com\\\/site\\\/2026\\\/04\\\/28\\\/pollacchi-objeto-al-oficialismo-por-la-paralisis-de-obras-habitacionales-juegan-con-las-esperanzas-de-la-gente\\\/#breadcrumb\",\"itemListElement\":[{\"@type\":\"ListItem\",\"position\":1,\"name\":\"Portada\",\"item\":\"https:\\\/\\\/noticiasmercedinas.com\\\/site\\\/\"},{\"@type\":\"ListItem\",\"position\":2,\"name\":\"Pollacchi objet\u00f3 al oficialismo por la par\u00e1lisis de obras habitacionales: \u00abJuegan con las esperanzas de la gente\u00bb\"}]},{\"@type\":\"WebSite\",\"@id\":\"https:\\\/\\\/noticiasmercedinas.com\\\/site\\\/#website\",\"url\":\"https:\\\/\\\/noticiasmercedinas.com\\\/site\\\/\",\"name\":\"NOTICIASMERCEDINAS.COM\",\"description\":\"Mercedes, Buenos Aires, Argentina\",\"publisher\":{\"@id\":\"https:\\\/\\\/noticiasmercedinas.com\\\/site\\\/#organization\"},\"potentialAction\":[{\"@type\":\"SearchAction\",\"target\":{\"@type\":\"EntryPoint\",\"urlTemplate\":\"https:\\\/\\\/noticiasmercedinas.com\\\/site\\\/?s={search_term_string}\"},\"query-input\":{\"@type\":\"PropertyValueSpecification\",\"valueRequired\":true,\"valueName\":\"search_term_string\"}}],\"inLanguage\":\"es\"},{\"@type\":\"Organization\",\"@id\":\"https:\\\/\\\/noticiasmercedinas.com\\\/site\\\/#organization\",\"name\":\"NOTICIASMERCEDINAS.COM\",\"url\":\"https:\\\/\\\/noticiasmercedinas.com\\\/site\\\/\",\"logo\":{\"@type\":\"ImageObject\",\"inLanguage\":\"es\",\"@id\":\"https:\\\/\\\/noticiasmercedinas.com\\\/site\\\/#\\\/schema\\\/logo\\\/image\\\/\",\"url\":\"https:\\\/\\\/noticiasmercedinas.com\\\/site\\\/wp-content\\\/uploads\\\/2020\\\/06\\\/LOGO-512.jpg\",\"contentUrl\":\"https:\\\/\\\/noticiasmercedinas.com\\\/site\\\/wp-content\\\/uploads\\\/2020\\\/06\\\/LOGO-512.jpg\",\"width\":512,\"height\":512,\"caption\":\"NOTICIASMERCEDINAS.COM\"},\"image\":{\"@id\":\"https:\\\/\\\/noticiasmercedinas.com\\\/site\\\/#\\\/schema\\\/logo\\\/image\\\/\"},\"sameAs\":[\"https:\\\/\\\/www.facebook.com\\\/noticiasmercedinas\\\/\",\"https:\\\/\\\/x.com\\\/notmercedinas\",\"https:\\\/\\\/www.instagram.com\\\/noticiasmercedinas\\\/\"]},{\"@type\":\"Person\",\"@id\":\"https:\\\/\\\/noticiasmercedinas.com\\\/site\\\/#\\\/schema\\\/person\\\/84b59c099c28ff2e8b77d4ceec5d8063\",\"name\":\"NOTICIASMERCEDINAS.COM\",\"image\":{\"@type\":\"ImageObject\",\"inLanguage\":\"es\",\"@id\":\"https:\\\/\\\/secure.gravatar.com\\\/avatar\\\/4dfbf16b4d17945bfb6341b2d19043457132fcf478a5ee04f42e959fd8f5df0a?s=96&d=mm&r=g\",\"url\":\"https:\\\/\\\/secure.gravatar.com\\\/avatar\\\/4dfbf16b4d17945bfb6341b2d19043457132fcf478a5ee04f42e959fd8f5df0a?s=96&d=mm&r=g\",\"contentUrl\":\"https:\\\/\\\/secure.gravatar.com\\\/avatar\\\/4dfbf16b4d17945bfb6341b2d19043457132fcf478a5ee04f42e959fd8f5df0a?s=96&d=mm&r=g\",\"caption\":\"NOTICIASMERCEDINAS.COM\"},\"url\":\"https:\\\/\\\/noticiasmercedinas.com\\\/site\\\/author\\\/anonimo\\\/\"}]}<\/script>\n<!-- \/ Yoast SEO plugin. -->","yoast_head_json":{"title":"Pollacchi objet\u00f3 al oficialismo por la par\u00e1lisis de obras habitacionales: \"Juegan con las esperanzas de la gente\"","description":"El concejal de LLA denunci\u00f3 que el bloque de Uni\u00f3n por la Patria admiti\u00f3 irregularidades en los plazos de viviendas biosustentables. Adem\u00e1s, lament\u00f3 fallas t\u00e9cnicas en el audio de la transmisi\u00f3n que impidieron registrar el debate.","robots":{"index":"index","follow":"follow","max-snippet":"max-snippet:-1","max-image-preview":"max-image-preview:large","max-video-preview":"max-video-preview:-1"},"canonical":"https:\/\/noticiasmercedinas.com\/site\/2026\/04\/28\/pollacchi-objeto-al-oficialismo-por-la-paralisis-de-obras-habitacionales-juegan-con-las-esperanzas-de-la-gente\/","og_locale":"es_ES","og_type":"article","og_title":"Pollacchi objet\u00f3 al oficialismo por la par\u00e1lisis de obras habitacionales: \"Juegan con las esperanzas de la gente\"","og_description":"El concejal de LLA denunci\u00f3 que el bloque de Uni\u00f3n por la Patria admiti\u00f3 irregularidades en los plazos de viviendas biosustentables. Adem\u00e1s, lament\u00f3 fallas t\u00e9cnicas en el audio de la transmisi\u00f3n que impidieron registrar el debate.","og_url":"https:\/\/noticiasmercedinas.com\/site\/2026\/04\/28\/pollacchi-objeto-al-oficialismo-por-la-paralisis-de-obras-habitacionales-juegan-con-las-esperanzas-de-la-gente\/","og_site_name":"NOTICIASMERCEDINAS.COM","article_publisher":"https:\/\/www.facebook.com\/noticiasmercedinas\/","article_published_time":"2026-04-28T13:12:57+00:00","article_modified_time":"2026-04-28T13:29:40+00:00","og_image":[{"width":640,"height":393,"url":"https:\/\/noticiasmercedinas.com\/site\/wp-content\/uploads\/2026\/04\/pollacchi.jpg","type":"image\/jpeg"}],"author":"NOTICIASMERCEDINAS.COM","twitter_card":"summary_large_image","twitter_creator":"@notmercedinas","twitter_site":"@notmercedinas","twitter_misc":{"Escrito por":"NOTICIASMERCEDINAS.COM","Tiempo de lectura":"3 minutos"},"schema":{"@context":"https:\/\/schema.org","@graph":[{"@type":"Article","@id":"https:\/\/noticiasmercedinas.com\/site\/2026\/04\/28\/pollacchi-objeto-al-oficialismo-por-la-paralisis-de-obras-habitacionales-juegan-con-las-esperanzas-de-la-gente\/#article","isPartOf":{"@id":"https:\/\/noticiasmercedinas.com\/site\/2026\/04\/28\/pollacchi-objeto-al-oficialismo-por-la-paralisis-de-obras-habitacionales-juegan-con-las-esperanzas-de-la-gente\/"},"author":{"name":"NOTICIASMERCEDINAS.COM","@id":"https:\/\/noticiasmercedinas.com\/site\/#\/schema\/person\/84b59c099c28ff2e8b77d4ceec5d8063"},"headline":"Pollacchi objet\u00f3 al oficialismo por la par\u00e1lisis de obras habitacionales: \u00abJuegan con las esperanzas de la gente\u00bb","datePublished":"2026-04-28T13:12:57+00:00","dateModified":"2026-04-28T13:29:40+00:00","mainEntityOfPage":{"@id":"https:\/\/noticiasmercedinas.com\/site\/2026\/04\/28\/pollacchi-objeto-al-oficialismo-por-la-paralisis-de-obras-habitacionales-juegan-con-las-esperanzas-de-la-gente\/"},"wordCount":525,"publisher":{"@id":"https:\/\/noticiasmercedinas.com\/site\/#organization"},"image":{"@id":"https:\/\/noticiasmercedinas.com\/site\/2026\/04\/28\/pollacchi-objeto-al-oficialismo-por-la-paralisis-de-obras-habitacionales-juegan-con-las-esperanzas-de-la-gente\/#primaryimage"},"thumbnailUrl":"https:\/\/noticiasmercedinas.com\/site\/wp-content\/uploads\/2026\/04\/pollacchi.jpg","keywords":["mauricio pollacchi","viviendas"],"articleSection":["Politica","Ultimo momento"],"inLanguage":"es"},{"@type":"WebPage","@id":"https:\/\/noticiasmercedinas.com\/site\/2026\/04\/28\/pollacchi-objeto-al-oficialismo-por-la-paralisis-de-obras-habitacionales-juegan-con-las-esperanzas-de-la-gente\/","url":"https:\/\/noticiasmercedinas.com\/site\/2026\/04\/28\/pollacchi-objeto-al-oficialismo-por-la-paralisis-de-obras-habitacionales-juegan-con-las-esperanzas-de-la-gente\/","name":"Pollacchi objet\u00f3 al oficialismo por la par\u00e1lisis de obras habitacionales: \"Juegan con las esperanzas de la gente\"","isPartOf":{"@id":"https:\/\/noticiasmercedinas.com\/site\/#website"},"primaryImageOfPage":{"@id":"https:\/\/noticiasmercedinas.com\/site\/2026\/04\/28\/pollacchi-objeto-al-oficialismo-por-la-paralisis-de-obras-habitacionales-juegan-con-las-esperanzas-de-la-gente\/#primaryimage"},"image":{"@id":"https:\/\/noticiasmercedinas.com\/site\/2026\/04\/28\/pollacchi-objeto-al-oficialismo-por-la-paralisis-de-obras-habitacionales-juegan-con-las-esperanzas-de-la-gente\/#primaryimage"},"thumbnailUrl":"https:\/\/noticiasmercedinas.com\/site\/wp-content\/uploads\/2026\/04\/pollacchi.jpg","datePublished":"2026-04-28T13:12:57+00:00","dateModified":"2026-04-28T13:29:40+00:00","description":"El concejal de LLA denunci\u00f3 que el bloque de Uni\u00f3n por la Patria admiti\u00f3 irregularidades en los plazos de viviendas biosustentables. Adem\u00e1s, lament\u00f3 fallas t\u00e9cnicas en el audio de la transmisi\u00f3n que impidieron registrar el debate.","breadcrumb":{"@id":"https:\/\/noticiasmercedinas.com\/site\/2026\/04\/28\/pollacchi-objeto-al-oficialismo-por-la-paralisis-de-obras-habitacionales-juegan-con-las-esperanzas-de-la-gente\/#breadcrumb"},"inLanguage":"es","potentialAction":[{"@type":"ReadAction","target":["https:\/\/noticiasmercedinas.com\/site\/2026\/04\/28\/pollacchi-objeto-al-oficialismo-por-la-paralisis-de-obras-habitacionales-juegan-con-las-esperanzas-de-la-gente\/"]}]},{"@type":"ImageObject","inLanguage":"es","@id":"https:\/\/noticiasmercedinas.com\/site\/2026\/04\/28\/pollacchi-objeto-al-oficialismo-por-la-paralisis-de-obras-habitacionales-juegan-con-las-esperanzas-de-la-gente\/#primaryimage","url":"https:\/\/noticiasmercedinas.com\/site\/wp-content\/uploads\/2026\/04\/pollacchi.jpg","contentUrl":"https:\/\/noticiasmercedinas.com\/site\/wp-content\/uploads\/2026\/04\/pollacchi.jpg","width":640,"height":393},{"@type":"BreadcrumbList","@id":"https:\/\/noticiasmercedinas.com\/site\/2026\/04\/28\/pollacchi-objeto-al-oficialismo-por-la-paralisis-de-obras-habitacionales-juegan-con-las-esperanzas-de-la-gente\/#breadcrumb","itemListElement":[{"@type":"ListItem","position":1,"name":"Portada","item":"https:\/\/noticiasmercedinas.com\/site\/"},{"@type":"ListItem","position":2,"name":"Pollacchi objet\u00f3 al oficialismo por la par\u00e1lisis de obras habitacionales: \u00abJuegan con las esperanzas de la gente\u00bb"}]},{"@type":"WebSite","@id":"https:\/\/noticiasmercedinas.com\/site\/#website","url":"https:\/\/noticiasmercedinas.com\/site\/","name":"NOTICIASMERCEDINAS.COM","description":"Mercedes, Buenos Aires, Argentina","publisher":{"@id":"https:\/\/noticiasmercedinas.com\/site\/#organization"},"potentialAction":[{"@type":"SearchAction","target":{"@type":"EntryPoint","urlTemplate":"https:\/\/noticiasmercedinas.com\/site\/?s={search_term_string}"},"query-input":{"@type":"PropertyValueSpecification","valueRequired":true,"valueName":"search_term_string"}}],"inLanguage":"es"},{"@type":"Organization","@id":"https:\/\/noticiasmercedinas.com\/site\/#organization","name":"NOTICIASMERCEDINAS.COM","url":"https:\/\/noticiasmercedinas.com\/site\/","logo":{"@type":"ImageObject","inLanguage":"es","@id":"https:\/\/noticiasmercedinas.com\/site\/#\/schema\/logo\/image\/","url":"https:\/\/noticiasmercedinas.com\/site\/wp-content\/uploads\/2020\/06\/LOGO-512.jpg","contentUrl":"https:\/\/noticiasmercedinas.com\/site\/wp-content\/uploads\/2020\/06\/LOGO-512.jpg","width":512,"height":512,"caption":"NOTICIASMERCEDINAS.COM"},"image":{"@id":"https:\/\/noticiasmercedinas.com\/site\/#\/schema\/logo\/image\/"},"sameAs":["https:\/\/www.facebook.com\/noticiasmercedinas\/","https:\/\/x.com\/notmercedinas","https:\/\/www.instagram.com\/noticiasmercedinas\/"]},{"@type":"Person","@id":"https:\/\/noticiasmercedinas.com\/site\/#\/schema\/person\/84b59c099c28ff2e8b77d4ceec5d8063","name":"NOTICIASMERCEDINAS.COM","image":{"@type":"ImageObject","inLanguage":"es","@id":"https:\/\/secure.gravatar.com\/avatar\/4dfbf16b4d17945bfb6341b2d19043457132fcf478a5ee04f42e959fd8f5df0a?s=96&d=mm&r=g","url":"https:\/\/secure.gravatar.com\/avatar\/4dfbf16b4d17945bfb6341b2d19043457132fcf478a5ee04f42e959fd8f5df0a?s=96&d=mm&r=g","contentUrl":"https:\/\/secure.gravatar.com\/avatar\/4dfbf16b4d17945bfb6341b2d19043457132fcf478a5ee04f42e959fd8f5df0a?s=96&d=mm&r=g","caption":"NOTICIASMERCEDINAS.COM"},"url":"https:\/\/noticiasmercedinas.com\/site\/author\/anonimo\/"}]}},"amp_enabled":true,"_links":{"self":[{"href":"https:\/\/noticiasmercedinas.com\/site\/wp-json\/wp\/v2\/posts\/185312","targetHints":{"allow":["GET"]}}],"collection":[{"href":"https:\/\/noticiasmercedinas.com\/site\/wp-json\/wp\/v2\/posts"}],"about":[{"href":"https:\/\/noticiasmercedinas.com\/site\/wp-json\/wp\/v2\/types\/post"}],"author":[{"embeddable":true,"href":"https:\/\/noticiasmercedinas.com\/site\/wp-json\/wp\/v2\/users\/16"}],"replies":[{"embeddable":true,"href":"https:\/\/noticiasmercedinas.com\/site\/wp-json\/wp\/v2\/comments?post=185312"}],"version-history":[{"count":4,"href":"https:\/\/noticiasmercedinas.com\/site\/wp-json\/wp\/v2\/posts\/185312\/revisions"}],"predecessor-version":[{"id":185318,"href":"https:\/\/noticiasmercedinas.com\/site\/wp-json\/wp\/v2\/posts\/185312\/revisions\/185318"}],"wp:featuredmedia":[{"embeddable":true,"href":"https:\/\/noticiasmercedinas.com\/site\/wp-json\/wp\/v2\/media\/185313"}],"wp:attachment":[{"href":"https:\/\/noticiasmercedinas.com\/site\/wp-json\/wp\/v2\/media?parent=185312"}],"wp:term":[{"taxonomy":"category","embeddable":true,"href":"https:\/\/noticiasmercedinas.com\/site\/wp-json\/wp\/v2\/categories?post=185312"},{"taxonomy":"post_tag","embeddable":true,"href":"https:\/\/noticiasmercedinas.com\/site\/wp-json\/wp\/v2\/tags?post=185312"}],"curies":[{"name":"wp","href":"https:\/\/api.w.org\/{rel}","templated":true}]}}