{"id":185319,"date":"2026-04-28T11:40:15","date_gmt":"2026-04-28T14:40:15","guid":{"rendered":"https:\/\/noticiasmercedinas.com\/site\/?p=185319"},"modified":"2026-04-28T11:40:15","modified_gmt":"2026-04-28T14:40:15","slug":"clasicos-en-pantalla-grande-colegio-de-abogados-proyectara-la-rosa-tatuada","status":"publish","type":"post","link":"https:\/\/noticiasmercedinas.com\/site\/2026\/04\/28\/clasicos-en-pantalla-grande-colegio-de-abogados-proyectara-la-rosa-tatuada\/","title":{"rendered":"Cl\u00e1sicos en pantalla grande: Colegio de Abogados proyectar\u00e1 \u00abLa Rosa Tatuada\u00bb"},"content":{"rendered":"<p dir=\"ltr\">\u200b<img loading=\"lazy\" decoding=\"async\" class=\"alignnone size-full wp-image-185321\" src=\"https:\/\/noticiasmercedinas.com\/site\/wp-content\/uploads\/2026\/04\/IMG_20260428_113307.jpg\" alt=\"\" width=\"707\" height=\"643\" srcset=\"https:\/\/noticiasmercedinas.com\/site\/wp-content\/uploads\/2026\/04\/IMG_20260428_113307.jpg 707w, https:\/\/noticiasmercedinas.com\/site\/wp-content\/uploads\/2026\/04\/IMG_20260428_113307-300x273.jpg 300w, https:\/\/noticiasmercedinas.com\/site\/wp-content\/uploads\/2026\/04\/IMG_20260428_113307-640x582.jpg 640w, https:\/\/noticiasmercedinas.com\/site\/wp-content\/uploads\/2026\/04\/IMG_20260428_113307-681x619.jpg 681w\" sizes=\"auto, (max-width: 707px) 100vw, 707px\" \/><\/p>\n<p dir=\"ltr\"><span style=\"font-family: Verdana, Geneva, sans-serif; font-size: 14px;\">El pr\u00f3ximo <\/span><b style=\"font-family: Verdana, Geneva, sans-serif; font-size: 14px;\">jueves 30 de abril<\/b><span style=\"font-family: Verdana, Geneva, sans-serif; font-size: 14px;\">, a las <\/span><b style=\"font-family: Verdana, Geneva, sans-serif; font-size: 14px;\">19:00 horas<\/b><span style=\"font-family: Verdana, Geneva, sans-serif; font-size: 14px;\">, el Sal\u00f3n de Actos del <\/span><b style=\"font-family: Verdana, Geneva, sans-serif; font-size: 14px;\">Colegio de Abogados del Departamento Judicial de Mercedes (CADJM)<\/b><span style=\"font-family: Verdana, Geneva, sans-serif; font-size: 14px;\"> se transformar\u00e1 una vez m\u00e1s en una sala de cine para recibir a <\/span><b style=\"font-family: Verdana, Geneva, sans-serif; font-size: 14px;\">\u00abLa Rosa Tatuada\u00bb<\/b><span style=\"font-family: Verdana, Geneva, sans-serif; font-size: 14px;\"> (<\/span><i style=\"font-family: Verdana, Geneva, sans-serif; font-size: 14px;\">The Rose Tattoo<\/i><span style=\"font-family: Verdana, Geneva, sans-serif; font-size: 14px;\">, 1955).<\/span><\/p>\n<p dir=\"ltr\">La proyecci\u00f3n forma parte de \u00abUniverso Cine\u00bb, un ciclo que se ha consolidado como un referente cultural en la ciudad por rescatar las joyas m\u00e1s brillantes de la cinematograf\u00eda mundial.<\/p>\n<p dir=\"ltr\">\u200bBajo la coordinaci\u00f3n del realizador audiovisual <b>Carlos Mar\u00eda Dieuzeide<\/b>, la velada propone un encuentro con el drama pasional escrito por el c\u00e9lebre Tennessee Williams.<\/p>\n<p dir=\"ltr\">La pel\u00edcula, dirigida por Daniel Mann, es reconocida hist\u00f3ricamente por la actuaci\u00f3n de la italiana <b>Anna Magnani<\/b>, quien se alz\u00f3 con el premio Oscar a la Mejor Actriz por su papel de Serafina Delle Rose, una viuda siciliana atrapada entre el duelo y el despertar de un nuevo amor junto a un rudo camionero interpretado por <b>Burt Lancaster<\/b>.<\/p>\n<p dir=\"ltr\">\u200b<b>Un espacio renovado para la cultura<\/b><\/p>\n<p dir=\"ltr\">La funci\u00f3n se llevar\u00e1 a cabo en la sede central de la instituci\u00f3n, ubicada en <b>Calle 24 N\u00ba 705, primer piso<\/b>. El Sal\u00f3n de Actos cuenta con tecnolog\u00eda de proyecci\u00f3n de \u00faltima generaci\u00f3n y una ac\u00fastica acondicionada para brindar una experiencia inmersiva de alta fidelidad, similar a la de las salas comerciales, pero con el valor a\u00f1adido del an\u00e1lisis cr\u00edtico previo a la funci\u00f3n.<\/p>\n<p dir=\"ltr\">\u200b<b>Inscripci\u00f3n y acceso<\/b><\/p>\n<p dir=\"ltr\">Fiel a su compromiso con la comunidad, el Colegio mantiene la modalidad de <b>entrada libre y gratuita<\/b>. Sin embargo, debido a la capacidad limitada de la sala y la alta demanda que suele registrar el ciclo, los interesados deber\u00e1n realizar una reserva previa.<\/p>\n<p dir=\"ltr\">\u200bPara asegurar su lugar, los asistentes deben enviar un correo electr\u00f3nico a la casilla <b>gerente@camercedes.org.ar<\/b>, detallando nombre y apellido. Desde la organizaci\u00f3n se solicita puntualidad, ya que la proyecci\u00f3n iniciar\u00e1 formalmente a las 19:00.<\/p>\n<p dir=\"ltr\">\u200b<b>EN DETALLE<\/b><\/p>\n<blockquote>\n<ul>\n<li dir=\"ltr\" style=\"text-align: left;\">\u200b<b>Pel\u00edcula:<\/b> La Rosa Tatuada (1955)<\/li>\n<li dir=\"ltr\" style=\"text-align: left;\">\u200b<b>Director:<\/b> Daniel Mann<\/li>\n<li dir=\"ltr\" style=\"text-align: left;\">\u200b<b>D\u00eda:<\/b> Jueves 30 de abril<\/li>\n<li dir=\"ltr\" style=\"text-align: left;\">\u200b<b>Hora:<\/b> 19:00 (Puntual)<\/li>\n<li dir=\"ltr\" style=\"text-align: left;\">\u200b<b>Lugar:<\/b> Sal\u00f3n de Actos CADJM (Calle 24 N\u00b0 705, 1\u00b0 Piso)<\/li>\n<li dir=\"ltr\" style=\"text-align: left;\">\u200b<b>Entrada:<\/b> Gratuita (con inscripci\u00f3n previa)<\/li>\n<\/ul>\n<\/blockquote>\n","protected":false},"excerpt":{"rendered":"<p>En el marco del exitoso ciclo \u00abUniverso Cine\u00bb, la instituci\u00f3n mercedina invita a una nueva funci\u00f3n gratuita este jueves 30 de abril. La cita, coordinada por Carlos Mar\u00eda Dieuzeide, contar\u00e1 con la magistral actuaci\u00f3n de Anna Magnani y Burt Lancaster.<\/p>\n","protected":false},"author":16,"featured_media":185321,"comment_status":"closed","ping_status":"closed","sticky":false,"template":"","format":"standard","meta":{"footnotes":""},"categories":[4],"tags":[17235,412,7667,18819],"class_list":["post-185319","post","type-post","status-publish","format-standard","has-post-thumbnail","hentry","category-cultura","tag-carlos-maria-dieuzeide","tag-cine","tag-colegio-de-abogados-de-mercedes","tag-universo-cine"],"yoast_head":"<!-- This site is optimized with the Yoast SEO plugin v27.4 - https:\/\/yoast.com\/product\/yoast-seo-wordpress\/ -->\n<title>Cl\u00e1sicos en pantalla grande: Colegio de Abogados proyectar\u00e1 &quot;La Rosa Tatuada&quot;<\/title>\n<meta name=\"description\" content=\"En el marco del exitoso ciclo &quot;Universo Cine&quot;, la instituci\u00f3n mercedina invita a una nueva funci\u00f3n gratuita este jueves 30 de abril. La cita, coordinada por Carlos Mar\u00eda Dieuzeide, contar\u00e1 con la magistral actuaci\u00f3n de Anna Magnani y Burt Lancaster.\" \/>\n<meta name=\"robots\" content=\"index, follow, max-snippet:-1, max-image-preview:large, max-video-preview:-1\" \/>\n<link rel=\"canonical\" href=\"https:\/\/noticiasmercedinas.com\/site\/2026\/04\/28\/clasicos-en-pantalla-grande-colegio-de-abogados-proyectara-la-rosa-tatuada\/\" \/>\n<meta property=\"og:locale\" content=\"es_ES\" \/>\n<meta property=\"og:type\" content=\"article\" \/>\n<meta property=\"og:title\" content=\"Cl\u00e1sicos en pantalla grande: Colegio de Abogados proyectar\u00e1 &quot;La Rosa Tatuada&quot;\" \/>\n<meta property=\"og:description\" content=\"En el marco del exitoso ciclo &quot;Universo Cine&quot;, la instituci\u00f3n mercedina invita a una nueva funci\u00f3n gratuita este jueves 30 de abril. La cita, coordinada por Carlos Mar\u00eda Dieuzeide, contar\u00e1 con la magistral actuaci\u00f3n de Anna Magnani y Burt Lancaster.\" \/>\n<meta property=\"og:url\" content=\"https:\/\/noticiasmercedinas.com\/site\/2026\/04\/28\/clasicos-en-pantalla-grande-colegio-de-abogados-proyectara-la-rosa-tatuada\/\" \/>\n<meta property=\"og:site_name\" content=\"NOTICIASMERCEDINAS.COM\" \/>\n<meta property=\"article:publisher\" content=\"https:\/\/www.facebook.com\/noticiasmercedinas\/\" \/>\n<meta property=\"article:published_time\" content=\"2026-04-28T14:40:15+00:00\" \/>\n<meta property=\"og:image\" content=\"https:\/\/noticiasmercedinas.com\/site\/wp-content\/uploads\/2026\/04\/IMG_20260428_113307.jpg\" \/>\n\t<meta property=\"og:image:width\" content=\"707\" \/>\n\t<meta property=\"og:image:height\" content=\"643\" \/>\n\t<meta property=\"og:image:type\" content=\"image\/jpeg\" \/>\n<meta name=\"author\" content=\"NOTICIASMERCEDINAS.COM\" \/>\n<meta name=\"twitter:card\" content=\"summary_large_image\" \/>\n<meta name=\"twitter:creator\" content=\"@notmercedinas\" \/>\n<meta name=\"twitter:site\" content=\"@notmercedinas\" \/>\n<meta name=\"twitter:label1\" content=\"Escrito por\" \/>\n\t<meta name=\"twitter:data1\" content=\"NOTICIASMERCEDINAS.COM\" \/>\n\t<meta name=\"twitter:label2\" content=\"Tiempo de lectura\" \/>\n\t<meta name=\"twitter:data2\" content=\"2 minutos\" \/>\n<script type=\"application\/ld+json\" class=\"yoast-schema-graph\">{\"@context\":\"https:\\\/\\\/schema.org\",\"@graph\":[{\"@type\":\"Article\",\"@id\":\"https:\\\/\\\/noticiasmercedinas.com\\\/site\\\/2026\\\/04\\\/28\\\/clasicos-en-pantalla-grande-colegio-de-abogados-proyectara-la-rosa-tatuada\\\/#article\",\"isPartOf\":{\"@id\":\"https:\\\/\\\/noticiasmercedinas.com\\\/site\\\/2026\\\/04\\\/28\\\/clasicos-en-pantalla-grande-colegio-de-abogados-proyectara-la-rosa-tatuada\\\/\"},\"author\":{\"name\":\"NOTICIASMERCEDINAS.COM\",\"@id\":\"https:\\\/\\\/noticiasmercedinas.com\\\/site\\\/#\\\/schema\\\/person\\\/84b59c099c28ff2e8b77d4ceec5d8063\"},\"headline\":\"Cl\u00e1sicos en pantalla grande: Colegio de Abogados proyectar\u00e1 \u00abLa Rosa Tatuada\u00bb\",\"datePublished\":\"2026-04-28T14:40:15+00:00\",\"mainEntityOfPage\":{\"@id\":\"https:\\\/\\\/noticiasmercedinas.com\\\/site\\\/2026\\\/04\\\/28\\\/clasicos-en-pantalla-grande-colegio-de-abogados-proyectara-la-rosa-tatuada\\\/\"},\"wordCount\":375,\"publisher\":{\"@id\":\"https:\\\/\\\/noticiasmercedinas.com\\\/site\\\/#organization\"},\"image\":{\"@id\":\"https:\\\/\\\/noticiasmercedinas.com\\\/site\\\/2026\\\/04\\\/28\\\/clasicos-en-pantalla-grande-colegio-de-abogados-proyectara-la-rosa-tatuada\\\/#primaryimage\"},\"thumbnailUrl\":\"https:\\\/\\\/noticiasmercedinas.com\\\/site\\\/wp-content\\\/uploads\\\/2026\\\/04\\\/IMG_20260428_113307.jpg\",\"keywords\":[\"Carlos Mar\u00eda Dieuzeide\",\"cine\",\"Colegio de Abogados de Mercedes\",\"universo cine\"],\"articleSection\":[\"Cultura\"],\"inLanguage\":\"es\"},{\"@type\":\"WebPage\",\"@id\":\"https:\\\/\\\/noticiasmercedinas.com\\\/site\\\/2026\\\/04\\\/28\\\/clasicos-en-pantalla-grande-colegio-de-abogados-proyectara-la-rosa-tatuada\\\/\",\"url\":\"https:\\\/\\\/noticiasmercedinas.com\\\/site\\\/2026\\\/04\\\/28\\\/clasicos-en-pantalla-grande-colegio-de-abogados-proyectara-la-rosa-tatuada\\\/\",\"name\":\"Cl\u00e1sicos en pantalla grande: Colegio de Abogados proyectar\u00e1 \\\"La Rosa Tatuada\\\"\",\"isPartOf\":{\"@id\":\"https:\\\/\\\/noticiasmercedinas.com\\\/site\\\/#website\"},\"primaryImageOfPage\":{\"@id\":\"https:\\\/\\\/noticiasmercedinas.com\\\/site\\\/2026\\\/04\\\/28\\\/clasicos-en-pantalla-grande-colegio-de-abogados-proyectara-la-rosa-tatuada\\\/#primaryimage\"},\"image\":{\"@id\":\"https:\\\/\\\/noticiasmercedinas.com\\\/site\\\/2026\\\/04\\\/28\\\/clasicos-en-pantalla-grande-colegio-de-abogados-proyectara-la-rosa-tatuada\\\/#primaryimage\"},\"thumbnailUrl\":\"https:\\\/\\\/noticiasmercedinas.com\\\/site\\\/wp-content\\\/uploads\\\/2026\\\/04\\\/IMG_20260428_113307.jpg\",\"datePublished\":\"2026-04-28T14:40:15+00:00\",\"description\":\"En el marco del exitoso ciclo \\\"Universo Cine\\\", la instituci\u00f3n mercedina invita a una nueva funci\u00f3n gratuita este jueves 30 de abril. La cita, coordinada por Carlos Mar\u00eda Dieuzeide, contar\u00e1 con la magistral actuaci\u00f3n de Anna Magnani y Burt Lancaster.\",\"breadcrumb\":{\"@id\":\"https:\\\/\\\/noticiasmercedinas.com\\\/site\\\/2026\\\/04\\\/28\\\/clasicos-en-pantalla-grande-colegio-de-abogados-proyectara-la-rosa-tatuada\\\/#breadcrumb\"},\"inLanguage\":\"es\",\"potentialAction\":[{\"@type\":\"ReadAction\",\"target\":[\"https:\\\/\\\/noticiasmercedinas.com\\\/site\\\/2026\\\/04\\\/28\\\/clasicos-en-pantalla-grande-colegio-de-abogados-proyectara-la-rosa-tatuada\\\/\"]}]},{\"@type\":\"ImageObject\",\"inLanguage\":\"es\",\"@id\":\"https:\\\/\\\/noticiasmercedinas.com\\\/site\\\/2026\\\/04\\\/28\\\/clasicos-en-pantalla-grande-colegio-de-abogados-proyectara-la-rosa-tatuada\\\/#primaryimage\",\"url\":\"https:\\\/\\\/noticiasmercedinas.com\\\/site\\\/wp-content\\\/uploads\\\/2026\\\/04\\\/IMG_20260428_113307.jpg\",\"contentUrl\":\"https:\\\/\\\/noticiasmercedinas.com\\\/site\\\/wp-content\\\/uploads\\\/2026\\\/04\\\/IMG_20260428_113307.jpg\",\"width\":707,\"height\":643},{\"@type\":\"BreadcrumbList\",\"@id\":\"https:\\\/\\\/noticiasmercedinas.com\\\/site\\\/2026\\\/04\\\/28\\\/clasicos-en-pantalla-grande-colegio-de-abogados-proyectara-la-rosa-tatuada\\\/#breadcrumb\",\"itemListElement\":[{\"@type\":\"ListItem\",\"position\":1,\"name\":\"Portada\",\"item\":\"https:\\\/\\\/noticiasmercedinas.com\\\/site\\\/\"},{\"@type\":\"ListItem\",\"position\":2,\"name\":\"Cl\u00e1sicos en pantalla grande: Colegio de Abogados proyectar\u00e1 \u00abLa Rosa Tatuada\u00bb\"}]},{\"@type\":\"WebSite\",\"@id\":\"https:\\\/\\\/noticiasmercedinas.com\\\/site\\\/#website\",\"url\":\"https:\\\/\\\/noticiasmercedinas.com\\\/site\\\/\",\"name\":\"NOTICIASMERCEDINAS.COM\",\"description\":\"Mercedes, Buenos Aires, Argentina\",\"publisher\":{\"@id\":\"https:\\\/\\\/noticiasmercedinas.com\\\/site\\\/#organization\"},\"potentialAction\":[{\"@type\":\"SearchAction\",\"target\":{\"@type\":\"EntryPoint\",\"urlTemplate\":\"https:\\\/\\\/noticiasmercedinas.com\\\/site\\\/?s={search_term_string}\"},\"query-input\":{\"@type\":\"PropertyValueSpecification\",\"valueRequired\":true,\"valueName\":\"search_term_string\"}}],\"inLanguage\":\"es\"},{\"@type\":\"Organization\",\"@id\":\"https:\\\/\\\/noticiasmercedinas.com\\\/site\\\/#organization\",\"name\":\"NOTICIASMERCEDINAS.COM\",\"url\":\"https:\\\/\\\/noticiasmercedinas.com\\\/site\\\/\",\"logo\":{\"@type\":\"ImageObject\",\"inLanguage\":\"es\",\"@id\":\"https:\\\/\\\/noticiasmercedinas.com\\\/site\\\/#\\\/schema\\\/logo\\\/image\\\/\",\"url\":\"https:\\\/\\\/noticiasmercedinas.com\\\/site\\\/wp-content\\\/uploads\\\/2020\\\/06\\\/LOGO-512.jpg\",\"contentUrl\":\"https:\\\/\\\/noticiasmercedinas.com\\\/site\\\/wp-content\\\/uploads\\\/2020\\\/06\\\/LOGO-512.jpg\",\"width\":512,\"height\":512,\"caption\":\"NOTICIASMERCEDINAS.COM\"},\"image\":{\"@id\":\"https:\\\/\\\/noticiasmercedinas.com\\\/site\\\/#\\\/schema\\\/logo\\\/image\\\/\"},\"sameAs\":[\"https:\\\/\\\/www.facebook.com\\\/noticiasmercedinas\\\/\",\"https:\\\/\\\/x.com\\\/notmercedinas\",\"https:\\\/\\\/www.instagram.com\\\/noticiasmercedinas\\\/\"]},{\"@type\":\"Person\",\"@id\":\"https:\\\/\\\/noticiasmercedinas.com\\\/site\\\/#\\\/schema\\\/person\\\/84b59c099c28ff2e8b77d4ceec5d8063\",\"name\":\"NOTICIASMERCEDINAS.COM\",\"image\":{\"@type\":\"ImageObject\",\"inLanguage\":\"es\",\"@id\":\"https:\\\/\\\/secure.gravatar.com\\\/avatar\\\/4dfbf16b4d17945bfb6341b2d19043457132fcf478a5ee04f42e959fd8f5df0a?s=96&d=mm&r=g\",\"url\":\"https:\\\/\\\/secure.gravatar.com\\\/avatar\\\/4dfbf16b4d17945bfb6341b2d19043457132fcf478a5ee04f42e959fd8f5df0a?s=96&d=mm&r=g\",\"contentUrl\":\"https:\\\/\\\/secure.gravatar.com\\\/avatar\\\/4dfbf16b4d17945bfb6341b2d19043457132fcf478a5ee04f42e959fd8f5df0a?s=96&d=mm&r=g\",\"caption\":\"NOTICIASMERCEDINAS.COM\"},\"url\":\"https:\\\/\\\/noticiasmercedinas.com\\\/site\\\/author\\\/anonimo\\\/\"}]}<\/script>\n<!-- \/ Yoast SEO plugin. -->","yoast_head_json":{"title":"Cl\u00e1sicos en pantalla grande: Colegio de Abogados proyectar\u00e1 \"La Rosa Tatuada\"","description":"En el marco del exitoso ciclo \"Universo Cine\", la instituci\u00f3n mercedina invita a una nueva funci\u00f3n gratuita este jueves 30 de abril. La cita, coordinada por Carlos Mar\u00eda Dieuzeide, contar\u00e1 con la magistral actuaci\u00f3n de Anna Magnani y Burt Lancaster.","robots":{"index":"index","follow":"follow","max-snippet":"max-snippet:-1","max-image-preview":"max-image-preview:large","max-video-preview":"max-video-preview:-1"},"canonical":"https:\/\/noticiasmercedinas.com\/site\/2026\/04\/28\/clasicos-en-pantalla-grande-colegio-de-abogados-proyectara-la-rosa-tatuada\/","og_locale":"es_ES","og_type":"article","og_title":"Cl\u00e1sicos en pantalla grande: Colegio de Abogados proyectar\u00e1 \"La Rosa Tatuada\"","og_description":"En el marco del exitoso ciclo \"Universo Cine\", la instituci\u00f3n mercedina invita a una nueva funci\u00f3n gratuita este jueves 30 de abril. La cita, coordinada por Carlos Mar\u00eda Dieuzeide, contar\u00e1 con la magistral actuaci\u00f3n de Anna Magnani y Burt Lancaster.","og_url":"https:\/\/noticiasmercedinas.com\/site\/2026\/04\/28\/clasicos-en-pantalla-grande-colegio-de-abogados-proyectara-la-rosa-tatuada\/","og_site_name":"NOTICIASMERCEDINAS.COM","article_publisher":"https:\/\/www.facebook.com\/noticiasmercedinas\/","article_published_time":"2026-04-28T14:40:15+00:00","og_image":[{"width":707,"height":643,"url":"https:\/\/noticiasmercedinas.com\/site\/wp-content\/uploads\/2026\/04\/IMG_20260428_113307.jpg","type":"image\/jpeg"}],"author":"NOTICIASMERCEDINAS.COM","twitter_card":"summary_large_image","twitter_creator":"@notmercedinas","twitter_site":"@notmercedinas","twitter_misc":{"Escrito por":"NOTICIASMERCEDINAS.COM","Tiempo de lectura":"2 minutos"},"schema":{"@context":"https:\/\/schema.org","@graph":[{"@type":"Article","@id":"https:\/\/noticiasmercedinas.com\/site\/2026\/04\/28\/clasicos-en-pantalla-grande-colegio-de-abogados-proyectara-la-rosa-tatuada\/#article","isPartOf":{"@id":"https:\/\/noticiasmercedinas.com\/site\/2026\/04\/28\/clasicos-en-pantalla-grande-colegio-de-abogados-proyectara-la-rosa-tatuada\/"},"author":{"name":"NOTICIASMERCEDINAS.COM","@id":"https:\/\/noticiasmercedinas.com\/site\/#\/schema\/person\/84b59c099c28ff2e8b77d4ceec5d8063"},"headline":"Cl\u00e1sicos en pantalla grande: Colegio de Abogados proyectar\u00e1 \u00abLa Rosa Tatuada\u00bb","datePublished":"2026-04-28T14:40:15+00:00","mainEntityOfPage":{"@id":"https:\/\/noticiasmercedinas.com\/site\/2026\/04\/28\/clasicos-en-pantalla-grande-colegio-de-abogados-proyectara-la-rosa-tatuada\/"},"wordCount":375,"publisher":{"@id":"https:\/\/noticiasmercedinas.com\/site\/#organization"},"image":{"@id":"https:\/\/noticiasmercedinas.com\/site\/2026\/04\/28\/clasicos-en-pantalla-grande-colegio-de-abogados-proyectara-la-rosa-tatuada\/#primaryimage"},"thumbnailUrl":"https:\/\/noticiasmercedinas.com\/site\/wp-content\/uploads\/2026\/04\/IMG_20260428_113307.jpg","keywords":["Carlos Mar\u00eda Dieuzeide","cine","Colegio de Abogados de Mercedes","universo cine"],"articleSection":["Cultura"],"inLanguage":"es"},{"@type":"WebPage","@id":"https:\/\/noticiasmercedinas.com\/site\/2026\/04\/28\/clasicos-en-pantalla-grande-colegio-de-abogados-proyectara-la-rosa-tatuada\/","url":"https:\/\/noticiasmercedinas.com\/site\/2026\/04\/28\/clasicos-en-pantalla-grande-colegio-de-abogados-proyectara-la-rosa-tatuada\/","name":"Cl\u00e1sicos en pantalla grande: Colegio de Abogados proyectar\u00e1 \"La Rosa Tatuada\"","isPartOf":{"@id":"https:\/\/noticiasmercedinas.com\/site\/#website"},"primaryImageOfPage":{"@id":"https:\/\/noticiasmercedinas.com\/site\/2026\/04\/28\/clasicos-en-pantalla-grande-colegio-de-abogados-proyectara-la-rosa-tatuada\/#primaryimage"},"image":{"@id":"https:\/\/noticiasmercedinas.com\/site\/2026\/04\/28\/clasicos-en-pantalla-grande-colegio-de-abogados-proyectara-la-rosa-tatuada\/#primaryimage"},"thumbnailUrl":"https:\/\/noticiasmercedinas.com\/site\/wp-content\/uploads\/2026\/04\/IMG_20260428_113307.jpg","datePublished":"2026-04-28T14:40:15+00:00","description":"En el marco del exitoso ciclo \"Universo Cine\", la instituci\u00f3n mercedina invita a una nueva funci\u00f3n gratuita este jueves 30 de abril. La cita, coordinada por Carlos Mar\u00eda Dieuzeide, contar\u00e1 con la magistral actuaci\u00f3n de Anna Magnani y Burt Lancaster.","breadcrumb":{"@id":"https:\/\/noticiasmercedinas.com\/site\/2026\/04\/28\/clasicos-en-pantalla-grande-colegio-de-abogados-proyectara-la-rosa-tatuada\/#breadcrumb"},"inLanguage":"es","potentialAction":[{"@type":"ReadAction","target":["https:\/\/noticiasmercedinas.com\/site\/2026\/04\/28\/clasicos-en-pantalla-grande-colegio-de-abogados-proyectara-la-rosa-tatuada\/"]}]},{"@type":"ImageObject","inLanguage":"es","@id":"https:\/\/noticiasmercedinas.com\/site\/2026\/04\/28\/clasicos-en-pantalla-grande-colegio-de-abogados-proyectara-la-rosa-tatuada\/#primaryimage","url":"https:\/\/noticiasmercedinas.com\/site\/wp-content\/uploads\/2026\/04\/IMG_20260428_113307.jpg","contentUrl":"https:\/\/noticiasmercedinas.com\/site\/wp-content\/uploads\/2026\/04\/IMG_20260428_113307.jpg","width":707,"height":643},{"@type":"BreadcrumbList","@id":"https:\/\/noticiasmercedinas.com\/site\/2026\/04\/28\/clasicos-en-pantalla-grande-colegio-de-abogados-proyectara-la-rosa-tatuada\/#breadcrumb","itemListElement":[{"@type":"ListItem","position":1,"name":"Portada","item":"https:\/\/noticiasmercedinas.com\/site\/"},{"@type":"ListItem","position":2,"name":"Cl\u00e1sicos en pantalla grande: Colegio de Abogados proyectar\u00e1 \u00abLa Rosa Tatuada\u00bb"}]},{"@type":"WebSite","@id":"https:\/\/noticiasmercedinas.com\/site\/#website","url":"https:\/\/noticiasmercedinas.com\/site\/","name":"NOTICIASMERCEDINAS.COM","description":"Mercedes, Buenos Aires, Argentina","publisher":{"@id":"https:\/\/noticiasmercedinas.com\/site\/#organization"},"potentialAction":[{"@type":"SearchAction","target":{"@type":"EntryPoint","urlTemplate":"https:\/\/noticiasmercedinas.com\/site\/?s={search_term_string}"},"query-input":{"@type":"PropertyValueSpecification","valueRequired":true,"valueName":"search_term_string"}}],"inLanguage":"es"},{"@type":"Organization","@id":"https:\/\/noticiasmercedinas.com\/site\/#organization","name":"NOTICIASMERCEDINAS.COM","url":"https:\/\/noticiasmercedinas.com\/site\/","logo":{"@type":"ImageObject","inLanguage":"es","@id":"https:\/\/noticiasmercedinas.com\/site\/#\/schema\/logo\/image\/","url":"https:\/\/noticiasmercedinas.com\/site\/wp-content\/uploads\/2020\/06\/LOGO-512.jpg","contentUrl":"https:\/\/noticiasmercedinas.com\/site\/wp-content\/uploads\/2020\/06\/LOGO-512.jpg","width":512,"height":512,"caption":"NOTICIASMERCEDINAS.COM"},"image":{"@id":"https:\/\/noticiasmercedinas.com\/site\/#\/schema\/logo\/image\/"},"sameAs":["https:\/\/www.facebook.com\/noticiasmercedinas\/","https:\/\/x.com\/notmercedinas","https:\/\/www.instagram.com\/noticiasmercedinas\/"]},{"@type":"Person","@id":"https:\/\/noticiasmercedinas.com\/site\/#\/schema\/person\/84b59c099c28ff2e8b77d4ceec5d8063","name":"NOTICIASMERCEDINAS.COM","image":{"@type":"ImageObject","inLanguage":"es","@id":"https:\/\/secure.gravatar.com\/avatar\/4dfbf16b4d17945bfb6341b2d19043457132fcf478a5ee04f42e959fd8f5df0a?s=96&d=mm&r=g","url":"https:\/\/secure.gravatar.com\/avatar\/4dfbf16b4d17945bfb6341b2d19043457132fcf478a5ee04f42e959fd8f5df0a?s=96&d=mm&r=g","contentUrl":"https:\/\/secure.gravatar.com\/avatar\/4dfbf16b4d17945bfb6341b2d19043457132fcf478a5ee04f42e959fd8f5df0a?s=96&d=mm&r=g","caption":"NOTICIASMERCEDINAS.COM"},"url":"https:\/\/noticiasmercedinas.com\/site\/author\/anonimo\/"}]}},"amp_enabled":true,"_links":{"self":[{"href":"https:\/\/noticiasmercedinas.com\/site\/wp-json\/wp\/v2\/posts\/185319","targetHints":{"allow":["GET"]}}],"collection":[{"href":"https:\/\/noticiasmercedinas.com\/site\/wp-json\/wp\/v2\/posts"}],"about":[{"href":"https:\/\/noticiasmercedinas.com\/site\/wp-json\/wp\/v2\/types\/post"}],"author":[{"embeddable":true,"href":"https:\/\/noticiasmercedinas.com\/site\/wp-json\/wp\/v2\/users\/16"}],"replies":[{"embeddable":true,"href":"https:\/\/noticiasmercedinas.com\/site\/wp-json\/wp\/v2\/comments?post=185319"}],"version-history":[{"count":3,"href":"https:\/\/noticiasmercedinas.com\/site\/wp-json\/wp\/v2\/posts\/185319\/revisions"}],"predecessor-version":[{"id":185323,"href":"https:\/\/noticiasmercedinas.com\/site\/wp-json\/wp\/v2\/posts\/185319\/revisions\/185323"}],"wp:featuredmedia":[{"embeddable":true,"href":"https:\/\/noticiasmercedinas.com\/site\/wp-json\/wp\/v2\/media\/185321"}],"wp:attachment":[{"href":"https:\/\/noticiasmercedinas.com\/site\/wp-json\/wp\/v2\/media?parent=185319"}],"wp:term":[{"taxonomy":"category","embeddable":true,"href":"https:\/\/noticiasmercedinas.com\/site\/wp-json\/wp\/v2\/categories?post=185319"},{"taxonomy":"post_tag","embeddable":true,"href":"https:\/\/noticiasmercedinas.com\/site\/wp-json\/wp\/v2\/tags?post=185319"}],"curies":[{"name":"wp","href":"https:\/\/api.w.org\/{rel}","templated":true}]}}