{"id":185324,"date":"2026-04-28T11:50:28","date_gmt":"2026-04-28T14:50:28","guid":{"rendered":"https:\/\/noticiasmercedinas.com\/site\/?p=185324"},"modified":"2026-04-28T11:50:28","modified_gmt":"2026-04-28T14:50:28","slug":"talleres-de-pami-con-pasion-gaucha-nunca-es-tarde-para-aprender-folklore","status":"publish","type":"post","link":"https:\/\/noticiasmercedinas.com\/site\/2026\/04\/28\/talleres-de-pami-con-pasion-gaucha-nunca-es-tarde-para-aprender-folklore\/","title":{"rendered":"Talleres de PAMI con Pasi\u00f3n Gaucha: nunca es tarde para aprender folklore"},"content":{"rendered":"<p dir=\"ltr\"><img loading=\"lazy\" decoding=\"async\" class=\"alignnone size-full wp-image-3082\" src=\"https:\/\/noticiasmercedinas.com\/site\/wp-content\/uploads\/2018\/09\/Danza-Folklorica-3-1-1.jpg\" alt=\"\" width=\"650\" height=\"430\" srcset=\"https:\/\/noticiasmercedinas.com\/site\/wp-content\/uploads\/2018\/09\/Danza-Folklorica-3-1-1.jpg 650w, https:\/\/noticiasmercedinas.com\/site\/wp-content\/uploads\/2018\/09\/Danza-Folklorica-3-1-1-300x198.jpg 300w, https:\/\/noticiasmercedinas.com\/site\/wp-content\/uploads\/2018\/09\/Danza-Folklorica-3-1-1-640x423.jpg 640w\" sizes=\"auto, (max-width: 650px) 100vw, 650px\" \/><\/p>\n<p dir=\"ltr\">\u200b<span style=\"font-family: Verdana, Geneva, sans-serif; font-size: 14px;\">Con el firme objetivo de promover el envejecimiento activo y el fortalecimiento de los v\u00ednculos comunitarios, se encuentran abiertas las inscripciones para el <\/span><b style=\"font-family: Verdana, Geneva, sans-serif; font-size: 14px;\">Taller de Folklore<\/b><span style=\"font-family: Verdana, Geneva, sans-serif; font-size: 14px;\"> destinado a afiliados de <\/span><b style=\"font-family: Verdana, Geneva, sans-serif; font-size: 14px;\">PAMI<\/b><span style=\"font-family: Verdana, Geneva, sans-serif; font-size: 14px;\">, coordinado por el espacio cultural <\/span><b style=\"font-family: Verdana, Geneva, sans-serif; font-size: 14px;\">\u00abPasi\u00f3n Gaucha\u00bb<\/b><span style=\"font-family: Verdana, Geneva, sans-serif; font-size: 14px;\">.<\/span><\/p>\n<p dir=\"ltr\">Las clases, que ya se dictan en el coraz\u00f3n de la ciudad, buscan ofrecer un lugar de esparcimiento y aprendizaje de nuestras ra\u00edces r\u00edtmicas.<\/p>\n<blockquote>\n<p dir=\"ltr\">A trav\u00e9s de una alianza entre el organismo nacional y el espacio art\u00edstico, se dictan clases de danzas nativas en el Centro de Jubilados Renacer. Una propuesta que combina salud, tradici\u00f3n y encuentro social para los adultos mayores de Mercedes.<\/p>\n<\/blockquote>\n<p dir=\"ltr\">\u200bLa actividad se desarrolla en las instalaciones del <b>Centro de Jubilados \u00abRenacer\u00bb<\/b>, ubicado en la <b>Calle 31 entre 24 y 26<\/b>. Bajo la gu\u00eda de la instructora <b>Naty<\/b>, los participantes se sumergen en el aprendizaje de las danzas tradicionales argentinas, priorizando el disfrute y el bienestar f\u00edsico por sobre la exigencia t\u00e9cnica, bajo el lema \u00abaprender con alegr\u00eda y pasi\u00f3n\u00bb.<\/p>\n<p dir=\"ltr\">\u200b<b>D\u00edas, horarios y beneficios<\/b><\/p>\n<p dir=\"ltr\">El taller est\u00e1 programado para los d\u00edas <b>lunes y mi\u00e9rcoles<\/b>, en el horario matutino de <b>10:30 a 11:30 horas<\/b>. Seg\u00fan explicaron desde la organizaci\u00f3n, este tipo de espacios no solo fomentan la actividad f\u00edsica \u2014clave para la movilidad y la coordinaci\u00f3n en adultos mayores\u2014 sino que tambi\u00e9n funcionan como un importante catalizador contra la soledad, permitiendo a los asistentes desconectarse de la rutina diaria.<\/p>\n<p dir=\"ltr\">\u200b\u00bbNunca es tarde para aprender\u00bb, se\u00f1alan desde Pasi\u00f3n Gaucha en sus redes sociales, invitando a todos aquellos que alguna vez so\u00f1aron con bailar una zamba o un gato a que se acerquen sin miedo al error, en un entorno de camarader\u00eda y respeto.<\/p>\n<p dir=\"ltr\">\u200b<b>Informaci\u00f3n e Inscripciones<\/b><\/p>\n<p dir=\"ltr\">Aquellos interesados en sumarse a las clases o realizar consultas sobre los requisitos de inscripci\u00f3n, pueden comunicarse directamente a trav\u00e9s de la l\u00ednea telef\u00f3nica de contacto: <b>2324-674024<\/b>.<\/p>\n<p dir=\"ltr\">\u200bLa propuesta se suma a la amplia oferta de talleres y cursos que PAMI impulsa en Mercedes para garantizar que los adultos mayores mantengan una vida social plena y activa, revalorizando en este caso nuestra identidad cultural.<\/p>\n","protected":false},"excerpt":{"rendered":"<p>\u200bCon el firme objetivo de promover el envejecimiento activo y el fortalecimiento de los v\u00ednculos comunitarios, se encuentran abiertas las inscripciones para el Taller de Folklore destinado a afiliados de PAMI, coordinado por el espacio cultural \u00abPasi\u00f3n Gaucha\u00bb. Las clases, que ya se dictan en el coraz\u00f3n de la ciudad, buscan ofrecer un lugar de [&hellip;]<\/p>\n","protected":false},"author":16,"featured_media":3082,"comment_status":"closed","ping_status":"closed","sticky":false,"template":"","format":"standard","meta":{"footnotes":""},"categories":[8992],"tags":[747,7064,839],"class_list":["post-185324","post","type-post","status-publish","format-standard","has-post-thumbnail","hentry","category-bienestar","tag-adultos-mayores","tag-compania-pasion-gaucha","tag-pami"],"yoast_head":"<!-- This site is optimized with the Yoast SEO plugin v27.4 - https:\/\/yoast.com\/product\/yoast-seo-wordpress\/ -->\n<title>Talleres de PAMI con Pasi\u00f3n Gaucha: nunca es tarde para aprender folklore<\/title>\n<meta name=\"robots\" content=\"index, follow, max-snippet:-1, max-image-preview:large, max-video-preview:-1\" \/>\n<link rel=\"canonical\" href=\"https:\/\/noticiasmercedinas.com\/site\/2026\/04\/28\/talleres-de-pami-con-pasion-gaucha-nunca-es-tarde-para-aprender-folklore\/\" \/>\n<meta property=\"og:locale\" content=\"es_ES\" \/>\n<meta property=\"og:type\" content=\"article\" \/>\n<meta property=\"og:title\" content=\"Talleres de PAMI con Pasi\u00f3n Gaucha: nunca es tarde para aprender folklore\" \/>\n<meta property=\"og:description\" content=\"\u200bCon el firme objetivo de promover el envejecimiento activo y el fortalecimiento de los v\u00ednculos comunitarios, se encuentran abiertas las inscripciones para el Taller de Folklore destinado a afiliados de PAMI, coordinado por el espacio cultural \u00abPasi\u00f3n Gaucha\u00bb. Las clases, que ya se dictan en el coraz\u00f3n de la ciudad, buscan ofrecer un lugar de [&hellip;]\" \/>\n<meta property=\"og:url\" content=\"https:\/\/noticiasmercedinas.com\/site\/2026\/04\/28\/talleres-de-pami-con-pasion-gaucha-nunca-es-tarde-para-aprender-folklore\/\" \/>\n<meta property=\"og:site_name\" content=\"NOTICIASMERCEDINAS.COM\" \/>\n<meta property=\"article:publisher\" content=\"https:\/\/www.facebook.com\/noticiasmercedinas\/\" \/>\n<meta property=\"article:published_time\" content=\"2026-04-28T14:50:28+00:00\" \/>\n<meta property=\"og:image\" content=\"https:\/\/noticiasmercedinas.com\/site\/wp-content\/uploads\/2018\/09\/Danza-Folklorica-3-1-1.jpg\" \/>\n\t<meta property=\"og:image:width\" content=\"650\" \/>\n\t<meta property=\"og:image:height\" content=\"430\" \/>\n\t<meta property=\"og:image:type\" content=\"image\/jpeg\" \/>\n<meta name=\"author\" content=\"NOTICIASMERCEDINAS.COM\" \/>\n<meta name=\"twitter:card\" content=\"summary_large_image\" \/>\n<meta name=\"twitter:creator\" content=\"@notmercedinas\" \/>\n<meta name=\"twitter:site\" content=\"@notmercedinas\" \/>\n<meta name=\"twitter:label1\" content=\"Escrito por\" \/>\n\t<meta name=\"twitter:data1\" content=\"NOTICIASMERCEDINAS.COM\" \/>\n\t<meta name=\"twitter:label2\" content=\"Tiempo de lectura\" \/>\n\t<meta name=\"twitter:data2\" content=\"2 minutos\" \/>\n<script type=\"application\/ld+json\" class=\"yoast-schema-graph\">{\"@context\":\"https:\\\/\\\/schema.org\",\"@graph\":[{\"@type\":\"Article\",\"@id\":\"https:\\\/\\\/noticiasmercedinas.com\\\/site\\\/2026\\\/04\\\/28\\\/talleres-de-pami-con-pasion-gaucha-nunca-es-tarde-para-aprender-folklore\\\/#article\",\"isPartOf\":{\"@id\":\"https:\\\/\\\/noticiasmercedinas.com\\\/site\\\/2026\\\/04\\\/28\\\/talleres-de-pami-con-pasion-gaucha-nunca-es-tarde-para-aprender-folklore\\\/\"},\"author\":{\"name\":\"NOTICIASMERCEDINAS.COM\",\"@id\":\"https:\\\/\\\/noticiasmercedinas.com\\\/site\\\/#\\\/schema\\\/person\\\/84b59c099c28ff2e8b77d4ceec5d8063\"},\"headline\":\"Talleres de PAMI con Pasi\u00f3n Gaucha: nunca es tarde para aprender folklore\",\"datePublished\":\"2026-04-28T14:50:28+00:00\",\"mainEntityOfPage\":{\"@id\":\"https:\\\/\\\/noticiasmercedinas.com\\\/site\\\/2026\\\/04\\\/28\\\/talleres-de-pami-con-pasion-gaucha-nunca-es-tarde-para-aprender-folklore\\\/\"},\"wordCount\":378,\"publisher\":{\"@id\":\"https:\\\/\\\/noticiasmercedinas.com\\\/site\\\/#organization\"},\"image\":{\"@id\":\"https:\\\/\\\/noticiasmercedinas.com\\\/site\\\/2026\\\/04\\\/28\\\/talleres-de-pami-con-pasion-gaucha-nunca-es-tarde-para-aprender-folklore\\\/#primaryimage\"},\"thumbnailUrl\":\"https:\\\/\\\/noticiasmercedinas.com\\\/site\\\/wp-content\\\/uploads\\\/2018\\\/09\\\/Danza-Folklorica-3-1-1.jpg\",\"keywords\":[\"adultos mayores\",\"Compa\u00f1\u00eda Pasi\u00f3n Gaucha\",\"pami\"],\"articleSection\":[\"Bienestar\"],\"inLanguage\":\"es\"},{\"@type\":\"WebPage\",\"@id\":\"https:\\\/\\\/noticiasmercedinas.com\\\/site\\\/2026\\\/04\\\/28\\\/talleres-de-pami-con-pasion-gaucha-nunca-es-tarde-para-aprender-folklore\\\/\",\"url\":\"https:\\\/\\\/noticiasmercedinas.com\\\/site\\\/2026\\\/04\\\/28\\\/talleres-de-pami-con-pasion-gaucha-nunca-es-tarde-para-aprender-folklore\\\/\",\"name\":\"Talleres de PAMI con Pasi\u00f3n Gaucha: nunca es tarde para aprender folklore\",\"isPartOf\":{\"@id\":\"https:\\\/\\\/noticiasmercedinas.com\\\/site\\\/#website\"},\"primaryImageOfPage\":{\"@id\":\"https:\\\/\\\/noticiasmercedinas.com\\\/site\\\/2026\\\/04\\\/28\\\/talleres-de-pami-con-pasion-gaucha-nunca-es-tarde-para-aprender-folklore\\\/#primaryimage\"},\"image\":{\"@id\":\"https:\\\/\\\/noticiasmercedinas.com\\\/site\\\/2026\\\/04\\\/28\\\/talleres-de-pami-con-pasion-gaucha-nunca-es-tarde-para-aprender-folklore\\\/#primaryimage\"},\"thumbnailUrl\":\"https:\\\/\\\/noticiasmercedinas.com\\\/site\\\/wp-content\\\/uploads\\\/2018\\\/09\\\/Danza-Folklorica-3-1-1.jpg\",\"datePublished\":\"2026-04-28T14:50:28+00:00\",\"breadcrumb\":{\"@id\":\"https:\\\/\\\/noticiasmercedinas.com\\\/site\\\/2026\\\/04\\\/28\\\/talleres-de-pami-con-pasion-gaucha-nunca-es-tarde-para-aprender-folklore\\\/#breadcrumb\"},\"inLanguage\":\"es\",\"potentialAction\":[{\"@type\":\"ReadAction\",\"target\":[\"https:\\\/\\\/noticiasmercedinas.com\\\/site\\\/2026\\\/04\\\/28\\\/talleres-de-pami-con-pasion-gaucha-nunca-es-tarde-para-aprender-folklore\\\/\"]}]},{\"@type\":\"ImageObject\",\"inLanguage\":\"es\",\"@id\":\"https:\\\/\\\/noticiasmercedinas.com\\\/site\\\/2026\\\/04\\\/28\\\/talleres-de-pami-con-pasion-gaucha-nunca-es-tarde-para-aprender-folklore\\\/#primaryimage\",\"url\":\"https:\\\/\\\/noticiasmercedinas.com\\\/site\\\/wp-content\\\/uploads\\\/2018\\\/09\\\/Danza-Folklorica-3-1-1.jpg\",\"contentUrl\":\"https:\\\/\\\/noticiasmercedinas.com\\\/site\\\/wp-content\\\/uploads\\\/2018\\\/09\\\/Danza-Folklorica-3-1-1.jpg\",\"width\":650,\"height\":430},{\"@type\":\"BreadcrumbList\",\"@id\":\"https:\\\/\\\/noticiasmercedinas.com\\\/site\\\/2026\\\/04\\\/28\\\/talleres-de-pami-con-pasion-gaucha-nunca-es-tarde-para-aprender-folklore\\\/#breadcrumb\",\"itemListElement\":[{\"@type\":\"ListItem\",\"position\":1,\"name\":\"Portada\",\"item\":\"https:\\\/\\\/noticiasmercedinas.com\\\/site\\\/\"},{\"@type\":\"ListItem\",\"position\":2,\"name\":\"Talleres de PAMI con Pasi\u00f3n Gaucha: nunca es tarde para aprender folklore\"}]},{\"@type\":\"WebSite\",\"@id\":\"https:\\\/\\\/noticiasmercedinas.com\\\/site\\\/#website\",\"url\":\"https:\\\/\\\/noticiasmercedinas.com\\\/site\\\/\",\"name\":\"NOTICIASMERCEDINAS.COM\",\"description\":\"Mercedes, Buenos Aires, Argentina\",\"publisher\":{\"@id\":\"https:\\\/\\\/noticiasmercedinas.com\\\/site\\\/#organization\"},\"potentialAction\":[{\"@type\":\"SearchAction\",\"target\":{\"@type\":\"EntryPoint\",\"urlTemplate\":\"https:\\\/\\\/noticiasmercedinas.com\\\/site\\\/?s={search_term_string}\"},\"query-input\":{\"@type\":\"PropertyValueSpecification\",\"valueRequired\":true,\"valueName\":\"search_term_string\"}}],\"inLanguage\":\"es\"},{\"@type\":\"Organization\",\"@id\":\"https:\\\/\\\/noticiasmercedinas.com\\\/site\\\/#organization\",\"name\":\"NOTICIASMERCEDINAS.COM\",\"url\":\"https:\\\/\\\/noticiasmercedinas.com\\\/site\\\/\",\"logo\":{\"@type\":\"ImageObject\",\"inLanguage\":\"es\",\"@id\":\"https:\\\/\\\/noticiasmercedinas.com\\\/site\\\/#\\\/schema\\\/logo\\\/image\\\/\",\"url\":\"https:\\\/\\\/noticiasmercedinas.com\\\/site\\\/wp-content\\\/uploads\\\/2020\\\/06\\\/LOGO-512.jpg\",\"contentUrl\":\"https:\\\/\\\/noticiasmercedinas.com\\\/site\\\/wp-content\\\/uploads\\\/2020\\\/06\\\/LOGO-512.jpg\",\"width\":512,\"height\":512,\"caption\":\"NOTICIASMERCEDINAS.COM\"},\"image\":{\"@id\":\"https:\\\/\\\/noticiasmercedinas.com\\\/site\\\/#\\\/schema\\\/logo\\\/image\\\/\"},\"sameAs\":[\"https:\\\/\\\/www.facebook.com\\\/noticiasmercedinas\\\/\",\"https:\\\/\\\/x.com\\\/notmercedinas\",\"https:\\\/\\\/www.instagram.com\\\/noticiasmercedinas\\\/\"]},{\"@type\":\"Person\",\"@id\":\"https:\\\/\\\/noticiasmercedinas.com\\\/site\\\/#\\\/schema\\\/person\\\/84b59c099c28ff2e8b77d4ceec5d8063\",\"name\":\"NOTICIASMERCEDINAS.COM\",\"image\":{\"@type\":\"ImageObject\",\"inLanguage\":\"es\",\"@id\":\"https:\\\/\\\/secure.gravatar.com\\\/avatar\\\/4dfbf16b4d17945bfb6341b2d19043457132fcf478a5ee04f42e959fd8f5df0a?s=96&d=mm&r=g\",\"url\":\"https:\\\/\\\/secure.gravatar.com\\\/avatar\\\/4dfbf16b4d17945bfb6341b2d19043457132fcf478a5ee04f42e959fd8f5df0a?s=96&d=mm&r=g\",\"contentUrl\":\"https:\\\/\\\/secure.gravatar.com\\\/avatar\\\/4dfbf16b4d17945bfb6341b2d19043457132fcf478a5ee04f42e959fd8f5df0a?s=96&d=mm&r=g\",\"caption\":\"NOTICIASMERCEDINAS.COM\"},\"url\":\"https:\\\/\\\/noticiasmercedinas.com\\\/site\\\/author\\\/anonimo\\\/\"}]}<\/script>\n<!-- \/ Yoast SEO plugin. -->","yoast_head_json":{"title":"Talleres de PAMI con Pasi\u00f3n Gaucha: nunca es tarde para aprender folklore","robots":{"index":"index","follow":"follow","max-snippet":"max-snippet:-1","max-image-preview":"max-image-preview:large","max-video-preview":"max-video-preview:-1"},"canonical":"https:\/\/noticiasmercedinas.com\/site\/2026\/04\/28\/talleres-de-pami-con-pasion-gaucha-nunca-es-tarde-para-aprender-folklore\/","og_locale":"es_ES","og_type":"article","og_title":"Talleres de PAMI con Pasi\u00f3n Gaucha: nunca es tarde para aprender folklore","og_description":"\u200bCon el firme objetivo de promover el envejecimiento activo y el fortalecimiento de los v\u00ednculos comunitarios, se encuentran abiertas las inscripciones para el Taller de Folklore destinado a afiliados de PAMI, coordinado por el espacio cultural \u00abPasi\u00f3n Gaucha\u00bb. Las clases, que ya se dictan en el coraz\u00f3n de la ciudad, buscan ofrecer un lugar de [&hellip;]","og_url":"https:\/\/noticiasmercedinas.com\/site\/2026\/04\/28\/talleres-de-pami-con-pasion-gaucha-nunca-es-tarde-para-aprender-folklore\/","og_site_name":"NOTICIASMERCEDINAS.COM","article_publisher":"https:\/\/www.facebook.com\/noticiasmercedinas\/","article_published_time":"2026-04-28T14:50:28+00:00","og_image":[{"width":650,"height":430,"url":"https:\/\/noticiasmercedinas.com\/site\/wp-content\/uploads\/2018\/09\/Danza-Folklorica-3-1-1.jpg","type":"image\/jpeg"}],"author":"NOTICIASMERCEDINAS.COM","twitter_card":"summary_large_image","twitter_creator":"@notmercedinas","twitter_site":"@notmercedinas","twitter_misc":{"Escrito por":"NOTICIASMERCEDINAS.COM","Tiempo de lectura":"2 minutos"},"schema":{"@context":"https:\/\/schema.org","@graph":[{"@type":"Article","@id":"https:\/\/noticiasmercedinas.com\/site\/2026\/04\/28\/talleres-de-pami-con-pasion-gaucha-nunca-es-tarde-para-aprender-folklore\/#article","isPartOf":{"@id":"https:\/\/noticiasmercedinas.com\/site\/2026\/04\/28\/talleres-de-pami-con-pasion-gaucha-nunca-es-tarde-para-aprender-folklore\/"},"author":{"name":"NOTICIASMERCEDINAS.COM","@id":"https:\/\/noticiasmercedinas.com\/site\/#\/schema\/person\/84b59c099c28ff2e8b77d4ceec5d8063"},"headline":"Talleres de PAMI con Pasi\u00f3n Gaucha: nunca es tarde para aprender folklore","datePublished":"2026-04-28T14:50:28+00:00","mainEntityOfPage":{"@id":"https:\/\/noticiasmercedinas.com\/site\/2026\/04\/28\/talleres-de-pami-con-pasion-gaucha-nunca-es-tarde-para-aprender-folklore\/"},"wordCount":378,"publisher":{"@id":"https:\/\/noticiasmercedinas.com\/site\/#organization"},"image":{"@id":"https:\/\/noticiasmercedinas.com\/site\/2026\/04\/28\/talleres-de-pami-con-pasion-gaucha-nunca-es-tarde-para-aprender-folklore\/#primaryimage"},"thumbnailUrl":"https:\/\/noticiasmercedinas.com\/site\/wp-content\/uploads\/2018\/09\/Danza-Folklorica-3-1-1.jpg","keywords":["adultos mayores","Compa\u00f1\u00eda Pasi\u00f3n Gaucha","pami"],"articleSection":["Bienestar"],"inLanguage":"es"},{"@type":"WebPage","@id":"https:\/\/noticiasmercedinas.com\/site\/2026\/04\/28\/talleres-de-pami-con-pasion-gaucha-nunca-es-tarde-para-aprender-folklore\/","url":"https:\/\/noticiasmercedinas.com\/site\/2026\/04\/28\/talleres-de-pami-con-pasion-gaucha-nunca-es-tarde-para-aprender-folklore\/","name":"Talleres de PAMI con Pasi\u00f3n Gaucha: nunca es tarde para aprender folklore","isPartOf":{"@id":"https:\/\/noticiasmercedinas.com\/site\/#website"},"primaryImageOfPage":{"@id":"https:\/\/noticiasmercedinas.com\/site\/2026\/04\/28\/talleres-de-pami-con-pasion-gaucha-nunca-es-tarde-para-aprender-folklore\/#primaryimage"},"image":{"@id":"https:\/\/noticiasmercedinas.com\/site\/2026\/04\/28\/talleres-de-pami-con-pasion-gaucha-nunca-es-tarde-para-aprender-folklore\/#primaryimage"},"thumbnailUrl":"https:\/\/noticiasmercedinas.com\/site\/wp-content\/uploads\/2018\/09\/Danza-Folklorica-3-1-1.jpg","datePublished":"2026-04-28T14:50:28+00:00","breadcrumb":{"@id":"https:\/\/noticiasmercedinas.com\/site\/2026\/04\/28\/talleres-de-pami-con-pasion-gaucha-nunca-es-tarde-para-aprender-folklore\/#breadcrumb"},"inLanguage":"es","potentialAction":[{"@type":"ReadAction","target":["https:\/\/noticiasmercedinas.com\/site\/2026\/04\/28\/talleres-de-pami-con-pasion-gaucha-nunca-es-tarde-para-aprender-folklore\/"]}]},{"@type":"ImageObject","inLanguage":"es","@id":"https:\/\/noticiasmercedinas.com\/site\/2026\/04\/28\/talleres-de-pami-con-pasion-gaucha-nunca-es-tarde-para-aprender-folklore\/#primaryimage","url":"https:\/\/noticiasmercedinas.com\/site\/wp-content\/uploads\/2018\/09\/Danza-Folklorica-3-1-1.jpg","contentUrl":"https:\/\/noticiasmercedinas.com\/site\/wp-content\/uploads\/2018\/09\/Danza-Folklorica-3-1-1.jpg","width":650,"height":430},{"@type":"BreadcrumbList","@id":"https:\/\/noticiasmercedinas.com\/site\/2026\/04\/28\/talleres-de-pami-con-pasion-gaucha-nunca-es-tarde-para-aprender-folklore\/#breadcrumb","itemListElement":[{"@type":"ListItem","position":1,"name":"Portada","item":"https:\/\/noticiasmercedinas.com\/site\/"},{"@type":"ListItem","position":2,"name":"Talleres de PAMI con Pasi\u00f3n Gaucha: nunca es tarde para aprender folklore"}]},{"@type":"WebSite","@id":"https:\/\/noticiasmercedinas.com\/site\/#website","url":"https:\/\/noticiasmercedinas.com\/site\/","name":"NOTICIASMERCEDINAS.COM","description":"Mercedes, Buenos Aires, Argentina","publisher":{"@id":"https:\/\/noticiasmercedinas.com\/site\/#organization"},"potentialAction":[{"@type":"SearchAction","target":{"@type":"EntryPoint","urlTemplate":"https:\/\/noticiasmercedinas.com\/site\/?s={search_term_string}"},"query-input":{"@type":"PropertyValueSpecification","valueRequired":true,"valueName":"search_term_string"}}],"inLanguage":"es"},{"@type":"Organization","@id":"https:\/\/noticiasmercedinas.com\/site\/#organization","name":"NOTICIASMERCEDINAS.COM","url":"https:\/\/noticiasmercedinas.com\/site\/","logo":{"@type":"ImageObject","inLanguage":"es","@id":"https:\/\/noticiasmercedinas.com\/site\/#\/schema\/logo\/image\/","url":"https:\/\/noticiasmercedinas.com\/site\/wp-content\/uploads\/2020\/06\/LOGO-512.jpg","contentUrl":"https:\/\/noticiasmercedinas.com\/site\/wp-content\/uploads\/2020\/06\/LOGO-512.jpg","width":512,"height":512,"caption":"NOTICIASMERCEDINAS.COM"},"image":{"@id":"https:\/\/noticiasmercedinas.com\/site\/#\/schema\/logo\/image\/"},"sameAs":["https:\/\/www.facebook.com\/noticiasmercedinas\/","https:\/\/x.com\/notmercedinas","https:\/\/www.instagram.com\/noticiasmercedinas\/"]},{"@type":"Person","@id":"https:\/\/noticiasmercedinas.com\/site\/#\/schema\/person\/84b59c099c28ff2e8b77d4ceec5d8063","name":"NOTICIASMERCEDINAS.COM","image":{"@type":"ImageObject","inLanguage":"es","@id":"https:\/\/secure.gravatar.com\/avatar\/4dfbf16b4d17945bfb6341b2d19043457132fcf478a5ee04f42e959fd8f5df0a?s=96&d=mm&r=g","url":"https:\/\/secure.gravatar.com\/avatar\/4dfbf16b4d17945bfb6341b2d19043457132fcf478a5ee04f42e959fd8f5df0a?s=96&d=mm&r=g","contentUrl":"https:\/\/secure.gravatar.com\/avatar\/4dfbf16b4d17945bfb6341b2d19043457132fcf478a5ee04f42e959fd8f5df0a?s=96&d=mm&r=g","caption":"NOTICIASMERCEDINAS.COM"},"url":"https:\/\/noticiasmercedinas.com\/site\/author\/anonimo\/"}]}},"amp_enabled":true,"_links":{"self":[{"href":"https:\/\/noticiasmercedinas.com\/site\/wp-json\/wp\/v2\/posts\/185324","targetHints":{"allow":["GET"]}}],"collection":[{"href":"https:\/\/noticiasmercedinas.com\/site\/wp-json\/wp\/v2\/posts"}],"about":[{"href":"https:\/\/noticiasmercedinas.com\/site\/wp-json\/wp\/v2\/types\/post"}],"author":[{"embeddable":true,"href":"https:\/\/noticiasmercedinas.com\/site\/wp-json\/wp\/v2\/users\/16"}],"replies":[{"embeddable":true,"href":"https:\/\/noticiasmercedinas.com\/site\/wp-json\/wp\/v2\/comments?post=185324"}],"version-history":[{"count":1,"href":"https:\/\/noticiasmercedinas.com\/site\/wp-json\/wp\/v2\/posts\/185324\/revisions"}],"predecessor-version":[{"id":185325,"href":"https:\/\/noticiasmercedinas.com\/site\/wp-json\/wp\/v2\/posts\/185324\/revisions\/185325"}],"wp:featuredmedia":[{"embeddable":true,"href":"https:\/\/noticiasmercedinas.com\/site\/wp-json\/wp\/v2\/media\/3082"}],"wp:attachment":[{"href":"https:\/\/noticiasmercedinas.com\/site\/wp-json\/wp\/v2\/media?parent=185324"}],"wp:term":[{"taxonomy":"category","embeddable":true,"href":"https:\/\/noticiasmercedinas.com\/site\/wp-json\/wp\/v2\/categories?post=185324"},{"taxonomy":"post_tag","embeddable":true,"href":"https:\/\/noticiasmercedinas.com\/site\/wp-json\/wp\/v2\/tags?post=185324"}],"curies":[{"name":"wp","href":"https:\/\/api.w.org\/{rel}","templated":true}]}}