{"id":185332,"date":"2026-04-28T13:31:54","date_gmt":"2026-04-28T16:31:54","guid":{"rendered":"https:\/\/noticiasmercedinas.com\/site\/?p=185332"},"modified":"2026-04-28T13:31:54","modified_gmt":"2026-04-28T16:31:54","slug":"hito-espacio-cultural-lanza-el-laboratorio-de-canto-un-viaje-de-autoconocimiento-a-traves-de-la-voz","status":"publish","type":"post","link":"https:\/\/noticiasmercedinas.com\/site\/2026\/04\/28\/hito-espacio-cultural-lanza-el-laboratorio-de-canto-un-viaje-de-autoconocimiento-a-traves-de-la-voz\/","title":{"rendered":"HITO Espacio Cultural lanza el \u00abLaboratorio de Canto\u00bb: un viaje de autoconocimiento a trav\u00e9s de la voz"},"content":{"rendered":"<p><img loading=\"lazy\" decoding=\"async\" class=\"alignnone size-full wp-image-185333\" src=\"https:\/\/noticiasmercedinas.com\/site\/wp-content\/uploads\/2026\/04\/WhatsApp-Image-2026-04-28-at-1.10.47-PM-e1777393775746.jpeg\" alt=\"\" width=\"954\" height=\"653\" srcset=\"https:\/\/noticiasmercedinas.com\/site\/wp-content\/uploads\/2026\/04\/WhatsApp-Image-2026-04-28-at-1.10.47-PM-e1777393775746.jpeg 954w, https:\/\/noticiasmercedinas.com\/site\/wp-content\/uploads\/2026\/04\/WhatsApp-Image-2026-04-28-at-1.10.47-PM-e1777393775746-300x205.jpeg 300w, https:\/\/noticiasmercedinas.com\/site\/wp-content\/uploads\/2026\/04\/WhatsApp-Image-2026-04-28-at-1.10.47-PM-e1777393775746-768x526.jpeg 768w, https:\/\/noticiasmercedinas.com\/site\/wp-content\/uploads\/2026\/04\/WhatsApp-Image-2026-04-28-at-1.10.47-PM-e1777393775746-640x438.jpeg 640w, https:\/\/noticiasmercedinas.com\/site\/wp-content\/uploads\/2026\/04\/WhatsApp-Image-2026-04-28-at-1.10.47-PM-e1777393775746-681x466.jpeg 681w\" sizes=\"auto, (max-width: 954px) 100vw, 954px\" \/><\/p>\n<p>La oferta cultural de la ciudad suma una nueva y estimulante propuesta. En el marco del crecimiento de HITO Espacio Cultural, el centro creativo dirigido por Emiliana Scaramella, se anunci\u00f3 la apertura de inscripciones para el \u00abLaboratorio de Canto\u00bb.<\/p>\n<p>Coordinado por la destacada docente y artista <strong>Amarillys D\u00edaz<\/strong>, este taller propone un abordaje integral de la voz, entendi\u00e9ndola no solo como una herramienta t\u00e9cnica, sino como un instrumento de identidad propia.<\/p>\n<p>El laboratorio est\u00e1 dise\u00f1ado como un espacio de exploraci\u00f3n y libertad, donde los participantes podr\u00e1n \u00abhabilitar y descubrir\u00bb su voz a trav\u00e9s del trabajo grupal. Seg\u00fan los organizadores, el recorrido se centra en el autoconocimiento, la escucha consciente y la experiencia de habitar el sonido desde el cuerpo.<\/p>\n<p><strong>Un espacio inclusivo y profesional<\/strong><br \/>\nUna de las caracter\u00edsticas principales de esta formaci\u00f3n es su apertura a toda la comunidad: no se requiere experiencia previa en canto. La premisa fundamental es contar con la disposici\u00f3n para explorar, soltar tensiones y encontrarse en el sonido compartido.<\/p>\n<p>Las clases se dictar\u00e1n en la sede de HITO, ubicada en la intersecci\u00f3n de Calle 22 y 103, un espacio que se ha consolidado como un punto de encuentro clave para las artes en Mercedes bajo la gesti\u00f3n de Scaramella.<\/p>\n<p><strong>D\u00edas, horarios e inscripci\u00f3n<\/strong><br \/>\nDebido a la metodolog\u00eda personalizada y grupal de la actividad, los cupos son limitados. El laboratorio ofrece dos franjas horarias para adaptarse a la disponibilidad de los alumnos:<\/p>\n<ul>\n<li>Lunes: de 17:30 a 19:00 hs.<\/li>\n<li>Mi\u00e9rcoles: de 11:00 a 12:30 hs.<\/li>\n<\/ul>\n<p>Se propone un recorrido de autoconocimiento y escucha: respirar, sonar y habitar la voz desde la experiencia. Los interesados en participar o recibir m\u00e1s informaci\u00f3n pueden comunicarse a trav\u00e9s de las siguientes l\u00edneas de contacto:<\/p>\n<ul>\n<li>WhatsApp: +54 2324 508151<\/li>\n<li>Alternativo: +54 11 60352569<\/li>\n<li>Instagram: <a href=\"https:\/\/www.instagram.com\/hito.espaciocultural\/\">@hito.espaciocultural<\/a><\/li>\n<\/ul>\n<p>&nbsp;<\/p>\n","protected":false},"excerpt":{"rendered":"<p>\u25a0 Bajo la coordinaci\u00f3n de la reconocida Amarillys D\u00edaz, el espacio dirigido por Emiliana Scaramella abre sus puertas a un innovador proyecto grupal que busca explorar el potencial sonoro sin necesidad de experiencia previa.<\/p>\n","protected":false},"author":16,"featured_media":185333,"comment_status":"closed","ping_status":"closed","sticky":false,"template":"","format":"standard","meta":{"footnotes":""},"categories":[4],"tags":[10332,288,22096,1805],"class_list":["post-185332","post","type-post","status-publish","format-standard","has-post-thumbnail","hentry","category-cultura","tag-amarillys-diaz","tag-canto","tag-hito-espacio-cultural","tag-taller"],"yoast_head":"<!-- This site is optimized with the Yoast SEO plugin v27.4 - https:\/\/yoast.com\/product\/yoast-seo-wordpress\/ -->\n<title>HITO Espacio Cultural lanza el &quot;Laboratorio de Canto&quot;: un viaje de autoconocimiento a trav\u00e9s de la voz<\/title>\n<meta name=\"description\" content=\"Bajo la coordinaci\u00f3n de la reconocida Amarillys D\u00edaz, el espacio dirigido por Emiliana Scaramella abre sus puertas a un innovador proyecto grupal que busca explorar el potencial sonoro sin necesidad de experiencia previa.\" \/>\n<meta name=\"robots\" content=\"index, follow, max-snippet:-1, max-image-preview:large, max-video-preview:-1\" \/>\n<link rel=\"canonical\" href=\"https:\/\/noticiasmercedinas.com\/site\/2026\/04\/28\/hito-espacio-cultural-lanza-el-laboratorio-de-canto-un-viaje-de-autoconocimiento-a-traves-de-la-voz\/\" \/>\n<meta property=\"og:locale\" content=\"es_ES\" \/>\n<meta property=\"og:type\" content=\"article\" \/>\n<meta property=\"og:title\" content=\"HITO Espacio Cultural lanza el &quot;Laboratorio de Canto&quot;: un viaje de autoconocimiento a trav\u00e9s de la voz\" \/>\n<meta property=\"og:description\" content=\"Bajo la coordinaci\u00f3n de la reconocida Amarillys D\u00edaz, el espacio dirigido por Emiliana Scaramella abre sus puertas a un innovador proyecto grupal que busca explorar el potencial sonoro sin necesidad de experiencia previa.\" \/>\n<meta property=\"og:url\" content=\"https:\/\/noticiasmercedinas.com\/site\/2026\/04\/28\/hito-espacio-cultural-lanza-el-laboratorio-de-canto-un-viaje-de-autoconocimiento-a-traves-de-la-voz\/\" \/>\n<meta property=\"og:site_name\" content=\"NOTICIASMERCEDINAS.COM\" \/>\n<meta property=\"article:publisher\" content=\"https:\/\/www.facebook.com\/noticiasmercedinas\/\" \/>\n<meta property=\"article:published_time\" content=\"2026-04-28T16:31:54+00:00\" \/>\n<meta property=\"og:image\" content=\"https:\/\/noticiasmercedinas.com\/site\/wp-content\/uploads\/2026\/04\/WhatsApp-Image-2026-04-28-at-1.10.47-PM-e1777393775746.jpeg\" \/>\n\t<meta property=\"og:image:width\" content=\"954\" \/>\n\t<meta property=\"og:image:height\" content=\"653\" \/>\n\t<meta property=\"og:image:type\" content=\"image\/jpeg\" \/>\n<meta name=\"author\" content=\"NOTICIASMERCEDINAS.COM\" \/>\n<meta name=\"twitter:card\" content=\"summary_large_image\" \/>\n<meta name=\"twitter:creator\" content=\"@notmercedinas\" \/>\n<meta name=\"twitter:site\" content=\"@notmercedinas\" \/>\n<meta name=\"twitter:label1\" content=\"Escrito por\" \/>\n\t<meta name=\"twitter:data1\" content=\"NOTICIASMERCEDINAS.COM\" \/>\n\t<meta name=\"twitter:label2\" content=\"Tiempo de lectura\" \/>\n\t<meta name=\"twitter:data2\" content=\"2 minutos\" \/>\n<script type=\"application\/ld+json\" class=\"yoast-schema-graph\">{\"@context\":\"https:\\\/\\\/schema.org\",\"@graph\":[{\"@type\":\"Article\",\"@id\":\"https:\\\/\\\/noticiasmercedinas.com\\\/site\\\/2026\\\/04\\\/28\\\/hito-espacio-cultural-lanza-el-laboratorio-de-canto-un-viaje-de-autoconocimiento-a-traves-de-la-voz\\\/#article\",\"isPartOf\":{\"@id\":\"https:\\\/\\\/noticiasmercedinas.com\\\/site\\\/2026\\\/04\\\/28\\\/hito-espacio-cultural-lanza-el-laboratorio-de-canto-un-viaje-de-autoconocimiento-a-traves-de-la-voz\\\/\"},\"author\":{\"name\":\"NOTICIASMERCEDINAS.COM\",\"@id\":\"https:\\\/\\\/noticiasmercedinas.com\\\/site\\\/#\\\/schema\\\/person\\\/84b59c099c28ff2e8b77d4ceec5d8063\"},\"headline\":\"HITO Espacio Cultural lanza el \u00abLaboratorio de Canto\u00bb: un viaje de autoconocimiento a trav\u00e9s de la voz\",\"datePublished\":\"2026-04-28T16:31:54+00:00\",\"mainEntityOfPage\":{\"@id\":\"https:\\\/\\\/noticiasmercedinas.com\\\/site\\\/2026\\\/04\\\/28\\\/hito-espacio-cultural-lanza-el-laboratorio-de-canto-un-viaje-de-autoconocimiento-a-traves-de-la-voz\\\/\"},\"wordCount\":323,\"publisher\":{\"@id\":\"https:\\\/\\\/noticiasmercedinas.com\\\/site\\\/#organization\"},\"image\":{\"@id\":\"https:\\\/\\\/noticiasmercedinas.com\\\/site\\\/2026\\\/04\\\/28\\\/hito-espacio-cultural-lanza-el-laboratorio-de-canto-un-viaje-de-autoconocimiento-a-traves-de-la-voz\\\/#primaryimage\"},\"thumbnailUrl\":\"https:\\\/\\\/noticiasmercedinas.com\\\/site\\\/wp-content\\\/uploads\\\/2026\\\/04\\\/WhatsApp-Image-2026-04-28-at-1.10.47-PM-e1777393775746.jpeg\",\"keywords\":[\"Amarillys D\u00edaz\",\"canto\",\"hito espacio cultural\",\"taller\"],\"articleSection\":[\"Cultura\"],\"inLanguage\":\"es\"},{\"@type\":\"WebPage\",\"@id\":\"https:\\\/\\\/noticiasmercedinas.com\\\/site\\\/2026\\\/04\\\/28\\\/hito-espacio-cultural-lanza-el-laboratorio-de-canto-un-viaje-de-autoconocimiento-a-traves-de-la-voz\\\/\",\"url\":\"https:\\\/\\\/noticiasmercedinas.com\\\/site\\\/2026\\\/04\\\/28\\\/hito-espacio-cultural-lanza-el-laboratorio-de-canto-un-viaje-de-autoconocimiento-a-traves-de-la-voz\\\/\",\"name\":\"HITO Espacio Cultural lanza el \\\"Laboratorio de Canto\\\": un viaje de autoconocimiento a trav\u00e9s de la voz\",\"isPartOf\":{\"@id\":\"https:\\\/\\\/noticiasmercedinas.com\\\/site\\\/#website\"},\"primaryImageOfPage\":{\"@id\":\"https:\\\/\\\/noticiasmercedinas.com\\\/site\\\/2026\\\/04\\\/28\\\/hito-espacio-cultural-lanza-el-laboratorio-de-canto-un-viaje-de-autoconocimiento-a-traves-de-la-voz\\\/#primaryimage\"},\"image\":{\"@id\":\"https:\\\/\\\/noticiasmercedinas.com\\\/site\\\/2026\\\/04\\\/28\\\/hito-espacio-cultural-lanza-el-laboratorio-de-canto-un-viaje-de-autoconocimiento-a-traves-de-la-voz\\\/#primaryimage\"},\"thumbnailUrl\":\"https:\\\/\\\/noticiasmercedinas.com\\\/site\\\/wp-content\\\/uploads\\\/2026\\\/04\\\/WhatsApp-Image-2026-04-28-at-1.10.47-PM-e1777393775746.jpeg\",\"datePublished\":\"2026-04-28T16:31:54+00:00\",\"description\":\"Bajo la coordinaci\u00f3n de la reconocida Amarillys D\u00edaz, el espacio dirigido por Emiliana Scaramella abre sus puertas a un innovador proyecto grupal que busca explorar el potencial sonoro sin necesidad de experiencia previa.\",\"breadcrumb\":{\"@id\":\"https:\\\/\\\/noticiasmercedinas.com\\\/site\\\/2026\\\/04\\\/28\\\/hito-espacio-cultural-lanza-el-laboratorio-de-canto-un-viaje-de-autoconocimiento-a-traves-de-la-voz\\\/#breadcrumb\"},\"inLanguage\":\"es\",\"potentialAction\":[{\"@type\":\"ReadAction\",\"target\":[\"https:\\\/\\\/noticiasmercedinas.com\\\/site\\\/2026\\\/04\\\/28\\\/hito-espacio-cultural-lanza-el-laboratorio-de-canto-un-viaje-de-autoconocimiento-a-traves-de-la-voz\\\/\"]}]},{\"@type\":\"ImageObject\",\"inLanguage\":\"es\",\"@id\":\"https:\\\/\\\/noticiasmercedinas.com\\\/site\\\/2026\\\/04\\\/28\\\/hito-espacio-cultural-lanza-el-laboratorio-de-canto-un-viaje-de-autoconocimiento-a-traves-de-la-voz\\\/#primaryimage\",\"url\":\"https:\\\/\\\/noticiasmercedinas.com\\\/site\\\/wp-content\\\/uploads\\\/2026\\\/04\\\/WhatsApp-Image-2026-04-28-at-1.10.47-PM-e1777393775746.jpeg\",\"contentUrl\":\"https:\\\/\\\/noticiasmercedinas.com\\\/site\\\/wp-content\\\/uploads\\\/2026\\\/04\\\/WhatsApp-Image-2026-04-28-at-1.10.47-PM-e1777393775746.jpeg\",\"width\":954,\"height\":653},{\"@type\":\"BreadcrumbList\",\"@id\":\"https:\\\/\\\/noticiasmercedinas.com\\\/site\\\/2026\\\/04\\\/28\\\/hito-espacio-cultural-lanza-el-laboratorio-de-canto-un-viaje-de-autoconocimiento-a-traves-de-la-voz\\\/#breadcrumb\",\"itemListElement\":[{\"@type\":\"ListItem\",\"position\":1,\"name\":\"Portada\",\"item\":\"https:\\\/\\\/noticiasmercedinas.com\\\/site\\\/\"},{\"@type\":\"ListItem\",\"position\":2,\"name\":\"HITO Espacio Cultural lanza el \u00abLaboratorio de Canto\u00bb: un viaje de autoconocimiento a trav\u00e9s de la voz\"}]},{\"@type\":\"WebSite\",\"@id\":\"https:\\\/\\\/noticiasmercedinas.com\\\/site\\\/#website\",\"url\":\"https:\\\/\\\/noticiasmercedinas.com\\\/site\\\/\",\"name\":\"NOTICIASMERCEDINAS.COM\",\"description\":\"Mercedes, Buenos Aires, Argentina\",\"publisher\":{\"@id\":\"https:\\\/\\\/noticiasmercedinas.com\\\/site\\\/#organization\"},\"potentialAction\":[{\"@type\":\"SearchAction\",\"target\":{\"@type\":\"EntryPoint\",\"urlTemplate\":\"https:\\\/\\\/noticiasmercedinas.com\\\/site\\\/?s={search_term_string}\"},\"query-input\":{\"@type\":\"PropertyValueSpecification\",\"valueRequired\":true,\"valueName\":\"search_term_string\"}}],\"inLanguage\":\"es\"},{\"@type\":\"Organization\",\"@id\":\"https:\\\/\\\/noticiasmercedinas.com\\\/site\\\/#organization\",\"name\":\"NOTICIASMERCEDINAS.COM\",\"url\":\"https:\\\/\\\/noticiasmercedinas.com\\\/site\\\/\",\"logo\":{\"@type\":\"ImageObject\",\"inLanguage\":\"es\",\"@id\":\"https:\\\/\\\/noticiasmercedinas.com\\\/site\\\/#\\\/schema\\\/logo\\\/image\\\/\",\"url\":\"https:\\\/\\\/noticiasmercedinas.com\\\/site\\\/wp-content\\\/uploads\\\/2020\\\/06\\\/LOGO-512.jpg\",\"contentUrl\":\"https:\\\/\\\/noticiasmercedinas.com\\\/site\\\/wp-content\\\/uploads\\\/2020\\\/06\\\/LOGO-512.jpg\",\"width\":512,\"height\":512,\"caption\":\"NOTICIASMERCEDINAS.COM\"},\"image\":{\"@id\":\"https:\\\/\\\/noticiasmercedinas.com\\\/site\\\/#\\\/schema\\\/logo\\\/image\\\/\"},\"sameAs\":[\"https:\\\/\\\/www.facebook.com\\\/noticiasmercedinas\\\/\",\"https:\\\/\\\/x.com\\\/notmercedinas\",\"https:\\\/\\\/www.instagram.com\\\/noticiasmercedinas\\\/\"]},{\"@type\":\"Person\",\"@id\":\"https:\\\/\\\/noticiasmercedinas.com\\\/site\\\/#\\\/schema\\\/person\\\/84b59c099c28ff2e8b77d4ceec5d8063\",\"name\":\"NOTICIASMERCEDINAS.COM\",\"image\":{\"@type\":\"ImageObject\",\"inLanguage\":\"es\",\"@id\":\"https:\\\/\\\/secure.gravatar.com\\\/avatar\\\/4dfbf16b4d17945bfb6341b2d19043457132fcf478a5ee04f42e959fd8f5df0a?s=96&d=mm&r=g\",\"url\":\"https:\\\/\\\/secure.gravatar.com\\\/avatar\\\/4dfbf16b4d17945bfb6341b2d19043457132fcf478a5ee04f42e959fd8f5df0a?s=96&d=mm&r=g\",\"contentUrl\":\"https:\\\/\\\/secure.gravatar.com\\\/avatar\\\/4dfbf16b4d17945bfb6341b2d19043457132fcf478a5ee04f42e959fd8f5df0a?s=96&d=mm&r=g\",\"caption\":\"NOTICIASMERCEDINAS.COM\"},\"url\":\"https:\\\/\\\/noticiasmercedinas.com\\\/site\\\/author\\\/anonimo\\\/\"}]}<\/script>\n<!-- \/ Yoast SEO plugin. -->","yoast_head_json":{"title":"HITO Espacio Cultural lanza el \"Laboratorio de Canto\": un viaje de autoconocimiento a trav\u00e9s de la voz","description":"Bajo la coordinaci\u00f3n de la reconocida Amarillys D\u00edaz, el espacio dirigido por Emiliana Scaramella abre sus puertas a un innovador proyecto grupal que busca explorar el potencial sonoro sin necesidad de experiencia previa.","robots":{"index":"index","follow":"follow","max-snippet":"max-snippet:-1","max-image-preview":"max-image-preview:large","max-video-preview":"max-video-preview:-1"},"canonical":"https:\/\/noticiasmercedinas.com\/site\/2026\/04\/28\/hito-espacio-cultural-lanza-el-laboratorio-de-canto-un-viaje-de-autoconocimiento-a-traves-de-la-voz\/","og_locale":"es_ES","og_type":"article","og_title":"HITO Espacio Cultural lanza el \"Laboratorio de Canto\": un viaje de autoconocimiento a trav\u00e9s de la voz","og_description":"Bajo la coordinaci\u00f3n de la reconocida Amarillys D\u00edaz, el espacio dirigido por Emiliana Scaramella abre sus puertas a un innovador proyecto grupal que busca explorar el potencial sonoro sin necesidad de experiencia previa.","og_url":"https:\/\/noticiasmercedinas.com\/site\/2026\/04\/28\/hito-espacio-cultural-lanza-el-laboratorio-de-canto-un-viaje-de-autoconocimiento-a-traves-de-la-voz\/","og_site_name":"NOTICIASMERCEDINAS.COM","article_publisher":"https:\/\/www.facebook.com\/noticiasmercedinas\/","article_published_time":"2026-04-28T16:31:54+00:00","og_image":[{"width":954,"height":653,"url":"https:\/\/noticiasmercedinas.com\/site\/wp-content\/uploads\/2026\/04\/WhatsApp-Image-2026-04-28-at-1.10.47-PM-e1777393775746.jpeg","type":"image\/jpeg"}],"author":"NOTICIASMERCEDINAS.COM","twitter_card":"summary_large_image","twitter_creator":"@notmercedinas","twitter_site":"@notmercedinas","twitter_misc":{"Escrito por":"NOTICIASMERCEDINAS.COM","Tiempo de lectura":"2 minutos"},"schema":{"@context":"https:\/\/schema.org","@graph":[{"@type":"Article","@id":"https:\/\/noticiasmercedinas.com\/site\/2026\/04\/28\/hito-espacio-cultural-lanza-el-laboratorio-de-canto-un-viaje-de-autoconocimiento-a-traves-de-la-voz\/#article","isPartOf":{"@id":"https:\/\/noticiasmercedinas.com\/site\/2026\/04\/28\/hito-espacio-cultural-lanza-el-laboratorio-de-canto-un-viaje-de-autoconocimiento-a-traves-de-la-voz\/"},"author":{"name":"NOTICIASMERCEDINAS.COM","@id":"https:\/\/noticiasmercedinas.com\/site\/#\/schema\/person\/84b59c099c28ff2e8b77d4ceec5d8063"},"headline":"HITO Espacio Cultural lanza el \u00abLaboratorio de Canto\u00bb: un viaje de autoconocimiento a trav\u00e9s de la voz","datePublished":"2026-04-28T16:31:54+00:00","mainEntityOfPage":{"@id":"https:\/\/noticiasmercedinas.com\/site\/2026\/04\/28\/hito-espacio-cultural-lanza-el-laboratorio-de-canto-un-viaje-de-autoconocimiento-a-traves-de-la-voz\/"},"wordCount":323,"publisher":{"@id":"https:\/\/noticiasmercedinas.com\/site\/#organization"},"image":{"@id":"https:\/\/noticiasmercedinas.com\/site\/2026\/04\/28\/hito-espacio-cultural-lanza-el-laboratorio-de-canto-un-viaje-de-autoconocimiento-a-traves-de-la-voz\/#primaryimage"},"thumbnailUrl":"https:\/\/noticiasmercedinas.com\/site\/wp-content\/uploads\/2026\/04\/WhatsApp-Image-2026-04-28-at-1.10.47-PM-e1777393775746.jpeg","keywords":["Amarillys D\u00edaz","canto","hito espacio cultural","taller"],"articleSection":["Cultura"],"inLanguage":"es"},{"@type":"WebPage","@id":"https:\/\/noticiasmercedinas.com\/site\/2026\/04\/28\/hito-espacio-cultural-lanza-el-laboratorio-de-canto-un-viaje-de-autoconocimiento-a-traves-de-la-voz\/","url":"https:\/\/noticiasmercedinas.com\/site\/2026\/04\/28\/hito-espacio-cultural-lanza-el-laboratorio-de-canto-un-viaje-de-autoconocimiento-a-traves-de-la-voz\/","name":"HITO Espacio Cultural lanza el \"Laboratorio de Canto\": un viaje de autoconocimiento a trav\u00e9s de la voz","isPartOf":{"@id":"https:\/\/noticiasmercedinas.com\/site\/#website"},"primaryImageOfPage":{"@id":"https:\/\/noticiasmercedinas.com\/site\/2026\/04\/28\/hito-espacio-cultural-lanza-el-laboratorio-de-canto-un-viaje-de-autoconocimiento-a-traves-de-la-voz\/#primaryimage"},"image":{"@id":"https:\/\/noticiasmercedinas.com\/site\/2026\/04\/28\/hito-espacio-cultural-lanza-el-laboratorio-de-canto-un-viaje-de-autoconocimiento-a-traves-de-la-voz\/#primaryimage"},"thumbnailUrl":"https:\/\/noticiasmercedinas.com\/site\/wp-content\/uploads\/2026\/04\/WhatsApp-Image-2026-04-28-at-1.10.47-PM-e1777393775746.jpeg","datePublished":"2026-04-28T16:31:54+00:00","description":"Bajo la coordinaci\u00f3n de la reconocida Amarillys D\u00edaz, el espacio dirigido por Emiliana Scaramella abre sus puertas a un innovador proyecto grupal que busca explorar el potencial sonoro sin necesidad de experiencia previa.","breadcrumb":{"@id":"https:\/\/noticiasmercedinas.com\/site\/2026\/04\/28\/hito-espacio-cultural-lanza-el-laboratorio-de-canto-un-viaje-de-autoconocimiento-a-traves-de-la-voz\/#breadcrumb"},"inLanguage":"es","potentialAction":[{"@type":"ReadAction","target":["https:\/\/noticiasmercedinas.com\/site\/2026\/04\/28\/hito-espacio-cultural-lanza-el-laboratorio-de-canto-un-viaje-de-autoconocimiento-a-traves-de-la-voz\/"]}]},{"@type":"ImageObject","inLanguage":"es","@id":"https:\/\/noticiasmercedinas.com\/site\/2026\/04\/28\/hito-espacio-cultural-lanza-el-laboratorio-de-canto-un-viaje-de-autoconocimiento-a-traves-de-la-voz\/#primaryimage","url":"https:\/\/noticiasmercedinas.com\/site\/wp-content\/uploads\/2026\/04\/WhatsApp-Image-2026-04-28-at-1.10.47-PM-e1777393775746.jpeg","contentUrl":"https:\/\/noticiasmercedinas.com\/site\/wp-content\/uploads\/2026\/04\/WhatsApp-Image-2026-04-28-at-1.10.47-PM-e1777393775746.jpeg","width":954,"height":653},{"@type":"BreadcrumbList","@id":"https:\/\/noticiasmercedinas.com\/site\/2026\/04\/28\/hito-espacio-cultural-lanza-el-laboratorio-de-canto-un-viaje-de-autoconocimiento-a-traves-de-la-voz\/#breadcrumb","itemListElement":[{"@type":"ListItem","position":1,"name":"Portada","item":"https:\/\/noticiasmercedinas.com\/site\/"},{"@type":"ListItem","position":2,"name":"HITO Espacio Cultural lanza el \u00abLaboratorio de Canto\u00bb: un viaje de autoconocimiento a trav\u00e9s de la voz"}]},{"@type":"WebSite","@id":"https:\/\/noticiasmercedinas.com\/site\/#website","url":"https:\/\/noticiasmercedinas.com\/site\/","name":"NOTICIASMERCEDINAS.COM","description":"Mercedes, Buenos Aires, Argentina","publisher":{"@id":"https:\/\/noticiasmercedinas.com\/site\/#organization"},"potentialAction":[{"@type":"SearchAction","target":{"@type":"EntryPoint","urlTemplate":"https:\/\/noticiasmercedinas.com\/site\/?s={search_term_string}"},"query-input":{"@type":"PropertyValueSpecification","valueRequired":true,"valueName":"search_term_string"}}],"inLanguage":"es"},{"@type":"Organization","@id":"https:\/\/noticiasmercedinas.com\/site\/#organization","name":"NOTICIASMERCEDINAS.COM","url":"https:\/\/noticiasmercedinas.com\/site\/","logo":{"@type":"ImageObject","inLanguage":"es","@id":"https:\/\/noticiasmercedinas.com\/site\/#\/schema\/logo\/image\/","url":"https:\/\/noticiasmercedinas.com\/site\/wp-content\/uploads\/2020\/06\/LOGO-512.jpg","contentUrl":"https:\/\/noticiasmercedinas.com\/site\/wp-content\/uploads\/2020\/06\/LOGO-512.jpg","width":512,"height":512,"caption":"NOTICIASMERCEDINAS.COM"},"image":{"@id":"https:\/\/noticiasmercedinas.com\/site\/#\/schema\/logo\/image\/"},"sameAs":["https:\/\/www.facebook.com\/noticiasmercedinas\/","https:\/\/x.com\/notmercedinas","https:\/\/www.instagram.com\/noticiasmercedinas\/"]},{"@type":"Person","@id":"https:\/\/noticiasmercedinas.com\/site\/#\/schema\/person\/84b59c099c28ff2e8b77d4ceec5d8063","name":"NOTICIASMERCEDINAS.COM","image":{"@type":"ImageObject","inLanguage":"es","@id":"https:\/\/secure.gravatar.com\/avatar\/4dfbf16b4d17945bfb6341b2d19043457132fcf478a5ee04f42e959fd8f5df0a?s=96&d=mm&r=g","url":"https:\/\/secure.gravatar.com\/avatar\/4dfbf16b4d17945bfb6341b2d19043457132fcf478a5ee04f42e959fd8f5df0a?s=96&d=mm&r=g","contentUrl":"https:\/\/secure.gravatar.com\/avatar\/4dfbf16b4d17945bfb6341b2d19043457132fcf478a5ee04f42e959fd8f5df0a?s=96&d=mm&r=g","caption":"NOTICIASMERCEDINAS.COM"},"url":"https:\/\/noticiasmercedinas.com\/site\/author\/anonimo\/"}]}},"amp_enabled":true,"_links":{"self":[{"href":"https:\/\/noticiasmercedinas.com\/site\/wp-json\/wp\/v2\/posts\/185332","targetHints":{"allow":["GET"]}}],"collection":[{"href":"https:\/\/noticiasmercedinas.com\/site\/wp-json\/wp\/v2\/posts"}],"about":[{"href":"https:\/\/noticiasmercedinas.com\/site\/wp-json\/wp\/v2\/types\/post"}],"author":[{"embeddable":true,"href":"https:\/\/noticiasmercedinas.com\/site\/wp-json\/wp\/v2\/users\/16"}],"replies":[{"embeddable":true,"href":"https:\/\/noticiasmercedinas.com\/site\/wp-json\/wp\/v2\/comments?post=185332"}],"version-history":[{"count":1,"href":"https:\/\/noticiasmercedinas.com\/site\/wp-json\/wp\/v2\/posts\/185332\/revisions"}],"predecessor-version":[{"id":185334,"href":"https:\/\/noticiasmercedinas.com\/site\/wp-json\/wp\/v2\/posts\/185332\/revisions\/185334"}],"wp:featuredmedia":[{"embeddable":true,"href":"https:\/\/noticiasmercedinas.com\/site\/wp-json\/wp\/v2\/media\/185333"}],"wp:attachment":[{"href":"https:\/\/noticiasmercedinas.com\/site\/wp-json\/wp\/v2\/media?parent=185332"}],"wp:term":[{"taxonomy":"category","embeddable":true,"href":"https:\/\/noticiasmercedinas.com\/site\/wp-json\/wp\/v2\/categories?post=185332"},{"taxonomy":"post_tag","embeddable":true,"href":"https:\/\/noticiasmercedinas.com\/site\/wp-json\/wp\/v2\/tags?post=185332"}],"curies":[{"name":"wp","href":"https:\/\/api.w.org\/{rel}","templated":true}]}}