{"id":185335,"date":"2026-04-28T14:18:20","date_gmt":"2026-04-28T17:18:20","guid":{"rendered":"https:\/\/noticiasmercedinas.com\/site\/?p=185335"},"modified":"2026-04-28T14:18:20","modified_gmt":"2026-04-28T17:18:20","slug":"el-tenis-de-mesa-mercedino-celebro-su-segunda-fecha-y-el-centenario-de-la-disciplina","status":"publish","type":"post","link":"https:\/\/noticiasmercedinas.com\/site\/2026\/04\/28\/el-tenis-de-mesa-mercedino-celebro-su-segunda-fecha-y-el-centenario-de-la-disciplina\/","title":{"rendered":"El tenis de mesa mercedino celebr\u00f3 su segunda fecha y el centenario de la disciplina"},"content":{"rendered":"<p><img loading=\"lazy\" decoding=\"async\" class=\"alignnone size-full wp-image-185336\" src=\"https:\/\/noticiasmercedinas.com\/site\/wp-content\/uploads\/2026\/04\/7e419422-9bf2-4724-a26f-d86aff59cef6.jpg\" alt=\"\" width=\"640\" height=\"439\" srcset=\"https:\/\/noticiasmercedinas.com\/site\/wp-content\/uploads\/2026\/04\/7e419422-9bf2-4724-a26f-d86aff59cef6.jpg 640w, https:\/\/noticiasmercedinas.com\/site\/wp-content\/uploads\/2026\/04\/7e419422-9bf2-4724-a26f-d86aff59cef6-300x206.jpg 300w\" sizes=\"auto, (max-width: 640px) 100vw, 640px\" \/>El predio de deportes ubicado en la intersecci\u00f3n de las <strong>calles 6 y 9<\/strong> fue el escenario, el pasado viernes, de la segunda fecha de la <strong>Liga Mercedina de Tenis de Mesa<\/strong>. El evento, bajo la coordinaci\u00f3n de <strong>Alejandro Russo<\/strong>, no solo cumpli\u00f3 con el calendario competitivo local, sino que tambi\u00e9n funcion\u00f3 como marco para la celebraci\u00f3n del <strong>D\u00eda Internacional del Tenis de Mesa<\/strong>, conmemorando los 100 a\u00f1os del primer campeonato mundial de la especialidad.<\/p>\n<p>La jornada deportiva cont\u00f3 con una s\u00f3lida convocatoria de la <strong>Escuela Municipal<\/strong>, que present\u00f3 casi 30 jugadores distribuidos en tres niveles competitivos. En la categor\u00eda <strong>Primera<\/strong>, el m\u00e1ximo galard\u00f3n qued\u00f3 en manos de <strong>Javier Russo<\/strong>, quien ratific\u00f3 su jerarqu\u00eda en la mesa. Por su parte, <strong>Bauti Cerverizzo<\/strong> se adjudic\u00f3 el primer puesto en <strong>Segunda<\/strong>, mientras que <strong>Alan Enrique<\/strong> se coron\u00f3 campe\u00f3n en la categor\u00eda <strong>Tercera<\/strong>.<\/p>\n<p>A continuaci\u00f3n, se detallan los podios de la fecha:<\/p>\n<table>\n<thead>\n<tr>\n<td><strong>Categor\u00eda<\/strong><\/td>\n<td><strong>1\u00b0 Puesto<\/strong><\/td>\n<td><strong>2\u00b0 Puesto<\/strong><\/td>\n<td><strong>3\u00b0 Puesto<\/strong><\/td>\n<\/tr>\n<\/thead>\n<tbody>\n<tr>\n<td><strong>Primera<\/strong><\/td>\n<td>Javier Russo<\/td>\n<td>Esteban Delvechio<\/td>\n<td>Christian Cerverizzo<\/td>\n<\/tr>\n<tr>\n<td><strong>Segunda<\/strong><\/td>\n<td>Bauti Cerverizzo<\/td>\n<td>Juan Pedro Laresca<\/td>\n<td>Lorenzo Illanes<\/td>\n<\/tr>\n<tr>\n<td><strong>Tercera<\/strong><\/td>\n<td>Alan Enrique<\/td>\n<td>Gregorio Vita<\/td>\n<td>Federico Zoccali<\/td>\n<\/tr>\n<\/tbody>\n<\/table>\n\r\n                <style type=\"text\/css\">\r\n                    \r\n                    #td_uid_1_69f1b0975fc25  .td-doubleSlider-2 .td-item1 {\r\n                        background: url(https:\/\/noticiasmercedinas.com\/site\/wp-content\/uploads\/2026\/04\/1bf4ef03-a5be-453c-96c8-79fa4cf2da1f-160x120.jpg) 0 0 no-repeat;\r\n                    }\r\n                    #td_uid_1_69f1b0975fc25  .td-doubleSlider-2 .td-item2 {\r\n                        background: url(https:\/\/noticiasmercedinas.com\/site\/wp-content\/uploads\/2026\/04\/ea8e7506-29fc-4422-8fb1-bbbb0b071add-160x120.jpg) 0 0 no-repeat;\r\n                    }\r\n                    #td_uid_1_69f1b0975fc25  .td-doubleSlider-2 .td-item3 {\r\n                        background: url(https:\/\/noticiasmercedinas.com\/site\/wp-content\/uploads\/2026\/04\/ea9c9f8d-373f-4143-bb46-c29e8d54c029-160x120.jpg) 0 0 no-repeat;\r\n                    }\r\n                <\/style>\r\n\r\n                <div id=\"td_uid_1_69f1b0975fc25\" class=\"td-gallery td-slide-on-2-columns\">\r\n                    <div class=\"post_td_gallery\">\r\n                        <div class=\"td-gallery-slide-top\">\r\n                           <div class=\"td-gallery-title\">Tenis de mesa<\/div>\r\n\r\n                            <div class=\"td-gallery-controls-wrapper\">\r\n                                <div class=\"td-gallery-slide-count\"><span class=\"td-gallery-slide-item-focus\">1<\/span> de 3<\/div>\r\n                                <div class=\"td-gallery-slide-prev-next-but\">\r\n                                    <i class = \"td-icon-left doubleSliderPrevButton\"><\/i>\r\n                                    <i class = \"td-icon-right doubleSliderNextButton\"><\/i>\r\n                                <\/div>\r\n                            <\/div>\r\n                        <\/div>\r\n\r\n                        <div class = \"td-doubleSlider-1 \">\r\n                            <div class = \"td-slider\">\r\n                                \r\n                    <div class = \"td-slide-item td-item1\">\r\n                        <figure class=\"td-slide-galery-figure td-slide-popup-gallery\">\r\n                            <a class=\"slide-gallery-image-link\" href=\"https:\/\/noticiasmercedinas.com\/site\/wp-content\/uploads\/2026\/04\/1bf4ef03-a5be-453c-96c8-79fa4cf2da1f.jpg\" title=\"1bf4ef03-a5be-453c-96c8-79fa4cf2da1f\"  data-caption=\"Primera\"  data-description=\"\">\r\n                                <img decoding=\"async\" src=\"https:\/\/noticiasmercedinas.com\/site\/wp-content\/uploads\/2026\/04\/1bf4ef03-a5be-453c-96c8-79fa4cf2da1f.jpg\" srcset=\"https:\/\/noticiasmercedinas.com\/site\/wp-content\/uploads\/2026\/04\/1bf4ef03-a5be-453c-96c8-79fa4cf2da1f.jpg 640w, https:\/\/noticiasmercedinas.com\/site\/wp-content\/uploads\/2026\/04\/1bf4ef03-a5be-453c-96c8-79fa4cf2da1f-300x169.jpg 300w\" sizes=\"(max-width: 640px) 100vw, 640px\" alt=\"\">\r\n                            <\/a>\r\n                            <figcaption class = \"td-slide-caption td-gallery-slide-content\"><div class = \"td-gallery-slide-copywrite\">Primera<\/div><\/figcaption>\r\n                        <\/figure>\r\n                    <\/div>\r\n                    <div class = \"td-slide-item td-item2\">\r\n                        <figure class=\"td-slide-galery-figure td-slide-popup-gallery\">\r\n                            <a class=\"slide-gallery-image-link\" href=\"https:\/\/noticiasmercedinas.com\/site\/wp-content\/uploads\/2026\/04\/ea8e7506-29fc-4422-8fb1-bbbb0b071add.jpg\" title=\"ea8e7506-29fc-4422-8fb1-bbbb0b071add\"  data-caption=\"Segunda\"  data-description=\"\">\r\n                                <img decoding=\"async\" src=\"https:\/\/noticiasmercedinas.com\/site\/wp-content\/uploads\/2026\/04\/ea8e7506-29fc-4422-8fb1-bbbb0b071add.jpg\" srcset=\"https:\/\/noticiasmercedinas.com\/site\/wp-content\/uploads\/2026\/04\/ea8e7506-29fc-4422-8fb1-bbbb0b071add.jpg 640w, https:\/\/noticiasmercedinas.com\/site\/wp-content\/uploads\/2026\/04\/ea8e7506-29fc-4422-8fb1-bbbb0b071add-215x300.jpg 215w\" sizes=\"(max-width: 640px) 100vw, 640px\" alt=\"\">\r\n                            <\/a>\r\n                            <figcaption class = \"td-slide-caption td-gallery-slide-content\"><div class = \"td-gallery-slide-copywrite\">Segunda<\/div><\/figcaption>\r\n                        <\/figure>\r\n                    <\/div>\r\n                    <div class = \"td-slide-item td-item3\">\r\n                        <figure class=\"td-slide-galery-figure td-slide-popup-gallery\">\r\n                            <a class=\"slide-gallery-image-link\" href=\"https:\/\/noticiasmercedinas.com\/site\/wp-content\/uploads\/2026\/04\/ea9c9f8d-373f-4143-bb46-c29e8d54c029.jpg\" title=\"ea9c9f8d-373f-4143-bb46-c29e8d54c029\"  data-caption=\"Tercera\"  data-description=\"\">\r\n                                <img decoding=\"async\" src=\"https:\/\/noticiasmercedinas.com\/site\/wp-content\/uploads\/2026\/04\/ea9c9f8d-373f-4143-bb46-c29e8d54c029.jpg\" srcset=\"https:\/\/noticiasmercedinas.com\/site\/wp-content\/uploads\/2026\/04\/ea9c9f8d-373f-4143-bb46-c29e8d54c029.jpg 640w, https:\/\/noticiasmercedinas.com\/site\/wp-content\/uploads\/2026\/04\/ea9c9f8d-373f-4143-bb46-c29e8d54c029-277x300.jpg 277w\" sizes=\"(max-width: 640px) 100vw, 640px\" alt=\"\">\r\n                            <\/a>\r\n                            <figcaption class = \"td-slide-caption td-gallery-slide-content\"><div class = \"td-gallery-slide-copywrite\">Tercera<\/div><\/figcaption>\r\n                        <\/figure>\r\n                    <\/div>\r\n                            <\/div>\r\n                        <\/div>\r\n\r\n                        <div class = \"td-doubleSlider-2\">\r\n                            <div class = \"td-slider\">\r\n                                \r\n                    <div class = \"td-button td-item1\">\r\n                        <div class = \"td-border\"><\/div>\r\n                    <\/div>\r\n                    <div class = \"td-button td-item2\">\r\n                        <div class = \"td-border\"><\/div>\r\n                    <\/div>\r\n                    <div class = \"td-button td-item3\">\r\n                        <div class = \"td-border\"><\/div>\r\n                    <\/div>\r\n                            <\/div>\r\n                        <\/div>\r\n\r\n                    <\/div>\r\n\r\n                <\/div>\r\n                \n","protected":false},"excerpt":{"rendered":"<p>\u25a0 Con casi 30 inscriptos de la Escuela Municipal, el certamen destac\u00f3 a los ganadores de las tres categor\u00edas en una jornada marcada por los festejos internacionales del deporte.<\/p>\n","protected":false},"author":6,"featured_media":185336,"comment_status":"closed","ping_status":"closed","sticky":false,"template":"","format":"standard","meta":{"footnotes":""},"categories":[5],"tags":[111],"class_list":["post-185335","post","type-post","status-publish","format-standard","has-post-thumbnail","hentry","category-deportes","tag-tenis-de-mesa"],"yoast_head":"<!-- This site is optimized with the Yoast SEO plugin v27.4 - https:\/\/yoast.com\/product\/yoast-seo-wordpress\/ -->\n<title>El tenis de mesa mercedino celebr\u00f3 su segunda fecha y el centenario de la disciplina<\/title>\n<meta name=\"robots\" content=\"index, follow, max-snippet:-1, max-image-preview:large, max-video-preview:-1\" \/>\n<link rel=\"canonical\" href=\"https:\/\/noticiasmercedinas.com\/site\/2026\/04\/28\/el-tenis-de-mesa-mercedino-celebro-su-segunda-fecha-y-el-centenario-de-la-disciplina\/\" \/>\n<meta property=\"og:locale\" content=\"es_ES\" \/>\n<meta property=\"og:type\" content=\"article\" \/>\n<meta property=\"og:title\" content=\"El tenis de mesa mercedino celebr\u00f3 su segunda fecha y el centenario de la disciplina\" \/>\n<meta property=\"og:description\" content=\"\u25a0 Con casi 30 inscriptos de la Escuela Municipal, el certamen destac\u00f3 a los ganadores de las tres categor\u00edas en una jornada marcada por los festejos internacionales del deporte.\" \/>\n<meta property=\"og:url\" content=\"https:\/\/noticiasmercedinas.com\/site\/2026\/04\/28\/el-tenis-de-mesa-mercedino-celebro-su-segunda-fecha-y-el-centenario-de-la-disciplina\/\" \/>\n<meta property=\"og:site_name\" content=\"NOTICIASMERCEDINAS.COM\" \/>\n<meta property=\"article:publisher\" content=\"https:\/\/www.facebook.com\/noticiasmercedinas\/\" \/>\n<meta property=\"article:published_time\" content=\"2026-04-28T17:18:20+00:00\" \/>\n<meta property=\"og:image\" content=\"https:\/\/noticiasmercedinas.com\/site\/wp-content\/uploads\/2026\/04\/7e419422-9bf2-4724-a26f-d86aff59cef6.jpg\" \/>\n\t<meta property=\"og:image:width\" content=\"640\" \/>\n\t<meta property=\"og:image:height\" content=\"439\" \/>\n\t<meta property=\"og:image:type\" content=\"image\/jpeg\" \/>\n<meta name=\"author\" content=\"Juan Dagnino NOTICIASMERCEDINAS.COM\" \/>\n<meta name=\"twitter:card\" content=\"summary_large_image\" \/>\n<meta name=\"twitter:creator\" content=\"@notmercedinas\" \/>\n<meta name=\"twitter:site\" content=\"@notmercedinas\" \/>\n<meta name=\"twitter:label1\" content=\"Escrito por\" \/>\n\t<meta name=\"twitter:data1\" content=\"Juan Dagnino NOTICIASMERCEDINAS.COM\" \/>\n\t<meta name=\"twitter:label2\" content=\"Tiempo de lectura\" \/>\n\t<meta name=\"twitter:data2\" content=\"2 minutos\" \/>\n<script type=\"application\/ld+json\" class=\"yoast-schema-graph\">{\"@context\":\"https:\\\/\\\/schema.org\",\"@graph\":[{\"@type\":\"Article\",\"@id\":\"https:\\\/\\\/noticiasmercedinas.com\\\/site\\\/2026\\\/04\\\/28\\\/el-tenis-de-mesa-mercedino-celebro-su-segunda-fecha-y-el-centenario-de-la-disciplina\\\/#article\",\"isPartOf\":{\"@id\":\"https:\\\/\\\/noticiasmercedinas.com\\\/site\\\/2026\\\/04\\\/28\\\/el-tenis-de-mesa-mercedino-celebro-su-segunda-fecha-y-el-centenario-de-la-disciplina\\\/\"},\"author\":{\"name\":\"Juan Dagnino NOTICIASMERCEDINAS.COM\",\"@id\":\"https:\\\/\\\/noticiasmercedinas.com\\\/site\\\/#\\\/schema\\\/person\\\/8f2f09d666ef40986eba4a5e6f2a06f9\"},\"headline\":\"El tenis de mesa mercedino celebr\u00f3 su segunda fecha y el centenario de la disciplina\",\"datePublished\":\"2026-04-28T17:18:20+00:00\",\"mainEntityOfPage\":{\"@id\":\"https:\\\/\\\/noticiasmercedinas.com\\\/site\\\/2026\\\/04\\\/28\\\/el-tenis-de-mesa-mercedino-celebro-su-segunda-fecha-y-el-centenario-de-la-disciplina\\\/\"},\"wordCount\":217,\"publisher\":{\"@id\":\"https:\\\/\\\/noticiasmercedinas.com\\\/site\\\/#organization\"},\"image\":{\"@id\":\"https:\\\/\\\/noticiasmercedinas.com\\\/site\\\/2026\\\/04\\\/28\\\/el-tenis-de-mesa-mercedino-celebro-su-segunda-fecha-y-el-centenario-de-la-disciplina\\\/#primaryimage\"},\"thumbnailUrl\":\"https:\\\/\\\/noticiasmercedinas.com\\\/site\\\/wp-content\\\/uploads\\\/2026\\\/04\\\/7e419422-9bf2-4724-a26f-d86aff59cef6.jpg\",\"keywords\":[\"tenis de mesa\"],\"articleSection\":[\"Deportes\"],\"inLanguage\":\"es\"},{\"@type\":\"WebPage\",\"@id\":\"https:\\\/\\\/noticiasmercedinas.com\\\/site\\\/2026\\\/04\\\/28\\\/el-tenis-de-mesa-mercedino-celebro-su-segunda-fecha-y-el-centenario-de-la-disciplina\\\/\",\"url\":\"https:\\\/\\\/noticiasmercedinas.com\\\/site\\\/2026\\\/04\\\/28\\\/el-tenis-de-mesa-mercedino-celebro-su-segunda-fecha-y-el-centenario-de-la-disciplina\\\/\",\"name\":\"El tenis de mesa mercedino celebr\u00f3 su segunda fecha y el centenario de la disciplina\",\"isPartOf\":{\"@id\":\"https:\\\/\\\/noticiasmercedinas.com\\\/site\\\/#website\"},\"primaryImageOfPage\":{\"@id\":\"https:\\\/\\\/noticiasmercedinas.com\\\/site\\\/2026\\\/04\\\/28\\\/el-tenis-de-mesa-mercedino-celebro-su-segunda-fecha-y-el-centenario-de-la-disciplina\\\/#primaryimage\"},\"image\":{\"@id\":\"https:\\\/\\\/noticiasmercedinas.com\\\/site\\\/2026\\\/04\\\/28\\\/el-tenis-de-mesa-mercedino-celebro-su-segunda-fecha-y-el-centenario-de-la-disciplina\\\/#primaryimage\"},\"thumbnailUrl\":\"https:\\\/\\\/noticiasmercedinas.com\\\/site\\\/wp-content\\\/uploads\\\/2026\\\/04\\\/7e419422-9bf2-4724-a26f-d86aff59cef6.jpg\",\"datePublished\":\"2026-04-28T17:18:20+00:00\",\"breadcrumb\":{\"@id\":\"https:\\\/\\\/noticiasmercedinas.com\\\/site\\\/2026\\\/04\\\/28\\\/el-tenis-de-mesa-mercedino-celebro-su-segunda-fecha-y-el-centenario-de-la-disciplina\\\/#breadcrumb\"},\"inLanguage\":\"es\",\"potentialAction\":[{\"@type\":\"ReadAction\",\"target\":[\"https:\\\/\\\/noticiasmercedinas.com\\\/site\\\/2026\\\/04\\\/28\\\/el-tenis-de-mesa-mercedino-celebro-su-segunda-fecha-y-el-centenario-de-la-disciplina\\\/\"]}]},{\"@type\":\"ImageObject\",\"inLanguage\":\"es\",\"@id\":\"https:\\\/\\\/noticiasmercedinas.com\\\/site\\\/2026\\\/04\\\/28\\\/el-tenis-de-mesa-mercedino-celebro-su-segunda-fecha-y-el-centenario-de-la-disciplina\\\/#primaryimage\",\"url\":\"https:\\\/\\\/noticiasmercedinas.com\\\/site\\\/wp-content\\\/uploads\\\/2026\\\/04\\\/7e419422-9bf2-4724-a26f-d86aff59cef6.jpg\",\"contentUrl\":\"https:\\\/\\\/noticiasmercedinas.com\\\/site\\\/wp-content\\\/uploads\\\/2026\\\/04\\\/7e419422-9bf2-4724-a26f-d86aff59cef6.jpg\",\"width\":640,\"height\":439},{\"@type\":\"BreadcrumbList\",\"@id\":\"https:\\\/\\\/noticiasmercedinas.com\\\/site\\\/2026\\\/04\\\/28\\\/el-tenis-de-mesa-mercedino-celebro-su-segunda-fecha-y-el-centenario-de-la-disciplina\\\/#breadcrumb\",\"itemListElement\":[{\"@type\":\"ListItem\",\"position\":1,\"name\":\"Portada\",\"item\":\"https:\\\/\\\/noticiasmercedinas.com\\\/site\\\/\"},{\"@type\":\"ListItem\",\"position\":2,\"name\":\"El tenis de mesa mercedino celebr\u00f3 su segunda fecha y el centenario de la disciplina\"}]},{\"@type\":\"WebSite\",\"@id\":\"https:\\\/\\\/noticiasmercedinas.com\\\/site\\\/#website\",\"url\":\"https:\\\/\\\/noticiasmercedinas.com\\\/site\\\/\",\"name\":\"NOTICIASMERCEDINAS.COM\",\"description\":\"Mercedes, Buenos Aires, Argentina\",\"publisher\":{\"@id\":\"https:\\\/\\\/noticiasmercedinas.com\\\/site\\\/#organization\"},\"potentialAction\":[{\"@type\":\"SearchAction\",\"target\":{\"@type\":\"EntryPoint\",\"urlTemplate\":\"https:\\\/\\\/noticiasmercedinas.com\\\/site\\\/?s={search_term_string}\"},\"query-input\":{\"@type\":\"PropertyValueSpecification\",\"valueRequired\":true,\"valueName\":\"search_term_string\"}}],\"inLanguage\":\"es\"},{\"@type\":\"Organization\",\"@id\":\"https:\\\/\\\/noticiasmercedinas.com\\\/site\\\/#organization\",\"name\":\"NOTICIASMERCEDINAS.COM\",\"url\":\"https:\\\/\\\/noticiasmercedinas.com\\\/site\\\/\",\"logo\":{\"@type\":\"ImageObject\",\"inLanguage\":\"es\",\"@id\":\"https:\\\/\\\/noticiasmercedinas.com\\\/site\\\/#\\\/schema\\\/logo\\\/image\\\/\",\"url\":\"https:\\\/\\\/noticiasmercedinas.com\\\/site\\\/wp-content\\\/uploads\\\/2020\\\/06\\\/LOGO-512.jpg\",\"contentUrl\":\"https:\\\/\\\/noticiasmercedinas.com\\\/site\\\/wp-content\\\/uploads\\\/2020\\\/06\\\/LOGO-512.jpg\",\"width\":512,\"height\":512,\"caption\":\"NOTICIASMERCEDINAS.COM\"},\"image\":{\"@id\":\"https:\\\/\\\/noticiasmercedinas.com\\\/site\\\/#\\\/schema\\\/logo\\\/image\\\/\"},\"sameAs\":[\"https:\\\/\\\/www.facebook.com\\\/noticiasmercedinas\\\/\",\"https:\\\/\\\/x.com\\\/notmercedinas\",\"https:\\\/\\\/www.instagram.com\\\/noticiasmercedinas\\\/\"]},{\"@type\":\"Person\",\"@id\":\"https:\\\/\\\/noticiasmercedinas.com\\\/site\\\/#\\\/schema\\\/person\\\/8f2f09d666ef40986eba4a5e6f2a06f9\",\"name\":\"Juan Dagnino NOTICIASMERCEDINAS.COM\",\"image\":{\"@type\":\"ImageObject\",\"inLanguage\":\"es\",\"@id\":\"https:\\\/\\\/secure.gravatar.com\\\/avatar\\\/fc7059a769f5a3cae65fadb228a3e4accf3a64b4b2305020d0a27e6d5333c91b?s=96&d=mm&r=g\",\"url\":\"https:\\\/\\\/secure.gravatar.com\\\/avatar\\\/fc7059a769f5a3cae65fadb228a3e4accf3a64b4b2305020d0a27e6d5333c91b?s=96&d=mm&r=g\",\"contentUrl\":\"https:\\\/\\\/secure.gravatar.com\\\/avatar\\\/fc7059a769f5a3cae65fadb228a3e4accf3a64b4b2305020d0a27e6d5333c91b?s=96&d=mm&r=g\",\"caption\":\"Juan Dagnino NOTICIASMERCEDINAS.COM\"},\"url\":\"https:\\\/\\\/noticiasmercedinas.com\\\/site\\\/author\\\/juandagnino\\\/\"}]}<\/script>\n<!-- \/ Yoast SEO plugin. -->","yoast_head_json":{"title":"El tenis de mesa mercedino celebr\u00f3 su segunda fecha y el centenario de la disciplina","robots":{"index":"index","follow":"follow","max-snippet":"max-snippet:-1","max-image-preview":"max-image-preview:large","max-video-preview":"max-video-preview:-1"},"canonical":"https:\/\/noticiasmercedinas.com\/site\/2026\/04\/28\/el-tenis-de-mesa-mercedino-celebro-su-segunda-fecha-y-el-centenario-de-la-disciplina\/","og_locale":"es_ES","og_type":"article","og_title":"El tenis de mesa mercedino celebr\u00f3 su segunda fecha y el centenario de la disciplina","og_description":"\u25a0 Con casi 30 inscriptos de la Escuela Municipal, el certamen destac\u00f3 a los ganadores de las tres categor\u00edas en una jornada marcada por los festejos internacionales del deporte.","og_url":"https:\/\/noticiasmercedinas.com\/site\/2026\/04\/28\/el-tenis-de-mesa-mercedino-celebro-su-segunda-fecha-y-el-centenario-de-la-disciplina\/","og_site_name":"NOTICIASMERCEDINAS.COM","article_publisher":"https:\/\/www.facebook.com\/noticiasmercedinas\/","article_published_time":"2026-04-28T17:18:20+00:00","og_image":[{"width":640,"height":439,"url":"https:\/\/noticiasmercedinas.com\/site\/wp-content\/uploads\/2026\/04\/7e419422-9bf2-4724-a26f-d86aff59cef6.jpg","type":"image\/jpeg"}],"author":"Juan Dagnino NOTICIASMERCEDINAS.COM","twitter_card":"summary_large_image","twitter_creator":"@notmercedinas","twitter_site":"@notmercedinas","twitter_misc":{"Escrito por":"Juan Dagnino NOTICIASMERCEDINAS.COM","Tiempo de lectura":"2 minutos"},"schema":{"@context":"https:\/\/schema.org","@graph":[{"@type":"Article","@id":"https:\/\/noticiasmercedinas.com\/site\/2026\/04\/28\/el-tenis-de-mesa-mercedino-celebro-su-segunda-fecha-y-el-centenario-de-la-disciplina\/#article","isPartOf":{"@id":"https:\/\/noticiasmercedinas.com\/site\/2026\/04\/28\/el-tenis-de-mesa-mercedino-celebro-su-segunda-fecha-y-el-centenario-de-la-disciplina\/"},"author":{"name":"Juan Dagnino NOTICIASMERCEDINAS.COM","@id":"https:\/\/noticiasmercedinas.com\/site\/#\/schema\/person\/8f2f09d666ef40986eba4a5e6f2a06f9"},"headline":"El tenis de mesa mercedino celebr\u00f3 su segunda fecha y el centenario de la disciplina","datePublished":"2026-04-28T17:18:20+00:00","mainEntityOfPage":{"@id":"https:\/\/noticiasmercedinas.com\/site\/2026\/04\/28\/el-tenis-de-mesa-mercedino-celebro-su-segunda-fecha-y-el-centenario-de-la-disciplina\/"},"wordCount":217,"publisher":{"@id":"https:\/\/noticiasmercedinas.com\/site\/#organization"},"image":{"@id":"https:\/\/noticiasmercedinas.com\/site\/2026\/04\/28\/el-tenis-de-mesa-mercedino-celebro-su-segunda-fecha-y-el-centenario-de-la-disciplina\/#primaryimage"},"thumbnailUrl":"https:\/\/noticiasmercedinas.com\/site\/wp-content\/uploads\/2026\/04\/7e419422-9bf2-4724-a26f-d86aff59cef6.jpg","keywords":["tenis de mesa"],"articleSection":["Deportes"],"inLanguage":"es"},{"@type":"WebPage","@id":"https:\/\/noticiasmercedinas.com\/site\/2026\/04\/28\/el-tenis-de-mesa-mercedino-celebro-su-segunda-fecha-y-el-centenario-de-la-disciplina\/","url":"https:\/\/noticiasmercedinas.com\/site\/2026\/04\/28\/el-tenis-de-mesa-mercedino-celebro-su-segunda-fecha-y-el-centenario-de-la-disciplina\/","name":"El tenis de mesa mercedino celebr\u00f3 su segunda fecha y el centenario de la disciplina","isPartOf":{"@id":"https:\/\/noticiasmercedinas.com\/site\/#website"},"primaryImageOfPage":{"@id":"https:\/\/noticiasmercedinas.com\/site\/2026\/04\/28\/el-tenis-de-mesa-mercedino-celebro-su-segunda-fecha-y-el-centenario-de-la-disciplina\/#primaryimage"},"image":{"@id":"https:\/\/noticiasmercedinas.com\/site\/2026\/04\/28\/el-tenis-de-mesa-mercedino-celebro-su-segunda-fecha-y-el-centenario-de-la-disciplina\/#primaryimage"},"thumbnailUrl":"https:\/\/noticiasmercedinas.com\/site\/wp-content\/uploads\/2026\/04\/7e419422-9bf2-4724-a26f-d86aff59cef6.jpg","datePublished":"2026-04-28T17:18:20+00:00","breadcrumb":{"@id":"https:\/\/noticiasmercedinas.com\/site\/2026\/04\/28\/el-tenis-de-mesa-mercedino-celebro-su-segunda-fecha-y-el-centenario-de-la-disciplina\/#breadcrumb"},"inLanguage":"es","potentialAction":[{"@type":"ReadAction","target":["https:\/\/noticiasmercedinas.com\/site\/2026\/04\/28\/el-tenis-de-mesa-mercedino-celebro-su-segunda-fecha-y-el-centenario-de-la-disciplina\/"]}]},{"@type":"ImageObject","inLanguage":"es","@id":"https:\/\/noticiasmercedinas.com\/site\/2026\/04\/28\/el-tenis-de-mesa-mercedino-celebro-su-segunda-fecha-y-el-centenario-de-la-disciplina\/#primaryimage","url":"https:\/\/noticiasmercedinas.com\/site\/wp-content\/uploads\/2026\/04\/7e419422-9bf2-4724-a26f-d86aff59cef6.jpg","contentUrl":"https:\/\/noticiasmercedinas.com\/site\/wp-content\/uploads\/2026\/04\/7e419422-9bf2-4724-a26f-d86aff59cef6.jpg","width":640,"height":439},{"@type":"BreadcrumbList","@id":"https:\/\/noticiasmercedinas.com\/site\/2026\/04\/28\/el-tenis-de-mesa-mercedino-celebro-su-segunda-fecha-y-el-centenario-de-la-disciplina\/#breadcrumb","itemListElement":[{"@type":"ListItem","position":1,"name":"Portada","item":"https:\/\/noticiasmercedinas.com\/site\/"},{"@type":"ListItem","position":2,"name":"El tenis de mesa mercedino celebr\u00f3 su segunda fecha y el centenario de la disciplina"}]},{"@type":"WebSite","@id":"https:\/\/noticiasmercedinas.com\/site\/#website","url":"https:\/\/noticiasmercedinas.com\/site\/","name":"NOTICIASMERCEDINAS.COM","description":"Mercedes, Buenos Aires, Argentina","publisher":{"@id":"https:\/\/noticiasmercedinas.com\/site\/#organization"},"potentialAction":[{"@type":"SearchAction","target":{"@type":"EntryPoint","urlTemplate":"https:\/\/noticiasmercedinas.com\/site\/?s={search_term_string}"},"query-input":{"@type":"PropertyValueSpecification","valueRequired":true,"valueName":"search_term_string"}}],"inLanguage":"es"},{"@type":"Organization","@id":"https:\/\/noticiasmercedinas.com\/site\/#organization","name":"NOTICIASMERCEDINAS.COM","url":"https:\/\/noticiasmercedinas.com\/site\/","logo":{"@type":"ImageObject","inLanguage":"es","@id":"https:\/\/noticiasmercedinas.com\/site\/#\/schema\/logo\/image\/","url":"https:\/\/noticiasmercedinas.com\/site\/wp-content\/uploads\/2020\/06\/LOGO-512.jpg","contentUrl":"https:\/\/noticiasmercedinas.com\/site\/wp-content\/uploads\/2020\/06\/LOGO-512.jpg","width":512,"height":512,"caption":"NOTICIASMERCEDINAS.COM"},"image":{"@id":"https:\/\/noticiasmercedinas.com\/site\/#\/schema\/logo\/image\/"},"sameAs":["https:\/\/www.facebook.com\/noticiasmercedinas\/","https:\/\/x.com\/notmercedinas","https:\/\/www.instagram.com\/noticiasmercedinas\/"]},{"@type":"Person","@id":"https:\/\/noticiasmercedinas.com\/site\/#\/schema\/person\/8f2f09d666ef40986eba4a5e6f2a06f9","name":"Juan Dagnino NOTICIASMERCEDINAS.COM","image":{"@type":"ImageObject","inLanguage":"es","@id":"https:\/\/secure.gravatar.com\/avatar\/fc7059a769f5a3cae65fadb228a3e4accf3a64b4b2305020d0a27e6d5333c91b?s=96&d=mm&r=g","url":"https:\/\/secure.gravatar.com\/avatar\/fc7059a769f5a3cae65fadb228a3e4accf3a64b4b2305020d0a27e6d5333c91b?s=96&d=mm&r=g","contentUrl":"https:\/\/secure.gravatar.com\/avatar\/fc7059a769f5a3cae65fadb228a3e4accf3a64b4b2305020d0a27e6d5333c91b?s=96&d=mm&r=g","caption":"Juan Dagnino NOTICIASMERCEDINAS.COM"},"url":"https:\/\/noticiasmercedinas.com\/site\/author\/juandagnino\/"}]}},"amp_enabled":true,"_links":{"self":[{"href":"https:\/\/noticiasmercedinas.com\/site\/wp-json\/wp\/v2\/posts\/185335","targetHints":{"allow":["GET"]}}],"collection":[{"href":"https:\/\/noticiasmercedinas.com\/site\/wp-json\/wp\/v2\/posts"}],"about":[{"href":"https:\/\/noticiasmercedinas.com\/site\/wp-json\/wp\/v2\/types\/post"}],"author":[{"embeddable":true,"href":"https:\/\/noticiasmercedinas.com\/site\/wp-json\/wp\/v2\/users\/6"}],"replies":[{"embeddable":true,"href":"https:\/\/noticiasmercedinas.com\/site\/wp-json\/wp\/v2\/comments?post=185335"}],"version-history":[{"count":1,"href":"https:\/\/noticiasmercedinas.com\/site\/wp-json\/wp\/v2\/posts\/185335\/revisions"}],"predecessor-version":[{"id":185340,"href":"https:\/\/noticiasmercedinas.com\/site\/wp-json\/wp\/v2\/posts\/185335\/revisions\/185340"}],"wp:featuredmedia":[{"embeddable":true,"href":"https:\/\/noticiasmercedinas.com\/site\/wp-json\/wp\/v2\/media\/185336"}],"wp:attachment":[{"href":"https:\/\/noticiasmercedinas.com\/site\/wp-json\/wp\/v2\/media?parent=185335"}],"wp:term":[{"taxonomy":"category","embeddable":true,"href":"https:\/\/noticiasmercedinas.com\/site\/wp-json\/wp\/v2\/categories?post=185335"},{"taxonomy":"post_tag","embeddable":true,"href":"https:\/\/noticiasmercedinas.com\/site\/wp-json\/wp\/v2\/tags?post=185335"}],"curies":[{"name":"wp","href":"https:\/\/api.w.org\/{rel}","templated":true}]}}