{"id":185341,"date":"2026-04-28T15:26:44","date_gmt":"2026-04-28T18:26:44","guid":{"rendered":"https:\/\/noticiasmercedinas.com\/site\/?p=185341"},"modified":"2026-04-28T15:27:00","modified_gmt":"2026-04-28T18:27:00","slug":"narcotrafico-en-lujan-policia-federal-mercedes-desbarato-punto-de-venta-y-secuestro-arma-policial","status":"publish","type":"post","link":"https:\/\/noticiasmercedinas.com\/site\/2026\/04\/28\/narcotrafico-en-lujan-policia-federal-mercedes-desbarato-punto-de-venta-y-secuestro-arma-policial\/","title":{"rendered":"Narcotr\u00e1fico en Luj\u00e1n: Polic\u00eda Federal Mercedes desbarat\u00f3 punto de venta y secuestr\u00f3 arma policial"},"content":{"rendered":"<p><img loading=\"lazy\" decoding=\"async\" class=\"alignnone size-full wp-image-185342\" src=\"https:\/\/noticiasmercedinas.com\/site\/wp-content\/uploads\/2026\/04\/NM0.jpg\" alt=\"\" width=\"640\" height=\"357\" srcset=\"https:\/\/noticiasmercedinas.com\/site\/wp-content\/uploads\/2026\/04\/NM0.jpg 640w, https:\/\/noticiasmercedinas.com\/site\/wp-content\/uploads\/2026\/04\/NM0-300x167.jpg 300w\" sizes=\"auto, (max-width: 640px) 100vw, 640px\" \/><\/p>\n<p>La Divisi\u00f3n Unidad Operativa Federal Mercedes de la Polic\u00eda Federal Argentina (PFA) desarticul\u00f3 un centro de comercializaci\u00f3n de estupefacientes que operaba bajo la modalidad de narcomenudeo en la vecina ciudad de Luj\u00e1n.<\/p>\n<p>El procedimiento, realizado el pasado 25 de abril, culmin\u00f3 con la detenci\u00f3n de dos hombres y el hallazgo de un importante arsenal de evidencias vinculadas al tr\u00e1fico de drogas.<\/p>\n<p>El allanamiento tuvo lugar en una vivienda de la calle Negrito Manuel, en el barrio ELI. La orden fue emanada por el Juzgado Federal de Primera Instancia de Mercedes, a cargo del Dr. Elpidio Portocarrero Tezanos Pinto, con la intervenci\u00f3n de la Secretar\u00eda Penal N\u00b0 4, bajo la car\u00e1tula de infracci\u00f3n a la Ley 23.737.<\/p>\n<p><strong>Fuga frustrada y hallazgos clave<\/strong><br \/>\nAl arribo de los efectivos federales, los dos sospechosos intentaron escapar saltando hacia viviendas linderas. Sin embargo, tras un r\u00e1pido cerrojo policial en la zona, ambos fueron capturados minutos despu\u00e9s.<\/p>\n<p>Dentro del inmueble, los investigadores incautaron:<\/p>\n<ul>\n<li>Estupefacientes: Aproximadamente 500 envoltorios (dosis) de clorhidrato de coca\u00edna y una cantidad no especificada de marihuana.<\/li>\n<li>Armamento: Una pistola perteneciente a la Polic\u00eda de la Provincia de Buenos Aires, la cual pose\u00eda un pedido de secuestro vigente tras haber sido sustra\u00edda a la fuerza provincial.<\/li>\n<li>Dinero y tecnolog\u00eda: Una importante suma de dinero en efectivo y tel\u00e9fonos celulares que ser\u00e1n peritados para desentra\u00f1ar los nexos de la red.<\/li>\n<\/ul>\n<p><strong>Investigaci\u00f3n en curso y b\u00fasqueda de una pr\u00f3fuga<\/strong><br \/>\nLa causa se origin\u00f3 a partir de tareas de inteligencia para localizar a personas vinculadas a una investigaci\u00f3n previa por narcotr\u00e1fico. A trav\u00e9s de estas diligencias, la PFA logr\u00f3 identificar el domicilio allanado como un punto neur\u00e1lgico de venta minorista en el barrio.<\/p>\n<p>A pesar de las detenciones, la justicia mantiene un pedido de captura activo sobre Marcia Daniela Giovanetone, se\u00f1alada por los investigadores como una de las piezas centrales en esta organizaci\u00f3n il\u00edcita. Las autoridades federales han intensificado los operativos para dar con su paradero en las \u00faltimas horas.<\/p>\n<p>Desde la Polic\u00eda Federal Argentina destacaron que este golpe al narcomenudeo forma parte de una estrategia de seguridad coordinada entre la jurisdicci\u00f3n de Mercedes y las zonas de influencia, con el fin de debilitar las estructuras de comercializaci\u00f3n de drogas en los barrios.<\/p>\n<p><img loading=\"lazy\" decoding=\"async\" class=\"alignnone size-full wp-image-185343\" src=\"https:\/\/noticiasmercedinas.com\/site\/wp-content\/uploads\/2026\/04\/NM1.jpg\" alt=\"\" width=\"640\" height=\"419\" srcset=\"https:\/\/noticiasmercedinas.com\/site\/wp-content\/uploads\/2026\/04\/NM1.jpg 640w, https:\/\/noticiasmercedinas.com\/site\/wp-content\/uploads\/2026\/04\/NM1-300x196.jpg 300w\" sizes=\"auto, (max-width: 640px) 100vw, 640px\" \/><\/p>\n","protected":false},"excerpt":{"rendered":"<p>\u25a0 En un operativo ordenado por la Justicia Federal de Mercedes, se detuvo a dos personas tras una persecuci\u00f3n por los techos. Incautaron 500 dosis de coca\u00edna y una pistola robada a la Bonaerense.<\/p>\n","protected":false},"author":16,"featured_media":185342,"comment_status":"closed","ping_status":"closed","sticky":false,"template":"","format":"standard","meta":{"footnotes":""},"categories":[7],"tags":[10094,40,23,22097,4443],"class_list":["post-185341","post","type-post","status-publish","format-standard","has-post-thumbnail","hentry","category-policiales","tag-elpidio-portocarrero-tezanos-pinto","tag-lujan","tag-mercedes","tag-narco-menudeo","tag-policia-federal"],"yoast_head":"<!-- This site is optimized with the Yoast SEO plugin v27.5 - https:\/\/yoast.com\/product\/yoast-seo-wordpress\/ -->\n<title>Narcotr\u00e1fico en Luj\u00e1n: Polic\u00eda Federal Mercedes desbarat\u00f3 punto de venta y secuestr\u00f3 arma policial<\/title>\n<meta name=\"description\" content=\"En un operativo ordenado por la Justicia Federal de Mercedes, se detuvo a dos personas tras una persecuci\u00f3n por los techos. Incautaron 500 dosis de coca\u00edna y una pistola robada a la Bonaerense.\" \/>\n<meta name=\"robots\" content=\"index, follow, max-snippet:-1, max-image-preview:large, max-video-preview:-1\" \/>\n<link rel=\"canonical\" href=\"https:\/\/noticiasmercedinas.com\/site\/2026\/04\/28\/narcotrafico-en-lujan-policia-federal-mercedes-desbarato-punto-de-venta-y-secuestro-arma-policial\/\" \/>\n<meta property=\"og:locale\" content=\"es_ES\" \/>\n<meta property=\"og:type\" content=\"article\" \/>\n<meta property=\"og:title\" content=\"Narcotr\u00e1fico en Luj\u00e1n: Polic\u00eda Federal Mercedes desbarat\u00f3 punto de venta y secuestr\u00f3 arma policial\" \/>\n<meta property=\"og:description\" content=\"En un operativo ordenado por la Justicia Federal de Mercedes, se detuvo a dos personas tras una persecuci\u00f3n por los techos. Incautaron 500 dosis de coca\u00edna y una pistola robada a la Bonaerense.\" \/>\n<meta property=\"og:url\" content=\"https:\/\/noticiasmercedinas.com\/site\/2026\/04\/28\/narcotrafico-en-lujan-policia-federal-mercedes-desbarato-punto-de-venta-y-secuestro-arma-policial\/\" \/>\n<meta property=\"og:site_name\" content=\"NOTICIASMERCEDINAS.COM\" \/>\n<meta property=\"article:publisher\" content=\"https:\/\/www.facebook.com\/noticiasmercedinas\/\" \/>\n<meta property=\"article:published_time\" content=\"2026-04-28T18:26:44+00:00\" \/>\n<meta property=\"article:modified_time\" content=\"2026-04-28T18:27:00+00:00\" \/>\n<meta property=\"og:image\" content=\"https:\/\/noticiasmercedinas.com\/site\/wp-content\/uploads\/2026\/04\/NM0.jpg\" \/>\n\t<meta property=\"og:image:width\" content=\"640\" \/>\n\t<meta property=\"og:image:height\" content=\"357\" \/>\n\t<meta property=\"og:image:type\" content=\"image\/jpeg\" \/>\n<meta name=\"author\" content=\"NOTICIASMERCEDINAS.COM\" \/>\n<meta name=\"twitter:card\" content=\"summary_large_image\" \/>\n<meta name=\"twitter:creator\" content=\"@notmercedinas\" \/>\n<meta name=\"twitter:site\" content=\"@notmercedinas\" \/>\n<meta name=\"twitter:label1\" content=\"Escrito por\" \/>\n\t<meta name=\"twitter:data1\" content=\"NOTICIASMERCEDINAS.COM\" \/>\n\t<meta name=\"twitter:label2\" content=\"Tiempo de lectura\" \/>\n\t<meta name=\"twitter:data2\" content=\"3 minutos\" \/>\n<script type=\"application\/ld+json\" class=\"yoast-schema-graph\">{\"@context\":\"https:\\\/\\\/schema.org\",\"@graph\":[{\"@type\":\"Article\",\"@id\":\"https:\\\/\\\/noticiasmercedinas.com\\\/site\\\/2026\\\/04\\\/28\\\/narcotrafico-en-lujan-policia-federal-mercedes-desbarato-punto-de-venta-y-secuestro-arma-policial\\\/#article\",\"isPartOf\":{\"@id\":\"https:\\\/\\\/noticiasmercedinas.com\\\/site\\\/2026\\\/04\\\/28\\\/narcotrafico-en-lujan-policia-federal-mercedes-desbarato-punto-de-venta-y-secuestro-arma-policial\\\/\"},\"author\":{\"name\":\"NOTICIASMERCEDINAS.COM\",\"@id\":\"https:\\\/\\\/noticiasmercedinas.com\\\/site\\\/#\\\/schema\\\/person\\\/84b59c099c28ff2e8b77d4ceec5d8063\"},\"headline\":\"Narcotr\u00e1fico en Luj\u00e1n: Polic\u00eda Federal Mercedes desbarat\u00f3 punto de venta y secuestr\u00f3 arma policial\",\"datePublished\":\"2026-04-28T18:26:44+00:00\",\"dateModified\":\"2026-04-28T18:27:00+00:00\",\"mainEntityOfPage\":{\"@id\":\"https:\\\/\\\/noticiasmercedinas.com\\\/site\\\/2026\\\/04\\\/28\\\/narcotrafico-en-lujan-policia-federal-mercedes-desbarato-punto-de-venta-y-secuestro-arma-policial\\\/\"},\"wordCount\":412,\"publisher\":{\"@id\":\"https:\\\/\\\/noticiasmercedinas.com\\\/site\\\/#organization\"},\"image\":{\"@id\":\"https:\\\/\\\/noticiasmercedinas.com\\\/site\\\/2026\\\/04\\\/28\\\/narcotrafico-en-lujan-policia-federal-mercedes-desbarato-punto-de-venta-y-secuestro-arma-policial\\\/#primaryimage\"},\"thumbnailUrl\":\"https:\\\/\\\/noticiasmercedinas.com\\\/site\\\/wp-content\\\/uploads\\\/2026\\\/04\\\/NM0.jpg\",\"keywords\":[\"Elpidio Portocarrero Tezanos Pinto\",\"lujan\",\"mercedes\",\"narco menudeo\",\"policia federal\"],\"articleSection\":[\"Seguridad\"],\"inLanguage\":\"es\"},{\"@type\":\"WebPage\",\"@id\":\"https:\\\/\\\/noticiasmercedinas.com\\\/site\\\/2026\\\/04\\\/28\\\/narcotrafico-en-lujan-policia-federal-mercedes-desbarato-punto-de-venta-y-secuestro-arma-policial\\\/\",\"url\":\"https:\\\/\\\/noticiasmercedinas.com\\\/site\\\/2026\\\/04\\\/28\\\/narcotrafico-en-lujan-policia-federal-mercedes-desbarato-punto-de-venta-y-secuestro-arma-policial\\\/\",\"name\":\"Narcotr\u00e1fico en Luj\u00e1n: Polic\u00eda Federal Mercedes desbarat\u00f3 punto de venta y secuestr\u00f3 arma policial\",\"isPartOf\":{\"@id\":\"https:\\\/\\\/noticiasmercedinas.com\\\/site\\\/#website\"},\"primaryImageOfPage\":{\"@id\":\"https:\\\/\\\/noticiasmercedinas.com\\\/site\\\/2026\\\/04\\\/28\\\/narcotrafico-en-lujan-policia-federal-mercedes-desbarato-punto-de-venta-y-secuestro-arma-policial\\\/#primaryimage\"},\"image\":{\"@id\":\"https:\\\/\\\/noticiasmercedinas.com\\\/site\\\/2026\\\/04\\\/28\\\/narcotrafico-en-lujan-policia-federal-mercedes-desbarato-punto-de-venta-y-secuestro-arma-policial\\\/#primaryimage\"},\"thumbnailUrl\":\"https:\\\/\\\/noticiasmercedinas.com\\\/site\\\/wp-content\\\/uploads\\\/2026\\\/04\\\/NM0.jpg\",\"datePublished\":\"2026-04-28T18:26:44+00:00\",\"dateModified\":\"2026-04-28T18:27:00+00:00\",\"description\":\"En un operativo ordenado por la Justicia Federal de Mercedes, se detuvo a dos personas tras una persecuci\u00f3n por los techos. Incautaron 500 dosis de coca\u00edna y una pistola robada a la Bonaerense.\",\"breadcrumb\":{\"@id\":\"https:\\\/\\\/noticiasmercedinas.com\\\/site\\\/2026\\\/04\\\/28\\\/narcotrafico-en-lujan-policia-federal-mercedes-desbarato-punto-de-venta-y-secuestro-arma-policial\\\/#breadcrumb\"},\"inLanguage\":\"es\",\"potentialAction\":[{\"@type\":\"ReadAction\",\"target\":[\"https:\\\/\\\/noticiasmercedinas.com\\\/site\\\/2026\\\/04\\\/28\\\/narcotrafico-en-lujan-policia-federal-mercedes-desbarato-punto-de-venta-y-secuestro-arma-policial\\\/\"]}]},{\"@type\":\"ImageObject\",\"inLanguage\":\"es\",\"@id\":\"https:\\\/\\\/noticiasmercedinas.com\\\/site\\\/2026\\\/04\\\/28\\\/narcotrafico-en-lujan-policia-federal-mercedes-desbarato-punto-de-venta-y-secuestro-arma-policial\\\/#primaryimage\",\"url\":\"https:\\\/\\\/noticiasmercedinas.com\\\/site\\\/wp-content\\\/uploads\\\/2026\\\/04\\\/NM0.jpg\",\"contentUrl\":\"https:\\\/\\\/noticiasmercedinas.com\\\/site\\\/wp-content\\\/uploads\\\/2026\\\/04\\\/NM0.jpg\",\"width\":640,\"height\":357},{\"@type\":\"BreadcrumbList\",\"@id\":\"https:\\\/\\\/noticiasmercedinas.com\\\/site\\\/2026\\\/04\\\/28\\\/narcotrafico-en-lujan-policia-federal-mercedes-desbarato-punto-de-venta-y-secuestro-arma-policial\\\/#breadcrumb\",\"itemListElement\":[{\"@type\":\"ListItem\",\"position\":1,\"name\":\"Portada\",\"item\":\"https:\\\/\\\/noticiasmercedinas.com\\\/site\\\/\"},{\"@type\":\"ListItem\",\"position\":2,\"name\":\"Narcotr\u00e1fico en Luj\u00e1n: Polic\u00eda Federal Mercedes desbarat\u00f3 punto de venta y secuestr\u00f3 arma policial\"}]},{\"@type\":\"WebSite\",\"@id\":\"https:\\\/\\\/noticiasmercedinas.com\\\/site\\\/#website\",\"url\":\"https:\\\/\\\/noticiasmercedinas.com\\\/site\\\/\",\"name\":\"NOTICIASMERCEDINAS.COM\",\"description\":\"Mercedes, Buenos Aires, Argentina\",\"publisher\":{\"@id\":\"https:\\\/\\\/noticiasmercedinas.com\\\/site\\\/#organization\"},\"potentialAction\":[{\"@type\":\"SearchAction\",\"target\":{\"@type\":\"EntryPoint\",\"urlTemplate\":\"https:\\\/\\\/noticiasmercedinas.com\\\/site\\\/?s={search_term_string}\"},\"query-input\":{\"@type\":\"PropertyValueSpecification\",\"valueRequired\":true,\"valueName\":\"search_term_string\"}}],\"inLanguage\":\"es\"},{\"@type\":\"Organization\",\"@id\":\"https:\\\/\\\/noticiasmercedinas.com\\\/site\\\/#organization\",\"name\":\"NOTICIASMERCEDINAS.COM\",\"url\":\"https:\\\/\\\/noticiasmercedinas.com\\\/site\\\/\",\"logo\":{\"@type\":\"ImageObject\",\"inLanguage\":\"es\",\"@id\":\"https:\\\/\\\/noticiasmercedinas.com\\\/site\\\/#\\\/schema\\\/logo\\\/image\\\/\",\"url\":\"https:\\\/\\\/noticiasmercedinas.com\\\/site\\\/wp-content\\\/uploads\\\/2020\\\/06\\\/LOGO-512.jpg\",\"contentUrl\":\"https:\\\/\\\/noticiasmercedinas.com\\\/site\\\/wp-content\\\/uploads\\\/2020\\\/06\\\/LOGO-512.jpg\",\"width\":512,\"height\":512,\"caption\":\"NOTICIASMERCEDINAS.COM\"},\"image\":{\"@id\":\"https:\\\/\\\/noticiasmercedinas.com\\\/site\\\/#\\\/schema\\\/logo\\\/image\\\/\"},\"sameAs\":[\"https:\\\/\\\/www.facebook.com\\\/noticiasmercedinas\\\/\",\"https:\\\/\\\/x.com\\\/notmercedinas\",\"https:\\\/\\\/www.instagram.com\\\/noticiasmercedinas\\\/\"]},{\"@type\":\"Person\",\"@id\":\"https:\\\/\\\/noticiasmercedinas.com\\\/site\\\/#\\\/schema\\\/person\\\/84b59c099c28ff2e8b77d4ceec5d8063\",\"name\":\"NOTICIASMERCEDINAS.COM\",\"image\":{\"@type\":\"ImageObject\",\"inLanguage\":\"es\",\"@id\":\"https:\\\/\\\/secure.gravatar.com\\\/avatar\\\/4dfbf16b4d17945bfb6341b2d19043457132fcf478a5ee04f42e959fd8f5df0a?s=96&d=mm&r=g\",\"url\":\"https:\\\/\\\/secure.gravatar.com\\\/avatar\\\/4dfbf16b4d17945bfb6341b2d19043457132fcf478a5ee04f42e959fd8f5df0a?s=96&d=mm&r=g\",\"contentUrl\":\"https:\\\/\\\/secure.gravatar.com\\\/avatar\\\/4dfbf16b4d17945bfb6341b2d19043457132fcf478a5ee04f42e959fd8f5df0a?s=96&d=mm&r=g\",\"caption\":\"NOTICIASMERCEDINAS.COM\"},\"url\":\"https:\\\/\\\/noticiasmercedinas.com\\\/site\\\/author\\\/anonimo\\\/\"}]}<\/script>\n<!-- \/ Yoast SEO plugin. -->","yoast_head_json":{"title":"Narcotr\u00e1fico en Luj\u00e1n: Polic\u00eda Federal Mercedes desbarat\u00f3 punto de venta y secuestr\u00f3 arma policial","description":"En un operativo ordenado por la Justicia Federal de Mercedes, se detuvo a dos personas tras una persecuci\u00f3n por los techos. Incautaron 500 dosis de coca\u00edna y una pistola robada a la Bonaerense.","robots":{"index":"index","follow":"follow","max-snippet":"max-snippet:-1","max-image-preview":"max-image-preview:large","max-video-preview":"max-video-preview:-1"},"canonical":"https:\/\/noticiasmercedinas.com\/site\/2026\/04\/28\/narcotrafico-en-lujan-policia-federal-mercedes-desbarato-punto-de-venta-y-secuestro-arma-policial\/","og_locale":"es_ES","og_type":"article","og_title":"Narcotr\u00e1fico en Luj\u00e1n: Polic\u00eda Federal Mercedes desbarat\u00f3 punto de venta y secuestr\u00f3 arma policial","og_description":"En un operativo ordenado por la Justicia Federal de Mercedes, se detuvo a dos personas tras una persecuci\u00f3n por los techos. Incautaron 500 dosis de coca\u00edna y una pistola robada a la Bonaerense.","og_url":"https:\/\/noticiasmercedinas.com\/site\/2026\/04\/28\/narcotrafico-en-lujan-policia-federal-mercedes-desbarato-punto-de-venta-y-secuestro-arma-policial\/","og_site_name":"NOTICIASMERCEDINAS.COM","article_publisher":"https:\/\/www.facebook.com\/noticiasmercedinas\/","article_published_time":"2026-04-28T18:26:44+00:00","article_modified_time":"2026-04-28T18:27:00+00:00","og_image":[{"width":640,"height":357,"url":"https:\/\/noticiasmercedinas.com\/site\/wp-content\/uploads\/2026\/04\/NM0.jpg","type":"image\/jpeg"}],"author":"NOTICIASMERCEDINAS.COM","twitter_card":"summary_large_image","twitter_creator":"@notmercedinas","twitter_site":"@notmercedinas","twitter_misc":{"Escrito por":"NOTICIASMERCEDINAS.COM","Tiempo de lectura":"3 minutos"},"schema":{"@context":"https:\/\/schema.org","@graph":[{"@type":"Article","@id":"https:\/\/noticiasmercedinas.com\/site\/2026\/04\/28\/narcotrafico-en-lujan-policia-federal-mercedes-desbarato-punto-de-venta-y-secuestro-arma-policial\/#article","isPartOf":{"@id":"https:\/\/noticiasmercedinas.com\/site\/2026\/04\/28\/narcotrafico-en-lujan-policia-federal-mercedes-desbarato-punto-de-venta-y-secuestro-arma-policial\/"},"author":{"name":"NOTICIASMERCEDINAS.COM","@id":"https:\/\/noticiasmercedinas.com\/site\/#\/schema\/person\/84b59c099c28ff2e8b77d4ceec5d8063"},"headline":"Narcotr\u00e1fico en Luj\u00e1n: Polic\u00eda Federal Mercedes desbarat\u00f3 punto de venta y secuestr\u00f3 arma policial","datePublished":"2026-04-28T18:26:44+00:00","dateModified":"2026-04-28T18:27:00+00:00","mainEntityOfPage":{"@id":"https:\/\/noticiasmercedinas.com\/site\/2026\/04\/28\/narcotrafico-en-lujan-policia-federal-mercedes-desbarato-punto-de-venta-y-secuestro-arma-policial\/"},"wordCount":412,"publisher":{"@id":"https:\/\/noticiasmercedinas.com\/site\/#organization"},"image":{"@id":"https:\/\/noticiasmercedinas.com\/site\/2026\/04\/28\/narcotrafico-en-lujan-policia-federal-mercedes-desbarato-punto-de-venta-y-secuestro-arma-policial\/#primaryimage"},"thumbnailUrl":"https:\/\/noticiasmercedinas.com\/site\/wp-content\/uploads\/2026\/04\/NM0.jpg","keywords":["Elpidio Portocarrero Tezanos Pinto","lujan","mercedes","narco menudeo","policia federal"],"articleSection":["Seguridad"],"inLanguage":"es"},{"@type":"WebPage","@id":"https:\/\/noticiasmercedinas.com\/site\/2026\/04\/28\/narcotrafico-en-lujan-policia-federal-mercedes-desbarato-punto-de-venta-y-secuestro-arma-policial\/","url":"https:\/\/noticiasmercedinas.com\/site\/2026\/04\/28\/narcotrafico-en-lujan-policia-federal-mercedes-desbarato-punto-de-venta-y-secuestro-arma-policial\/","name":"Narcotr\u00e1fico en Luj\u00e1n: Polic\u00eda Federal Mercedes desbarat\u00f3 punto de venta y secuestr\u00f3 arma policial","isPartOf":{"@id":"https:\/\/noticiasmercedinas.com\/site\/#website"},"primaryImageOfPage":{"@id":"https:\/\/noticiasmercedinas.com\/site\/2026\/04\/28\/narcotrafico-en-lujan-policia-federal-mercedes-desbarato-punto-de-venta-y-secuestro-arma-policial\/#primaryimage"},"image":{"@id":"https:\/\/noticiasmercedinas.com\/site\/2026\/04\/28\/narcotrafico-en-lujan-policia-federal-mercedes-desbarato-punto-de-venta-y-secuestro-arma-policial\/#primaryimage"},"thumbnailUrl":"https:\/\/noticiasmercedinas.com\/site\/wp-content\/uploads\/2026\/04\/NM0.jpg","datePublished":"2026-04-28T18:26:44+00:00","dateModified":"2026-04-28T18:27:00+00:00","description":"En un operativo ordenado por la Justicia Federal de Mercedes, se detuvo a dos personas tras una persecuci\u00f3n por los techos. Incautaron 500 dosis de coca\u00edna y una pistola robada a la Bonaerense.","breadcrumb":{"@id":"https:\/\/noticiasmercedinas.com\/site\/2026\/04\/28\/narcotrafico-en-lujan-policia-federal-mercedes-desbarato-punto-de-venta-y-secuestro-arma-policial\/#breadcrumb"},"inLanguage":"es","potentialAction":[{"@type":"ReadAction","target":["https:\/\/noticiasmercedinas.com\/site\/2026\/04\/28\/narcotrafico-en-lujan-policia-federal-mercedes-desbarato-punto-de-venta-y-secuestro-arma-policial\/"]}]},{"@type":"ImageObject","inLanguage":"es","@id":"https:\/\/noticiasmercedinas.com\/site\/2026\/04\/28\/narcotrafico-en-lujan-policia-federal-mercedes-desbarato-punto-de-venta-y-secuestro-arma-policial\/#primaryimage","url":"https:\/\/noticiasmercedinas.com\/site\/wp-content\/uploads\/2026\/04\/NM0.jpg","contentUrl":"https:\/\/noticiasmercedinas.com\/site\/wp-content\/uploads\/2026\/04\/NM0.jpg","width":640,"height":357},{"@type":"BreadcrumbList","@id":"https:\/\/noticiasmercedinas.com\/site\/2026\/04\/28\/narcotrafico-en-lujan-policia-federal-mercedes-desbarato-punto-de-venta-y-secuestro-arma-policial\/#breadcrumb","itemListElement":[{"@type":"ListItem","position":1,"name":"Portada","item":"https:\/\/noticiasmercedinas.com\/site\/"},{"@type":"ListItem","position":2,"name":"Narcotr\u00e1fico en Luj\u00e1n: Polic\u00eda Federal Mercedes desbarat\u00f3 punto de venta y secuestr\u00f3 arma policial"}]},{"@type":"WebSite","@id":"https:\/\/noticiasmercedinas.com\/site\/#website","url":"https:\/\/noticiasmercedinas.com\/site\/","name":"NOTICIASMERCEDINAS.COM","description":"Mercedes, Buenos Aires, Argentina","publisher":{"@id":"https:\/\/noticiasmercedinas.com\/site\/#organization"},"potentialAction":[{"@type":"SearchAction","target":{"@type":"EntryPoint","urlTemplate":"https:\/\/noticiasmercedinas.com\/site\/?s={search_term_string}"},"query-input":{"@type":"PropertyValueSpecification","valueRequired":true,"valueName":"search_term_string"}}],"inLanguage":"es"},{"@type":"Organization","@id":"https:\/\/noticiasmercedinas.com\/site\/#organization","name":"NOTICIASMERCEDINAS.COM","url":"https:\/\/noticiasmercedinas.com\/site\/","logo":{"@type":"ImageObject","inLanguage":"es","@id":"https:\/\/noticiasmercedinas.com\/site\/#\/schema\/logo\/image\/","url":"https:\/\/noticiasmercedinas.com\/site\/wp-content\/uploads\/2020\/06\/LOGO-512.jpg","contentUrl":"https:\/\/noticiasmercedinas.com\/site\/wp-content\/uploads\/2020\/06\/LOGO-512.jpg","width":512,"height":512,"caption":"NOTICIASMERCEDINAS.COM"},"image":{"@id":"https:\/\/noticiasmercedinas.com\/site\/#\/schema\/logo\/image\/"},"sameAs":["https:\/\/www.facebook.com\/noticiasmercedinas\/","https:\/\/x.com\/notmercedinas","https:\/\/www.instagram.com\/noticiasmercedinas\/"]},{"@type":"Person","@id":"https:\/\/noticiasmercedinas.com\/site\/#\/schema\/person\/84b59c099c28ff2e8b77d4ceec5d8063","name":"NOTICIASMERCEDINAS.COM","image":{"@type":"ImageObject","inLanguage":"es","@id":"https:\/\/secure.gravatar.com\/avatar\/4dfbf16b4d17945bfb6341b2d19043457132fcf478a5ee04f42e959fd8f5df0a?s=96&d=mm&r=g","url":"https:\/\/secure.gravatar.com\/avatar\/4dfbf16b4d17945bfb6341b2d19043457132fcf478a5ee04f42e959fd8f5df0a?s=96&d=mm&r=g","contentUrl":"https:\/\/secure.gravatar.com\/avatar\/4dfbf16b4d17945bfb6341b2d19043457132fcf478a5ee04f42e959fd8f5df0a?s=96&d=mm&r=g","caption":"NOTICIASMERCEDINAS.COM"},"url":"https:\/\/noticiasmercedinas.com\/site\/author\/anonimo\/"}]}},"amp_enabled":true,"_links":{"self":[{"href":"https:\/\/noticiasmercedinas.com\/site\/wp-json\/wp\/v2\/posts\/185341","targetHints":{"allow":["GET"]}}],"collection":[{"href":"https:\/\/noticiasmercedinas.com\/site\/wp-json\/wp\/v2\/posts"}],"about":[{"href":"https:\/\/noticiasmercedinas.com\/site\/wp-json\/wp\/v2\/types\/post"}],"author":[{"embeddable":true,"href":"https:\/\/noticiasmercedinas.com\/site\/wp-json\/wp\/v2\/users\/16"}],"replies":[{"embeddable":true,"href":"https:\/\/noticiasmercedinas.com\/site\/wp-json\/wp\/v2\/comments?post=185341"}],"version-history":[{"count":1,"href":"https:\/\/noticiasmercedinas.com\/site\/wp-json\/wp\/v2\/posts\/185341\/revisions"}],"predecessor-version":[{"id":185344,"href":"https:\/\/noticiasmercedinas.com\/site\/wp-json\/wp\/v2\/posts\/185341\/revisions\/185344"}],"wp:featuredmedia":[{"embeddable":true,"href":"https:\/\/noticiasmercedinas.com\/site\/wp-json\/wp\/v2\/media\/185342"}],"wp:attachment":[{"href":"https:\/\/noticiasmercedinas.com\/site\/wp-json\/wp\/v2\/media?parent=185341"}],"wp:term":[{"taxonomy":"category","embeddable":true,"href":"https:\/\/noticiasmercedinas.com\/site\/wp-json\/wp\/v2\/categories?post=185341"},{"taxonomy":"post_tag","embeddable":true,"href":"https:\/\/noticiasmercedinas.com\/site\/wp-json\/wp\/v2\/tags?post=185341"}],"curies":[{"name":"wp","href":"https:\/\/api.w.org\/{rel}","templated":true}]}}