{"id":185345,"date":"2026-04-28T16:12:26","date_gmt":"2026-04-28T19:12:26","guid":{"rendered":"https:\/\/noticiasmercedinas.com\/site\/?p=185345"},"modified":"2026-04-28T16:12:43","modified_gmt":"2026-04-28T19:12:43","slug":"cobertura-de-vacantes-y-autarquia-judicial-ejes-de-una-amplia-convocatoria-de-la-scba","status":"publish","type":"post","link":"https:\/\/noticiasmercedinas.com\/site\/2026\/04\/28\/cobertura-de-vacantes-y-autarquia-judicial-ejes-de-una-amplia-convocatoria-de-la-scba\/","title":{"rendered":"Cobertura de vacantes y autarqu\u00eda judicial, ejes de una amplia convocatoria de la SCBA"},"content":{"rendered":"<p><img loading=\"lazy\" decoding=\"async\" class=\"alignnone size-full wp-image-185346\" src=\"https:\/\/noticiasmercedinas.com\/site\/wp-content\/uploads\/2026\/04\/WhatsApp-Image-2026-04-28-at-4.01.48-PM-1.jpeg\" alt=\"\" width=\"1600\" height=\"1066\" srcset=\"https:\/\/noticiasmercedinas.com\/site\/wp-content\/uploads\/2026\/04\/WhatsApp-Image-2026-04-28-at-4.01.48-PM-1.jpeg 1600w, https:\/\/noticiasmercedinas.com\/site\/wp-content\/uploads\/2026\/04\/WhatsApp-Image-2026-04-28-at-4.01.48-PM-1-300x200.jpeg 300w, https:\/\/noticiasmercedinas.com\/site\/wp-content\/uploads\/2026\/04\/WhatsApp-Image-2026-04-28-at-4.01.48-PM-1-1024x682.jpeg 1024w, https:\/\/noticiasmercedinas.com\/site\/wp-content\/uploads\/2026\/04\/WhatsApp-Image-2026-04-28-at-4.01.48-PM-1-768x512.jpeg 768w, https:\/\/noticiasmercedinas.com\/site\/wp-content\/uploads\/2026\/04\/WhatsApp-Image-2026-04-28-at-4.01.48-PM-1-1536x1023.jpeg 1536w, https:\/\/noticiasmercedinas.com\/site\/wp-content\/uploads\/2026\/04\/WhatsApp-Image-2026-04-28-at-4.01.48-PM-1-640x426.jpeg 640w, https:\/\/noticiasmercedinas.com\/site\/wp-content\/uploads\/2026\/04\/WhatsApp-Image-2026-04-28-at-4.01.48-PM-1-1280x853.jpeg 1280w, https:\/\/noticiasmercedinas.com\/site\/wp-content\/uploads\/2026\/04\/WhatsApp-Image-2026-04-28-at-4.01.48-PM-1-681x454.jpeg 681w, https:\/\/noticiasmercedinas.com\/site\/wp-content\/uploads\/2026\/04\/WhatsApp-Image-2026-04-28-at-4.01.48-PM-1-1362x907.jpeg 1362w\" sizes=\"auto, (max-width: 1600px) 100vw, 1600px\" \/><\/p>\n<p>Junto con el vicepresidente de la SCBA Daniel Fernando Soria, la Ministra Hilda Kogan, y el Procurador General Julio Conte-Grand, el doctor Torres expres\u00f3 que la cobertura de las vacantes en el superior Tribunal \u2013que actualmente funciona con tres integrantes de siete- no es una cuesti\u00f3n diferible ni accesoria, sino una condici\u00f3n indispensable para garantizar el gobierno del Poder Judicial, la coherencia de su direcci\u00f3n estrat\u00e9gica y la legitimidad de sus decisiones que este nuevo esquema demanda.<\/p>\n<p>En la presentaci\u00f3n, efectuada en la Sala de Audiencias de la SCBA, a\u00f1adi\u00f3 que postergar las designaciones es debilitar el sistema, avanzar en ellas es fortalecer el Estado de Derecho.<\/p>\n<blockquote><p>En un acto institucional encabezado por su presidente Sergio Gabriel Torres, la Suprema Corte de Justicia exhort\u00f3 por la cobertura de vacantes del Tribunal y present\u00f3 el Proyecto de Autonom\u00eda Presupuestaria y Autarqu\u00eda Econ\u00f3mica para el Poder Judicial.<\/p><\/blockquote>\n<p>En torno a ello, en representaci\u00f3n del Tribunal, exhort\u00f3 a los poderes constitucionales de la provincia de Buenos Aires: tanto el Ejecutivo, como el Legislativo a trav\u00e9s del Senado, para que se aboquen a la urgente cobertura de las vacantes y as\u00ed darle a la provincia una Corte integrada con sus siete miembros, conforme la manda Constitucional y las leyes vigentes.<\/p>\n<p><strong>Autarqu\u00eda judicial<\/strong><br \/>\nA continuaci\u00f3n, el presidente de la Corte provincial present\u00f3 el proyecto de Autonom\u00eda Presupuestaria y Autarqu\u00eda Econ\u00f3mica para el Poder Judicial. Con respecto a ello afirm\u00f3 que la autarqu\u00eda judicial no debe ser considerada una concesi\u00f3n pol\u00edtica ni un privilegio corporativo, sino la respuesta a una manda constitucional, directamente ligada al principio de divisi\u00f3n de poderes, la tutela judicial efectiva y la Constituci\u00f3n provincial, que la consagra desde su art\u00edculo primero.<\/p>\n<p>El doctor Torres destac\u00f3 que se trata de un proyecto con un consenso amplio y sostenido, construido con la participaci\u00f3n y el acuerdo de la propia Corte, la Procuraci\u00f3n General, el Colegio de Magistrados y Funcionarios (CMFBSAS), la Asociaci\u00f3n Judicial Bonaerense (AJB) y los colegios de Abogados; con la adhesi\u00f3n de m\u00faltiples poderes judiciales del pa\u00eds, incluida la Junta Federal de Cortes y Superiores Tribunales de Justicia de la provincias argentinas y la Ciudad Aut\u00f3noma de Buenos Aires (Jufejus).<\/p>\n<p>En orden a ello, acompa\u00f1aron el desarrollo del evento y rubricaron el proyecto de ley respectivo el presidente del CMFBSAS, Mat\u00edas Rappazzo, la presidenta de la Comisi\u00f3n de Funcionarios de dicha entidad, Erika Rodr\u00edguez Merino; el presidente del Colegio de Abogados provincial (COLPROBA), Bienvenido Rodr\u00edguez Basalo; y el secretario general de la AJB, Hugo Daniel Russo.<\/p>\n<p>El acto cont\u00f3, asimismo, con la participaci\u00f3n de representantes de colegios de magistrados y abogados departamentales, universidades, jueces del Tribunal de Casaci\u00f3n Penal y otros \u00f3rganos jurisdiccionales de la provincia, funcionarios y agentes.<\/p>\n<p><img loading=\"lazy\" decoding=\"async\" class=\"alignnone size-full wp-image-185347\" src=\"https:\/\/noticiasmercedinas.com\/site\/wp-content\/uploads\/2026\/04\/WhatsApp-Image-2026-04-28-at-4.01.48-PM.jpeg\" alt=\"\" width=\"1600\" height=\"1066\" srcset=\"https:\/\/noticiasmercedinas.com\/site\/wp-content\/uploads\/2026\/04\/WhatsApp-Image-2026-04-28-at-4.01.48-PM.jpeg 1600w, https:\/\/noticiasmercedinas.com\/site\/wp-content\/uploads\/2026\/04\/WhatsApp-Image-2026-04-28-at-4.01.48-PM-300x200.jpeg 300w, https:\/\/noticiasmercedinas.com\/site\/wp-content\/uploads\/2026\/04\/WhatsApp-Image-2026-04-28-at-4.01.48-PM-1024x682.jpeg 1024w, https:\/\/noticiasmercedinas.com\/site\/wp-content\/uploads\/2026\/04\/WhatsApp-Image-2026-04-28-at-4.01.48-PM-768x512.jpeg 768w, https:\/\/noticiasmercedinas.com\/site\/wp-content\/uploads\/2026\/04\/WhatsApp-Image-2026-04-28-at-4.01.48-PM-1536x1023.jpeg 1536w, https:\/\/noticiasmercedinas.com\/site\/wp-content\/uploads\/2026\/04\/WhatsApp-Image-2026-04-28-at-4.01.48-PM-640x426.jpeg 640w, https:\/\/noticiasmercedinas.com\/site\/wp-content\/uploads\/2026\/04\/WhatsApp-Image-2026-04-28-at-4.01.48-PM-1280x853.jpeg 1280w, https:\/\/noticiasmercedinas.com\/site\/wp-content\/uploads\/2026\/04\/WhatsApp-Image-2026-04-28-at-4.01.48-PM-681x454.jpeg 681w, https:\/\/noticiasmercedinas.com\/site\/wp-content\/uploads\/2026\/04\/WhatsApp-Image-2026-04-28-at-4.01.48-PM-1362x907.jpeg 1362w\" sizes=\"auto, (max-width: 1600px) 100vw, 1600px\" \/><\/p>\n","protected":false},"excerpt":{"rendered":"<p>Junto con el vicepresidente de la SCBA Daniel Fernando Soria, la Ministra Hilda Kogan, y el Procurador General Julio Conte-Grand, el doctor Torres expres\u00f3 que la cobertura de las vacantes en el superior Tribunal \u2013que actualmente funciona con tres integrantes de siete- no es una cuesti\u00f3n diferible ni accesoria, sino una condici\u00f3n indispensable para garantizar [&hellip;]<\/p>\n","protected":false},"author":16,"featured_media":185346,"comment_status":"closed","ping_status":"closed","sticky":false,"template":"","format":"standard","meta":{"footnotes":""},"categories":[7919],"tags":[5931],"class_list":["post-185345","post","type-post","status-publish","format-standard","has-post-thumbnail","hentry","category-provinciales","tag-suprema-corte-de-justicia-de-la-provincia-de-buenos-aires"],"yoast_head":"<!-- This site is optimized with the Yoast SEO plugin v27.4 - https:\/\/yoast.com\/product\/yoast-seo-wordpress\/ -->\n<title>Cobertura de vacantes y autarqu\u00eda judicial, ejes de una amplia convocatoria de la SCBA<\/title>\n<meta name=\"description\" content=\"En un acto institucional encabezado por su presidente Sergio Gabriel Torres, la Suprema Corte de Justicia exhort\u00f3 por la cobertura de vacantes del Tribunal y present\u00f3 el Proyecto de Autonom\u00eda Presupuestaria y Autarqu\u00eda Econ\u00f3mica para el Poder Judicial.\" \/>\n<meta name=\"robots\" content=\"index, follow, max-snippet:-1, max-image-preview:large, max-video-preview:-1\" \/>\n<link rel=\"canonical\" href=\"https:\/\/noticiasmercedinas.com\/site\/2026\/04\/28\/cobertura-de-vacantes-y-autarquia-judicial-ejes-de-una-amplia-convocatoria-de-la-scba\/\" \/>\n<meta property=\"og:locale\" content=\"es_ES\" \/>\n<meta property=\"og:type\" content=\"article\" \/>\n<meta property=\"og:title\" content=\"Cobertura de vacantes y autarqu\u00eda judicial, ejes de una amplia convocatoria de la SCBA\" \/>\n<meta property=\"og:description\" content=\"En un acto institucional encabezado por su presidente Sergio Gabriel Torres, la Suprema Corte de Justicia exhort\u00f3 por la cobertura de vacantes del Tribunal y present\u00f3 el Proyecto de Autonom\u00eda Presupuestaria y Autarqu\u00eda Econ\u00f3mica para el Poder Judicial.\" \/>\n<meta property=\"og:url\" content=\"https:\/\/noticiasmercedinas.com\/site\/2026\/04\/28\/cobertura-de-vacantes-y-autarquia-judicial-ejes-de-una-amplia-convocatoria-de-la-scba\/\" \/>\n<meta property=\"og:site_name\" content=\"NOTICIASMERCEDINAS.COM\" \/>\n<meta property=\"article:publisher\" content=\"https:\/\/www.facebook.com\/noticiasmercedinas\/\" \/>\n<meta property=\"article:published_time\" content=\"2026-04-28T19:12:26+00:00\" \/>\n<meta property=\"article:modified_time\" content=\"2026-04-28T19:12:43+00:00\" \/>\n<meta property=\"og:image\" content=\"https:\/\/noticiasmercedinas.com\/site\/wp-content\/uploads\/2026\/04\/WhatsApp-Image-2026-04-28-at-4.01.48-PM-1.jpeg\" \/>\n\t<meta property=\"og:image:width\" content=\"1600\" \/>\n\t<meta property=\"og:image:height\" content=\"1066\" \/>\n\t<meta property=\"og:image:type\" content=\"image\/jpeg\" \/>\n<meta name=\"author\" content=\"NOTICIASMERCEDINAS.COM\" \/>\n<meta name=\"twitter:card\" content=\"summary_large_image\" \/>\n<meta name=\"twitter:creator\" content=\"@notmercedinas\" \/>\n<meta name=\"twitter:site\" content=\"@notmercedinas\" \/>\n<meta name=\"twitter:label1\" content=\"Escrito por\" \/>\n\t<meta name=\"twitter:data1\" content=\"NOTICIASMERCEDINAS.COM\" \/>\n\t<meta name=\"twitter:label2\" content=\"Tiempo de lectura\" \/>\n\t<meta name=\"twitter:data2\" content=\"3 minutos\" \/>\n<script type=\"application\/ld+json\" class=\"yoast-schema-graph\">{\"@context\":\"https:\\\/\\\/schema.org\",\"@graph\":[{\"@type\":\"Article\",\"@id\":\"https:\\\/\\\/noticiasmercedinas.com\\\/site\\\/2026\\\/04\\\/28\\\/cobertura-de-vacantes-y-autarquia-judicial-ejes-de-una-amplia-convocatoria-de-la-scba\\\/#article\",\"isPartOf\":{\"@id\":\"https:\\\/\\\/noticiasmercedinas.com\\\/site\\\/2026\\\/04\\\/28\\\/cobertura-de-vacantes-y-autarquia-judicial-ejes-de-una-amplia-convocatoria-de-la-scba\\\/\"},\"author\":{\"name\":\"NOTICIASMERCEDINAS.COM\",\"@id\":\"https:\\\/\\\/noticiasmercedinas.com\\\/site\\\/#\\\/schema\\\/person\\\/84b59c099c28ff2e8b77d4ceec5d8063\"},\"headline\":\"Cobertura de vacantes y autarqu\u00eda judicial, ejes de una amplia convocatoria de la SCBA\",\"datePublished\":\"2026-04-28T19:12:26+00:00\",\"dateModified\":\"2026-04-28T19:12:43+00:00\",\"mainEntityOfPage\":{\"@id\":\"https:\\\/\\\/noticiasmercedinas.com\\\/site\\\/2026\\\/04\\\/28\\\/cobertura-de-vacantes-y-autarquia-judicial-ejes-de-una-amplia-convocatoria-de-la-scba\\\/\"},\"wordCount\":498,\"publisher\":{\"@id\":\"https:\\\/\\\/noticiasmercedinas.com\\\/site\\\/#organization\"},\"image\":{\"@id\":\"https:\\\/\\\/noticiasmercedinas.com\\\/site\\\/2026\\\/04\\\/28\\\/cobertura-de-vacantes-y-autarquia-judicial-ejes-de-una-amplia-convocatoria-de-la-scba\\\/#primaryimage\"},\"thumbnailUrl\":\"https:\\\/\\\/noticiasmercedinas.com\\\/site\\\/wp-content\\\/uploads\\\/2026\\\/04\\\/WhatsApp-Image-2026-04-28-at-4.01.48-PM-1.jpeg\",\"keywords\":[\"Suprema Corte de Justicia de la provincia de Buenos Aires\"],\"articleSection\":[\"Provinciales\"],\"inLanguage\":\"es\"},{\"@type\":\"WebPage\",\"@id\":\"https:\\\/\\\/noticiasmercedinas.com\\\/site\\\/2026\\\/04\\\/28\\\/cobertura-de-vacantes-y-autarquia-judicial-ejes-de-una-amplia-convocatoria-de-la-scba\\\/\",\"url\":\"https:\\\/\\\/noticiasmercedinas.com\\\/site\\\/2026\\\/04\\\/28\\\/cobertura-de-vacantes-y-autarquia-judicial-ejes-de-una-amplia-convocatoria-de-la-scba\\\/\",\"name\":\"Cobertura de vacantes y autarqu\u00eda judicial, ejes de una amplia convocatoria de la SCBA\",\"isPartOf\":{\"@id\":\"https:\\\/\\\/noticiasmercedinas.com\\\/site\\\/#website\"},\"primaryImageOfPage\":{\"@id\":\"https:\\\/\\\/noticiasmercedinas.com\\\/site\\\/2026\\\/04\\\/28\\\/cobertura-de-vacantes-y-autarquia-judicial-ejes-de-una-amplia-convocatoria-de-la-scba\\\/#primaryimage\"},\"image\":{\"@id\":\"https:\\\/\\\/noticiasmercedinas.com\\\/site\\\/2026\\\/04\\\/28\\\/cobertura-de-vacantes-y-autarquia-judicial-ejes-de-una-amplia-convocatoria-de-la-scba\\\/#primaryimage\"},\"thumbnailUrl\":\"https:\\\/\\\/noticiasmercedinas.com\\\/site\\\/wp-content\\\/uploads\\\/2026\\\/04\\\/WhatsApp-Image-2026-04-28-at-4.01.48-PM-1.jpeg\",\"datePublished\":\"2026-04-28T19:12:26+00:00\",\"dateModified\":\"2026-04-28T19:12:43+00:00\",\"description\":\"En un acto institucional encabezado por su presidente Sergio Gabriel Torres, la Suprema Corte de Justicia exhort\u00f3 por la cobertura de vacantes del Tribunal y present\u00f3 el Proyecto de Autonom\u00eda Presupuestaria y Autarqu\u00eda Econ\u00f3mica para el Poder Judicial.\",\"breadcrumb\":{\"@id\":\"https:\\\/\\\/noticiasmercedinas.com\\\/site\\\/2026\\\/04\\\/28\\\/cobertura-de-vacantes-y-autarquia-judicial-ejes-de-una-amplia-convocatoria-de-la-scba\\\/#breadcrumb\"},\"inLanguage\":\"es\",\"potentialAction\":[{\"@type\":\"ReadAction\",\"target\":[\"https:\\\/\\\/noticiasmercedinas.com\\\/site\\\/2026\\\/04\\\/28\\\/cobertura-de-vacantes-y-autarquia-judicial-ejes-de-una-amplia-convocatoria-de-la-scba\\\/\"]}]},{\"@type\":\"ImageObject\",\"inLanguage\":\"es\",\"@id\":\"https:\\\/\\\/noticiasmercedinas.com\\\/site\\\/2026\\\/04\\\/28\\\/cobertura-de-vacantes-y-autarquia-judicial-ejes-de-una-amplia-convocatoria-de-la-scba\\\/#primaryimage\",\"url\":\"https:\\\/\\\/noticiasmercedinas.com\\\/site\\\/wp-content\\\/uploads\\\/2026\\\/04\\\/WhatsApp-Image-2026-04-28-at-4.01.48-PM-1.jpeg\",\"contentUrl\":\"https:\\\/\\\/noticiasmercedinas.com\\\/site\\\/wp-content\\\/uploads\\\/2026\\\/04\\\/WhatsApp-Image-2026-04-28-at-4.01.48-PM-1.jpeg\",\"width\":1600,\"height\":1066},{\"@type\":\"BreadcrumbList\",\"@id\":\"https:\\\/\\\/noticiasmercedinas.com\\\/site\\\/2026\\\/04\\\/28\\\/cobertura-de-vacantes-y-autarquia-judicial-ejes-de-una-amplia-convocatoria-de-la-scba\\\/#breadcrumb\",\"itemListElement\":[{\"@type\":\"ListItem\",\"position\":1,\"name\":\"Portada\",\"item\":\"https:\\\/\\\/noticiasmercedinas.com\\\/site\\\/\"},{\"@type\":\"ListItem\",\"position\":2,\"name\":\"Cobertura de vacantes y autarqu\u00eda judicial, ejes de una amplia convocatoria de la SCBA\"}]},{\"@type\":\"WebSite\",\"@id\":\"https:\\\/\\\/noticiasmercedinas.com\\\/site\\\/#website\",\"url\":\"https:\\\/\\\/noticiasmercedinas.com\\\/site\\\/\",\"name\":\"NOTICIASMERCEDINAS.COM\",\"description\":\"Mercedes, Buenos Aires, Argentina\",\"publisher\":{\"@id\":\"https:\\\/\\\/noticiasmercedinas.com\\\/site\\\/#organization\"},\"potentialAction\":[{\"@type\":\"SearchAction\",\"target\":{\"@type\":\"EntryPoint\",\"urlTemplate\":\"https:\\\/\\\/noticiasmercedinas.com\\\/site\\\/?s={search_term_string}\"},\"query-input\":{\"@type\":\"PropertyValueSpecification\",\"valueRequired\":true,\"valueName\":\"search_term_string\"}}],\"inLanguage\":\"es\"},{\"@type\":\"Organization\",\"@id\":\"https:\\\/\\\/noticiasmercedinas.com\\\/site\\\/#organization\",\"name\":\"NOTICIASMERCEDINAS.COM\",\"url\":\"https:\\\/\\\/noticiasmercedinas.com\\\/site\\\/\",\"logo\":{\"@type\":\"ImageObject\",\"inLanguage\":\"es\",\"@id\":\"https:\\\/\\\/noticiasmercedinas.com\\\/site\\\/#\\\/schema\\\/logo\\\/image\\\/\",\"url\":\"https:\\\/\\\/noticiasmercedinas.com\\\/site\\\/wp-content\\\/uploads\\\/2020\\\/06\\\/LOGO-512.jpg\",\"contentUrl\":\"https:\\\/\\\/noticiasmercedinas.com\\\/site\\\/wp-content\\\/uploads\\\/2020\\\/06\\\/LOGO-512.jpg\",\"width\":512,\"height\":512,\"caption\":\"NOTICIASMERCEDINAS.COM\"},\"image\":{\"@id\":\"https:\\\/\\\/noticiasmercedinas.com\\\/site\\\/#\\\/schema\\\/logo\\\/image\\\/\"},\"sameAs\":[\"https:\\\/\\\/www.facebook.com\\\/noticiasmercedinas\\\/\",\"https:\\\/\\\/x.com\\\/notmercedinas\",\"https:\\\/\\\/www.instagram.com\\\/noticiasmercedinas\\\/\"]},{\"@type\":\"Person\",\"@id\":\"https:\\\/\\\/noticiasmercedinas.com\\\/site\\\/#\\\/schema\\\/person\\\/84b59c099c28ff2e8b77d4ceec5d8063\",\"name\":\"NOTICIASMERCEDINAS.COM\",\"image\":{\"@type\":\"ImageObject\",\"inLanguage\":\"es\",\"@id\":\"https:\\\/\\\/secure.gravatar.com\\\/avatar\\\/4dfbf16b4d17945bfb6341b2d19043457132fcf478a5ee04f42e959fd8f5df0a?s=96&d=mm&r=g\",\"url\":\"https:\\\/\\\/secure.gravatar.com\\\/avatar\\\/4dfbf16b4d17945bfb6341b2d19043457132fcf478a5ee04f42e959fd8f5df0a?s=96&d=mm&r=g\",\"contentUrl\":\"https:\\\/\\\/secure.gravatar.com\\\/avatar\\\/4dfbf16b4d17945bfb6341b2d19043457132fcf478a5ee04f42e959fd8f5df0a?s=96&d=mm&r=g\",\"caption\":\"NOTICIASMERCEDINAS.COM\"},\"url\":\"https:\\\/\\\/noticiasmercedinas.com\\\/site\\\/author\\\/anonimo\\\/\"}]}<\/script>\n<!-- \/ Yoast SEO plugin. -->","yoast_head_json":{"title":"Cobertura de vacantes y autarqu\u00eda judicial, ejes de una amplia convocatoria de la SCBA","description":"En un acto institucional encabezado por su presidente Sergio Gabriel Torres, la Suprema Corte de Justicia exhort\u00f3 por la cobertura de vacantes del Tribunal y present\u00f3 el Proyecto de Autonom\u00eda Presupuestaria y Autarqu\u00eda Econ\u00f3mica para el Poder Judicial.","robots":{"index":"index","follow":"follow","max-snippet":"max-snippet:-1","max-image-preview":"max-image-preview:large","max-video-preview":"max-video-preview:-1"},"canonical":"https:\/\/noticiasmercedinas.com\/site\/2026\/04\/28\/cobertura-de-vacantes-y-autarquia-judicial-ejes-de-una-amplia-convocatoria-de-la-scba\/","og_locale":"es_ES","og_type":"article","og_title":"Cobertura de vacantes y autarqu\u00eda judicial, ejes de una amplia convocatoria de la SCBA","og_description":"En un acto institucional encabezado por su presidente Sergio Gabriel Torres, la Suprema Corte de Justicia exhort\u00f3 por la cobertura de vacantes del Tribunal y present\u00f3 el Proyecto de Autonom\u00eda Presupuestaria y Autarqu\u00eda Econ\u00f3mica para el Poder Judicial.","og_url":"https:\/\/noticiasmercedinas.com\/site\/2026\/04\/28\/cobertura-de-vacantes-y-autarquia-judicial-ejes-de-una-amplia-convocatoria-de-la-scba\/","og_site_name":"NOTICIASMERCEDINAS.COM","article_publisher":"https:\/\/www.facebook.com\/noticiasmercedinas\/","article_published_time":"2026-04-28T19:12:26+00:00","article_modified_time":"2026-04-28T19:12:43+00:00","og_image":[{"width":1600,"height":1066,"url":"https:\/\/noticiasmercedinas.com\/site\/wp-content\/uploads\/2026\/04\/WhatsApp-Image-2026-04-28-at-4.01.48-PM-1.jpeg","type":"image\/jpeg"}],"author":"NOTICIASMERCEDINAS.COM","twitter_card":"summary_large_image","twitter_creator":"@notmercedinas","twitter_site":"@notmercedinas","twitter_misc":{"Escrito por":"NOTICIASMERCEDINAS.COM","Tiempo de lectura":"3 minutos"},"schema":{"@context":"https:\/\/schema.org","@graph":[{"@type":"Article","@id":"https:\/\/noticiasmercedinas.com\/site\/2026\/04\/28\/cobertura-de-vacantes-y-autarquia-judicial-ejes-de-una-amplia-convocatoria-de-la-scba\/#article","isPartOf":{"@id":"https:\/\/noticiasmercedinas.com\/site\/2026\/04\/28\/cobertura-de-vacantes-y-autarquia-judicial-ejes-de-una-amplia-convocatoria-de-la-scba\/"},"author":{"name":"NOTICIASMERCEDINAS.COM","@id":"https:\/\/noticiasmercedinas.com\/site\/#\/schema\/person\/84b59c099c28ff2e8b77d4ceec5d8063"},"headline":"Cobertura de vacantes y autarqu\u00eda judicial, ejes de una amplia convocatoria de la SCBA","datePublished":"2026-04-28T19:12:26+00:00","dateModified":"2026-04-28T19:12:43+00:00","mainEntityOfPage":{"@id":"https:\/\/noticiasmercedinas.com\/site\/2026\/04\/28\/cobertura-de-vacantes-y-autarquia-judicial-ejes-de-una-amplia-convocatoria-de-la-scba\/"},"wordCount":498,"publisher":{"@id":"https:\/\/noticiasmercedinas.com\/site\/#organization"},"image":{"@id":"https:\/\/noticiasmercedinas.com\/site\/2026\/04\/28\/cobertura-de-vacantes-y-autarquia-judicial-ejes-de-una-amplia-convocatoria-de-la-scba\/#primaryimage"},"thumbnailUrl":"https:\/\/noticiasmercedinas.com\/site\/wp-content\/uploads\/2026\/04\/WhatsApp-Image-2026-04-28-at-4.01.48-PM-1.jpeg","keywords":["Suprema Corte de Justicia de la provincia de Buenos Aires"],"articleSection":["Provinciales"],"inLanguage":"es"},{"@type":"WebPage","@id":"https:\/\/noticiasmercedinas.com\/site\/2026\/04\/28\/cobertura-de-vacantes-y-autarquia-judicial-ejes-de-una-amplia-convocatoria-de-la-scba\/","url":"https:\/\/noticiasmercedinas.com\/site\/2026\/04\/28\/cobertura-de-vacantes-y-autarquia-judicial-ejes-de-una-amplia-convocatoria-de-la-scba\/","name":"Cobertura de vacantes y autarqu\u00eda judicial, ejes de una amplia convocatoria de la SCBA","isPartOf":{"@id":"https:\/\/noticiasmercedinas.com\/site\/#website"},"primaryImageOfPage":{"@id":"https:\/\/noticiasmercedinas.com\/site\/2026\/04\/28\/cobertura-de-vacantes-y-autarquia-judicial-ejes-de-una-amplia-convocatoria-de-la-scba\/#primaryimage"},"image":{"@id":"https:\/\/noticiasmercedinas.com\/site\/2026\/04\/28\/cobertura-de-vacantes-y-autarquia-judicial-ejes-de-una-amplia-convocatoria-de-la-scba\/#primaryimage"},"thumbnailUrl":"https:\/\/noticiasmercedinas.com\/site\/wp-content\/uploads\/2026\/04\/WhatsApp-Image-2026-04-28-at-4.01.48-PM-1.jpeg","datePublished":"2026-04-28T19:12:26+00:00","dateModified":"2026-04-28T19:12:43+00:00","description":"En un acto institucional encabezado por su presidente Sergio Gabriel Torres, la Suprema Corte de Justicia exhort\u00f3 por la cobertura de vacantes del Tribunal y present\u00f3 el Proyecto de Autonom\u00eda Presupuestaria y Autarqu\u00eda Econ\u00f3mica para el Poder Judicial.","breadcrumb":{"@id":"https:\/\/noticiasmercedinas.com\/site\/2026\/04\/28\/cobertura-de-vacantes-y-autarquia-judicial-ejes-de-una-amplia-convocatoria-de-la-scba\/#breadcrumb"},"inLanguage":"es","potentialAction":[{"@type":"ReadAction","target":["https:\/\/noticiasmercedinas.com\/site\/2026\/04\/28\/cobertura-de-vacantes-y-autarquia-judicial-ejes-de-una-amplia-convocatoria-de-la-scba\/"]}]},{"@type":"ImageObject","inLanguage":"es","@id":"https:\/\/noticiasmercedinas.com\/site\/2026\/04\/28\/cobertura-de-vacantes-y-autarquia-judicial-ejes-de-una-amplia-convocatoria-de-la-scba\/#primaryimage","url":"https:\/\/noticiasmercedinas.com\/site\/wp-content\/uploads\/2026\/04\/WhatsApp-Image-2026-04-28-at-4.01.48-PM-1.jpeg","contentUrl":"https:\/\/noticiasmercedinas.com\/site\/wp-content\/uploads\/2026\/04\/WhatsApp-Image-2026-04-28-at-4.01.48-PM-1.jpeg","width":1600,"height":1066},{"@type":"BreadcrumbList","@id":"https:\/\/noticiasmercedinas.com\/site\/2026\/04\/28\/cobertura-de-vacantes-y-autarquia-judicial-ejes-de-una-amplia-convocatoria-de-la-scba\/#breadcrumb","itemListElement":[{"@type":"ListItem","position":1,"name":"Portada","item":"https:\/\/noticiasmercedinas.com\/site\/"},{"@type":"ListItem","position":2,"name":"Cobertura de vacantes y autarqu\u00eda judicial, ejes de una amplia convocatoria de la SCBA"}]},{"@type":"WebSite","@id":"https:\/\/noticiasmercedinas.com\/site\/#website","url":"https:\/\/noticiasmercedinas.com\/site\/","name":"NOTICIASMERCEDINAS.COM","description":"Mercedes, Buenos Aires, Argentina","publisher":{"@id":"https:\/\/noticiasmercedinas.com\/site\/#organization"},"potentialAction":[{"@type":"SearchAction","target":{"@type":"EntryPoint","urlTemplate":"https:\/\/noticiasmercedinas.com\/site\/?s={search_term_string}"},"query-input":{"@type":"PropertyValueSpecification","valueRequired":true,"valueName":"search_term_string"}}],"inLanguage":"es"},{"@type":"Organization","@id":"https:\/\/noticiasmercedinas.com\/site\/#organization","name":"NOTICIASMERCEDINAS.COM","url":"https:\/\/noticiasmercedinas.com\/site\/","logo":{"@type":"ImageObject","inLanguage":"es","@id":"https:\/\/noticiasmercedinas.com\/site\/#\/schema\/logo\/image\/","url":"https:\/\/noticiasmercedinas.com\/site\/wp-content\/uploads\/2020\/06\/LOGO-512.jpg","contentUrl":"https:\/\/noticiasmercedinas.com\/site\/wp-content\/uploads\/2020\/06\/LOGO-512.jpg","width":512,"height":512,"caption":"NOTICIASMERCEDINAS.COM"},"image":{"@id":"https:\/\/noticiasmercedinas.com\/site\/#\/schema\/logo\/image\/"},"sameAs":["https:\/\/www.facebook.com\/noticiasmercedinas\/","https:\/\/x.com\/notmercedinas","https:\/\/www.instagram.com\/noticiasmercedinas\/"]},{"@type":"Person","@id":"https:\/\/noticiasmercedinas.com\/site\/#\/schema\/person\/84b59c099c28ff2e8b77d4ceec5d8063","name":"NOTICIASMERCEDINAS.COM","image":{"@type":"ImageObject","inLanguage":"es","@id":"https:\/\/secure.gravatar.com\/avatar\/4dfbf16b4d17945bfb6341b2d19043457132fcf478a5ee04f42e959fd8f5df0a?s=96&d=mm&r=g","url":"https:\/\/secure.gravatar.com\/avatar\/4dfbf16b4d17945bfb6341b2d19043457132fcf478a5ee04f42e959fd8f5df0a?s=96&d=mm&r=g","contentUrl":"https:\/\/secure.gravatar.com\/avatar\/4dfbf16b4d17945bfb6341b2d19043457132fcf478a5ee04f42e959fd8f5df0a?s=96&d=mm&r=g","caption":"NOTICIASMERCEDINAS.COM"},"url":"https:\/\/noticiasmercedinas.com\/site\/author\/anonimo\/"}]}},"amp_enabled":true,"_links":{"self":[{"href":"https:\/\/noticiasmercedinas.com\/site\/wp-json\/wp\/v2\/posts\/185345","targetHints":{"allow":["GET"]}}],"collection":[{"href":"https:\/\/noticiasmercedinas.com\/site\/wp-json\/wp\/v2\/posts"}],"about":[{"href":"https:\/\/noticiasmercedinas.com\/site\/wp-json\/wp\/v2\/types\/post"}],"author":[{"embeddable":true,"href":"https:\/\/noticiasmercedinas.com\/site\/wp-json\/wp\/v2\/users\/16"}],"replies":[{"embeddable":true,"href":"https:\/\/noticiasmercedinas.com\/site\/wp-json\/wp\/v2\/comments?post=185345"}],"version-history":[{"count":2,"href":"https:\/\/noticiasmercedinas.com\/site\/wp-json\/wp\/v2\/posts\/185345\/revisions"}],"predecessor-version":[{"id":185349,"href":"https:\/\/noticiasmercedinas.com\/site\/wp-json\/wp\/v2\/posts\/185345\/revisions\/185349"}],"wp:featuredmedia":[{"embeddable":true,"href":"https:\/\/noticiasmercedinas.com\/site\/wp-json\/wp\/v2\/media\/185346"}],"wp:attachment":[{"href":"https:\/\/noticiasmercedinas.com\/site\/wp-json\/wp\/v2\/media?parent=185345"}],"wp:term":[{"taxonomy":"category","embeddable":true,"href":"https:\/\/noticiasmercedinas.com\/site\/wp-json\/wp\/v2\/categories?post=185345"},{"taxonomy":"post_tag","embeddable":true,"href":"https:\/\/noticiasmercedinas.com\/site\/wp-json\/wp\/v2\/tags?post=185345"}],"curies":[{"name":"wp","href":"https:\/\/api.w.org\/{rel}","templated":true}]}}