{"id":185355,"date":"2026-04-28T18:22:14","date_gmt":"2026-04-28T21:22:14","guid":{"rendered":"https:\/\/noticiasmercedinas.com\/site\/?p=185355"},"modified":"2026-04-28T18:22:14","modified_gmt":"2026-04-28T21:22:14","slug":"cristo-rey-inicia-la-novena-a-la-virgen-de-lujan-bajo-el-lema-bajo-tu-manto-todos-somos-familia","status":"publish","type":"post","link":"https:\/\/noticiasmercedinas.com\/site\/2026\/04\/28\/cristo-rey-inicia-la-novena-a-la-virgen-de-lujan-bajo-el-lema-bajo-tu-manto-todos-somos-familia\/","title":{"rendered":"Cristo Rey inicia la Novena a la Virgen de Luj\u00e1n bajo el lema \u00abBajo tu manto todos somos familia\u00bb"},"content":{"rendered":"<p><img loading=\"lazy\" decoding=\"async\" class=\"alignnone size-full wp-image-104997\" src=\"https:\/\/noticiasmercedinas.com\/site\/wp-content\/uploads\/2022\/11\/la-comunidad-de-cristo-rey-de-mercedes-celebro-sus-fiestas-patronales-0xhi.jpg\" alt=\"\" width=\"750\" height=\"337\" srcset=\"https:\/\/noticiasmercedinas.com\/site\/wp-content\/uploads\/2022\/11\/la-comunidad-de-cristo-rey-de-mercedes-celebro-sus-fiestas-patronales-0xhi.jpg 750w, https:\/\/noticiasmercedinas.com\/site\/wp-content\/uploads\/2022\/11\/la-comunidad-de-cristo-rey-de-mercedes-celebro-sus-fiestas-patronales-0xhi-300x135.jpg 300w, https:\/\/noticiasmercedinas.com\/site\/wp-content\/uploads\/2022\/11\/la-comunidad-de-cristo-rey-de-mercedes-celebro-sus-fiestas-patronales-0xhi-640x288.jpg 640w, https:\/\/noticiasmercedinas.com\/site\/wp-content\/uploads\/2022\/11\/la-comunidad-de-cristo-rey-de-mercedes-celebro-sus-fiestas-patronales-0xhi-681x306.jpg 681w\" sizes=\"auto, (max-width: 750px) 100vw, 750px\" \/><\/p>\n<p>La comunidad cat\u00f3lica de Mercedes se prepara para dar inicio a una de las festividades m\u00e1s sentidas del calendario lit\u00fargico: la Novena a la Virgen de Luj\u00e1n, patrona de la Argentina.<\/p>\n<p>Desde la Parroquia Cristo Rey, ubicada en la intersecci\u00f3n de Av. 2 y calle 25, se ha dise\u00f1ado un cronograma de diez d\u00edas que busca llevar la oraci\u00f3n a distintos sectores de la sociedad, incluyendo hospitales, empresas y hogares de ancianos.<\/p>\n<p>Las actividades comenzar\u00e1n formalmente este mi\u00e9rcoles 29 de abril con una jornada dedicada a la Patria y sus instituciones, marcando el inicio de un camino espiritual que culminar\u00e1 el viernes 8 de mayo con la gran fiesta patronal.<\/p>\n<p><strong>Cronograma de los primeros d\u00edas<\/strong><br \/>\nLa novena se caracteriza por dedicar cada jornada a una intenci\u00f3n espec\u00edfica, trasladando en varias ocasiones la celebraci\u00f3n fuera del templo parroquial:<\/p>\n<ul>\n<li>Mi\u00e9rcoles 29 (Por la Patria): Misa a las 7:30 hs en la Capilla del Hospital y celebraci\u00f3n central a las 19:00 hs en Cristo Rey.<\/li>\n<li>Jueves 30 (Por los Trabajadores): Se destaca una misa a las 15:00 hs en la Empresa de M\u00e1quinas para el embotellado \u00abSanmart\u00edn\u00bb (Acceso Sur), y a las 19:00 hs la misa en honor a San Jos\u00e9 Obrero.<\/li>\n<li>Viernes 1 de mayo (Por los trabajadores de la salud): Habr\u00e1 un encuentro en la Cooperativa \u00abLa Merced\u00bb a las 13:00 hs y misa por \u00abel pan y el trabajo\u00bb a las 19:00 hs en la sede parroquial.<\/li>\n<\/ul>\n<p><strong>Momentos destacados y cierre<\/strong><br \/>\nA lo largo de la semana, la agenda incluir\u00e1 oraciones por los enfermos (domingo 3), por los gobernantes (lunes 4) y por la vida religiosa.<\/p>\n<p>El cierre de las festividades tendr\u00e1 lugar el viernes 8 de mayo, coincidiendo con el d\u00eda de la Virgen de Luj\u00e1n. Para esa jornada, se ha programado:<\/p>\n<ul>\n<li>07:00 hs: Rosario y procesi\u00f3n desde el Hospital.<\/li>\n<li>07:30 hs: Misa de acci\u00f3n de gracias.<\/li>\n<li>18:00 hs: Rosario meditado.<\/li>\n<li>19:00 hs: Santa Misa de clausura en la Parroquia Cristo Rey.<\/li>\n<\/ul>\n<p>\u00abInvitamos a toda la comunidad a sumarse a estos momentos de oraci\u00f3n, rosario y adoraci\u00f3n para fortalecer los v\u00ednculos familiares y sociales\u00bb, expresaron desde la organizaci\u00f3n parroquial.<\/p>\n","protected":false},"excerpt":{"rendered":"<p>\u25a0 Desde este mi\u00e9rcoles 29 de abril y hasta el 8 de mayo, la comunidad mercedina de la Parroquia participar\u00e1 de una agenda que incluye misas en instituciones, oraciones por los trabajadores y una procesi\u00f3n final.<\/p>\n","protected":false},"author":16,"featured_media":104997,"comment_status":"closed","ping_status":"closed","sticky":false,"template":"","format":"standard","meta":{"footnotes":""},"categories":[3],"tags":[17502,22098,3550,1231],"class_list":["post-185355","post","type-post","status-publish","format-standard","has-post-thumbnail","hentry","category-sociedad","tag-cristo-rey","tag-novena-a-la-virgen","tag-parroquia","tag-virgen-de-lujan"],"yoast_head":"<!-- This site is optimized with the Yoast SEO plugin v27.4 - https:\/\/yoast.com\/product\/yoast-seo-wordpress\/ -->\n<title>Cristo Rey inicia la Novena a la Virgen de Luj\u00e1n bajo el lema &quot;Bajo tu manto todos somos familia&quot;<\/title>\n<meta name=\"description\" content=\"Desde este mi\u00e9rcoles 29 de abril y hasta el 8 de mayo, la comunidad mercedina de la Parroquia participar\u00e1 de una agenda que incluye misas en instituciones, oraciones por los trabajadores y una procesi\u00f3n final.\" \/>\n<meta name=\"robots\" content=\"index, follow, max-snippet:-1, max-image-preview:large, max-video-preview:-1\" \/>\n<link rel=\"canonical\" href=\"https:\/\/noticiasmercedinas.com\/site\/2026\/04\/28\/cristo-rey-inicia-la-novena-a-la-virgen-de-lujan-bajo-el-lema-bajo-tu-manto-todos-somos-familia\/\" \/>\n<meta property=\"og:locale\" content=\"es_ES\" \/>\n<meta property=\"og:type\" content=\"article\" \/>\n<meta property=\"og:title\" content=\"Cristo Rey inicia la Novena a la Virgen de Luj\u00e1n bajo el lema &quot;Bajo tu manto todos somos familia&quot;\" \/>\n<meta property=\"og:description\" content=\"Desde este mi\u00e9rcoles 29 de abril y hasta el 8 de mayo, la comunidad mercedina de la Parroquia participar\u00e1 de una agenda que incluye misas en instituciones, oraciones por los trabajadores y una procesi\u00f3n final.\" \/>\n<meta property=\"og:url\" content=\"https:\/\/noticiasmercedinas.com\/site\/2026\/04\/28\/cristo-rey-inicia-la-novena-a-la-virgen-de-lujan-bajo-el-lema-bajo-tu-manto-todos-somos-familia\/\" \/>\n<meta property=\"og:site_name\" content=\"NOTICIASMERCEDINAS.COM\" \/>\n<meta property=\"article:publisher\" content=\"https:\/\/www.facebook.com\/noticiasmercedinas\/\" \/>\n<meta property=\"article:published_time\" content=\"2026-04-28T21:22:14+00:00\" \/>\n<meta property=\"og:image\" content=\"https:\/\/noticiasmercedinas.com\/site\/wp-content\/uploads\/2022\/11\/la-comunidad-de-cristo-rey-de-mercedes-celebro-sus-fiestas-patronales-0xhi.jpg\" \/>\n\t<meta property=\"og:image:width\" content=\"750\" \/>\n\t<meta property=\"og:image:height\" content=\"337\" \/>\n\t<meta property=\"og:image:type\" content=\"image\/jpeg\" \/>\n<meta name=\"author\" content=\"NOTICIASMERCEDINAS.COM\" \/>\n<meta name=\"twitter:card\" content=\"summary_large_image\" \/>\n<meta name=\"twitter:creator\" content=\"@notmercedinas\" \/>\n<meta name=\"twitter:site\" content=\"@notmercedinas\" \/>\n<meta name=\"twitter:label1\" content=\"Escrito por\" \/>\n\t<meta name=\"twitter:data1\" content=\"NOTICIASMERCEDINAS.COM\" \/>\n\t<meta name=\"twitter:label2\" content=\"Tiempo de lectura\" \/>\n\t<meta name=\"twitter:data2\" content=\"3 minutos\" \/>\n<script type=\"application\/ld+json\" class=\"yoast-schema-graph\">{\"@context\":\"https:\\\/\\\/schema.org\",\"@graph\":[{\"@type\":\"Article\",\"@id\":\"https:\\\/\\\/noticiasmercedinas.com\\\/site\\\/2026\\\/04\\\/28\\\/cristo-rey-inicia-la-novena-a-la-virgen-de-lujan-bajo-el-lema-bajo-tu-manto-todos-somos-familia\\\/#article\",\"isPartOf\":{\"@id\":\"https:\\\/\\\/noticiasmercedinas.com\\\/site\\\/2026\\\/04\\\/28\\\/cristo-rey-inicia-la-novena-a-la-virgen-de-lujan-bajo-el-lema-bajo-tu-manto-todos-somos-familia\\\/\"},\"author\":{\"name\":\"NOTICIASMERCEDINAS.COM\",\"@id\":\"https:\\\/\\\/noticiasmercedinas.com\\\/site\\\/#\\\/schema\\\/person\\\/84b59c099c28ff2e8b77d4ceec5d8063\"},\"headline\":\"Cristo Rey inicia la Novena a la Virgen de Luj\u00e1n bajo el lema \u00abBajo tu manto todos somos familia\u00bb\",\"datePublished\":\"2026-04-28T21:22:14+00:00\",\"mainEntityOfPage\":{\"@id\":\"https:\\\/\\\/noticiasmercedinas.com\\\/site\\\/2026\\\/04\\\/28\\\/cristo-rey-inicia-la-novena-a-la-virgen-de-lujan-bajo-el-lema-bajo-tu-manto-todos-somos-familia\\\/\"},\"wordCount\":376,\"publisher\":{\"@id\":\"https:\\\/\\\/noticiasmercedinas.com\\\/site\\\/#organization\"},\"image\":{\"@id\":\"https:\\\/\\\/noticiasmercedinas.com\\\/site\\\/2026\\\/04\\\/28\\\/cristo-rey-inicia-la-novena-a-la-virgen-de-lujan-bajo-el-lema-bajo-tu-manto-todos-somos-familia\\\/#primaryimage\"},\"thumbnailUrl\":\"https:\\\/\\\/noticiasmercedinas.com\\\/site\\\/wp-content\\\/uploads\\\/2022\\\/11\\\/la-comunidad-de-cristo-rey-de-mercedes-celebro-sus-fiestas-patronales-0xhi.jpg\",\"keywords\":[\"cristo rey\",\"novena a la virgen\",\"parroquia\",\"virgen de lujan\"],\"articleSection\":[\"Sociedad\"],\"inLanguage\":\"es\"},{\"@type\":\"WebPage\",\"@id\":\"https:\\\/\\\/noticiasmercedinas.com\\\/site\\\/2026\\\/04\\\/28\\\/cristo-rey-inicia-la-novena-a-la-virgen-de-lujan-bajo-el-lema-bajo-tu-manto-todos-somos-familia\\\/\",\"url\":\"https:\\\/\\\/noticiasmercedinas.com\\\/site\\\/2026\\\/04\\\/28\\\/cristo-rey-inicia-la-novena-a-la-virgen-de-lujan-bajo-el-lema-bajo-tu-manto-todos-somos-familia\\\/\",\"name\":\"Cristo Rey inicia la Novena a la Virgen de Luj\u00e1n bajo el lema \\\"Bajo tu manto todos somos familia\\\"\",\"isPartOf\":{\"@id\":\"https:\\\/\\\/noticiasmercedinas.com\\\/site\\\/#website\"},\"primaryImageOfPage\":{\"@id\":\"https:\\\/\\\/noticiasmercedinas.com\\\/site\\\/2026\\\/04\\\/28\\\/cristo-rey-inicia-la-novena-a-la-virgen-de-lujan-bajo-el-lema-bajo-tu-manto-todos-somos-familia\\\/#primaryimage\"},\"image\":{\"@id\":\"https:\\\/\\\/noticiasmercedinas.com\\\/site\\\/2026\\\/04\\\/28\\\/cristo-rey-inicia-la-novena-a-la-virgen-de-lujan-bajo-el-lema-bajo-tu-manto-todos-somos-familia\\\/#primaryimage\"},\"thumbnailUrl\":\"https:\\\/\\\/noticiasmercedinas.com\\\/site\\\/wp-content\\\/uploads\\\/2022\\\/11\\\/la-comunidad-de-cristo-rey-de-mercedes-celebro-sus-fiestas-patronales-0xhi.jpg\",\"datePublished\":\"2026-04-28T21:22:14+00:00\",\"description\":\"Desde este mi\u00e9rcoles 29 de abril y hasta el 8 de mayo, la comunidad mercedina de la Parroquia participar\u00e1 de una agenda que incluye misas en instituciones, oraciones por los trabajadores y una procesi\u00f3n final.\",\"breadcrumb\":{\"@id\":\"https:\\\/\\\/noticiasmercedinas.com\\\/site\\\/2026\\\/04\\\/28\\\/cristo-rey-inicia-la-novena-a-la-virgen-de-lujan-bajo-el-lema-bajo-tu-manto-todos-somos-familia\\\/#breadcrumb\"},\"inLanguage\":\"es\",\"potentialAction\":[{\"@type\":\"ReadAction\",\"target\":[\"https:\\\/\\\/noticiasmercedinas.com\\\/site\\\/2026\\\/04\\\/28\\\/cristo-rey-inicia-la-novena-a-la-virgen-de-lujan-bajo-el-lema-bajo-tu-manto-todos-somos-familia\\\/\"]}]},{\"@type\":\"ImageObject\",\"inLanguage\":\"es\",\"@id\":\"https:\\\/\\\/noticiasmercedinas.com\\\/site\\\/2026\\\/04\\\/28\\\/cristo-rey-inicia-la-novena-a-la-virgen-de-lujan-bajo-el-lema-bajo-tu-manto-todos-somos-familia\\\/#primaryimage\",\"url\":\"https:\\\/\\\/noticiasmercedinas.com\\\/site\\\/wp-content\\\/uploads\\\/2022\\\/11\\\/la-comunidad-de-cristo-rey-de-mercedes-celebro-sus-fiestas-patronales-0xhi.jpg\",\"contentUrl\":\"https:\\\/\\\/noticiasmercedinas.com\\\/site\\\/wp-content\\\/uploads\\\/2022\\\/11\\\/la-comunidad-de-cristo-rey-de-mercedes-celebro-sus-fiestas-patronales-0xhi.jpg\",\"width\":750,\"height\":337},{\"@type\":\"BreadcrumbList\",\"@id\":\"https:\\\/\\\/noticiasmercedinas.com\\\/site\\\/2026\\\/04\\\/28\\\/cristo-rey-inicia-la-novena-a-la-virgen-de-lujan-bajo-el-lema-bajo-tu-manto-todos-somos-familia\\\/#breadcrumb\",\"itemListElement\":[{\"@type\":\"ListItem\",\"position\":1,\"name\":\"Portada\",\"item\":\"https:\\\/\\\/noticiasmercedinas.com\\\/site\\\/\"},{\"@type\":\"ListItem\",\"position\":2,\"name\":\"Cristo Rey inicia la Novena a la Virgen de Luj\u00e1n bajo el lema \u00abBajo tu manto todos somos familia\u00bb\"}]},{\"@type\":\"WebSite\",\"@id\":\"https:\\\/\\\/noticiasmercedinas.com\\\/site\\\/#website\",\"url\":\"https:\\\/\\\/noticiasmercedinas.com\\\/site\\\/\",\"name\":\"NOTICIASMERCEDINAS.COM\",\"description\":\"Mercedes, Buenos Aires, Argentina\",\"publisher\":{\"@id\":\"https:\\\/\\\/noticiasmercedinas.com\\\/site\\\/#organization\"},\"potentialAction\":[{\"@type\":\"SearchAction\",\"target\":{\"@type\":\"EntryPoint\",\"urlTemplate\":\"https:\\\/\\\/noticiasmercedinas.com\\\/site\\\/?s={search_term_string}\"},\"query-input\":{\"@type\":\"PropertyValueSpecification\",\"valueRequired\":true,\"valueName\":\"search_term_string\"}}],\"inLanguage\":\"es\"},{\"@type\":\"Organization\",\"@id\":\"https:\\\/\\\/noticiasmercedinas.com\\\/site\\\/#organization\",\"name\":\"NOTICIASMERCEDINAS.COM\",\"url\":\"https:\\\/\\\/noticiasmercedinas.com\\\/site\\\/\",\"logo\":{\"@type\":\"ImageObject\",\"inLanguage\":\"es\",\"@id\":\"https:\\\/\\\/noticiasmercedinas.com\\\/site\\\/#\\\/schema\\\/logo\\\/image\\\/\",\"url\":\"https:\\\/\\\/noticiasmercedinas.com\\\/site\\\/wp-content\\\/uploads\\\/2020\\\/06\\\/LOGO-512.jpg\",\"contentUrl\":\"https:\\\/\\\/noticiasmercedinas.com\\\/site\\\/wp-content\\\/uploads\\\/2020\\\/06\\\/LOGO-512.jpg\",\"width\":512,\"height\":512,\"caption\":\"NOTICIASMERCEDINAS.COM\"},\"image\":{\"@id\":\"https:\\\/\\\/noticiasmercedinas.com\\\/site\\\/#\\\/schema\\\/logo\\\/image\\\/\"},\"sameAs\":[\"https:\\\/\\\/www.facebook.com\\\/noticiasmercedinas\\\/\",\"https:\\\/\\\/x.com\\\/notmercedinas\",\"https:\\\/\\\/www.instagram.com\\\/noticiasmercedinas\\\/\"]},{\"@type\":\"Person\",\"@id\":\"https:\\\/\\\/noticiasmercedinas.com\\\/site\\\/#\\\/schema\\\/person\\\/84b59c099c28ff2e8b77d4ceec5d8063\",\"name\":\"NOTICIASMERCEDINAS.COM\",\"image\":{\"@type\":\"ImageObject\",\"inLanguage\":\"es\",\"@id\":\"https:\\\/\\\/secure.gravatar.com\\\/avatar\\\/4dfbf16b4d17945bfb6341b2d19043457132fcf478a5ee04f42e959fd8f5df0a?s=96&d=mm&r=g\",\"url\":\"https:\\\/\\\/secure.gravatar.com\\\/avatar\\\/4dfbf16b4d17945bfb6341b2d19043457132fcf478a5ee04f42e959fd8f5df0a?s=96&d=mm&r=g\",\"contentUrl\":\"https:\\\/\\\/secure.gravatar.com\\\/avatar\\\/4dfbf16b4d17945bfb6341b2d19043457132fcf478a5ee04f42e959fd8f5df0a?s=96&d=mm&r=g\",\"caption\":\"NOTICIASMERCEDINAS.COM\"},\"url\":\"https:\\\/\\\/noticiasmercedinas.com\\\/site\\\/author\\\/anonimo\\\/\"}]}<\/script>\n<!-- \/ Yoast SEO plugin. -->","yoast_head_json":{"title":"Cristo Rey inicia la Novena a la Virgen de Luj\u00e1n bajo el lema \"Bajo tu manto todos somos familia\"","description":"Desde este mi\u00e9rcoles 29 de abril y hasta el 8 de mayo, la comunidad mercedina de la Parroquia participar\u00e1 de una agenda que incluye misas en instituciones, oraciones por los trabajadores y una procesi\u00f3n final.","robots":{"index":"index","follow":"follow","max-snippet":"max-snippet:-1","max-image-preview":"max-image-preview:large","max-video-preview":"max-video-preview:-1"},"canonical":"https:\/\/noticiasmercedinas.com\/site\/2026\/04\/28\/cristo-rey-inicia-la-novena-a-la-virgen-de-lujan-bajo-el-lema-bajo-tu-manto-todos-somos-familia\/","og_locale":"es_ES","og_type":"article","og_title":"Cristo Rey inicia la Novena a la Virgen de Luj\u00e1n bajo el lema \"Bajo tu manto todos somos familia\"","og_description":"Desde este mi\u00e9rcoles 29 de abril y hasta el 8 de mayo, la comunidad mercedina de la Parroquia participar\u00e1 de una agenda que incluye misas en instituciones, oraciones por los trabajadores y una procesi\u00f3n final.","og_url":"https:\/\/noticiasmercedinas.com\/site\/2026\/04\/28\/cristo-rey-inicia-la-novena-a-la-virgen-de-lujan-bajo-el-lema-bajo-tu-manto-todos-somos-familia\/","og_site_name":"NOTICIASMERCEDINAS.COM","article_publisher":"https:\/\/www.facebook.com\/noticiasmercedinas\/","article_published_time":"2026-04-28T21:22:14+00:00","og_image":[{"width":750,"height":337,"url":"https:\/\/noticiasmercedinas.com\/site\/wp-content\/uploads\/2022\/11\/la-comunidad-de-cristo-rey-de-mercedes-celebro-sus-fiestas-patronales-0xhi.jpg","type":"image\/jpeg"}],"author":"NOTICIASMERCEDINAS.COM","twitter_card":"summary_large_image","twitter_creator":"@notmercedinas","twitter_site":"@notmercedinas","twitter_misc":{"Escrito por":"NOTICIASMERCEDINAS.COM","Tiempo de lectura":"3 minutos"},"schema":{"@context":"https:\/\/schema.org","@graph":[{"@type":"Article","@id":"https:\/\/noticiasmercedinas.com\/site\/2026\/04\/28\/cristo-rey-inicia-la-novena-a-la-virgen-de-lujan-bajo-el-lema-bajo-tu-manto-todos-somos-familia\/#article","isPartOf":{"@id":"https:\/\/noticiasmercedinas.com\/site\/2026\/04\/28\/cristo-rey-inicia-la-novena-a-la-virgen-de-lujan-bajo-el-lema-bajo-tu-manto-todos-somos-familia\/"},"author":{"name":"NOTICIASMERCEDINAS.COM","@id":"https:\/\/noticiasmercedinas.com\/site\/#\/schema\/person\/84b59c099c28ff2e8b77d4ceec5d8063"},"headline":"Cristo Rey inicia la Novena a la Virgen de Luj\u00e1n bajo el lema \u00abBajo tu manto todos somos familia\u00bb","datePublished":"2026-04-28T21:22:14+00:00","mainEntityOfPage":{"@id":"https:\/\/noticiasmercedinas.com\/site\/2026\/04\/28\/cristo-rey-inicia-la-novena-a-la-virgen-de-lujan-bajo-el-lema-bajo-tu-manto-todos-somos-familia\/"},"wordCount":376,"publisher":{"@id":"https:\/\/noticiasmercedinas.com\/site\/#organization"},"image":{"@id":"https:\/\/noticiasmercedinas.com\/site\/2026\/04\/28\/cristo-rey-inicia-la-novena-a-la-virgen-de-lujan-bajo-el-lema-bajo-tu-manto-todos-somos-familia\/#primaryimage"},"thumbnailUrl":"https:\/\/noticiasmercedinas.com\/site\/wp-content\/uploads\/2022\/11\/la-comunidad-de-cristo-rey-de-mercedes-celebro-sus-fiestas-patronales-0xhi.jpg","keywords":["cristo rey","novena a la virgen","parroquia","virgen de lujan"],"articleSection":["Sociedad"],"inLanguage":"es"},{"@type":"WebPage","@id":"https:\/\/noticiasmercedinas.com\/site\/2026\/04\/28\/cristo-rey-inicia-la-novena-a-la-virgen-de-lujan-bajo-el-lema-bajo-tu-manto-todos-somos-familia\/","url":"https:\/\/noticiasmercedinas.com\/site\/2026\/04\/28\/cristo-rey-inicia-la-novena-a-la-virgen-de-lujan-bajo-el-lema-bajo-tu-manto-todos-somos-familia\/","name":"Cristo Rey inicia la Novena a la Virgen de Luj\u00e1n bajo el lema \"Bajo tu manto todos somos familia\"","isPartOf":{"@id":"https:\/\/noticiasmercedinas.com\/site\/#website"},"primaryImageOfPage":{"@id":"https:\/\/noticiasmercedinas.com\/site\/2026\/04\/28\/cristo-rey-inicia-la-novena-a-la-virgen-de-lujan-bajo-el-lema-bajo-tu-manto-todos-somos-familia\/#primaryimage"},"image":{"@id":"https:\/\/noticiasmercedinas.com\/site\/2026\/04\/28\/cristo-rey-inicia-la-novena-a-la-virgen-de-lujan-bajo-el-lema-bajo-tu-manto-todos-somos-familia\/#primaryimage"},"thumbnailUrl":"https:\/\/noticiasmercedinas.com\/site\/wp-content\/uploads\/2022\/11\/la-comunidad-de-cristo-rey-de-mercedes-celebro-sus-fiestas-patronales-0xhi.jpg","datePublished":"2026-04-28T21:22:14+00:00","description":"Desde este mi\u00e9rcoles 29 de abril y hasta el 8 de mayo, la comunidad mercedina de la Parroquia participar\u00e1 de una agenda que incluye misas en instituciones, oraciones por los trabajadores y una procesi\u00f3n final.","breadcrumb":{"@id":"https:\/\/noticiasmercedinas.com\/site\/2026\/04\/28\/cristo-rey-inicia-la-novena-a-la-virgen-de-lujan-bajo-el-lema-bajo-tu-manto-todos-somos-familia\/#breadcrumb"},"inLanguage":"es","potentialAction":[{"@type":"ReadAction","target":["https:\/\/noticiasmercedinas.com\/site\/2026\/04\/28\/cristo-rey-inicia-la-novena-a-la-virgen-de-lujan-bajo-el-lema-bajo-tu-manto-todos-somos-familia\/"]}]},{"@type":"ImageObject","inLanguage":"es","@id":"https:\/\/noticiasmercedinas.com\/site\/2026\/04\/28\/cristo-rey-inicia-la-novena-a-la-virgen-de-lujan-bajo-el-lema-bajo-tu-manto-todos-somos-familia\/#primaryimage","url":"https:\/\/noticiasmercedinas.com\/site\/wp-content\/uploads\/2022\/11\/la-comunidad-de-cristo-rey-de-mercedes-celebro-sus-fiestas-patronales-0xhi.jpg","contentUrl":"https:\/\/noticiasmercedinas.com\/site\/wp-content\/uploads\/2022\/11\/la-comunidad-de-cristo-rey-de-mercedes-celebro-sus-fiestas-patronales-0xhi.jpg","width":750,"height":337},{"@type":"BreadcrumbList","@id":"https:\/\/noticiasmercedinas.com\/site\/2026\/04\/28\/cristo-rey-inicia-la-novena-a-la-virgen-de-lujan-bajo-el-lema-bajo-tu-manto-todos-somos-familia\/#breadcrumb","itemListElement":[{"@type":"ListItem","position":1,"name":"Portada","item":"https:\/\/noticiasmercedinas.com\/site\/"},{"@type":"ListItem","position":2,"name":"Cristo Rey inicia la Novena a la Virgen de Luj\u00e1n bajo el lema \u00abBajo tu manto todos somos familia\u00bb"}]},{"@type":"WebSite","@id":"https:\/\/noticiasmercedinas.com\/site\/#website","url":"https:\/\/noticiasmercedinas.com\/site\/","name":"NOTICIASMERCEDINAS.COM","description":"Mercedes, Buenos Aires, Argentina","publisher":{"@id":"https:\/\/noticiasmercedinas.com\/site\/#organization"},"potentialAction":[{"@type":"SearchAction","target":{"@type":"EntryPoint","urlTemplate":"https:\/\/noticiasmercedinas.com\/site\/?s={search_term_string}"},"query-input":{"@type":"PropertyValueSpecification","valueRequired":true,"valueName":"search_term_string"}}],"inLanguage":"es"},{"@type":"Organization","@id":"https:\/\/noticiasmercedinas.com\/site\/#organization","name":"NOTICIASMERCEDINAS.COM","url":"https:\/\/noticiasmercedinas.com\/site\/","logo":{"@type":"ImageObject","inLanguage":"es","@id":"https:\/\/noticiasmercedinas.com\/site\/#\/schema\/logo\/image\/","url":"https:\/\/noticiasmercedinas.com\/site\/wp-content\/uploads\/2020\/06\/LOGO-512.jpg","contentUrl":"https:\/\/noticiasmercedinas.com\/site\/wp-content\/uploads\/2020\/06\/LOGO-512.jpg","width":512,"height":512,"caption":"NOTICIASMERCEDINAS.COM"},"image":{"@id":"https:\/\/noticiasmercedinas.com\/site\/#\/schema\/logo\/image\/"},"sameAs":["https:\/\/www.facebook.com\/noticiasmercedinas\/","https:\/\/x.com\/notmercedinas","https:\/\/www.instagram.com\/noticiasmercedinas\/"]},{"@type":"Person","@id":"https:\/\/noticiasmercedinas.com\/site\/#\/schema\/person\/84b59c099c28ff2e8b77d4ceec5d8063","name":"NOTICIASMERCEDINAS.COM","image":{"@type":"ImageObject","inLanguage":"es","@id":"https:\/\/secure.gravatar.com\/avatar\/4dfbf16b4d17945bfb6341b2d19043457132fcf478a5ee04f42e959fd8f5df0a?s=96&d=mm&r=g","url":"https:\/\/secure.gravatar.com\/avatar\/4dfbf16b4d17945bfb6341b2d19043457132fcf478a5ee04f42e959fd8f5df0a?s=96&d=mm&r=g","contentUrl":"https:\/\/secure.gravatar.com\/avatar\/4dfbf16b4d17945bfb6341b2d19043457132fcf478a5ee04f42e959fd8f5df0a?s=96&d=mm&r=g","caption":"NOTICIASMERCEDINAS.COM"},"url":"https:\/\/noticiasmercedinas.com\/site\/author\/anonimo\/"}]}},"amp_enabled":true,"_links":{"self":[{"href":"https:\/\/noticiasmercedinas.com\/site\/wp-json\/wp\/v2\/posts\/185355","targetHints":{"allow":["GET"]}}],"collection":[{"href":"https:\/\/noticiasmercedinas.com\/site\/wp-json\/wp\/v2\/posts"}],"about":[{"href":"https:\/\/noticiasmercedinas.com\/site\/wp-json\/wp\/v2\/types\/post"}],"author":[{"embeddable":true,"href":"https:\/\/noticiasmercedinas.com\/site\/wp-json\/wp\/v2\/users\/16"}],"replies":[{"embeddable":true,"href":"https:\/\/noticiasmercedinas.com\/site\/wp-json\/wp\/v2\/comments?post=185355"}],"version-history":[{"count":1,"href":"https:\/\/noticiasmercedinas.com\/site\/wp-json\/wp\/v2\/posts\/185355\/revisions"}],"predecessor-version":[{"id":185356,"href":"https:\/\/noticiasmercedinas.com\/site\/wp-json\/wp\/v2\/posts\/185355\/revisions\/185356"}],"wp:featuredmedia":[{"embeddable":true,"href":"https:\/\/noticiasmercedinas.com\/site\/wp-json\/wp\/v2\/media\/104997"}],"wp:attachment":[{"href":"https:\/\/noticiasmercedinas.com\/site\/wp-json\/wp\/v2\/media?parent=185355"}],"wp:term":[{"taxonomy":"category","embeddable":true,"href":"https:\/\/noticiasmercedinas.com\/site\/wp-json\/wp\/v2\/categories?post=185355"},{"taxonomy":"post_tag","embeddable":true,"href":"https:\/\/noticiasmercedinas.com\/site\/wp-json\/wp\/v2\/tags?post=185355"}],"curies":[{"name":"wp","href":"https:\/\/api.w.org\/{rel}","templated":true}]}}