{"id":185360,"date":"2026-04-28T18:56:21","date_gmt":"2026-04-28T21:56:21","guid":{"rendered":"https:\/\/noticiasmercedinas.com\/site\/?p=185360"},"modified":"2026-04-28T18:56:21","modified_gmt":"2026-04-28T21:56:21","slug":"emanuel-gomez-padula-obtuvo-el-segundo-puesto-en-el-torneo-rapido-de-abril-en-jauregui","status":"publish","type":"post","link":"https:\/\/noticiasmercedinas.com\/site\/2026\/04\/28\/emanuel-gomez-padula-obtuvo-el-segundo-puesto-en-el-torneo-rapido-de-abril-en-jauregui\/","title":{"rendered":"Emanuel G\u00f3mez Padula obtuvo el segundo puesto en el Torneo R\u00e1pido de Abril en J\u00e1uregui"},"content":{"rendered":"<figure id=\"attachment_185361\" aria-describedby=\"caption-attachment-185361\" style=\"width: 640px\" class=\"wp-caption alignnone\"><img loading=\"lazy\" decoding=\"async\" class=\"wp-image-185361 size-full\" src=\"https:\/\/noticiasmercedinas.com\/site\/wp-content\/uploads\/2026\/04\/a14a8f52-96e0-40a3-8ed5-48acf716c9d4.jpg\" alt=\"\" width=\"640\" height=\"416\" srcset=\"https:\/\/noticiasmercedinas.com\/site\/wp-content\/uploads\/2026\/04\/a14a8f52-96e0-40a3-8ed5-48acf716c9d4.jpg 640w, https:\/\/noticiasmercedinas.com\/site\/wp-content\/uploads\/2026\/04\/a14a8f52-96e0-40a3-8ed5-48acf716c9d4-300x194.jpg 300w\" sizes=\"auto, (max-width: 640px) 100vw, 640px\" \/><figcaption id=\"caption-attachment-185361\" class=\"wp-caption-text\">Emanuel G\u00f3mez Padula en la premiaci\u00f3n.<\/figcaption><\/figure>\n<p>El <strong>Maestro Nacional Eugenio Anigstein<\/strong>, representante de General Rodr\u00edguez, se adjudic\u00f3 el primer puesto del <strong>Torneo R\u00e1pido de Abril<\/strong> celebrado el pasado viernes 24 en las instalaciones del <strong>Club Social y Deportivo Flandria<\/strong>. El evento, que reuni\u00f3 a 25 destacados tableros de la zona, consolid\u00f3 la hegemon\u00eda de Anigstein, quien ven\u00eda de obtener un triunfo similar en el Club Del Progreso de Mercedes.<\/p>\n<p>La competencia fue organizada y dirigida por el <strong>Maestro Nacional Enrique Contessotto<\/strong>, profesor de la instituci\u00f3n anfitriona. El torneo se desarroll\u00f3 bajo el <strong>sistema suizo a seis rondas<\/strong>, con un ritmo de juego de <strong>12 minutos iniciales m\u00e1s un incremento de 3 segundos por jugada<\/strong>, una modalidad que exige m\u00e1xima agilidad mental y precisi\u00f3n t\u00e9cnica.<\/p>\n<p><img loading=\"lazy\" decoding=\"async\" class=\"alignnone size-full wp-image-185362\" src=\"https:\/\/noticiasmercedinas.com\/site\/wp-content\/uploads\/2026\/04\/c9357717-6906-46b4-8a60-cdc05c1f9b99.jpg\" alt=\"\" width=\"640\" height=\"480\" srcset=\"https:\/\/noticiasmercedinas.com\/site\/wp-content\/uploads\/2026\/04\/c9357717-6906-46b4-8a60-cdc05c1f9b99.jpg 640w, https:\/\/noticiasmercedinas.com\/site\/wp-content\/uploads\/2026\/04\/c9357717-6906-46b4-8a60-cdc05c1f9b99-300x225.jpg 300w, https:\/\/noticiasmercedinas.com\/site\/wp-content\/uploads\/2026\/04\/c9357717-6906-46b4-8a60-cdc05c1f9b99-80x60.jpg 80w, https:\/\/noticiasmercedinas.com\/site\/wp-content\/uploads\/2026\/04\/c9357717-6906-46b4-8a60-cdc05c1f9b99-160x120.jpg 160w, https:\/\/noticiasmercedinas.com\/site\/wp-content\/uploads\/2026\/04\/c9357717-6906-46b4-8a60-cdc05c1f9b99-100x75.jpg 100w, https:\/\/noticiasmercedinas.com\/site\/wp-content\/uploads\/2026\/04\/c9357717-6906-46b4-8a60-cdc05c1f9b99-200x150.jpg 200w, https:\/\/noticiasmercedinas.com\/site\/wp-content\/uploads\/2026\/04\/c9357717-6906-46b4-8a60-cdc05c1f9b99-180x135.jpg 180w, https:\/\/noticiasmercedinas.com\/site\/wp-content\/uploads\/2026\/04\/c9357717-6906-46b4-8a60-cdc05c1f9b99-360x270.jpg 360w, https:\/\/noticiasmercedinas.com\/site\/wp-content\/uploads\/2026\/04\/c9357717-6906-46b4-8a60-cdc05c1f9b99-238x178.jpg 238w, https:\/\/noticiasmercedinas.com\/site\/wp-content\/uploads\/2026\/04\/c9357717-6906-46b4-8a60-cdc05c1f9b99-476x356.jpg 476w\" sizes=\"auto, (max-width: 640px) 100vw, 640px\" \/><\/p>\n<p>Esta serie de encuentros mensuales surge con el objetivo de fomentar la competencia activa y responder al creciente nivel de los jugadores de la regi\u00f3n. En esta edici\u00f3n, la delegaci\u00f3n de Mercedes tuvo una actuaci\u00f3n sobresaliente, destac\u00e1ndose la participaci\u00f3n de <strong>Ezequiel Sanz<\/strong> y el gran desempe\u00f1o de <strong>Emanuel G\u00f3mez Padula<\/strong>, quien alcanz\u00f3 el podio tras una re\u00f1ida disputa en las mesas principales.<\/p>\n<p><strong>Posiciones Finales<br \/>\n<\/strong>El cierre del certamen mostr\u00f3 una paridad notable en los puntajes, defini\u00e9ndose los puestos de vanguardia por sistemas de desempate t\u00e9cnicos:<\/p>\n<table>\n<thead>\n<tr>\n<td><strong>Puesto<\/strong><\/td>\n<td><strong>Jugador<\/strong><\/td>\n<td><strong>Localidad<\/strong><\/td>\n<td><strong>Puntaje<\/strong><\/td>\n<\/tr>\n<\/thead>\n<tbody>\n<tr>\n<td><strong>1\u00b0<\/strong><\/td>\n<td><strong>MN Eugenio Anigstein<\/strong><\/td>\n<td>Gral. Rodr\u00edguez<\/td>\n<td><strong>5 \/ 6<\/strong><\/td>\n<\/tr>\n<tr>\n<td><strong>2\u00b0<\/strong><\/td>\n<td><strong>Emanuel G\u00f3mez Padula<\/strong><\/td>\n<td>Mercedes<\/td>\n<td><strong>5 \/ 6<\/strong><\/td>\n<\/tr>\n<tr>\n<td><strong>3\u00b0<\/strong><\/td>\n<td><strong>Pedro Pou<\/strong><\/td>\n<td>Gral. Rodr\u00edguez<\/td>\n<td><strong>4 \u00bd \/ 6<\/strong><\/td>\n<\/tr>\n<tr>\n<td><strong>4\u00b0<\/strong><\/td>\n<td><strong>Stanley Rold\u00e1n Ramos<\/strong><\/td>\n<td>Gral. Rodr\u00edguez<\/td>\n<td><strong>4 \u00bd \/ 6<\/strong><\/td>\n<\/tr>\n<tr>\n<td><strong>5\u00b0<\/strong><\/td>\n<td><strong>Enrique Saralegui<\/strong><\/td>\n<td>Luj\u00e1n (Mercedino)<\/td>\n<td><strong>4 \u00bd \/ 6<\/strong><\/td>\n<\/tr>\n<\/tbody>\n<\/table>\n<p>&nbsp;<\/p>\n","protected":false},"excerpt":{"rendered":"<p>\u25a0 Con la participaci\u00f3n de 25 ajedrecistas de la regi\u00f3n, el Club Flandria fue sede de una nueva edici\u00f3n del certamen mensual bajo Sistema Suizo. Eugenio Anigstein se coron\u00f3 campe\u00f3n.<\/p>\n","protected":false},"author":6,"featured_media":185361,"comment_status":"closed","ping_status":"closed","sticky":false,"template":"","format":"standard","meta":{"footnotes":""},"categories":[5],"tags":[5747,2403],"class_list":["post-185360","post","type-post","status-publish","format-standard","has-post-thumbnail","hentry","category-deportes","tag-ajedrez","tag-jauregui"],"yoast_head":"<!-- This site is optimized with the Yoast SEO plugin v27.4 - https:\/\/yoast.com\/product\/yoast-seo-wordpress\/ -->\n<title>Emanuel G\u00f3mez Padula obtuvo el segundo puesto en el Torneo R\u00e1pido de Abril en J\u00e1uregui<\/title>\n<meta name=\"robots\" content=\"index, follow, max-snippet:-1, max-image-preview:large, max-video-preview:-1\" \/>\n<link rel=\"canonical\" href=\"https:\/\/noticiasmercedinas.com\/site\/2026\/04\/28\/emanuel-gomez-padula-obtuvo-el-segundo-puesto-en-el-torneo-rapido-de-abril-en-jauregui\/\" \/>\n<meta property=\"og:locale\" content=\"es_ES\" \/>\n<meta property=\"og:type\" content=\"article\" \/>\n<meta property=\"og:title\" content=\"Emanuel G\u00f3mez Padula obtuvo el segundo puesto en el Torneo R\u00e1pido de Abril en J\u00e1uregui\" \/>\n<meta property=\"og:description\" content=\"\u25a0 Con la participaci\u00f3n de 25 ajedrecistas de la regi\u00f3n, el Club Flandria fue sede de una nueva edici\u00f3n del certamen mensual bajo Sistema Suizo. Eugenio Anigstein se coron\u00f3 campe\u00f3n.\" \/>\n<meta property=\"og:url\" content=\"https:\/\/noticiasmercedinas.com\/site\/2026\/04\/28\/emanuel-gomez-padula-obtuvo-el-segundo-puesto-en-el-torneo-rapido-de-abril-en-jauregui\/\" \/>\n<meta property=\"og:site_name\" content=\"NOTICIASMERCEDINAS.COM\" \/>\n<meta property=\"article:publisher\" content=\"https:\/\/www.facebook.com\/noticiasmercedinas\/\" \/>\n<meta property=\"article:published_time\" content=\"2026-04-28T21:56:21+00:00\" \/>\n<meta property=\"og:image\" content=\"https:\/\/noticiasmercedinas.com\/site\/wp-content\/uploads\/2026\/04\/a14a8f52-96e0-40a3-8ed5-48acf716c9d4.jpg\" \/>\n\t<meta property=\"og:image:width\" content=\"640\" \/>\n\t<meta property=\"og:image:height\" content=\"416\" \/>\n\t<meta property=\"og:image:type\" content=\"image\/jpeg\" \/>\n<meta name=\"author\" content=\"Juan Dagnino NOTICIASMERCEDINAS.COM\" \/>\n<meta name=\"twitter:card\" content=\"summary_large_image\" \/>\n<meta name=\"twitter:creator\" content=\"@notmercedinas\" \/>\n<meta name=\"twitter:site\" content=\"@notmercedinas\" \/>\n<meta name=\"twitter:label1\" content=\"Escrito por\" \/>\n\t<meta name=\"twitter:data1\" content=\"Juan Dagnino NOTICIASMERCEDINAS.COM\" \/>\n\t<meta name=\"twitter:label2\" content=\"Tiempo de lectura\" \/>\n\t<meta name=\"twitter:data2\" content=\"2 minutos\" \/>\n<script type=\"application\/ld+json\" class=\"yoast-schema-graph\">{\"@context\":\"https:\\\/\\\/schema.org\",\"@graph\":[{\"@type\":\"Article\",\"@id\":\"https:\\\/\\\/noticiasmercedinas.com\\\/site\\\/2026\\\/04\\\/28\\\/emanuel-gomez-padula-obtuvo-el-segundo-puesto-en-el-torneo-rapido-de-abril-en-jauregui\\\/#article\",\"isPartOf\":{\"@id\":\"https:\\\/\\\/noticiasmercedinas.com\\\/site\\\/2026\\\/04\\\/28\\\/emanuel-gomez-padula-obtuvo-el-segundo-puesto-en-el-torneo-rapido-de-abril-en-jauregui\\\/\"},\"author\":{\"name\":\"Juan Dagnino NOTICIASMERCEDINAS.COM\",\"@id\":\"https:\\\/\\\/noticiasmercedinas.com\\\/site\\\/#\\\/schema\\\/person\\\/8f2f09d666ef40986eba4a5e6f2a06f9\"},\"headline\":\"Emanuel G\u00f3mez Padula obtuvo el segundo puesto en el Torneo R\u00e1pido de Abril en J\u00e1uregui\",\"datePublished\":\"2026-04-28T21:56:21+00:00\",\"mainEntityOfPage\":{\"@id\":\"https:\\\/\\\/noticiasmercedinas.com\\\/site\\\/2026\\\/04\\\/28\\\/emanuel-gomez-padula-obtuvo-el-segundo-puesto-en-el-torneo-rapido-de-abril-en-jauregui\\\/\"},\"wordCount\":285,\"publisher\":{\"@id\":\"https:\\\/\\\/noticiasmercedinas.com\\\/site\\\/#organization\"},\"image\":{\"@id\":\"https:\\\/\\\/noticiasmercedinas.com\\\/site\\\/2026\\\/04\\\/28\\\/emanuel-gomez-padula-obtuvo-el-segundo-puesto-en-el-torneo-rapido-de-abril-en-jauregui\\\/#primaryimage\"},\"thumbnailUrl\":\"https:\\\/\\\/noticiasmercedinas.com\\\/site\\\/wp-content\\\/uploads\\\/2026\\\/04\\\/a14a8f52-96e0-40a3-8ed5-48acf716c9d4.jpg\",\"keywords\":[\"ajedrez\",\"jauregui\"],\"articleSection\":[\"Deportes\"],\"inLanguage\":\"es\"},{\"@type\":\"WebPage\",\"@id\":\"https:\\\/\\\/noticiasmercedinas.com\\\/site\\\/2026\\\/04\\\/28\\\/emanuel-gomez-padula-obtuvo-el-segundo-puesto-en-el-torneo-rapido-de-abril-en-jauregui\\\/\",\"url\":\"https:\\\/\\\/noticiasmercedinas.com\\\/site\\\/2026\\\/04\\\/28\\\/emanuel-gomez-padula-obtuvo-el-segundo-puesto-en-el-torneo-rapido-de-abril-en-jauregui\\\/\",\"name\":\"Emanuel G\u00f3mez Padula obtuvo el segundo puesto en el Torneo R\u00e1pido de Abril en J\u00e1uregui\",\"isPartOf\":{\"@id\":\"https:\\\/\\\/noticiasmercedinas.com\\\/site\\\/#website\"},\"primaryImageOfPage\":{\"@id\":\"https:\\\/\\\/noticiasmercedinas.com\\\/site\\\/2026\\\/04\\\/28\\\/emanuel-gomez-padula-obtuvo-el-segundo-puesto-en-el-torneo-rapido-de-abril-en-jauregui\\\/#primaryimage\"},\"image\":{\"@id\":\"https:\\\/\\\/noticiasmercedinas.com\\\/site\\\/2026\\\/04\\\/28\\\/emanuel-gomez-padula-obtuvo-el-segundo-puesto-en-el-torneo-rapido-de-abril-en-jauregui\\\/#primaryimage\"},\"thumbnailUrl\":\"https:\\\/\\\/noticiasmercedinas.com\\\/site\\\/wp-content\\\/uploads\\\/2026\\\/04\\\/a14a8f52-96e0-40a3-8ed5-48acf716c9d4.jpg\",\"datePublished\":\"2026-04-28T21:56:21+00:00\",\"breadcrumb\":{\"@id\":\"https:\\\/\\\/noticiasmercedinas.com\\\/site\\\/2026\\\/04\\\/28\\\/emanuel-gomez-padula-obtuvo-el-segundo-puesto-en-el-torneo-rapido-de-abril-en-jauregui\\\/#breadcrumb\"},\"inLanguage\":\"es\",\"potentialAction\":[{\"@type\":\"ReadAction\",\"target\":[\"https:\\\/\\\/noticiasmercedinas.com\\\/site\\\/2026\\\/04\\\/28\\\/emanuel-gomez-padula-obtuvo-el-segundo-puesto-en-el-torneo-rapido-de-abril-en-jauregui\\\/\"]}]},{\"@type\":\"ImageObject\",\"inLanguage\":\"es\",\"@id\":\"https:\\\/\\\/noticiasmercedinas.com\\\/site\\\/2026\\\/04\\\/28\\\/emanuel-gomez-padula-obtuvo-el-segundo-puesto-en-el-torneo-rapido-de-abril-en-jauregui\\\/#primaryimage\",\"url\":\"https:\\\/\\\/noticiasmercedinas.com\\\/site\\\/wp-content\\\/uploads\\\/2026\\\/04\\\/a14a8f52-96e0-40a3-8ed5-48acf716c9d4.jpg\",\"contentUrl\":\"https:\\\/\\\/noticiasmercedinas.com\\\/site\\\/wp-content\\\/uploads\\\/2026\\\/04\\\/a14a8f52-96e0-40a3-8ed5-48acf716c9d4.jpg\",\"width\":640,\"height\":416},{\"@type\":\"BreadcrumbList\",\"@id\":\"https:\\\/\\\/noticiasmercedinas.com\\\/site\\\/2026\\\/04\\\/28\\\/emanuel-gomez-padula-obtuvo-el-segundo-puesto-en-el-torneo-rapido-de-abril-en-jauregui\\\/#breadcrumb\",\"itemListElement\":[{\"@type\":\"ListItem\",\"position\":1,\"name\":\"Portada\",\"item\":\"https:\\\/\\\/noticiasmercedinas.com\\\/site\\\/\"},{\"@type\":\"ListItem\",\"position\":2,\"name\":\"Emanuel G\u00f3mez Padula obtuvo el segundo puesto en el Torneo R\u00e1pido de Abril en J\u00e1uregui\"}]},{\"@type\":\"WebSite\",\"@id\":\"https:\\\/\\\/noticiasmercedinas.com\\\/site\\\/#website\",\"url\":\"https:\\\/\\\/noticiasmercedinas.com\\\/site\\\/\",\"name\":\"NOTICIASMERCEDINAS.COM\",\"description\":\"Mercedes, Buenos Aires, Argentina\",\"publisher\":{\"@id\":\"https:\\\/\\\/noticiasmercedinas.com\\\/site\\\/#organization\"},\"potentialAction\":[{\"@type\":\"SearchAction\",\"target\":{\"@type\":\"EntryPoint\",\"urlTemplate\":\"https:\\\/\\\/noticiasmercedinas.com\\\/site\\\/?s={search_term_string}\"},\"query-input\":{\"@type\":\"PropertyValueSpecification\",\"valueRequired\":true,\"valueName\":\"search_term_string\"}}],\"inLanguage\":\"es\"},{\"@type\":\"Organization\",\"@id\":\"https:\\\/\\\/noticiasmercedinas.com\\\/site\\\/#organization\",\"name\":\"NOTICIASMERCEDINAS.COM\",\"url\":\"https:\\\/\\\/noticiasmercedinas.com\\\/site\\\/\",\"logo\":{\"@type\":\"ImageObject\",\"inLanguage\":\"es\",\"@id\":\"https:\\\/\\\/noticiasmercedinas.com\\\/site\\\/#\\\/schema\\\/logo\\\/image\\\/\",\"url\":\"https:\\\/\\\/noticiasmercedinas.com\\\/site\\\/wp-content\\\/uploads\\\/2020\\\/06\\\/LOGO-512.jpg\",\"contentUrl\":\"https:\\\/\\\/noticiasmercedinas.com\\\/site\\\/wp-content\\\/uploads\\\/2020\\\/06\\\/LOGO-512.jpg\",\"width\":512,\"height\":512,\"caption\":\"NOTICIASMERCEDINAS.COM\"},\"image\":{\"@id\":\"https:\\\/\\\/noticiasmercedinas.com\\\/site\\\/#\\\/schema\\\/logo\\\/image\\\/\"},\"sameAs\":[\"https:\\\/\\\/www.facebook.com\\\/noticiasmercedinas\\\/\",\"https:\\\/\\\/x.com\\\/notmercedinas\",\"https:\\\/\\\/www.instagram.com\\\/noticiasmercedinas\\\/\"]},{\"@type\":\"Person\",\"@id\":\"https:\\\/\\\/noticiasmercedinas.com\\\/site\\\/#\\\/schema\\\/person\\\/8f2f09d666ef40986eba4a5e6f2a06f9\",\"name\":\"Juan Dagnino NOTICIASMERCEDINAS.COM\",\"image\":{\"@type\":\"ImageObject\",\"inLanguage\":\"es\",\"@id\":\"https:\\\/\\\/secure.gravatar.com\\\/avatar\\\/fc7059a769f5a3cae65fadb228a3e4accf3a64b4b2305020d0a27e6d5333c91b?s=96&d=mm&r=g\",\"url\":\"https:\\\/\\\/secure.gravatar.com\\\/avatar\\\/fc7059a769f5a3cae65fadb228a3e4accf3a64b4b2305020d0a27e6d5333c91b?s=96&d=mm&r=g\",\"contentUrl\":\"https:\\\/\\\/secure.gravatar.com\\\/avatar\\\/fc7059a769f5a3cae65fadb228a3e4accf3a64b4b2305020d0a27e6d5333c91b?s=96&d=mm&r=g\",\"caption\":\"Juan Dagnino NOTICIASMERCEDINAS.COM\"},\"url\":\"https:\\\/\\\/noticiasmercedinas.com\\\/site\\\/author\\\/juandagnino\\\/\"}]}<\/script>\n<!-- \/ Yoast SEO plugin. -->","yoast_head_json":{"title":"Emanuel G\u00f3mez Padula obtuvo el segundo puesto en el Torneo R\u00e1pido de Abril en J\u00e1uregui","robots":{"index":"index","follow":"follow","max-snippet":"max-snippet:-1","max-image-preview":"max-image-preview:large","max-video-preview":"max-video-preview:-1"},"canonical":"https:\/\/noticiasmercedinas.com\/site\/2026\/04\/28\/emanuel-gomez-padula-obtuvo-el-segundo-puesto-en-el-torneo-rapido-de-abril-en-jauregui\/","og_locale":"es_ES","og_type":"article","og_title":"Emanuel G\u00f3mez Padula obtuvo el segundo puesto en el Torneo R\u00e1pido de Abril en J\u00e1uregui","og_description":"\u25a0 Con la participaci\u00f3n de 25 ajedrecistas de la regi\u00f3n, el Club Flandria fue sede de una nueva edici\u00f3n del certamen mensual bajo Sistema Suizo. Eugenio Anigstein se coron\u00f3 campe\u00f3n.","og_url":"https:\/\/noticiasmercedinas.com\/site\/2026\/04\/28\/emanuel-gomez-padula-obtuvo-el-segundo-puesto-en-el-torneo-rapido-de-abril-en-jauregui\/","og_site_name":"NOTICIASMERCEDINAS.COM","article_publisher":"https:\/\/www.facebook.com\/noticiasmercedinas\/","article_published_time":"2026-04-28T21:56:21+00:00","og_image":[{"width":640,"height":416,"url":"https:\/\/noticiasmercedinas.com\/site\/wp-content\/uploads\/2026\/04\/a14a8f52-96e0-40a3-8ed5-48acf716c9d4.jpg","type":"image\/jpeg"}],"author":"Juan Dagnino NOTICIASMERCEDINAS.COM","twitter_card":"summary_large_image","twitter_creator":"@notmercedinas","twitter_site":"@notmercedinas","twitter_misc":{"Escrito por":"Juan Dagnino NOTICIASMERCEDINAS.COM","Tiempo de lectura":"2 minutos"},"schema":{"@context":"https:\/\/schema.org","@graph":[{"@type":"Article","@id":"https:\/\/noticiasmercedinas.com\/site\/2026\/04\/28\/emanuel-gomez-padula-obtuvo-el-segundo-puesto-en-el-torneo-rapido-de-abril-en-jauregui\/#article","isPartOf":{"@id":"https:\/\/noticiasmercedinas.com\/site\/2026\/04\/28\/emanuel-gomez-padula-obtuvo-el-segundo-puesto-en-el-torneo-rapido-de-abril-en-jauregui\/"},"author":{"name":"Juan Dagnino NOTICIASMERCEDINAS.COM","@id":"https:\/\/noticiasmercedinas.com\/site\/#\/schema\/person\/8f2f09d666ef40986eba4a5e6f2a06f9"},"headline":"Emanuel G\u00f3mez Padula obtuvo el segundo puesto en el Torneo R\u00e1pido de Abril en J\u00e1uregui","datePublished":"2026-04-28T21:56:21+00:00","mainEntityOfPage":{"@id":"https:\/\/noticiasmercedinas.com\/site\/2026\/04\/28\/emanuel-gomez-padula-obtuvo-el-segundo-puesto-en-el-torneo-rapido-de-abril-en-jauregui\/"},"wordCount":285,"publisher":{"@id":"https:\/\/noticiasmercedinas.com\/site\/#organization"},"image":{"@id":"https:\/\/noticiasmercedinas.com\/site\/2026\/04\/28\/emanuel-gomez-padula-obtuvo-el-segundo-puesto-en-el-torneo-rapido-de-abril-en-jauregui\/#primaryimage"},"thumbnailUrl":"https:\/\/noticiasmercedinas.com\/site\/wp-content\/uploads\/2026\/04\/a14a8f52-96e0-40a3-8ed5-48acf716c9d4.jpg","keywords":["ajedrez","jauregui"],"articleSection":["Deportes"],"inLanguage":"es"},{"@type":"WebPage","@id":"https:\/\/noticiasmercedinas.com\/site\/2026\/04\/28\/emanuel-gomez-padula-obtuvo-el-segundo-puesto-en-el-torneo-rapido-de-abril-en-jauregui\/","url":"https:\/\/noticiasmercedinas.com\/site\/2026\/04\/28\/emanuel-gomez-padula-obtuvo-el-segundo-puesto-en-el-torneo-rapido-de-abril-en-jauregui\/","name":"Emanuel G\u00f3mez Padula obtuvo el segundo puesto en el Torneo R\u00e1pido de Abril en J\u00e1uregui","isPartOf":{"@id":"https:\/\/noticiasmercedinas.com\/site\/#website"},"primaryImageOfPage":{"@id":"https:\/\/noticiasmercedinas.com\/site\/2026\/04\/28\/emanuel-gomez-padula-obtuvo-el-segundo-puesto-en-el-torneo-rapido-de-abril-en-jauregui\/#primaryimage"},"image":{"@id":"https:\/\/noticiasmercedinas.com\/site\/2026\/04\/28\/emanuel-gomez-padula-obtuvo-el-segundo-puesto-en-el-torneo-rapido-de-abril-en-jauregui\/#primaryimage"},"thumbnailUrl":"https:\/\/noticiasmercedinas.com\/site\/wp-content\/uploads\/2026\/04\/a14a8f52-96e0-40a3-8ed5-48acf716c9d4.jpg","datePublished":"2026-04-28T21:56:21+00:00","breadcrumb":{"@id":"https:\/\/noticiasmercedinas.com\/site\/2026\/04\/28\/emanuel-gomez-padula-obtuvo-el-segundo-puesto-en-el-torneo-rapido-de-abril-en-jauregui\/#breadcrumb"},"inLanguage":"es","potentialAction":[{"@type":"ReadAction","target":["https:\/\/noticiasmercedinas.com\/site\/2026\/04\/28\/emanuel-gomez-padula-obtuvo-el-segundo-puesto-en-el-torneo-rapido-de-abril-en-jauregui\/"]}]},{"@type":"ImageObject","inLanguage":"es","@id":"https:\/\/noticiasmercedinas.com\/site\/2026\/04\/28\/emanuel-gomez-padula-obtuvo-el-segundo-puesto-en-el-torneo-rapido-de-abril-en-jauregui\/#primaryimage","url":"https:\/\/noticiasmercedinas.com\/site\/wp-content\/uploads\/2026\/04\/a14a8f52-96e0-40a3-8ed5-48acf716c9d4.jpg","contentUrl":"https:\/\/noticiasmercedinas.com\/site\/wp-content\/uploads\/2026\/04\/a14a8f52-96e0-40a3-8ed5-48acf716c9d4.jpg","width":640,"height":416},{"@type":"BreadcrumbList","@id":"https:\/\/noticiasmercedinas.com\/site\/2026\/04\/28\/emanuel-gomez-padula-obtuvo-el-segundo-puesto-en-el-torneo-rapido-de-abril-en-jauregui\/#breadcrumb","itemListElement":[{"@type":"ListItem","position":1,"name":"Portada","item":"https:\/\/noticiasmercedinas.com\/site\/"},{"@type":"ListItem","position":2,"name":"Emanuel G\u00f3mez Padula obtuvo el segundo puesto en el Torneo R\u00e1pido de Abril en J\u00e1uregui"}]},{"@type":"WebSite","@id":"https:\/\/noticiasmercedinas.com\/site\/#website","url":"https:\/\/noticiasmercedinas.com\/site\/","name":"NOTICIASMERCEDINAS.COM","description":"Mercedes, Buenos Aires, Argentina","publisher":{"@id":"https:\/\/noticiasmercedinas.com\/site\/#organization"},"potentialAction":[{"@type":"SearchAction","target":{"@type":"EntryPoint","urlTemplate":"https:\/\/noticiasmercedinas.com\/site\/?s={search_term_string}"},"query-input":{"@type":"PropertyValueSpecification","valueRequired":true,"valueName":"search_term_string"}}],"inLanguage":"es"},{"@type":"Organization","@id":"https:\/\/noticiasmercedinas.com\/site\/#organization","name":"NOTICIASMERCEDINAS.COM","url":"https:\/\/noticiasmercedinas.com\/site\/","logo":{"@type":"ImageObject","inLanguage":"es","@id":"https:\/\/noticiasmercedinas.com\/site\/#\/schema\/logo\/image\/","url":"https:\/\/noticiasmercedinas.com\/site\/wp-content\/uploads\/2020\/06\/LOGO-512.jpg","contentUrl":"https:\/\/noticiasmercedinas.com\/site\/wp-content\/uploads\/2020\/06\/LOGO-512.jpg","width":512,"height":512,"caption":"NOTICIASMERCEDINAS.COM"},"image":{"@id":"https:\/\/noticiasmercedinas.com\/site\/#\/schema\/logo\/image\/"},"sameAs":["https:\/\/www.facebook.com\/noticiasmercedinas\/","https:\/\/x.com\/notmercedinas","https:\/\/www.instagram.com\/noticiasmercedinas\/"]},{"@type":"Person","@id":"https:\/\/noticiasmercedinas.com\/site\/#\/schema\/person\/8f2f09d666ef40986eba4a5e6f2a06f9","name":"Juan Dagnino NOTICIASMERCEDINAS.COM","image":{"@type":"ImageObject","inLanguage":"es","@id":"https:\/\/secure.gravatar.com\/avatar\/fc7059a769f5a3cae65fadb228a3e4accf3a64b4b2305020d0a27e6d5333c91b?s=96&d=mm&r=g","url":"https:\/\/secure.gravatar.com\/avatar\/fc7059a769f5a3cae65fadb228a3e4accf3a64b4b2305020d0a27e6d5333c91b?s=96&d=mm&r=g","contentUrl":"https:\/\/secure.gravatar.com\/avatar\/fc7059a769f5a3cae65fadb228a3e4accf3a64b4b2305020d0a27e6d5333c91b?s=96&d=mm&r=g","caption":"Juan Dagnino NOTICIASMERCEDINAS.COM"},"url":"https:\/\/noticiasmercedinas.com\/site\/author\/juandagnino\/"}]}},"amp_enabled":true,"_links":{"self":[{"href":"https:\/\/noticiasmercedinas.com\/site\/wp-json\/wp\/v2\/posts\/185360","targetHints":{"allow":["GET"]}}],"collection":[{"href":"https:\/\/noticiasmercedinas.com\/site\/wp-json\/wp\/v2\/posts"}],"about":[{"href":"https:\/\/noticiasmercedinas.com\/site\/wp-json\/wp\/v2\/types\/post"}],"author":[{"embeddable":true,"href":"https:\/\/noticiasmercedinas.com\/site\/wp-json\/wp\/v2\/users\/6"}],"replies":[{"embeddable":true,"href":"https:\/\/noticiasmercedinas.com\/site\/wp-json\/wp\/v2\/comments?post=185360"}],"version-history":[{"count":1,"href":"https:\/\/noticiasmercedinas.com\/site\/wp-json\/wp\/v2\/posts\/185360\/revisions"}],"predecessor-version":[{"id":185363,"href":"https:\/\/noticiasmercedinas.com\/site\/wp-json\/wp\/v2\/posts\/185360\/revisions\/185363"}],"wp:featuredmedia":[{"embeddable":true,"href":"https:\/\/noticiasmercedinas.com\/site\/wp-json\/wp\/v2\/media\/185361"}],"wp:attachment":[{"href":"https:\/\/noticiasmercedinas.com\/site\/wp-json\/wp\/v2\/media?parent=185360"}],"wp:term":[{"taxonomy":"category","embeddable":true,"href":"https:\/\/noticiasmercedinas.com\/site\/wp-json\/wp\/v2\/categories?post=185360"},{"taxonomy":"post_tag","embeddable":true,"href":"https:\/\/noticiasmercedinas.com\/site\/wp-json\/wp\/v2\/tags?post=185360"}],"curies":[{"name":"wp","href":"https:\/\/api.w.org\/{rel}","templated":true}]}}