{"id":185376,"date":"2026-04-29T09:04:01","date_gmt":"2026-04-29T12:04:01","guid":{"rendered":"https:\/\/noticiasmercedinas.com\/site\/?p=185376"},"modified":"2026-04-29T09:04:01","modified_gmt":"2026-04-29T12:04:01","slug":"el-aeroclub-recibio-a-alumnos-del-colegio-misericordia-en-una-jornada-de-acercamiento-a-la-aviacion","status":"publish","type":"post","link":"https:\/\/noticiasmercedinas.com\/site\/2026\/04\/29\/el-aeroclub-recibio-a-alumnos-del-colegio-misericordia-en-una-jornada-de-acercamiento-a-la-aviacion\/","title":{"rendered":"El Aeroclub recibi\u00f3 a alumnos del Colegio Misericordia en una jornada de acercamiento a la aviaci\u00f3n"},"content":{"rendered":"<p><img loading=\"lazy\" decoding=\"async\" class=\"alignnone size-full wp-image-185377\" src=\"https:\/\/noticiasmercedinas.com\/site\/wp-content\/uploads\/2026\/04\/aeroclub02.jpg\" alt=\"\" width=\"640\" height=\"348\" srcset=\"https:\/\/noticiasmercedinas.com\/site\/wp-content\/uploads\/2026\/04\/aeroclub02.jpg 640w, https:\/\/noticiasmercedinas.com\/site\/wp-content\/uploads\/2026\/04\/aeroclub02-300x163.jpg 300w\" sizes=\"auto, (max-width: 640px) 100vw, 640px\" \/><\/p>\n<p>En una de sus actividades de apertura a la comunidad, el Aeroclub Mercedes fue escenario de una jornada educativa y recreativa para los alumnos del Jard\u00edn de Infantes Mar\u00eda Ludovica, perteneciente al Colegio Misericordia.<\/p>\n<p>La visita, realizada el pasado domingo, permiti\u00f3 que los ni\u00f1os, acompa\u00f1ados por sus familias y docentes, conocieran de cerca las instalaciones del aer\u00f3dromo local y el funcionamiento de las aeronaves.<\/p>\n<blockquote><p>Ni\u00f1os y familias del Jard\u00edn de Infantes Mar\u00eda Ludovica participaron de una visita educativa. Desde la instituci\u00f3n aeron\u00e1utica destacaron la importancia de fomentar la curiosidad y el aprendizaje sobre el mundo a\u00e9reo.<\/p><\/blockquote>\n<p>La delegaci\u00f3n escolar fue recibida por las autoridades del club, quienes guiaron a los peque\u00f1os en un recorrido dise\u00f1ado para despertar el inter\u00e9s por la aeron\u00e1utica. Durante la ma\u00f1ana, los alumnos pudieron interactuar con el entorno del aer\u00f3dromo, transformando el predio en un aula a cielo abierto donde el aprendizaje y la curiosidad fueron los protagonistas.<\/p>\n<p><strong>Reconocimiento a la labor docente<\/strong><br \/>\nDesde la comisi\u00f3n directiva del Aeroclub expresaron su satisfacci\u00f3n por el \u00e9xito de la convocatoria y agradecieron especialmente la iniciativa de la comunidad educativa del Colegio Misericordia.<\/p>\n<p>\u00abAgradecemos especialmente a la docente Romina Demattei y a todo el equipo por elegirnos y permitirnos ser parte de esta linda experiencia de aprendizaje y acercamiento al mundo de la aviaci\u00f3n\u00bb, destacaron desde la instituci\u00f3n anfitriona.<\/p>\n<p>Este tipo de visitas forma parte de la agenda institucional del Aeroclub, que busca posicionar al aer\u00f3dromo no solo como un centro de formaci\u00f3n de pilotos y actividad civil, sino tambi\u00e9n como un espacio de divulgaci\u00f3n para las nuevas generaciones de mercedinos.<\/p>\n<p>La jornada concluy\u00f3 con un clima de camarader\u00eda entre padres, maestros y miembros del club, quienes ya proyectan nuevos encuentros para continuar fortaleciendo el v\u00ednculo entre las instituciones educativas y la aviaci\u00f3n local.<\/p>\n<p><img loading=\"lazy\" decoding=\"async\" class=\"alignnone size-full wp-image-185378\" src=\"https:\/\/noticiasmercedinas.com\/site\/wp-content\/uploads\/2026\/04\/aeroclub01.jpg\" alt=\"\" width=\"640\" height=\"337\" srcset=\"https:\/\/noticiasmercedinas.com\/site\/wp-content\/uploads\/2026\/04\/aeroclub01.jpg 640w, https:\/\/noticiasmercedinas.com\/site\/wp-content\/uploads\/2026\/04\/aeroclub01-300x158.jpg 300w\" sizes=\"auto, (max-width: 640px) 100vw, 640px\" \/><\/p>\n","protected":false},"excerpt":{"rendered":"<p>En una de sus actividades de apertura a la comunidad, el Aeroclub Mercedes fue escenario de una jornada educativa y recreativa para los alumnos del Jard\u00edn de Infantes Mar\u00eda Ludovica, perteneciente al Colegio Misericordia. La visita, realizada el pasado domingo, permiti\u00f3 que los ni\u00f1os, acompa\u00f1ados por sus familias y docentes, conocieran de cerca las instalaciones [&hellip;]<\/p>\n","protected":false},"author":16,"featured_media":185377,"comment_status":"closed","ping_status":"closed","sticky":false,"template":"","format":"standard","meta":{"footnotes":""},"categories":[15755],"tags":[20618,5810,6034],"class_list":["post-185376","post","type-post","status-publish","format-standard","has-post-thumbnail","hentry","category-educacion","tag-aeroclub-mercedes","tag-colegio-misericordia","tag-jardin-de-infantes"],"yoast_head":"<!-- This site is optimized with the Yoast SEO plugin v27.5 - https:\/\/yoast.com\/product\/yoast-seo-wordpress\/ -->\n<title>El Aeroclub recibi\u00f3 a alumnos del Colegio Misericordia en una jornada de acercamiento a la aviaci\u00f3n<\/title>\n<meta name=\"description\" content=\"Ni\u00f1os y familias del Jard\u00edn de Infantes Mar\u00eda Ludovica participaron de una visita educativa. Desde la instituci\u00f3n aeron\u00e1utica destacaron la importancia de fomentar la curiosidad y el aprendizaje sobre el mundo a\u00e9reo.\" \/>\n<meta name=\"robots\" content=\"index, follow, max-snippet:-1, max-image-preview:large, max-video-preview:-1\" \/>\n<link rel=\"canonical\" href=\"https:\/\/noticiasmercedinas.com\/site\/2026\/04\/29\/el-aeroclub-recibio-a-alumnos-del-colegio-misericordia-en-una-jornada-de-acercamiento-a-la-aviacion\/\" \/>\n<meta property=\"og:locale\" content=\"es_ES\" \/>\n<meta property=\"og:type\" content=\"article\" \/>\n<meta property=\"og:title\" content=\"El Aeroclub recibi\u00f3 a alumnos del Colegio Misericordia en una jornada de acercamiento a la aviaci\u00f3n\" \/>\n<meta property=\"og:description\" content=\"Ni\u00f1os y familias del Jard\u00edn de Infantes Mar\u00eda Ludovica participaron de una visita educativa. Desde la instituci\u00f3n aeron\u00e1utica destacaron la importancia de fomentar la curiosidad y el aprendizaje sobre el mundo a\u00e9reo.\" \/>\n<meta property=\"og:url\" content=\"https:\/\/noticiasmercedinas.com\/site\/2026\/04\/29\/el-aeroclub-recibio-a-alumnos-del-colegio-misericordia-en-una-jornada-de-acercamiento-a-la-aviacion\/\" \/>\n<meta property=\"og:site_name\" content=\"NOTICIASMERCEDINAS.COM\" \/>\n<meta property=\"article:publisher\" content=\"https:\/\/www.facebook.com\/noticiasmercedinas\/\" \/>\n<meta property=\"article:published_time\" content=\"2026-04-29T12:04:01+00:00\" \/>\n<meta property=\"og:image\" content=\"https:\/\/noticiasmercedinas.com\/site\/wp-content\/uploads\/2026\/04\/aeroclub02.jpg\" \/>\n\t<meta property=\"og:image:width\" content=\"640\" \/>\n\t<meta property=\"og:image:height\" content=\"348\" \/>\n\t<meta property=\"og:image:type\" content=\"image\/jpeg\" \/>\n<meta name=\"author\" content=\"NOTICIASMERCEDINAS.COM\" \/>\n<meta name=\"twitter:card\" content=\"summary_large_image\" \/>\n<meta name=\"twitter:creator\" content=\"@notmercedinas\" \/>\n<meta name=\"twitter:site\" content=\"@notmercedinas\" \/>\n<meta name=\"twitter:label1\" content=\"Escrito por\" \/>\n\t<meta name=\"twitter:data1\" content=\"NOTICIASMERCEDINAS.COM\" \/>\n\t<meta name=\"twitter:label2\" content=\"Tiempo de lectura\" \/>\n\t<meta name=\"twitter:data2\" content=\"2 minutos\" \/>\n<script type=\"application\/ld+json\" class=\"yoast-schema-graph\">{\"@context\":\"https:\\\/\\\/schema.org\",\"@graph\":[{\"@type\":\"Article\",\"@id\":\"https:\\\/\\\/noticiasmercedinas.com\\\/site\\\/2026\\\/04\\\/29\\\/el-aeroclub-recibio-a-alumnos-del-colegio-misericordia-en-una-jornada-de-acercamiento-a-la-aviacion\\\/#article\",\"isPartOf\":{\"@id\":\"https:\\\/\\\/noticiasmercedinas.com\\\/site\\\/2026\\\/04\\\/29\\\/el-aeroclub-recibio-a-alumnos-del-colegio-misericordia-en-una-jornada-de-acercamiento-a-la-aviacion\\\/\"},\"author\":{\"name\":\"NOTICIASMERCEDINAS.COM\",\"@id\":\"https:\\\/\\\/noticiasmercedinas.com\\\/site\\\/#\\\/schema\\\/person\\\/84b59c099c28ff2e8b77d4ceec5d8063\"},\"headline\":\"El Aeroclub recibi\u00f3 a alumnos del Colegio Misericordia en una jornada de acercamiento a la aviaci\u00f3n\",\"datePublished\":\"2026-04-29T12:04:01+00:00\",\"mainEntityOfPage\":{\"@id\":\"https:\\\/\\\/noticiasmercedinas.com\\\/site\\\/2026\\\/04\\\/29\\\/el-aeroclub-recibio-a-alumnos-del-colegio-misericordia-en-una-jornada-de-acercamiento-a-la-aviacion\\\/\"},\"wordCount\":341,\"publisher\":{\"@id\":\"https:\\\/\\\/noticiasmercedinas.com\\\/site\\\/#organization\"},\"image\":{\"@id\":\"https:\\\/\\\/noticiasmercedinas.com\\\/site\\\/2026\\\/04\\\/29\\\/el-aeroclub-recibio-a-alumnos-del-colegio-misericordia-en-una-jornada-de-acercamiento-a-la-aviacion\\\/#primaryimage\"},\"thumbnailUrl\":\"https:\\\/\\\/noticiasmercedinas.com\\\/site\\\/wp-content\\\/uploads\\\/2026\\\/04\\\/aeroclub02.jpg\",\"keywords\":[\"aeroclub mercedes\",\"colegio misericordia\",\"jard\u00edn de infantes\"],\"articleSection\":[\"Educacion\"],\"inLanguage\":\"es\"},{\"@type\":\"WebPage\",\"@id\":\"https:\\\/\\\/noticiasmercedinas.com\\\/site\\\/2026\\\/04\\\/29\\\/el-aeroclub-recibio-a-alumnos-del-colegio-misericordia-en-una-jornada-de-acercamiento-a-la-aviacion\\\/\",\"url\":\"https:\\\/\\\/noticiasmercedinas.com\\\/site\\\/2026\\\/04\\\/29\\\/el-aeroclub-recibio-a-alumnos-del-colegio-misericordia-en-una-jornada-de-acercamiento-a-la-aviacion\\\/\",\"name\":\"El Aeroclub recibi\u00f3 a alumnos del Colegio Misericordia en una jornada de acercamiento a la aviaci\u00f3n\",\"isPartOf\":{\"@id\":\"https:\\\/\\\/noticiasmercedinas.com\\\/site\\\/#website\"},\"primaryImageOfPage\":{\"@id\":\"https:\\\/\\\/noticiasmercedinas.com\\\/site\\\/2026\\\/04\\\/29\\\/el-aeroclub-recibio-a-alumnos-del-colegio-misericordia-en-una-jornada-de-acercamiento-a-la-aviacion\\\/#primaryimage\"},\"image\":{\"@id\":\"https:\\\/\\\/noticiasmercedinas.com\\\/site\\\/2026\\\/04\\\/29\\\/el-aeroclub-recibio-a-alumnos-del-colegio-misericordia-en-una-jornada-de-acercamiento-a-la-aviacion\\\/#primaryimage\"},\"thumbnailUrl\":\"https:\\\/\\\/noticiasmercedinas.com\\\/site\\\/wp-content\\\/uploads\\\/2026\\\/04\\\/aeroclub02.jpg\",\"datePublished\":\"2026-04-29T12:04:01+00:00\",\"description\":\"Ni\u00f1os y familias del Jard\u00edn de Infantes Mar\u00eda Ludovica participaron de una visita educativa. Desde la instituci\u00f3n aeron\u00e1utica destacaron la importancia de fomentar la curiosidad y el aprendizaje sobre el mundo a\u00e9reo.\",\"breadcrumb\":{\"@id\":\"https:\\\/\\\/noticiasmercedinas.com\\\/site\\\/2026\\\/04\\\/29\\\/el-aeroclub-recibio-a-alumnos-del-colegio-misericordia-en-una-jornada-de-acercamiento-a-la-aviacion\\\/#breadcrumb\"},\"inLanguage\":\"es\",\"potentialAction\":[{\"@type\":\"ReadAction\",\"target\":[\"https:\\\/\\\/noticiasmercedinas.com\\\/site\\\/2026\\\/04\\\/29\\\/el-aeroclub-recibio-a-alumnos-del-colegio-misericordia-en-una-jornada-de-acercamiento-a-la-aviacion\\\/\"]}]},{\"@type\":\"ImageObject\",\"inLanguage\":\"es\",\"@id\":\"https:\\\/\\\/noticiasmercedinas.com\\\/site\\\/2026\\\/04\\\/29\\\/el-aeroclub-recibio-a-alumnos-del-colegio-misericordia-en-una-jornada-de-acercamiento-a-la-aviacion\\\/#primaryimage\",\"url\":\"https:\\\/\\\/noticiasmercedinas.com\\\/site\\\/wp-content\\\/uploads\\\/2026\\\/04\\\/aeroclub02.jpg\",\"contentUrl\":\"https:\\\/\\\/noticiasmercedinas.com\\\/site\\\/wp-content\\\/uploads\\\/2026\\\/04\\\/aeroclub02.jpg\",\"width\":640,\"height\":348},{\"@type\":\"BreadcrumbList\",\"@id\":\"https:\\\/\\\/noticiasmercedinas.com\\\/site\\\/2026\\\/04\\\/29\\\/el-aeroclub-recibio-a-alumnos-del-colegio-misericordia-en-una-jornada-de-acercamiento-a-la-aviacion\\\/#breadcrumb\",\"itemListElement\":[{\"@type\":\"ListItem\",\"position\":1,\"name\":\"Portada\",\"item\":\"https:\\\/\\\/noticiasmercedinas.com\\\/site\\\/\"},{\"@type\":\"ListItem\",\"position\":2,\"name\":\"El Aeroclub recibi\u00f3 a alumnos del Colegio Misericordia en una jornada de acercamiento a la aviaci\u00f3n\"}]},{\"@type\":\"WebSite\",\"@id\":\"https:\\\/\\\/noticiasmercedinas.com\\\/site\\\/#website\",\"url\":\"https:\\\/\\\/noticiasmercedinas.com\\\/site\\\/\",\"name\":\"NOTICIASMERCEDINAS.COM\",\"description\":\"Mercedes, Buenos Aires, Argentina\",\"publisher\":{\"@id\":\"https:\\\/\\\/noticiasmercedinas.com\\\/site\\\/#organization\"},\"potentialAction\":[{\"@type\":\"SearchAction\",\"target\":{\"@type\":\"EntryPoint\",\"urlTemplate\":\"https:\\\/\\\/noticiasmercedinas.com\\\/site\\\/?s={search_term_string}\"},\"query-input\":{\"@type\":\"PropertyValueSpecification\",\"valueRequired\":true,\"valueName\":\"search_term_string\"}}],\"inLanguage\":\"es\"},{\"@type\":\"Organization\",\"@id\":\"https:\\\/\\\/noticiasmercedinas.com\\\/site\\\/#organization\",\"name\":\"NOTICIASMERCEDINAS.COM\",\"url\":\"https:\\\/\\\/noticiasmercedinas.com\\\/site\\\/\",\"logo\":{\"@type\":\"ImageObject\",\"inLanguage\":\"es\",\"@id\":\"https:\\\/\\\/noticiasmercedinas.com\\\/site\\\/#\\\/schema\\\/logo\\\/image\\\/\",\"url\":\"https:\\\/\\\/noticiasmercedinas.com\\\/site\\\/wp-content\\\/uploads\\\/2020\\\/06\\\/LOGO-512.jpg\",\"contentUrl\":\"https:\\\/\\\/noticiasmercedinas.com\\\/site\\\/wp-content\\\/uploads\\\/2020\\\/06\\\/LOGO-512.jpg\",\"width\":512,\"height\":512,\"caption\":\"NOTICIASMERCEDINAS.COM\"},\"image\":{\"@id\":\"https:\\\/\\\/noticiasmercedinas.com\\\/site\\\/#\\\/schema\\\/logo\\\/image\\\/\"},\"sameAs\":[\"https:\\\/\\\/www.facebook.com\\\/noticiasmercedinas\\\/\",\"https:\\\/\\\/x.com\\\/notmercedinas\",\"https:\\\/\\\/www.instagram.com\\\/noticiasmercedinas\\\/\"]},{\"@type\":\"Person\",\"@id\":\"https:\\\/\\\/noticiasmercedinas.com\\\/site\\\/#\\\/schema\\\/person\\\/84b59c099c28ff2e8b77d4ceec5d8063\",\"name\":\"NOTICIASMERCEDINAS.COM\",\"image\":{\"@type\":\"ImageObject\",\"inLanguage\":\"es\",\"@id\":\"https:\\\/\\\/secure.gravatar.com\\\/avatar\\\/4dfbf16b4d17945bfb6341b2d19043457132fcf478a5ee04f42e959fd8f5df0a?s=96&d=mm&r=g\",\"url\":\"https:\\\/\\\/secure.gravatar.com\\\/avatar\\\/4dfbf16b4d17945bfb6341b2d19043457132fcf478a5ee04f42e959fd8f5df0a?s=96&d=mm&r=g\",\"contentUrl\":\"https:\\\/\\\/secure.gravatar.com\\\/avatar\\\/4dfbf16b4d17945bfb6341b2d19043457132fcf478a5ee04f42e959fd8f5df0a?s=96&d=mm&r=g\",\"caption\":\"NOTICIASMERCEDINAS.COM\"},\"url\":\"https:\\\/\\\/noticiasmercedinas.com\\\/site\\\/author\\\/anonimo\\\/\"}]}<\/script>\n<!-- \/ Yoast SEO plugin. -->","yoast_head_json":{"title":"El Aeroclub recibi\u00f3 a alumnos del Colegio Misericordia en una jornada de acercamiento a la aviaci\u00f3n","description":"Ni\u00f1os y familias del Jard\u00edn de Infantes Mar\u00eda Ludovica participaron de una visita educativa. Desde la instituci\u00f3n aeron\u00e1utica destacaron la importancia de fomentar la curiosidad y el aprendizaje sobre el mundo a\u00e9reo.","robots":{"index":"index","follow":"follow","max-snippet":"max-snippet:-1","max-image-preview":"max-image-preview:large","max-video-preview":"max-video-preview:-1"},"canonical":"https:\/\/noticiasmercedinas.com\/site\/2026\/04\/29\/el-aeroclub-recibio-a-alumnos-del-colegio-misericordia-en-una-jornada-de-acercamiento-a-la-aviacion\/","og_locale":"es_ES","og_type":"article","og_title":"El Aeroclub recibi\u00f3 a alumnos del Colegio Misericordia en una jornada de acercamiento a la aviaci\u00f3n","og_description":"Ni\u00f1os y familias del Jard\u00edn de Infantes Mar\u00eda Ludovica participaron de una visita educativa. Desde la instituci\u00f3n aeron\u00e1utica destacaron la importancia de fomentar la curiosidad y el aprendizaje sobre el mundo a\u00e9reo.","og_url":"https:\/\/noticiasmercedinas.com\/site\/2026\/04\/29\/el-aeroclub-recibio-a-alumnos-del-colegio-misericordia-en-una-jornada-de-acercamiento-a-la-aviacion\/","og_site_name":"NOTICIASMERCEDINAS.COM","article_publisher":"https:\/\/www.facebook.com\/noticiasmercedinas\/","article_published_time":"2026-04-29T12:04:01+00:00","og_image":[{"width":640,"height":348,"url":"https:\/\/noticiasmercedinas.com\/site\/wp-content\/uploads\/2026\/04\/aeroclub02.jpg","type":"image\/jpeg"}],"author":"NOTICIASMERCEDINAS.COM","twitter_card":"summary_large_image","twitter_creator":"@notmercedinas","twitter_site":"@notmercedinas","twitter_misc":{"Escrito por":"NOTICIASMERCEDINAS.COM","Tiempo de lectura":"2 minutos"},"schema":{"@context":"https:\/\/schema.org","@graph":[{"@type":"Article","@id":"https:\/\/noticiasmercedinas.com\/site\/2026\/04\/29\/el-aeroclub-recibio-a-alumnos-del-colegio-misericordia-en-una-jornada-de-acercamiento-a-la-aviacion\/#article","isPartOf":{"@id":"https:\/\/noticiasmercedinas.com\/site\/2026\/04\/29\/el-aeroclub-recibio-a-alumnos-del-colegio-misericordia-en-una-jornada-de-acercamiento-a-la-aviacion\/"},"author":{"name":"NOTICIASMERCEDINAS.COM","@id":"https:\/\/noticiasmercedinas.com\/site\/#\/schema\/person\/84b59c099c28ff2e8b77d4ceec5d8063"},"headline":"El Aeroclub recibi\u00f3 a alumnos del Colegio Misericordia en una jornada de acercamiento a la aviaci\u00f3n","datePublished":"2026-04-29T12:04:01+00:00","mainEntityOfPage":{"@id":"https:\/\/noticiasmercedinas.com\/site\/2026\/04\/29\/el-aeroclub-recibio-a-alumnos-del-colegio-misericordia-en-una-jornada-de-acercamiento-a-la-aviacion\/"},"wordCount":341,"publisher":{"@id":"https:\/\/noticiasmercedinas.com\/site\/#organization"},"image":{"@id":"https:\/\/noticiasmercedinas.com\/site\/2026\/04\/29\/el-aeroclub-recibio-a-alumnos-del-colegio-misericordia-en-una-jornada-de-acercamiento-a-la-aviacion\/#primaryimage"},"thumbnailUrl":"https:\/\/noticiasmercedinas.com\/site\/wp-content\/uploads\/2026\/04\/aeroclub02.jpg","keywords":["aeroclub mercedes","colegio misericordia","jard\u00edn de infantes"],"articleSection":["Educacion"],"inLanguage":"es"},{"@type":"WebPage","@id":"https:\/\/noticiasmercedinas.com\/site\/2026\/04\/29\/el-aeroclub-recibio-a-alumnos-del-colegio-misericordia-en-una-jornada-de-acercamiento-a-la-aviacion\/","url":"https:\/\/noticiasmercedinas.com\/site\/2026\/04\/29\/el-aeroclub-recibio-a-alumnos-del-colegio-misericordia-en-una-jornada-de-acercamiento-a-la-aviacion\/","name":"El Aeroclub recibi\u00f3 a alumnos del Colegio Misericordia en una jornada de acercamiento a la aviaci\u00f3n","isPartOf":{"@id":"https:\/\/noticiasmercedinas.com\/site\/#website"},"primaryImageOfPage":{"@id":"https:\/\/noticiasmercedinas.com\/site\/2026\/04\/29\/el-aeroclub-recibio-a-alumnos-del-colegio-misericordia-en-una-jornada-de-acercamiento-a-la-aviacion\/#primaryimage"},"image":{"@id":"https:\/\/noticiasmercedinas.com\/site\/2026\/04\/29\/el-aeroclub-recibio-a-alumnos-del-colegio-misericordia-en-una-jornada-de-acercamiento-a-la-aviacion\/#primaryimage"},"thumbnailUrl":"https:\/\/noticiasmercedinas.com\/site\/wp-content\/uploads\/2026\/04\/aeroclub02.jpg","datePublished":"2026-04-29T12:04:01+00:00","description":"Ni\u00f1os y familias del Jard\u00edn de Infantes Mar\u00eda Ludovica participaron de una visita educativa. Desde la instituci\u00f3n aeron\u00e1utica destacaron la importancia de fomentar la curiosidad y el aprendizaje sobre el mundo a\u00e9reo.","breadcrumb":{"@id":"https:\/\/noticiasmercedinas.com\/site\/2026\/04\/29\/el-aeroclub-recibio-a-alumnos-del-colegio-misericordia-en-una-jornada-de-acercamiento-a-la-aviacion\/#breadcrumb"},"inLanguage":"es","potentialAction":[{"@type":"ReadAction","target":["https:\/\/noticiasmercedinas.com\/site\/2026\/04\/29\/el-aeroclub-recibio-a-alumnos-del-colegio-misericordia-en-una-jornada-de-acercamiento-a-la-aviacion\/"]}]},{"@type":"ImageObject","inLanguage":"es","@id":"https:\/\/noticiasmercedinas.com\/site\/2026\/04\/29\/el-aeroclub-recibio-a-alumnos-del-colegio-misericordia-en-una-jornada-de-acercamiento-a-la-aviacion\/#primaryimage","url":"https:\/\/noticiasmercedinas.com\/site\/wp-content\/uploads\/2026\/04\/aeroclub02.jpg","contentUrl":"https:\/\/noticiasmercedinas.com\/site\/wp-content\/uploads\/2026\/04\/aeroclub02.jpg","width":640,"height":348},{"@type":"BreadcrumbList","@id":"https:\/\/noticiasmercedinas.com\/site\/2026\/04\/29\/el-aeroclub-recibio-a-alumnos-del-colegio-misericordia-en-una-jornada-de-acercamiento-a-la-aviacion\/#breadcrumb","itemListElement":[{"@type":"ListItem","position":1,"name":"Portada","item":"https:\/\/noticiasmercedinas.com\/site\/"},{"@type":"ListItem","position":2,"name":"El Aeroclub recibi\u00f3 a alumnos del Colegio Misericordia en una jornada de acercamiento a la aviaci\u00f3n"}]},{"@type":"WebSite","@id":"https:\/\/noticiasmercedinas.com\/site\/#website","url":"https:\/\/noticiasmercedinas.com\/site\/","name":"NOTICIASMERCEDINAS.COM","description":"Mercedes, Buenos Aires, Argentina","publisher":{"@id":"https:\/\/noticiasmercedinas.com\/site\/#organization"},"potentialAction":[{"@type":"SearchAction","target":{"@type":"EntryPoint","urlTemplate":"https:\/\/noticiasmercedinas.com\/site\/?s={search_term_string}"},"query-input":{"@type":"PropertyValueSpecification","valueRequired":true,"valueName":"search_term_string"}}],"inLanguage":"es"},{"@type":"Organization","@id":"https:\/\/noticiasmercedinas.com\/site\/#organization","name":"NOTICIASMERCEDINAS.COM","url":"https:\/\/noticiasmercedinas.com\/site\/","logo":{"@type":"ImageObject","inLanguage":"es","@id":"https:\/\/noticiasmercedinas.com\/site\/#\/schema\/logo\/image\/","url":"https:\/\/noticiasmercedinas.com\/site\/wp-content\/uploads\/2020\/06\/LOGO-512.jpg","contentUrl":"https:\/\/noticiasmercedinas.com\/site\/wp-content\/uploads\/2020\/06\/LOGO-512.jpg","width":512,"height":512,"caption":"NOTICIASMERCEDINAS.COM"},"image":{"@id":"https:\/\/noticiasmercedinas.com\/site\/#\/schema\/logo\/image\/"},"sameAs":["https:\/\/www.facebook.com\/noticiasmercedinas\/","https:\/\/x.com\/notmercedinas","https:\/\/www.instagram.com\/noticiasmercedinas\/"]},{"@type":"Person","@id":"https:\/\/noticiasmercedinas.com\/site\/#\/schema\/person\/84b59c099c28ff2e8b77d4ceec5d8063","name":"NOTICIASMERCEDINAS.COM","image":{"@type":"ImageObject","inLanguage":"es","@id":"https:\/\/secure.gravatar.com\/avatar\/4dfbf16b4d17945bfb6341b2d19043457132fcf478a5ee04f42e959fd8f5df0a?s=96&d=mm&r=g","url":"https:\/\/secure.gravatar.com\/avatar\/4dfbf16b4d17945bfb6341b2d19043457132fcf478a5ee04f42e959fd8f5df0a?s=96&d=mm&r=g","contentUrl":"https:\/\/secure.gravatar.com\/avatar\/4dfbf16b4d17945bfb6341b2d19043457132fcf478a5ee04f42e959fd8f5df0a?s=96&d=mm&r=g","caption":"NOTICIASMERCEDINAS.COM"},"url":"https:\/\/noticiasmercedinas.com\/site\/author\/anonimo\/"}]}},"amp_enabled":true,"_links":{"self":[{"href":"https:\/\/noticiasmercedinas.com\/site\/wp-json\/wp\/v2\/posts\/185376","targetHints":{"allow":["GET"]}}],"collection":[{"href":"https:\/\/noticiasmercedinas.com\/site\/wp-json\/wp\/v2\/posts"}],"about":[{"href":"https:\/\/noticiasmercedinas.com\/site\/wp-json\/wp\/v2\/types\/post"}],"author":[{"embeddable":true,"href":"https:\/\/noticiasmercedinas.com\/site\/wp-json\/wp\/v2\/users\/16"}],"replies":[{"embeddable":true,"href":"https:\/\/noticiasmercedinas.com\/site\/wp-json\/wp\/v2\/comments?post=185376"}],"version-history":[{"count":1,"href":"https:\/\/noticiasmercedinas.com\/site\/wp-json\/wp\/v2\/posts\/185376\/revisions"}],"predecessor-version":[{"id":185379,"href":"https:\/\/noticiasmercedinas.com\/site\/wp-json\/wp\/v2\/posts\/185376\/revisions\/185379"}],"wp:featuredmedia":[{"embeddable":true,"href":"https:\/\/noticiasmercedinas.com\/site\/wp-json\/wp\/v2\/media\/185377"}],"wp:attachment":[{"href":"https:\/\/noticiasmercedinas.com\/site\/wp-json\/wp\/v2\/media?parent=185376"}],"wp:term":[{"taxonomy":"category","embeddable":true,"href":"https:\/\/noticiasmercedinas.com\/site\/wp-json\/wp\/v2\/categories?post=185376"},{"taxonomy":"post_tag","embeddable":true,"href":"https:\/\/noticiasmercedinas.com\/site\/wp-json\/wp\/v2\/tags?post=185376"}],"curies":[{"name":"wp","href":"https:\/\/api.w.org\/{rel}","templated":true}]}}