{"id":185383,"date":"2026-04-29T09:27:35","date_gmt":"2026-04-29T12:27:35","guid":{"rendered":"https:\/\/noticiasmercedinas.com\/site\/?p=185383"},"modified":"2026-04-29T09:27:35","modified_gmt":"2026-04-29T12:27:35","slug":"discapacidad-de-pedro-y-referentes-del-pj-analizan-iniciativa-inhumana-y-regresiva-de-proyecto-de-ley","status":"publish","type":"post","link":"https:\/\/noticiasmercedinas.com\/site\/2026\/04\/29\/discapacidad-de-pedro-y-referentes-del-pj-analizan-iniciativa-inhumana-y-regresiva-de-proyecto-de-ley\/","title":{"rendered":"Discapacidad: De Pedro y referentes del PJ analizan iniciativa \u00abinhumana y regresiva\u00bb de proyecto de ley"},"content":{"rendered":"<p><img loading=\"lazy\" decoding=\"async\" class=\"alignnone size-full wp-image-185386\" src=\"https:\/\/noticiasmercedinas.com\/site\/wp-content\/uploads\/2026\/04\/depedro01.jpg\" alt=\"\" width=\"640\" height=\"441\" srcset=\"https:\/\/noticiasmercedinas.com\/site\/wp-content\/uploads\/2026\/04\/depedro01.jpg 640w, https:\/\/noticiasmercedinas.com\/site\/wp-content\/uploads\/2026\/04\/depedro01-300x207.jpg 300w\" sizes=\"auto, (max-width: 640px) 100vw, 640px\" \/><\/p>\n<p>En la sede del Partido Justicialista (PJ), el senador nacional Eduardo \u00abWado\u00bb de Pedro encabez\u00f3 una reuni\u00f3n clave con organizaciones que representan a personas con discapacidad. El encuentro tuvo como eje central el an\u00e1lisis del proyecto de ley impulsado por el Gobierno Nacional, el cual fue calificado por los dirigentes como un retroceso institucional y social sin precedentes en la materia.<\/p>\n<p>Acompa\u00f1ado por figuras de peso en el peronismo como Fernanda Raverta, Anabel Fern\u00e1ndez Sagasti y Teresa Garc\u00eda, De Pedro denunci\u00f3 que la iniciativa oficialista instala una \u00abl\u00f3gica de sospecha\u00bb sobre el beneficiario.<\/p>\n<blockquote><p>De Pedro denunci\u00f3 que la iniciativa oficialista instala una \u00abl\u00f3gica de sospecha\u00bb sobre el beneficiario.<\/p><\/blockquote>\n<p>Seg\u00fan el senador, el proyecto no solo estigmatiza a las personas con discapacidad, sino que criminaliza su situaci\u00f3n al imponer trabas burocr\u00e1ticas que restringen el acceso a las pensiones no contributivas.<\/p>\n<p><img loading=\"lazy\" decoding=\"async\" class=\"size-full wp-image-185384 aligncenter\" src=\"https:\/\/noticiasmercedinas.com\/site\/wp-content\/uploads\/2026\/04\/discapacidad01.jpg\" alt=\"\" width=\"570\" height=\"805\" srcset=\"https:\/\/noticiasmercedinas.com\/site\/wp-content\/uploads\/2026\/04\/discapacidad01.jpg 570w, https:\/\/noticiasmercedinas.com\/site\/wp-content\/uploads\/2026\/04\/discapacidad01-212x300.jpg 212w\" sizes=\"auto, (max-width: 570px) 100vw, 570px\" \/><\/p>\n<p><strong>Los ejes de la cr\u00edtica: exclusi\u00f3n y discrecionalidad<\/strong><br \/>\nDurante el encuentro, los referentes detallaron los puntos m\u00e1s preocupantes del proyecto que el Ejecutivo envi\u00f3 al Congreso:<\/p>\n<ul>\n<li>Estigmatizaci\u00f3n laboral: De Pedro advirti\u00f3 que la norma excluye a quienes intentan insertarse en el mercado de trabajo, oblig\u00e1ndolos a elegir entre un empleo o el respaldo del Estado.<\/li>\n<li>Reducci\u00f3n de cobertura: Se denunci\u00f3 que el texto reduce los alcances de la asistencia actual y transforma las obligaciones del Estado en \u00abdecisiones discrecionales\u00bb del funcionario de turno.<\/li>\n<li>Falta de presupuesto: Se\u00f1alaron que el Gobierno ignora la Ley de Emergencia en Discapacidad, sancionada por el Congreso con amplia mayor\u00eda.<\/li>\n<\/ul>\n<p><strong>El rol del Congreso ante el veto presidencial<\/strong><br \/>\nLa reuni\u00f3n sirvi\u00f3 para coordinar una estrategia parlamentaria que frene el avance de esta normativa. El bloque record\u00f3 que la Ley de Emergencia en Discapacidad ya fue ratificada por ambas c\u00e1maras luego de que el presidente Javier Milei intentara vetarla.<\/p>\n<p>\u00abEs una iniciativa inhumana que reduce el cumplimiento de las obligaciones del Estado a decisiones discrecionales del gobierno de turno. Vamos a trabajar para que el Congreso la rechace\u00bb, sentenci\u00f3 De Pedro tras el encuentro.<\/p>\n<p>El compromiso de los dirigentes incluye trabajar de manera conjunta con las organizaciones de la sociedad civil para visibilizar el impacto que estas medidas tendr\u00edan en la calidad de vida de miles de familias argentinas.<\/p>\n<p><img loading=\"lazy\" decoding=\"async\" class=\"alignnone size-full wp-image-185385\" src=\"https:\/\/noticiasmercedinas.com\/site\/wp-content\/uploads\/2026\/04\/depedro02.jpg\" alt=\"\" width=\"640\" height=\"422\" srcset=\"https:\/\/noticiasmercedinas.com\/site\/wp-content\/uploads\/2026\/04\/depedro02.jpg 640w, https:\/\/noticiasmercedinas.com\/site\/wp-content\/uploads\/2026\/04\/depedro02-300x198.jpg 300w\" sizes=\"auto, (max-width: 640px) 100vw, 640px\" \/><\/p>\n","protected":false},"excerpt":{"rendered":"<p>\u25a0 El senador mercedino, junto a Fernanda Raverta, Anabel Fern\u00e1ndez Sagasti y Teresa Garc\u00eda, recibi\u00f3 a organizaciones del sector. Denunciaron que la propuesta del Gobierno Nacional busca restringir el acceso a pensiones y derechos b\u00e1sicos.<\/p>\n","protected":false},"author":16,"featured_media":185386,"comment_status":"closed","ping_status":"closed","sticky":false,"template":"","format":"standard","meta":{"footnotes":""},"categories":[16],"tags":[68,324,1489,1050],"class_list":["post-185383","post","type-post","status-publish","format-standard","has-post-thumbnail","hentry","category-politica","tag-discapacidad","tag-eduardo-de-pedro","tag-pj","tag-politica"],"yoast_head":"<!-- This site is optimized with the Yoast SEO plugin v27.5 - https:\/\/yoast.com\/product\/yoast-seo-wordpress\/ -->\n<title>Discapacidad: De Pedro y referentes del PJ analizan iniciativa &quot;inhumana y regresiva&quot; de proyecto de ley<\/title>\n<meta name=\"description\" content=\"El senador mercedino, junto a Fernanda Raverta, Anabel Fern\u00e1ndez Sagasti y Teresa Garc\u00eda, recibi\u00f3 a organizaciones del sector. Denunciaron que la propuesta del Gobierno Nacional busca restringir el acceso a pensiones y derechos b\u00e1sicos.\" \/>\n<meta name=\"robots\" content=\"index, follow, max-snippet:-1, max-image-preview:large, max-video-preview:-1\" \/>\n<link rel=\"canonical\" href=\"https:\/\/noticiasmercedinas.com\/site\/2026\/04\/29\/discapacidad-de-pedro-y-referentes-del-pj-analizan-iniciativa-inhumana-y-regresiva-de-proyecto-de-ley\/\" \/>\n<meta property=\"og:locale\" content=\"es_ES\" \/>\n<meta property=\"og:type\" content=\"article\" \/>\n<meta property=\"og:title\" content=\"Discapacidad: De Pedro y referentes del PJ analizan iniciativa &quot;inhumana y regresiva&quot; de proyecto de ley\" \/>\n<meta property=\"og:description\" content=\"El senador mercedino, junto a Fernanda Raverta, Anabel Fern\u00e1ndez Sagasti y Teresa Garc\u00eda, recibi\u00f3 a organizaciones del sector. Denunciaron que la propuesta del Gobierno Nacional busca restringir el acceso a pensiones y derechos b\u00e1sicos.\" \/>\n<meta property=\"og:url\" content=\"https:\/\/noticiasmercedinas.com\/site\/2026\/04\/29\/discapacidad-de-pedro-y-referentes-del-pj-analizan-iniciativa-inhumana-y-regresiva-de-proyecto-de-ley\/\" \/>\n<meta property=\"og:site_name\" content=\"NOTICIASMERCEDINAS.COM\" \/>\n<meta property=\"article:publisher\" content=\"https:\/\/www.facebook.com\/noticiasmercedinas\/\" \/>\n<meta property=\"article:published_time\" content=\"2026-04-29T12:27:35+00:00\" \/>\n<meta property=\"og:image\" content=\"https:\/\/noticiasmercedinas.com\/site\/wp-content\/uploads\/2026\/04\/depedro01.jpg\" \/>\n\t<meta property=\"og:image:width\" content=\"640\" \/>\n\t<meta property=\"og:image:height\" content=\"441\" \/>\n\t<meta property=\"og:image:type\" content=\"image\/jpeg\" \/>\n<meta name=\"author\" content=\"NOTICIASMERCEDINAS.COM\" \/>\n<meta name=\"twitter:card\" content=\"summary_large_image\" \/>\n<meta name=\"twitter:creator\" content=\"@notmercedinas\" \/>\n<meta name=\"twitter:site\" content=\"@notmercedinas\" \/>\n<meta name=\"twitter:label1\" content=\"Escrito por\" \/>\n\t<meta name=\"twitter:data1\" content=\"NOTICIASMERCEDINAS.COM\" \/>\n\t<meta name=\"twitter:label2\" content=\"Tiempo de lectura\" \/>\n\t<meta name=\"twitter:data2\" content=\"3 minutos\" \/>\n<script type=\"application\/ld+json\" class=\"yoast-schema-graph\">{\"@context\":\"https:\\\/\\\/schema.org\",\"@graph\":[{\"@type\":\"Article\",\"@id\":\"https:\\\/\\\/noticiasmercedinas.com\\\/site\\\/2026\\\/04\\\/29\\\/discapacidad-de-pedro-y-referentes-del-pj-analizan-iniciativa-inhumana-y-regresiva-de-proyecto-de-ley\\\/#article\",\"isPartOf\":{\"@id\":\"https:\\\/\\\/noticiasmercedinas.com\\\/site\\\/2026\\\/04\\\/29\\\/discapacidad-de-pedro-y-referentes-del-pj-analizan-iniciativa-inhumana-y-regresiva-de-proyecto-de-ley\\\/\"},\"author\":{\"name\":\"NOTICIASMERCEDINAS.COM\",\"@id\":\"https:\\\/\\\/noticiasmercedinas.com\\\/site\\\/#\\\/schema\\\/person\\\/84b59c099c28ff2e8b77d4ceec5d8063\"},\"headline\":\"Discapacidad: De Pedro y referentes del PJ analizan iniciativa \u00abinhumana y regresiva\u00bb de proyecto de ley\",\"datePublished\":\"2026-04-29T12:27:35+00:00\",\"mainEntityOfPage\":{\"@id\":\"https:\\\/\\\/noticiasmercedinas.com\\\/site\\\/2026\\\/04\\\/29\\\/discapacidad-de-pedro-y-referentes-del-pj-analizan-iniciativa-inhumana-y-regresiva-de-proyecto-de-ley\\\/\"},\"wordCount\":398,\"publisher\":{\"@id\":\"https:\\\/\\\/noticiasmercedinas.com\\\/site\\\/#organization\"},\"image\":{\"@id\":\"https:\\\/\\\/noticiasmercedinas.com\\\/site\\\/2026\\\/04\\\/29\\\/discapacidad-de-pedro-y-referentes-del-pj-analizan-iniciativa-inhumana-y-regresiva-de-proyecto-de-ley\\\/#primaryimage\"},\"thumbnailUrl\":\"https:\\\/\\\/noticiasmercedinas.com\\\/site\\\/wp-content\\\/uploads\\\/2026\\\/04\\\/depedro01.jpg\",\"keywords\":[\"discapacidad\",\"eduardo de pedro\",\"pj\",\"politica\"],\"articleSection\":[\"Politica\"],\"inLanguage\":\"es\"},{\"@type\":\"WebPage\",\"@id\":\"https:\\\/\\\/noticiasmercedinas.com\\\/site\\\/2026\\\/04\\\/29\\\/discapacidad-de-pedro-y-referentes-del-pj-analizan-iniciativa-inhumana-y-regresiva-de-proyecto-de-ley\\\/\",\"url\":\"https:\\\/\\\/noticiasmercedinas.com\\\/site\\\/2026\\\/04\\\/29\\\/discapacidad-de-pedro-y-referentes-del-pj-analizan-iniciativa-inhumana-y-regresiva-de-proyecto-de-ley\\\/\",\"name\":\"Discapacidad: De Pedro y referentes del PJ analizan iniciativa \\\"inhumana y regresiva\\\" de proyecto de ley\",\"isPartOf\":{\"@id\":\"https:\\\/\\\/noticiasmercedinas.com\\\/site\\\/#website\"},\"primaryImageOfPage\":{\"@id\":\"https:\\\/\\\/noticiasmercedinas.com\\\/site\\\/2026\\\/04\\\/29\\\/discapacidad-de-pedro-y-referentes-del-pj-analizan-iniciativa-inhumana-y-regresiva-de-proyecto-de-ley\\\/#primaryimage\"},\"image\":{\"@id\":\"https:\\\/\\\/noticiasmercedinas.com\\\/site\\\/2026\\\/04\\\/29\\\/discapacidad-de-pedro-y-referentes-del-pj-analizan-iniciativa-inhumana-y-regresiva-de-proyecto-de-ley\\\/#primaryimage\"},\"thumbnailUrl\":\"https:\\\/\\\/noticiasmercedinas.com\\\/site\\\/wp-content\\\/uploads\\\/2026\\\/04\\\/depedro01.jpg\",\"datePublished\":\"2026-04-29T12:27:35+00:00\",\"description\":\"El senador mercedino, junto a Fernanda Raverta, Anabel Fern\u00e1ndez Sagasti y Teresa Garc\u00eda, recibi\u00f3 a organizaciones del sector. Denunciaron que la propuesta del Gobierno Nacional busca restringir el acceso a pensiones y derechos b\u00e1sicos.\",\"breadcrumb\":{\"@id\":\"https:\\\/\\\/noticiasmercedinas.com\\\/site\\\/2026\\\/04\\\/29\\\/discapacidad-de-pedro-y-referentes-del-pj-analizan-iniciativa-inhumana-y-regresiva-de-proyecto-de-ley\\\/#breadcrumb\"},\"inLanguage\":\"es\",\"potentialAction\":[{\"@type\":\"ReadAction\",\"target\":[\"https:\\\/\\\/noticiasmercedinas.com\\\/site\\\/2026\\\/04\\\/29\\\/discapacidad-de-pedro-y-referentes-del-pj-analizan-iniciativa-inhumana-y-regresiva-de-proyecto-de-ley\\\/\"]}]},{\"@type\":\"ImageObject\",\"inLanguage\":\"es\",\"@id\":\"https:\\\/\\\/noticiasmercedinas.com\\\/site\\\/2026\\\/04\\\/29\\\/discapacidad-de-pedro-y-referentes-del-pj-analizan-iniciativa-inhumana-y-regresiva-de-proyecto-de-ley\\\/#primaryimage\",\"url\":\"https:\\\/\\\/noticiasmercedinas.com\\\/site\\\/wp-content\\\/uploads\\\/2026\\\/04\\\/depedro01.jpg\",\"contentUrl\":\"https:\\\/\\\/noticiasmercedinas.com\\\/site\\\/wp-content\\\/uploads\\\/2026\\\/04\\\/depedro01.jpg\",\"width\":640,\"height\":441},{\"@type\":\"BreadcrumbList\",\"@id\":\"https:\\\/\\\/noticiasmercedinas.com\\\/site\\\/2026\\\/04\\\/29\\\/discapacidad-de-pedro-y-referentes-del-pj-analizan-iniciativa-inhumana-y-regresiva-de-proyecto-de-ley\\\/#breadcrumb\",\"itemListElement\":[{\"@type\":\"ListItem\",\"position\":1,\"name\":\"Portada\",\"item\":\"https:\\\/\\\/noticiasmercedinas.com\\\/site\\\/\"},{\"@type\":\"ListItem\",\"position\":2,\"name\":\"Discapacidad: De Pedro y referentes del PJ analizan iniciativa \u00abinhumana y regresiva\u00bb de proyecto de ley\"}]},{\"@type\":\"WebSite\",\"@id\":\"https:\\\/\\\/noticiasmercedinas.com\\\/site\\\/#website\",\"url\":\"https:\\\/\\\/noticiasmercedinas.com\\\/site\\\/\",\"name\":\"NOTICIASMERCEDINAS.COM\",\"description\":\"Mercedes, Buenos Aires, Argentina\",\"publisher\":{\"@id\":\"https:\\\/\\\/noticiasmercedinas.com\\\/site\\\/#organization\"},\"potentialAction\":[{\"@type\":\"SearchAction\",\"target\":{\"@type\":\"EntryPoint\",\"urlTemplate\":\"https:\\\/\\\/noticiasmercedinas.com\\\/site\\\/?s={search_term_string}\"},\"query-input\":{\"@type\":\"PropertyValueSpecification\",\"valueRequired\":true,\"valueName\":\"search_term_string\"}}],\"inLanguage\":\"es\"},{\"@type\":\"Organization\",\"@id\":\"https:\\\/\\\/noticiasmercedinas.com\\\/site\\\/#organization\",\"name\":\"NOTICIASMERCEDINAS.COM\",\"url\":\"https:\\\/\\\/noticiasmercedinas.com\\\/site\\\/\",\"logo\":{\"@type\":\"ImageObject\",\"inLanguage\":\"es\",\"@id\":\"https:\\\/\\\/noticiasmercedinas.com\\\/site\\\/#\\\/schema\\\/logo\\\/image\\\/\",\"url\":\"https:\\\/\\\/noticiasmercedinas.com\\\/site\\\/wp-content\\\/uploads\\\/2020\\\/06\\\/LOGO-512.jpg\",\"contentUrl\":\"https:\\\/\\\/noticiasmercedinas.com\\\/site\\\/wp-content\\\/uploads\\\/2020\\\/06\\\/LOGO-512.jpg\",\"width\":512,\"height\":512,\"caption\":\"NOTICIASMERCEDINAS.COM\"},\"image\":{\"@id\":\"https:\\\/\\\/noticiasmercedinas.com\\\/site\\\/#\\\/schema\\\/logo\\\/image\\\/\"},\"sameAs\":[\"https:\\\/\\\/www.facebook.com\\\/noticiasmercedinas\\\/\",\"https:\\\/\\\/x.com\\\/notmercedinas\",\"https:\\\/\\\/www.instagram.com\\\/noticiasmercedinas\\\/\"]},{\"@type\":\"Person\",\"@id\":\"https:\\\/\\\/noticiasmercedinas.com\\\/site\\\/#\\\/schema\\\/person\\\/84b59c099c28ff2e8b77d4ceec5d8063\",\"name\":\"NOTICIASMERCEDINAS.COM\",\"image\":{\"@type\":\"ImageObject\",\"inLanguage\":\"es\",\"@id\":\"https:\\\/\\\/secure.gravatar.com\\\/avatar\\\/4dfbf16b4d17945bfb6341b2d19043457132fcf478a5ee04f42e959fd8f5df0a?s=96&d=mm&r=g\",\"url\":\"https:\\\/\\\/secure.gravatar.com\\\/avatar\\\/4dfbf16b4d17945bfb6341b2d19043457132fcf478a5ee04f42e959fd8f5df0a?s=96&d=mm&r=g\",\"contentUrl\":\"https:\\\/\\\/secure.gravatar.com\\\/avatar\\\/4dfbf16b4d17945bfb6341b2d19043457132fcf478a5ee04f42e959fd8f5df0a?s=96&d=mm&r=g\",\"caption\":\"NOTICIASMERCEDINAS.COM\"},\"url\":\"https:\\\/\\\/noticiasmercedinas.com\\\/site\\\/author\\\/anonimo\\\/\"}]}<\/script>\n<!-- \/ Yoast SEO plugin. -->","yoast_head_json":{"title":"Discapacidad: De Pedro y referentes del PJ analizan iniciativa \"inhumana y regresiva\" de proyecto de ley","description":"El senador mercedino, junto a Fernanda Raverta, Anabel Fern\u00e1ndez Sagasti y Teresa Garc\u00eda, recibi\u00f3 a organizaciones del sector. Denunciaron que la propuesta del Gobierno Nacional busca restringir el acceso a pensiones y derechos b\u00e1sicos.","robots":{"index":"index","follow":"follow","max-snippet":"max-snippet:-1","max-image-preview":"max-image-preview:large","max-video-preview":"max-video-preview:-1"},"canonical":"https:\/\/noticiasmercedinas.com\/site\/2026\/04\/29\/discapacidad-de-pedro-y-referentes-del-pj-analizan-iniciativa-inhumana-y-regresiva-de-proyecto-de-ley\/","og_locale":"es_ES","og_type":"article","og_title":"Discapacidad: De Pedro y referentes del PJ analizan iniciativa \"inhumana y regresiva\" de proyecto de ley","og_description":"El senador mercedino, junto a Fernanda Raverta, Anabel Fern\u00e1ndez Sagasti y Teresa Garc\u00eda, recibi\u00f3 a organizaciones del sector. Denunciaron que la propuesta del Gobierno Nacional busca restringir el acceso a pensiones y derechos b\u00e1sicos.","og_url":"https:\/\/noticiasmercedinas.com\/site\/2026\/04\/29\/discapacidad-de-pedro-y-referentes-del-pj-analizan-iniciativa-inhumana-y-regresiva-de-proyecto-de-ley\/","og_site_name":"NOTICIASMERCEDINAS.COM","article_publisher":"https:\/\/www.facebook.com\/noticiasmercedinas\/","article_published_time":"2026-04-29T12:27:35+00:00","og_image":[{"width":640,"height":441,"url":"https:\/\/noticiasmercedinas.com\/site\/wp-content\/uploads\/2026\/04\/depedro01.jpg","type":"image\/jpeg"}],"author":"NOTICIASMERCEDINAS.COM","twitter_card":"summary_large_image","twitter_creator":"@notmercedinas","twitter_site":"@notmercedinas","twitter_misc":{"Escrito por":"NOTICIASMERCEDINAS.COM","Tiempo de lectura":"3 minutos"},"schema":{"@context":"https:\/\/schema.org","@graph":[{"@type":"Article","@id":"https:\/\/noticiasmercedinas.com\/site\/2026\/04\/29\/discapacidad-de-pedro-y-referentes-del-pj-analizan-iniciativa-inhumana-y-regresiva-de-proyecto-de-ley\/#article","isPartOf":{"@id":"https:\/\/noticiasmercedinas.com\/site\/2026\/04\/29\/discapacidad-de-pedro-y-referentes-del-pj-analizan-iniciativa-inhumana-y-regresiva-de-proyecto-de-ley\/"},"author":{"name":"NOTICIASMERCEDINAS.COM","@id":"https:\/\/noticiasmercedinas.com\/site\/#\/schema\/person\/84b59c099c28ff2e8b77d4ceec5d8063"},"headline":"Discapacidad: De Pedro y referentes del PJ analizan iniciativa \u00abinhumana y regresiva\u00bb de proyecto de ley","datePublished":"2026-04-29T12:27:35+00:00","mainEntityOfPage":{"@id":"https:\/\/noticiasmercedinas.com\/site\/2026\/04\/29\/discapacidad-de-pedro-y-referentes-del-pj-analizan-iniciativa-inhumana-y-regresiva-de-proyecto-de-ley\/"},"wordCount":398,"publisher":{"@id":"https:\/\/noticiasmercedinas.com\/site\/#organization"},"image":{"@id":"https:\/\/noticiasmercedinas.com\/site\/2026\/04\/29\/discapacidad-de-pedro-y-referentes-del-pj-analizan-iniciativa-inhumana-y-regresiva-de-proyecto-de-ley\/#primaryimage"},"thumbnailUrl":"https:\/\/noticiasmercedinas.com\/site\/wp-content\/uploads\/2026\/04\/depedro01.jpg","keywords":["discapacidad","eduardo de pedro","pj","politica"],"articleSection":["Politica"],"inLanguage":"es"},{"@type":"WebPage","@id":"https:\/\/noticiasmercedinas.com\/site\/2026\/04\/29\/discapacidad-de-pedro-y-referentes-del-pj-analizan-iniciativa-inhumana-y-regresiva-de-proyecto-de-ley\/","url":"https:\/\/noticiasmercedinas.com\/site\/2026\/04\/29\/discapacidad-de-pedro-y-referentes-del-pj-analizan-iniciativa-inhumana-y-regresiva-de-proyecto-de-ley\/","name":"Discapacidad: De Pedro y referentes del PJ analizan iniciativa \"inhumana y regresiva\" de proyecto de ley","isPartOf":{"@id":"https:\/\/noticiasmercedinas.com\/site\/#website"},"primaryImageOfPage":{"@id":"https:\/\/noticiasmercedinas.com\/site\/2026\/04\/29\/discapacidad-de-pedro-y-referentes-del-pj-analizan-iniciativa-inhumana-y-regresiva-de-proyecto-de-ley\/#primaryimage"},"image":{"@id":"https:\/\/noticiasmercedinas.com\/site\/2026\/04\/29\/discapacidad-de-pedro-y-referentes-del-pj-analizan-iniciativa-inhumana-y-regresiva-de-proyecto-de-ley\/#primaryimage"},"thumbnailUrl":"https:\/\/noticiasmercedinas.com\/site\/wp-content\/uploads\/2026\/04\/depedro01.jpg","datePublished":"2026-04-29T12:27:35+00:00","description":"El senador mercedino, junto a Fernanda Raverta, Anabel Fern\u00e1ndez Sagasti y Teresa Garc\u00eda, recibi\u00f3 a organizaciones del sector. Denunciaron que la propuesta del Gobierno Nacional busca restringir el acceso a pensiones y derechos b\u00e1sicos.","breadcrumb":{"@id":"https:\/\/noticiasmercedinas.com\/site\/2026\/04\/29\/discapacidad-de-pedro-y-referentes-del-pj-analizan-iniciativa-inhumana-y-regresiva-de-proyecto-de-ley\/#breadcrumb"},"inLanguage":"es","potentialAction":[{"@type":"ReadAction","target":["https:\/\/noticiasmercedinas.com\/site\/2026\/04\/29\/discapacidad-de-pedro-y-referentes-del-pj-analizan-iniciativa-inhumana-y-regresiva-de-proyecto-de-ley\/"]}]},{"@type":"ImageObject","inLanguage":"es","@id":"https:\/\/noticiasmercedinas.com\/site\/2026\/04\/29\/discapacidad-de-pedro-y-referentes-del-pj-analizan-iniciativa-inhumana-y-regresiva-de-proyecto-de-ley\/#primaryimage","url":"https:\/\/noticiasmercedinas.com\/site\/wp-content\/uploads\/2026\/04\/depedro01.jpg","contentUrl":"https:\/\/noticiasmercedinas.com\/site\/wp-content\/uploads\/2026\/04\/depedro01.jpg","width":640,"height":441},{"@type":"BreadcrumbList","@id":"https:\/\/noticiasmercedinas.com\/site\/2026\/04\/29\/discapacidad-de-pedro-y-referentes-del-pj-analizan-iniciativa-inhumana-y-regresiva-de-proyecto-de-ley\/#breadcrumb","itemListElement":[{"@type":"ListItem","position":1,"name":"Portada","item":"https:\/\/noticiasmercedinas.com\/site\/"},{"@type":"ListItem","position":2,"name":"Discapacidad: De Pedro y referentes del PJ analizan iniciativa \u00abinhumana y regresiva\u00bb de proyecto de ley"}]},{"@type":"WebSite","@id":"https:\/\/noticiasmercedinas.com\/site\/#website","url":"https:\/\/noticiasmercedinas.com\/site\/","name":"NOTICIASMERCEDINAS.COM","description":"Mercedes, Buenos Aires, Argentina","publisher":{"@id":"https:\/\/noticiasmercedinas.com\/site\/#organization"},"potentialAction":[{"@type":"SearchAction","target":{"@type":"EntryPoint","urlTemplate":"https:\/\/noticiasmercedinas.com\/site\/?s={search_term_string}"},"query-input":{"@type":"PropertyValueSpecification","valueRequired":true,"valueName":"search_term_string"}}],"inLanguage":"es"},{"@type":"Organization","@id":"https:\/\/noticiasmercedinas.com\/site\/#organization","name":"NOTICIASMERCEDINAS.COM","url":"https:\/\/noticiasmercedinas.com\/site\/","logo":{"@type":"ImageObject","inLanguage":"es","@id":"https:\/\/noticiasmercedinas.com\/site\/#\/schema\/logo\/image\/","url":"https:\/\/noticiasmercedinas.com\/site\/wp-content\/uploads\/2020\/06\/LOGO-512.jpg","contentUrl":"https:\/\/noticiasmercedinas.com\/site\/wp-content\/uploads\/2020\/06\/LOGO-512.jpg","width":512,"height":512,"caption":"NOTICIASMERCEDINAS.COM"},"image":{"@id":"https:\/\/noticiasmercedinas.com\/site\/#\/schema\/logo\/image\/"},"sameAs":["https:\/\/www.facebook.com\/noticiasmercedinas\/","https:\/\/x.com\/notmercedinas","https:\/\/www.instagram.com\/noticiasmercedinas\/"]},{"@type":"Person","@id":"https:\/\/noticiasmercedinas.com\/site\/#\/schema\/person\/84b59c099c28ff2e8b77d4ceec5d8063","name":"NOTICIASMERCEDINAS.COM","image":{"@type":"ImageObject","inLanguage":"es","@id":"https:\/\/secure.gravatar.com\/avatar\/4dfbf16b4d17945bfb6341b2d19043457132fcf478a5ee04f42e959fd8f5df0a?s=96&d=mm&r=g","url":"https:\/\/secure.gravatar.com\/avatar\/4dfbf16b4d17945bfb6341b2d19043457132fcf478a5ee04f42e959fd8f5df0a?s=96&d=mm&r=g","contentUrl":"https:\/\/secure.gravatar.com\/avatar\/4dfbf16b4d17945bfb6341b2d19043457132fcf478a5ee04f42e959fd8f5df0a?s=96&d=mm&r=g","caption":"NOTICIASMERCEDINAS.COM"},"url":"https:\/\/noticiasmercedinas.com\/site\/author\/anonimo\/"}]}},"amp_enabled":true,"_links":{"self":[{"href":"https:\/\/noticiasmercedinas.com\/site\/wp-json\/wp\/v2\/posts\/185383","targetHints":{"allow":["GET"]}}],"collection":[{"href":"https:\/\/noticiasmercedinas.com\/site\/wp-json\/wp\/v2\/posts"}],"about":[{"href":"https:\/\/noticiasmercedinas.com\/site\/wp-json\/wp\/v2\/types\/post"}],"author":[{"embeddable":true,"href":"https:\/\/noticiasmercedinas.com\/site\/wp-json\/wp\/v2\/users\/16"}],"replies":[{"embeddable":true,"href":"https:\/\/noticiasmercedinas.com\/site\/wp-json\/wp\/v2\/comments?post=185383"}],"version-history":[{"count":1,"href":"https:\/\/noticiasmercedinas.com\/site\/wp-json\/wp\/v2\/posts\/185383\/revisions"}],"predecessor-version":[{"id":185387,"href":"https:\/\/noticiasmercedinas.com\/site\/wp-json\/wp\/v2\/posts\/185383\/revisions\/185387"}],"wp:featuredmedia":[{"embeddable":true,"href":"https:\/\/noticiasmercedinas.com\/site\/wp-json\/wp\/v2\/media\/185386"}],"wp:attachment":[{"href":"https:\/\/noticiasmercedinas.com\/site\/wp-json\/wp\/v2\/media?parent=185383"}],"wp:term":[{"taxonomy":"category","embeddable":true,"href":"https:\/\/noticiasmercedinas.com\/site\/wp-json\/wp\/v2\/categories?post=185383"},{"taxonomy":"post_tag","embeddable":true,"href":"https:\/\/noticiasmercedinas.com\/site\/wp-json\/wp\/v2\/tags?post=185383"}],"curies":[{"name":"wp","href":"https:\/\/api.w.org\/{rel}","templated":true}]}}