{"id":185388,"date":"2026-04-29T09:35:37","date_gmt":"2026-04-29T12:35:37","guid":{"rendered":"https:\/\/noticiasmercedinas.com\/site\/?p=185388"},"modified":"2026-04-29T09:35:37","modified_gmt":"2026-04-29T12:35:37","slug":"fomentistas-de-san-jose-se-reunen-con-autoridades-y-planifican-trabajo-conjunto","status":"publish","type":"post","link":"https:\/\/noticiasmercedinas.com\/site\/2026\/04\/29\/fomentistas-de-san-jose-se-reunen-con-autoridades-y-planifican-trabajo-conjunto\/","title":{"rendered":"Fomentistas de San Jos\u00e9 se re\u00fanen con autoridades y planifican trabajo conjunto"},"content":{"rendered":"<p><img loading=\"lazy\" decoding=\"async\" class=\"alignnone size-full wp-image-185389\" src=\"https:\/\/noticiasmercedinas.com\/site\/wp-content\/uploads\/2026\/04\/sanjose11.jpg\" alt=\"\" width=\"640\" height=\"387\" srcset=\"https:\/\/noticiasmercedinas.com\/site\/wp-content\/uploads\/2026\/04\/sanjose11.jpg 640w, https:\/\/noticiasmercedinas.com\/site\/wp-content\/uploads\/2026\/04\/sanjose11-300x181.jpg 300w\" sizes=\"auto, (max-width: 640px) 100vw, 640px\" \/><\/p>\n<p>Este martes, el intendente municipal Juan Ignacio Ustarroz recibi\u00f3 a los nuevos integrantes de la comisi\u00f3n directiva de la Sociedad de Fomento del barrio San Jos\u00e9. La reuni\u00f3n, que tuvo lugar en su despacho, sirvi\u00f3 para establecer los lineamientos de una agenda de trabajo compartida que busca potenciar el desarrollo cultural y deportivo en esa zona de la ciudad.<\/p>\n<p>Del encuentro participaron tambi\u00e9n la presidenta del Honorable Concejo Deliberante, Mariana San Mart\u00edn, y el responsable del \u00e1rea de Relaciones con la Comunidad, Fernando Mass\u00f3n. Las autoridades destacaron el rol hist\u00f3rico de esta instituci\u00f3n como pilar de la identidad del barrio y motor de la participaci\u00f3n ciudadana.<\/p>\n<p>Durante la charla, se hizo hincapi\u00e9 en la importancia de la \u00abcomunidad organizada\u00bb para dar respuesta a las problem\u00e1ticas locales. El intendente Ustarroz subray\u00f3 que la articulaci\u00f3n con las sociedades de fomento es fundamental para que el municipio pueda llegar de manera eficiente a cada rinc\u00f3n de Mercedes.<\/p>\n<p>\u00abConversamos sobre la importancia de articular esfuerzos y de seguir construyendo desde lo colectivo, canalizando las demandas barriales a trav\u00e9s de estas instituciones que son un verdadero nexo comunitario\u00bb, expres\u00f3 Mariana San Mart\u00edn tras la reuni\u00f3n.<\/p>\n<p><strong>Crecimiento y compromiso barrial<\/strong><br \/>\nLa nueva comisi\u00f3n de la sociedad de fomento <a href=\"https:\/\/noticiasmercedinas.com\/site\/2026\/04\/13\/barrio-san-jose-renovo-autoridades-en-una-transicion-marcada-por-el-consenso\/\">se eligi\u00f3 a mediados de este mes de abril<\/a> y es encabezada por Mario Navarro. Asume en barrio San Jos\u00e9 el desaf\u00edo de sostener y ampliar las actividades que d\u00eda a d\u00eda integran a vecinos y vecinas de todas las edades.<\/p>\n<p>Seg\u00fan indicaron desde el \u00e1rea de Relaciones con la Comunidad, el trabajo en equipo permitir\u00e1 acelerar la ejecuci\u00f3n de proyectos vinculados al mantenimiento del espacio p\u00fablico y la oferta de talleres sociales.<\/p>\n<p>Desde el Ejecutivo municipal, reafirmaron el compromiso de seguir respaldando a las entidades de bien p\u00fablico, entendi\u00e9ndolas como piezas clave en la construcci\u00f3n del futuro de la ciudad a trav\u00e9s del compromiso y la participaci\u00f3n directa de la comunidad.<\/p>\n<p>&nbsp;<\/p>\n","protected":false},"excerpt":{"rendered":"<p>\u25a0 El intendente, junto a Mariana San Mart\u00edn y Fernando Mass\u00f3n, mantuvo un encuentro con la nueva comisi\u00f3n directiva de la entidad. El objetivo es fortalecer el nexo comunitario y canalizar las demandas de los vecinos a trav\u00e9s de la organizaci\u00f3n barrial.<\/p>\n","protected":false},"author":16,"featured_media":185389,"comment_status":"closed","ping_status":"closed","sticky":false,"template":"","format":"standard","meta":{"footnotes":""},"categories":[3],"tags":[1178,10040,9439,22101,13486,3184,4504],"class_list":["post-185388","post","type-post","status-publish","format-standard","has-post-thumbnail","hentry","category-sociedad","tag-barrio-san-jose","tag-fernando-masson","tag-juan-igancio-ustarroz","tag-mario-navarro","tag-relaciones-con-la-comunidad","tag-reunion","tag-sociedad-de-fomento"],"yoast_head":"<!-- This site is optimized with the Yoast SEO plugin v27.5 - https:\/\/yoast.com\/product\/yoast-seo-wordpress\/ -->\n<title>Fomentistas de San Jos\u00e9 se re\u00fanen con autoridades y planifican trabajo conjunto<\/title>\n<meta name=\"description\" content=\"El intendente, junto a Mariana San Mart\u00edn y Fernando Mass\u00f3n, mantuvo un encuentro con la nueva comisi\u00f3n directiva de la entidad. El objetivo es fortalecer el nexo comunitario y canalizar las demandas de los vecinos a trav\u00e9s de la organizaci\u00f3n barrial.\" \/>\n<meta name=\"robots\" content=\"index, follow, max-snippet:-1, max-image-preview:large, max-video-preview:-1\" \/>\n<link rel=\"canonical\" href=\"https:\/\/noticiasmercedinas.com\/site\/2026\/04\/29\/fomentistas-de-san-jose-se-reunen-con-autoridades-y-planifican-trabajo-conjunto\/\" \/>\n<meta property=\"og:locale\" content=\"es_ES\" \/>\n<meta property=\"og:type\" content=\"article\" \/>\n<meta property=\"og:title\" content=\"Fomentistas de San Jos\u00e9 se re\u00fanen con autoridades y planifican trabajo conjunto\" \/>\n<meta property=\"og:description\" content=\"El intendente, junto a Mariana San Mart\u00edn y Fernando Mass\u00f3n, mantuvo un encuentro con la nueva comisi\u00f3n directiva de la entidad. El objetivo es fortalecer el nexo comunitario y canalizar las demandas de los vecinos a trav\u00e9s de la organizaci\u00f3n barrial.\" \/>\n<meta property=\"og:url\" content=\"https:\/\/noticiasmercedinas.com\/site\/2026\/04\/29\/fomentistas-de-san-jose-se-reunen-con-autoridades-y-planifican-trabajo-conjunto\/\" \/>\n<meta property=\"og:site_name\" content=\"NOTICIASMERCEDINAS.COM\" \/>\n<meta property=\"article:publisher\" content=\"https:\/\/www.facebook.com\/noticiasmercedinas\/\" \/>\n<meta property=\"article:published_time\" content=\"2026-04-29T12:35:37+00:00\" \/>\n<meta property=\"og:image\" content=\"https:\/\/noticiasmercedinas.com\/site\/wp-content\/uploads\/2026\/04\/sanjose11.jpg\" \/>\n\t<meta property=\"og:image:width\" content=\"640\" \/>\n\t<meta property=\"og:image:height\" content=\"387\" \/>\n\t<meta property=\"og:image:type\" content=\"image\/jpeg\" \/>\n<meta name=\"author\" content=\"NOTICIASMERCEDINAS.COM\" \/>\n<meta name=\"twitter:card\" content=\"summary_large_image\" \/>\n<meta name=\"twitter:creator\" content=\"@notmercedinas\" \/>\n<meta name=\"twitter:site\" content=\"@notmercedinas\" \/>\n<meta name=\"twitter:label1\" content=\"Escrito por\" \/>\n\t<meta name=\"twitter:data1\" content=\"NOTICIASMERCEDINAS.COM\" \/>\n\t<meta name=\"twitter:label2\" content=\"Tiempo de lectura\" \/>\n\t<meta name=\"twitter:data2\" content=\"2 minutos\" \/>\n<script type=\"application\/ld+json\" class=\"yoast-schema-graph\">{\"@context\":\"https:\\\/\\\/schema.org\",\"@graph\":[{\"@type\":\"Article\",\"@id\":\"https:\\\/\\\/noticiasmercedinas.com\\\/site\\\/2026\\\/04\\\/29\\\/fomentistas-de-san-jose-se-reunen-con-autoridades-y-planifican-trabajo-conjunto\\\/#article\",\"isPartOf\":{\"@id\":\"https:\\\/\\\/noticiasmercedinas.com\\\/site\\\/2026\\\/04\\\/29\\\/fomentistas-de-san-jose-se-reunen-con-autoridades-y-planifican-trabajo-conjunto\\\/\"},\"author\":{\"name\":\"NOTICIASMERCEDINAS.COM\",\"@id\":\"https:\\\/\\\/noticiasmercedinas.com\\\/site\\\/#\\\/schema\\\/person\\\/84b59c099c28ff2e8b77d4ceec5d8063\"},\"headline\":\"Fomentistas de San Jos\u00e9 se re\u00fanen con autoridades y planifican trabajo conjunto\",\"datePublished\":\"2026-04-29T12:35:37+00:00\",\"mainEntityOfPage\":{\"@id\":\"https:\\\/\\\/noticiasmercedinas.com\\\/site\\\/2026\\\/04\\\/29\\\/fomentistas-de-san-jose-se-reunen-con-autoridades-y-planifican-trabajo-conjunto\\\/\"},\"wordCount\":354,\"publisher\":{\"@id\":\"https:\\\/\\\/noticiasmercedinas.com\\\/site\\\/#organization\"},\"image\":{\"@id\":\"https:\\\/\\\/noticiasmercedinas.com\\\/site\\\/2026\\\/04\\\/29\\\/fomentistas-de-san-jose-se-reunen-con-autoridades-y-planifican-trabajo-conjunto\\\/#primaryimage\"},\"thumbnailUrl\":\"https:\\\/\\\/noticiasmercedinas.com\\\/site\\\/wp-content\\\/uploads\\\/2026\\\/04\\\/sanjose11.jpg\",\"keywords\":[\"Barrio San Jose\",\"fernando masson\",\"juan igancio ustarroz\",\"mario navarro\",\"relaciones con la comunidad\",\"reunion\",\"sociedad de fomento\"],\"articleSection\":[\"Sociedad\"],\"inLanguage\":\"es\"},{\"@type\":\"WebPage\",\"@id\":\"https:\\\/\\\/noticiasmercedinas.com\\\/site\\\/2026\\\/04\\\/29\\\/fomentistas-de-san-jose-se-reunen-con-autoridades-y-planifican-trabajo-conjunto\\\/\",\"url\":\"https:\\\/\\\/noticiasmercedinas.com\\\/site\\\/2026\\\/04\\\/29\\\/fomentistas-de-san-jose-se-reunen-con-autoridades-y-planifican-trabajo-conjunto\\\/\",\"name\":\"Fomentistas de San Jos\u00e9 se re\u00fanen con autoridades y planifican trabajo conjunto\",\"isPartOf\":{\"@id\":\"https:\\\/\\\/noticiasmercedinas.com\\\/site\\\/#website\"},\"primaryImageOfPage\":{\"@id\":\"https:\\\/\\\/noticiasmercedinas.com\\\/site\\\/2026\\\/04\\\/29\\\/fomentistas-de-san-jose-se-reunen-con-autoridades-y-planifican-trabajo-conjunto\\\/#primaryimage\"},\"image\":{\"@id\":\"https:\\\/\\\/noticiasmercedinas.com\\\/site\\\/2026\\\/04\\\/29\\\/fomentistas-de-san-jose-se-reunen-con-autoridades-y-planifican-trabajo-conjunto\\\/#primaryimage\"},\"thumbnailUrl\":\"https:\\\/\\\/noticiasmercedinas.com\\\/site\\\/wp-content\\\/uploads\\\/2026\\\/04\\\/sanjose11.jpg\",\"datePublished\":\"2026-04-29T12:35:37+00:00\",\"description\":\"El intendente, junto a Mariana San Mart\u00edn y Fernando Mass\u00f3n, mantuvo un encuentro con la nueva comisi\u00f3n directiva de la entidad. El objetivo es fortalecer el nexo comunitario y canalizar las demandas de los vecinos a trav\u00e9s de la organizaci\u00f3n barrial.\",\"breadcrumb\":{\"@id\":\"https:\\\/\\\/noticiasmercedinas.com\\\/site\\\/2026\\\/04\\\/29\\\/fomentistas-de-san-jose-se-reunen-con-autoridades-y-planifican-trabajo-conjunto\\\/#breadcrumb\"},\"inLanguage\":\"es\",\"potentialAction\":[{\"@type\":\"ReadAction\",\"target\":[\"https:\\\/\\\/noticiasmercedinas.com\\\/site\\\/2026\\\/04\\\/29\\\/fomentistas-de-san-jose-se-reunen-con-autoridades-y-planifican-trabajo-conjunto\\\/\"]}]},{\"@type\":\"ImageObject\",\"inLanguage\":\"es\",\"@id\":\"https:\\\/\\\/noticiasmercedinas.com\\\/site\\\/2026\\\/04\\\/29\\\/fomentistas-de-san-jose-se-reunen-con-autoridades-y-planifican-trabajo-conjunto\\\/#primaryimage\",\"url\":\"https:\\\/\\\/noticiasmercedinas.com\\\/site\\\/wp-content\\\/uploads\\\/2026\\\/04\\\/sanjose11.jpg\",\"contentUrl\":\"https:\\\/\\\/noticiasmercedinas.com\\\/site\\\/wp-content\\\/uploads\\\/2026\\\/04\\\/sanjose11.jpg\",\"width\":640,\"height\":387},{\"@type\":\"BreadcrumbList\",\"@id\":\"https:\\\/\\\/noticiasmercedinas.com\\\/site\\\/2026\\\/04\\\/29\\\/fomentistas-de-san-jose-se-reunen-con-autoridades-y-planifican-trabajo-conjunto\\\/#breadcrumb\",\"itemListElement\":[{\"@type\":\"ListItem\",\"position\":1,\"name\":\"Portada\",\"item\":\"https:\\\/\\\/noticiasmercedinas.com\\\/site\\\/\"},{\"@type\":\"ListItem\",\"position\":2,\"name\":\"Fomentistas de San Jos\u00e9 se re\u00fanen con autoridades y planifican trabajo conjunto\"}]},{\"@type\":\"WebSite\",\"@id\":\"https:\\\/\\\/noticiasmercedinas.com\\\/site\\\/#website\",\"url\":\"https:\\\/\\\/noticiasmercedinas.com\\\/site\\\/\",\"name\":\"NOTICIASMERCEDINAS.COM\",\"description\":\"Mercedes, Buenos Aires, Argentina\",\"publisher\":{\"@id\":\"https:\\\/\\\/noticiasmercedinas.com\\\/site\\\/#organization\"},\"potentialAction\":[{\"@type\":\"SearchAction\",\"target\":{\"@type\":\"EntryPoint\",\"urlTemplate\":\"https:\\\/\\\/noticiasmercedinas.com\\\/site\\\/?s={search_term_string}\"},\"query-input\":{\"@type\":\"PropertyValueSpecification\",\"valueRequired\":true,\"valueName\":\"search_term_string\"}}],\"inLanguage\":\"es\"},{\"@type\":\"Organization\",\"@id\":\"https:\\\/\\\/noticiasmercedinas.com\\\/site\\\/#organization\",\"name\":\"NOTICIASMERCEDINAS.COM\",\"url\":\"https:\\\/\\\/noticiasmercedinas.com\\\/site\\\/\",\"logo\":{\"@type\":\"ImageObject\",\"inLanguage\":\"es\",\"@id\":\"https:\\\/\\\/noticiasmercedinas.com\\\/site\\\/#\\\/schema\\\/logo\\\/image\\\/\",\"url\":\"https:\\\/\\\/noticiasmercedinas.com\\\/site\\\/wp-content\\\/uploads\\\/2020\\\/06\\\/LOGO-512.jpg\",\"contentUrl\":\"https:\\\/\\\/noticiasmercedinas.com\\\/site\\\/wp-content\\\/uploads\\\/2020\\\/06\\\/LOGO-512.jpg\",\"width\":512,\"height\":512,\"caption\":\"NOTICIASMERCEDINAS.COM\"},\"image\":{\"@id\":\"https:\\\/\\\/noticiasmercedinas.com\\\/site\\\/#\\\/schema\\\/logo\\\/image\\\/\"},\"sameAs\":[\"https:\\\/\\\/www.facebook.com\\\/noticiasmercedinas\\\/\",\"https:\\\/\\\/x.com\\\/notmercedinas\",\"https:\\\/\\\/www.instagram.com\\\/noticiasmercedinas\\\/\"]},{\"@type\":\"Person\",\"@id\":\"https:\\\/\\\/noticiasmercedinas.com\\\/site\\\/#\\\/schema\\\/person\\\/84b59c099c28ff2e8b77d4ceec5d8063\",\"name\":\"NOTICIASMERCEDINAS.COM\",\"image\":{\"@type\":\"ImageObject\",\"inLanguage\":\"es\",\"@id\":\"https:\\\/\\\/secure.gravatar.com\\\/avatar\\\/4dfbf16b4d17945bfb6341b2d19043457132fcf478a5ee04f42e959fd8f5df0a?s=96&d=mm&r=g\",\"url\":\"https:\\\/\\\/secure.gravatar.com\\\/avatar\\\/4dfbf16b4d17945bfb6341b2d19043457132fcf478a5ee04f42e959fd8f5df0a?s=96&d=mm&r=g\",\"contentUrl\":\"https:\\\/\\\/secure.gravatar.com\\\/avatar\\\/4dfbf16b4d17945bfb6341b2d19043457132fcf478a5ee04f42e959fd8f5df0a?s=96&d=mm&r=g\",\"caption\":\"NOTICIASMERCEDINAS.COM\"},\"url\":\"https:\\\/\\\/noticiasmercedinas.com\\\/site\\\/author\\\/anonimo\\\/\"}]}<\/script>\n<!-- \/ Yoast SEO plugin. -->","yoast_head_json":{"title":"Fomentistas de San Jos\u00e9 se re\u00fanen con autoridades y planifican trabajo conjunto","description":"El intendente, junto a Mariana San Mart\u00edn y Fernando Mass\u00f3n, mantuvo un encuentro con la nueva comisi\u00f3n directiva de la entidad. El objetivo es fortalecer el nexo comunitario y canalizar las demandas de los vecinos a trav\u00e9s de la organizaci\u00f3n barrial.","robots":{"index":"index","follow":"follow","max-snippet":"max-snippet:-1","max-image-preview":"max-image-preview:large","max-video-preview":"max-video-preview:-1"},"canonical":"https:\/\/noticiasmercedinas.com\/site\/2026\/04\/29\/fomentistas-de-san-jose-se-reunen-con-autoridades-y-planifican-trabajo-conjunto\/","og_locale":"es_ES","og_type":"article","og_title":"Fomentistas de San Jos\u00e9 se re\u00fanen con autoridades y planifican trabajo conjunto","og_description":"El intendente, junto a Mariana San Mart\u00edn y Fernando Mass\u00f3n, mantuvo un encuentro con la nueva comisi\u00f3n directiva de la entidad. El objetivo es fortalecer el nexo comunitario y canalizar las demandas de los vecinos a trav\u00e9s de la organizaci\u00f3n barrial.","og_url":"https:\/\/noticiasmercedinas.com\/site\/2026\/04\/29\/fomentistas-de-san-jose-se-reunen-con-autoridades-y-planifican-trabajo-conjunto\/","og_site_name":"NOTICIASMERCEDINAS.COM","article_publisher":"https:\/\/www.facebook.com\/noticiasmercedinas\/","article_published_time":"2026-04-29T12:35:37+00:00","og_image":[{"width":640,"height":387,"url":"https:\/\/noticiasmercedinas.com\/site\/wp-content\/uploads\/2026\/04\/sanjose11.jpg","type":"image\/jpeg"}],"author":"NOTICIASMERCEDINAS.COM","twitter_card":"summary_large_image","twitter_creator":"@notmercedinas","twitter_site":"@notmercedinas","twitter_misc":{"Escrito por":"NOTICIASMERCEDINAS.COM","Tiempo de lectura":"2 minutos"},"schema":{"@context":"https:\/\/schema.org","@graph":[{"@type":"Article","@id":"https:\/\/noticiasmercedinas.com\/site\/2026\/04\/29\/fomentistas-de-san-jose-se-reunen-con-autoridades-y-planifican-trabajo-conjunto\/#article","isPartOf":{"@id":"https:\/\/noticiasmercedinas.com\/site\/2026\/04\/29\/fomentistas-de-san-jose-se-reunen-con-autoridades-y-planifican-trabajo-conjunto\/"},"author":{"name":"NOTICIASMERCEDINAS.COM","@id":"https:\/\/noticiasmercedinas.com\/site\/#\/schema\/person\/84b59c099c28ff2e8b77d4ceec5d8063"},"headline":"Fomentistas de San Jos\u00e9 se re\u00fanen con autoridades y planifican trabajo conjunto","datePublished":"2026-04-29T12:35:37+00:00","mainEntityOfPage":{"@id":"https:\/\/noticiasmercedinas.com\/site\/2026\/04\/29\/fomentistas-de-san-jose-se-reunen-con-autoridades-y-planifican-trabajo-conjunto\/"},"wordCount":354,"publisher":{"@id":"https:\/\/noticiasmercedinas.com\/site\/#organization"},"image":{"@id":"https:\/\/noticiasmercedinas.com\/site\/2026\/04\/29\/fomentistas-de-san-jose-se-reunen-con-autoridades-y-planifican-trabajo-conjunto\/#primaryimage"},"thumbnailUrl":"https:\/\/noticiasmercedinas.com\/site\/wp-content\/uploads\/2026\/04\/sanjose11.jpg","keywords":["Barrio San Jose","fernando masson","juan igancio ustarroz","mario navarro","relaciones con la comunidad","reunion","sociedad de fomento"],"articleSection":["Sociedad"],"inLanguage":"es"},{"@type":"WebPage","@id":"https:\/\/noticiasmercedinas.com\/site\/2026\/04\/29\/fomentistas-de-san-jose-se-reunen-con-autoridades-y-planifican-trabajo-conjunto\/","url":"https:\/\/noticiasmercedinas.com\/site\/2026\/04\/29\/fomentistas-de-san-jose-se-reunen-con-autoridades-y-planifican-trabajo-conjunto\/","name":"Fomentistas de San Jos\u00e9 se re\u00fanen con autoridades y planifican trabajo conjunto","isPartOf":{"@id":"https:\/\/noticiasmercedinas.com\/site\/#website"},"primaryImageOfPage":{"@id":"https:\/\/noticiasmercedinas.com\/site\/2026\/04\/29\/fomentistas-de-san-jose-se-reunen-con-autoridades-y-planifican-trabajo-conjunto\/#primaryimage"},"image":{"@id":"https:\/\/noticiasmercedinas.com\/site\/2026\/04\/29\/fomentistas-de-san-jose-se-reunen-con-autoridades-y-planifican-trabajo-conjunto\/#primaryimage"},"thumbnailUrl":"https:\/\/noticiasmercedinas.com\/site\/wp-content\/uploads\/2026\/04\/sanjose11.jpg","datePublished":"2026-04-29T12:35:37+00:00","description":"El intendente, junto a Mariana San Mart\u00edn y Fernando Mass\u00f3n, mantuvo un encuentro con la nueva comisi\u00f3n directiva de la entidad. El objetivo es fortalecer el nexo comunitario y canalizar las demandas de los vecinos a trav\u00e9s de la organizaci\u00f3n barrial.","breadcrumb":{"@id":"https:\/\/noticiasmercedinas.com\/site\/2026\/04\/29\/fomentistas-de-san-jose-se-reunen-con-autoridades-y-planifican-trabajo-conjunto\/#breadcrumb"},"inLanguage":"es","potentialAction":[{"@type":"ReadAction","target":["https:\/\/noticiasmercedinas.com\/site\/2026\/04\/29\/fomentistas-de-san-jose-se-reunen-con-autoridades-y-planifican-trabajo-conjunto\/"]}]},{"@type":"ImageObject","inLanguage":"es","@id":"https:\/\/noticiasmercedinas.com\/site\/2026\/04\/29\/fomentistas-de-san-jose-se-reunen-con-autoridades-y-planifican-trabajo-conjunto\/#primaryimage","url":"https:\/\/noticiasmercedinas.com\/site\/wp-content\/uploads\/2026\/04\/sanjose11.jpg","contentUrl":"https:\/\/noticiasmercedinas.com\/site\/wp-content\/uploads\/2026\/04\/sanjose11.jpg","width":640,"height":387},{"@type":"BreadcrumbList","@id":"https:\/\/noticiasmercedinas.com\/site\/2026\/04\/29\/fomentistas-de-san-jose-se-reunen-con-autoridades-y-planifican-trabajo-conjunto\/#breadcrumb","itemListElement":[{"@type":"ListItem","position":1,"name":"Portada","item":"https:\/\/noticiasmercedinas.com\/site\/"},{"@type":"ListItem","position":2,"name":"Fomentistas de San Jos\u00e9 se re\u00fanen con autoridades y planifican trabajo conjunto"}]},{"@type":"WebSite","@id":"https:\/\/noticiasmercedinas.com\/site\/#website","url":"https:\/\/noticiasmercedinas.com\/site\/","name":"NOTICIASMERCEDINAS.COM","description":"Mercedes, Buenos Aires, Argentina","publisher":{"@id":"https:\/\/noticiasmercedinas.com\/site\/#organization"},"potentialAction":[{"@type":"SearchAction","target":{"@type":"EntryPoint","urlTemplate":"https:\/\/noticiasmercedinas.com\/site\/?s={search_term_string}"},"query-input":{"@type":"PropertyValueSpecification","valueRequired":true,"valueName":"search_term_string"}}],"inLanguage":"es"},{"@type":"Organization","@id":"https:\/\/noticiasmercedinas.com\/site\/#organization","name":"NOTICIASMERCEDINAS.COM","url":"https:\/\/noticiasmercedinas.com\/site\/","logo":{"@type":"ImageObject","inLanguage":"es","@id":"https:\/\/noticiasmercedinas.com\/site\/#\/schema\/logo\/image\/","url":"https:\/\/noticiasmercedinas.com\/site\/wp-content\/uploads\/2020\/06\/LOGO-512.jpg","contentUrl":"https:\/\/noticiasmercedinas.com\/site\/wp-content\/uploads\/2020\/06\/LOGO-512.jpg","width":512,"height":512,"caption":"NOTICIASMERCEDINAS.COM"},"image":{"@id":"https:\/\/noticiasmercedinas.com\/site\/#\/schema\/logo\/image\/"},"sameAs":["https:\/\/www.facebook.com\/noticiasmercedinas\/","https:\/\/x.com\/notmercedinas","https:\/\/www.instagram.com\/noticiasmercedinas\/"]},{"@type":"Person","@id":"https:\/\/noticiasmercedinas.com\/site\/#\/schema\/person\/84b59c099c28ff2e8b77d4ceec5d8063","name":"NOTICIASMERCEDINAS.COM","image":{"@type":"ImageObject","inLanguage":"es","@id":"https:\/\/secure.gravatar.com\/avatar\/4dfbf16b4d17945bfb6341b2d19043457132fcf478a5ee04f42e959fd8f5df0a?s=96&d=mm&r=g","url":"https:\/\/secure.gravatar.com\/avatar\/4dfbf16b4d17945bfb6341b2d19043457132fcf478a5ee04f42e959fd8f5df0a?s=96&d=mm&r=g","contentUrl":"https:\/\/secure.gravatar.com\/avatar\/4dfbf16b4d17945bfb6341b2d19043457132fcf478a5ee04f42e959fd8f5df0a?s=96&d=mm&r=g","caption":"NOTICIASMERCEDINAS.COM"},"url":"https:\/\/noticiasmercedinas.com\/site\/author\/anonimo\/"}]}},"amp_enabled":true,"_links":{"self":[{"href":"https:\/\/noticiasmercedinas.com\/site\/wp-json\/wp\/v2\/posts\/185388","targetHints":{"allow":["GET"]}}],"collection":[{"href":"https:\/\/noticiasmercedinas.com\/site\/wp-json\/wp\/v2\/posts"}],"about":[{"href":"https:\/\/noticiasmercedinas.com\/site\/wp-json\/wp\/v2\/types\/post"}],"author":[{"embeddable":true,"href":"https:\/\/noticiasmercedinas.com\/site\/wp-json\/wp\/v2\/users\/16"}],"replies":[{"embeddable":true,"href":"https:\/\/noticiasmercedinas.com\/site\/wp-json\/wp\/v2\/comments?post=185388"}],"version-history":[{"count":1,"href":"https:\/\/noticiasmercedinas.com\/site\/wp-json\/wp\/v2\/posts\/185388\/revisions"}],"predecessor-version":[{"id":185390,"href":"https:\/\/noticiasmercedinas.com\/site\/wp-json\/wp\/v2\/posts\/185388\/revisions\/185390"}],"wp:featuredmedia":[{"embeddable":true,"href":"https:\/\/noticiasmercedinas.com\/site\/wp-json\/wp\/v2\/media\/185389"}],"wp:attachment":[{"href":"https:\/\/noticiasmercedinas.com\/site\/wp-json\/wp\/v2\/media?parent=185388"}],"wp:term":[{"taxonomy":"category","embeddable":true,"href":"https:\/\/noticiasmercedinas.com\/site\/wp-json\/wp\/v2\/categories?post=185388"},{"taxonomy":"post_tag","embeddable":true,"href":"https:\/\/noticiasmercedinas.com\/site\/wp-json\/wp\/v2\/tags?post=185388"}],"curies":[{"name":"wp","href":"https:\/\/api.w.org\/{rel}","templated":true}]}}