{"id":185391,"date":"2026-04-29T11:04:35","date_gmt":"2026-04-29T14:04:35","guid":{"rendered":"https:\/\/noticiasmercedinas.com\/site\/?p=185391"},"modified":"2026-04-29T11:04:35","modified_gmt":"2026-04-29T14:04:35","slug":"agote-celebra-su-aniversario-con-la-esperada-prueba-atletica-que-nadie-se-agote","status":"publish","type":"post","link":"https:\/\/noticiasmercedinas.com\/site\/2026\/04\/29\/agote-celebra-su-aniversario-con-la-esperada-prueba-atletica-que-nadie-se-agote\/","title":{"rendered":"Agote celebra su aniversario con la esperada prueba atl\u00e9tica \u00abQue nadie se Agote\u00bb"},"content":{"rendered":"<p>La localidad de <strong>Agote<\/strong> se vestir\u00e1 de fiesta este <strong>viernes 1 de mayo<\/strong> para recibir a corredores y familias en la prueba atl\u00e9tica <strong>\u00abQue nadie se Agote\u00bb<\/strong>. El evento, enmarcado en las celebraciones por el aniversario del pueblo, debi\u00f3 ser reprogramado semanas atr\u00e1s debido a las intensas lluvias, lo que ha generado una expectativa a\u00fan mayor entre los deportistas de la zona.<\/p>\n<p><strong>Detalles<br \/>\n<\/strong>La actividad tendr\u00e1 su epicentro en la <strong>Plaza de Agote<\/strong>, punto de encuentro desde donde se coordinar\u00e1 la log\u00edstica y el recorrido que lidera hacia la vecina localidad de <strong>Gowland<\/strong>. La organizaci\u00f3n confirm\u00f3 el siguiente cronograma y modalidades:<\/p>\n<ul>\n<li><strong>Inscripci\u00f3n:<\/strong> Se realizar\u00e1 de manera presencial a partir de las <strong>9:00 horas<\/strong>.<\/li>\n<li><strong>Largada:<\/strong> Todas las categor\u00edas iniciar\u00e1n la competencia a las <strong>11:00 horas<\/strong>.<\/li>\n<li><strong>Distancias:<\/strong>\n<ul>\n<li><strong>10 K y 5 K:<\/strong> Modalidades competitivas para atletas federados y aficionados.<\/li>\n<li><strong>3 K:<\/strong> Correcaminata participativa destinada a la familia y adultos mayores.<\/li>\n<\/ul>\n<\/li>\n<\/ul>\n<p><strong>Un evento solidario y gratuito<br \/>\n<\/strong>Uno de los puntos destacados de la jornada es que la <strong>participaci\u00f3n es totalmente gratuita<\/strong>. Sin embargo, la organizaci\u00f3n ha dispuesto un fin ben\u00e9fico para fortalecer a las instituciones locales: lo recaudado mediante un <strong>bono de estacionamiento<\/strong> ser\u00e1 destinado \u00edntegramente al <strong>Club Gowland<\/strong>.<\/p>\n<p>\u00abEsta carrera no es solo una competencia deportiva, sino una oportunidad para que la comunidad se encuentre y colabore con nuestro club local tras el aniversario del pueblo\u00bb, se\u00f1alaron desde la organizaci\u00f3n.<\/p>\n<p>Con el pron\u00f3stico meteorol\u00f3gico a favor, se espera una concurrencia masiva de vecinos que buscar\u00e1n completar el desaf\u00edo f\u00edsico y celebrar la identidad de Agote en una jornada de deporte y solidaridad.<\/p>\n","protected":false},"excerpt":{"rendered":"<p>\u25a0 Tras la postergaci\u00f3n por mal tiempo, este viernes 1 de mayo se llevar\u00e1 adelante la competencia deportiva que une a las localidades de Agote y Gowland con recorridos de 10, 5 y 3 kil\u00f3metros.<\/p>\n","protected":false},"author":6,"featured_media":86165,"comment_status":"closed","ping_status":"closed","sticky":false,"template":"","format":"standard","meta":{"footnotes":""},"categories":[5],"tags":[104,329,13865,22102],"class_list":["post-185391","post","type-post","status-publish","format-standard","has-post-thumbnail","hentry","category-deportes","tag-agote","tag-atletismo","tag-carrera-pedestre","tag-que-no-se-agote"],"yoast_head":"<!-- This site is optimized with the Yoast SEO plugin v27.5 - https:\/\/yoast.com\/product\/yoast-seo-wordpress\/ -->\n<title>Agote celebra su aniversario con la esperada prueba atl\u00e9tica &quot;Que nadie se Agote&quot;<\/title>\n<meta name=\"robots\" content=\"index, follow, max-snippet:-1, max-image-preview:large, max-video-preview:-1\" \/>\n<link rel=\"canonical\" href=\"https:\/\/noticiasmercedinas.com\/site\/2026\/04\/29\/agote-celebra-su-aniversario-con-la-esperada-prueba-atletica-que-nadie-se-agote\/\" \/>\n<meta property=\"og:locale\" content=\"es_ES\" \/>\n<meta property=\"og:type\" content=\"article\" \/>\n<meta property=\"og:title\" content=\"Agote celebra su aniversario con la esperada prueba atl\u00e9tica &quot;Que nadie se Agote&quot;\" \/>\n<meta property=\"og:description\" content=\"\u25a0 Tras la postergaci\u00f3n por mal tiempo, este viernes 1 de mayo se llevar\u00e1 adelante la competencia deportiva que une a las localidades de Agote y Gowland con recorridos de 10, 5 y 3 kil\u00f3metros.\" \/>\n<meta property=\"og:url\" content=\"https:\/\/noticiasmercedinas.com\/site\/2026\/04\/29\/agote-celebra-su-aniversario-con-la-esperada-prueba-atletica-que-nadie-se-agote\/\" \/>\n<meta property=\"og:site_name\" content=\"NOTICIASMERCEDINAS.COM\" \/>\n<meta property=\"article:publisher\" content=\"https:\/\/www.facebook.com\/noticiasmercedinas\/\" \/>\n<meta property=\"article:published_time\" content=\"2026-04-29T14:04:35+00:00\" \/>\n<meta property=\"og:image\" content=\"https:\/\/noticiasmercedinas.com\/site\/wp-content\/uploads\/2022\/03\/carrera.jpg\" \/>\n\t<meta property=\"og:image:width\" content=\"640\" \/>\n\t<meta property=\"og:image:height\" content=\"402\" \/>\n\t<meta property=\"og:image:type\" content=\"image\/jpeg\" \/>\n<meta name=\"author\" content=\"Juan Dagnino NOTICIASMERCEDINAS.COM\" \/>\n<meta name=\"twitter:card\" content=\"summary_large_image\" \/>\n<meta name=\"twitter:creator\" content=\"@notmercedinas\" \/>\n<meta name=\"twitter:site\" content=\"@notmercedinas\" \/>\n<meta name=\"twitter:label1\" content=\"Escrito por\" \/>\n\t<meta name=\"twitter:data1\" content=\"Juan Dagnino NOTICIASMERCEDINAS.COM\" \/>\n\t<meta name=\"twitter:label2\" content=\"Tiempo de lectura\" \/>\n\t<meta name=\"twitter:data2\" content=\"2 minutos\" \/>\n<script type=\"application\/ld+json\" class=\"yoast-schema-graph\">{\"@context\":\"https:\\\/\\\/schema.org\",\"@graph\":[{\"@type\":\"Article\",\"@id\":\"https:\\\/\\\/noticiasmercedinas.com\\\/site\\\/2026\\\/04\\\/29\\\/agote-celebra-su-aniversario-con-la-esperada-prueba-atletica-que-nadie-se-agote\\\/#article\",\"isPartOf\":{\"@id\":\"https:\\\/\\\/noticiasmercedinas.com\\\/site\\\/2026\\\/04\\\/29\\\/agote-celebra-su-aniversario-con-la-esperada-prueba-atletica-que-nadie-se-agote\\\/\"},\"author\":{\"name\":\"Juan Dagnino NOTICIASMERCEDINAS.COM\",\"@id\":\"https:\\\/\\\/noticiasmercedinas.com\\\/site\\\/#\\\/schema\\\/person\\\/8f2f09d666ef40986eba4a5e6f2a06f9\"},\"headline\":\"Agote celebra su aniversario con la esperada prueba atl\u00e9tica \u00abQue nadie se Agote\u00bb\",\"datePublished\":\"2026-04-29T14:04:35+00:00\",\"mainEntityOfPage\":{\"@id\":\"https:\\\/\\\/noticiasmercedinas.com\\\/site\\\/2026\\\/04\\\/29\\\/agote-celebra-su-aniversario-con-la-esperada-prueba-atletica-que-nadie-se-agote\\\/\"},\"wordCount\":286,\"publisher\":{\"@id\":\"https:\\\/\\\/noticiasmercedinas.com\\\/site\\\/#organization\"},\"image\":{\"@id\":\"https:\\\/\\\/noticiasmercedinas.com\\\/site\\\/2026\\\/04\\\/29\\\/agote-celebra-su-aniversario-con-la-esperada-prueba-atletica-que-nadie-se-agote\\\/#primaryimage\"},\"thumbnailUrl\":\"https:\\\/\\\/noticiasmercedinas.com\\\/site\\\/wp-content\\\/uploads\\\/2022\\\/03\\\/carrera.jpg\",\"keywords\":[\"agote\",\"atletismo\",\"carrera pedestre\",\"que no se agote\"],\"articleSection\":[\"Deportes\"],\"inLanguage\":\"es\"},{\"@type\":\"WebPage\",\"@id\":\"https:\\\/\\\/noticiasmercedinas.com\\\/site\\\/2026\\\/04\\\/29\\\/agote-celebra-su-aniversario-con-la-esperada-prueba-atletica-que-nadie-se-agote\\\/\",\"url\":\"https:\\\/\\\/noticiasmercedinas.com\\\/site\\\/2026\\\/04\\\/29\\\/agote-celebra-su-aniversario-con-la-esperada-prueba-atletica-que-nadie-se-agote\\\/\",\"name\":\"Agote celebra su aniversario con la esperada prueba atl\u00e9tica \\\"Que nadie se Agote\\\"\",\"isPartOf\":{\"@id\":\"https:\\\/\\\/noticiasmercedinas.com\\\/site\\\/#website\"},\"primaryImageOfPage\":{\"@id\":\"https:\\\/\\\/noticiasmercedinas.com\\\/site\\\/2026\\\/04\\\/29\\\/agote-celebra-su-aniversario-con-la-esperada-prueba-atletica-que-nadie-se-agote\\\/#primaryimage\"},\"image\":{\"@id\":\"https:\\\/\\\/noticiasmercedinas.com\\\/site\\\/2026\\\/04\\\/29\\\/agote-celebra-su-aniversario-con-la-esperada-prueba-atletica-que-nadie-se-agote\\\/#primaryimage\"},\"thumbnailUrl\":\"https:\\\/\\\/noticiasmercedinas.com\\\/site\\\/wp-content\\\/uploads\\\/2022\\\/03\\\/carrera.jpg\",\"datePublished\":\"2026-04-29T14:04:35+00:00\",\"breadcrumb\":{\"@id\":\"https:\\\/\\\/noticiasmercedinas.com\\\/site\\\/2026\\\/04\\\/29\\\/agote-celebra-su-aniversario-con-la-esperada-prueba-atletica-que-nadie-se-agote\\\/#breadcrumb\"},\"inLanguage\":\"es\",\"potentialAction\":[{\"@type\":\"ReadAction\",\"target\":[\"https:\\\/\\\/noticiasmercedinas.com\\\/site\\\/2026\\\/04\\\/29\\\/agote-celebra-su-aniversario-con-la-esperada-prueba-atletica-que-nadie-se-agote\\\/\"]}]},{\"@type\":\"ImageObject\",\"inLanguage\":\"es\",\"@id\":\"https:\\\/\\\/noticiasmercedinas.com\\\/site\\\/2026\\\/04\\\/29\\\/agote-celebra-su-aniversario-con-la-esperada-prueba-atletica-que-nadie-se-agote\\\/#primaryimage\",\"url\":\"https:\\\/\\\/noticiasmercedinas.com\\\/site\\\/wp-content\\\/uploads\\\/2022\\\/03\\\/carrera.jpg\",\"contentUrl\":\"https:\\\/\\\/noticiasmercedinas.com\\\/site\\\/wp-content\\\/uploads\\\/2022\\\/03\\\/carrera.jpg\",\"width\":640,\"height\":402},{\"@type\":\"BreadcrumbList\",\"@id\":\"https:\\\/\\\/noticiasmercedinas.com\\\/site\\\/2026\\\/04\\\/29\\\/agote-celebra-su-aniversario-con-la-esperada-prueba-atletica-que-nadie-se-agote\\\/#breadcrumb\",\"itemListElement\":[{\"@type\":\"ListItem\",\"position\":1,\"name\":\"Portada\",\"item\":\"https:\\\/\\\/noticiasmercedinas.com\\\/site\\\/\"},{\"@type\":\"ListItem\",\"position\":2,\"name\":\"Agote celebra su aniversario con la esperada prueba atl\u00e9tica \u00abQue nadie se Agote\u00bb\"}]},{\"@type\":\"WebSite\",\"@id\":\"https:\\\/\\\/noticiasmercedinas.com\\\/site\\\/#website\",\"url\":\"https:\\\/\\\/noticiasmercedinas.com\\\/site\\\/\",\"name\":\"NOTICIASMERCEDINAS.COM\",\"description\":\"Mercedes, Buenos Aires, Argentina\",\"publisher\":{\"@id\":\"https:\\\/\\\/noticiasmercedinas.com\\\/site\\\/#organization\"},\"potentialAction\":[{\"@type\":\"SearchAction\",\"target\":{\"@type\":\"EntryPoint\",\"urlTemplate\":\"https:\\\/\\\/noticiasmercedinas.com\\\/site\\\/?s={search_term_string}\"},\"query-input\":{\"@type\":\"PropertyValueSpecification\",\"valueRequired\":true,\"valueName\":\"search_term_string\"}}],\"inLanguage\":\"es\"},{\"@type\":\"Organization\",\"@id\":\"https:\\\/\\\/noticiasmercedinas.com\\\/site\\\/#organization\",\"name\":\"NOTICIASMERCEDINAS.COM\",\"url\":\"https:\\\/\\\/noticiasmercedinas.com\\\/site\\\/\",\"logo\":{\"@type\":\"ImageObject\",\"inLanguage\":\"es\",\"@id\":\"https:\\\/\\\/noticiasmercedinas.com\\\/site\\\/#\\\/schema\\\/logo\\\/image\\\/\",\"url\":\"https:\\\/\\\/noticiasmercedinas.com\\\/site\\\/wp-content\\\/uploads\\\/2020\\\/06\\\/LOGO-512.jpg\",\"contentUrl\":\"https:\\\/\\\/noticiasmercedinas.com\\\/site\\\/wp-content\\\/uploads\\\/2020\\\/06\\\/LOGO-512.jpg\",\"width\":512,\"height\":512,\"caption\":\"NOTICIASMERCEDINAS.COM\"},\"image\":{\"@id\":\"https:\\\/\\\/noticiasmercedinas.com\\\/site\\\/#\\\/schema\\\/logo\\\/image\\\/\"},\"sameAs\":[\"https:\\\/\\\/www.facebook.com\\\/noticiasmercedinas\\\/\",\"https:\\\/\\\/x.com\\\/notmercedinas\",\"https:\\\/\\\/www.instagram.com\\\/noticiasmercedinas\\\/\"]},{\"@type\":\"Person\",\"@id\":\"https:\\\/\\\/noticiasmercedinas.com\\\/site\\\/#\\\/schema\\\/person\\\/8f2f09d666ef40986eba4a5e6f2a06f9\",\"name\":\"Juan Dagnino NOTICIASMERCEDINAS.COM\",\"image\":{\"@type\":\"ImageObject\",\"inLanguage\":\"es\",\"@id\":\"https:\\\/\\\/secure.gravatar.com\\\/avatar\\\/fc7059a769f5a3cae65fadb228a3e4accf3a64b4b2305020d0a27e6d5333c91b?s=96&d=mm&r=g\",\"url\":\"https:\\\/\\\/secure.gravatar.com\\\/avatar\\\/fc7059a769f5a3cae65fadb228a3e4accf3a64b4b2305020d0a27e6d5333c91b?s=96&d=mm&r=g\",\"contentUrl\":\"https:\\\/\\\/secure.gravatar.com\\\/avatar\\\/fc7059a769f5a3cae65fadb228a3e4accf3a64b4b2305020d0a27e6d5333c91b?s=96&d=mm&r=g\",\"caption\":\"Juan Dagnino NOTICIASMERCEDINAS.COM\"},\"url\":\"https:\\\/\\\/noticiasmercedinas.com\\\/site\\\/author\\\/juandagnino\\\/\"}]}<\/script>\n<!-- \/ Yoast SEO plugin. -->","yoast_head_json":{"title":"Agote celebra su aniversario con la esperada prueba atl\u00e9tica \"Que nadie se Agote\"","robots":{"index":"index","follow":"follow","max-snippet":"max-snippet:-1","max-image-preview":"max-image-preview:large","max-video-preview":"max-video-preview:-1"},"canonical":"https:\/\/noticiasmercedinas.com\/site\/2026\/04\/29\/agote-celebra-su-aniversario-con-la-esperada-prueba-atletica-que-nadie-se-agote\/","og_locale":"es_ES","og_type":"article","og_title":"Agote celebra su aniversario con la esperada prueba atl\u00e9tica \"Que nadie se Agote\"","og_description":"\u25a0 Tras la postergaci\u00f3n por mal tiempo, este viernes 1 de mayo se llevar\u00e1 adelante la competencia deportiva que une a las localidades de Agote y Gowland con recorridos de 10, 5 y 3 kil\u00f3metros.","og_url":"https:\/\/noticiasmercedinas.com\/site\/2026\/04\/29\/agote-celebra-su-aniversario-con-la-esperada-prueba-atletica-que-nadie-se-agote\/","og_site_name":"NOTICIASMERCEDINAS.COM","article_publisher":"https:\/\/www.facebook.com\/noticiasmercedinas\/","article_published_time":"2026-04-29T14:04:35+00:00","og_image":[{"width":640,"height":402,"url":"https:\/\/noticiasmercedinas.com\/site\/wp-content\/uploads\/2022\/03\/carrera.jpg","type":"image\/jpeg"}],"author":"Juan Dagnino NOTICIASMERCEDINAS.COM","twitter_card":"summary_large_image","twitter_creator":"@notmercedinas","twitter_site":"@notmercedinas","twitter_misc":{"Escrito por":"Juan Dagnino NOTICIASMERCEDINAS.COM","Tiempo de lectura":"2 minutos"},"schema":{"@context":"https:\/\/schema.org","@graph":[{"@type":"Article","@id":"https:\/\/noticiasmercedinas.com\/site\/2026\/04\/29\/agote-celebra-su-aniversario-con-la-esperada-prueba-atletica-que-nadie-se-agote\/#article","isPartOf":{"@id":"https:\/\/noticiasmercedinas.com\/site\/2026\/04\/29\/agote-celebra-su-aniversario-con-la-esperada-prueba-atletica-que-nadie-se-agote\/"},"author":{"name":"Juan Dagnino NOTICIASMERCEDINAS.COM","@id":"https:\/\/noticiasmercedinas.com\/site\/#\/schema\/person\/8f2f09d666ef40986eba4a5e6f2a06f9"},"headline":"Agote celebra su aniversario con la esperada prueba atl\u00e9tica \u00abQue nadie se Agote\u00bb","datePublished":"2026-04-29T14:04:35+00:00","mainEntityOfPage":{"@id":"https:\/\/noticiasmercedinas.com\/site\/2026\/04\/29\/agote-celebra-su-aniversario-con-la-esperada-prueba-atletica-que-nadie-se-agote\/"},"wordCount":286,"publisher":{"@id":"https:\/\/noticiasmercedinas.com\/site\/#organization"},"image":{"@id":"https:\/\/noticiasmercedinas.com\/site\/2026\/04\/29\/agote-celebra-su-aniversario-con-la-esperada-prueba-atletica-que-nadie-se-agote\/#primaryimage"},"thumbnailUrl":"https:\/\/noticiasmercedinas.com\/site\/wp-content\/uploads\/2022\/03\/carrera.jpg","keywords":["agote","atletismo","carrera pedestre","que no se agote"],"articleSection":["Deportes"],"inLanguage":"es"},{"@type":"WebPage","@id":"https:\/\/noticiasmercedinas.com\/site\/2026\/04\/29\/agote-celebra-su-aniversario-con-la-esperada-prueba-atletica-que-nadie-se-agote\/","url":"https:\/\/noticiasmercedinas.com\/site\/2026\/04\/29\/agote-celebra-su-aniversario-con-la-esperada-prueba-atletica-que-nadie-se-agote\/","name":"Agote celebra su aniversario con la esperada prueba atl\u00e9tica \"Que nadie se Agote\"","isPartOf":{"@id":"https:\/\/noticiasmercedinas.com\/site\/#website"},"primaryImageOfPage":{"@id":"https:\/\/noticiasmercedinas.com\/site\/2026\/04\/29\/agote-celebra-su-aniversario-con-la-esperada-prueba-atletica-que-nadie-se-agote\/#primaryimage"},"image":{"@id":"https:\/\/noticiasmercedinas.com\/site\/2026\/04\/29\/agote-celebra-su-aniversario-con-la-esperada-prueba-atletica-que-nadie-se-agote\/#primaryimage"},"thumbnailUrl":"https:\/\/noticiasmercedinas.com\/site\/wp-content\/uploads\/2022\/03\/carrera.jpg","datePublished":"2026-04-29T14:04:35+00:00","breadcrumb":{"@id":"https:\/\/noticiasmercedinas.com\/site\/2026\/04\/29\/agote-celebra-su-aniversario-con-la-esperada-prueba-atletica-que-nadie-se-agote\/#breadcrumb"},"inLanguage":"es","potentialAction":[{"@type":"ReadAction","target":["https:\/\/noticiasmercedinas.com\/site\/2026\/04\/29\/agote-celebra-su-aniversario-con-la-esperada-prueba-atletica-que-nadie-se-agote\/"]}]},{"@type":"ImageObject","inLanguage":"es","@id":"https:\/\/noticiasmercedinas.com\/site\/2026\/04\/29\/agote-celebra-su-aniversario-con-la-esperada-prueba-atletica-que-nadie-se-agote\/#primaryimage","url":"https:\/\/noticiasmercedinas.com\/site\/wp-content\/uploads\/2022\/03\/carrera.jpg","contentUrl":"https:\/\/noticiasmercedinas.com\/site\/wp-content\/uploads\/2022\/03\/carrera.jpg","width":640,"height":402},{"@type":"BreadcrumbList","@id":"https:\/\/noticiasmercedinas.com\/site\/2026\/04\/29\/agote-celebra-su-aniversario-con-la-esperada-prueba-atletica-que-nadie-se-agote\/#breadcrumb","itemListElement":[{"@type":"ListItem","position":1,"name":"Portada","item":"https:\/\/noticiasmercedinas.com\/site\/"},{"@type":"ListItem","position":2,"name":"Agote celebra su aniversario con la esperada prueba atl\u00e9tica \u00abQue nadie se Agote\u00bb"}]},{"@type":"WebSite","@id":"https:\/\/noticiasmercedinas.com\/site\/#website","url":"https:\/\/noticiasmercedinas.com\/site\/","name":"NOTICIASMERCEDINAS.COM","description":"Mercedes, Buenos Aires, Argentina","publisher":{"@id":"https:\/\/noticiasmercedinas.com\/site\/#organization"},"potentialAction":[{"@type":"SearchAction","target":{"@type":"EntryPoint","urlTemplate":"https:\/\/noticiasmercedinas.com\/site\/?s={search_term_string}"},"query-input":{"@type":"PropertyValueSpecification","valueRequired":true,"valueName":"search_term_string"}}],"inLanguage":"es"},{"@type":"Organization","@id":"https:\/\/noticiasmercedinas.com\/site\/#organization","name":"NOTICIASMERCEDINAS.COM","url":"https:\/\/noticiasmercedinas.com\/site\/","logo":{"@type":"ImageObject","inLanguage":"es","@id":"https:\/\/noticiasmercedinas.com\/site\/#\/schema\/logo\/image\/","url":"https:\/\/noticiasmercedinas.com\/site\/wp-content\/uploads\/2020\/06\/LOGO-512.jpg","contentUrl":"https:\/\/noticiasmercedinas.com\/site\/wp-content\/uploads\/2020\/06\/LOGO-512.jpg","width":512,"height":512,"caption":"NOTICIASMERCEDINAS.COM"},"image":{"@id":"https:\/\/noticiasmercedinas.com\/site\/#\/schema\/logo\/image\/"},"sameAs":["https:\/\/www.facebook.com\/noticiasmercedinas\/","https:\/\/x.com\/notmercedinas","https:\/\/www.instagram.com\/noticiasmercedinas\/"]},{"@type":"Person","@id":"https:\/\/noticiasmercedinas.com\/site\/#\/schema\/person\/8f2f09d666ef40986eba4a5e6f2a06f9","name":"Juan Dagnino NOTICIASMERCEDINAS.COM","image":{"@type":"ImageObject","inLanguage":"es","@id":"https:\/\/secure.gravatar.com\/avatar\/fc7059a769f5a3cae65fadb228a3e4accf3a64b4b2305020d0a27e6d5333c91b?s=96&d=mm&r=g","url":"https:\/\/secure.gravatar.com\/avatar\/fc7059a769f5a3cae65fadb228a3e4accf3a64b4b2305020d0a27e6d5333c91b?s=96&d=mm&r=g","contentUrl":"https:\/\/secure.gravatar.com\/avatar\/fc7059a769f5a3cae65fadb228a3e4accf3a64b4b2305020d0a27e6d5333c91b?s=96&d=mm&r=g","caption":"Juan Dagnino NOTICIASMERCEDINAS.COM"},"url":"https:\/\/noticiasmercedinas.com\/site\/author\/juandagnino\/"}]}},"amp_enabled":true,"_links":{"self":[{"href":"https:\/\/noticiasmercedinas.com\/site\/wp-json\/wp\/v2\/posts\/185391","targetHints":{"allow":["GET"]}}],"collection":[{"href":"https:\/\/noticiasmercedinas.com\/site\/wp-json\/wp\/v2\/posts"}],"about":[{"href":"https:\/\/noticiasmercedinas.com\/site\/wp-json\/wp\/v2\/types\/post"}],"author":[{"embeddable":true,"href":"https:\/\/noticiasmercedinas.com\/site\/wp-json\/wp\/v2\/users\/6"}],"replies":[{"embeddable":true,"href":"https:\/\/noticiasmercedinas.com\/site\/wp-json\/wp\/v2\/comments?post=185391"}],"version-history":[{"count":1,"href":"https:\/\/noticiasmercedinas.com\/site\/wp-json\/wp\/v2\/posts\/185391\/revisions"}],"predecessor-version":[{"id":185392,"href":"https:\/\/noticiasmercedinas.com\/site\/wp-json\/wp\/v2\/posts\/185391\/revisions\/185392"}],"wp:featuredmedia":[{"embeddable":true,"href":"https:\/\/noticiasmercedinas.com\/site\/wp-json\/wp\/v2\/media\/86165"}],"wp:attachment":[{"href":"https:\/\/noticiasmercedinas.com\/site\/wp-json\/wp\/v2\/media?parent=185391"}],"wp:term":[{"taxonomy":"category","embeddable":true,"href":"https:\/\/noticiasmercedinas.com\/site\/wp-json\/wp\/v2\/categories?post=185391"},{"taxonomy":"post_tag","embeddable":true,"href":"https:\/\/noticiasmercedinas.com\/site\/wp-json\/wp\/v2\/tags?post=185391"}],"curies":[{"name":"wp","href":"https:\/\/api.w.org\/{rel}","templated":true}]}}