{"id":185393,"date":"2026-04-29T11:45:48","date_gmt":"2026-04-29T14:45:48","guid":{"rendered":"https:\/\/noticiasmercedinas.com\/site\/?p=185393"},"modified":"2026-04-29T11:45:48","modified_gmt":"2026-04-29T14:45:48","slug":"camara-economica-mercedina-convoca-a-asamblea-general-ordinaria-para-el-2-de-junio","status":"publish","type":"post","link":"https:\/\/noticiasmercedinas.com\/site\/2026\/04\/29\/camara-economica-mercedina-convoca-a-asamblea-general-ordinaria-para-el-2-de-junio\/","title":{"rendered":"C\u00e1mara Econ\u00f3mica Mercedina convoca a Asamblea General Ordinaria para el 2 de junio"},"content":{"rendered":"<p><img loading=\"lazy\" decoding=\"async\" class=\"alignnone wp-image-91768 size-full\" src=\"https:\/\/noticiasmercedinas.com\/site\/wp-content\/uploads\/2022\/05\/Fotos-CEM-47.jpg\" alt=\"\" width=\"640\" height=\"427\" srcset=\"https:\/\/noticiasmercedinas.com\/site\/wp-content\/uploads\/2022\/05\/Fotos-CEM-47.jpg 640w, https:\/\/noticiasmercedinas.com\/site\/wp-content\/uploads\/2022\/05\/Fotos-CEM-47-300x200.jpg 300w\" sizes=\"auto, (max-width: 640px) 100vw, 640px\" \/><\/p>\n<p>La C\u00e1mara Econ\u00f3mica Mercedina (CEM) ha formalizado el llamado a sus asociados para la celebraci\u00f3n de su Asamblea General Ordinaria.<\/p>\n<p>Seg\u00fan lo establecido por las disposiciones estatutarias de la entidad que nuclea al comercio, la industria y los servicios de la ciudad, la cita tendr\u00e1 lugar el pr\u00f3ximo martes 2 de junio de 2026.<\/p>\n<p>El c\u00f3nclave se desarrollar\u00e1 en la sede institucional ubicada en calle 29 n\u00famero 638. La primera convocatoria est\u00e1 fijada para las 19:00 hs, mientras que, de no alcanzarse el qu\u00f3rum necesario, se realizar\u00e1 una segunda convocatoria a las 20:00 hs.<\/p>\n<p><strong>Orden del D\u00eda y temas centrales<\/strong><br \/>\nLa asamblea abordar\u00e1 puntos neur\u00e1lgicos para la vida institucional de la C\u00e1mara. El primer \u00edtem del orden del d\u00eda contempla un informe de Presidencia a los asamble\u00edstas, donde se explicar\u00e1n los motivos que provocaron la demora en la realizaci\u00f3n de este acto administrativo.<\/p>\n<p>Posteriormente, los socios presentes proceder\u00e1n a la lectura y consideraci\u00f3n de la documentaci\u00f3n contable y de gesti\u00f3n:<\/p>\n<p><strong>Memoria anual: <\/strong>Detalle de las acciones gremiales y servicios prestados durante el a\u00f1o anterior.<\/p>\n<p><strong>Balance General: <\/strong>Estado financiero de la entidad cerrado al 31 de diciembre de 2025.<\/p>\n<p><strong>Informe de la Comisi\u00f3n Revisora de Cuentas:<\/strong> El dictamen t\u00e9cnico sobre la transparencia y legalidad de los movimientos econ\u00f3micos.<\/p>\n<p><strong>Participaci\u00f3n de los socios<\/strong><br \/>\nDesde la CEM se inst\u00f3 a los asociados a participar de este espacio de decisi\u00f3n, fundamental para la continuidad democr\u00e1tica de la instituci\u00f3n. Adem\u00e1s de la aprobaci\u00f3n del balance, se deber\u00e1n designar a dos socios presentes para la firma del acta correspondiente.<\/p>\n<p>La convocatoria se da en un contexto donde la C\u00e1mara busca consolidar su rol representativo ante los desaf\u00edos econ\u00f3micos actuales, siendo la asamblea el \u00f3rgano m\u00e1ximo donde se ratifica o rectifica el rumbo de la entidad.<\/p>\n<p><img loading=\"lazy\" decoding=\"async\" class=\"size-full wp-image-185394 aligncenter\" src=\"https:\/\/noticiasmercedinas.com\/site\/wp-content\/uploads\/2026\/04\/asamblea-cem.jpg\" alt=\"\" width=\"586\" height=\"718\" srcset=\"https:\/\/noticiasmercedinas.com\/site\/wp-content\/uploads\/2026\/04\/asamblea-cem.jpg 586w, https:\/\/noticiasmercedinas.com\/site\/wp-content\/uploads\/2026\/04\/asamblea-cem-245x300.jpg 245w\" sizes=\"auto, (max-width: 586px) 100vw, 586px\" \/><\/p>\n","protected":false},"excerpt":{"rendered":"<p>\u25a0 La instituci\u00f3n empresaria local tratar\u00e1 la Memoria y Balance del ejercicio 2025. El encuentro se llevar\u00e1 a cabo en su sede de calle 29, con un orden del d\u00eda que incluye el informe sobre los motivos de la pr\u00f3rroga de la convocatoria<\/p>\n","protected":false},"author":16,"featured_media":91768,"comment_status":"closed","ping_status":"closed","sticky":false,"template":"","format":"standard","meta":{"footnotes":""},"categories":[3],"tags":[377],"class_list":["post-185393","post","type-post","status-publish","format-standard","has-post-thumbnail","hentry","category-sociedad","tag-cem"],"yoast_head":"<!-- This site is optimized with the Yoast SEO plugin v27.5 - https:\/\/yoast.com\/product\/yoast-seo-wordpress\/ -->\n<title>C\u00e1mara Econ\u00f3mica Mercedina convoca a Asamblea General Ordinaria para el 2 de junio<\/title>\n<meta name=\"description\" content=\"La instituci\u00f3n empresaria local tratar\u00e1 la Memoria y Balance del ejercicio 2025. El encuentro se llevar\u00e1 a cabo en su sede de calle 29, con un orden del d\u00eda que incluye el informe sobre los motivos de la pr\u00f3rroga de la convocatoria\" \/>\n<meta name=\"robots\" content=\"index, follow, max-snippet:-1, max-image-preview:large, max-video-preview:-1\" \/>\n<link rel=\"canonical\" href=\"https:\/\/noticiasmercedinas.com\/site\/2026\/04\/29\/camara-economica-mercedina-convoca-a-asamblea-general-ordinaria-para-el-2-de-junio\/\" \/>\n<meta property=\"og:locale\" content=\"es_ES\" \/>\n<meta property=\"og:type\" content=\"article\" \/>\n<meta property=\"og:title\" content=\"C\u00e1mara Econ\u00f3mica Mercedina convoca a Asamblea General Ordinaria para el 2 de junio\" \/>\n<meta property=\"og:description\" content=\"La instituci\u00f3n empresaria local tratar\u00e1 la Memoria y Balance del ejercicio 2025. El encuentro se llevar\u00e1 a cabo en su sede de calle 29, con un orden del d\u00eda que incluye el informe sobre los motivos de la pr\u00f3rroga de la convocatoria\" \/>\n<meta property=\"og:url\" content=\"https:\/\/noticiasmercedinas.com\/site\/2026\/04\/29\/camara-economica-mercedina-convoca-a-asamblea-general-ordinaria-para-el-2-de-junio\/\" \/>\n<meta property=\"og:site_name\" content=\"NOTICIASMERCEDINAS.COM\" \/>\n<meta property=\"article:publisher\" content=\"https:\/\/www.facebook.com\/noticiasmercedinas\/\" \/>\n<meta property=\"article:published_time\" content=\"2026-04-29T14:45:48+00:00\" \/>\n<meta property=\"og:image\" content=\"https:\/\/noticiasmercedinas.com\/site\/wp-content\/uploads\/2022\/05\/Fotos-CEM-47.jpg\" \/>\n\t<meta property=\"og:image:width\" content=\"640\" \/>\n\t<meta property=\"og:image:height\" content=\"427\" \/>\n\t<meta property=\"og:image:type\" content=\"image\/jpeg\" \/>\n<meta name=\"author\" content=\"NOTICIASMERCEDINAS.COM\" \/>\n<meta name=\"twitter:card\" content=\"summary_large_image\" \/>\n<meta name=\"twitter:creator\" content=\"@notmercedinas\" \/>\n<meta name=\"twitter:site\" content=\"@notmercedinas\" \/>\n<meta name=\"twitter:label1\" content=\"Escrito por\" \/>\n\t<meta name=\"twitter:data1\" content=\"NOTICIASMERCEDINAS.COM\" \/>\n\t<meta name=\"twitter:label2\" content=\"Tiempo de lectura\" \/>\n\t<meta name=\"twitter:data2\" content=\"2 minutos\" \/>\n<script type=\"application\/ld+json\" class=\"yoast-schema-graph\">{\"@context\":\"https:\\\/\\\/schema.org\",\"@graph\":[{\"@type\":\"Article\",\"@id\":\"https:\\\/\\\/noticiasmercedinas.com\\\/site\\\/2026\\\/04\\\/29\\\/camara-economica-mercedina-convoca-a-asamblea-general-ordinaria-para-el-2-de-junio\\\/#article\",\"isPartOf\":{\"@id\":\"https:\\\/\\\/noticiasmercedinas.com\\\/site\\\/2026\\\/04\\\/29\\\/camara-economica-mercedina-convoca-a-asamblea-general-ordinaria-para-el-2-de-junio\\\/\"},\"author\":{\"name\":\"NOTICIASMERCEDINAS.COM\",\"@id\":\"https:\\\/\\\/noticiasmercedinas.com\\\/site\\\/#\\\/schema\\\/person\\\/84b59c099c28ff2e8b77d4ceec5d8063\"},\"headline\":\"C\u00e1mara Econ\u00f3mica Mercedina convoca a Asamblea General Ordinaria para el 2 de junio\",\"datePublished\":\"2026-04-29T14:45:48+00:00\",\"mainEntityOfPage\":{\"@id\":\"https:\\\/\\\/noticiasmercedinas.com\\\/site\\\/2026\\\/04\\\/29\\\/camara-economica-mercedina-convoca-a-asamblea-general-ordinaria-para-el-2-de-junio\\\/\"},\"wordCount\":329,\"publisher\":{\"@id\":\"https:\\\/\\\/noticiasmercedinas.com\\\/site\\\/#organization\"},\"image\":{\"@id\":\"https:\\\/\\\/noticiasmercedinas.com\\\/site\\\/2026\\\/04\\\/29\\\/camara-economica-mercedina-convoca-a-asamblea-general-ordinaria-para-el-2-de-junio\\\/#primaryimage\"},\"thumbnailUrl\":\"https:\\\/\\\/noticiasmercedinas.com\\\/site\\\/wp-content\\\/uploads\\\/2022\\\/05\\\/Fotos-CEM-47.jpg\",\"keywords\":[\"cem\"],\"articleSection\":[\"Sociedad\"],\"inLanguage\":\"es\"},{\"@type\":\"WebPage\",\"@id\":\"https:\\\/\\\/noticiasmercedinas.com\\\/site\\\/2026\\\/04\\\/29\\\/camara-economica-mercedina-convoca-a-asamblea-general-ordinaria-para-el-2-de-junio\\\/\",\"url\":\"https:\\\/\\\/noticiasmercedinas.com\\\/site\\\/2026\\\/04\\\/29\\\/camara-economica-mercedina-convoca-a-asamblea-general-ordinaria-para-el-2-de-junio\\\/\",\"name\":\"C\u00e1mara Econ\u00f3mica Mercedina convoca a Asamblea General Ordinaria para el 2 de junio\",\"isPartOf\":{\"@id\":\"https:\\\/\\\/noticiasmercedinas.com\\\/site\\\/#website\"},\"primaryImageOfPage\":{\"@id\":\"https:\\\/\\\/noticiasmercedinas.com\\\/site\\\/2026\\\/04\\\/29\\\/camara-economica-mercedina-convoca-a-asamblea-general-ordinaria-para-el-2-de-junio\\\/#primaryimage\"},\"image\":{\"@id\":\"https:\\\/\\\/noticiasmercedinas.com\\\/site\\\/2026\\\/04\\\/29\\\/camara-economica-mercedina-convoca-a-asamblea-general-ordinaria-para-el-2-de-junio\\\/#primaryimage\"},\"thumbnailUrl\":\"https:\\\/\\\/noticiasmercedinas.com\\\/site\\\/wp-content\\\/uploads\\\/2022\\\/05\\\/Fotos-CEM-47.jpg\",\"datePublished\":\"2026-04-29T14:45:48+00:00\",\"description\":\"La instituci\u00f3n empresaria local tratar\u00e1 la Memoria y Balance del ejercicio 2025. El encuentro se llevar\u00e1 a cabo en su sede de calle 29, con un orden del d\u00eda que incluye el informe sobre los motivos de la pr\u00f3rroga de la convocatoria\",\"breadcrumb\":{\"@id\":\"https:\\\/\\\/noticiasmercedinas.com\\\/site\\\/2026\\\/04\\\/29\\\/camara-economica-mercedina-convoca-a-asamblea-general-ordinaria-para-el-2-de-junio\\\/#breadcrumb\"},\"inLanguage\":\"es\",\"potentialAction\":[{\"@type\":\"ReadAction\",\"target\":[\"https:\\\/\\\/noticiasmercedinas.com\\\/site\\\/2026\\\/04\\\/29\\\/camara-economica-mercedina-convoca-a-asamblea-general-ordinaria-para-el-2-de-junio\\\/\"]}]},{\"@type\":\"ImageObject\",\"inLanguage\":\"es\",\"@id\":\"https:\\\/\\\/noticiasmercedinas.com\\\/site\\\/2026\\\/04\\\/29\\\/camara-economica-mercedina-convoca-a-asamblea-general-ordinaria-para-el-2-de-junio\\\/#primaryimage\",\"url\":\"https:\\\/\\\/noticiasmercedinas.com\\\/site\\\/wp-content\\\/uploads\\\/2022\\\/05\\\/Fotos-CEM-47.jpg\",\"contentUrl\":\"https:\\\/\\\/noticiasmercedinas.com\\\/site\\\/wp-content\\\/uploads\\\/2022\\\/05\\\/Fotos-CEM-47.jpg\",\"width\":640,\"height\":427},{\"@type\":\"BreadcrumbList\",\"@id\":\"https:\\\/\\\/noticiasmercedinas.com\\\/site\\\/2026\\\/04\\\/29\\\/camara-economica-mercedina-convoca-a-asamblea-general-ordinaria-para-el-2-de-junio\\\/#breadcrumb\",\"itemListElement\":[{\"@type\":\"ListItem\",\"position\":1,\"name\":\"Portada\",\"item\":\"https:\\\/\\\/noticiasmercedinas.com\\\/site\\\/\"},{\"@type\":\"ListItem\",\"position\":2,\"name\":\"C\u00e1mara Econ\u00f3mica Mercedina convoca a Asamblea General Ordinaria para el 2 de junio\"}]},{\"@type\":\"WebSite\",\"@id\":\"https:\\\/\\\/noticiasmercedinas.com\\\/site\\\/#website\",\"url\":\"https:\\\/\\\/noticiasmercedinas.com\\\/site\\\/\",\"name\":\"NOTICIASMERCEDINAS.COM\",\"description\":\"Mercedes, Buenos Aires, Argentina\",\"publisher\":{\"@id\":\"https:\\\/\\\/noticiasmercedinas.com\\\/site\\\/#organization\"},\"potentialAction\":[{\"@type\":\"SearchAction\",\"target\":{\"@type\":\"EntryPoint\",\"urlTemplate\":\"https:\\\/\\\/noticiasmercedinas.com\\\/site\\\/?s={search_term_string}\"},\"query-input\":{\"@type\":\"PropertyValueSpecification\",\"valueRequired\":true,\"valueName\":\"search_term_string\"}}],\"inLanguage\":\"es\"},{\"@type\":\"Organization\",\"@id\":\"https:\\\/\\\/noticiasmercedinas.com\\\/site\\\/#organization\",\"name\":\"NOTICIASMERCEDINAS.COM\",\"url\":\"https:\\\/\\\/noticiasmercedinas.com\\\/site\\\/\",\"logo\":{\"@type\":\"ImageObject\",\"inLanguage\":\"es\",\"@id\":\"https:\\\/\\\/noticiasmercedinas.com\\\/site\\\/#\\\/schema\\\/logo\\\/image\\\/\",\"url\":\"https:\\\/\\\/noticiasmercedinas.com\\\/site\\\/wp-content\\\/uploads\\\/2020\\\/06\\\/LOGO-512.jpg\",\"contentUrl\":\"https:\\\/\\\/noticiasmercedinas.com\\\/site\\\/wp-content\\\/uploads\\\/2020\\\/06\\\/LOGO-512.jpg\",\"width\":512,\"height\":512,\"caption\":\"NOTICIASMERCEDINAS.COM\"},\"image\":{\"@id\":\"https:\\\/\\\/noticiasmercedinas.com\\\/site\\\/#\\\/schema\\\/logo\\\/image\\\/\"},\"sameAs\":[\"https:\\\/\\\/www.facebook.com\\\/noticiasmercedinas\\\/\",\"https:\\\/\\\/x.com\\\/notmercedinas\",\"https:\\\/\\\/www.instagram.com\\\/noticiasmercedinas\\\/\"]},{\"@type\":\"Person\",\"@id\":\"https:\\\/\\\/noticiasmercedinas.com\\\/site\\\/#\\\/schema\\\/person\\\/84b59c099c28ff2e8b77d4ceec5d8063\",\"name\":\"NOTICIASMERCEDINAS.COM\",\"image\":{\"@type\":\"ImageObject\",\"inLanguage\":\"es\",\"@id\":\"https:\\\/\\\/secure.gravatar.com\\\/avatar\\\/4dfbf16b4d17945bfb6341b2d19043457132fcf478a5ee04f42e959fd8f5df0a?s=96&d=mm&r=g\",\"url\":\"https:\\\/\\\/secure.gravatar.com\\\/avatar\\\/4dfbf16b4d17945bfb6341b2d19043457132fcf478a5ee04f42e959fd8f5df0a?s=96&d=mm&r=g\",\"contentUrl\":\"https:\\\/\\\/secure.gravatar.com\\\/avatar\\\/4dfbf16b4d17945bfb6341b2d19043457132fcf478a5ee04f42e959fd8f5df0a?s=96&d=mm&r=g\",\"caption\":\"NOTICIASMERCEDINAS.COM\"},\"url\":\"https:\\\/\\\/noticiasmercedinas.com\\\/site\\\/author\\\/anonimo\\\/\"}]}<\/script>\n<!-- \/ Yoast SEO plugin. -->","yoast_head_json":{"title":"C\u00e1mara Econ\u00f3mica Mercedina convoca a Asamblea General Ordinaria para el 2 de junio","description":"La instituci\u00f3n empresaria local tratar\u00e1 la Memoria y Balance del ejercicio 2025. El encuentro se llevar\u00e1 a cabo en su sede de calle 29, con un orden del d\u00eda que incluye el informe sobre los motivos de la pr\u00f3rroga de la convocatoria","robots":{"index":"index","follow":"follow","max-snippet":"max-snippet:-1","max-image-preview":"max-image-preview:large","max-video-preview":"max-video-preview:-1"},"canonical":"https:\/\/noticiasmercedinas.com\/site\/2026\/04\/29\/camara-economica-mercedina-convoca-a-asamblea-general-ordinaria-para-el-2-de-junio\/","og_locale":"es_ES","og_type":"article","og_title":"C\u00e1mara Econ\u00f3mica Mercedina convoca a Asamblea General Ordinaria para el 2 de junio","og_description":"La instituci\u00f3n empresaria local tratar\u00e1 la Memoria y Balance del ejercicio 2025. El encuentro se llevar\u00e1 a cabo en su sede de calle 29, con un orden del d\u00eda que incluye el informe sobre los motivos de la pr\u00f3rroga de la convocatoria","og_url":"https:\/\/noticiasmercedinas.com\/site\/2026\/04\/29\/camara-economica-mercedina-convoca-a-asamblea-general-ordinaria-para-el-2-de-junio\/","og_site_name":"NOTICIASMERCEDINAS.COM","article_publisher":"https:\/\/www.facebook.com\/noticiasmercedinas\/","article_published_time":"2026-04-29T14:45:48+00:00","og_image":[{"width":640,"height":427,"url":"https:\/\/noticiasmercedinas.com\/site\/wp-content\/uploads\/2022\/05\/Fotos-CEM-47.jpg","type":"image\/jpeg"}],"author":"NOTICIASMERCEDINAS.COM","twitter_card":"summary_large_image","twitter_creator":"@notmercedinas","twitter_site":"@notmercedinas","twitter_misc":{"Escrito por":"NOTICIASMERCEDINAS.COM","Tiempo de lectura":"2 minutos"},"schema":{"@context":"https:\/\/schema.org","@graph":[{"@type":"Article","@id":"https:\/\/noticiasmercedinas.com\/site\/2026\/04\/29\/camara-economica-mercedina-convoca-a-asamblea-general-ordinaria-para-el-2-de-junio\/#article","isPartOf":{"@id":"https:\/\/noticiasmercedinas.com\/site\/2026\/04\/29\/camara-economica-mercedina-convoca-a-asamblea-general-ordinaria-para-el-2-de-junio\/"},"author":{"name":"NOTICIASMERCEDINAS.COM","@id":"https:\/\/noticiasmercedinas.com\/site\/#\/schema\/person\/84b59c099c28ff2e8b77d4ceec5d8063"},"headline":"C\u00e1mara Econ\u00f3mica Mercedina convoca a Asamblea General Ordinaria para el 2 de junio","datePublished":"2026-04-29T14:45:48+00:00","mainEntityOfPage":{"@id":"https:\/\/noticiasmercedinas.com\/site\/2026\/04\/29\/camara-economica-mercedina-convoca-a-asamblea-general-ordinaria-para-el-2-de-junio\/"},"wordCount":329,"publisher":{"@id":"https:\/\/noticiasmercedinas.com\/site\/#organization"},"image":{"@id":"https:\/\/noticiasmercedinas.com\/site\/2026\/04\/29\/camara-economica-mercedina-convoca-a-asamblea-general-ordinaria-para-el-2-de-junio\/#primaryimage"},"thumbnailUrl":"https:\/\/noticiasmercedinas.com\/site\/wp-content\/uploads\/2022\/05\/Fotos-CEM-47.jpg","keywords":["cem"],"articleSection":["Sociedad"],"inLanguage":"es"},{"@type":"WebPage","@id":"https:\/\/noticiasmercedinas.com\/site\/2026\/04\/29\/camara-economica-mercedina-convoca-a-asamblea-general-ordinaria-para-el-2-de-junio\/","url":"https:\/\/noticiasmercedinas.com\/site\/2026\/04\/29\/camara-economica-mercedina-convoca-a-asamblea-general-ordinaria-para-el-2-de-junio\/","name":"C\u00e1mara Econ\u00f3mica Mercedina convoca a Asamblea General Ordinaria para el 2 de junio","isPartOf":{"@id":"https:\/\/noticiasmercedinas.com\/site\/#website"},"primaryImageOfPage":{"@id":"https:\/\/noticiasmercedinas.com\/site\/2026\/04\/29\/camara-economica-mercedina-convoca-a-asamblea-general-ordinaria-para-el-2-de-junio\/#primaryimage"},"image":{"@id":"https:\/\/noticiasmercedinas.com\/site\/2026\/04\/29\/camara-economica-mercedina-convoca-a-asamblea-general-ordinaria-para-el-2-de-junio\/#primaryimage"},"thumbnailUrl":"https:\/\/noticiasmercedinas.com\/site\/wp-content\/uploads\/2022\/05\/Fotos-CEM-47.jpg","datePublished":"2026-04-29T14:45:48+00:00","description":"La instituci\u00f3n empresaria local tratar\u00e1 la Memoria y Balance del ejercicio 2025. El encuentro se llevar\u00e1 a cabo en su sede de calle 29, con un orden del d\u00eda que incluye el informe sobre los motivos de la pr\u00f3rroga de la convocatoria","breadcrumb":{"@id":"https:\/\/noticiasmercedinas.com\/site\/2026\/04\/29\/camara-economica-mercedina-convoca-a-asamblea-general-ordinaria-para-el-2-de-junio\/#breadcrumb"},"inLanguage":"es","potentialAction":[{"@type":"ReadAction","target":["https:\/\/noticiasmercedinas.com\/site\/2026\/04\/29\/camara-economica-mercedina-convoca-a-asamblea-general-ordinaria-para-el-2-de-junio\/"]}]},{"@type":"ImageObject","inLanguage":"es","@id":"https:\/\/noticiasmercedinas.com\/site\/2026\/04\/29\/camara-economica-mercedina-convoca-a-asamblea-general-ordinaria-para-el-2-de-junio\/#primaryimage","url":"https:\/\/noticiasmercedinas.com\/site\/wp-content\/uploads\/2022\/05\/Fotos-CEM-47.jpg","contentUrl":"https:\/\/noticiasmercedinas.com\/site\/wp-content\/uploads\/2022\/05\/Fotos-CEM-47.jpg","width":640,"height":427},{"@type":"BreadcrumbList","@id":"https:\/\/noticiasmercedinas.com\/site\/2026\/04\/29\/camara-economica-mercedina-convoca-a-asamblea-general-ordinaria-para-el-2-de-junio\/#breadcrumb","itemListElement":[{"@type":"ListItem","position":1,"name":"Portada","item":"https:\/\/noticiasmercedinas.com\/site\/"},{"@type":"ListItem","position":2,"name":"C\u00e1mara Econ\u00f3mica Mercedina convoca a Asamblea General Ordinaria para el 2 de junio"}]},{"@type":"WebSite","@id":"https:\/\/noticiasmercedinas.com\/site\/#website","url":"https:\/\/noticiasmercedinas.com\/site\/","name":"NOTICIASMERCEDINAS.COM","description":"Mercedes, Buenos Aires, Argentina","publisher":{"@id":"https:\/\/noticiasmercedinas.com\/site\/#organization"},"potentialAction":[{"@type":"SearchAction","target":{"@type":"EntryPoint","urlTemplate":"https:\/\/noticiasmercedinas.com\/site\/?s={search_term_string}"},"query-input":{"@type":"PropertyValueSpecification","valueRequired":true,"valueName":"search_term_string"}}],"inLanguage":"es"},{"@type":"Organization","@id":"https:\/\/noticiasmercedinas.com\/site\/#organization","name":"NOTICIASMERCEDINAS.COM","url":"https:\/\/noticiasmercedinas.com\/site\/","logo":{"@type":"ImageObject","inLanguage":"es","@id":"https:\/\/noticiasmercedinas.com\/site\/#\/schema\/logo\/image\/","url":"https:\/\/noticiasmercedinas.com\/site\/wp-content\/uploads\/2020\/06\/LOGO-512.jpg","contentUrl":"https:\/\/noticiasmercedinas.com\/site\/wp-content\/uploads\/2020\/06\/LOGO-512.jpg","width":512,"height":512,"caption":"NOTICIASMERCEDINAS.COM"},"image":{"@id":"https:\/\/noticiasmercedinas.com\/site\/#\/schema\/logo\/image\/"},"sameAs":["https:\/\/www.facebook.com\/noticiasmercedinas\/","https:\/\/x.com\/notmercedinas","https:\/\/www.instagram.com\/noticiasmercedinas\/"]},{"@type":"Person","@id":"https:\/\/noticiasmercedinas.com\/site\/#\/schema\/person\/84b59c099c28ff2e8b77d4ceec5d8063","name":"NOTICIASMERCEDINAS.COM","image":{"@type":"ImageObject","inLanguage":"es","@id":"https:\/\/secure.gravatar.com\/avatar\/4dfbf16b4d17945bfb6341b2d19043457132fcf478a5ee04f42e959fd8f5df0a?s=96&d=mm&r=g","url":"https:\/\/secure.gravatar.com\/avatar\/4dfbf16b4d17945bfb6341b2d19043457132fcf478a5ee04f42e959fd8f5df0a?s=96&d=mm&r=g","contentUrl":"https:\/\/secure.gravatar.com\/avatar\/4dfbf16b4d17945bfb6341b2d19043457132fcf478a5ee04f42e959fd8f5df0a?s=96&d=mm&r=g","caption":"NOTICIASMERCEDINAS.COM"},"url":"https:\/\/noticiasmercedinas.com\/site\/author\/anonimo\/"}]}},"amp_enabled":true,"_links":{"self":[{"href":"https:\/\/noticiasmercedinas.com\/site\/wp-json\/wp\/v2\/posts\/185393","targetHints":{"allow":["GET"]}}],"collection":[{"href":"https:\/\/noticiasmercedinas.com\/site\/wp-json\/wp\/v2\/posts"}],"about":[{"href":"https:\/\/noticiasmercedinas.com\/site\/wp-json\/wp\/v2\/types\/post"}],"author":[{"embeddable":true,"href":"https:\/\/noticiasmercedinas.com\/site\/wp-json\/wp\/v2\/users\/16"}],"replies":[{"embeddable":true,"href":"https:\/\/noticiasmercedinas.com\/site\/wp-json\/wp\/v2\/comments?post=185393"}],"version-history":[{"count":1,"href":"https:\/\/noticiasmercedinas.com\/site\/wp-json\/wp\/v2\/posts\/185393\/revisions"}],"predecessor-version":[{"id":185395,"href":"https:\/\/noticiasmercedinas.com\/site\/wp-json\/wp\/v2\/posts\/185393\/revisions\/185395"}],"wp:featuredmedia":[{"embeddable":true,"href":"https:\/\/noticiasmercedinas.com\/site\/wp-json\/wp\/v2\/media\/91768"}],"wp:attachment":[{"href":"https:\/\/noticiasmercedinas.com\/site\/wp-json\/wp\/v2\/media?parent=185393"}],"wp:term":[{"taxonomy":"category","embeddable":true,"href":"https:\/\/noticiasmercedinas.com\/site\/wp-json\/wp\/v2\/categories?post=185393"},{"taxonomy":"post_tag","embeddable":true,"href":"https:\/\/noticiasmercedinas.com\/site\/wp-json\/wp\/v2\/tags?post=185393"}],"curies":[{"name":"wp","href":"https:\/\/api.w.org\/{rel}","templated":true}]}}