{"id":185396,"date":"2026-04-29T14:22:18","date_gmt":"2026-04-29T17:22:18","guid":{"rendered":"https:\/\/noticiasmercedinas.com\/site\/?p=185396"},"modified":"2026-04-29T14:31:58","modified_gmt":"2026-04-29T17:31:58","slug":"elecciones-en-el-colegio-de-abogados-mariano-castro-se-suma-a-la-lista-de-ariel-fusco-con-eje-en-la-crisis-del-servicio-de-justicia","status":"publish","type":"post","link":"https:\/\/noticiasmercedinas.com\/site\/2026\/04\/29\/elecciones-en-el-colegio-de-abogados-mariano-castro-se-suma-a-la-lista-de-ariel-fusco-con-eje-en-la-crisis-del-servicio-de-justicia\/","title":{"rendered":"Elecciones en el Colegio de Abogados: Mariano Castro se suma a la lista de Ariel Fusco con eje en la crisis del servicio de justicia"},"content":{"rendered":"<p dir=\"ltr\"><span style=\"font-family: Verdana, Geneva, sans-serif; font-size: 14px;\"><img loading=\"lazy\" decoding=\"async\" class=\"alignnone size-full wp-image-185400\" src=\"https:\/\/noticiasmercedinas.com\/site\/wp-content\/uploads\/2026\/04\/marianocastro.jpg\" alt=\"\" width=\"640\" height=\"433\" srcset=\"https:\/\/noticiasmercedinas.com\/site\/wp-content\/uploads\/2026\/04\/marianocastro.jpg 640w, https:\/\/noticiasmercedinas.com\/site\/wp-content\/uploads\/2026\/04\/marianocastro-300x203.jpg 300w\" sizes=\"auto, (max-width: 640px) 100vw, 640px\" \/><\/span><\/p>\n<p dir=\"ltr\"><span style=\"font-family: Verdana, Geneva, sans-serif; font-size: 14px;\">La lista <\/span><b style=\"font-family: Verdana, Geneva, sans-serif; font-size: 14px;\">\u00abNuevo Colegio\u00bb<\/b><span style=\"font-family: Verdana, Geneva, sans-serif; font-size: 14px;\">, que lleva al Dr. <\/span><b style=\"font-family: Verdana, Geneva, sans-serif; font-size: 14px;\">Ariel Fusco<\/b><span style=\"font-family: Verdana, Geneva, sans-serif; font-size: 14px;\"> como candidato a presidente para las elecciones del pr\u00f3ximo 19 de mayo, contin\u00faa sumando perfiles de peso t\u00e9cnico y gremial. <\/span><\/p>\n<p dir=\"ltr\"><span style=\"font-family: Verdana, Geneva, sans-serif; font-size: 14px;\">En las \u00faltimas horas, se confirm\u00f3 que el <\/span><b style=\"font-family: Verdana, Geneva, sans-serif; font-size: 14px;\">Dr. Mariano Castro<\/b><span style=\"font-family: Verdana, Geneva, sans-serif; font-size: 14px;\"> integrar\u00e1 la n\u00f3mina en el cargo de <\/span><b style=\"font-family: Verdana, Geneva, sans-serif; font-size: 14px;\">consejero titular<\/b><span style=\"font-family: Verdana, Geneva, sans-serif; font-size: 14px;\">, aportando una visi\u00f3n cr\u00edtica sobre la actualidad del ejercicio profesional en el Departamento Judicial Mercedes.<\/span><\/p>\n<h3 dir=\"ltr\">\u200b<b>V\u00ednculo institucional<\/b><\/h3>\n<p dir=\"ltr\">\u200bPara Castro, su participaci\u00f3n en la lista responde a una necesidad urgente de reforma en la relaci\u00f3n entre el Colegio y los tribunales.<\/p>\n<p dir=\"ltr\">Seg\u00fan explic\u00f3 el letrado, el objetivo primordial es fortalecer el lazo con el <b>Poder Judicial<\/b> para abordar problem\u00e1ticas que hoy asfixian al abogado litigante.<\/p>\n<p dir=\"ltr\">\u200b\u00bbDebemos afrontar las problem\u00e1ticas estructurales que repercuten en el d\u00eda a d\u00eda. Las demoras en los tr\u00e1mites, las agendas colapsadas y, en ciertos casos, la excesiva virtualidad, terminan afectando la calidad del servicio de justicia\u00bb, se\u00f1al\u00f3 Castro.<\/p>\n<p dir=\"ltr\">\u200bEl candidato a consejero enfatiz\u00f3 que los abogados no pueden ser espectadores pasivos de estas falencias, sino que deben asumir un <b>rol activo y participativo<\/b> para contribuir a revertir el actual escenario, que perjudica tanto a los profesionales como a los justiciables.<\/p>\n<h3 dir=\"ltr\">\u200b<b>Recuperar la formaci\u00f3n y el sentido de pertenencia<\/b><\/h3>\n<p dir=\"ltr\">\u200bOtro de los pilares de la propuesta de \u00abNuevo Colegio\u00bb es la revitalizaci\u00f3n del espacio f\u00edsico e intelectual de la sede de la calle 24. Castro record\u00f3 que la entidad debe volver a ser un \u00e1mbito de discusi\u00f3n doctrinaria donde colegas de todas las generaciones se re\u00fanan a debatir cuestiones de derecho.<\/p>\n<p dir=\"ltr\">\u200bEn este sentido, hizo un llamado especial a la <b>Abogac\u00eda Joven <\/b>con varios sentidos:<\/p>\n<ul>\n<li dir=\"ltr\">\u200b<b>Formaci\u00f3n continua:<\/b> Transformar al Colegio en un centro de capacitaci\u00f3n de excelencia.<\/li>\n<li dir=\"ltr\">\u200b<b>Sentido de pertenencia:<\/b> Lograr que los nuevos matriculados se involucren en la vida institucional.<\/li>\n<li dir=\"ltr\">\u200b<b>Participaci\u00f3n abierta:<\/b> Convocatoria a las nuevas generaciones para \u00abtransformarse d\u00eda a d\u00eda en mejores abogados\u00bb.<\/li>\n<\/ul>\n<h3 dir=\"ltr\">\u200b<b>Hacia un cambio de paradigma<\/b><\/h3>\n<p dir=\"ltr\">\u200bCon la incorporaci\u00f3n de Mariano Castro como consejero titular, la lista de Ariel Fusco busca equilibrar la experiencia en gesti\u00f3n con una agenda moderna que atienda los reclamos m\u00e1s urgentes del pasillo de tribunales.<\/p>\n<p dir=\"ltr\">A menos de un mes de los comicios, el espacio \u00abNuevo Colegio\u00bb se posiciona como una alternativa que busca recuperar la voz gremial y el prestigio acad\u00e9mico de la abogac\u00eda mercedina.<\/p>\n","protected":false},"excerpt":{"rendered":"<p>\u25a0 El precandidato a consejero titular por el espacio \u00abNuevo Colegio\u00bb llam\u00f3 a fortalecer el v\u00ednculo con el Poder Judicial para resolver demoras estructurales y recuperar el rol de la entidad como centro de formaci\u00f3n y debate.<\/p>\n","protected":false},"author":16,"featured_media":185400,"comment_status":"closed","ping_status":"closed","sticky":false,"template":"","format":"standard","meta":{"footnotes":""},"categories":[3],"tags":[4585,560,115],"class_list":["post-185396","post","type-post","status-publish","format-standard","has-post-thumbnail","hentry","category-sociedad","tag-ariel-fusco","tag-colegio-de-abogados","tag-elecciones"],"yoast_head":"<!-- This site is optimized with the Yoast SEO plugin v27.5 - https:\/\/yoast.com\/product\/yoast-seo-wordpress\/ -->\n<title>Elecciones en el Colegio de Abogados: Mariano Castro se suma a la lista de Ariel Fusco con eje en la crisis del servicio de justicia<\/title>\n<meta name=\"description\" content=\"El precandidato a consejero titular por el espacio &quot;Nuevo Colegio&quot; llam\u00f3 a fortalecer el v\u00ednculo con el Poder Judicial para resolver demoras estructurales y recuperar el rol de la entidad como centro de formaci\u00f3n y debate.\" \/>\n<meta name=\"robots\" content=\"index, follow, max-snippet:-1, max-image-preview:large, max-video-preview:-1\" \/>\n<link rel=\"canonical\" href=\"https:\/\/noticiasmercedinas.com\/site\/2026\/04\/29\/elecciones-en-el-colegio-de-abogados-mariano-castro-se-suma-a-la-lista-de-ariel-fusco-con-eje-en-la-crisis-del-servicio-de-justicia\/\" \/>\n<meta property=\"og:locale\" content=\"es_ES\" \/>\n<meta property=\"og:type\" content=\"article\" \/>\n<meta property=\"og:title\" content=\"Elecciones en el Colegio de Abogados: Mariano Castro se suma a la lista de Ariel Fusco con eje en la crisis del servicio de justicia\" \/>\n<meta property=\"og:description\" content=\"El precandidato a consejero titular por el espacio &quot;Nuevo Colegio&quot; llam\u00f3 a fortalecer el v\u00ednculo con el Poder Judicial para resolver demoras estructurales y recuperar el rol de la entidad como centro de formaci\u00f3n y debate.\" \/>\n<meta property=\"og:url\" content=\"https:\/\/noticiasmercedinas.com\/site\/2026\/04\/29\/elecciones-en-el-colegio-de-abogados-mariano-castro-se-suma-a-la-lista-de-ariel-fusco-con-eje-en-la-crisis-del-servicio-de-justicia\/\" \/>\n<meta property=\"og:site_name\" content=\"NOTICIASMERCEDINAS.COM\" \/>\n<meta property=\"article:publisher\" content=\"https:\/\/www.facebook.com\/noticiasmercedinas\/\" \/>\n<meta property=\"article:published_time\" content=\"2026-04-29T17:22:18+00:00\" \/>\n<meta property=\"article:modified_time\" content=\"2026-04-29T17:31:58+00:00\" \/>\n<meta property=\"og:image\" content=\"https:\/\/noticiasmercedinas.com\/site\/wp-content\/uploads\/2026\/04\/marianocastro.jpg\" \/>\n\t<meta property=\"og:image:width\" content=\"640\" \/>\n\t<meta property=\"og:image:height\" content=\"433\" \/>\n\t<meta property=\"og:image:type\" content=\"image\/jpeg\" \/>\n<meta name=\"author\" content=\"NOTICIASMERCEDINAS.COM\" \/>\n<meta name=\"twitter:card\" content=\"summary_large_image\" \/>\n<meta name=\"twitter:creator\" content=\"@notmercedinas\" \/>\n<meta name=\"twitter:site\" content=\"@notmercedinas\" \/>\n<meta name=\"twitter:label1\" content=\"Escrito por\" \/>\n\t<meta name=\"twitter:data1\" content=\"NOTICIASMERCEDINAS.COM\" \/>\n\t<meta name=\"twitter:label2\" content=\"Tiempo de lectura\" \/>\n\t<meta name=\"twitter:data2\" content=\"3 minutos\" \/>\n<script type=\"application\/ld+json\" class=\"yoast-schema-graph\">{\"@context\":\"https:\\\/\\\/schema.org\",\"@graph\":[{\"@type\":\"Article\",\"@id\":\"https:\\\/\\\/noticiasmercedinas.com\\\/site\\\/2026\\\/04\\\/29\\\/elecciones-en-el-colegio-de-abogados-mariano-castro-se-suma-a-la-lista-de-ariel-fusco-con-eje-en-la-crisis-del-servicio-de-justicia\\\/#article\",\"isPartOf\":{\"@id\":\"https:\\\/\\\/noticiasmercedinas.com\\\/site\\\/2026\\\/04\\\/29\\\/elecciones-en-el-colegio-de-abogados-mariano-castro-se-suma-a-la-lista-de-ariel-fusco-con-eje-en-la-crisis-del-servicio-de-justicia\\\/\"},\"author\":{\"name\":\"NOTICIASMERCEDINAS.COM\",\"@id\":\"https:\\\/\\\/noticiasmercedinas.com\\\/site\\\/#\\\/schema\\\/person\\\/84b59c099c28ff2e8b77d4ceec5d8063\"},\"headline\":\"Elecciones en el Colegio de Abogados: Mariano Castro se suma a la lista de Ariel Fusco con eje en la crisis del servicio de justicia\",\"datePublished\":\"2026-04-29T17:22:18+00:00\",\"dateModified\":\"2026-04-29T17:31:58+00:00\",\"mainEntityOfPage\":{\"@id\":\"https:\\\/\\\/noticiasmercedinas.com\\\/site\\\/2026\\\/04\\\/29\\\/elecciones-en-el-colegio-de-abogados-mariano-castro-se-suma-a-la-lista-de-ariel-fusco-con-eje-en-la-crisis-del-servicio-de-justicia\\\/\"},\"wordCount\":433,\"publisher\":{\"@id\":\"https:\\\/\\\/noticiasmercedinas.com\\\/site\\\/#organization\"},\"image\":{\"@id\":\"https:\\\/\\\/noticiasmercedinas.com\\\/site\\\/2026\\\/04\\\/29\\\/elecciones-en-el-colegio-de-abogados-mariano-castro-se-suma-a-la-lista-de-ariel-fusco-con-eje-en-la-crisis-del-servicio-de-justicia\\\/#primaryimage\"},\"thumbnailUrl\":\"https:\\\/\\\/noticiasmercedinas.com\\\/site\\\/wp-content\\\/uploads\\\/2026\\\/04\\\/marianocastro.jpg\",\"keywords\":[\"ariel fusco\",\"colegio de abogados\",\"elecciones\"],\"articleSection\":[\"Sociedad\"],\"inLanguage\":\"es\"},{\"@type\":\"WebPage\",\"@id\":\"https:\\\/\\\/noticiasmercedinas.com\\\/site\\\/2026\\\/04\\\/29\\\/elecciones-en-el-colegio-de-abogados-mariano-castro-se-suma-a-la-lista-de-ariel-fusco-con-eje-en-la-crisis-del-servicio-de-justicia\\\/\",\"url\":\"https:\\\/\\\/noticiasmercedinas.com\\\/site\\\/2026\\\/04\\\/29\\\/elecciones-en-el-colegio-de-abogados-mariano-castro-se-suma-a-la-lista-de-ariel-fusco-con-eje-en-la-crisis-del-servicio-de-justicia\\\/\",\"name\":\"Elecciones en el Colegio de Abogados: Mariano Castro se suma a la lista de Ariel Fusco con eje en la crisis del servicio de justicia\",\"isPartOf\":{\"@id\":\"https:\\\/\\\/noticiasmercedinas.com\\\/site\\\/#website\"},\"primaryImageOfPage\":{\"@id\":\"https:\\\/\\\/noticiasmercedinas.com\\\/site\\\/2026\\\/04\\\/29\\\/elecciones-en-el-colegio-de-abogados-mariano-castro-se-suma-a-la-lista-de-ariel-fusco-con-eje-en-la-crisis-del-servicio-de-justicia\\\/#primaryimage\"},\"image\":{\"@id\":\"https:\\\/\\\/noticiasmercedinas.com\\\/site\\\/2026\\\/04\\\/29\\\/elecciones-en-el-colegio-de-abogados-mariano-castro-se-suma-a-la-lista-de-ariel-fusco-con-eje-en-la-crisis-del-servicio-de-justicia\\\/#primaryimage\"},\"thumbnailUrl\":\"https:\\\/\\\/noticiasmercedinas.com\\\/site\\\/wp-content\\\/uploads\\\/2026\\\/04\\\/marianocastro.jpg\",\"datePublished\":\"2026-04-29T17:22:18+00:00\",\"dateModified\":\"2026-04-29T17:31:58+00:00\",\"description\":\"El precandidato a consejero titular por el espacio \\\"Nuevo Colegio\\\" llam\u00f3 a fortalecer el v\u00ednculo con el Poder Judicial para resolver demoras estructurales y recuperar el rol de la entidad como centro de formaci\u00f3n y debate.\",\"breadcrumb\":{\"@id\":\"https:\\\/\\\/noticiasmercedinas.com\\\/site\\\/2026\\\/04\\\/29\\\/elecciones-en-el-colegio-de-abogados-mariano-castro-se-suma-a-la-lista-de-ariel-fusco-con-eje-en-la-crisis-del-servicio-de-justicia\\\/#breadcrumb\"},\"inLanguage\":\"es\",\"potentialAction\":[{\"@type\":\"ReadAction\",\"target\":[\"https:\\\/\\\/noticiasmercedinas.com\\\/site\\\/2026\\\/04\\\/29\\\/elecciones-en-el-colegio-de-abogados-mariano-castro-se-suma-a-la-lista-de-ariel-fusco-con-eje-en-la-crisis-del-servicio-de-justicia\\\/\"]}]},{\"@type\":\"ImageObject\",\"inLanguage\":\"es\",\"@id\":\"https:\\\/\\\/noticiasmercedinas.com\\\/site\\\/2026\\\/04\\\/29\\\/elecciones-en-el-colegio-de-abogados-mariano-castro-se-suma-a-la-lista-de-ariel-fusco-con-eje-en-la-crisis-del-servicio-de-justicia\\\/#primaryimage\",\"url\":\"https:\\\/\\\/noticiasmercedinas.com\\\/site\\\/wp-content\\\/uploads\\\/2026\\\/04\\\/marianocastro.jpg\",\"contentUrl\":\"https:\\\/\\\/noticiasmercedinas.com\\\/site\\\/wp-content\\\/uploads\\\/2026\\\/04\\\/marianocastro.jpg\",\"width\":640,\"height\":433},{\"@type\":\"BreadcrumbList\",\"@id\":\"https:\\\/\\\/noticiasmercedinas.com\\\/site\\\/2026\\\/04\\\/29\\\/elecciones-en-el-colegio-de-abogados-mariano-castro-se-suma-a-la-lista-de-ariel-fusco-con-eje-en-la-crisis-del-servicio-de-justicia\\\/#breadcrumb\",\"itemListElement\":[{\"@type\":\"ListItem\",\"position\":1,\"name\":\"Portada\",\"item\":\"https:\\\/\\\/noticiasmercedinas.com\\\/site\\\/\"},{\"@type\":\"ListItem\",\"position\":2,\"name\":\"Elecciones en el Colegio de Abogados: Mariano Castro se suma a la lista de Ariel Fusco con eje en la crisis del servicio de justicia\"}]},{\"@type\":\"WebSite\",\"@id\":\"https:\\\/\\\/noticiasmercedinas.com\\\/site\\\/#website\",\"url\":\"https:\\\/\\\/noticiasmercedinas.com\\\/site\\\/\",\"name\":\"NOTICIASMERCEDINAS.COM\",\"description\":\"Mercedes, Buenos Aires, Argentina\",\"publisher\":{\"@id\":\"https:\\\/\\\/noticiasmercedinas.com\\\/site\\\/#organization\"},\"potentialAction\":[{\"@type\":\"SearchAction\",\"target\":{\"@type\":\"EntryPoint\",\"urlTemplate\":\"https:\\\/\\\/noticiasmercedinas.com\\\/site\\\/?s={search_term_string}\"},\"query-input\":{\"@type\":\"PropertyValueSpecification\",\"valueRequired\":true,\"valueName\":\"search_term_string\"}}],\"inLanguage\":\"es\"},{\"@type\":\"Organization\",\"@id\":\"https:\\\/\\\/noticiasmercedinas.com\\\/site\\\/#organization\",\"name\":\"NOTICIASMERCEDINAS.COM\",\"url\":\"https:\\\/\\\/noticiasmercedinas.com\\\/site\\\/\",\"logo\":{\"@type\":\"ImageObject\",\"inLanguage\":\"es\",\"@id\":\"https:\\\/\\\/noticiasmercedinas.com\\\/site\\\/#\\\/schema\\\/logo\\\/image\\\/\",\"url\":\"https:\\\/\\\/noticiasmercedinas.com\\\/site\\\/wp-content\\\/uploads\\\/2020\\\/06\\\/LOGO-512.jpg\",\"contentUrl\":\"https:\\\/\\\/noticiasmercedinas.com\\\/site\\\/wp-content\\\/uploads\\\/2020\\\/06\\\/LOGO-512.jpg\",\"width\":512,\"height\":512,\"caption\":\"NOTICIASMERCEDINAS.COM\"},\"image\":{\"@id\":\"https:\\\/\\\/noticiasmercedinas.com\\\/site\\\/#\\\/schema\\\/logo\\\/image\\\/\"},\"sameAs\":[\"https:\\\/\\\/www.facebook.com\\\/noticiasmercedinas\\\/\",\"https:\\\/\\\/x.com\\\/notmercedinas\",\"https:\\\/\\\/www.instagram.com\\\/noticiasmercedinas\\\/\"]},{\"@type\":\"Person\",\"@id\":\"https:\\\/\\\/noticiasmercedinas.com\\\/site\\\/#\\\/schema\\\/person\\\/84b59c099c28ff2e8b77d4ceec5d8063\",\"name\":\"NOTICIASMERCEDINAS.COM\",\"image\":{\"@type\":\"ImageObject\",\"inLanguage\":\"es\",\"@id\":\"https:\\\/\\\/secure.gravatar.com\\\/avatar\\\/4dfbf16b4d17945bfb6341b2d19043457132fcf478a5ee04f42e959fd8f5df0a?s=96&d=mm&r=g\",\"url\":\"https:\\\/\\\/secure.gravatar.com\\\/avatar\\\/4dfbf16b4d17945bfb6341b2d19043457132fcf478a5ee04f42e959fd8f5df0a?s=96&d=mm&r=g\",\"contentUrl\":\"https:\\\/\\\/secure.gravatar.com\\\/avatar\\\/4dfbf16b4d17945bfb6341b2d19043457132fcf478a5ee04f42e959fd8f5df0a?s=96&d=mm&r=g\",\"caption\":\"NOTICIASMERCEDINAS.COM\"},\"url\":\"https:\\\/\\\/noticiasmercedinas.com\\\/site\\\/author\\\/anonimo\\\/\"}]}<\/script>\n<!-- \/ Yoast SEO plugin. -->","yoast_head_json":{"title":"Elecciones en el Colegio de Abogados: Mariano Castro se suma a la lista de Ariel Fusco con eje en la crisis del servicio de justicia","description":"El precandidato a consejero titular por el espacio \"Nuevo Colegio\" llam\u00f3 a fortalecer el v\u00ednculo con el Poder Judicial para resolver demoras estructurales y recuperar el rol de la entidad como centro de formaci\u00f3n y debate.","robots":{"index":"index","follow":"follow","max-snippet":"max-snippet:-1","max-image-preview":"max-image-preview:large","max-video-preview":"max-video-preview:-1"},"canonical":"https:\/\/noticiasmercedinas.com\/site\/2026\/04\/29\/elecciones-en-el-colegio-de-abogados-mariano-castro-se-suma-a-la-lista-de-ariel-fusco-con-eje-en-la-crisis-del-servicio-de-justicia\/","og_locale":"es_ES","og_type":"article","og_title":"Elecciones en el Colegio de Abogados: Mariano Castro se suma a la lista de Ariel Fusco con eje en la crisis del servicio de justicia","og_description":"El precandidato a consejero titular por el espacio \"Nuevo Colegio\" llam\u00f3 a fortalecer el v\u00ednculo con el Poder Judicial para resolver demoras estructurales y recuperar el rol de la entidad como centro de formaci\u00f3n y debate.","og_url":"https:\/\/noticiasmercedinas.com\/site\/2026\/04\/29\/elecciones-en-el-colegio-de-abogados-mariano-castro-se-suma-a-la-lista-de-ariel-fusco-con-eje-en-la-crisis-del-servicio-de-justicia\/","og_site_name":"NOTICIASMERCEDINAS.COM","article_publisher":"https:\/\/www.facebook.com\/noticiasmercedinas\/","article_published_time":"2026-04-29T17:22:18+00:00","article_modified_time":"2026-04-29T17:31:58+00:00","og_image":[{"width":640,"height":433,"url":"https:\/\/noticiasmercedinas.com\/site\/wp-content\/uploads\/2026\/04\/marianocastro.jpg","type":"image\/jpeg"}],"author":"NOTICIASMERCEDINAS.COM","twitter_card":"summary_large_image","twitter_creator":"@notmercedinas","twitter_site":"@notmercedinas","twitter_misc":{"Escrito por":"NOTICIASMERCEDINAS.COM","Tiempo de lectura":"3 minutos"},"schema":{"@context":"https:\/\/schema.org","@graph":[{"@type":"Article","@id":"https:\/\/noticiasmercedinas.com\/site\/2026\/04\/29\/elecciones-en-el-colegio-de-abogados-mariano-castro-se-suma-a-la-lista-de-ariel-fusco-con-eje-en-la-crisis-del-servicio-de-justicia\/#article","isPartOf":{"@id":"https:\/\/noticiasmercedinas.com\/site\/2026\/04\/29\/elecciones-en-el-colegio-de-abogados-mariano-castro-se-suma-a-la-lista-de-ariel-fusco-con-eje-en-la-crisis-del-servicio-de-justicia\/"},"author":{"name":"NOTICIASMERCEDINAS.COM","@id":"https:\/\/noticiasmercedinas.com\/site\/#\/schema\/person\/84b59c099c28ff2e8b77d4ceec5d8063"},"headline":"Elecciones en el Colegio de Abogados: Mariano Castro se suma a la lista de Ariel Fusco con eje en la crisis del servicio de justicia","datePublished":"2026-04-29T17:22:18+00:00","dateModified":"2026-04-29T17:31:58+00:00","mainEntityOfPage":{"@id":"https:\/\/noticiasmercedinas.com\/site\/2026\/04\/29\/elecciones-en-el-colegio-de-abogados-mariano-castro-se-suma-a-la-lista-de-ariel-fusco-con-eje-en-la-crisis-del-servicio-de-justicia\/"},"wordCount":433,"publisher":{"@id":"https:\/\/noticiasmercedinas.com\/site\/#organization"},"image":{"@id":"https:\/\/noticiasmercedinas.com\/site\/2026\/04\/29\/elecciones-en-el-colegio-de-abogados-mariano-castro-se-suma-a-la-lista-de-ariel-fusco-con-eje-en-la-crisis-del-servicio-de-justicia\/#primaryimage"},"thumbnailUrl":"https:\/\/noticiasmercedinas.com\/site\/wp-content\/uploads\/2026\/04\/marianocastro.jpg","keywords":["ariel fusco","colegio de abogados","elecciones"],"articleSection":["Sociedad"],"inLanguage":"es"},{"@type":"WebPage","@id":"https:\/\/noticiasmercedinas.com\/site\/2026\/04\/29\/elecciones-en-el-colegio-de-abogados-mariano-castro-se-suma-a-la-lista-de-ariel-fusco-con-eje-en-la-crisis-del-servicio-de-justicia\/","url":"https:\/\/noticiasmercedinas.com\/site\/2026\/04\/29\/elecciones-en-el-colegio-de-abogados-mariano-castro-se-suma-a-la-lista-de-ariel-fusco-con-eje-en-la-crisis-del-servicio-de-justicia\/","name":"Elecciones en el Colegio de Abogados: Mariano Castro se suma a la lista de Ariel Fusco con eje en la crisis del servicio de justicia","isPartOf":{"@id":"https:\/\/noticiasmercedinas.com\/site\/#website"},"primaryImageOfPage":{"@id":"https:\/\/noticiasmercedinas.com\/site\/2026\/04\/29\/elecciones-en-el-colegio-de-abogados-mariano-castro-se-suma-a-la-lista-de-ariel-fusco-con-eje-en-la-crisis-del-servicio-de-justicia\/#primaryimage"},"image":{"@id":"https:\/\/noticiasmercedinas.com\/site\/2026\/04\/29\/elecciones-en-el-colegio-de-abogados-mariano-castro-se-suma-a-la-lista-de-ariel-fusco-con-eje-en-la-crisis-del-servicio-de-justicia\/#primaryimage"},"thumbnailUrl":"https:\/\/noticiasmercedinas.com\/site\/wp-content\/uploads\/2026\/04\/marianocastro.jpg","datePublished":"2026-04-29T17:22:18+00:00","dateModified":"2026-04-29T17:31:58+00:00","description":"El precandidato a consejero titular por el espacio \"Nuevo Colegio\" llam\u00f3 a fortalecer el v\u00ednculo con el Poder Judicial para resolver demoras estructurales y recuperar el rol de la entidad como centro de formaci\u00f3n y debate.","breadcrumb":{"@id":"https:\/\/noticiasmercedinas.com\/site\/2026\/04\/29\/elecciones-en-el-colegio-de-abogados-mariano-castro-se-suma-a-la-lista-de-ariel-fusco-con-eje-en-la-crisis-del-servicio-de-justicia\/#breadcrumb"},"inLanguage":"es","potentialAction":[{"@type":"ReadAction","target":["https:\/\/noticiasmercedinas.com\/site\/2026\/04\/29\/elecciones-en-el-colegio-de-abogados-mariano-castro-se-suma-a-la-lista-de-ariel-fusco-con-eje-en-la-crisis-del-servicio-de-justicia\/"]}]},{"@type":"ImageObject","inLanguage":"es","@id":"https:\/\/noticiasmercedinas.com\/site\/2026\/04\/29\/elecciones-en-el-colegio-de-abogados-mariano-castro-se-suma-a-la-lista-de-ariel-fusco-con-eje-en-la-crisis-del-servicio-de-justicia\/#primaryimage","url":"https:\/\/noticiasmercedinas.com\/site\/wp-content\/uploads\/2026\/04\/marianocastro.jpg","contentUrl":"https:\/\/noticiasmercedinas.com\/site\/wp-content\/uploads\/2026\/04\/marianocastro.jpg","width":640,"height":433},{"@type":"BreadcrumbList","@id":"https:\/\/noticiasmercedinas.com\/site\/2026\/04\/29\/elecciones-en-el-colegio-de-abogados-mariano-castro-se-suma-a-la-lista-de-ariel-fusco-con-eje-en-la-crisis-del-servicio-de-justicia\/#breadcrumb","itemListElement":[{"@type":"ListItem","position":1,"name":"Portada","item":"https:\/\/noticiasmercedinas.com\/site\/"},{"@type":"ListItem","position":2,"name":"Elecciones en el Colegio de Abogados: Mariano Castro se suma a la lista de Ariel Fusco con eje en la crisis del servicio de justicia"}]},{"@type":"WebSite","@id":"https:\/\/noticiasmercedinas.com\/site\/#website","url":"https:\/\/noticiasmercedinas.com\/site\/","name":"NOTICIASMERCEDINAS.COM","description":"Mercedes, Buenos Aires, Argentina","publisher":{"@id":"https:\/\/noticiasmercedinas.com\/site\/#organization"},"potentialAction":[{"@type":"SearchAction","target":{"@type":"EntryPoint","urlTemplate":"https:\/\/noticiasmercedinas.com\/site\/?s={search_term_string}"},"query-input":{"@type":"PropertyValueSpecification","valueRequired":true,"valueName":"search_term_string"}}],"inLanguage":"es"},{"@type":"Organization","@id":"https:\/\/noticiasmercedinas.com\/site\/#organization","name":"NOTICIASMERCEDINAS.COM","url":"https:\/\/noticiasmercedinas.com\/site\/","logo":{"@type":"ImageObject","inLanguage":"es","@id":"https:\/\/noticiasmercedinas.com\/site\/#\/schema\/logo\/image\/","url":"https:\/\/noticiasmercedinas.com\/site\/wp-content\/uploads\/2020\/06\/LOGO-512.jpg","contentUrl":"https:\/\/noticiasmercedinas.com\/site\/wp-content\/uploads\/2020\/06\/LOGO-512.jpg","width":512,"height":512,"caption":"NOTICIASMERCEDINAS.COM"},"image":{"@id":"https:\/\/noticiasmercedinas.com\/site\/#\/schema\/logo\/image\/"},"sameAs":["https:\/\/www.facebook.com\/noticiasmercedinas\/","https:\/\/x.com\/notmercedinas","https:\/\/www.instagram.com\/noticiasmercedinas\/"]},{"@type":"Person","@id":"https:\/\/noticiasmercedinas.com\/site\/#\/schema\/person\/84b59c099c28ff2e8b77d4ceec5d8063","name":"NOTICIASMERCEDINAS.COM","image":{"@type":"ImageObject","inLanguage":"es","@id":"https:\/\/secure.gravatar.com\/avatar\/4dfbf16b4d17945bfb6341b2d19043457132fcf478a5ee04f42e959fd8f5df0a?s=96&d=mm&r=g","url":"https:\/\/secure.gravatar.com\/avatar\/4dfbf16b4d17945bfb6341b2d19043457132fcf478a5ee04f42e959fd8f5df0a?s=96&d=mm&r=g","contentUrl":"https:\/\/secure.gravatar.com\/avatar\/4dfbf16b4d17945bfb6341b2d19043457132fcf478a5ee04f42e959fd8f5df0a?s=96&d=mm&r=g","caption":"NOTICIASMERCEDINAS.COM"},"url":"https:\/\/noticiasmercedinas.com\/site\/author\/anonimo\/"}]}},"amp_enabled":true,"_links":{"self":[{"href":"https:\/\/noticiasmercedinas.com\/site\/wp-json\/wp\/v2\/posts\/185396","targetHints":{"allow":["GET"]}}],"collection":[{"href":"https:\/\/noticiasmercedinas.com\/site\/wp-json\/wp\/v2\/posts"}],"about":[{"href":"https:\/\/noticiasmercedinas.com\/site\/wp-json\/wp\/v2\/types\/post"}],"author":[{"embeddable":true,"href":"https:\/\/noticiasmercedinas.com\/site\/wp-json\/wp\/v2\/users\/16"}],"replies":[{"embeddable":true,"href":"https:\/\/noticiasmercedinas.com\/site\/wp-json\/wp\/v2\/comments?post=185396"}],"version-history":[{"count":5,"href":"https:\/\/noticiasmercedinas.com\/site\/wp-json\/wp\/v2\/posts\/185396\/revisions"}],"predecessor-version":[{"id":185402,"href":"https:\/\/noticiasmercedinas.com\/site\/wp-json\/wp\/v2\/posts\/185396\/revisions\/185402"}],"wp:featuredmedia":[{"embeddable":true,"href":"https:\/\/noticiasmercedinas.com\/site\/wp-json\/wp\/v2\/media\/185400"}],"wp:attachment":[{"href":"https:\/\/noticiasmercedinas.com\/site\/wp-json\/wp\/v2\/media?parent=185396"}],"wp:term":[{"taxonomy":"category","embeddable":true,"href":"https:\/\/noticiasmercedinas.com\/site\/wp-json\/wp\/v2\/categories?post=185396"},{"taxonomy":"post_tag","embeddable":true,"href":"https:\/\/noticiasmercedinas.com\/site\/wp-json\/wp\/v2\/tags?post=185396"}],"curies":[{"name":"wp","href":"https:\/\/api.w.org\/{rel}","templated":true}]}}