{"id":185406,"date":"2026-04-29T17:19:56","date_gmt":"2026-04-29T20:19:56","guid":{"rendered":"https:\/\/noticiasmercedinas.com\/site\/?p=185406"},"modified":"2026-04-29T17:19:56","modified_gmt":"2026-04-29T20:19:56","slug":"cruzada-solidaria-por-gonza-necesita-una-operacion-de-columna-tras-caer-de-10-metros-de-altura","status":"publish","type":"post","link":"https:\/\/noticiasmercedinas.com\/site\/2026\/04\/29\/cruzada-solidaria-por-gonza-necesita-una-operacion-de-columna-tras-caer-de-10-metros-de-altura\/","title":{"rendered":"Cruzada solidaria por Gonza: necesita una operaci\u00f3n de columna tras caer de 10 metros de altura"},"content":{"rendered":"<p data-path-to-node=\"5\"><img loading=\"lazy\" decoding=\"async\" class=\"alignnone size-full wp-image-185407\" src=\"https:\/\/noticiasmercedinas.com\/site\/wp-content\/uploads\/2026\/04\/gonza.jpg\" alt=\"\" width=\"640\" height=\"433\" srcset=\"https:\/\/noticiasmercedinas.com\/site\/wp-content\/uploads\/2026\/04\/gonza.jpg 640w, https:\/\/noticiasmercedinas.com\/site\/wp-content\/uploads\/2026\/04\/gonza-300x203.jpg 300w\" sizes=\"auto, (max-width: 640px) 100vw, 640px\" \/><\/p>\n<p data-path-to-node=\"5\">Una situaci\u00f3n dram\u00e1tica moviliza por estas horas a buena parte de la comunidad de Mercedes. <b data-path-to-node=\"5\" data-index-in-node=\"106\">Gonzalo Fern\u00e1ndez<\/b>, un joven de 33 a\u00f1os, sufri\u00f3 un grav\u00edsimo accidente mientras realizaba tareas de poda: cay\u00f3 desde una altura aproximada de 10 metros, lo que le provoc\u00f3 una <b data-path-to-node=\"5\" data-index-in-node=\"289\">fractura de columna lumbar (L1 Tipo C)<\/b>.<\/p>\n<p data-path-to-node=\"6\">Actualmente, el joven se encuentra internado en el <b data-path-to-node=\"6\" data-index-in-node=\"51\">Hospital Interzonal General de Agudos (HIGA) Vicente L\u00f3pez y Planes<\/b>, en General Rodr\u00edguez. Seg\u00fan el resumen de su historia cl\u00ednica, aunque se encuentra en vigilia y orientado, requiere de una intervenci\u00f3n quir\u00fargica de alta complejidad de forma inmediata.<\/p>\n<p data-path-to-node=\"6\">Para ello, la familia necesita adquirir de manera particular un listado de pr\u00f3tesis y ortesis que incluye tornillos transpediculares dorsolumbares para seis niveles y material DTT, cuyo costo asciende a los <b data-path-to-node=\"6\" data-index-in-node=\"509\">7 millones de pesos<\/b>.<\/p>\n<h3 data-path-to-node=\"7\"><b data-path-to-node=\"7\" data-index-in-node=\"0\">Rifas y colectas: c\u00f3mo ayudar<\/b><\/h3>\n<p data-path-to-node=\"8\">Ante la imposibilidad de afrontar semejante suma de dinero de manera particular, familiares y amigos han lanzado diversas iniciativas solidarias bajo el lema <b data-path-to-node=\"8\" data-index-in-node=\"158\">\u00abTodos por Gonza\u00bb<\/b>.<\/p>\n<p data-path-to-node=\"8\">Actualmente, hay dos rifas activas y una cuenta para donaciones directas:<\/p>\n<ul>\n<li data-path-to-node=\"9,0,0\"><b data-path-to-node=\"9,0,0\" data-index-in-node=\"0\">Rifa de $7.000:<\/b> Dispone de 100 n\u00fameros y ofrece importantes premios. Las transferencias se realizan al alias <b data-path-to-node=\"9,0,0\" data-index-in-node=\"109\">Gonzafer1992<\/b>.<\/li>\n<li data-path-to-node=\"9,1,0\"><b data-path-to-node=\"9,1,0\" data-index-in-node=\"0\">Rifa de $5.000:<\/b> Cuenta con una amplia lista de premios donados por comercios locales (tazas personalizadas, l\u00e1mparas led, indumentaria, viandas, entre otros). El alias para esta colecta es <b data-path-to-node=\"9,1,0\" data-index-in-node=\"189\">TODOSXGONZA3<\/b> (a nombre de Carla Lorena Bounassie).<\/li>\n<li data-path-to-node=\"9,2,0\"><b data-path-to-node=\"9,2,0\" data-index-in-node=\"0\">Contacto directo:<\/b> Para informar sobre transferencias o colaborar de otra manera, el n\u00famero de contacto es <b data-path-to-node=\"9,2,0\" data-index-in-node=\"106\">2324-505012 (Carla)<\/b>.<\/li>\n<\/ul>\n<h3 data-path-to-node=\"10\"><b data-path-to-node=\"10\" data-index-in-node=\"0\">Urgencia m\u00e9dica<\/b><\/h3>\n<p data-path-to-node=\"11\">La cirug\u00eda, originalmente prevista para el <b data-path-to-node=\"11\" data-index-in-node=\"43\">14 de mayo<\/b>, depende enteramente de que la familia logre reunir el dinero para que el Banco Central de Pr\u00f3tesis y Ortesis autorice los materiales. La madre del joven, visiblemente afectada por la situaci\u00f3n, se encuentra coordinando la ayuda a pesar de las dificultades log\u00edsticas, apelando a la solidaridad de los vecinos de Mercedes para salvar la movilidad y el futuro de su hijo.<\/p>\n<p data-path-to-node=\"13,0\"><b data-path-to-node=\"13,0\" data-index-in-node=\"0\">\u00abCada n\u00famero suma, cada ayuda cuenta. Sumate, compart\u00ed y ayudanos a llegar al objetivo. Entre todos podemos\u00bb<\/b>, reza el pedido desesperado de su familia.<\/p>\n<h3 data-path-to-node=\"15\"><b data-path-to-node=\"15\" data-index-in-node=\"0\">Datos para colaborar<\/b><\/h3>\n<div class=\"horizontal-scroll-wrapper\">\n<div class=\"table-block-component\">\n<div class=\"table-block has-export-button new-table-style is-at-scroll-start is-at-scroll-end\">\n<div class=\"table-content\" data-hveid=\"0\" data-ved=\"0CAAQ3ecQahgKEwiPqvni7pKUAxUAAAAAHQAAAAAQiwI\">\n<table data-path-to-node=\"16\">\n<thead>\n<tr>\n<th><span data-path-to-node=\"16,0,0,0\">Opci\u00f3n<\/span><\/th>\n<th><span data-path-to-node=\"16,0,1,0\">Detalle \/ Alias<\/span><\/th>\n<\/tr>\n<\/thead>\n<tbody>\n<tr>\n<td><span data-path-to-node=\"16,1,0,0\"><b data-path-to-node=\"16,1,0,0\" data-index-in-node=\"0\">Donaci\u00f3n Directa \/ Rifa $7k<\/b><\/span><\/td>\n<td><span data-path-to-node=\"16,1,1,0\"><b data-path-to-node=\"16,1,1,0\" data-index-in-node=\"0\">Gonzafer1992<\/b><\/span><\/td>\n<\/tr>\n<tr>\n<td><span data-path-to-node=\"16,2,0,0\"><b data-path-to-node=\"16,2,0,0\" data-index-in-node=\"0\">Rifa Solidaria $5k<\/b><\/span><\/td>\n<td><span data-path-to-node=\"16,2,1,0\"><b data-path-to-node=\"16,2,1,0\" data-index-in-node=\"0\">TODOSXGONZA3<\/b><\/span><\/td>\n<\/tr>\n<tr>\n<td><span data-path-to-node=\"16,3,0,0\"><b data-path-to-node=\"16,3,0,0\" data-index-in-node=\"0\">Titular de Cuenta<\/b><\/span><\/td>\n<td><span data-path-to-node=\"16,3,1,0\">Carla Lorena Bounassie<\/span><\/td>\n<\/tr>\n<tr>\n<td><span data-path-to-node=\"16,4,0,0\"><b data-path-to-node=\"16,4,0,0\" data-index-in-node=\"0\">Tel\u00e9fono de Contacto<\/b><\/span><\/td>\n<td><span data-path-to-node=\"16,4,1,0\">2324-505012<\/span><\/td>\n<\/tr>\n<tr>\n<td><span data-path-to-node=\"16,5,0,0\"><b data-path-to-node=\"16,5,0,0\" data-index-in-node=\"0\">Hospital de Internaci\u00f3n<\/b><\/span><\/td>\n<td><span data-path-to-node=\"16,5,1,0\">Vicente L\u00f3pez y Planes (Gral. Rodr\u00edguez)<\/span><\/td>\n<\/tr>\n<\/tbody>\n<\/table>\n<\/div>\n<\/div>\n<\/div>\n<\/div>\n","protected":false},"excerpt":{"rendered":"<p>\u25a0\u00a0El joven mercedino se accident\u00f3 mientras realizaba tareas de poda. Se encuentra internado en General Rodr\u00edguez y su familia debe recaudar 7 millones de pesos de forma urgente para costear los implantes.<\/p>\n","protected":false},"author":16,"featured_media":185407,"comment_status":"closed","ping_status":"closed","sticky":false,"template":"","format":"standard","meta":{"footnotes":""},"categories":[3],"tags":[502,22104,22103,9309,81],"class_list":["post-185406","post","type-post","status-publish","format-standard","has-post-thumbnail","hentry","category-sociedad","tag-accidente","tag-caida","tag-gonzalo-fernandez","tag-poda","tag-solidaridad"],"yoast_head":"<!-- This site is optimized with the Yoast SEO plugin v27.5 - https:\/\/yoast.com\/product\/yoast-seo-wordpress\/ -->\n<title>Cruzada solidaria por Gonza: necesita una operaci\u00f3n de columna tras caer de 10 metros de altura<\/title>\n<meta name=\"description\" content=\"\u25a0\u00a0El joven mercedino se accident\u00f3 mientras realizaba tareas de poda. Se encuentra internado en General Rodr\u00edguez y su familia debe recaudar 7 millones de pesos de forma urgente para costear los implantes.\" \/>\n<meta name=\"robots\" content=\"index, follow, max-snippet:-1, max-image-preview:large, max-video-preview:-1\" \/>\n<link rel=\"canonical\" href=\"https:\/\/noticiasmercedinas.com\/site\/2026\/04\/29\/cruzada-solidaria-por-gonza-necesita-una-operacion-de-columna-tras-caer-de-10-metros-de-altura\/\" \/>\n<meta property=\"og:locale\" content=\"es_ES\" \/>\n<meta property=\"og:type\" content=\"article\" \/>\n<meta property=\"og:title\" content=\"Cruzada solidaria por Gonza: necesita una operaci\u00f3n de columna tras caer de 10 metros de altura\" \/>\n<meta property=\"og:description\" content=\"\u25a0\u00a0El joven mercedino se accident\u00f3 mientras realizaba tareas de poda. Se encuentra internado en General Rodr\u00edguez y su familia debe recaudar 7 millones de pesos de forma urgente para costear los implantes.\" \/>\n<meta property=\"og:url\" content=\"https:\/\/noticiasmercedinas.com\/site\/2026\/04\/29\/cruzada-solidaria-por-gonza-necesita-una-operacion-de-columna-tras-caer-de-10-metros-de-altura\/\" \/>\n<meta property=\"og:site_name\" content=\"NOTICIASMERCEDINAS.COM\" \/>\n<meta property=\"article:publisher\" content=\"https:\/\/www.facebook.com\/noticiasmercedinas\/\" \/>\n<meta property=\"article:published_time\" content=\"2026-04-29T20:19:56+00:00\" \/>\n<meta property=\"og:image\" content=\"https:\/\/noticiasmercedinas.com\/site\/wp-content\/uploads\/2026\/04\/gonza.jpg\" \/>\n\t<meta property=\"og:image:width\" content=\"640\" \/>\n\t<meta property=\"og:image:height\" content=\"433\" \/>\n\t<meta property=\"og:image:type\" content=\"image\/jpeg\" \/>\n<meta name=\"author\" content=\"NOTICIASMERCEDINAS.COM\" \/>\n<meta name=\"twitter:card\" content=\"summary_large_image\" \/>\n<meta name=\"twitter:creator\" content=\"@notmercedinas\" \/>\n<meta name=\"twitter:site\" content=\"@notmercedinas\" \/>\n<meta name=\"twitter:label1\" content=\"Escrito por\" \/>\n\t<meta name=\"twitter:data1\" content=\"NOTICIASMERCEDINAS.COM\" \/>\n\t<meta name=\"twitter:label2\" content=\"Tiempo de lectura\" \/>\n\t<meta name=\"twitter:data2\" content=\"3 minutos\" \/>\n<script type=\"application\/ld+json\" class=\"yoast-schema-graph\">{\"@context\":\"https:\\\/\\\/schema.org\",\"@graph\":[{\"@type\":\"Article\",\"@id\":\"https:\\\/\\\/noticiasmercedinas.com\\\/site\\\/2026\\\/04\\\/29\\\/cruzada-solidaria-por-gonza-necesita-una-operacion-de-columna-tras-caer-de-10-metros-de-altura\\\/#article\",\"isPartOf\":{\"@id\":\"https:\\\/\\\/noticiasmercedinas.com\\\/site\\\/2026\\\/04\\\/29\\\/cruzada-solidaria-por-gonza-necesita-una-operacion-de-columna-tras-caer-de-10-metros-de-altura\\\/\"},\"author\":{\"name\":\"NOTICIASMERCEDINAS.COM\",\"@id\":\"https:\\\/\\\/noticiasmercedinas.com\\\/site\\\/#\\\/schema\\\/person\\\/84b59c099c28ff2e8b77d4ceec5d8063\"},\"headline\":\"Cruzada solidaria por Gonza: necesita una operaci\u00f3n de columna tras caer de 10 metros de altura\",\"datePublished\":\"2026-04-29T20:19:56+00:00\",\"mainEntityOfPage\":{\"@id\":\"https:\\\/\\\/noticiasmercedinas.com\\\/site\\\/2026\\\/04\\\/29\\\/cruzada-solidaria-por-gonza-necesita-una-operacion-de-columna-tras-caer-de-10-metros-de-altura\\\/\"},\"wordCount\":412,\"publisher\":{\"@id\":\"https:\\\/\\\/noticiasmercedinas.com\\\/site\\\/#organization\"},\"image\":{\"@id\":\"https:\\\/\\\/noticiasmercedinas.com\\\/site\\\/2026\\\/04\\\/29\\\/cruzada-solidaria-por-gonza-necesita-una-operacion-de-columna-tras-caer-de-10-metros-de-altura\\\/#primaryimage\"},\"thumbnailUrl\":\"https:\\\/\\\/noticiasmercedinas.com\\\/site\\\/wp-content\\\/uploads\\\/2026\\\/04\\\/gonza.jpg\",\"keywords\":[\"accidente\",\"caida\",\"gonzalo fernandez\",\"poda\",\"solidaridad\"],\"articleSection\":[\"Sociedad\"],\"inLanguage\":\"es\"},{\"@type\":\"WebPage\",\"@id\":\"https:\\\/\\\/noticiasmercedinas.com\\\/site\\\/2026\\\/04\\\/29\\\/cruzada-solidaria-por-gonza-necesita-una-operacion-de-columna-tras-caer-de-10-metros-de-altura\\\/\",\"url\":\"https:\\\/\\\/noticiasmercedinas.com\\\/site\\\/2026\\\/04\\\/29\\\/cruzada-solidaria-por-gonza-necesita-una-operacion-de-columna-tras-caer-de-10-metros-de-altura\\\/\",\"name\":\"Cruzada solidaria por Gonza: necesita una operaci\u00f3n de columna tras caer de 10 metros de altura\",\"isPartOf\":{\"@id\":\"https:\\\/\\\/noticiasmercedinas.com\\\/site\\\/#website\"},\"primaryImageOfPage\":{\"@id\":\"https:\\\/\\\/noticiasmercedinas.com\\\/site\\\/2026\\\/04\\\/29\\\/cruzada-solidaria-por-gonza-necesita-una-operacion-de-columna-tras-caer-de-10-metros-de-altura\\\/#primaryimage\"},\"image\":{\"@id\":\"https:\\\/\\\/noticiasmercedinas.com\\\/site\\\/2026\\\/04\\\/29\\\/cruzada-solidaria-por-gonza-necesita-una-operacion-de-columna-tras-caer-de-10-metros-de-altura\\\/#primaryimage\"},\"thumbnailUrl\":\"https:\\\/\\\/noticiasmercedinas.com\\\/site\\\/wp-content\\\/uploads\\\/2026\\\/04\\\/gonza.jpg\",\"datePublished\":\"2026-04-29T20:19:56+00:00\",\"description\":\"\u25a0\u00a0El joven mercedino se accident\u00f3 mientras realizaba tareas de poda. Se encuentra internado en General Rodr\u00edguez y su familia debe recaudar 7 millones de pesos de forma urgente para costear los implantes.\",\"breadcrumb\":{\"@id\":\"https:\\\/\\\/noticiasmercedinas.com\\\/site\\\/2026\\\/04\\\/29\\\/cruzada-solidaria-por-gonza-necesita-una-operacion-de-columna-tras-caer-de-10-metros-de-altura\\\/#breadcrumb\"},\"inLanguage\":\"es\",\"potentialAction\":[{\"@type\":\"ReadAction\",\"target\":[\"https:\\\/\\\/noticiasmercedinas.com\\\/site\\\/2026\\\/04\\\/29\\\/cruzada-solidaria-por-gonza-necesita-una-operacion-de-columna-tras-caer-de-10-metros-de-altura\\\/\"]}]},{\"@type\":\"ImageObject\",\"inLanguage\":\"es\",\"@id\":\"https:\\\/\\\/noticiasmercedinas.com\\\/site\\\/2026\\\/04\\\/29\\\/cruzada-solidaria-por-gonza-necesita-una-operacion-de-columna-tras-caer-de-10-metros-de-altura\\\/#primaryimage\",\"url\":\"https:\\\/\\\/noticiasmercedinas.com\\\/site\\\/wp-content\\\/uploads\\\/2026\\\/04\\\/gonza.jpg\",\"contentUrl\":\"https:\\\/\\\/noticiasmercedinas.com\\\/site\\\/wp-content\\\/uploads\\\/2026\\\/04\\\/gonza.jpg\",\"width\":640,\"height\":433},{\"@type\":\"BreadcrumbList\",\"@id\":\"https:\\\/\\\/noticiasmercedinas.com\\\/site\\\/2026\\\/04\\\/29\\\/cruzada-solidaria-por-gonza-necesita-una-operacion-de-columna-tras-caer-de-10-metros-de-altura\\\/#breadcrumb\",\"itemListElement\":[{\"@type\":\"ListItem\",\"position\":1,\"name\":\"Portada\",\"item\":\"https:\\\/\\\/noticiasmercedinas.com\\\/site\\\/\"},{\"@type\":\"ListItem\",\"position\":2,\"name\":\"Cruzada solidaria por Gonza: necesita una operaci\u00f3n de columna tras caer de 10 metros de altura\"}]},{\"@type\":\"WebSite\",\"@id\":\"https:\\\/\\\/noticiasmercedinas.com\\\/site\\\/#website\",\"url\":\"https:\\\/\\\/noticiasmercedinas.com\\\/site\\\/\",\"name\":\"NOTICIASMERCEDINAS.COM\",\"description\":\"Mercedes, Buenos Aires, Argentina\",\"publisher\":{\"@id\":\"https:\\\/\\\/noticiasmercedinas.com\\\/site\\\/#organization\"},\"potentialAction\":[{\"@type\":\"SearchAction\",\"target\":{\"@type\":\"EntryPoint\",\"urlTemplate\":\"https:\\\/\\\/noticiasmercedinas.com\\\/site\\\/?s={search_term_string}\"},\"query-input\":{\"@type\":\"PropertyValueSpecification\",\"valueRequired\":true,\"valueName\":\"search_term_string\"}}],\"inLanguage\":\"es\"},{\"@type\":\"Organization\",\"@id\":\"https:\\\/\\\/noticiasmercedinas.com\\\/site\\\/#organization\",\"name\":\"NOTICIASMERCEDINAS.COM\",\"url\":\"https:\\\/\\\/noticiasmercedinas.com\\\/site\\\/\",\"logo\":{\"@type\":\"ImageObject\",\"inLanguage\":\"es\",\"@id\":\"https:\\\/\\\/noticiasmercedinas.com\\\/site\\\/#\\\/schema\\\/logo\\\/image\\\/\",\"url\":\"https:\\\/\\\/noticiasmercedinas.com\\\/site\\\/wp-content\\\/uploads\\\/2020\\\/06\\\/LOGO-512.jpg\",\"contentUrl\":\"https:\\\/\\\/noticiasmercedinas.com\\\/site\\\/wp-content\\\/uploads\\\/2020\\\/06\\\/LOGO-512.jpg\",\"width\":512,\"height\":512,\"caption\":\"NOTICIASMERCEDINAS.COM\"},\"image\":{\"@id\":\"https:\\\/\\\/noticiasmercedinas.com\\\/site\\\/#\\\/schema\\\/logo\\\/image\\\/\"},\"sameAs\":[\"https:\\\/\\\/www.facebook.com\\\/noticiasmercedinas\\\/\",\"https:\\\/\\\/x.com\\\/notmercedinas\",\"https:\\\/\\\/www.instagram.com\\\/noticiasmercedinas\\\/\"]},{\"@type\":\"Person\",\"@id\":\"https:\\\/\\\/noticiasmercedinas.com\\\/site\\\/#\\\/schema\\\/person\\\/84b59c099c28ff2e8b77d4ceec5d8063\",\"name\":\"NOTICIASMERCEDINAS.COM\",\"image\":{\"@type\":\"ImageObject\",\"inLanguage\":\"es\",\"@id\":\"https:\\\/\\\/secure.gravatar.com\\\/avatar\\\/4dfbf16b4d17945bfb6341b2d19043457132fcf478a5ee04f42e959fd8f5df0a?s=96&d=mm&r=g\",\"url\":\"https:\\\/\\\/secure.gravatar.com\\\/avatar\\\/4dfbf16b4d17945bfb6341b2d19043457132fcf478a5ee04f42e959fd8f5df0a?s=96&d=mm&r=g\",\"contentUrl\":\"https:\\\/\\\/secure.gravatar.com\\\/avatar\\\/4dfbf16b4d17945bfb6341b2d19043457132fcf478a5ee04f42e959fd8f5df0a?s=96&d=mm&r=g\",\"caption\":\"NOTICIASMERCEDINAS.COM\"},\"url\":\"https:\\\/\\\/noticiasmercedinas.com\\\/site\\\/author\\\/anonimo\\\/\"}]}<\/script>\n<!-- \/ Yoast SEO plugin. -->","yoast_head_json":{"title":"Cruzada solidaria por Gonza: necesita una operaci\u00f3n de columna tras caer de 10 metros de altura","description":"\u25a0\u00a0El joven mercedino se accident\u00f3 mientras realizaba tareas de poda. Se encuentra internado en General Rodr\u00edguez y su familia debe recaudar 7 millones de pesos de forma urgente para costear los implantes.","robots":{"index":"index","follow":"follow","max-snippet":"max-snippet:-1","max-image-preview":"max-image-preview:large","max-video-preview":"max-video-preview:-1"},"canonical":"https:\/\/noticiasmercedinas.com\/site\/2026\/04\/29\/cruzada-solidaria-por-gonza-necesita-una-operacion-de-columna-tras-caer-de-10-metros-de-altura\/","og_locale":"es_ES","og_type":"article","og_title":"Cruzada solidaria por Gonza: necesita una operaci\u00f3n de columna tras caer de 10 metros de altura","og_description":"\u25a0\u00a0El joven mercedino se accident\u00f3 mientras realizaba tareas de poda. Se encuentra internado en General Rodr\u00edguez y su familia debe recaudar 7 millones de pesos de forma urgente para costear los implantes.","og_url":"https:\/\/noticiasmercedinas.com\/site\/2026\/04\/29\/cruzada-solidaria-por-gonza-necesita-una-operacion-de-columna-tras-caer-de-10-metros-de-altura\/","og_site_name":"NOTICIASMERCEDINAS.COM","article_publisher":"https:\/\/www.facebook.com\/noticiasmercedinas\/","article_published_time":"2026-04-29T20:19:56+00:00","og_image":[{"width":640,"height":433,"url":"https:\/\/noticiasmercedinas.com\/site\/wp-content\/uploads\/2026\/04\/gonza.jpg","type":"image\/jpeg"}],"author":"NOTICIASMERCEDINAS.COM","twitter_card":"summary_large_image","twitter_creator":"@notmercedinas","twitter_site":"@notmercedinas","twitter_misc":{"Escrito por":"NOTICIASMERCEDINAS.COM","Tiempo de lectura":"3 minutos"},"schema":{"@context":"https:\/\/schema.org","@graph":[{"@type":"Article","@id":"https:\/\/noticiasmercedinas.com\/site\/2026\/04\/29\/cruzada-solidaria-por-gonza-necesita-una-operacion-de-columna-tras-caer-de-10-metros-de-altura\/#article","isPartOf":{"@id":"https:\/\/noticiasmercedinas.com\/site\/2026\/04\/29\/cruzada-solidaria-por-gonza-necesita-una-operacion-de-columna-tras-caer-de-10-metros-de-altura\/"},"author":{"name":"NOTICIASMERCEDINAS.COM","@id":"https:\/\/noticiasmercedinas.com\/site\/#\/schema\/person\/84b59c099c28ff2e8b77d4ceec5d8063"},"headline":"Cruzada solidaria por Gonza: necesita una operaci\u00f3n de columna tras caer de 10 metros de altura","datePublished":"2026-04-29T20:19:56+00:00","mainEntityOfPage":{"@id":"https:\/\/noticiasmercedinas.com\/site\/2026\/04\/29\/cruzada-solidaria-por-gonza-necesita-una-operacion-de-columna-tras-caer-de-10-metros-de-altura\/"},"wordCount":412,"publisher":{"@id":"https:\/\/noticiasmercedinas.com\/site\/#organization"},"image":{"@id":"https:\/\/noticiasmercedinas.com\/site\/2026\/04\/29\/cruzada-solidaria-por-gonza-necesita-una-operacion-de-columna-tras-caer-de-10-metros-de-altura\/#primaryimage"},"thumbnailUrl":"https:\/\/noticiasmercedinas.com\/site\/wp-content\/uploads\/2026\/04\/gonza.jpg","keywords":["accidente","caida","gonzalo fernandez","poda","solidaridad"],"articleSection":["Sociedad"],"inLanguage":"es"},{"@type":"WebPage","@id":"https:\/\/noticiasmercedinas.com\/site\/2026\/04\/29\/cruzada-solidaria-por-gonza-necesita-una-operacion-de-columna-tras-caer-de-10-metros-de-altura\/","url":"https:\/\/noticiasmercedinas.com\/site\/2026\/04\/29\/cruzada-solidaria-por-gonza-necesita-una-operacion-de-columna-tras-caer-de-10-metros-de-altura\/","name":"Cruzada solidaria por Gonza: necesita una operaci\u00f3n de columna tras caer de 10 metros de altura","isPartOf":{"@id":"https:\/\/noticiasmercedinas.com\/site\/#website"},"primaryImageOfPage":{"@id":"https:\/\/noticiasmercedinas.com\/site\/2026\/04\/29\/cruzada-solidaria-por-gonza-necesita-una-operacion-de-columna-tras-caer-de-10-metros-de-altura\/#primaryimage"},"image":{"@id":"https:\/\/noticiasmercedinas.com\/site\/2026\/04\/29\/cruzada-solidaria-por-gonza-necesita-una-operacion-de-columna-tras-caer-de-10-metros-de-altura\/#primaryimage"},"thumbnailUrl":"https:\/\/noticiasmercedinas.com\/site\/wp-content\/uploads\/2026\/04\/gonza.jpg","datePublished":"2026-04-29T20:19:56+00:00","description":"\u25a0\u00a0El joven mercedino se accident\u00f3 mientras realizaba tareas de poda. Se encuentra internado en General Rodr\u00edguez y su familia debe recaudar 7 millones de pesos de forma urgente para costear los implantes.","breadcrumb":{"@id":"https:\/\/noticiasmercedinas.com\/site\/2026\/04\/29\/cruzada-solidaria-por-gonza-necesita-una-operacion-de-columna-tras-caer-de-10-metros-de-altura\/#breadcrumb"},"inLanguage":"es","potentialAction":[{"@type":"ReadAction","target":["https:\/\/noticiasmercedinas.com\/site\/2026\/04\/29\/cruzada-solidaria-por-gonza-necesita-una-operacion-de-columna-tras-caer-de-10-metros-de-altura\/"]}]},{"@type":"ImageObject","inLanguage":"es","@id":"https:\/\/noticiasmercedinas.com\/site\/2026\/04\/29\/cruzada-solidaria-por-gonza-necesita-una-operacion-de-columna-tras-caer-de-10-metros-de-altura\/#primaryimage","url":"https:\/\/noticiasmercedinas.com\/site\/wp-content\/uploads\/2026\/04\/gonza.jpg","contentUrl":"https:\/\/noticiasmercedinas.com\/site\/wp-content\/uploads\/2026\/04\/gonza.jpg","width":640,"height":433},{"@type":"BreadcrumbList","@id":"https:\/\/noticiasmercedinas.com\/site\/2026\/04\/29\/cruzada-solidaria-por-gonza-necesita-una-operacion-de-columna-tras-caer-de-10-metros-de-altura\/#breadcrumb","itemListElement":[{"@type":"ListItem","position":1,"name":"Portada","item":"https:\/\/noticiasmercedinas.com\/site\/"},{"@type":"ListItem","position":2,"name":"Cruzada solidaria por Gonza: necesita una operaci\u00f3n de columna tras caer de 10 metros de altura"}]},{"@type":"WebSite","@id":"https:\/\/noticiasmercedinas.com\/site\/#website","url":"https:\/\/noticiasmercedinas.com\/site\/","name":"NOTICIASMERCEDINAS.COM","description":"Mercedes, Buenos Aires, Argentina","publisher":{"@id":"https:\/\/noticiasmercedinas.com\/site\/#organization"},"potentialAction":[{"@type":"SearchAction","target":{"@type":"EntryPoint","urlTemplate":"https:\/\/noticiasmercedinas.com\/site\/?s={search_term_string}"},"query-input":{"@type":"PropertyValueSpecification","valueRequired":true,"valueName":"search_term_string"}}],"inLanguage":"es"},{"@type":"Organization","@id":"https:\/\/noticiasmercedinas.com\/site\/#organization","name":"NOTICIASMERCEDINAS.COM","url":"https:\/\/noticiasmercedinas.com\/site\/","logo":{"@type":"ImageObject","inLanguage":"es","@id":"https:\/\/noticiasmercedinas.com\/site\/#\/schema\/logo\/image\/","url":"https:\/\/noticiasmercedinas.com\/site\/wp-content\/uploads\/2020\/06\/LOGO-512.jpg","contentUrl":"https:\/\/noticiasmercedinas.com\/site\/wp-content\/uploads\/2020\/06\/LOGO-512.jpg","width":512,"height":512,"caption":"NOTICIASMERCEDINAS.COM"},"image":{"@id":"https:\/\/noticiasmercedinas.com\/site\/#\/schema\/logo\/image\/"},"sameAs":["https:\/\/www.facebook.com\/noticiasmercedinas\/","https:\/\/x.com\/notmercedinas","https:\/\/www.instagram.com\/noticiasmercedinas\/"]},{"@type":"Person","@id":"https:\/\/noticiasmercedinas.com\/site\/#\/schema\/person\/84b59c099c28ff2e8b77d4ceec5d8063","name":"NOTICIASMERCEDINAS.COM","image":{"@type":"ImageObject","inLanguage":"es","@id":"https:\/\/secure.gravatar.com\/avatar\/4dfbf16b4d17945bfb6341b2d19043457132fcf478a5ee04f42e959fd8f5df0a?s=96&d=mm&r=g","url":"https:\/\/secure.gravatar.com\/avatar\/4dfbf16b4d17945bfb6341b2d19043457132fcf478a5ee04f42e959fd8f5df0a?s=96&d=mm&r=g","contentUrl":"https:\/\/secure.gravatar.com\/avatar\/4dfbf16b4d17945bfb6341b2d19043457132fcf478a5ee04f42e959fd8f5df0a?s=96&d=mm&r=g","caption":"NOTICIASMERCEDINAS.COM"},"url":"https:\/\/noticiasmercedinas.com\/site\/author\/anonimo\/"}]}},"amp_enabled":true,"_links":{"self":[{"href":"https:\/\/noticiasmercedinas.com\/site\/wp-json\/wp\/v2\/posts\/185406","targetHints":{"allow":["GET"]}}],"collection":[{"href":"https:\/\/noticiasmercedinas.com\/site\/wp-json\/wp\/v2\/posts"}],"about":[{"href":"https:\/\/noticiasmercedinas.com\/site\/wp-json\/wp\/v2\/types\/post"}],"author":[{"embeddable":true,"href":"https:\/\/noticiasmercedinas.com\/site\/wp-json\/wp\/v2\/users\/16"}],"replies":[{"embeddable":true,"href":"https:\/\/noticiasmercedinas.com\/site\/wp-json\/wp\/v2\/comments?post=185406"}],"version-history":[{"count":1,"href":"https:\/\/noticiasmercedinas.com\/site\/wp-json\/wp\/v2\/posts\/185406\/revisions"}],"predecessor-version":[{"id":185408,"href":"https:\/\/noticiasmercedinas.com\/site\/wp-json\/wp\/v2\/posts\/185406\/revisions\/185408"}],"wp:featuredmedia":[{"embeddable":true,"href":"https:\/\/noticiasmercedinas.com\/site\/wp-json\/wp\/v2\/media\/185407"}],"wp:attachment":[{"href":"https:\/\/noticiasmercedinas.com\/site\/wp-json\/wp\/v2\/media?parent=185406"}],"wp:term":[{"taxonomy":"category","embeddable":true,"href":"https:\/\/noticiasmercedinas.com\/site\/wp-json\/wp\/v2\/categories?post=185406"},{"taxonomy":"post_tag","embeddable":true,"href":"https:\/\/noticiasmercedinas.com\/site\/wp-json\/wp\/v2\/tags?post=185406"}],"curies":[{"name":"wp","href":"https:\/\/api.w.org\/{rel}","templated":true}]}}