{"id":185409,"date":"2026-04-29T17:33:21","date_gmt":"2026-04-29T20:33:21","guid":{"rendered":"https:\/\/noticiasmercedinas.com\/site\/?p=185409"},"modified":"2026-04-29T17:33:21","modified_gmt":"2026-04-29T20:33:21","slug":"clinica-nueva-cruz-azul-anuncia-que-inaugurara-su-segunda-sala-de-hemodinamia","status":"publish","type":"post","link":"https:\/\/noticiasmercedinas.com\/site\/2026\/04\/29\/clinica-nueva-cruz-azul-anuncia-que-inaugurara-su-segunda-sala-de-hemodinamia\/","title":{"rendered":"Cl\u00ednica Nueva Cruz Azul anuncia que inaugurar\u00e1 su segunda sala de Hemodinamia"},"content":{"rendered":"<p data-path-to-node=\"2\"><span style=\"font-family: Verdana, Geneva, sans-serif; font-size: 14px;\"><img loading=\"lazy\" decoding=\"async\" class=\"alignnone size-full wp-image-185410\" src=\"https:\/\/noticiasmercedinas.com\/site\/wp-content\/uploads\/2026\/04\/hemodinamia.jpg\" alt=\"\" width=\"681\" height=\"443\" srcset=\"https:\/\/noticiasmercedinas.com\/site\/wp-content\/uploads\/2026\/04\/hemodinamia.jpg 681w, https:\/\/noticiasmercedinas.com\/site\/wp-content\/uploads\/2026\/04\/hemodinamia-300x194.jpg 300w, https:\/\/noticiasmercedinas.com\/site\/wp-content\/uploads\/2026\/04\/hemodinamia-640x416.jpg 640w\" sizes=\"auto, (max-width: 681px) 100vw, 681px\" \/><\/span><\/p>\n<p data-path-to-node=\"2\"><span style=\"font-family: Verdana, Geneva, sans-serif; font-size: 14px;\">Es significativo para la infraestructura sanitaria de la regi\u00f3n, el anuncio reciente de la <\/span><b style=\"font-family: Verdana, Geneva, sans-serif; font-size: 14px;\" data-path-to-node=\"5\" data-index-in-node=\"87\">Cl\u00ednica Nueva Cruz Azul<\/b><span style=\"font-family: Verdana, Geneva, sans-serif; font-size: 14px;\">: la pr\u00f3xima inauguraci\u00f3n de su segunda sala de <\/span><b style=\"font-family: Verdana, Geneva, sans-serif; font-size: 14px;\" data-path-to-node=\"5\" data-index-in-node=\"165\">Hemodinamia y Electrofisiolog\u00eda<\/b><span style=\"font-family: Verdana, Geneva, sans-serif; font-size: 14px;\">. <\/span><\/p>\n<p data-path-to-node=\"2\"><span style=\"font-family: Verdana, Geneva, sans-serif; font-size: 14px;\">Esta nueva incorporaci\u00f3n tecnol\u00f3gica permitir\u00e1 ampliar la capacidad operativa de la instituci\u00f3n, brindando diagn\u00f3sticos y tratamientos de mayor precisi\u00f3n para pacientes con patolog\u00edas cardiovasculares.<\/span><\/p>\n<p data-path-to-node=\"6\">La apertura de esta segunda sala responde a la necesidad de optimizar los tiempos de atenci\u00f3n y mejorar la capacidad de respuesta ante emergencias que requieren intervenci\u00f3n inmediata.<\/p>\n<p data-path-to-node=\"6\">Seg\u00fan destacaron desde la cl\u00ednica, este crecimiento institucional est\u00e1 respaldado por la incorporaci\u00f3n de equipamiento de \u00faltima generaci\u00f3n y un equipo profesional altamente capacitado para el manejo de tecnolog\u00eda m\u00e9dica compleja.<\/p>\n<h3 data-path-to-node=\"7\"><b data-path-to-node=\"7\" data-index-in-node=\"0\">Ampliaci\u00f3n de servicios especializados<\/b><\/h3>\n<p data-path-to-node=\"8\">Con esta expansi\u00f3n, el \u00e1rea de Hemodinamia fortalecer\u00e1 servicios cr\u00edticos como:<\/p>\n<ul>\n<li data-path-to-node=\"9,0,0\"><b data-path-to-node=\"9,0,0\" data-index-in-node=\"0\">Cirug\u00eda cardiovascular<\/b> y cirug\u00eda vascular perif\u00e9rica m\u00ednimamente invasiva.<\/li>\n<li data-path-to-node=\"9,1,0\"><b data-path-to-node=\"9,1,0\" data-index-in-node=\"0\">Colocaci\u00f3n y reemplazo de marcapasos<\/b>.<\/li>\n<li data-path-to-node=\"9,2,0\"><b data-path-to-node=\"9,2,0\" data-index-in-node=\"0\">Ablaciones<\/b> y estudios de electrofisiolog\u00eda.<\/li>\n<li data-path-to-node=\"9,3,0\"><b data-path-to-node=\"9,3,0\" data-index-in-node=\"0\">Control de marcapasos<\/b> y tratamientos para el dolor.<\/li>\n<\/ul>\n<h3 data-path-to-node=\"10\"><b data-path-to-node=\"10\" data-index-in-node=\"0\">Una cl\u00ednica con atenci\u00f3n integral<\/b><\/h3>\n<p data-path-to-node=\"11\">M\u00e1s all\u00e1 de los avances en el \u00e1rea card\u00edaca, la instituci\u00f3n record\u00f3 que mantiene operativa su amplia red de consultorios externos y servicios de diagn\u00f3stico por im\u00e1genes. Entre las especialidades disponibles se encuentran <b data-path-to-node=\"11\" data-index-in-node=\"222\">Traumatolog\u00eda, Neurocirug\u00eda, Gastroenterolog\u00eda y Cardiolog\u00eda<\/b>, sumado a un servicio de <b data-path-to-node=\"11\" data-index-in-node=\"308\">Guardia las 24 horas<\/b>, Laboratorio de An\u00e1lisis Cl\u00ednicos y Hemoterapia.<\/p>\n<p data-path-to-node=\"12\">Desde la direcci\u00f3n de la cl\u00ednica se\u00f1alaron que este avance es parte de un plan continuo de inversi\u00f3n para \u00abbrindar atenci\u00f3n de calidad y responder a cada necesidad de nuestros pacientes con celeridad\u00bb.<\/p>\n<hr data-path-to-node=\"13\" \/>\n<h3 data-path-to-node=\"14\"><b data-path-to-node=\"14\" data-index-in-node=\"0\">Contacto y servicios<\/b><\/h3>\n<table data-path-to-node=\"15\">\n<thead>\n<tr>\n<td><strong>\u00c1rea de Servicio<\/strong><\/td>\n<td><strong>Especialidades Destacadas<\/strong><\/td>\n<td><strong>Contacto WhatsApp<\/strong><\/td>\n<\/tr>\n<\/thead>\n<tbody>\n<tr>\n<td><span data-path-to-node=\"15,1,0,0\"><b data-path-to-node=\"15,1,0,0\" data-index-in-node=\"0\">Hemodinamia<\/b><\/span><\/td>\n<td><span data-path-to-node=\"15,1,1,0\">Cirug\u00edas, Marcapasos, Ablaciones<\/span><\/td>\n<td><span data-path-to-node=\"15,1,2,0\"><b data-path-to-node=\"15,1,2,0\" data-index-in-node=\"0\">11 2669-3936<\/b><\/span><\/td>\n<\/tr>\n<tr>\n<td><span data-path-to-node=\"15,2,0,0\"><b data-path-to-node=\"15,2,0,0\" data-index-in-node=\"0\">Consultorios<\/b><\/span><\/td>\n<td><span data-path-to-node=\"15,2,1,0\">Cardio, Neurocirug\u00eda, Urolog\u00eda<\/span><\/td>\n<td><span data-path-to-node=\"15,2,2,0\"><b data-path-to-node=\"15,2,2,0\" data-index-in-node=\"0\">2324 69-2950<\/b><\/span><\/td>\n<\/tr>\n<tr>\n<td><span data-path-to-node=\"15,3,0,0\"><b data-path-to-node=\"15,3,0,0\" data-index-in-node=\"0\">Diagn\u00f3stico<\/b><\/span><\/td>\n<td><span data-path-to-node=\"15,3,1,0\">Tomograf\u00eda, Resonancia, Eco<\/span><\/td>\n<td><span data-path-to-node=\"15,3,2,0\"><b data-path-to-node=\"15,3,2,0\" data-index-in-node=\"0\">2324 64-3240<\/b><\/span><\/td>\n<\/tr>\n<tr>\n<td><span data-path-to-node=\"15,4,0,0\"><b data-path-to-node=\"15,4,0,0\" data-index-in-node=\"0\">Servicios Grales.<\/b><\/span><\/td>\n<td><span data-path-to-node=\"15,4,1,0\">Guardia 24hs, Laboratorio<\/span><\/td>\n<td><span data-path-to-node=\"15,4,2,0\"><b data-path-to-node=\"15,4,2,0\" data-index-in-node=\"0\">2324 59-4785<\/b><\/span><\/td>\n<\/tr>\n<\/tbody>\n<\/table>\n","protected":false},"excerpt":{"rendered":"<p>\u25a0 La instituci\u00f3n de 29 esquina 16 contin\u00faa su proceso de expansi\u00f3n tecnol\u00f3gica con el objetivo de optimizar la atenci\u00f3n de enfermedades cardiovasculares y reducir los tiempos de respuesta ante urgencias m\u00e9dicas.<\/p>\n","protected":false},"author":16,"featured_media":185410,"comment_status":"closed","ping_status":"closed","sticky":false,"template":"","format":"standard","meta":{"footnotes":""},"categories":[3],"tags":[1522,4518],"class_list":["post-185409","post","type-post","status-publish","format-standard","has-post-thumbnail","hentry","category-sociedad","tag-clinica-nueva-cruz-azul","tag-hemodinamia"],"yoast_head":"<!-- This site is optimized with the Yoast SEO plugin v27.5 - https:\/\/yoast.com\/product\/yoast-seo-wordpress\/ -->\n<title>Cl\u00ednica Nueva Cruz Azul anuncia que inaugurar\u00e1 su segunda sala de Hemodinamia<\/title>\n<meta name=\"description\" content=\"La instituci\u00f3n de 29 esquina 16 contin\u00faa su proceso de expansi\u00f3n tecnol\u00f3gica con el objetivo de optimizar la atenci\u00f3n de enfermedades cardiovasculares y reducir los tiempos de respuesta ante urgencias m\u00e9dicas.\" \/>\n<meta name=\"robots\" content=\"index, follow, max-snippet:-1, max-image-preview:large, max-video-preview:-1\" \/>\n<link rel=\"canonical\" href=\"https:\/\/noticiasmercedinas.com\/site\/2026\/04\/29\/clinica-nueva-cruz-azul-anuncia-que-inaugurara-su-segunda-sala-de-hemodinamia\/\" \/>\n<meta property=\"og:locale\" content=\"es_ES\" \/>\n<meta property=\"og:type\" content=\"article\" \/>\n<meta property=\"og:title\" content=\"Cl\u00ednica Nueva Cruz Azul anuncia que inaugurar\u00e1 su segunda sala de Hemodinamia\" \/>\n<meta property=\"og:description\" content=\"La instituci\u00f3n de 29 esquina 16 contin\u00faa su proceso de expansi\u00f3n tecnol\u00f3gica con el objetivo de optimizar la atenci\u00f3n de enfermedades cardiovasculares y reducir los tiempos de respuesta ante urgencias m\u00e9dicas.\" \/>\n<meta property=\"og:url\" content=\"https:\/\/noticiasmercedinas.com\/site\/2026\/04\/29\/clinica-nueva-cruz-azul-anuncia-que-inaugurara-su-segunda-sala-de-hemodinamia\/\" \/>\n<meta property=\"og:site_name\" content=\"NOTICIASMERCEDINAS.COM\" \/>\n<meta property=\"article:publisher\" content=\"https:\/\/www.facebook.com\/noticiasmercedinas\/\" \/>\n<meta property=\"article:published_time\" content=\"2026-04-29T20:33:21+00:00\" \/>\n<meta property=\"og:image\" content=\"https:\/\/noticiasmercedinas.com\/site\/wp-content\/uploads\/2026\/04\/hemodinamia.jpg\" \/>\n\t<meta property=\"og:image:width\" content=\"681\" \/>\n\t<meta property=\"og:image:height\" content=\"443\" \/>\n\t<meta property=\"og:image:type\" content=\"image\/jpeg\" \/>\n<meta name=\"author\" content=\"NOTICIASMERCEDINAS.COM\" \/>\n<meta name=\"twitter:card\" content=\"summary_large_image\" \/>\n<meta name=\"twitter:creator\" content=\"@notmercedinas\" \/>\n<meta name=\"twitter:site\" content=\"@notmercedinas\" \/>\n<meta name=\"twitter:label1\" content=\"Escrito por\" \/>\n\t<meta name=\"twitter:data1\" content=\"NOTICIASMERCEDINAS.COM\" \/>\n\t<meta name=\"twitter:label2\" content=\"Tiempo de lectura\" \/>\n\t<meta name=\"twitter:data2\" content=\"2 minutos\" \/>\n<script type=\"application\/ld+json\" class=\"yoast-schema-graph\">{\"@context\":\"https:\\\/\\\/schema.org\",\"@graph\":[{\"@type\":\"Article\",\"@id\":\"https:\\\/\\\/noticiasmercedinas.com\\\/site\\\/2026\\\/04\\\/29\\\/clinica-nueva-cruz-azul-anuncia-que-inaugurara-su-segunda-sala-de-hemodinamia\\\/#article\",\"isPartOf\":{\"@id\":\"https:\\\/\\\/noticiasmercedinas.com\\\/site\\\/2026\\\/04\\\/29\\\/clinica-nueva-cruz-azul-anuncia-que-inaugurara-su-segunda-sala-de-hemodinamia\\\/\"},\"author\":{\"name\":\"NOTICIASMERCEDINAS.COM\",\"@id\":\"https:\\\/\\\/noticiasmercedinas.com\\\/site\\\/#\\\/schema\\\/person\\\/84b59c099c28ff2e8b77d4ceec5d8063\"},\"headline\":\"Cl\u00ednica Nueva Cruz Azul anuncia que inaugurar\u00e1 su segunda sala de Hemodinamia\",\"datePublished\":\"2026-04-29T20:33:21+00:00\",\"mainEntityOfPage\":{\"@id\":\"https:\\\/\\\/noticiasmercedinas.com\\\/site\\\/2026\\\/04\\\/29\\\/clinica-nueva-cruz-azul-anuncia-que-inaugurara-su-segunda-sala-de-hemodinamia\\\/\"},\"wordCount\":338,\"publisher\":{\"@id\":\"https:\\\/\\\/noticiasmercedinas.com\\\/site\\\/#organization\"},\"image\":{\"@id\":\"https:\\\/\\\/noticiasmercedinas.com\\\/site\\\/2026\\\/04\\\/29\\\/clinica-nueva-cruz-azul-anuncia-que-inaugurara-su-segunda-sala-de-hemodinamia\\\/#primaryimage\"},\"thumbnailUrl\":\"https:\\\/\\\/noticiasmercedinas.com\\\/site\\\/wp-content\\\/uploads\\\/2026\\\/04\\\/hemodinamia.jpg\",\"keywords\":[\"clinica nueva cruz azul\",\"hemodinamia\"],\"articleSection\":[\"Sociedad\"],\"inLanguage\":\"es\"},{\"@type\":\"WebPage\",\"@id\":\"https:\\\/\\\/noticiasmercedinas.com\\\/site\\\/2026\\\/04\\\/29\\\/clinica-nueva-cruz-azul-anuncia-que-inaugurara-su-segunda-sala-de-hemodinamia\\\/\",\"url\":\"https:\\\/\\\/noticiasmercedinas.com\\\/site\\\/2026\\\/04\\\/29\\\/clinica-nueva-cruz-azul-anuncia-que-inaugurara-su-segunda-sala-de-hemodinamia\\\/\",\"name\":\"Cl\u00ednica Nueva Cruz Azul anuncia que inaugurar\u00e1 su segunda sala de Hemodinamia\",\"isPartOf\":{\"@id\":\"https:\\\/\\\/noticiasmercedinas.com\\\/site\\\/#website\"},\"primaryImageOfPage\":{\"@id\":\"https:\\\/\\\/noticiasmercedinas.com\\\/site\\\/2026\\\/04\\\/29\\\/clinica-nueva-cruz-azul-anuncia-que-inaugurara-su-segunda-sala-de-hemodinamia\\\/#primaryimage\"},\"image\":{\"@id\":\"https:\\\/\\\/noticiasmercedinas.com\\\/site\\\/2026\\\/04\\\/29\\\/clinica-nueva-cruz-azul-anuncia-que-inaugurara-su-segunda-sala-de-hemodinamia\\\/#primaryimage\"},\"thumbnailUrl\":\"https:\\\/\\\/noticiasmercedinas.com\\\/site\\\/wp-content\\\/uploads\\\/2026\\\/04\\\/hemodinamia.jpg\",\"datePublished\":\"2026-04-29T20:33:21+00:00\",\"description\":\"La instituci\u00f3n de 29 esquina 16 contin\u00faa su proceso de expansi\u00f3n tecnol\u00f3gica con el objetivo de optimizar la atenci\u00f3n de enfermedades cardiovasculares y reducir los tiempos de respuesta ante urgencias m\u00e9dicas.\",\"breadcrumb\":{\"@id\":\"https:\\\/\\\/noticiasmercedinas.com\\\/site\\\/2026\\\/04\\\/29\\\/clinica-nueva-cruz-azul-anuncia-que-inaugurara-su-segunda-sala-de-hemodinamia\\\/#breadcrumb\"},\"inLanguage\":\"es\",\"potentialAction\":[{\"@type\":\"ReadAction\",\"target\":[\"https:\\\/\\\/noticiasmercedinas.com\\\/site\\\/2026\\\/04\\\/29\\\/clinica-nueva-cruz-azul-anuncia-que-inaugurara-su-segunda-sala-de-hemodinamia\\\/\"]}]},{\"@type\":\"ImageObject\",\"inLanguage\":\"es\",\"@id\":\"https:\\\/\\\/noticiasmercedinas.com\\\/site\\\/2026\\\/04\\\/29\\\/clinica-nueva-cruz-azul-anuncia-que-inaugurara-su-segunda-sala-de-hemodinamia\\\/#primaryimage\",\"url\":\"https:\\\/\\\/noticiasmercedinas.com\\\/site\\\/wp-content\\\/uploads\\\/2026\\\/04\\\/hemodinamia.jpg\",\"contentUrl\":\"https:\\\/\\\/noticiasmercedinas.com\\\/site\\\/wp-content\\\/uploads\\\/2026\\\/04\\\/hemodinamia.jpg\",\"width\":681,\"height\":443},{\"@type\":\"BreadcrumbList\",\"@id\":\"https:\\\/\\\/noticiasmercedinas.com\\\/site\\\/2026\\\/04\\\/29\\\/clinica-nueva-cruz-azul-anuncia-que-inaugurara-su-segunda-sala-de-hemodinamia\\\/#breadcrumb\",\"itemListElement\":[{\"@type\":\"ListItem\",\"position\":1,\"name\":\"Portada\",\"item\":\"https:\\\/\\\/noticiasmercedinas.com\\\/site\\\/\"},{\"@type\":\"ListItem\",\"position\":2,\"name\":\"Cl\u00ednica Nueva Cruz Azul anuncia que inaugurar\u00e1 su segunda sala de Hemodinamia\"}]},{\"@type\":\"WebSite\",\"@id\":\"https:\\\/\\\/noticiasmercedinas.com\\\/site\\\/#website\",\"url\":\"https:\\\/\\\/noticiasmercedinas.com\\\/site\\\/\",\"name\":\"NOTICIASMERCEDINAS.COM\",\"description\":\"Mercedes, Buenos Aires, Argentina\",\"publisher\":{\"@id\":\"https:\\\/\\\/noticiasmercedinas.com\\\/site\\\/#organization\"},\"potentialAction\":[{\"@type\":\"SearchAction\",\"target\":{\"@type\":\"EntryPoint\",\"urlTemplate\":\"https:\\\/\\\/noticiasmercedinas.com\\\/site\\\/?s={search_term_string}\"},\"query-input\":{\"@type\":\"PropertyValueSpecification\",\"valueRequired\":true,\"valueName\":\"search_term_string\"}}],\"inLanguage\":\"es\"},{\"@type\":\"Organization\",\"@id\":\"https:\\\/\\\/noticiasmercedinas.com\\\/site\\\/#organization\",\"name\":\"NOTICIASMERCEDINAS.COM\",\"url\":\"https:\\\/\\\/noticiasmercedinas.com\\\/site\\\/\",\"logo\":{\"@type\":\"ImageObject\",\"inLanguage\":\"es\",\"@id\":\"https:\\\/\\\/noticiasmercedinas.com\\\/site\\\/#\\\/schema\\\/logo\\\/image\\\/\",\"url\":\"https:\\\/\\\/noticiasmercedinas.com\\\/site\\\/wp-content\\\/uploads\\\/2020\\\/06\\\/LOGO-512.jpg\",\"contentUrl\":\"https:\\\/\\\/noticiasmercedinas.com\\\/site\\\/wp-content\\\/uploads\\\/2020\\\/06\\\/LOGO-512.jpg\",\"width\":512,\"height\":512,\"caption\":\"NOTICIASMERCEDINAS.COM\"},\"image\":{\"@id\":\"https:\\\/\\\/noticiasmercedinas.com\\\/site\\\/#\\\/schema\\\/logo\\\/image\\\/\"},\"sameAs\":[\"https:\\\/\\\/www.facebook.com\\\/noticiasmercedinas\\\/\",\"https:\\\/\\\/x.com\\\/notmercedinas\",\"https:\\\/\\\/www.instagram.com\\\/noticiasmercedinas\\\/\"]},{\"@type\":\"Person\",\"@id\":\"https:\\\/\\\/noticiasmercedinas.com\\\/site\\\/#\\\/schema\\\/person\\\/84b59c099c28ff2e8b77d4ceec5d8063\",\"name\":\"NOTICIASMERCEDINAS.COM\",\"image\":{\"@type\":\"ImageObject\",\"inLanguage\":\"es\",\"@id\":\"https:\\\/\\\/secure.gravatar.com\\\/avatar\\\/4dfbf16b4d17945bfb6341b2d19043457132fcf478a5ee04f42e959fd8f5df0a?s=96&d=mm&r=g\",\"url\":\"https:\\\/\\\/secure.gravatar.com\\\/avatar\\\/4dfbf16b4d17945bfb6341b2d19043457132fcf478a5ee04f42e959fd8f5df0a?s=96&d=mm&r=g\",\"contentUrl\":\"https:\\\/\\\/secure.gravatar.com\\\/avatar\\\/4dfbf16b4d17945bfb6341b2d19043457132fcf478a5ee04f42e959fd8f5df0a?s=96&d=mm&r=g\",\"caption\":\"NOTICIASMERCEDINAS.COM\"},\"url\":\"https:\\\/\\\/noticiasmercedinas.com\\\/site\\\/author\\\/anonimo\\\/\"}]}<\/script>\n<!-- \/ Yoast SEO plugin. -->","yoast_head_json":{"title":"Cl\u00ednica Nueva Cruz Azul anuncia que inaugurar\u00e1 su segunda sala de Hemodinamia","description":"La instituci\u00f3n de 29 esquina 16 contin\u00faa su proceso de expansi\u00f3n tecnol\u00f3gica con el objetivo de optimizar la atenci\u00f3n de enfermedades cardiovasculares y reducir los tiempos de respuesta ante urgencias m\u00e9dicas.","robots":{"index":"index","follow":"follow","max-snippet":"max-snippet:-1","max-image-preview":"max-image-preview:large","max-video-preview":"max-video-preview:-1"},"canonical":"https:\/\/noticiasmercedinas.com\/site\/2026\/04\/29\/clinica-nueva-cruz-azul-anuncia-que-inaugurara-su-segunda-sala-de-hemodinamia\/","og_locale":"es_ES","og_type":"article","og_title":"Cl\u00ednica Nueva Cruz Azul anuncia que inaugurar\u00e1 su segunda sala de Hemodinamia","og_description":"La instituci\u00f3n de 29 esquina 16 contin\u00faa su proceso de expansi\u00f3n tecnol\u00f3gica con el objetivo de optimizar la atenci\u00f3n de enfermedades cardiovasculares y reducir los tiempos de respuesta ante urgencias m\u00e9dicas.","og_url":"https:\/\/noticiasmercedinas.com\/site\/2026\/04\/29\/clinica-nueva-cruz-azul-anuncia-que-inaugurara-su-segunda-sala-de-hemodinamia\/","og_site_name":"NOTICIASMERCEDINAS.COM","article_publisher":"https:\/\/www.facebook.com\/noticiasmercedinas\/","article_published_time":"2026-04-29T20:33:21+00:00","og_image":[{"width":681,"height":443,"url":"https:\/\/noticiasmercedinas.com\/site\/wp-content\/uploads\/2026\/04\/hemodinamia.jpg","type":"image\/jpeg"}],"author":"NOTICIASMERCEDINAS.COM","twitter_card":"summary_large_image","twitter_creator":"@notmercedinas","twitter_site":"@notmercedinas","twitter_misc":{"Escrito por":"NOTICIASMERCEDINAS.COM","Tiempo de lectura":"2 minutos"},"schema":{"@context":"https:\/\/schema.org","@graph":[{"@type":"Article","@id":"https:\/\/noticiasmercedinas.com\/site\/2026\/04\/29\/clinica-nueva-cruz-azul-anuncia-que-inaugurara-su-segunda-sala-de-hemodinamia\/#article","isPartOf":{"@id":"https:\/\/noticiasmercedinas.com\/site\/2026\/04\/29\/clinica-nueva-cruz-azul-anuncia-que-inaugurara-su-segunda-sala-de-hemodinamia\/"},"author":{"name":"NOTICIASMERCEDINAS.COM","@id":"https:\/\/noticiasmercedinas.com\/site\/#\/schema\/person\/84b59c099c28ff2e8b77d4ceec5d8063"},"headline":"Cl\u00ednica Nueva Cruz Azul anuncia que inaugurar\u00e1 su segunda sala de Hemodinamia","datePublished":"2026-04-29T20:33:21+00:00","mainEntityOfPage":{"@id":"https:\/\/noticiasmercedinas.com\/site\/2026\/04\/29\/clinica-nueva-cruz-azul-anuncia-que-inaugurara-su-segunda-sala-de-hemodinamia\/"},"wordCount":338,"publisher":{"@id":"https:\/\/noticiasmercedinas.com\/site\/#organization"},"image":{"@id":"https:\/\/noticiasmercedinas.com\/site\/2026\/04\/29\/clinica-nueva-cruz-azul-anuncia-que-inaugurara-su-segunda-sala-de-hemodinamia\/#primaryimage"},"thumbnailUrl":"https:\/\/noticiasmercedinas.com\/site\/wp-content\/uploads\/2026\/04\/hemodinamia.jpg","keywords":["clinica nueva cruz azul","hemodinamia"],"articleSection":["Sociedad"],"inLanguage":"es"},{"@type":"WebPage","@id":"https:\/\/noticiasmercedinas.com\/site\/2026\/04\/29\/clinica-nueva-cruz-azul-anuncia-que-inaugurara-su-segunda-sala-de-hemodinamia\/","url":"https:\/\/noticiasmercedinas.com\/site\/2026\/04\/29\/clinica-nueva-cruz-azul-anuncia-que-inaugurara-su-segunda-sala-de-hemodinamia\/","name":"Cl\u00ednica Nueva Cruz Azul anuncia que inaugurar\u00e1 su segunda sala de Hemodinamia","isPartOf":{"@id":"https:\/\/noticiasmercedinas.com\/site\/#website"},"primaryImageOfPage":{"@id":"https:\/\/noticiasmercedinas.com\/site\/2026\/04\/29\/clinica-nueva-cruz-azul-anuncia-que-inaugurara-su-segunda-sala-de-hemodinamia\/#primaryimage"},"image":{"@id":"https:\/\/noticiasmercedinas.com\/site\/2026\/04\/29\/clinica-nueva-cruz-azul-anuncia-que-inaugurara-su-segunda-sala-de-hemodinamia\/#primaryimage"},"thumbnailUrl":"https:\/\/noticiasmercedinas.com\/site\/wp-content\/uploads\/2026\/04\/hemodinamia.jpg","datePublished":"2026-04-29T20:33:21+00:00","description":"La instituci\u00f3n de 29 esquina 16 contin\u00faa su proceso de expansi\u00f3n tecnol\u00f3gica con el objetivo de optimizar la atenci\u00f3n de enfermedades cardiovasculares y reducir los tiempos de respuesta ante urgencias m\u00e9dicas.","breadcrumb":{"@id":"https:\/\/noticiasmercedinas.com\/site\/2026\/04\/29\/clinica-nueva-cruz-azul-anuncia-que-inaugurara-su-segunda-sala-de-hemodinamia\/#breadcrumb"},"inLanguage":"es","potentialAction":[{"@type":"ReadAction","target":["https:\/\/noticiasmercedinas.com\/site\/2026\/04\/29\/clinica-nueva-cruz-azul-anuncia-que-inaugurara-su-segunda-sala-de-hemodinamia\/"]}]},{"@type":"ImageObject","inLanguage":"es","@id":"https:\/\/noticiasmercedinas.com\/site\/2026\/04\/29\/clinica-nueva-cruz-azul-anuncia-que-inaugurara-su-segunda-sala-de-hemodinamia\/#primaryimage","url":"https:\/\/noticiasmercedinas.com\/site\/wp-content\/uploads\/2026\/04\/hemodinamia.jpg","contentUrl":"https:\/\/noticiasmercedinas.com\/site\/wp-content\/uploads\/2026\/04\/hemodinamia.jpg","width":681,"height":443},{"@type":"BreadcrumbList","@id":"https:\/\/noticiasmercedinas.com\/site\/2026\/04\/29\/clinica-nueva-cruz-azul-anuncia-que-inaugurara-su-segunda-sala-de-hemodinamia\/#breadcrumb","itemListElement":[{"@type":"ListItem","position":1,"name":"Portada","item":"https:\/\/noticiasmercedinas.com\/site\/"},{"@type":"ListItem","position":2,"name":"Cl\u00ednica Nueva Cruz Azul anuncia que inaugurar\u00e1 su segunda sala de Hemodinamia"}]},{"@type":"WebSite","@id":"https:\/\/noticiasmercedinas.com\/site\/#website","url":"https:\/\/noticiasmercedinas.com\/site\/","name":"NOTICIASMERCEDINAS.COM","description":"Mercedes, Buenos Aires, Argentina","publisher":{"@id":"https:\/\/noticiasmercedinas.com\/site\/#organization"},"potentialAction":[{"@type":"SearchAction","target":{"@type":"EntryPoint","urlTemplate":"https:\/\/noticiasmercedinas.com\/site\/?s={search_term_string}"},"query-input":{"@type":"PropertyValueSpecification","valueRequired":true,"valueName":"search_term_string"}}],"inLanguage":"es"},{"@type":"Organization","@id":"https:\/\/noticiasmercedinas.com\/site\/#organization","name":"NOTICIASMERCEDINAS.COM","url":"https:\/\/noticiasmercedinas.com\/site\/","logo":{"@type":"ImageObject","inLanguage":"es","@id":"https:\/\/noticiasmercedinas.com\/site\/#\/schema\/logo\/image\/","url":"https:\/\/noticiasmercedinas.com\/site\/wp-content\/uploads\/2020\/06\/LOGO-512.jpg","contentUrl":"https:\/\/noticiasmercedinas.com\/site\/wp-content\/uploads\/2020\/06\/LOGO-512.jpg","width":512,"height":512,"caption":"NOTICIASMERCEDINAS.COM"},"image":{"@id":"https:\/\/noticiasmercedinas.com\/site\/#\/schema\/logo\/image\/"},"sameAs":["https:\/\/www.facebook.com\/noticiasmercedinas\/","https:\/\/x.com\/notmercedinas","https:\/\/www.instagram.com\/noticiasmercedinas\/"]},{"@type":"Person","@id":"https:\/\/noticiasmercedinas.com\/site\/#\/schema\/person\/84b59c099c28ff2e8b77d4ceec5d8063","name":"NOTICIASMERCEDINAS.COM","image":{"@type":"ImageObject","inLanguage":"es","@id":"https:\/\/secure.gravatar.com\/avatar\/4dfbf16b4d17945bfb6341b2d19043457132fcf478a5ee04f42e959fd8f5df0a?s=96&d=mm&r=g","url":"https:\/\/secure.gravatar.com\/avatar\/4dfbf16b4d17945bfb6341b2d19043457132fcf478a5ee04f42e959fd8f5df0a?s=96&d=mm&r=g","contentUrl":"https:\/\/secure.gravatar.com\/avatar\/4dfbf16b4d17945bfb6341b2d19043457132fcf478a5ee04f42e959fd8f5df0a?s=96&d=mm&r=g","caption":"NOTICIASMERCEDINAS.COM"},"url":"https:\/\/noticiasmercedinas.com\/site\/author\/anonimo\/"}]}},"amp_enabled":true,"_links":{"self":[{"href":"https:\/\/noticiasmercedinas.com\/site\/wp-json\/wp\/v2\/posts\/185409","targetHints":{"allow":["GET"]}}],"collection":[{"href":"https:\/\/noticiasmercedinas.com\/site\/wp-json\/wp\/v2\/posts"}],"about":[{"href":"https:\/\/noticiasmercedinas.com\/site\/wp-json\/wp\/v2\/types\/post"}],"author":[{"embeddable":true,"href":"https:\/\/noticiasmercedinas.com\/site\/wp-json\/wp\/v2\/users\/16"}],"replies":[{"embeddable":true,"href":"https:\/\/noticiasmercedinas.com\/site\/wp-json\/wp\/v2\/comments?post=185409"}],"version-history":[{"count":1,"href":"https:\/\/noticiasmercedinas.com\/site\/wp-json\/wp\/v2\/posts\/185409\/revisions"}],"predecessor-version":[{"id":185411,"href":"https:\/\/noticiasmercedinas.com\/site\/wp-json\/wp\/v2\/posts\/185409\/revisions\/185411"}],"wp:featuredmedia":[{"embeddable":true,"href":"https:\/\/noticiasmercedinas.com\/site\/wp-json\/wp\/v2\/media\/185410"}],"wp:attachment":[{"href":"https:\/\/noticiasmercedinas.com\/site\/wp-json\/wp\/v2\/media?parent=185409"}],"wp:term":[{"taxonomy":"category","embeddable":true,"href":"https:\/\/noticiasmercedinas.com\/site\/wp-json\/wp\/v2\/categories?post=185409"},{"taxonomy":"post_tag","embeddable":true,"href":"https:\/\/noticiasmercedinas.com\/site\/wp-json\/wp\/v2\/tags?post=185409"}],"curies":[{"name":"wp","href":"https:\/\/api.w.org\/{rel}","templated":true}]}}