{"id":185418,"date":"2026-04-29T21:41:53","date_gmt":"2026-04-30T00:41:53","guid":{"rendered":"https:\/\/noticiasmercedinas.com\/site\/?p=185418"},"modified":"2026-04-29T21:41:53","modified_gmt":"2026-04-30T00:41:53","slug":"localidad-de-agote-celebra-el-1-de-mayo-con-la-maraton-que-nadie-se-agote","status":"publish","type":"post","link":"https:\/\/noticiasmercedinas.com\/site\/2026\/04\/29\/localidad-de-agote-celebra-el-1-de-mayo-con-la-maraton-que-nadie-se-agote\/","title":{"rendered":"Localidad de Agote celebra el 1\u00b0 de mayo con la marat\u00f3n \u00abQue nadie se Agote\u00bb\u00a0"},"content":{"rendered":"<p><img loading=\"lazy\" decoding=\"async\" class=\"alignnone size-full wp-image-185420\" src=\"https:\/\/noticiasmercedinas.com\/site\/wp-content\/uploads\/2026\/04\/IMG-20260429-WA0058.jpg\" alt=\"\" width=\"640\" height=\"427\" srcset=\"https:\/\/noticiasmercedinas.com\/site\/wp-content\/uploads\/2026\/04\/IMG-20260429-WA0058.jpg 640w, https:\/\/noticiasmercedinas.com\/site\/wp-content\/uploads\/2026\/04\/IMG-20260429-WA0058-300x200.jpg 300w\" sizes=\"auto, (max-width: 640px) 100vw, 640px\" \/><\/p>\n<p>Este viernes 1 de mayo, en el marco del feriado por el D\u00eda del Trabajador y la Trabajadora, la localidad de Agote ser\u00e1 sede de una jornada que combinar\u00e1 deporte, tradici\u00f3n y m\u00fasica.<\/p>\n<p>El evento central ser\u00e1 la carrera \u201cQue nadie se Agote\u201d, competencia que debi\u00f3 ser reprogramada durante la Fiesta del Arraigo en marzo y que finalmente tendr\u00e1 su largada oficial a las 11:00 horas.<\/p>\n<p>La jornada deportiva iniciar\u00e1 temprano en el predio del Arraigo, donde a partir de las 9:00 horas se abrir\u00e1 la etapa de acreditaci\u00f3n para los participantes. El cronograma ofrece dos modalidades de participaci\u00f3n para integrar a toda la comunidad: una instancia competitiva de 10K y una correcaminata participativa de 3K. Como cierre de la actividad f\u00edsica, el instructor \u00abJhony\u00bb encabezar\u00e1 una sesi\u00f3n de zumba para todos los presentes.<\/p>\n<p><strong>Festival y pe\u00f1a folcl\u00f3rica<\/strong><\/p>\n<p>Tras el cierre de la marat\u00f3n, la propuesta girar\u00e1 hacia lo cultural y recreativo. A partir de las 13:30 horas, dar\u00e1 comienzo una pe\u00f1a bajo la animaci\u00f3n de Mat\u00edas Mill\u00e1n. La grilla art\u00edstica promete diversidad de g\u00e9neros para acompa\u00f1ar la tarde:<\/p>\n<p>18:30 horas: Presentaci\u00f3n de Max Alexander, marcando el inicio del bloque de cierre.<\/p>\n<p>Segmento Tropical: Actuaciones en vivo de las agrupaciones \u201cPa que bailen\u201d y \u201cLa Capaccio\u201d.<\/p>\n<p>Desde la organizaci\u00f3n recordaron que la entrada a todos los espect\u00e1culos es totalmente gratuita, con el objetivo de fomentar la participaci\u00f3n familiar. La \u00fanica erogaci\u00f3n prevista para quienes asistan en veh\u00edculos ser\u00e1 un bono contribuci\u00f3n para el estacionamiento, destinado a solventar gastos de la organizaci\u00f3n local.<\/p>\n<p>Con este evento, Agote busca recuperar el festejo popular pendiente y consolidar el predio del Arraigo como un punto de encuentro clave para el deporte y la cultura regional.<\/p>\n","protected":false},"excerpt":{"rendered":"<p>La jornada deportiva, que debi\u00f3 postergarse en marzo, coincidir\u00e1 con los festejos por el D\u00eda del Trabajador. La entrada ser\u00e1 libre y gratuita en el predio del Arraigo.<\/p>\n","protected":false},"author":16,"featured_media":185420,"comment_status":"closed","ping_status":"closed","sticky":false,"template":"","format":"standard","meta":{"footnotes":""},"categories":[5],"tags":[104,2703],"class_list":["post-185418","post","type-post","status-publish","format-standard","has-post-thumbnail","hentry","category-deportes","tag-agote","tag-maraton"],"yoast_head":"<!-- This site is optimized with the Yoast SEO plugin v27.5 - https:\/\/yoast.com\/product\/yoast-seo-wordpress\/ -->\n<title>Localidad de Agote celebra el 1\u00b0 de mayo con la marat\u00f3n &quot;Que nadie se Agote&quot;\u00a0<\/title>\n<meta name=\"description\" content=\"La jornada deportiva, que debi\u00f3 postergarse en marzo, coincidir\u00e1 con los festejos por el D\u00eda del Trabajador. La entrada ser\u00e1 libre y gratuita en el predio del Arraigo.\" \/>\n<meta name=\"robots\" content=\"index, follow, max-snippet:-1, max-image-preview:large, max-video-preview:-1\" \/>\n<link rel=\"canonical\" href=\"https:\/\/noticiasmercedinas.com\/site\/2026\/04\/29\/localidad-de-agote-celebra-el-1-de-mayo-con-la-maraton-que-nadie-se-agote\/\" \/>\n<meta property=\"og:locale\" content=\"es_ES\" \/>\n<meta property=\"og:type\" content=\"article\" \/>\n<meta property=\"og:title\" content=\"Localidad de Agote celebra el 1\u00b0 de mayo con la marat\u00f3n &quot;Que nadie se Agote&quot;\u00a0\" \/>\n<meta property=\"og:description\" content=\"La jornada deportiva, que debi\u00f3 postergarse en marzo, coincidir\u00e1 con los festejos por el D\u00eda del Trabajador. La entrada ser\u00e1 libre y gratuita en el predio del Arraigo.\" \/>\n<meta property=\"og:url\" content=\"https:\/\/noticiasmercedinas.com\/site\/2026\/04\/29\/localidad-de-agote-celebra-el-1-de-mayo-con-la-maraton-que-nadie-se-agote\/\" \/>\n<meta property=\"og:site_name\" content=\"NOTICIASMERCEDINAS.COM\" \/>\n<meta property=\"article:publisher\" content=\"https:\/\/www.facebook.com\/noticiasmercedinas\/\" \/>\n<meta property=\"article:published_time\" content=\"2026-04-30T00:41:53+00:00\" \/>\n<meta property=\"og:image\" content=\"https:\/\/noticiasmercedinas.com\/site\/wp-content\/uploads\/2026\/04\/IMG-20260429-WA0058.jpg\" \/>\n\t<meta property=\"og:image:width\" content=\"640\" \/>\n\t<meta property=\"og:image:height\" content=\"427\" \/>\n\t<meta property=\"og:image:type\" content=\"image\/jpeg\" \/>\n<meta name=\"author\" content=\"NOTICIASMERCEDINAS.COM\" \/>\n<meta name=\"twitter:card\" content=\"summary_large_image\" \/>\n<meta name=\"twitter:creator\" content=\"@notmercedinas\" \/>\n<meta name=\"twitter:site\" content=\"@notmercedinas\" \/>\n<meta name=\"twitter:label1\" content=\"Escrito por\" \/>\n\t<meta name=\"twitter:data1\" content=\"NOTICIASMERCEDINAS.COM\" \/>\n\t<meta name=\"twitter:label2\" content=\"Tiempo de lectura\" \/>\n\t<meta name=\"twitter:data2\" content=\"2 minutos\" \/>\n<script type=\"application\/ld+json\" class=\"yoast-schema-graph\">{\"@context\":\"https:\\\/\\\/schema.org\",\"@graph\":[{\"@type\":\"Article\",\"@id\":\"https:\\\/\\\/noticiasmercedinas.com\\\/site\\\/2026\\\/04\\\/29\\\/localidad-de-agote-celebra-el-1-de-mayo-con-la-maraton-que-nadie-se-agote\\\/#article\",\"isPartOf\":{\"@id\":\"https:\\\/\\\/noticiasmercedinas.com\\\/site\\\/2026\\\/04\\\/29\\\/localidad-de-agote-celebra-el-1-de-mayo-con-la-maraton-que-nadie-se-agote\\\/\"},\"author\":{\"name\":\"NOTICIASMERCEDINAS.COM\",\"@id\":\"https:\\\/\\\/noticiasmercedinas.com\\\/site\\\/#\\\/schema\\\/person\\\/84b59c099c28ff2e8b77d4ceec5d8063\"},\"headline\":\"Localidad de Agote celebra el 1\u00b0 de mayo con la marat\u00f3n \u00abQue nadie se Agote\u00bb\u00a0\",\"datePublished\":\"2026-04-30T00:41:53+00:00\",\"mainEntityOfPage\":{\"@id\":\"https:\\\/\\\/noticiasmercedinas.com\\\/site\\\/2026\\\/04\\\/29\\\/localidad-de-agote-celebra-el-1-de-mayo-con-la-maraton-que-nadie-se-agote\\\/\"},\"wordCount\":316,\"publisher\":{\"@id\":\"https:\\\/\\\/noticiasmercedinas.com\\\/site\\\/#organization\"},\"image\":{\"@id\":\"https:\\\/\\\/noticiasmercedinas.com\\\/site\\\/2026\\\/04\\\/29\\\/localidad-de-agote-celebra-el-1-de-mayo-con-la-maraton-que-nadie-se-agote\\\/#primaryimage\"},\"thumbnailUrl\":\"https:\\\/\\\/noticiasmercedinas.com\\\/site\\\/wp-content\\\/uploads\\\/2026\\\/04\\\/IMG-20260429-WA0058.jpg\",\"keywords\":[\"agote\",\"maraton\"],\"articleSection\":[\"Deportes\"],\"inLanguage\":\"es\"},{\"@type\":\"WebPage\",\"@id\":\"https:\\\/\\\/noticiasmercedinas.com\\\/site\\\/2026\\\/04\\\/29\\\/localidad-de-agote-celebra-el-1-de-mayo-con-la-maraton-que-nadie-se-agote\\\/\",\"url\":\"https:\\\/\\\/noticiasmercedinas.com\\\/site\\\/2026\\\/04\\\/29\\\/localidad-de-agote-celebra-el-1-de-mayo-con-la-maraton-que-nadie-se-agote\\\/\",\"name\":\"Localidad de Agote celebra el 1\u00b0 de mayo con la marat\u00f3n \\\"Que nadie se Agote\\\"\u00a0\",\"isPartOf\":{\"@id\":\"https:\\\/\\\/noticiasmercedinas.com\\\/site\\\/#website\"},\"primaryImageOfPage\":{\"@id\":\"https:\\\/\\\/noticiasmercedinas.com\\\/site\\\/2026\\\/04\\\/29\\\/localidad-de-agote-celebra-el-1-de-mayo-con-la-maraton-que-nadie-se-agote\\\/#primaryimage\"},\"image\":{\"@id\":\"https:\\\/\\\/noticiasmercedinas.com\\\/site\\\/2026\\\/04\\\/29\\\/localidad-de-agote-celebra-el-1-de-mayo-con-la-maraton-que-nadie-se-agote\\\/#primaryimage\"},\"thumbnailUrl\":\"https:\\\/\\\/noticiasmercedinas.com\\\/site\\\/wp-content\\\/uploads\\\/2026\\\/04\\\/IMG-20260429-WA0058.jpg\",\"datePublished\":\"2026-04-30T00:41:53+00:00\",\"description\":\"La jornada deportiva, que debi\u00f3 postergarse en marzo, coincidir\u00e1 con los festejos por el D\u00eda del Trabajador. La entrada ser\u00e1 libre y gratuita en el predio del Arraigo.\",\"breadcrumb\":{\"@id\":\"https:\\\/\\\/noticiasmercedinas.com\\\/site\\\/2026\\\/04\\\/29\\\/localidad-de-agote-celebra-el-1-de-mayo-con-la-maraton-que-nadie-se-agote\\\/#breadcrumb\"},\"inLanguage\":\"es\",\"potentialAction\":[{\"@type\":\"ReadAction\",\"target\":[\"https:\\\/\\\/noticiasmercedinas.com\\\/site\\\/2026\\\/04\\\/29\\\/localidad-de-agote-celebra-el-1-de-mayo-con-la-maraton-que-nadie-se-agote\\\/\"]}]},{\"@type\":\"ImageObject\",\"inLanguage\":\"es\",\"@id\":\"https:\\\/\\\/noticiasmercedinas.com\\\/site\\\/2026\\\/04\\\/29\\\/localidad-de-agote-celebra-el-1-de-mayo-con-la-maraton-que-nadie-se-agote\\\/#primaryimage\",\"url\":\"https:\\\/\\\/noticiasmercedinas.com\\\/site\\\/wp-content\\\/uploads\\\/2026\\\/04\\\/IMG-20260429-WA0058.jpg\",\"contentUrl\":\"https:\\\/\\\/noticiasmercedinas.com\\\/site\\\/wp-content\\\/uploads\\\/2026\\\/04\\\/IMG-20260429-WA0058.jpg\",\"width\":640,\"height\":427},{\"@type\":\"BreadcrumbList\",\"@id\":\"https:\\\/\\\/noticiasmercedinas.com\\\/site\\\/2026\\\/04\\\/29\\\/localidad-de-agote-celebra-el-1-de-mayo-con-la-maraton-que-nadie-se-agote\\\/#breadcrumb\",\"itemListElement\":[{\"@type\":\"ListItem\",\"position\":1,\"name\":\"Portada\",\"item\":\"https:\\\/\\\/noticiasmercedinas.com\\\/site\\\/\"},{\"@type\":\"ListItem\",\"position\":2,\"name\":\"Localidad de Agote celebra el 1\u00b0 de mayo con la marat\u00f3n \u00abQue nadie se Agote\u00bb\u00a0\"}]},{\"@type\":\"WebSite\",\"@id\":\"https:\\\/\\\/noticiasmercedinas.com\\\/site\\\/#website\",\"url\":\"https:\\\/\\\/noticiasmercedinas.com\\\/site\\\/\",\"name\":\"NOTICIASMERCEDINAS.COM\",\"description\":\"Mercedes, Buenos Aires, Argentina\",\"publisher\":{\"@id\":\"https:\\\/\\\/noticiasmercedinas.com\\\/site\\\/#organization\"},\"potentialAction\":[{\"@type\":\"SearchAction\",\"target\":{\"@type\":\"EntryPoint\",\"urlTemplate\":\"https:\\\/\\\/noticiasmercedinas.com\\\/site\\\/?s={search_term_string}\"},\"query-input\":{\"@type\":\"PropertyValueSpecification\",\"valueRequired\":true,\"valueName\":\"search_term_string\"}}],\"inLanguage\":\"es\"},{\"@type\":\"Organization\",\"@id\":\"https:\\\/\\\/noticiasmercedinas.com\\\/site\\\/#organization\",\"name\":\"NOTICIASMERCEDINAS.COM\",\"url\":\"https:\\\/\\\/noticiasmercedinas.com\\\/site\\\/\",\"logo\":{\"@type\":\"ImageObject\",\"inLanguage\":\"es\",\"@id\":\"https:\\\/\\\/noticiasmercedinas.com\\\/site\\\/#\\\/schema\\\/logo\\\/image\\\/\",\"url\":\"https:\\\/\\\/noticiasmercedinas.com\\\/site\\\/wp-content\\\/uploads\\\/2020\\\/06\\\/LOGO-512.jpg\",\"contentUrl\":\"https:\\\/\\\/noticiasmercedinas.com\\\/site\\\/wp-content\\\/uploads\\\/2020\\\/06\\\/LOGO-512.jpg\",\"width\":512,\"height\":512,\"caption\":\"NOTICIASMERCEDINAS.COM\"},\"image\":{\"@id\":\"https:\\\/\\\/noticiasmercedinas.com\\\/site\\\/#\\\/schema\\\/logo\\\/image\\\/\"},\"sameAs\":[\"https:\\\/\\\/www.facebook.com\\\/noticiasmercedinas\\\/\",\"https:\\\/\\\/x.com\\\/notmercedinas\",\"https:\\\/\\\/www.instagram.com\\\/noticiasmercedinas\\\/\"]},{\"@type\":\"Person\",\"@id\":\"https:\\\/\\\/noticiasmercedinas.com\\\/site\\\/#\\\/schema\\\/person\\\/84b59c099c28ff2e8b77d4ceec5d8063\",\"name\":\"NOTICIASMERCEDINAS.COM\",\"image\":{\"@type\":\"ImageObject\",\"inLanguage\":\"es\",\"@id\":\"https:\\\/\\\/secure.gravatar.com\\\/avatar\\\/4dfbf16b4d17945bfb6341b2d19043457132fcf478a5ee04f42e959fd8f5df0a?s=96&d=mm&r=g\",\"url\":\"https:\\\/\\\/secure.gravatar.com\\\/avatar\\\/4dfbf16b4d17945bfb6341b2d19043457132fcf478a5ee04f42e959fd8f5df0a?s=96&d=mm&r=g\",\"contentUrl\":\"https:\\\/\\\/secure.gravatar.com\\\/avatar\\\/4dfbf16b4d17945bfb6341b2d19043457132fcf478a5ee04f42e959fd8f5df0a?s=96&d=mm&r=g\",\"caption\":\"NOTICIASMERCEDINAS.COM\"},\"url\":\"https:\\\/\\\/noticiasmercedinas.com\\\/site\\\/author\\\/anonimo\\\/\"}]}<\/script>\n<!-- \/ Yoast SEO plugin. -->","yoast_head_json":{"title":"Localidad de Agote celebra el 1\u00b0 de mayo con la marat\u00f3n \"Que nadie se Agote\"\u00a0","description":"La jornada deportiva, que debi\u00f3 postergarse en marzo, coincidir\u00e1 con los festejos por el D\u00eda del Trabajador. La entrada ser\u00e1 libre y gratuita en el predio del Arraigo.","robots":{"index":"index","follow":"follow","max-snippet":"max-snippet:-1","max-image-preview":"max-image-preview:large","max-video-preview":"max-video-preview:-1"},"canonical":"https:\/\/noticiasmercedinas.com\/site\/2026\/04\/29\/localidad-de-agote-celebra-el-1-de-mayo-con-la-maraton-que-nadie-se-agote\/","og_locale":"es_ES","og_type":"article","og_title":"Localidad de Agote celebra el 1\u00b0 de mayo con la marat\u00f3n \"Que nadie se Agote\"\u00a0","og_description":"La jornada deportiva, que debi\u00f3 postergarse en marzo, coincidir\u00e1 con los festejos por el D\u00eda del Trabajador. La entrada ser\u00e1 libre y gratuita en el predio del Arraigo.","og_url":"https:\/\/noticiasmercedinas.com\/site\/2026\/04\/29\/localidad-de-agote-celebra-el-1-de-mayo-con-la-maraton-que-nadie-se-agote\/","og_site_name":"NOTICIASMERCEDINAS.COM","article_publisher":"https:\/\/www.facebook.com\/noticiasmercedinas\/","article_published_time":"2026-04-30T00:41:53+00:00","og_image":[{"width":640,"height":427,"url":"https:\/\/noticiasmercedinas.com\/site\/wp-content\/uploads\/2026\/04\/IMG-20260429-WA0058.jpg","type":"image\/jpeg"}],"author":"NOTICIASMERCEDINAS.COM","twitter_card":"summary_large_image","twitter_creator":"@notmercedinas","twitter_site":"@notmercedinas","twitter_misc":{"Escrito por":"NOTICIASMERCEDINAS.COM","Tiempo de lectura":"2 minutos"},"schema":{"@context":"https:\/\/schema.org","@graph":[{"@type":"Article","@id":"https:\/\/noticiasmercedinas.com\/site\/2026\/04\/29\/localidad-de-agote-celebra-el-1-de-mayo-con-la-maraton-que-nadie-se-agote\/#article","isPartOf":{"@id":"https:\/\/noticiasmercedinas.com\/site\/2026\/04\/29\/localidad-de-agote-celebra-el-1-de-mayo-con-la-maraton-que-nadie-se-agote\/"},"author":{"name":"NOTICIASMERCEDINAS.COM","@id":"https:\/\/noticiasmercedinas.com\/site\/#\/schema\/person\/84b59c099c28ff2e8b77d4ceec5d8063"},"headline":"Localidad de Agote celebra el 1\u00b0 de mayo con la marat\u00f3n \u00abQue nadie se Agote\u00bb\u00a0","datePublished":"2026-04-30T00:41:53+00:00","mainEntityOfPage":{"@id":"https:\/\/noticiasmercedinas.com\/site\/2026\/04\/29\/localidad-de-agote-celebra-el-1-de-mayo-con-la-maraton-que-nadie-se-agote\/"},"wordCount":316,"publisher":{"@id":"https:\/\/noticiasmercedinas.com\/site\/#organization"},"image":{"@id":"https:\/\/noticiasmercedinas.com\/site\/2026\/04\/29\/localidad-de-agote-celebra-el-1-de-mayo-con-la-maraton-que-nadie-se-agote\/#primaryimage"},"thumbnailUrl":"https:\/\/noticiasmercedinas.com\/site\/wp-content\/uploads\/2026\/04\/IMG-20260429-WA0058.jpg","keywords":["agote","maraton"],"articleSection":["Deportes"],"inLanguage":"es"},{"@type":"WebPage","@id":"https:\/\/noticiasmercedinas.com\/site\/2026\/04\/29\/localidad-de-agote-celebra-el-1-de-mayo-con-la-maraton-que-nadie-se-agote\/","url":"https:\/\/noticiasmercedinas.com\/site\/2026\/04\/29\/localidad-de-agote-celebra-el-1-de-mayo-con-la-maraton-que-nadie-se-agote\/","name":"Localidad de Agote celebra el 1\u00b0 de mayo con la marat\u00f3n \"Que nadie se Agote\"\u00a0","isPartOf":{"@id":"https:\/\/noticiasmercedinas.com\/site\/#website"},"primaryImageOfPage":{"@id":"https:\/\/noticiasmercedinas.com\/site\/2026\/04\/29\/localidad-de-agote-celebra-el-1-de-mayo-con-la-maraton-que-nadie-se-agote\/#primaryimage"},"image":{"@id":"https:\/\/noticiasmercedinas.com\/site\/2026\/04\/29\/localidad-de-agote-celebra-el-1-de-mayo-con-la-maraton-que-nadie-se-agote\/#primaryimage"},"thumbnailUrl":"https:\/\/noticiasmercedinas.com\/site\/wp-content\/uploads\/2026\/04\/IMG-20260429-WA0058.jpg","datePublished":"2026-04-30T00:41:53+00:00","description":"La jornada deportiva, que debi\u00f3 postergarse en marzo, coincidir\u00e1 con los festejos por el D\u00eda del Trabajador. La entrada ser\u00e1 libre y gratuita en el predio del Arraigo.","breadcrumb":{"@id":"https:\/\/noticiasmercedinas.com\/site\/2026\/04\/29\/localidad-de-agote-celebra-el-1-de-mayo-con-la-maraton-que-nadie-se-agote\/#breadcrumb"},"inLanguage":"es","potentialAction":[{"@type":"ReadAction","target":["https:\/\/noticiasmercedinas.com\/site\/2026\/04\/29\/localidad-de-agote-celebra-el-1-de-mayo-con-la-maraton-que-nadie-se-agote\/"]}]},{"@type":"ImageObject","inLanguage":"es","@id":"https:\/\/noticiasmercedinas.com\/site\/2026\/04\/29\/localidad-de-agote-celebra-el-1-de-mayo-con-la-maraton-que-nadie-se-agote\/#primaryimage","url":"https:\/\/noticiasmercedinas.com\/site\/wp-content\/uploads\/2026\/04\/IMG-20260429-WA0058.jpg","contentUrl":"https:\/\/noticiasmercedinas.com\/site\/wp-content\/uploads\/2026\/04\/IMG-20260429-WA0058.jpg","width":640,"height":427},{"@type":"BreadcrumbList","@id":"https:\/\/noticiasmercedinas.com\/site\/2026\/04\/29\/localidad-de-agote-celebra-el-1-de-mayo-con-la-maraton-que-nadie-se-agote\/#breadcrumb","itemListElement":[{"@type":"ListItem","position":1,"name":"Portada","item":"https:\/\/noticiasmercedinas.com\/site\/"},{"@type":"ListItem","position":2,"name":"Localidad de Agote celebra el 1\u00b0 de mayo con la marat\u00f3n \u00abQue nadie se Agote\u00bb\u00a0"}]},{"@type":"WebSite","@id":"https:\/\/noticiasmercedinas.com\/site\/#website","url":"https:\/\/noticiasmercedinas.com\/site\/","name":"NOTICIASMERCEDINAS.COM","description":"Mercedes, Buenos Aires, Argentina","publisher":{"@id":"https:\/\/noticiasmercedinas.com\/site\/#organization"},"potentialAction":[{"@type":"SearchAction","target":{"@type":"EntryPoint","urlTemplate":"https:\/\/noticiasmercedinas.com\/site\/?s={search_term_string}"},"query-input":{"@type":"PropertyValueSpecification","valueRequired":true,"valueName":"search_term_string"}}],"inLanguage":"es"},{"@type":"Organization","@id":"https:\/\/noticiasmercedinas.com\/site\/#organization","name":"NOTICIASMERCEDINAS.COM","url":"https:\/\/noticiasmercedinas.com\/site\/","logo":{"@type":"ImageObject","inLanguage":"es","@id":"https:\/\/noticiasmercedinas.com\/site\/#\/schema\/logo\/image\/","url":"https:\/\/noticiasmercedinas.com\/site\/wp-content\/uploads\/2020\/06\/LOGO-512.jpg","contentUrl":"https:\/\/noticiasmercedinas.com\/site\/wp-content\/uploads\/2020\/06\/LOGO-512.jpg","width":512,"height":512,"caption":"NOTICIASMERCEDINAS.COM"},"image":{"@id":"https:\/\/noticiasmercedinas.com\/site\/#\/schema\/logo\/image\/"},"sameAs":["https:\/\/www.facebook.com\/noticiasmercedinas\/","https:\/\/x.com\/notmercedinas","https:\/\/www.instagram.com\/noticiasmercedinas\/"]},{"@type":"Person","@id":"https:\/\/noticiasmercedinas.com\/site\/#\/schema\/person\/84b59c099c28ff2e8b77d4ceec5d8063","name":"NOTICIASMERCEDINAS.COM","image":{"@type":"ImageObject","inLanguage":"es","@id":"https:\/\/secure.gravatar.com\/avatar\/4dfbf16b4d17945bfb6341b2d19043457132fcf478a5ee04f42e959fd8f5df0a?s=96&d=mm&r=g","url":"https:\/\/secure.gravatar.com\/avatar\/4dfbf16b4d17945bfb6341b2d19043457132fcf478a5ee04f42e959fd8f5df0a?s=96&d=mm&r=g","contentUrl":"https:\/\/secure.gravatar.com\/avatar\/4dfbf16b4d17945bfb6341b2d19043457132fcf478a5ee04f42e959fd8f5df0a?s=96&d=mm&r=g","caption":"NOTICIASMERCEDINAS.COM"},"url":"https:\/\/noticiasmercedinas.com\/site\/author\/anonimo\/"}]}},"amp_enabled":true,"_links":{"self":[{"href":"https:\/\/noticiasmercedinas.com\/site\/wp-json\/wp\/v2\/posts\/185418","targetHints":{"allow":["GET"]}}],"collection":[{"href":"https:\/\/noticiasmercedinas.com\/site\/wp-json\/wp\/v2\/posts"}],"about":[{"href":"https:\/\/noticiasmercedinas.com\/site\/wp-json\/wp\/v2\/types\/post"}],"author":[{"embeddable":true,"href":"https:\/\/noticiasmercedinas.com\/site\/wp-json\/wp\/v2\/users\/16"}],"replies":[{"embeddable":true,"href":"https:\/\/noticiasmercedinas.com\/site\/wp-json\/wp\/v2\/comments?post=185418"}],"version-history":[{"count":2,"href":"https:\/\/noticiasmercedinas.com\/site\/wp-json\/wp\/v2\/posts\/185418\/revisions"}],"predecessor-version":[{"id":185421,"href":"https:\/\/noticiasmercedinas.com\/site\/wp-json\/wp\/v2\/posts\/185418\/revisions\/185421"}],"wp:featuredmedia":[{"embeddable":true,"href":"https:\/\/noticiasmercedinas.com\/site\/wp-json\/wp\/v2\/media\/185420"}],"wp:attachment":[{"href":"https:\/\/noticiasmercedinas.com\/site\/wp-json\/wp\/v2\/media?parent=185418"}],"wp:term":[{"taxonomy":"category","embeddable":true,"href":"https:\/\/noticiasmercedinas.com\/site\/wp-json\/wp\/v2\/categories?post=185418"},{"taxonomy":"post_tag","embeddable":true,"href":"https:\/\/noticiasmercedinas.com\/site\/wp-json\/wp\/v2\/tags?post=185418"}],"curies":[{"name":"wp","href":"https:\/\/api.w.org\/{rel}","templated":true}]}}