{"id":185422,"date":"2026-04-29T23:00:32","date_gmt":"2026-04-30T02:00:32","guid":{"rendered":"https:\/\/noticiasmercedinas.com\/site\/?p=185422"},"modified":"2026-04-29T23:00:32","modified_gmt":"2026-04-30T02:00:32","slug":"encuentro-de-cooperadoras-escolares-para-el-presupuesto-participativo-2026","status":"publish","type":"post","link":"https:\/\/noticiasmercedinas.com\/site\/2026\/04\/29\/encuentro-de-cooperadoras-escolares-para-el-presupuesto-participativo-2026\/","title":{"rendered":"Encuentro de cooperadoras escolares para el Presupuesto Participativo 2026"},"content":{"rendered":"<p><img loading=\"lazy\" decoding=\"async\" class=\"alignnone size-full wp-image-185423\" src=\"https:\/\/noticiasmercedinas.com\/site\/wp-content\/uploads\/2026\/04\/CE.jpg\" alt=\"\" width=\"1600\" height=\"809\" srcset=\"https:\/\/noticiasmercedinas.com\/site\/wp-content\/uploads\/2026\/04\/CE.jpg 1600w, https:\/\/noticiasmercedinas.com\/site\/wp-content\/uploads\/2026\/04\/CE-300x152.jpg 300w, https:\/\/noticiasmercedinas.com\/site\/wp-content\/uploads\/2026\/04\/CE-1024x518.jpg 1024w, https:\/\/noticiasmercedinas.com\/site\/wp-content\/uploads\/2026\/04\/CE-768x388.jpg 768w, https:\/\/noticiasmercedinas.com\/site\/wp-content\/uploads\/2026\/04\/CE-1536x777.jpg 1536w, https:\/\/noticiasmercedinas.com\/site\/wp-content\/uploads\/2026\/04\/CE-640x324.jpg 640w, https:\/\/noticiasmercedinas.com\/site\/wp-content\/uploads\/2026\/04\/CE-1280x647.jpg 1280w, https:\/\/noticiasmercedinas.com\/site\/wp-content\/uploads\/2026\/04\/CE-681x344.jpg 681w, https:\/\/noticiasmercedinas.com\/site\/wp-content\/uploads\/2026\/04\/CE-1362x689.jpg 1362w\" sizes=\"auto, (max-width: 1600px) 100vw, 1600px\" \/><\/p>\n<p>Con miras a otro a\u00f1o de trabajo junto a las comunidades educativas, el intendente Juani Ustarroz y el secretario de Educaci\u00f3n, Jos\u00e9 Luis Pisano, encabezaron el encuentro para la implementaci\u00f3n a trav\u00e9s de las cooperadoras escolares del Presupuesto Participativo 2026.<\/p>\n<p>Durante el evento se brind\u00f3 capacitaci\u00f3n sobre asambleas anuales y se invit\u00f3 a las instituciones a participar en la creaci\u00f3n de un nuevo C\u00f3digo de \u00c9tica y Transparencia local.<\/p>\n<p>En una jornada marcada por la articulaci\u00f3n institucional, las instalaciones del Mart\u00edn Rodr\u00edguez fueron sede del primer encuentro del a\u00f1o entre cooperadoras escolares, el Municipio, el Consejo Escolar, la Jefatura Distrital y la Federaci\u00f3n de Cooperadoras. El objetivo central fue establecer las nuevas pautas y cronogramas para el Presupuesto Participativo de Cooperadoras Escolares 2026.<\/p>\n<p>Estuvieron presentes el inspector distrital, Cristian Ponce, la presidenta del Consejo Escolar, Maguy Oliva y la consejera Ver\u00f3nica Negro.<\/p>\n<p>Ustarroz destac\u00f3 la \u201cimportancia de generar procesos de decisi\u00f3n colectiva, destinando recursos e intervenciones en los aspectos que cada comunidad, deliberativa y democr\u00e1ticamente, deciden\u201d habiendo \u201ctenido una excelente experiencia el a\u00f1o pasado, realmente destacable\u201d.<\/p>\n<p>El encuentro puso especial \u00e9nfasis en las asambleas anuales que las cooperadoras deben llevar adelante obligatoriamente durante el mes de mayo. En este sentido, se brind\u00f3 una capacitaci\u00f3n espec\u00edfica sobre la documentaci\u00f3n y los procedimientos necesarios para regularizar la situaci\u00f3n de cada entidad.<\/p>\n<p>Jos\u00e9 Luis Pisano destac\u00f3 que el nuevo cronograma del presupuesto participativo incorpora aprendizajes de ediciones anteriores para optimizar el proceso. Cabe recordar que el a\u00f1o pasado el programa cerr\u00f3 con un \u00e9xito rotundo: 46 proyectos ejecutados y una inversi\u00f3n cercana a los 200 millones de pesos.<\/p>\n<p>\u00abEs fundamental el rol de los integrantes de las cooperadoras, quienes gestionan y manejan recursos p\u00fablicos de forma directa\u00bb, se\u00f1al\u00f3 el secretario de Educaci\u00f3n, subrayando que este manejo requiere de herramientas t\u00e9cnicas y un compromiso constante.<\/p>\n<p>Un punto clave de la jornada fue el reconocimiento a la transparencia en la ejecuci\u00f3n de fondos. Pisano transmiti\u00f3 el mensaje del Intendente, quien no solo destac\u00f3 la prolijidad administrativa de las cooperadoras, sino que tambi\u00e9n lanz\u00f3 una convocatoria ambiciosa: sumar a las instituciones educativas a la construcci\u00f3n colectiva de un nuevo C\u00f3digo de \u00c9tica y Transparencia para la ciudad.<\/p>\n<p>\u00abLa participaci\u00f3n de la comunidad en las instituciones a trav\u00e9s de las cooperadoras es central a la hora de discutir la transparencia y la \u00e9tica en la funci\u00f3n p\u00fablica\u00bb, afirm\u00f3 Pisano. De este modo, se busca que las cooperadoras no solo sean ejecutoras de proyectos edilicios o pedag\u00f3gicos, sino que formen parte activa del di\u00e1logo ciudadano que se desarrollar\u00e1 durante todo el 2026.<\/p>\n<p>Con esta primera reuni\u00f3n, el municipio reafirma su compromiso con la educaci\u00f3n p\u00fablica y la participaci\u00f3n ciudadana, estableciendo una hoja de ruta clara para el financiamiento de proyectos escolares a trav\u00e9s del consenso y la transparencia.<\/p>\n","protected":false},"excerpt":{"rendered":"<p>\u25a0 En la jornada se brind\u00f3 capacitaci\u00f3n sobre asambleas anuales y se invit\u00f3 a las instituciones a participar en la creaci\u00f3n de un nuevo C\u00f3digo de \u00c9tica y Transparencia local.<\/p>\n","protected":false},"author":16,"featured_media":185423,"comment_status":"closed","ping_status":"closed","sticky":false,"template":"","format":"standard","meta":{"footnotes":""},"categories":[3],"tags":[6455,2551],"class_list":["post-185422","post","type-post","status-publish","format-standard","has-post-thumbnail","hentry","category-sociedad","tag-cooperadoras","tag-presupuesto-participativo"],"yoast_head":"<!-- This site is optimized with the Yoast SEO plugin v27.5 - https:\/\/yoast.com\/product\/yoast-seo-wordpress\/ -->\n<title>Encuentro de cooperadoras escolares para el Presupuesto Participativo 2026<\/title>\n<meta name=\"description\" content=\"En la jornada se brind\u00f3 capacitaci\u00f3n sobre asambleas anuales y se invit\u00f3 a las instituciones a participar en la creaci\u00f3n de un nuevo C\u00f3digo de \u00c9tica y Transparencia local.\" \/>\n<meta name=\"robots\" content=\"index, follow, max-snippet:-1, max-image-preview:large, max-video-preview:-1\" \/>\n<link rel=\"canonical\" href=\"https:\/\/noticiasmercedinas.com\/site\/2026\/04\/29\/encuentro-de-cooperadoras-escolares-para-el-presupuesto-participativo-2026\/\" \/>\n<meta property=\"og:locale\" content=\"es_ES\" \/>\n<meta property=\"og:type\" content=\"article\" \/>\n<meta property=\"og:title\" content=\"Encuentro de cooperadoras escolares para el Presupuesto Participativo 2026\" \/>\n<meta property=\"og:description\" content=\"En la jornada se brind\u00f3 capacitaci\u00f3n sobre asambleas anuales y se invit\u00f3 a las instituciones a participar en la creaci\u00f3n de un nuevo C\u00f3digo de \u00c9tica y Transparencia local.\" \/>\n<meta property=\"og:url\" content=\"https:\/\/noticiasmercedinas.com\/site\/2026\/04\/29\/encuentro-de-cooperadoras-escolares-para-el-presupuesto-participativo-2026\/\" \/>\n<meta property=\"og:site_name\" content=\"NOTICIASMERCEDINAS.COM\" \/>\n<meta property=\"article:publisher\" content=\"https:\/\/www.facebook.com\/noticiasmercedinas\/\" \/>\n<meta property=\"article:published_time\" content=\"2026-04-30T02:00:32+00:00\" \/>\n<meta property=\"og:image\" content=\"https:\/\/noticiasmercedinas.com\/site\/wp-content\/uploads\/2026\/04\/CE.jpg\" \/>\n\t<meta property=\"og:image:width\" content=\"1600\" \/>\n\t<meta property=\"og:image:height\" content=\"809\" \/>\n\t<meta property=\"og:image:type\" content=\"image\/jpeg\" \/>\n<meta name=\"author\" content=\"NOTICIASMERCEDINAS.COM\" \/>\n<meta name=\"twitter:card\" content=\"summary_large_image\" \/>\n<meta name=\"twitter:creator\" content=\"@notmercedinas\" \/>\n<meta name=\"twitter:site\" content=\"@notmercedinas\" \/>\n<meta name=\"twitter:label1\" content=\"Escrito por\" \/>\n\t<meta name=\"twitter:data1\" content=\"NOTICIASMERCEDINAS.COM\" \/>\n\t<meta name=\"twitter:label2\" content=\"Tiempo de lectura\" \/>\n\t<meta name=\"twitter:data2\" content=\"3 minutos\" \/>\n<script type=\"application\/ld+json\" class=\"yoast-schema-graph\">{\"@context\":\"https:\\\/\\\/schema.org\",\"@graph\":[{\"@type\":\"Article\",\"@id\":\"https:\\\/\\\/noticiasmercedinas.com\\\/site\\\/2026\\\/04\\\/29\\\/encuentro-de-cooperadoras-escolares-para-el-presupuesto-participativo-2026\\\/#article\",\"isPartOf\":{\"@id\":\"https:\\\/\\\/noticiasmercedinas.com\\\/site\\\/2026\\\/04\\\/29\\\/encuentro-de-cooperadoras-escolares-para-el-presupuesto-participativo-2026\\\/\"},\"author\":{\"name\":\"NOTICIASMERCEDINAS.COM\",\"@id\":\"https:\\\/\\\/noticiasmercedinas.com\\\/site\\\/#\\\/schema\\\/person\\\/84b59c099c28ff2e8b77d4ceec5d8063\"},\"headline\":\"Encuentro de cooperadoras escolares para el Presupuesto Participativo 2026\",\"datePublished\":\"2026-04-30T02:00:32+00:00\",\"mainEntityOfPage\":{\"@id\":\"https:\\\/\\\/noticiasmercedinas.com\\\/site\\\/2026\\\/04\\\/29\\\/encuentro-de-cooperadoras-escolares-para-el-presupuesto-participativo-2026\\\/\"},\"wordCount\":504,\"publisher\":{\"@id\":\"https:\\\/\\\/noticiasmercedinas.com\\\/site\\\/#organization\"},\"image\":{\"@id\":\"https:\\\/\\\/noticiasmercedinas.com\\\/site\\\/2026\\\/04\\\/29\\\/encuentro-de-cooperadoras-escolares-para-el-presupuesto-participativo-2026\\\/#primaryimage\"},\"thumbnailUrl\":\"https:\\\/\\\/noticiasmercedinas.com\\\/site\\\/wp-content\\\/uploads\\\/2026\\\/04\\\/CE.jpg\",\"keywords\":[\"cooperadoras\",\"presupuesto participativo\"],\"articleSection\":[\"Sociedad\"],\"inLanguage\":\"es\"},{\"@type\":\"WebPage\",\"@id\":\"https:\\\/\\\/noticiasmercedinas.com\\\/site\\\/2026\\\/04\\\/29\\\/encuentro-de-cooperadoras-escolares-para-el-presupuesto-participativo-2026\\\/\",\"url\":\"https:\\\/\\\/noticiasmercedinas.com\\\/site\\\/2026\\\/04\\\/29\\\/encuentro-de-cooperadoras-escolares-para-el-presupuesto-participativo-2026\\\/\",\"name\":\"Encuentro de cooperadoras escolares para el Presupuesto Participativo 2026\",\"isPartOf\":{\"@id\":\"https:\\\/\\\/noticiasmercedinas.com\\\/site\\\/#website\"},\"primaryImageOfPage\":{\"@id\":\"https:\\\/\\\/noticiasmercedinas.com\\\/site\\\/2026\\\/04\\\/29\\\/encuentro-de-cooperadoras-escolares-para-el-presupuesto-participativo-2026\\\/#primaryimage\"},\"image\":{\"@id\":\"https:\\\/\\\/noticiasmercedinas.com\\\/site\\\/2026\\\/04\\\/29\\\/encuentro-de-cooperadoras-escolares-para-el-presupuesto-participativo-2026\\\/#primaryimage\"},\"thumbnailUrl\":\"https:\\\/\\\/noticiasmercedinas.com\\\/site\\\/wp-content\\\/uploads\\\/2026\\\/04\\\/CE.jpg\",\"datePublished\":\"2026-04-30T02:00:32+00:00\",\"description\":\"En la jornada se brind\u00f3 capacitaci\u00f3n sobre asambleas anuales y se invit\u00f3 a las instituciones a participar en la creaci\u00f3n de un nuevo C\u00f3digo de \u00c9tica y Transparencia local.\",\"breadcrumb\":{\"@id\":\"https:\\\/\\\/noticiasmercedinas.com\\\/site\\\/2026\\\/04\\\/29\\\/encuentro-de-cooperadoras-escolares-para-el-presupuesto-participativo-2026\\\/#breadcrumb\"},\"inLanguage\":\"es\",\"potentialAction\":[{\"@type\":\"ReadAction\",\"target\":[\"https:\\\/\\\/noticiasmercedinas.com\\\/site\\\/2026\\\/04\\\/29\\\/encuentro-de-cooperadoras-escolares-para-el-presupuesto-participativo-2026\\\/\"]}]},{\"@type\":\"ImageObject\",\"inLanguage\":\"es\",\"@id\":\"https:\\\/\\\/noticiasmercedinas.com\\\/site\\\/2026\\\/04\\\/29\\\/encuentro-de-cooperadoras-escolares-para-el-presupuesto-participativo-2026\\\/#primaryimage\",\"url\":\"https:\\\/\\\/noticiasmercedinas.com\\\/site\\\/wp-content\\\/uploads\\\/2026\\\/04\\\/CE.jpg\",\"contentUrl\":\"https:\\\/\\\/noticiasmercedinas.com\\\/site\\\/wp-content\\\/uploads\\\/2026\\\/04\\\/CE.jpg\",\"width\":1600,\"height\":809},{\"@type\":\"BreadcrumbList\",\"@id\":\"https:\\\/\\\/noticiasmercedinas.com\\\/site\\\/2026\\\/04\\\/29\\\/encuentro-de-cooperadoras-escolares-para-el-presupuesto-participativo-2026\\\/#breadcrumb\",\"itemListElement\":[{\"@type\":\"ListItem\",\"position\":1,\"name\":\"Portada\",\"item\":\"https:\\\/\\\/noticiasmercedinas.com\\\/site\\\/\"},{\"@type\":\"ListItem\",\"position\":2,\"name\":\"Encuentro de cooperadoras escolares para el Presupuesto Participativo 2026\"}]},{\"@type\":\"WebSite\",\"@id\":\"https:\\\/\\\/noticiasmercedinas.com\\\/site\\\/#website\",\"url\":\"https:\\\/\\\/noticiasmercedinas.com\\\/site\\\/\",\"name\":\"NOTICIASMERCEDINAS.COM\",\"description\":\"Mercedes, Buenos Aires, Argentina\",\"publisher\":{\"@id\":\"https:\\\/\\\/noticiasmercedinas.com\\\/site\\\/#organization\"},\"potentialAction\":[{\"@type\":\"SearchAction\",\"target\":{\"@type\":\"EntryPoint\",\"urlTemplate\":\"https:\\\/\\\/noticiasmercedinas.com\\\/site\\\/?s={search_term_string}\"},\"query-input\":{\"@type\":\"PropertyValueSpecification\",\"valueRequired\":true,\"valueName\":\"search_term_string\"}}],\"inLanguage\":\"es\"},{\"@type\":\"Organization\",\"@id\":\"https:\\\/\\\/noticiasmercedinas.com\\\/site\\\/#organization\",\"name\":\"NOTICIASMERCEDINAS.COM\",\"url\":\"https:\\\/\\\/noticiasmercedinas.com\\\/site\\\/\",\"logo\":{\"@type\":\"ImageObject\",\"inLanguage\":\"es\",\"@id\":\"https:\\\/\\\/noticiasmercedinas.com\\\/site\\\/#\\\/schema\\\/logo\\\/image\\\/\",\"url\":\"https:\\\/\\\/noticiasmercedinas.com\\\/site\\\/wp-content\\\/uploads\\\/2020\\\/06\\\/LOGO-512.jpg\",\"contentUrl\":\"https:\\\/\\\/noticiasmercedinas.com\\\/site\\\/wp-content\\\/uploads\\\/2020\\\/06\\\/LOGO-512.jpg\",\"width\":512,\"height\":512,\"caption\":\"NOTICIASMERCEDINAS.COM\"},\"image\":{\"@id\":\"https:\\\/\\\/noticiasmercedinas.com\\\/site\\\/#\\\/schema\\\/logo\\\/image\\\/\"},\"sameAs\":[\"https:\\\/\\\/www.facebook.com\\\/noticiasmercedinas\\\/\",\"https:\\\/\\\/x.com\\\/notmercedinas\",\"https:\\\/\\\/www.instagram.com\\\/noticiasmercedinas\\\/\"]},{\"@type\":\"Person\",\"@id\":\"https:\\\/\\\/noticiasmercedinas.com\\\/site\\\/#\\\/schema\\\/person\\\/84b59c099c28ff2e8b77d4ceec5d8063\",\"name\":\"NOTICIASMERCEDINAS.COM\",\"image\":{\"@type\":\"ImageObject\",\"inLanguage\":\"es\",\"@id\":\"https:\\\/\\\/secure.gravatar.com\\\/avatar\\\/4dfbf16b4d17945bfb6341b2d19043457132fcf478a5ee04f42e959fd8f5df0a?s=96&d=mm&r=g\",\"url\":\"https:\\\/\\\/secure.gravatar.com\\\/avatar\\\/4dfbf16b4d17945bfb6341b2d19043457132fcf478a5ee04f42e959fd8f5df0a?s=96&d=mm&r=g\",\"contentUrl\":\"https:\\\/\\\/secure.gravatar.com\\\/avatar\\\/4dfbf16b4d17945bfb6341b2d19043457132fcf478a5ee04f42e959fd8f5df0a?s=96&d=mm&r=g\",\"caption\":\"NOTICIASMERCEDINAS.COM\"},\"url\":\"https:\\\/\\\/noticiasmercedinas.com\\\/site\\\/author\\\/anonimo\\\/\"}]}<\/script>\n<!-- \/ Yoast SEO plugin. -->","yoast_head_json":{"title":"Encuentro de cooperadoras escolares para el Presupuesto Participativo 2026","description":"En la jornada se brind\u00f3 capacitaci\u00f3n sobre asambleas anuales y se invit\u00f3 a las instituciones a participar en la creaci\u00f3n de un nuevo C\u00f3digo de \u00c9tica y Transparencia local.","robots":{"index":"index","follow":"follow","max-snippet":"max-snippet:-1","max-image-preview":"max-image-preview:large","max-video-preview":"max-video-preview:-1"},"canonical":"https:\/\/noticiasmercedinas.com\/site\/2026\/04\/29\/encuentro-de-cooperadoras-escolares-para-el-presupuesto-participativo-2026\/","og_locale":"es_ES","og_type":"article","og_title":"Encuentro de cooperadoras escolares para el Presupuesto Participativo 2026","og_description":"En la jornada se brind\u00f3 capacitaci\u00f3n sobre asambleas anuales y se invit\u00f3 a las instituciones a participar en la creaci\u00f3n de un nuevo C\u00f3digo de \u00c9tica y Transparencia local.","og_url":"https:\/\/noticiasmercedinas.com\/site\/2026\/04\/29\/encuentro-de-cooperadoras-escolares-para-el-presupuesto-participativo-2026\/","og_site_name":"NOTICIASMERCEDINAS.COM","article_publisher":"https:\/\/www.facebook.com\/noticiasmercedinas\/","article_published_time":"2026-04-30T02:00:32+00:00","og_image":[{"width":1600,"height":809,"url":"https:\/\/noticiasmercedinas.com\/site\/wp-content\/uploads\/2026\/04\/CE.jpg","type":"image\/jpeg"}],"author":"NOTICIASMERCEDINAS.COM","twitter_card":"summary_large_image","twitter_creator":"@notmercedinas","twitter_site":"@notmercedinas","twitter_misc":{"Escrito por":"NOTICIASMERCEDINAS.COM","Tiempo de lectura":"3 minutos"},"schema":{"@context":"https:\/\/schema.org","@graph":[{"@type":"Article","@id":"https:\/\/noticiasmercedinas.com\/site\/2026\/04\/29\/encuentro-de-cooperadoras-escolares-para-el-presupuesto-participativo-2026\/#article","isPartOf":{"@id":"https:\/\/noticiasmercedinas.com\/site\/2026\/04\/29\/encuentro-de-cooperadoras-escolares-para-el-presupuesto-participativo-2026\/"},"author":{"name":"NOTICIASMERCEDINAS.COM","@id":"https:\/\/noticiasmercedinas.com\/site\/#\/schema\/person\/84b59c099c28ff2e8b77d4ceec5d8063"},"headline":"Encuentro de cooperadoras escolares para el Presupuesto Participativo 2026","datePublished":"2026-04-30T02:00:32+00:00","mainEntityOfPage":{"@id":"https:\/\/noticiasmercedinas.com\/site\/2026\/04\/29\/encuentro-de-cooperadoras-escolares-para-el-presupuesto-participativo-2026\/"},"wordCount":504,"publisher":{"@id":"https:\/\/noticiasmercedinas.com\/site\/#organization"},"image":{"@id":"https:\/\/noticiasmercedinas.com\/site\/2026\/04\/29\/encuentro-de-cooperadoras-escolares-para-el-presupuesto-participativo-2026\/#primaryimage"},"thumbnailUrl":"https:\/\/noticiasmercedinas.com\/site\/wp-content\/uploads\/2026\/04\/CE.jpg","keywords":["cooperadoras","presupuesto participativo"],"articleSection":["Sociedad"],"inLanguage":"es"},{"@type":"WebPage","@id":"https:\/\/noticiasmercedinas.com\/site\/2026\/04\/29\/encuentro-de-cooperadoras-escolares-para-el-presupuesto-participativo-2026\/","url":"https:\/\/noticiasmercedinas.com\/site\/2026\/04\/29\/encuentro-de-cooperadoras-escolares-para-el-presupuesto-participativo-2026\/","name":"Encuentro de cooperadoras escolares para el Presupuesto Participativo 2026","isPartOf":{"@id":"https:\/\/noticiasmercedinas.com\/site\/#website"},"primaryImageOfPage":{"@id":"https:\/\/noticiasmercedinas.com\/site\/2026\/04\/29\/encuentro-de-cooperadoras-escolares-para-el-presupuesto-participativo-2026\/#primaryimage"},"image":{"@id":"https:\/\/noticiasmercedinas.com\/site\/2026\/04\/29\/encuentro-de-cooperadoras-escolares-para-el-presupuesto-participativo-2026\/#primaryimage"},"thumbnailUrl":"https:\/\/noticiasmercedinas.com\/site\/wp-content\/uploads\/2026\/04\/CE.jpg","datePublished":"2026-04-30T02:00:32+00:00","description":"En la jornada se brind\u00f3 capacitaci\u00f3n sobre asambleas anuales y se invit\u00f3 a las instituciones a participar en la creaci\u00f3n de un nuevo C\u00f3digo de \u00c9tica y Transparencia local.","breadcrumb":{"@id":"https:\/\/noticiasmercedinas.com\/site\/2026\/04\/29\/encuentro-de-cooperadoras-escolares-para-el-presupuesto-participativo-2026\/#breadcrumb"},"inLanguage":"es","potentialAction":[{"@type":"ReadAction","target":["https:\/\/noticiasmercedinas.com\/site\/2026\/04\/29\/encuentro-de-cooperadoras-escolares-para-el-presupuesto-participativo-2026\/"]}]},{"@type":"ImageObject","inLanguage":"es","@id":"https:\/\/noticiasmercedinas.com\/site\/2026\/04\/29\/encuentro-de-cooperadoras-escolares-para-el-presupuesto-participativo-2026\/#primaryimage","url":"https:\/\/noticiasmercedinas.com\/site\/wp-content\/uploads\/2026\/04\/CE.jpg","contentUrl":"https:\/\/noticiasmercedinas.com\/site\/wp-content\/uploads\/2026\/04\/CE.jpg","width":1600,"height":809},{"@type":"BreadcrumbList","@id":"https:\/\/noticiasmercedinas.com\/site\/2026\/04\/29\/encuentro-de-cooperadoras-escolares-para-el-presupuesto-participativo-2026\/#breadcrumb","itemListElement":[{"@type":"ListItem","position":1,"name":"Portada","item":"https:\/\/noticiasmercedinas.com\/site\/"},{"@type":"ListItem","position":2,"name":"Encuentro de cooperadoras escolares para el Presupuesto Participativo 2026"}]},{"@type":"WebSite","@id":"https:\/\/noticiasmercedinas.com\/site\/#website","url":"https:\/\/noticiasmercedinas.com\/site\/","name":"NOTICIASMERCEDINAS.COM","description":"Mercedes, Buenos Aires, Argentina","publisher":{"@id":"https:\/\/noticiasmercedinas.com\/site\/#organization"},"potentialAction":[{"@type":"SearchAction","target":{"@type":"EntryPoint","urlTemplate":"https:\/\/noticiasmercedinas.com\/site\/?s={search_term_string}"},"query-input":{"@type":"PropertyValueSpecification","valueRequired":true,"valueName":"search_term_string"}}],"inLanguage":"es"},{"@type":"Organization","@id":"https:\/\/noticiasmercedinas.com\/site\/#organization","name":"NOTICIASMERCEDINAS.COM","url":"https:\/\/noticiasmercedinas.com\/site\/","logo":{"@type":"ImageObject","inLanguage":"es","@id":"https:\/\/noticiasmercedinas.com\/site\/#\/schema\/logo\/image\/","url":"https:\/\/noticiasmercedinas.com\/site\/wp-content\/uploads\/2020\/06\/LOGO-512.jpg","contentUrl":"https:\/\/noticiasmercedinas.com\/site\/wp-content\/uploads\/2020\/06\/LOGO-512.jpg","width":512,"height":512,"caption":"NOTICIASMERCEDINAS.COM"},"image":{"@id":"https:\/\/noticiasmercedinas.com\/site\/#\/schema\/logo\/image\/"},"sameAs":["https:\/\/www.facebook.com\/noticiasmercedinas\/","https:\/\/x.com\/notmercedinas","https:\/\/www.instagram.com\/noticiasmercedinas\/"]},{"@type":"Person","@id":"https:\/\/noticiasmercedinas.com\/site\/#\/schema\/person\/84b59c099c28ff2e8b77d4ceec5d8063","name":"NOTICIASMERCEDINAS.COM","image":{"@type":"ImageObject","inLanguage":"es","@id":"https:\/\/secure.gravatar.com\/avatar\/4dfbf16b4d17945bfb6341b2d19043457132fcf478a5ee04f42e959fd8f5df0a?s=96&d=mm&r=g","url":"https:\/\/secure.gravatar.com\/avatar\/4dfbf16b4d17945bfb6341b2d19043457132fcf478a5ee04f42e959fd8f5df0a?s=96&d=mm&r=g","contentUrl":"https:\/\/secure.gravatar.com\/avatar\/4dfbf16b4d17945bfb6341b2d19043457132fcf478a5ee04f42e959fd8f5df0a?s=96&d=mm&r=g","caption":"NOTICIASMERCEDINAS.COM"},"url":"https:\/\/noticiasmercedinas.com\/site\/author\/anonimo\/"}]}},"amp_enabled":true,"_links":{"self":[{"href":"https:\/\/noticiasmercedinas.com\/site\/wp-json\/wp\/v2\/posts\/185422","targetHints":{"allow":["GET"]}}],"collection":[{"href":"https:\/\/noticiasmercedinas.com\/site\/wp-json\/wp\/v2\/posts"}],"about":[{"href":"https:\/\/noticiasmercedinas.com\/site\/wp-json\/wp\/v2\/types\/post"}],"author":[{"embeddable":true,"href":"https:\/\/noticiasmercedinas.com\/site\/wp-json\/wp\/v2\/users\/16"}],"replies":[{"embeddable":true,"href":"https:\/\/noticiasmercedinas.com\/site\/wp-json\/wp\/v2\/comments?post=185422"}],"version-history":[{"count":1,"href":"https:\/\/noticiasmercedinas.com\/site\/wp-json\/wp\/v2\/posts\/185422\/revisions"}],"predecessor-version":[{"id":185424,"href":"https:\/\/noticiasmercedinas.com\/site\/wp-json\/wp\/v2\/posts\/185422\/revisions\/185424"}],"wp:featuredmedia":[{"embeddable":true,"href":"https:\/\/noticiasmercedinas.com\/site\/wp-json\/wp\/v2\/media\/185423"}],"wp:attachment":[{"href":"https:\/\/noticiasmercedinas.com\/site\/wp-json\/wp\/v2\/media?parent=185422"}],"wp:term":[{"taxonomy":"category","embeddable":true,"href":"https:\/\/noticiasmercedinas.com\/site\/wp-json\/wp\/v2\/categories?post=185422"},{"taxonomy":"post_tag","embeddable":true,"href":"https:\/\/noticiasmercedinas.com\/site\/wp-json\/wp\/v2\/tags?post=185422"}],"curies":[{"name":"wp","href":"https:\/\/api.w.org\/{rel}","templated":true}]}}