{"id":185425,"date":"2026-04-29T23:05:22","date_gmt":"2026-04-30T02:05:22","guid":{"rendered":"https:\/\/noticiasmercedinas.com\/site\/?p=185425"},"modified":"2026-04-29T23:05:41","modified_gmt":"2026-04-30T02:05:41","slug":"s-o-s-habitat-realizo-un-relevamiento-en-el-rincon-de-nativas-denuncian-vandalismo-y-piden-mayor-cuidado","status":"publish","type":"post","link":"https:\/\/noticiasmercedinas.com\/site\/2026\/04\/29\/s-o-s-habitat-realizo-un-relevamiento-en-el-rincon-de-nativas-denuncian-vandalismo-y-piden-mayor-cuidado\/","title":{"rendered":"S.O.S. H\u00e1bitat realiz\u00f3 un relevamiento en el \u00abRinc\u00f3n de Nativas\u00bb: denuncian vandalismo y piden mayor cuidado"},"content":{"rendered":"<p><img loading=\"lazy\" decoding=\"async\" class=\"alignnone size-full wp-image-185426\" src=\"https:\/\/noticiasmercedinas.com\/site\/wp-content\/uploads\/2026\/04\/20260422_164802-scaled.jpg\" alt=\"\" width=\"2560\" height=\"1920\" srcset=\"https:\/\/noticiasmercedinas.com\/site\/wp-content\/uploads\/2026\/04\/20260422_164802-scaled.jpg 2560w, https:\/\/noticiasmercedinas.com\/site\/wp-content\/uploads\/2026\/04\/20260422_164802-300x225.jpg 300w, https:\/\/noticiasmercedinas.com\/site\/wp-content\/uploads\/2026\/04\/20260422_164802-1024x768.jpg 1024w, https:\/\/noticiasmercedinas.com\/site\/wp-content\/uploads\/2026\/04\/20260422_164802-768x576.jpg 768w, https:\/\/noticiasmercedinas.com\/site\/wp-content\/uploads\/2026\/04\/20260422_164802-1536x1152.jpg 1536w, https:\/\/noticiasmercedinas.com\/site\/wp-content\/uploads\/2026\/04\/20260422_164802-2048x1536.jpg 2048w, https:\/\/noticiasmercedinas.com\/site\/wp-content\/uploads\/2026\/04\/20260422_164802-80x60.jpg 80w, https:\/\/noticiasmercedinas.com\/site\/wp-content\/uploads\/2026\/04\/20260422_164802-160x120.jpg 160w, https:\/\/noticiasmercedinas.com\/site\/wp-content\/uploads\/2026\/04\/20260422_164802-100x75.jpg 100w, https:\/\/noticiasmercedinas.com\/site\/wp-content\/uploads\/2026\/04\/20260422_164802-200x150.jpg 200w, https:\/\/noticiasmercedinas.com\/site\/wp-content\/uploads\/2026\/04\/20260422_164802-180x135.jpg 180w, https:\/\/noticiasmercedinas.com\/site\/wp-content\/uploads\/2026\/04\/20260422_164802-360x270.jpg 360w, https:\/\/noticiasmercedinas.com\/site\/wp-content\/uploads\/2026\/04\/20260422_164802-238x178.jpg 238w, https:\/\/noticiasmercedinas.com\/site\/wp-content\/uploads\/2026\/04\/20260422_164802-476x356.jpg 476w, https:\/\/noticiasmercedinas.com\/site\/wp-content\/uploads\/2026\/04\/20260422_164802-640x480.jpg 640w, https:\/\/noticiasmercedinas.com\/site\/wp-content\/uploads\/2026\/04\/20260422_164802-1280x960.jpg 1280w, https:\/\/noticiasmercedinas.com\/site\/wp-content\/uploads\/2026\/04\/20260422_164802-681x511.jpg 681w, https:\/\/noticiasmercedinas.com\/site\/wp-content\/uploads\/2026\/04\/20260422_164802-1362x1022.jpg 1362w\" sizes=\"auto, (max-width: 2560px) 100vw, 2560px\" \/><\/p>\n<p>En el marco del D\u00eda de la Tierra, integrantes de la organizaci\u00f3n ambientalista S.O.S. H\u00e1bitat llevaron a cabo una inspecci\u00f3n t\u00e9cnica en el Rinc\u00f3n de Nativas \u00abLuis Villanova\u00bb, ubicado en el Parque Municipal.<\/p>\n<p>Esta acci\u00f3n surgi\u00f3 como respuesta a las inquietudes planteadas en la mesa de arbolado urbano el pasado 7 de abril, con el fin de evaluar el estado actual de este pulm\u00f3n verde.<\/p>\n<blockquote><p>Integrantes de la ONG recorrieron el espacio \u00abLuis Villanova\u00bb en el Parque Municipal. Relevaron da\u00f1os por temporales y mal uso del predio durante eventos masivos, trazando un plan de restauraci\u00f3n para este a\u00f1o.<\/p><\/blockquote>\n<p>Durante el recorrido, los vecinos observaron un panorama preocupante que combina las consecuencias de factores clim\u00e1ticos con la falta de civismo. Seg\u00fan informaron desde la instituci\u00f3n de bien p\u00fablico, el espacio ha sufrido por los \u00faltimos temporales, pero tambi\u00e9n por constantes actos de vandalismo y el impacto de animales dom\u00e9sticos en el \u00e1rea.<\/p>\n<p><strong>Diagn\u00f3stico del predio<\/strong><br \/>\nEl relevamiento detall\u00f3 una serie de da\u00f1os espec\u00edficos que afectan la integridad del rinc\u00f3n educativo y ambiental:<\/p>\n<ul>\n<li>Vandalismo: Se detect\u00f3 el faltante de adoquines que conformaban los canteros y un intento de robo de la placa que homenajea a Luis Villanova, a la cual ya le falta uno de sus tornillos de sujeci\u00f3n.<\/li>\n<li>Impacto de eventos: Denunciaron que, durante las fiestas populares, el sector de cortaderas es utilizado como ba\u00f1o y que se dejan caballos atados en la zona, da\u00f1ando la vegetaci\u00f3n nativa.<\/li>\n<li>Mobiliario: La carteler\u00eda informativa se encuentra deteriorada y requiere restauraci\u00f3n urgente.<\/li>\n<\/ul>\n<p><strong>Plan de acci\u00f3n 2026<\/strong><br \/>\nLejos de quedarse solo en el reclamo, la ONG estableci\u00f3 una hoja de ruta con tareas concretas para recuperar el espacio durante el presente a\u00f1o. Los objetivos principales incluyen:<\/p>\n<ul>\n<li>Reforestaci\u00f3n: Plantaci\u00f3n de nuevos ejemplares de especies nativas para reemplazar las p\u00e9rdidas.<\/li>\n<li>Infraestructura de protecci\u00f3n: Reacondicionamiento de zanjas o colocaci\u00f3n de postes para impedir el ingreso de veh\u00edculos al sector.<\/li>\n<li>Se\u00f1al\u00e9tica: Restauraci\u00f3n de los carteles existentes y colocaci\u00f3n de nueva carteler\u00eda que proh\u00edba estrictamente encender fuego en el predio.<\/li>\n<\/ul>\n<p>Desde S.O.S. H\u00e1bitat hicieron un llamado directo a la responsabilidad ciudadana, instando a los mercedinos a proteger estos espacios esenciales para la salud de todos los seres vivos. \u00abNecesitamos estos pulmones verdes para la salud de todos\u00bb, concluyeron en su comunicado.<\/p>\n<p><img loading=\"lazy\" decoding=\"async\" class=\"alignnone size-full wp-image-185427\" src=\"https:\/\/noticiasmercedinas.com\/site\/wp-content\/uploads\/2026\/04\/20260422_163240-scaled.jpg\" alt=\"\" width=\"1920\" height=\"2560\" srcset=\"https:\/\/noticiasmercedinas.com\/site\/wp-content\/uploads\/2026\/04\/20260422_163240-scaled.jpg 1920w, https:\/\/noticiasmercedinas.com\/site\/wp-content\/uploads\/2026\/04\/20260422_163240-225x300.jpg 225w, https:\/\/noticiasmercedinas.com\/site\/wp-content\/uploads\/2026\/04\/20260422_163240-768x1024.jpg 768w, https:\/\/noticiasmercedinas.com\/site\/wp-content\/uploads\/2026\/04\/20260422_163240-1152x1536.jpg 1152w, https:\/\/noticiasmercedinas.com\/site\/wp-content\/uploads\/2026\/04\/20260422_163240-1536x2048.jpg 1536w, https:\/\/noticiasmercedinas.com\/site\/wp-content\/uploads\/2026\/04\/20260422_163240-640x853.jpg 640w, https:\/\/noticiasmercedinas.com\/site\/wp-content\/uploads\/2026\/04\/20260422_163240-1280x1707.jpg 1280w, https:\/\/noticiasmercedinas.com\/site\/wp-content\/uploads\/2026\/04\/20260422_163240-681x908.jpg 681w, https:\/\/noticiasmercedinas.com\/site\/wp-content\/uploads\/2026\/04\/20260422_163240-1362x1816.jpg 1362w\" sizes=\"auto, (max-width: 1920px) 100vw, 1920px\" \/><\/p>\n","protected":false},"excerpt":{"rendered":"<p>En el marco del D\u00eda de la Tierra, integrantes de la organizaci\u00f3n ambientalista S.O.S. H\u00e1bitat llevaron a cabo una inspecci\u00f3n t\u00e9cnica en el Rinc\u00f3n de Nativas \u00abLuis Villanova\u00bb, ubicado en el Parque Municipal. Esta acci\u00f3n surgi\u00f3 como respuesta a las inquietudes planteadas en la mesa de arbolado urbano el pasado 7 de abril, con el [&hellip;]<\/p>\n","protected":false},"author":16,"featured_media":185426,"comment_status":"closed","ping_status":"closed","sticky":false,"template":"","format":"standard","meta":{"footnotes":""},"categories":[5754],"tags":[444],"class_list":["post-185425","post","type-post","status-publish","format-standard","has-post-thumbnail","hentry","category-medio-ambiente","tag-sos-habitat"],"yoast_head":"<!-- This site is optimized with the Yoast SEO plugin v27.5 - https:\/\/yoast.com\/product\/yoast-seo-wordpress\/ -->\n<title>S.O.S. H\u00e1bitat realiz\u00f3 un relevamiento en el &quot;Rinc\u00f3n de Nativas&quot;: denuncian vandalismo y piden mayor cuidado<\/title>\n<meta name=\"description\" content=\"Integrantes de la ONG recorrieron el espacio &quot;Luis Villanova&quot; en el Parque Municipal. Relevaron da\u00f1os por temporales y mal uso del predio durante eventos masivos, trazando un plan de restauraci\u00f3n para este a\u00f1o.\" \/>\n<meta name=\"robots\" content=\"index, follow, max-snippet:-1, max-image-preview:large, max-video-preview:-1\" \/>\n<link rel=\"canonical\" href=\"https:\/\/noticiasmercedinas.com\/site\/2026\/04\/29\/s-o-s-habitat-realizo-un-relevamiento-en-el-rincon-de-nativas-denuncian-vandalismo-y-piden-mayor-cuidado\/\" \/>\n<meta property=\"og:locale\" content=\"es_ES\" \/>\n<meta property=\"og:type\" content=\"article\" \/>\n<meta property=\"og:title\" content=\"S.O.S. H\u00e1bitat realiz\u00f3 un relevamiento en el &quot;Rinc\u00f3n de Nativas&quot;: denuncian vandalismo y piden mayor cuidado\" \/>\n<meta property=\"og:description\" content=\"Integrantes de la ONG recorrieron el espacio &quot;Luis Villanova&quot; en el Parque Municipal. Relevaron da\u00f1os por temporales y mal uso del predio durante eventos masivos, trazando un plan de restauraci\u00f3n para este a\u00f1o.\" \/>\n<meta property=\"og:url\" content=\"https:\/\/noticiasmercedinas.com\/site\/2026\/04\/29\/s-o-s-habitat-realizo-un-relevamiento-en-el-rincon-de-nativas-denuncian-vandalismo-y-piden-mayor-cuidado\/\" \/>\n<meta property=\"og:site_name\" content=\"NOTICIASMERCEDINAS.COM\" \/>\n<meta property=\"article:publisher\" content=\"https:\/\/www.facebook.com\/noticiasmercedinas\/\" \/>\n<meta property=\"article:published_time\" content=\"2026-04-30T02:05:22+00:00\" \/>\n<meta property=\"article:modified_time\" content=\"2026-04-30T02:05:41+00:00\" \/>\n<meta property=\"og:image\" content=\"https:\/\/noticiasmercedinas.com\/site\/wp-content\/uploads\/2026\/04\/20260422_164802-scaled.jpg\" \/>\n\t<meta property=\"og:image:width\" content=\"2560\" \/>\n\t<meta property=\"og:image:height\" content=\"1920\" \/>\n\t<meta property=\"og:image:type\" content=\"image\/jpeg\" \/>\n<meta name=\"author\" content=\"NOTICIASMERCEDINAS.COM\" \/>\n<meta name=\"twitter:card\" content=\"summary_large_image\" \/>\n<meta name=\"twitter:creator\" content=\"@notmercedinas\" \/>\n<meta name=\"twitter:site\" content=\"@notmercedinas\" \/>\n<meta name=\"twitter:label1\" content=\"Escrito por\" \/>\n\t<meta name=\"twitter:data1\" content=\"NOTICIASMERCEDINAS.COM\" \/>\n\t<meta name=\"twitter:label2\" content=\"Tiempo de lectura\" \/>\n\t<meta name=\"twitter:data2\" content=\"3 minutos\" \/>\n<script type=\"application\/ld+json\" class=\"yoast-schema-graph\">{\"@context\":\"https:\\\/\\\/schema.org\",\"@graph\":[{\"@type\":\"Article\",\"@id\":\"https:\\\/\\\/noticiasmercedinas.com\\\/site\\\/2026\\\/04\\\/29\\\/s-o-s-habitat-realizo-un-relevamiento-en-el-rincon-de-nativas-denuncian-vandalismo-y-piden-mayor-cuidado\\\/#article\",\"isPartOf\":{\"@id\":\"https:\\\/\\\/noticiasmercedinas.com\\\/site\\\/2026\\\/04\\\/29\\\/s-o-s-habitat-realizo-un-relevamiento-en-el-rincon-de-nativas-denuncian-vandalismo-y-piden-mayor-cuidado\\\/\"},\"author\":{\"name\":\"NOTICIASMERCEDINAS.COM\",\"@id\":\"https:\\\/\\\/noticiasmercedinas.com\\\/site\\\/#\\\/schema\\\/person\\\/84b59c099c28ff2e8b77d4ceec5d8063\"},\"headline\":\"S.O.S. H\u00e1bitat realiz\u00f3 un relevamiento en el \u00abRinc\u00f3n de Nativas\u00bb: denuncian vandalismo y piden mayor cuidado\",\"datePublished\":\"2026-04-30T02:05:22+00:00\",\"dateModified\":\"2026-04-30T02:05:41+00:00\",\"mainEntityOfPage\":{\"@id\":\"https:\\\/\\\/noticiasmercedinas.com\\\/site\\\/2026\\\/04\\\/29\\\/s-o-s-habitat-realizo-un-relevamiento-en-el-rincon-de-nativas-denuncian-vandalismo-y-piden-mayor-cuidado\\\/\"},\"wordCount\":435,\"publisher\":{\"@id\":\"https:\\\/\\\/noticiasmercedinas.com\\\/site\\\/#organization\"},\"image\":{\"@id\":\"https:\\\/\\\/noticiasmercedinas.com\\\/site\\\/2026\\\/04\\\/29\\\/s-o-s-habitat-realizo-un-relevamiento-en-el-rincon-de-nativas-denuncian-vandalismo-y-piden-mayor-cuidado\\\/#primaryimage\"},\"thumbnailUrl\":\"https:\\\/\\\/noticiasmercedinas.com\\\/site\\\/wp-content\\\/uploads\\\/2026\\\/04\\\/20260422_164802-scaled.jpg\",\"keywords\":[\"sos habitat\"],\"articleSection\":[\"Ambiente\"],\"inLanguage\":\"es\"},{\"@type\":\"WebPage\",\"@id\":\"https:\\\/\\\/noticiasmercedinas.com\\\/site\\\/2026\\\/04\\\/29\\\/s-o-s-habitat-realizo-un-relevamiento-en-el-rincon-de-nativas-denuncian-vandalismo-y-piden-mayor-cuidado\\\/\",\"url\":\"https:\\\/\\\/noticiasmercedinas.com\\\/site\\\/2026\\\/04\\\/29\\\/s-o-s-habitat-realizo-un-relevamiento-en-el-rincon-de-nativas-denuncian-vandalismo-y-piden-mayor-cuidado\\\/\",\"name\":\"S.O.S. H\u00e1bitat realiz\u00f3 un relevamiento en el \\\"Rinc\u00f3n de Nativas\\\": denuncian vandalismo y piden mayor cuidado\",\"isPartOf\":{\"@id\":\"https:\\\/\\\/noticiasmercedinas.com\\\/site\\\/#website\"},\"primaryImageOfPage\":{\"@id\":\"https:\\\/\\\/noticiasmercedinas.com\\\/site\\\/2026\\\/04\\\/29\\\/s-o-s-habitat-realizo-un-relevamiento-en-el-rincon-de-nativas-denuncian-vandalismo-y-piden-mayor-cuidado\\\/#primaryimage\"},\"image\":{\"@id\":\"https:\\\/\\\/noticiasmercedinas.com\\\/site\\\/2026\\\/04\\\/29\\\/s-o-s-habitat-realizo-un-relevamiento-en-el-rincon-de-nativas-denuncian-vandalismo-y-piden-mayor-cuidado\\\/#primaryimage\"},\"thumbnailUrl\":\"https:\\\/\\\/noticiasmercedinas.com\\\/site\\\/wp-content\\\/uploads\\\/2026\\\/04\\\/20260422_164802-scaled.jpg\",\"datePublished\":\"2026-04-30T02:05:22+00:00\",\"dateModified\":\"2026-04-30T02:05:41+00:00\",\"description\":\"Integrantes de la ONG recorrieron el espacio \\\"Luis Villanova\\\" en el Parque Municipal. Relevaron da\u00f1os por temporales y mal uso del predio durante eventos masivos, trazando un plan de restauraci\u00f3n para este a\u00f1o.\",\"breadcrumb\":{\"@id\":\"https:\\\/\\\/noticiasmercedinas.com\\\/site\\\/2026\\\/04\\\/29\\\/s-o-s-habitat-realizo-un-relevamiento-en-el-rincon-de-nativas-denuncian-vandalismo-y-piden-mayor-cuidado\\\/#breadcrumb\"},\"inLanguage\":\"es\",\"potentialAction\":[{\"@type\":\"ReadAction\",\"target\":[\"https:\\\/\\\/noticiasmercedinas.com\\\/site\\\/2026\\\/04\\\/29\\\/s-o-s-habitat-realizo-un-relevamiento-en-el-rincon-de-nativas-denuncian-vandalismo-y-piden-mayor-cuidado\\\/\"]}]},{\"@type\":\"ImageObject\",\"inLanguage\":\"es\",\"@id\":\"https:\\\/\\\/noticiasmercedinas.com\\\/site\\\/2026\\\/04\\\/29\\\/s-o-s-habitat-realizo-un-relevamiento-en-el-rincon-de-nativas-denuncian-vandalismo-y-piden-mayor-cuidado\\\/#primaryimage\",\"url\":\"https:\\\/\\\/noticiasmercedinas.com\\\/site\\\/wp-content\\\/uploads\\\/2026\\\/04\\\/20260422_164802-scaled.jpg\",\"contentUrl\":\"https:\\\/\\\/noticiasmercedinas.com\\\/site\\\/wp-content\\\/uploads\\\/2026\\\/04\\\/20260422_164802-scaled.jpg\",\"width\":2560,\"height\":1920},{\"@type\":\"BreadcrumbList\",\"@id\":\"https:\\\/\\\/noticiasmercedinas.com\\\/site\\\/2026\\\/04\\\/29\\\/s-o-s-habitat-realizo-un-relevamiento-en-el-rincon-de-nativas-denuncian-vandalismo-y-piden-mayor-cuidado\\\/#breadcrumb\",\"itemListElement\":[{\"@type\":\"ListItem\",\"position\":1,\"name\":\"Portada\",\"item\":\"https:\\\/\\\/noticiasmercedinas.com\\\/site\\\/\"},{\"@type\":\"ListItem\",\"position\":2,\"name\":\"S.O.S. H\u00e1bitat realiz\u00f3 un relevamiento en el \u00abRinc\u00f3n de Nativas\u00bb: denuncian vandalismo y piden mayor cuidado\"}]},{\"@type\":\"WebSite\",\"@id\":\"https:\\\/\\\/noticiasmercedinas.com\\\/site\\\/#website\",\"url\":\"https:\\\/\\\/noticiasmercedinas.com\\\/site\\\/\",\"name\":\"NOTICIASMERCEDINAS.COM\",\"description\":\"Mercedes, Buenos Aires, Argentina\",\"publisher\":{\"@id\":\"https:\\\/\\\/noticiasmercedinas.com\\\/site\\\/#organization\"},\"potentialAction\":[{\"@type\":\"SearchAction\",\"target\":{\"@type\":\"EntryPoint\",\"urlTemplate\":\"https:\\\/\\\/noticiasmercedinas.com\\\/site\\\/?s={search_term_string}\"},\"query-input\":{\"@type\":\"PropertyValueSpecification\",\"valueRequired\":true,\"valueName\":\"search_term_string\"}}],\"inLanguage\":\"es\"},{\"@type\":\"Organization\",\"@id\":\"https:\\\/\\\/noticiasmercedinas.com\\\/site\\\/#organization\",\"name\":\"NOTICIASMERCEDINAS.COM\",\"url\":\"https:\\\/\\\/noticiasmercedinas.com\\\/site\\\/\",\"logo\":{\"@type\":\"ImageObject\",\"inLanguage\":\"es\",\"@id\":\"https:\\\/\\\/noticiasmercedinas.com\\\/site\\\/#\\\/schema\\\/logo\\\/image\\\/\",\"url\":\"https:\\\/\\\/noticiasmercedinas.com\\\/site\\\/wp-content\\\/uploads\\\/2020\\\/06\\\/LOGO-512.jpg\",\"contentUrl\":\"https:\\\/\\\/noticiasmercedinas.com\\\/site\\\/wp-content\\\/uploads\\\/2020\\\/06\\\/LOGO-512.jpg\",\"width\":512,\"height\":512,\"caption\":\"NOTICIASMERCEDINAS.COM\"},\"image\":{\"@id\":\"https:\\\/\\\/noticiasmercedinas.com\\\/site\\\/#\\\/schema\\\/logo\\\/image\\\/\"},\"sameAs\":[\"https:\\\/\\\/www.facebook.com\\\/noticiasmercedinas\\\/\",\"https:\\\/\\\/x.com\\\/notmercedinas\",\"https:\\\/\\\/www.instagram.com\\\/noticiasmercedinas\\\/\"]},{\"@type\":\"Person\",\"@id\":\"https:\\\/\\\/noticiasmercedinas.com\\\/site\\\/#\\\/schema\\\/person\\\/84b59c099c28ff2e8b77d4ceec5d8063\",\"name\":\"NOTICIASMERCEDINAS.COM\",\"image\":{\"@type\":\"ImageObject\",\"inLanguage\":\"es\",\"@id\":\"https:\\\/\\\/secure.gravatar.com\\\/avatar\\\/4dfbf16b4d17945bfb6341b2d19043457132fcf478a5ee04f42e959fd8f5df0a?s=96&d=mm&r=g\",\"url\":\"https:\\\/\\\/secure.gravatar.com\\\/avatar\\\/4dfbf16b4d17945bfb6341b2d19043457132fcf478a5ee04f42e959fd8f5df0a?s=96&d=mm&r=g\",\"contentUrl\":\"https:\\\/\\\/secure.gravatar.com\\\/avatar\\\/4dfbf16b4d17945bfb6341b2d19043457132fcf478a5ee04f42e959fd8f5df0a?s=96&d=mm&r=g\",\"caption\":\"NOTICIASMERCEDINAS.COM\"},\"url\":\"https:\\\/\\\/noticiasmercedinas.com\\\/site\\\/author\\\/anonimo\\\/\"}]}<\/script>\n<!-- \/ Yoast SEO plugin. -->","yoast_head_json":{"title":"S.O.S. H\u00e1bitat realiz\u00f3 un relevamiento en el \"Rinc\u00f3n de Nativas\": denuncian vandalismo y piden mayor cuidado","description":"Integrantes de la ONG recorrieron el espacio \"Luis Villanova\" en el Parque Municipal. Relevaron da\u00f1os por temporales y mal uso del predio durante eventos masivos, trazando un plan de restauraci\u00f3n para este a\u00f1o.","robots":{"index":"index","follow":"follow","max-snippet":"max-snippet:-1","max-image-preview":"max-image-preview:large","max-video-preview":"max-video-preview:-1"},"canonical":"https:\/\/noticiasmercedinas.com\/site\/2026\/04\/29\/s-o-s-habitat-realizo-un-relevamiento-en-el-rincon-de-nativas-denuncian-vandalismo-y-piden-mayor-cuidado\/","og_locale":"es_ES","og_type":"article","og_title":"S.O.S. H\u00e1bitat realiz\u00f3 un relevamiento en el \"Rinc\u00f3n de Nativas\": denuncian vandalismo y piden mayor cuidado","og_description":"Integrantes de la ONG recorrieron el espacio \"Luis Villanova\" en el Parque Municipal. Relevaron da\u00f1os por temporales y mal uso del predio durante eventos masivos, trazando un plan de restauraci\u00f3n para este a\u00f1o.","og_url":"https:\/\/noticiasmercedinas.com\/site\/2026\/04\/29\/s-o-s-habitat-realizo-un-relevamiento-en-el-rincon-de-nativas-denuncian-vandalismo-y-piden-mayor-cuidado\/","og_site_name":"NOTICIASMERCEDINAS.COM","article_publisher":"https:\/\/www.facebook.com\/noticiasmercedinas\/","article_published_time":"2026-04-30T02:05:22+00:00","article_modified_time":"2026-04-30T02:05:41+00:00","og_image":[{"width":2560,"height":1920,"url":"https:\/\/noticiasmercedinas.com\/site\/wp-content\/uploads\/2026\/04\/20260422_164802-scaled.jpg","type":"image\/jpeg"}],"author":"NOTICIASMERCEDINAS.COM","twitter_card":"summary_large_image","twitter_creator":"@notmercedinas","twitter_site":"@notmercedinas","twitter_misc":{"Escrito por":"NOTICIASMERCEDINAS.COM","Tiempo de lectura":"3 minutos"},"schema":{"@context":"https:\/\/schema.org","@graph":[{"@type":"Article","@id":"https:\/\/noticiasmercedinas.com\/site\/2026\/04\/29\/s-o-s-habitat-realizo-un-relevamiento-en-el-rincon-de-nativas-denuncian-vandalismo-y-piden-mayor-cuidado\/#article","isPartOf":{"@id":"https:\/\/noticiasmercedinas.com\/site\/2026\/04\/29\/s-o-s-habitat-realizo-un-relevamiento-en-el-rincon-de-nativas-denuncian-vandalismo-y-piden-mayor-cuidado\/"},"author":{"name":"NOTICIASMERCEDINAS.COM","@id":"https:\/\/noticiasmercedinas.com\/site\/#\/schema\/person\/84b59c099c28ff2e8b77d4ceec5d8063"},"headline":"S.O.S. H\u00e1bitat realiz\u00f3 un relevamiento en el \u00abRinc\u00f3n de Nativas\u00bb: denuncian vandalismo y piden mayor cuidado","datePublished":"2026-04-30T02:05:22+00:00","dateModified":"2026-04-30T02:05:41+00:00","mainEntityOfPage":{"@id":"https:\/\/noticiasmercedinas.com\/site\/2026\/04\/29\/s-o-s-habitat-realizo-un-relevamiento-en-el-rincon-de-nativas-denuncian-vandalismo-y-piden-mayor-cuidado\/"},"wordCount":435,"publisher":{"@id":"https:\/\/noticiasmercedinas.com\/site\/#organization"},"image":{"@id":"https:\/\/noticiasmercedinas.com\/site\/2026\/04\/29\/s-o-s-habitat-realizo-un-relevamiento-en-el-rincon-de-nativas-denuncian-vandalismo-y-piden-mayor-cuidado\/#primaryimage"},"thumbnailUrl":"https:\/\/noticiasmercedinas.com\/site\/wp-content\/uploads\/2026\/04\/20260422_164802-scaled.jpg","keywords":["sos habitat"],"articleSection":["Ambiente"],"inLanguage":"es"},{"@type":"WebPage","@id":"https:\/\/noticiasmercedinas.com\/site\/2026\/04\/29\/s-o-s-habitat-realizo-un-relevamiento-en-el-rincon-de-nativas-denuncian-vandalismo-y-piden-mayor-cuidado\/","url":"https:\/\/noticiasmercedinas.com\/site\/2026\/04\/29\/s-o-s-habitat-realizo-un-relevamiento-en-el-rincon-de-nativas-denuncian-vandalismo-y-piden-mayor-cuidado\/","name":"S.O.S. H\u00e1bitat realiz\u00f3 un relevamiento en el \"Rinc\u00f3n de Nativas\": denuncian vandalismo y piden mayor cuidado","isPartOf":{"@id":"https:\/\/noticiasmercedinas.com\/site\/#website"},"primaryImageOfPage":{"@id":"https:\/\/noticiasmercedinas.com\/site\/2026\/04\/29\/s-o-s-habitat-realizo-un-relevamiento-en-el-rincon-de-nativas-denuncian-vandalismo-y-piden-mayor-cuidado\/#primaryimage"},"image":{"@id":"https:\/\/noticiasmercedinas.com\/site\/2026\/04\/29\/s-o-s-habitat-realizo-un-relevamiento-en-el-rincon-de-nativas-denuncian-vandalismo-y-piden-mayor-cuidado\/#primaryimage"},"thumbnailUrl":"https:\/\/noticiasmercedinas.com\/site\/wp-content\/uploads\/2026\/04\/20260422_164802-scaled.jpg","datePublished":"2026-04-30T02:05:22+00:00","dateModified":"2026-04-30T02:05:41+00:00","description":"Integrantes de la ONG recorrieron el espacio \"Luis Villanova\" en el Parque Municipal. Relevaron da\u00f1os por temporales y mal uso del predio durante eventos masivos, trazando un plan de restauraci\u00f3n para este a\u00f1o.","breadcrumb":{"@id":"https:\/\/noticiasmercedinas.com\/site\/2026\/04\/29\/s-o-s-habitat-realizo-un-relevamiento-en-el-rincon-de-nativas-denuncian-vandalismo-y-piden-mayor-cuidado\/#breadcrumb"},"inLanguage":"es","potentialAction":[{"@type":"ReadAction","target":["https:\/\/noticiasmercedinas.com\/site\/2026\/04\/29\/s-o-s-habitat-realizo-un-relevamiento-en-el-rincon-de-nativas-denuncian-vandalismo-y-piden-mayor-cuidado\/"]}]},{"@type":"ImageObject","inLanguage":"es","@id":"https:\/\/noticiasmercedinas.com\/site\/2026\/04\/29\/s-o-s-habitat-realizo-un-relevamiento-en-el-rincon-de-nativas-denuncian-vandalismo-y-piden-mayor-cuidado\/#primaryimage","url":"https:\/\/noticiasmercedinas.com\/site\/wp-content\/uploads\/2026\/04\/20260422_164802-scaled.jpg","contentUrl":"https:\/\/noticiasmercedinas.com\/site\/wp-content\/uploads\/2026\/04\/20260422_164802-scaled.jpg","width":2560,"height":1920},{"@type":"BreadcrumbList","@id":"https:\/\/noticiasmercedinas.com\/site\/2026\/04\/29\/s-o-s-habitat-realizo-un-relevamiento-en-el-rincon-de-nativas-denuncian-vandalismo-y-piden-mayor-cuidado\/#breadcrumb","itemListElement":[{"@type":"ListItem","position":1,"name":"Portada","item":"https:\/\/noticiasmercedinas.com\/site\/"},{"@type":"ListItem","position":2,"name":"S.O.S. H\u00e1bitat realiz\u00f3 un relevamiento en el \u00abRinc\u00f3n de Nativas\u00bb: denuncian vandalismo y piden mayor cuidado"}]},{"@type":"WebSite","@id":"https:\/\/noticiasmercedinas.com\/site\/#website","url":"https:\/\/noticiasmercedinas.com\/site\/","name":"NOTICIASMERCEDINAS.COM","description":"Mercedes, Buenos Aires, Argentina","publisher":{"@id":"https:\/\/noticiasmercedinas.com\/site\/#organization"},"potentialAction":[{"@type":"SearchAction","target":{"@type":"EntryPoint","urlTemplate":"https:\/\/noticiasmercedinas.com\/site\/?s={search_term_string}"},"query-input":{"@type":"PropertyValueSpecification","valueRequired":true,"valueName":"search_term_string"}}],"inLanguage":"es"},{"@type":"Organization","@id":"https:\/\/noticiasmercedinas.com\/site\/#organization","name":"NOTICIASMERCEDINAS.COM","url":"https:\/\/noticiasmercedinas.com\/site\/","logo":{"@type":"ImageObject","inLanguage":"es","@id":"https:\/\/noticiasmercedinas.com\/site\/#\/schema\/logo\/image\/","url":"https:\/\/noticiasmercedinas.com\/site\/wp-content\/uploads\/2020\/06\/LOGO-512.jpg","contentUrl":"https:\/\/noticiasmercedinas.com\/site\/wp-content\/uploads\/2020\/06\/LOGO-512.jpg","width":512,"height":512,"caption":"NOTICIASMERCEDINAS.COM"},"image":{"@id":"https:\/\/noticiasmercedinas.com\/site\/#\/schema\/logo\/image\/"},"sameAs":["https:\/\/www.facebook.com\/noticiasmercedinas\/","https:\/\/x.com\/notmercedinas","https:\/\/www.instagram.com\/noticiasmercedinas\/"]},{"@type":"Person","@id":"https:\/\/noticiasmercedinas.com\/site\/#\/schema\/person\/84b59c099c28ff2e8b77d4ceec5d8063","name":"NOTICIASMERCEDINAS.COM","image":{"@type":"ImageObject","inLanguage":"es","@id":"https:\/\/secure.gravatar.com\/avatar\/4dfbf16b4d17945bfb6341b2d19043457132fcf478a5ee04f42e959fd8f5df0a?s=96&d=mm&r=g","url":"https:\/\/secure.gravatar.com\/avatar\/4dfbf16b4d17945bfb6341b2d19043457132fcf478a5ee04f42e959fd8f5df0a?s=96&d=mm&r=g","contentUrl":"https:\/\/secure.gravatar.com\/avatar\/4dfbf16b4d17945bfb6341b2d19043457132fcf478a5ee04f42e959fd8f5df0a?s=96&d=mm&r=g","caption":"NOTICIASMERCEDINAS.COM"},"url":"https:\/\/noticiasmercedinas.com\/site\/author\/anonimo\/"}]}},"amp_enabled":true,"_links":{"self":[{"href":"https:\/\/noticiasmercedinas.com\/site\/wp-json\/wp\/v2\/posts\/185425","targetHints":{"allow":["GET"]}}],"collection":[{"href":"https:\/\/noticiasmercedinas.com\/site\/wp-json\/wp\/v2\/posts"}],"about":[{"href":"https:\/\/noticiasmercedinas.com\/site\/wp-json\/wp\/v2\/types\/post"}],"author":[{"embeddable":true,"href":"https:\/\/noticiasmercedinas.com\/site\/wp-json\/wp\/v2\/users\/16"}],"replies":[{"embeddable":true,"href":"https:\/\/noticiasmercedinas.com\/site\/wp-json\/wp\/v2\/comments?post=185425"}],"version-history":[{"count":1,"href":"https:\/\/noticiasmercedinas.com\/site\/wp-json\/wp\/v2\/posts\/185425\/revisions"}],"predecessor-version":[{"id":185428,"href":"https:\/\/noticiasmercedinas.com\/site\/wp-json\/wp\/v2\/posts\/185425\/revisions\/185428"}],"wp:featuredmedia":[{"embeddable":true,"href":"https:\/\/noticiasmercedinas.com\/site\/wp-json\/wp\/v2\/media\/185426"}],"wp:attachment":[{"href":"https:\/\/noticiasmercedinas.com\/site\/wp-json\/wp\/v2\/media?parent=185425"}],"wp:term":[{"taxonomy":"category","embeddable":true,"href":"https:\/\/noticiasmercedinas.com\/site\/wp-json\/wp\/v2\/categories?post=185425"},{"taxonomy":"post_tag","embeddable":true,"href":"https:\/\/noticiasmercedinas.com\/site\/wp-json\/wp\/v2\/tags?post=185425"}],"curies":[{"name":"wp","href":"https:\/\/api.w.org\/{rel}","templated":true}]}}