{"id":185429,"date":"2026-04-30T07:43:53","date_gmt":"2026-04-30T10:43:53","guid":{"rendered":"https:\/\/noticiasmercedinas.com\/site\/?p=185429"},"modified":"2026-04-30T07:43:53","modified_gmt":"2026-04-30T10:43:53","slug":"atletico-y-real-sociedad-ya-cargan-la-final","status":"publish","type":"post","link":"https:\/\/noticiasmercedinas.com\/site\/2026\/04\/30\/atletico-y-real-sociedad-ya-cargan-la-final\/","title":{"rendered":"Atl\u00e9tico y Real Sociedad ya cargan la final"},"content":{"rendered":"<p><span style=\"font-weight: 400;\"><img loading=\"lazy\" decoding=\"async\" class=\"alignnone size-full wp-image-185430\" src=\"https:\/\/noticiasmercedinas.com\/site\/wp-content\/uploads\/2026\/04\/am.jpg\" alt=\"\" width=\"640\" height=\"296\" srcset=\"https:\/\/noticiasmercedinas.com\/site\/wp-content\/uploads\/2026\/04\/am.jpg 640w, https:\/\/noticiasmercedinas.com\/site\/wp-content\/uploads\/2026\/04\/am-300x139.jpg 300w\" sizes=\"auto, (max-width: 640px) 100vw, 640px\" \/><\/span><\/p>\n<p><span style=\"font-weight: 400;\">La final de la Copa del Rey 2026 ya dej\u00f3 de ser una idea lejana y empieza a sentirse como un partido que tambi\u00e9n se juega en el mercado. <\/span><\/p>\n<p><span style=\"font-weight: 400;\">Atl\u00e9tico de Madrid y Real Sociedad se enfrentar\u00e1n el 18 de abril en La Cartuja, en Sevilla, despu\u00e9s de que Atl\u00e9tico eliminara a Barcelona por un 4-3 global y Real Sociedad sellara su pase con un 2-0 en el agregado ante Athletic Club. Para quien sigue esta previa desde el lado del juego, con cuotas, mercados especiales y accesos como <\/span><a href=\"https:\/\/1xbet.pe\/es\"><span style=\"font-weight: 400;\">https:\/\/1xbet.pe\/es<\/span><\/a><span style=\"font-weight: 400;\">, la noticia tiene una lectura clara: el cruce ya est\u00e1 armado, ya tiene favorito y ya trae contexto reciente entre ambos.\u00a0<\/span><\/p>\n<p><span style=\"font-weight: 400;\">La parte m\u00e1s visible del precio sale hoy de Oddschecker. El mercado 1X2 mostraba este 2 de abril a Atl\u00e9tico alrededor de 16\/19, el empate en 14\/5 y a Real Sociedad en 7\/2. En el mercado de campe\u00f3n, Atl\u00e9tico aparec\u00eda cerca de 1\/2, una se\u00f1al bastante clara de c\u00f3mo est\u00e1 entrando la final en la conversaci\u00f3n de apuestas: los rojiblancos salen arriba, pero no en un terreno donde todo parezca resuelto.<\/span><\/p>\n<h2><span style=\"font-weight: 400;\">La noticia no llega en fr\u00edo<\/span><\/h2>\n<p><span style=\"font-weight: 400;\">Ya hubo dos cruces ligueros esta temporada y eso le da bastante cuerpo a la previa. El primero termin\u00f3 1-1 en Anoeta el 4 de enero, con gol de Alexander Sorloth para Atl\u00e9tico y respuesta de Gon\u00e7alo Guedes para Real Sociedad. El segundo fue mucho m\u00e1s movido: Atl\u00e9tico gan\u00f3 3-2 en Madrid el 7 de marzo, un resultado que volvi\u00f3 a inclinar la lectura previa hacia el lado colchonero.\u00a0<\/span><\/p>\n<p><span style=\"font-weight: 400;\">Eso no vuelve autom\u00e1tica la final. Pero s\u00ed cambia el tono del an\u00e1lisis. En una eliminatoria a partido \u00fanico, llegar con una victoria reciente sobre el mismo rival suele empujar algo la percepci\u00f3n del mercado. Y m\u00e1s a\u00fan cuando ese mismo equipo ya hab\u00eda demostrado en enero que tambi\u00e9n sabe sufrir el plan de la Real, que le empat\u00f3 en San Sebasti\u00e1n y le oblig\u00f3 a jugar un partido muy inc\u00f3modo.<\/span><\/p>\n<p><span style=\"font-weight: 400;\">La foto previa se puede ordenar as\u00ed, con lo m\u00e1s \u00fatil para una nota de betting antes de la final:<\/span><\/p>\n<table>\n<tbody>\n<tr>\n<td><span style=\"font-weight: 400;\">Clave de la final<\/span><\/td>\n<td><span style=\"font-weight: 400;\">Dato actual<\/span><\/td>\n<\/tr>\n<tr>\n<td><span style=\"font-weight: 400;\">Fecha y sede<\/span><\/td>\n<td><span style=\"font-weight: 400;\">18 de abril en La Cartuja<\/span><\/td>\n<\/tr>\n<tr>\n<td><span style=\"font-weight: 400;\">Favorito en 1X2<\/span><\/td>\n<td><span style=\"font-weight: 400;\">Atl\u00e9tico 16\/19<\/span><\/td>\n<\/tr>\n<tr>\n<td><span style=\"font-weight: 400;\">Empate<\/span><\/td>\n<td><span style=\"font-weight: 400;\">14\/5<\/span><\/td>\n<\/tr>\n<tr>\n<td><span style=\"font-weight: 400;\">Real Sociedad<\/span><\/td>\n<td><span style=\"font-weight: 400;\">7\/2<\/span><\/td>\n<\/tr>\n<tr>\n<td><span style=\"font-weight: 400;\">\u00daltimo cruce directo<\/span><\/td>\n<td><span style=\"font-weight: 400;\">Atl\u00e9tico 3-2 Real Sociedad<\/span><\/td>\n<\/tr>\n<tr>\n<td><span style=\"font-weight: 400;\">Cruce anterior<\/span><\/td>\n<td><span style=\"font-weight: 400;\">Real Sociedad 1-1 Atl\u00e9tico<\/span><\/td>\n<\/tr>\n<\/tbody>\n<\/table>\n<h2><span style=\"font-weight: 400;\">Atl\u00e9tico llega con una ventaja que no es casual<\/span><\/h2>\n<p><span style=\"font-weight: 400;\">El favoritismo de Atl\u00e9tico no se explica solo por su nombre ni por el peso del escudo. Tambi\u00e9n tiene que ver con el camino que recorri\u00f3 hasta la final. Reuters inform\u00f3 que el equipo de Diego Simeone volvi\u00f3 a una final de copa por primera vez desde 2013 tras eliminar a Barcelona. Ese recorrido dej\u00f3 una se\u00f1al clara: Atl\u00e9tico llega a este partido despu\u00e9s de una semifinal exigente, con capacidad para golpear y tambi\u00e9n para sostenerse en momentos de presi\u00f3n.<\/span><\/p>\n<p><span style=\"font-weight: 400;\">Adem\u00e1s, la historia reciente del club en esta competici\u00f3n ayuda a sostener la idea de que el mercado lo mira con respeto. La propia web de Atl\u00e9tico record\u00f3 que su \u00faltima final de Copa antes de esta fue la ganada en 2013 frente al Real Madrid. No es un dato que decida el partido, claro, pero s\u00ed refuerza la sensaci\u00f3n de que el equipo entra en un terreno que conoce y no en una cita excepcional sin memoria competitiva.<\/span><\/p>\n<h2><span style=\"font-weight: 400;\">La Real tambi\u00e9n trae un argumento serio<\/span><\/h2>\n<p><span style=\"font-weight: 400;\">Reuters cont\u00f3 que Real Sociedad alcanz\u00f3 la final tras vencer 1-0 a Athletic Club en la vuelta y cerrar la semifinal con un 2-0 global. Hay tres cosas que vuelven esta final especialmente interesante para las apuestas:<\/span><\/p>\n<ul>\n<li style=\"font-weight: 400;\" aria-level=\"1\"><span style=\"font-weight: 400;\">Atl\u00e9tico sale como favorito, pero no con una cuota tan corta como para borrar por completo a la Real del mapa.<\/span><\/li>\n<li style=\"font-weight: 400;\" aria-level=\"1\"><span style=\"font-weight: 400;\">los dos enfrentamientos ligueros de la temporada dejaron un empate y una victoria rojiblanca por un solo gol, as\u00ed que no hay una superioridad limpia en todos los escenarios.<\/span><\/li>\n<li style=\"font-weight: 400;\" aria-level=\"1\"><span style=\"font-weight: 400;\">ambos llegan despu\u00e9s de semifinales emocionalmente pesadas, algo que suele influir mucho en c\u00f3mo se lee una final \u00fanica.<\/span><\/li>\n<\/ul>\n<h2><span style=\"font-weight: 400;\">Sevilla ya huele a partido largo<\/span><\/h2>\n<p><span style=\"font-weight: 400;\">Atl\u00e9tico de Madrid llega a la final con el peso del favoritismo, sostenido por las cuotas, por sus resultados recientes y por el \u00faltimo duelo directo. Real Sociedad, en cambio, aparece como un rival mucho menos c\u00f3modo de lo que su precio puede sugerir, porque ya demostr\u00f3 que sabe competir este cruce y porque su ruta hasta Sevilla exigi\u00f3 mucho. Eso deja una previa de apuestas bastante atractiva: hay un equipo mejor posicionado en la pizarra, pero tambi\u00e9n suficientes se\u00f1ales sobre el campo como para que el partido no se lea como un tr\u00e1mite.<\/span><\/p>\n<p>&nbsp;<\/p>\n","protected":false},"excerpt":{"rendered":"<p>La final de la Copa del Rey 2026 ya dej\u00f3 de ser una idea lejana y empieza a sentirse como un partido que tambi\u00e9n se juega en el mercado. Atl\u00e9tico de Madrid y Real Sociedad se enfrentar\u00e1n el 18 de abril en La Cartuja, en Sevilla, despu\u00e9s de que Atl\u00e9tico eliminara a Barcelona por un [&hellip;]<\/p>\n","protected":false},"author":16,"featured_media":185430,"comment_status":"closed","ping_status":"closed","sticky":false,"template":"","format":"standard","meta":{"footnotes":""},"categories":[74],"tags":[],"class_list":["post-185429","post","type-post","status-publish","format-standard","has-post-thumbnail","hentry","category-emprendimientos"],"yoast_head":"<!-- This site is optimized with the Yoast SEO plugin v27.5 - https:\/\/yoast.com\/product\/yoast-seo-wordpress\/ -->\n<title>Atl\u00e9tico y Real Sociedad ya cargan la final<\/title>\n<meta name=\"description\" content=\"La final de Copa entre Atl\u00e9tico de Madrid y Real Sociedad ya tiene fecha mercado y antecedentes recientes que empujan la lectura de apuestas antes de Sevilla\" \/>\n<meta name=\"robots\" content=\"index, follow, max-snippet:-1, max-image-preview:large, max-video-preview:-1\" \/>\n<link rel=\"canonical\" href=\"https:\/\/noticiasmercedinas.com\/site\/2026\/04\/30\/atletico-y-real-sociedad-ya-cargan-la-final\/\" \/>\n<meta property=\"og:locale\" content=\"es_ES\" \/>\n<meta property=\"og:type\" content=\"article\" \/>\n<meta property=\"og:title\" content=\"Atl\u00e9tico y Real Sociedad ya cargan la final\" \/>\n<meta property=\"og:description\" content=\"La final de Copa entre Atl\u00e9tico de Madrid y Real Sociedad ya tiene fecha mercado y antecedentes recientes que empujan la lectura de apuestas antes de Sevilla\" \/>\n<meta property=\"og:url\" content=\"https:\/\/noticiasmercedinas.com\/site\/2026\/04\/30\/atletico-y-real-sociedad-ya-cargan-la-final\/\" \/>\n<meta property=\"og:site_name\" content=\"NOTICIASMERCEDINAS.COM\" \/>\n<meta property=\"article:publisher\" content=\"https:\/\/www.facebook.com\/noticiasmercedinas\/\" \/>\n<meta property=\"article:published_time\" content=\"2026-04-30T10:43:53+00:00\" \/>\n<meta property=\"og:image\" content=\"https:\/\/noticiasmercedinas.com\/site\/wp-content\/uploads\/2026\/04\/am.jpg\" \/>\n\t<meta property=\"og:image:width\" content=\"640\" \/>\n\t<meta property=\"og:image:height\" content=\"296\" \/>\n\t<meta property=\"og:image:type\" content=\"image\/jpeg\" \/>\n<meta name=\"author\" content=\"NOTICIASMERCEDINAS.COM\" \/>\n<meta name=\"twitter:card\" content=\"summary_large_image\" \/>\n<meta name=\"twitter:creator\" content=\"@notmercedinas\" \/>\n<meta name=\"twitter:site\" content=\"@notmercedinas\" \/>\n<meta name=\"twitter:label1\" content=\"Escrito por\" \/>\n\t<meta name=\"twitter:data1\" content=\"NOTICIASMERCEDINAS.COM\" \/>\n\t<meta name=\"twitter:label2\" content=\"Tiempo de lectura\" \/>\n\t<meta name=\"twitter:data2\" content=\"4 minutos\" \/>\n<script type=\"application\/ld+json\" class=\"yoast-schema-graph\">{\"@context\":\"https:\\\/\\\/schema.org\",\"@graph\":[{\"@type\":\"Article\",\"@id\":\"https:\\\/\\\/noticiasmercedinas.com\\\/site\\\/2026\\\/04\\\/30\\\/atletico-y-real-sociedad-ya-cargan-la-final\\\/#article\",\"isPartOf\":{\"@id\":\"https:\\\/\\\/noticiasmercedinas.com\\\/site\\\/2026\\\/04\\\/30\\\/atletico-y-real-sociedad-ya-cargan-la-final\\\/\"},\"author\":{\"name\":\"NOTICIASMERCEDINAS.COM\",\"@id\":\"https:\\\/\\\/noticiasmercedinas.com\\\/site\\\/#\\\/schema\\\/person\\\/84b59c099c28ff2e8b77d4ceec5d8063\"},\"headline\":\"Atl\u00e9tico y Real Sociedad ya cargan la final\",\"datePublished\":\"2026-04-30T10:43:53+00:00\",\"mainEntityOfPage\":{\"@id\":\"https:\\\/\\\/noticiasmercedinas.com\\\/site\\\/2026\\\/04\\\/30\\\/atletico-y-real-sociedad-ya-cargan-la-final\\\/\"},\"wordCount\":817,\"publisher\":{\"@id\":\"https:\\\/\\\/noticiasmercedinas.com\\\/site\\\/#organization\"},\"image\":{\"@id\":\"https:\\\/\\\/noticiasmercedinas.com\\\/site\\\/2026\\\/04\\\/30\\\/atletico-y-real-sociedad-ya-cargan-la-final\\\/#primaryimage\"},\"thumbnailUrl\":\"https:\\\/\\\/noticiasmercedinas.com\\\/site\\\/wp-content\\\/uploads\\\/2026\\\/04\\\/am.jpg\",\"articleSection\":[\"Emprendimientos\"],\"inLanguage\":\"es\"},{\"@type\":\"WebPage\",\"@id\":\"https:\\\/\\\/noticiasmercedinas.com\\\/site\\\/2026\\\/04\\\/30\\\/atletico-y-real-sociedad-ya-cargan-la-final\\\/\",\"url\":\"https:\\\/\\\/noticiasmercedinas.com\\\/site\\\/2026\\\/04\\\/30\\\/atletico-y-real-sociedad-ya-cargan-la-final\\\/\",\"name\":\"Atl\u00e9tico y Real Sociedad ya cargan la final\",\"isPartOf\":{\"@id\":\"https:\\\/\\\/noticiasmercedinas.com\\\/site\\\/#website\"},\"primaryImageOfPage\":{\"@id\":\"https:\\\/\\\/noticiasmercedinas.com\\\/site\\\/2026\\\/04\\\/30\\\/atletico-y-real-sociedad-ya-cargan-la-final\\\/#primaryimage\"},\"image\":{\"@id\":\"https:\\\/\\\/noticiasmercedinas.com\\\/site\\\/2026\\\/04\\\/30\\\/atletico-y-real-sociedad-ya-cargan-la-final\\\/#primaryimage\"},\"thumbnailUrl\":\"https:\\\/\\\/noticiasmercedinas.com\\\/site\\\/wp-content\\\/uploads\\\/2026\\\/04\\\/am.jpg\",\"datePublished\":\"2026-04-30T10:43:53+00:00\",\"description\":\"La final de Copa entre Atl\u00e9tico de Madrid y Real Sociedad ya tiene fecha mercado y antecedentes recientes que empujan la lectura de apuestas antes de Sevilla\",\"breadcrumb\":{\"@id\":\"https:\\\/\\\/noticiasmercedinas.com\\\/site\\\/2026\\\/04\\\/30\\\/atletico-y-real-sociedad-ya-cargan-la-final\\\/#breadcrumb\"},\"inLanguage\":\"es\",\"potentialAction\":[{\"@type\":\"ReadAction\",\"target\":[\"https:\\\/\\\/noticiasmercedinas.com\\\/site\\\/2026\\\/04\\\/30\\\/atletico-y-real-sociedad-ya-cargan-la-final\\\/\"]}]},{\"@type\":\"ImageObject\",\"inLanguage\":\"es\",\"@id\":\"https:\\\/\\\/noticiasmercedinas.com\\\/site\\\/2026\\\/04\\\/30\\\/atletico-y-real-sociedad-ya-cargan-la-final\\\/#primaryimage\",\"url\":\"https:\\\/\\\/noticiasmercedinas.com\\\/site\\\/wp-content\\\/uploads\\\/2026\\\/04\\\/am.jpg\",\"contentUrl\":\"https:\\\/\\\/noticiasmercedinas.com\\\/site\\\/wp-content\\\/uploads\\\/2026\\\/04\\\/am.jpg\",\"width\":640,\"height\":296},{\"@type\":\"BreadcrumbList\",\"@id\":\"https:\\\/\\\/noticiasmercedinas.com\\\/site\\\/2026\\\/04\\\/30\\\/atletico-y-real-sociedad-ya-cargan-la-final\\\/#breadcrumb\",\"itemListElement\":[{\"@type\":\"ListItem\",\"position\":1,\"name\":\"Portada\",\"item\":\"https:\\\/\\\/noticiasmercedinas.com\\\/site\\\/\"},{\"@type\":\"ListItem\",\"position\":2,\"name\":\"Atl\u00e9tico y Real Sociedad ya cargan la final\"}]},{\"@type\":\"WebSite\",\"@id\":\"https:\\\/\\\/noticiasmercedinas.com\\\/site\\\/#website\",\"url\":\"https:\\\/\\\/noticiasmercedinas.com\\\/site\\\/\",\"name\":\"NOTICIASMERCEDINAS.COM\",\"description\":\"Mercedes, Buenos Aires, Argentina\",\"publisher\":{\"@id\":\"https:\\\/\\\/noticiasmercedinas.com\\\/site\\\/#organization\"},\"potentialAction\":[{\"@type\":\"SearchAction\",\"target\":{\"@type\":\"EntryPoint\",\"urlTemplate\":\"https:\\\/\\\/noticiasmercedinas.com\\\/site\\\/?s={search_term_string}\"},\"query-input\":{\"@type\":\"PropertyValueSpecification\",\"valueRequired\":true,\"valueName\":\"search_term_string\"}}],\"inLanguage\":\"es\"},{\"@type\":\"Organization\",\"@id\":\"https:\\\/\\\/noticiasmercedinas.com\\\/site\\\/#organization\",\"name\":\"NOTICIASMERCEDINAS.COM\",\"url\":\"https:\\\/\\\/noticiasmercedinas.com\\\/site\\\/\",\"logo\":{\"@type\":\"ImageObject\",\"inLanguage\":\"es\",\"@id\":\"https:\\\/\\\/noticiasmercedinas.com\\\/site\\\/#\\\/schema\\\/logo\\\/image\\\/\",\"url\":\"https:\\\/\\\/noticiasmercedinas.com\\\/site\\\/wp-content\\\/uploads\\\/2020\\\/06\\\/LOGO-512.jpg\",\"contentUrl\":\"https:\\\/\\\/noticiasmercedinas.com\\\/site\\\/wp-content\\\/uploads\\\/2020\\\/06\\\/LOGO-512.jpg\",\"width\":512,\"height\":512,\"caption\":\"NOTICIASMERCEDINAS.COM\"},\"image\":{\"@id\":\"https:\\\/\\\/noticiasmercedinas.com\\\/site\\\/#\\\/schema\\\/logo\\\/image\\\/\"},\"sameAs\":[\"https:\\\/\\\/www.facebook.com\\\/noticiasmercedinas\\\/\",\"https:\\\/\\\/x.com\\\/notmercedinas\",\"https:\\\/\\\/www.instagram.com\\\/noticiasmercedinas\\\/\"]},{\"@type\":\"Person\",\"@id\":\"https:\\\/\\\/noticiasmercedinas.com\\\/site\\\/#\\\/schema\\\/person\\\/84b59c099c28ff2e8b77d4ceec5d8063\",\"name\":\"NOTICIASMERCEDINAS.COM\",\"image\":{\"@type\":\"ImageObject\",\"inLanguage\":\"es\",\"@id\":\"https:\\\/\\\/secure.gravatar.com\\\/avatar\\\/4dfbf16b4d17945bfb6341b2d19043457132fcf478a5ee04f42e959fd8f5df0a?s=96&d=mm&r=g\",\"url\":\"https:\\\/\\\/secure.gravatar.com\\\/avatar\\\/4dfbf16b4d17945bfb6341b2d19043457132fcf478a5ee04f42e959fd8f5df0a?s=96&d=mm&r=g\",\"contentUrl\":\"https:\\\/\\\/secure.gravatar.com\\\/avatar\\\/4dfbf16b4d17945bfb6341b2d19043457132fcf478a5ee04f42e959fd8f5df0a?s=96&d=mm&r=g\",\"caption\":\"NOTICIASMERCEDINAS.COM\"},\"url\":\"https:\\\/\\\/noticiasmercedinas.com\\\/site\\\/author\\\/anonimo\\\/\"}]}<\/script>\n<!-- \/ Yoast SEO plugin. -->","yoast_head_json":{"title":"Atl\u00e9tico y Real Sociedad ya cargan la final","description":"La final de Copa entre Atl\u00e9tico de Madrid y Real Sociedad ya tiene fecha mercado y antecedentes recientes que empujan la lectura de apuestas antes de Sevilla","robots":{"index":"index","follow":"follow","max-snippet":"max-snippet:-1","max-image-preview":"max-image-preview:large","max-video-preview":"max-video-preview:-1"},"canonical":"https:\/\/noticiasmercedinas.com\/site\/2026\/04\/30\/atletico-y-real-sociedad-ya-cargan-la-final\/","og_locale":"es_ES","og_type":"article","og_title":"Atl\u00e9tico y Real Sociedad ya cargan la final","og_description":"La final de Copa entre Atl\u00e9tico de Madrid y Real Sociedad ya tiene fecha mercado y antecedentes recientes que empujan la lectura de apuestas antes de Sevilla","og_url":"https:\/\/noticiasmercedinas.com\/site\/2026\/04\/30\/atletico-y-real-sociedad-ya-cargan-la-final\/","og_site_name":"NOTICIASMERCEDINAS.COM","article_publisher":"https:\/\/www.facebook.com\/noticiasmercedinas\/","article_published_time":"2026-04-30T10:43:53+00:00","og_image":[{"width":640,"height":296,"url":"https:\/\/noticiasmercedinas.com\/site\/wp-content\/uploads\/2026\/04\/am.jpg","type":"image\/jpeg"}],"author":"NOTICIASMERCEDINAS.COM","twitter_card":"summary_large_image","twitter_creator":"@notmercedinas","twitter_site":"@notmercedinas","twitter_misc":{"Escrito por":"NOTICIASMERCEDINAS.COM","Tiempo de lectura":"4 minutos"},"schema":{"@context":"https:\/\/schema.org","@graph":[{"@type":"Article","@id":"https:\/\/noticiasmercedinas.com\/site\/2026\/04\/30\/atletico-y-real-sociedad-ya-cargan-la-final\/#article","isPartOf":{"@id":"https:\/\/noticiasmercedinas.com\/site\/2026\/04\/30\/atletico-y-real-sociedad-ya-cargan-la-final\/"},"author":{"name":"NOTICIASMERCEDINAS.COM","@id":"https:\/\/noticiasmercedinas.com\/site\/#\/schema\/person\/84b59c099c28ff2e8b77d4ceec5d8063"},"headline":"Atl\u00e9tico y Real Sociedad ya cargan la final","datePublished":"2026-04-30T10:43:53+00:00","mainEntityOfPage":{"@id":"https:\/\/noticiasmercedinas.com\/site\/2026\/04\/30\/atletico-y-real-sociedad-ya-cargan-la-final\/"},"wordCount":817,"publisher":{"@id":"https:\/\/noticiasmercedinas.com\/site\/#organization"},"image":{"@id":"https:\/\/noticiasmercedinas.com\/site\/2026\/04\/30\/atletico-y-real-sociedad-ya-cargan-la-final\/#primaryimage"},"thumbnailUrl":"https:\/\/noticiasmercedinas.com\/site\/wp-content\/uploads\/2026\/04\/am.jpg","articleSection":["Emprendimientos"],"inLanguage":"es"},{"@type":"WebPage","@id":"https:\/\/noticiasmercedinas.com\/site\/2026\/04\/30\/atletico-y-real-sociedad-ya-cargan-la-final\/","url":"https:\/\/noticiasmercedinas.com\/site\/2026\/04\/30\/atletico-y-real-sociedad-ya-cargan-la-final\/","name":"Atl\u00e9tico y Real Sociedad ya cargan la final","isPartOf":{"@id":"https:\/\/noticiasmercedinas.com\/site\/#website"},"primaryImageOfPage":{"@id":"https:\/\/noticiasmercedinas.com\/site\/2026\/04\/30\/atletico-y-real-sociedad-ya-cargan-la-final\/#primaryimage"},"image":{"@id":"https:\/\/noticiasmercedinas.com\/site\/2026\/04\/30\/atletico-y-real-sociedad-ya-cargan-la-final\/#primaryimage"},"thumbnailUrl":"https:\/\/noticiasmercedinas.com\/site\/wp-content\/uploads\/2026\/04\/am.jpg","datePublished":"2026-04-30T10:43:53+00:00","description":"La final de Copa entre Atl\u00e9tico de Madrid y Real Sociedad ya tiene fecha mercado y antecedentes recientes que empujan la lectura de apuestas antes de Sevilla","breadcrumb":{"@id":"https:\/\/noticiasmercedinas.com\/site\/2026\/04\/30\/atletico-y-real-sociedad-ya-cargan-la-final\/#breadcrumb"},"inLanguage":"es","potentialAction":[{"@type":"ReadAction","target":["https:\/\/noticiasmercedinas.com\/site\/2026\/04\/30\/atletico-y-real-sociedad-ya-cargan-la-final\/"]}]},{"@type":"ImageObject","inLanguage":"es","@id":"https:\/\/noticiasmercedinas.com\/site\/2026\/04\/30\/atletico-y-real-sociedad-ya-cargan-la-final\/#primaryimage","url":"https:\/\/noticiasmercedinas.com\/site\/wp-content\/uploads\/2026\/04\/am.jpg","contentUrl":"https:\/\/noticiasmercedinas.com\/site\/wp-content\/uploads\/2026\/04\/am.jpg","width":640,"height":296},{"@type":"BreadcrumbList","@id":"https:\/\/noticiasmercedinas.com\/site\/2026\/04\/30\/atletico-y-real-sociedad-ya-cargan-la-final\/#breadcrumb","itemListElement":[{"@type":"ListItem","position":1,"name":"Portada","item":"https:\/\/noticiasmercedinas.com\/site\/"},{"@type":"ListItem","position":2,"name":"Atl\u00e9tico y Real Sociedad ya cargan la final"}]},{"@type":"WebSite","@id":"https:\/\/noticiasmercedinas.com\/site\/#website","url":"https:\/\/noticiasmercedinas.com\/site\/","name":"NOTICIASMERCEDINAS.COM","description":"Mercedes, Buenos Aires, Argentina","publisher":{"@id":"https:\/\/noticiasmercedinas.com\/site\/#organization"},"potentialAction":[{"@type":"SearchAction","target":{"@type":"EntryPoint","urlTemplate":"https:\/\/noticiasmercedinas.com\/site\/?s={search_term_string}"},"query-input":{"@type":"PropertyValueSpecification","valueRequired":true,"valueName":"search_term_string"}}],"inLanguage":"es"},{"@type":"Organization","@id":"https:\/\/noticiasmercedinas.com\/site\/#organization","name":"NOTICIASMERCEDINAS.COM","url":"https:\/\/noticiasmercedinas.com\/site\/","logo":{"@type":"ImageObject","inLanguage":"es","@id":"https:\/\/noticiasmercedinas.com\/site\/#\/schema\/logo\/image\/","url":"https:\/\/noticiasmercedinas.com\/site\/wp-content\/uploads\/2020\/06\/LOGO-512.jpg","contentUrl":"https:\/\/noticiasmercedinas.com\/site\/wp-content\/uploads\/2020\/06\/LOGO-512.jpg","width":512,"height":512,"caption":"NOTICIASMERCEDINAS.COM"},"image":{"@id":"https:\/\/noticiasmercedinas.com\/site\/#\/schema\/logo\/image\/"},"sameAs":["https:\/\/www.facebook.com\/noticiasmercedinas\/","https:\/\/x.com\/notmercedinas","https:\/\/www.instagram.com\/noticiasmercedinas\/"]},{"@type":"Person","@id":"https:\/\/noticiasmercedinas.com\/site\/#\/schema\/person\/84b59c099c28ff2e8b77d4ceec5d8063","name":"NOTICIASMERCEDINAS.COM","image":{"@type":"ImageObject","inLanguage":"es","@id":"https:\/\/secure.gravatar.com\/avatar\/4dfbf16b4d17945bfb6341b2d19043457132fcf478a5ee04f42e959fd8f5df0a?s=96&d=mm&r=g","url":"https:\/\/secure.gravatar.com\/avatar\/4dfbf16b4d17945bfb6341b2d19043457132fcf478a5ee04f42e959fd8f5df0a?s=96&d=mm&r=g","contentUrl":"https:\/\/secure.gravatar.com\/avatar\/4dfbf16b4d17945bfb6341b2d19043457132fcf478a5ee04f42e959fd8f5df0a?s=96&d=mm&r=g","caption":"NOTICIASMERCEDINAS.COM"},"url":"https:\/\/noticiasmercedinas.com\/site\/author\/anonimo\/"}]}},"amp_enabled":true,"_links":{"self":[{"href":"https:\/\/noticiasmercedinas.com\/site\/wp-json\/wp\/v2\/posts\/185429","targetHints":{"allow":["GET"]}}],"collection":[{"href":"https:\/\/noticiasmercedinas.com\/site\/wp-json\/wp\/v2\/posts"}],"about":[{"href":"https:\/\/noticiasmercedinas.com\/site\/wp-json\/wp\/v2\/types\/post"}],"author":[{"embeddable":true,"href":"https:\/\/noticiasmercedinas.com\/site\/wp-json\/wp\/v2\/users\/16"}],"replies":[{"embeddable":true,"href":"https:\/\/noticiasmercedinas.com\/site\/wp-json\/wp\/v2\/comments?post=185429"}],"version-history":[{"count":1,"href":"https:\/\/noticiasmercedinas.com\/site\/wp-json\/wp\/v2\/posts\/185429\/revisions"}],"predecessor-version":[{"id":185431,"href":"https:\/\/noticiasmercedinas.com\/site\/wp-json\/wp\/v2\/posts\/185429\/revisions\/185431"}],"wp:featuredmedia":[{"embeddable":true,"href":"https:\/\/noticiasmercedinas.com\/site\/wp-json\/wp\/v2\/media\/185430"}],"wp:attachment":[{"href":"https:\/\/noticiasmercedinas.com\/site\/wp-json\/wp\/v2\/media?parent=185429"}],"wp:term":[{"taxonomy":"category","embeddable":true,"href":"https:\/\/noticiasmercedinas.com\/site\/wp-json\/wp\/v2\/categories?post=185429"},{"taxonomy":"post_tag","embeddable":true,"href":"https:\/\/noticiasmercedinas.com\/site\/wp-json\/wp\/v2\/tags?post=185429"}],"curies":[{"name":"wp","href":"https:\/\/api.w.org\/{rel}","templated":true}]}}