{"id":185437,"date":"2026-04-30T08:37:47","date_gmt":"2026-04-30T11:37:47","guid":{"rendered":"https:\/\/noticiasmercedinas.com\/site\/?p=185437"},"modified":"2026-04-30T08:37:47","modified_gmt":"2026-04-30T11:37:47","slug":"la-legion-mercedina-presento-el-duatlon-rural-la-matera-ante-el-concejo-deliberante","status":"publish","type":"post","link":"https:\/\/noticiasmercedinas.com\/site\/2026\/04\/30\/la-legion-mercedina-presento-el-duatlon-rural-la-matera-ante-el-concejo-deliberante\/","title":{"rendered":"La Legi\u00f3n Mercedina present\u00f3 el \u00abDuatl\u00f3n Rural La Matera\u00bb ante el Concejo Deliberante"},"content":{"rendered":"<p><img loading=\"lazy\" decoding=\"async\" class=\"alignnone size-full wp-image-185438\" src=\"https:\/\/noticiasmercedinas.com\/site\/wp-content\/uploads\/2026\/04\/lamatera.jpg\" alt=\"\" width=\"640\" height=\"432\" srcset=\"https:\/\/noticiasmercedinas.com\/site\/wp-content\/uploads\/2026\/04\/lamatera.jpg 640w, https:\/\/noticiasmercedinas.com\/site\/wp-content\/uploads\/2026\/04\/lamatera-300x203.jpg 300w\" sizes=\"auto, (max-width: 640px) 100vw, 640px\" \/><\/p>\n<p>Representantes de La Legi\u00f3n Mercedina visitaron este mi\u00e9rcoles las comisiones del Honorable Concejo Deliberante (HCD). El objetivo del encuentro fue presentar formalmente e invitar a los ediles al pr\u00f3ximo Duatl\u00f3n Rural La Matera 2026, un evento que busca consolidarse en el calendario atl\u00e9tico regional.<\/p>\n<p>Durante la reuni\u00f3n, los organizadores detallaron las caracter\u00edsticas de esta prueba combinada, destacando el impacto positivo que generan este tipo de competencias en la promoci\u00f3n de la actividad f\u00edsica y el turismo rural para el partido de Mercedes.<\/p>\n<p><strong>Detalles de la competencia<\/strong><br \/>\nEl evento tendr\u00e1 lugar el pr\u00f3ximo domingo 17 de mayo de 2026 en el predio del Establecimiento La Matera. La organizaci\u00f3n ha dise\u00f1ado un circuito que permite la participaci\u00f3n tanto de atletas experimentados como de aficionados, ofreciendo modalidades de participaci\u00f3n individual y en postas.<\/p>\n<p>La exigencia t\u00e9cnica de la prueba estar\u00e1 dividida en tres etapas consecutivas:<\/p>\n<ul>\n<li>Tramo inicial: 4 kil\u00f3metros de pedestrismo (Run).<\/li>\n<li>Tramo intermedio: 20 kil\u00f3metros de ciclismo rural (Bike).<\/li>\n<li>Tramo final: 2 kil\u00f3metros de pedestrismo (Run) para completar el circuito.<\/li>\n<\/ul>\n<p><strong>Un espacio para el deporte y la comunidad<\/strong><br \/>\nDesde La Legi\u00f3n Mercedina subrayaron que la elecci\u00f3n del Establecimiento La Matera responde a la intenci\u00f3n de ofrecer a los competidores un \u00abd\u00eda campestre y deportivo\u00bb en un entorno natural \u00fanico. El encuentro en el HCD permiti\u00f3 a los concejales y concejalas conocer de cerca la log\u00edstica de seguridad y salud prevista para la jornada, as\u00ed como los canales de inscripci\u00f3n para la comunidad.<\/p>\n<p>Para obtener mayor informaci\u00f3n sobre el reglamento o el proceso de inscripci\u00f3n, los interesados pueden comunicarse a trav\u00e9s de los siguientes canales oficiales:<\/p>\n<p>WhatsApp: +54 9 2324 50-2505.<\/p>\n<p>Correo electr\u00f3nico: info.lalegionmercedina@gmail.com.<\/p>\n<p>Redes sociales: @LaLegionMercedina.<\/p>\n","protected":false},"excerpt":{"rendered":"<p>\u25a0 Integrantes de la agrupaci\u00f3n deportiva se reunieron con concejales para brindar detalles de la competencia que se realizar\u00e1 el 17 de mayo. La prueba combinar\u00e1 pedestrismo y ciclismo en un entorno campestre.<\/p>\n","protected":false},"author":16,"featured_media":185438,"comment_status":"closed","ping_status":"closed","sticky":false,"template":"","format":"standard","meta":{"footnotes":""},"categories":[5],"tags":[2574,19,15095,2163],"class_list":["post-185437","post","type-post","status-publish","format-standard","has-post-thumbnail","hentry","category-deportes","tag-duatlon","tag-hcd","tag-la-matera","tag-legion-mercedina"],"yoast_head":"<!-- This site is optimized with the Yoast SEO plugin v27.5 - https:\/\/yoast.com\/product\/yoast-seo-wordpress\/ -->\n<title>La Legi\u00f3n Mercedina present\u00f3 el &quot;Duatl\u00f3n Rural La Matera&quot; ante el Concejo Deliberante<\/title>\n<meta name=\"description\" content=\"Integrantes de la agrupaci\u00f3n deportiva se reunieron con concejales para brindar detalles de la competencia que se realizar\u00e1 el 17 de mayo. La prueba combinar\u00e1 pedestrismo y ciclismo en un entorno campestre.\" \/>\n<meta name=\"robots\" content=\"index, follow, max-snippet:-1, max-image-preview:large, max-video-preview:-1\" \/>\n<link rel=\"canonical\" href=\"https:\/\/noticiasmercedinas.com\/site\/2026\/04\/30\/la-legion-mercedina-presento-el-duatlon-rural-la-matera-ante-el-concejo-deliberante\/\" \/>\n<meta property=\"og:locale\" content=\"es_ES\" \/>\n<meta property=\"og:type\" content=\"article\" \/>\n<meta property=\"og:title\" content=\"La Legi\u00f3n Mercedina present\u00f3 el &quot;Duatl\u00f3n Rural La Matera&quot; ante el Concejo Deliberante\" \/>\n<meta property=\"og:description\" content=\"Integrantes de la agrupaci\u00f3n deportiva se reunieron con concejales para brindar detalles de la competencia que se realizar\u00e1 el 17 de mayo. La prueba combinar\u00e1 pedestrismo y ciclismo en un entorno campestre.\" \/>\n<meta property=\"og:url\" content=\"https:\/\/noticiasmercedinas.com\/site\/2026\/04\/30\/la-legion-mercedina-presento-el-duatlon-rural-la-matera-ante-el-concejo-deliberante\/\" \/>\n<meta property=\"og:site_name\" content=\"NOTICIASMERCEDINAS.COM\" \/>\n<meta property=\"article:publisher\" content=\"https:\/\/www.facebook.com\/noticiasmercedinas\/\" \/>\n<meta property=\"article:published_time\" content=\"2026-04-30T11:37:47+00:00\" \/>\n<meta property=\"og:image\" content=\"https:\/\/noticiasmercedinas.com\/site\/wp-content\/uploads\/2026\/04\/lamatera.jpg\" \/>\n\t<meta property=\"og:image:width\" content=\"640\" \/>\n\t<meta property=\"og:image:height\" content=\"432\" \/>\n\t<meta property=\"og:image:type\" content=\"image\/jpeg\" \/>\n<meta name=\"author\" content=\"NOTICIASMERCEDINAS.COM\" \/>\n<meta name=\"twitter:card\" content=\"summary_large_image\" \/>\n<meta name=\"twitter:creator\" content=\"@notmercedinas\" \/>\n<meta name=\"twitter:site\" content=\"@notmercedinas\" \/>\n<meta name=\"twitter:label1\" content=\"Escrito por\" \/>\n\t<meta name=\"twitter:data1\" content=\"NOTICIASMERCEDINAS.COM\" \/>\n\t<meta name=\"twitter:label2\" content=\"Tiempo de lectura\" \/>\n\t<meta name=\"twitter:data2\" content=\"2 minutos\" \/>\n<script type=\"application\/ld+json\" class=\"yoast-schema-graph\">{\"@context\":\"https:\\\/\\\/schema.org\",\"@graph\":[{\"@type\":\"Article\",\"@id\":\"https:\\\/\\\/noticiasmercedinas.com\\\/site\\\/2026\\\/04\\\/30\\\/la-legion-mercedina-presento-el-duatlon-rural-la-matera-ante-el-concejo-deliberante\\\/#article\",\"isPartOf\":{\"@id\":\"https:\\\/\\\/noticiasmercedinas.com\\\/site\\\/2026\\\/04\\\/30\\\/la-legion-mercedina-presento-el-duatlon-rural-la-matera-ante-el-concejo-deliberante\\\/\"},\"author\":{\"name\":\"NOTICIASMERCEDINAS.COM\",\"@id\":\"https:\\\/\\\/noticiasmercedinas.com\\\/site\\\/#\\\/schema\\\/person\\\/84b59c099c28ff2e8b77d4ceec5d8063\"},\"headline\":\"La Legi\u00f3n Mercedina present\u00f3 el \u00abDuatl\u00f3n Rural La Matera\u00bb ante el Concejo Deliberante\",\"datePublished\":\"2026-04-30T11:37:47+00:00\",\"mainEntityOfPage\":{\"@id\":\"https:\\\/\\\/noticiasmercedinas.com\\\/site\\\/2026\\\/04\\\/30\\\/la-legion-mercedina-presento-el-duatlon-rural-la-matera-ante-el-concejo-deliberante\\\/\"},\"wordCount\":311,\"publisher\":{\"@id\":\"https:\\\/\\\/noticiasmercedinas.com\\\/site\\\/#organization\"},\"image\":{\"@id\":\"https:\\\/\\\/noticiasmercedinas.com\\\/site\\\/2026\\\/04\\\/30\\\/la-legion-mercedina-presento-el-duatlon-rural-la-matera-ante-el-concejo-deliberante\\\/#primaryimage\"},\"thumbnailUrl\":\"https:\\\/\\\/noticiasmercedinas.com\\\/site\\\/wp-content\\\/uploads\\\/2026\\\/04\\\/lamatera.jpg\",\"keywords\":[\"duatlon\",\"HCD\",\"la matera\",\"legion mercedina\"],\"articleSection\":[\"Deportes\"],\"inLanguage\":\"es\"},{\"@type\":\"WebPage\",\"@id\":\"https:\\\/\\\/noticiasmercedinas.com\\\/site\\\/2026\\\/04\\\/30\\\/la-legion-mercedina-presento-el-duatlon-rural-la-matera-ante-el-concejo-deliberante\\\/\",\"url\":\"https:\\\/\\\/noticiasmercedinas.com\\\/site\\\/2026\\\/04\\\/30\\\/la-legion-mercedina-presento-el-duatlon-rural-la-matera-ante-el-concejo-deliberante\\\/\",\"name\":\"La Legi\u00f3n Mercedina present\u00f3 el \\\"Duatl\u00f3n Rural La Matera\\\" ante el Concejo Deliberante\",\"isPartOf\":{\"@id\":\"https:\\\/\\\/noticiasmercedinas.com\\\/site\\\/#website\"},\"primaryImageOfPage\":{\"@id\":\"https:\\\/\\\/noticiasmercedinas.com\\\/site\\\/2026\\\/04\\\/30\\\/la-legion-mercedina-presento-el-duatlon-rural-la-matera-ante-el-concejo-deliberante\\\/#primaryimage\"},\"image\":{\"@id\":\"https:\\\/\\\/noticiasmercedinas.com\\\/site\\\/2026\\\/04\\\/30\\\/la-legion-mercedina-presento-el-duatlon-rural-la-matera-ante-el-concejo-deliberante\\\/#primaryimage\"},\"thumbnailUrl\":\"https:\\\/\\\/noticiasmercedinas.com\\\/site\\\/wp-content\\\/uploads\\\/2026\\\/04\\\/lamatera.jpg\",\"datePublished\":\"2026-04-30T11:37:47+00:00\",\"description\":\"Integrantes de la agrupaci\u00f3n deportiva se reunieron con concejales para brindar detalles de la competencia que se realizar\u00e1 el 17 de mayo. La prueba combinar\u00e1 pedestrismo y ciclismo en un entorno campestre.\",\"breadcrumb\":{\"@id\":\"https:\\\/\\\/noticiasmercedinas.com\\\/site\\\/2026\\\/04\\\/30\\\/la-legion-mercedina-presento-el-duatlon-rural-la-matera-ante-el-concejo-deliberante\\\/#breadcrumb\"},\"inLanguage\":\"es\",\"potentialAction\":[{\"@type\":\"ReadAction\",\"target\":[\"https:\\\/\\\/noticiasmercedinas.com\\\/site\\\/2026\\\/04\\\/30\\\/la-legion-mercedina-presento-el-duatlon-rural-la-matera-ante-el-concejo-deliberante\\\/\"]}]},{\"@type\":\"ImageObject\",\"inLanguage\":\"es\",\"@id\":\"https:\\\/\\\/noticiasmercedinas.com\\\/site\\\/2026\\\/04\\\/30\\\/la-legion-mercedina-presento-el-duatlon-rural-la-matera-ante-el-concejo-deliberante\\\/#primaryimage\",\"url\":\"https:\\\/\\\/noticiasmercedinas.com\\\/site\\\/wp-content\\\/uploads\\\/2026\\\/04\\\/lamatera.jpg\",\"contentUrl\":\"https:\\\/\\\/noticiasmercedinas.com\\\/site\\\/wp-content\\\/uploads\\\/2026\\\/04\\\/lamatera.jpg\",\"width\":640,\"height\":432},{\"@type\":\"BreadcrumbList\",\"@id\":\"https:\\\/\\\/noticiasmercedinas.com\\\/site\\\/2026\\\/04\\\/30\\\/la-legion-mercedina-presento-el-duatlon-rural-la-matera-ante-el-concejo-deliberante\\\/#breadcrumb\",\"itemListElement\":[{\"@type\":\"ListItem\",\"position\":1,\"name\":\"Portada\",\"item\":\"https:\\\/\\\/noticiasmercedinas.com\\\/site\\\/\"},{\"@type\":\"ListItem\",\"position\":2,\"name\":\"La Legi\u00f3n Mercedina present\u00f3 el \u00abDuatl\u00f3n Rural La Matera\u00bb ante el Concejo Deliberante\"}]},{\"@type\":\"WebSite\",\"@id\":\"https:\\\/\\\/noticiasmercedinas.com\\\/site\\\/#website\",\"url\":\"https:\\\/\\\/noticiasmercedinas.com\\\/site\\\/\",\"name\":\"NOTICIASMERCEDINAS.COM\",\"description\":\"Mercedes, Buenos Aires, Argentina\",\"publisher\":{\"@id\":\"https:\\\/\\\/noticiasmercedinas.com\\\/site\\\/#organization\"},\"potentialAction\":[{\"@type\":\"SearchAction\",\"target\":{\"@type\":\"EntryPoint\",\"urlTemplate\":\"https:\\\/\\\/noticiasmercedinas.com\\\/site\\\/?s={search_term_string}\"},\"query-input\":{\"@type\":\"PropertyValueSpecification\",\"valueRequired\":true,\"valueName\":\"search_term_string\"}}],\"inLanguage\":\"es\"},{\"@type\":\"Organization\",\"@id\":\"https:\\\/\\\/noticiasmercedinas.com\\\/site\\\/#organization\",\"name\":\"NOTICIASMERCEDINAS.COM\",\"url\":\"https:\\\/\\\/noticiasmercedinas.com\\\/site\\\/\",\"logo\":{\"@type\":\"ImageObject\",\"inLanguage\":\"es\",\"@id\":\"https:\\\/\\\/noticiasmercedinas.com\\\/site\\\/#\\\/schema\\\/logo\\\/image\\\/\",\"url\":\"https:\\\/\\\/noticiasmercedinas.com\\\/site\\\/wp-content\\\/uploads\\\/2020\\\/06\\\/LOGO-512.jpg\",\"contentUrl\":\"https:\\\/\\\/noticiasmercedinas.com\\\/site\\\/wp-content\\\/uploads\\\/2020\\\/06\\\/LOGO-512.jpg\",\"width\":512,\"height\":512,\"caption\":\"NOTICIASMERCEDINAS.COM\"},\"image\":{\"@id\":\"https:\\\/\\\/noticiasmercedinas.com\\\/site\\\/#\\\/schema\\\/logo\\\/image\\\/\"},\"sameAs\":[\"https:\\\/\\\/www.facebook.com\\\/noticiasmercedinas\\\/\",\"https:\\\/\\\/x.com\\\/notmercedinas\",\"https:\\\/\\\/www.instagram.com\\\/noticiasmercedinas\\\/\"]},{\"@type\":\"Person\",\"@id\":\"https:\\\/\\\/noticiasmercedinas.com\\\/site\\\/#\\\/schema\\\/person\\\/84b59c099c28ff2e8b77d4ceec5d8063\",\"name\":\"NOTICIASMERCEDINAS.COM\",\"image\":{\"@type\":\"ImageObject\",\"inLanguage\":\"es\",\"@id\":\"https:\\\/\\\/secure.gravatar.com\\\/avatar\\\/4dfbf16b4d17945bfb6341b2d19043457132fcf478a5ee04f42e959fd8f5df0a?s=96&d=mm&r=g\",\"url\":\"https:\\\/\\\/secure.gravatar.com\\\/avatar\\\/4dfbf16b4d17945bfb6341b2d19043457132fcf478a5ee04f42e959fd8f5df0a?s=96&d=mm&r=g\",\"contentUrl\":\"https:\\\/\\\/secure.gravatar.com\\\/avatar\\\/4dfbf16b4d17945bfb6341b2d19043457132fcf478a5ee04f42e959fd8f5df0a?s=96&d=mm&r=g\",\"caption\":\"NOTICIASMERCEDINAS.COM\"},\"url\":\"https:\\\/\\\/noticiasmercedinas.com\\\/site\\\/author\\\/anonimo\\\/\"}]}<\/script>\n<!-- \/ Yoast SEO plugin. -->","yoast_head_json":{"title":"La Legi\u00f3n Mercedina present\u00f3 el \"Duatl\u00f3n Rural La Matera\" ante el Concejo Deliberante","description":"Integrantes de la agrupaci\u00f3n deportiva se reunieron con concejales para brindar detalles de la competencia que se realizar\u00e1 el 17 de mayo. La prueba combinar\u00e1 pedestrismo y ciclismo en un entorno campestre.","robots":{"index":"index","follow":"follow","max-snippet":"max-snippet:-1","max-image-preview":"max-image-preview:large","max-video-preview":"max-video-preview:-1"},"canonical":"https:\/\/noticiasmercedinas.com\/site\/2026\/04\/30\/la-legion-mercedina-presento-el-duatlon-rural-la-matera-ante-el-concejo-deliberante\/","og_locale":"es_ES","og_type":"article","og_title":"La Legi\u00f3n Mercedina present\u00f3 el \"Duatl\u00f3n Rural La Matera\" ante el Concejo Deliberante","og_description":"Integrantes de la agrupaci\u00f3n deportiva se reunieron con concejales para brindar detalles de la competencia que se realizar\u00e1 el 17 de mayo. La prueba combinar\u00e1 pedestrismo y ciclismo en un entorno campestre.","og_url":"https:\/\/noticiasmercedinas.com\/site\/2026\/04\/30\/la-legion-mercedina-presento-el-duatlon-rural-la-matera-ante-el-concejo-deliberante\/","og_site_name":"NOTICIASMERCEDINAS.COM","article_publisher":"https:\/\/www.facebook.com\/noticiasmercedinas\/","article_published_time":"2026-04-30T11:37:47+00:00","og_image":[{"width":640,"height":432,"url":"https:\/\/noticiasmercedinas.com\/site\/wp-content\/uploads\/2026\/04\/lamatera.jpg","type":"image\/jpeg"}],"author":"NOTICIASMERCEDINAS.COM","twitter_card":"summary_large_image","twitter_creator":"@notmercedinas","twitter_site":"@notmercedinas","twitter_misc":{"Escrito por":"NOTICIASMERCEDINAS.COM","Tiempo de lectura":"2 minutos"},"schema":{"@context":"https:\/\/schema.org","@graph":[{"@type":"Article","@id":"https:\/\/noticiasmercedinas.com\/site\/2026\/04\/30\/la-legion-mercedina-presento-el-duatlon-rural-la-matera-ante-el-concejo-deliberante\/#article","isPartOf":{"@id":"https:\/\/noticiasmercedinas.com\/site\/2026\/04\/30\/la-legion-mercedina-presento-el-duatlon-rural-la-matera-ante-el-concejo-deliberante\/"},"author":{"name":"NOTICIASMERCEDINAS.COM","@id":"https:\/\/noticiasmercedinas.com\/site\/#\/schema\/person\/84b59c099c28ff2e8b77d4ceec5d8063"},"headline":"La Legi\u00f3n Mercedina present\u00f3 el \u00abDuatl\u00f3n Rural La Matera\u00bb ante el Concejo Deliberante","datePublished":"2026-04-30T11:37:47+00:00","mainEntityOfPage":{"@id":"https:\/\/noticiasmercedinas.com\/site\/2026\/04\/30\/la-legion-mercedina-presento-el-duatlon-rural-la-matera-ante-el-concejo-deliberante\/"},"wordCount":311,"publisher":{"@id":"https:\/\/noticiasmercedinas.com\/site\/#organization"},"image":{"@id":"https:\/\/noticiasmercedinas.com\/site\/2026\/04\/30\/la-legion-mercedina-presento-el-duatlon-rural-la-matera-ante-el-concejo-deliberante\/#primaryimage"},"thumbnailUrl":"https:\/\/noticiasmercedinas.com\/site\/wp-content\/uploads\/2026\/04\/lamatera.jpg","keywords":["duatlon","HCD","la matera","legion mercedina"],"articleSection":["Deportes"],"inLanguage":"es"},{"@type":"WebPage","@id":"https:\/\/noticiasmercedinas.com\/site\/2026\/04\/30\/la-legion-mercedina-presento-el-duatlon-rural-la-matera-ante-el-concejo-deliberante\/","url":"https:\/\/noticiasmercedinas.com\/site\/2026\/04\/30\/la-legion-mercedina-presento-el-duatlon-rural-la-matera-ante-el-concejo-deliberante\/","name":"La Legi\u00f3n Mercedina present\u00f3 el \"Duatl\u00f3n Rural La Matera\" ante el Concejo Deliberante","isPartOf":{"@id":"https:\/\/noticiasmercedinas.com\/site\/#website"},"primaryImageOfPage":{"@id":"https:\/\/noticiasmercedinas.com\/site\/2026\/04\/30\/la-legion-mercedina-presento-el-duatlon-rural-la-matera-ante-el-concejo-deliberante\/#primaryimage"},"image":{"@id":"https:\/\/noticiasmercedinas.com\/site\/2026\/04\/30\/la-legion-mercedina-presento-el-duatlon-rural-la-matera-ante-el-concejo-deliberante\/#primaryimage"},"thumbnailUrl":"https:\/\/noticiasmercedinas.com\/site\/wp-content\/uploads\/2026\/04\/lamatera.jpg","datePublished":"2026-04-30T11:37:47+00:00","description":"Integrantes de la agrupaci\u00f3n deportiva se reunieron con concejales para brindar detalles de la competencia que se realizar\u00e1 el 17 de mayo. La prueba combinar\u00e1 pedestrismo y ciclismo en un entorno campestre.","breadcrumb":{"@id":"https:\/\/noticiasmercedinas.com\/site\/2026\/04\/30\/la-legion-mercedina-presento-el-duatlon-rural-la-matera-ante-el-concejo-deliberante\/#breadcrumb"},"inLanguage":"es","potentialAction":[{"@type":"ReadAction","target":["https:\/\/noticiasmercedinas.com\/site\/2026\/04\/30\/la-legion-mercedina-presento-el-duatlon-rural-la-matera-ante-el-concejo-deliberante\/"]}]},{"@type":"ImageObject","inLanguage":"es","@id":"https:\/\/noticiasmercedinas.com\/site\/2026\/04\/30\/la-legion-mercedina-presento-el-duatlon-rural-la-matera-ante-el-concejo-deliberante\/#primaryimage","url":"https:\/\/noticiasmercedinas.com\/site\/wp-content\/uploads\/2026\/04\/lamatera.jpg","contentUrl":"https:\/\/noticiasmercedinas.com\/site\/wp-content\/uploads\/2026\/04\/lamatera.jpg","width":640,"height":432},{"@type":"BreadcrumbList","@id":"https:\/\/noticiasmercedinas.com\/site\/2026\/04\/30\/la-legion-mercedina-presento-el-duatlon-rural-la-matera-ante-el-concejo-deliberante\/#breadcrumb","itemListElement":[{"@type":"ListItem","position":1,"name":"Portada","item":"https:\/\/noticiasmercedinas.com\/site\/"},{"@type":"ListItem","position":2,"name":"La Legi\u00f3n Mercedina present\u00f3 el \u00abDuatl\u00f3n Rural La Matera\u00bb ante el Concejo Deliberante"}]},{"@type":"WebSite","@id":"https:\/\/noticiasmercedinas.com\/site\/#website","url":"https:\/\/noticiasmercedinas.com\/site\/","name":"NOTICIASMERCEDINAS.COM","description":"Mercedes, Buenos Aires, Argentina","publisher":{"@id":"https:\/\/noticiasmercedinas.com\/site\/#organization"},"potentialAction":[{"@type":"SearchAction","target":{"@type":"EntryPoint","urlTemplate":"https:\/\/noticiasmercedinas.com\/site\/?s={search_term_string}"},"query-input":{"@type":"PropertyValueSpecification","valueRequired":true,"valueName":"search_term_string"}}],"inLanguage":"es"},{"@type":"Organization","@id":"https:\/\/noticiasmercedinas.com\/site\/#organization","name":"NOTICIASMERCEDINAS.COM","url":"https:\/\/noticiasmercedinas.com\/site\/","logo":{"@type":"ImageObject","inLanguage":"es","@id":"https:\/\/noticiasmercedinas.com\/site\/#\/schema\/logo\/image\/","url":"https:\/\/noticiasmercedinas.com\/site\/wp-content\/uploads\/2020\/06\/LOGO-512.jpg","contentUrl":"https:\/\/noticiasmercedinas.com\/site\/wp-content\/uploads\/2020\/06\/LOGO-512.jpg","width":512,"height":512,"caption":"NOTICIASMERCEDINAS.COM"},"image":{"@id":"https:\/\/noticiasmercedinas.com\/site\/#\/schema\/logo\/image\/"},"sameAs":["https:\/\/www.facebook.com\/noticiasmercedinas\/","https:\/\/x.com\/notmercedinas","https:\/\/www.instagram.com\/noticiasmercedinas\/"]},{"@type":"Person","@id":"https:\/\/noticiasmercedinas.com\/site\/#\/schema\/person\/84b59c099c28ff2e8b77d4ceec5d8063","name":"NOTICIASMERCEDINAS.COM","image":{"@type":"ImageObject","inLanguage":"es","@id":"https:\/\/secure.gravatar.com\/avatar\/4dfbf16b4d17945bfb6341b2d19043457132fcf478a5ee04f42e959fd8f5df0a?s=96&d=mm&r=g","url":"https:\/\/secure.gravatar.com\/avatar\/4dfbf16b4d17945bfb6341b2d19043457132fcf478a5ee04f42e959fd8f5df0a?s=96&d=mm&r=g","contentUrl":"https:\/\/secure.gravatar.com\/avatar\/4dfbf16b4d17945bfb6341b2d19043457132fcf478a5ee04f42e959fd8f5df0a?s=96&d=mm&r=g","caption":"NOTICIASMERCEDINAS.COM"},"url":"https:\/\/noticiasmercedinas.com\/site\/author\/anonimo\/"}]}},"amp_enabled":true,"_links":{"self":[{"href":"https:\/\/noticiasmercedinas.com\/site\/wp-json\/wp\/v2\/posts\/185437","targetHints":{"allow":["GET"]}}],"collection":[{"href":"https:\/\/noticiasmercedinas.com\/site\/wp-json\/wp\/v2\/posts"}],"about":[{"href":"https:\/\/noticiasmercedinas.com\/site\/wp-json\/wp\/v2\/types\/post"}],"author":[{"embeddable":true,"href":"https:\/\/noticiasmercedinas.com\/site\/wp-json\/wp\/v2\/users\/16"}],"replies":[{"embeddable":true,"href":"https:\/\/noticiasmercedinas.com\/site\/wp-json\/wp\/v2\/comments?post=185437"}],"version-history":[{"count":1,"href":"https:\/\/noticiasmercedinas.com\/site\/wp-json\/wp\/v2\/posts\/185437\/revisions"}],"predecessor-version":[{"id":185439,"href":"https:\/\/noticiasmercedinas.com\/site\/wp-json\/wp\/v2\/posts\/185437\/revisions\/185439"}],"wp:featuredmedia":[{"embeddable":true,"href":"https:\/\/noticiasmercedinas.com\/site\/wp-json\/wp\/v2\/media\/185438"}],"wp:attachment":[{"href":"https:\/\/noticiasmercedinas.com\/site\/wp-json\/wp\/v2\/media?parent=185437"}],"wp:term":[{"taxonomy":"category","embeddable":true,"href":"https:\/\/noticiasmercedinas.com\/site\/wp-json\/wp\/v2\/categories?post=185437"},{"taxonomy":"post_tag","embeddable":true,"href":"https:\/\/noticiasmercedinas.com\/site\/wp-json\/wp\/v2\/tags?post=185437"}],"curies":[{"name":"wp","href":"https:\/\/api.w.org\/{rel}","templated":true}]}}