{"id":185442,"date":"2026-04-30T08:47:33","date_gmt":"2026-04-30T11:47:33","guid":{"rendered":"https:\/\/noticiasmercedinas.com\/site\/?p=185442"},"modified":"2026-04-30T08:47:33","modified_gmt":"2026-04-30T11:47:33","slug":"mercedes-lanza-un-nuevo-polo-productivo-y-turistico-permanente-en-la-plaza-san-martin","status":"publish","type":"post","link":"https:\/\/noticiasmercedinas.com\/site\/2026\/04\/30\/mercedes-lanza-un-nuevo-polo-productivo-y-turistico-permanente-en-la-plaza-san-martin\/","title":{"rendered":"Mercedes lanza un nuevo polo productivo y tur\u00edstico permanente en la Plaza San Mart\u00edn"},"content":{"rendered":"<p><img loading=\"lazy\" decoding=\"async\" class=\"alignnone size-full wp-image-185443\" src=\"https:\/\/noticiasmercedinas.com\/site\/wp-content\/uploads\/2026\/04\/WhatsApp-Image-2026-04-30-at-8.33.13-AM.jpeg\" alt=\"\" width=\"813\" height=\"481\" srcset=\"https:\/\/noticiasmercedinas.com\/site\/wp-content\/uploads\/2026\/04\/WhatsApp-Image-2026-04-30-at-8.33.13-AM.jpeg 813w, https:\/\/noticiasmercedinas.com\/site\/wp-content\/uploads\/2026\/04\/WhatsApp-Image-2026-04-30-at-8.33.13-AM-300x177.jpeg 300w, https:\/\/noticiasmercedinas.com\/site\/wp-content\/uploads\/2026\/04\/WhatsApp-Image-2026-04-30-at-8.33.13-AM-768x454.jpeg 768w, https:\/\/noticiasmercedinas.com\/site\/wp-content\/uploads\/2026\/04\/WhatsApp-Image-2026-04-30-at-8.33.13-AM-640x379.jpeg 640w, https:\/\/noticiasmercedinas.com\/site\/wp-content\/uploads\/2026\/04\/WhatsApp-Image-2026-04-30-at-8.33.13-AM-681x403.jpeg 681w\" sizes=\"auto, (max-width: 813px) 100vw, 813px\" \/><\/p>\n<p>En una apuesta por dinamizar la econom\u00eda social y fortalecer la identidad local, la Municipalidad de Mercedes, a trav\u00e9s de sus direcciones de Producci\u00f3n y Turismo, anunci\u00f3 la puesta en marcha de un nuevo dispositivo de promoci\u00f3n en la Plaza San Mart\u00edn. A partir del pr\u00f3ximo domingo 3 de mayo, el principal espacio verde del centro se transformar\u00e1 en un centro de referencia donde converger\u00e1n la informaci\u00f3n tur\u00edstica y la comercializaci\u00f3n de manufactura regional.<\/p>\n<p>La propuesta funcionar\u00e1 semanalmente en el horario de 10:00 a 14:00, ofreciendo a los vecinos y visitantes la posibilidad de adquirir productos con sello mercedino directamente de sus creadores. El proyecto no solo contempla el aspecto comercial, sino que tambi\u00e9n integra un Punto de Informaci\u00f3n Tur\u00edstica para orientar a los contingentes que visitan la ciudad durante los fines de semana.<\/p>\n<p><strong>Apoyo integral al productor local<\/strong><br \/>\nUna de las caracter\u00edsticas principales de esta medida es su car\u00e1cter gratuito para los emprendedores. El municipio asumir\u00e1 la log\u00edstica integral, proveyendo a los participantes de mesas, sillas e infraestructura necesaria para la exhibici\u00f3n de sus productos.<\/p>\n<p>Mart\u00edn Boragno, director de Producci\u00f3n, subray\u00f3 la importancia de la regularidad en esta estrategia:\u00a0\u00abNecesitamos seguir coordinando para asegurar la participaci\u00f3n de cada productor y organizar una estrategia que nos permita estar presentes todos los domingos, fortaleciendo este nuevo espacio de venta con identidad local\u00bb.<\/p>\n<p><strong>Sinergia institucional y tur\u00edstica<\/strong><br \/>\nLa iniciativa contar\u00e1 con el acompa\u00f1amiento de diversas ferias locales, generando un ambiente familiar en una zona de alta circulaci\u00f3n peatonal. Seg\u00fan explicaron desde la Direcci\u00f3n de Turismo, se busca que la Plaza San Mart\u00edn act\u00fae como un nexo comunitario donde el visitante pueda conocer los atractivos del partido y, al mismo tiempo, apoyar el desarrollo productivo local.<\/p>\n<p>Desde la administraci\u00f3n municipal calificaron la medida como una \u00abgran oportunidad\u00bb para los emprendedores que no cuentan con locales fijos, permiti\u00e9ndoles canalizar sus demandas y ventas en un espacio neur\u00e1lgico sin costos de participaci\u00f3n. La coordinaci\u00f3n general quedar\u00e1 bajo la \u00f3rbita de las carteras de Turismo y Producci\u00f3n, garantizando la continuidad de la propuesta durante todo el a\u00f1o.<\/p>\n","protected":false},"excerpt":{"rendered":"<p>\u25a0 La iniciativa funcionar\u00e1 todos los domingos de 10:00 a 14:00 horas. El municipio busca consolidar un canal de comercializaci\u00f3n gratuito para productores locales en un punto estrat\u00e9gico de la ciudad.<\/p>\n","protected":false},"author":16,"featured_media":185443,"comment_status":"closed","ping_status":"closed","sticky":false,"template":"","format":"standard","meta":{"footnotes":""},"categories":[3],"tags":[23,2822,32,22106],"class_list":["post-185442","post","type-post","status-publish","format-standard","has-post-thumbnail","hentry","category-sociedad","tag-mercedes","tag-plaza-san-martin","tag-produccion","tag-rurismo"],"yoast_head":"<!-- This site is optimized with the Yoast SEO plugin v27.5 - https:\/\/yoast.com\/product\/yoast-seo-wordpress\/ -->\n<title>Mercedes lanza un nuevo polo productivo y tur\u00edstico permanente en la Plaza San Mart\u00edn<\/title>\n<meta name=\"description\" content=\"La iniciativa funcionar\u00e1 todos los domingos de 10:00 a 14:00 horas. El municipio busca consolidar un canal de comercializaci\u00f3n gratuito para productores locales en un punto estrat\u00e9gico de la ciudad.\" \/>\n<meta name=\"robots\" content=\"index, follow, max-snippet:-1, max-image-preview:large, max-video-preview:-1\" \/>\n<link rel=\"canonical\" href=\"https:\/\/noticiasmercedinas.com\/site\/2026\/04\/30\/mercedes-lanza-un-nuevo-polo-productivo-y-turistico-permanente-en-la-plaza-san-martin\/\" \/>\n<meta property=\"og:locale\" content=\"es_ES\" \/>\n<meta property=\"og:type\" content=\"article\" \/>\n<meta property=\"og:title\" content=\"Mercedes lanza un nuevo polo productivo y tur\u00edstico permanente en la Plaza San Mart\u00edn\" \/>\n<meta property=\"og:description\" content=\"La iniciativa funcionar\u00e1 todos los domingos de 10:00 a 14:00 horas. El municipio busca consolidar un canal de comercializaci\u00f3n gratuito para productores locales en un punto estrat\u00e9gico de la ciudad.\" \/>\n<meta property=\"og:url\" content=\"https:\/\/noticiasmercedinas.com\/site\/2026\/04\/30\/mercedes-lanza-un-nuevo-polo-productivo-y-turistico-permanente-en-la-plaza-san-martin\/\" \/>\n<meta property=\"og:site_name\" content=\"NOTICIASMERCEDINAS.COM\" \/>\n<meta property=\"article:publisher\" content=\"https:\/\/www.facebook.com\/noticiasmercedinas\/\" \/>\n<meta property=\"article:published_time\" content=\"2026-04-30T11:47:33+00:00\" \/>\n<meta property=\"og:image\" content=\"https:\/\/noticiasmercedinas.com\/site\/wp-content\/uploads\/2026\/04\/WhatsApp-Image-2026-04-30-at-8.33.13-AM.jpeg\" \/>\n\t<meta property=\"og:image:width\" content=\"813\" \/>\n\t<meta property=\"og:image:height\" content=\"481\" \/>\n\t<meta property=\"og:image:type\" content=\"image\/jpeg\" \/>\n<meta name=\"author\" content=\"NOTICIASMERCEDINAS.COM\" \/>\n<meta name=\"twitter:card\" content=\"summary_large_image\" \/>\n<meta name=\"twitter:creator\" content=\"@notmercedinas\" \/>\n<meta name=\"twitter:site\" content=\"@notmercedinas\" \/>\n<meta name=\"twitter:label1\" content=\"Escrito por\" \/>\n\t<meta name=\"twitter:data1\" content=\"NOTICIASMERCEDINAS.COM\" \/>\n\t<meta name=\"twitter:label2\" content=\"Tiempo de lectura\" \/>\n\t<meta name=\"twitter:data2\" content=\"2 minutos\" \/>\n<script type=\"application\/ld+json\" class=\"yoast-schema-graph\">{\"@context\":\"https:\\\/\\\/schema.org\",\"@graph\":[{\"@type\":\"Article\",\"@id\":\"https:\\\/\\\/noticiasmercedinas.com\\\/site\\\/2026\\\/04\\\/30\\\/mercedes-lanza-un-nuevo-polo-productivo-y-turistico-permanente-en-la-plaza-san-martin\\\/#article\",\"isPartOf\":{\"@id\":\"https:\\\/\\\/noticiasmercedinas.com\\\/site\\\/2026\\\/04\\\/30\\\/mercedes-lanza-un-nuevo-polo-productivo-y-turistico-permanente-en-la-plaza-san-martin\\\/\"},\"author\":{\"name\":\"NOTICIASMERCEDINAS.COM\",\"@id\":\"https:\\\/\\\/noticiasmercedinas.com\\\/site\\\/#\\\/schema\\\/person\\\/84b59c099c28ff2e8b77d4ceec5d8063\"},\"headline\":\"Mercedes lanza un nuevo polo productivo y tur\u00edstico permanente en la Plaza San Mart\u00edn\",\"datePublished\":\"2026-04-30T11:47:33+00:00\",\"mainEntityOfPage\":{\"@id\":\"https:\\\/\\\/noticiasmercedinas.com\\\/site\\\/2026\\\/04\\\/30\\\/mercedes-lanza-un-nuevo-polo-productivo-y-turistico-permanente-en-la-plaza-san-martin\\\/\"},\"wordCount\":388,\"publisher\":{\"@id\":\"https:\\\/\\\/noticiasmercedinas.com\\\/site\\\/#organization\"},\"image\":{\"@id\":\"https:\\\/\\\/noticiasmercedinas.com\\\/site\\\/2026\\\/04\\\/30\\\/mercedes-lanza-un-nuevo-polo-productivo-y-turistico-permanente-en-la-plaza-san-martin\\\/#primaryimage\"},\"thumbnailUrl\":\"https:\\\/\\\/noticiasmercedinas.com\\\/site\\\/wp-content\\\/uploads\\\/2026\\\/04\\\/WhatsApp-Image-2026-04-30-at-8.33.13-AM.jpeg\",\"keywords\":[\"mercedes\",\"plaza san martin\",\"produccion\",\"rurismo\"],\"articleSection\":[\"Sociedad\"],\"inLanguage\":\"es\"},{\"@type\":\"WebPage\",\"@id\":\"https:\\\/\\\/noticiasmercedinas.com\\\/site\\\/2026\\\/04\\\/30\\\/mercedes-lanza-un-nuevo-polo-productivo-y-turistico-permanente-en-la-plaza-san-martin\\\/\",\"url\":\"https:\\\/\\\/noticiasmercedinas.com\\\/site\\\/2026\\\/04\\\/30\\\/mercedes-lanza-un-nuevo-polo-productivo-y-turistico-permanente-en-la-plaza-san-martin\\\/\",\"name\":\"Mercedes lanza un nuevo polo productivo y tur\u00edstico permanente en la Plaza San Mart\u00edn\",\"isPartOf\":{\"@id\":\"https:\\\/\\\/noticiasmercedinas.com\\\/site\\\/#website\"},\"primaryImageOfPage\":{\"@id\":\"https:\\\/\\\/noticiasmercedinas.com\\\/site\\\/2026\\\/04\\\/30\\\/mercedes-lanza-un-nuevo-polo-productivo-y-turistico-permanente-en-la-plaza-san-martin\\\/#primaryimage\"},\"image\":{\"@id\":\"https:\\\/\\\/noticiasmercedinas.com\\\/site\\\/2026\\\/04\\\/30\\\/mercedes-lanza-un-nuevo-polo-productivo-y-turistico-permanente-en-la-plaza-san-martin\\\/#primaryimage\"},\"thumbnailUrl\":\"https:\\\/\\\/noticiasmercedinas.com\\\/site\\\/wp-content\\\/uploads\\\/2026\\\/04\\\/WhatsApp-Image-2026-04-30-at-8.33.13-AM.jpeg\",\"datePublished\":\"2026-04-30T11:47:33+00:00\",\"description\":\"La iniciativa funcionar\u00e1 todos los domingos de 10:00 a 14:00 horas. El municipio busca consolidar un canal de comercializaci\u00f3n gratuito para productores locales en un punto estrat\u00e9gico de la ciudad.\",\"breadcrumb\":{\"@id\":\"https:\\\/\\\/noticiasmercedinas.com\\\/site\\\/2026\\\/04\\\/30\\\/mercedes-lanza-un-nuevo-polo-productivo-y-turistico-permanente-en-la-plaza-san-martin\\\/#breadcrumb\"},\"inLanguage\":\"es\",\"potentialAction\":[{\"@type\":\"ReadAction\",\"target\":[\"https:\\\/\\\/noticiasmercedinas.com\\\/site\\\/2026\\\/04\\\/30\\\/mercedes-lanza-un-nuevo-polo-productivo-y-turistico-permanente-en-la-plaza-san-martin\\\/\"]}]},{\"@type\":\"ImageObject\",\"inLanguage\":\"es\",\"@id\":\"https:\\\/\\\/noticiasmercedinas.com\\\/site\\\/2026\\\/04\\\/30\\\/mercedes-lanza-un-nuevo-polo-productivo-y-turistico-permanente-en-la-plaza-san-martin\\\/#primaryimage\",\"url\":\"https:\\\/\\\/noticiasmercedinas.com\\\/site\\\/wp-content\\\/uploads\\\/2026\\\/04\\\/WhatsApp-Image-2026-04-30-at-8.33.13-AM.jpeg\",\"contentUrl\":\"https:\\\/\\\/noticiasmercedinas.com\\\/site\\\/wp-content\\\/uploads\\\/2026\\\/04\\\/WhatsApp-Image-2026-04-30-at-8.33.13-AM.jpeg\",\"width\":813,\"height\":481},{\"@type\":\"BreadcrumbList\",\"@id\":\"https:\\\/\\\/noticiasmercedinas.com\\\/site\\\/2026\\\/04\\\/30\\\/mercedes-lanza-un-nuevo-polo-productivo-y-turistico-permanente-en-la-plaza-san-martin\\\/#breadcrumb\",\"itemListElement\":[{\"@type\":\"ListItem\",\"position\":1,\"name\":\"Portada\",\"item\":\"https:\\\/\\\/noticiasmercedinas.com\\\/site\\\/\"},{\"@type\":\"ListItem\",\"position\":2,\"name\":\"Mercedes lanza un nuevo polo productivo y tur\u00edstico permanente en la Plaza San Mart\u00edn\"}]},{\"@type\":\"WebSite\",\"@id\":\"https:\\\/\\\/noticiasmercedinas.com\\\/site\\\/#website\",\"url\":\"https:\\\/\\\/noticiasmercedinas.com\\\/site\\\/\",\"name\":\"NOTICIASMERCEDINAS.COM\",\"description\":\"Mercedes, Buenos Aires, Argentina\",\"publisher\":{\"@id\":\"https:\\\/\\\/noticiasmercedinas.com\\\/site\\\/#organization\"},\"potentialAction\":[{\"@type\":\"SearchAction\",\"target\":{\"@type\":\"EntryPoint\",\"urlTemplate\":\"https:\\\/\\\/noticiasmercedinas.com\\\/site\\\/?s={search_term_string}\"},\"query-input\":{\"@type\":\"PropertyValueSpecification\",\"valueRequired\":true,\"valueName\":\"search_term_string\"}}],\"inLanguage\":\"es\"},{\"@type\":\"Organization\",\"@id\":\"https:\\\/\\\/noticiasmercedinas.com\\\/site\\\/#organization\",\"name\":\"NOTICIASMERCEDINAS.COM\",\"url\":\"https:\\\/\\\/noticiasmercedinas.com\\\/site\\\/\",\"logo\":{\"@type\":\"ImageObject\",\"inLanguage\":\"es\",\"@id\":\"https:\\\/\\\/noticiasmercedinas.com\\\/site\\\/#\\\/schema\\\/logo\\\/image\\\/\",\"url\":\"https:\\\/\\\/noticiasmercedinas.com\\\/site\\\/wp-content\\\/uploads\\\/2020\\\/06\\\/LOGO-512.jpg\",\"contentUrl\":\"https:\\\/\\\/noticiasmercedinas.com\\\/site\\\/wp-content\\\/uploads\\\/2020\\\/06\\\/LOGO-512.jpg\",\"width\":512,\"height\":512,\"caption\":\"NOTICIASMERCEDINAS.COM\"},\"image\":{\"@id\":\"https:\\\/\\\/noticiasmercedinas.com\\\/site\\\/#\\\/schema\\\/logo\\\/image\\\/\"},\"sameAs\":[\"https:\\\/\\\/www.facebook.com\\\/noticiasmercedinas\\\/\",\"https:\\\/\\\/x.com\\\/notmercedinas\",\"https:\\\/\\\/www.instagram.com\\\/noticiasmercedinas\\\/\"]},{\"@type\":\"Person\",\"@id\":\"https:\\\/\\\/noticiasmercedinas.com\\\/site\\\/#\\\/schema\\\/person\\\/84b59c099c28ff2e8b77d4ceec5d8063\",\"name\":\"NOTICIASMERCEDINAS.COM\",\"image\":{\"@type\":\"ImageObject\",\"inLanguage\":\"es\",\"@id\":\"https:\\\/\\\/secure.gravatar.com\\\/avatar\\\/4dfbf16b4d17945bfb6341b2d19043457132fcf478a5ee04f42e959fd8f5df0a?s=96&d=mm&r=g\",\"url\":\"https:\\\/\\\/secure.gravatar.com\\\/avatar\\\/4dfbf16b4d17945bfb6341b2d19043457132fcf478a5ee04f42e959fd8f5df0a?s=96&d=mm&r=g\",\"contentUrl\":\"https:\\\/\\\/secure.gravatar.com\\\/avatar\\\/4dfbf16b4d17945bfb6341b2d19043457132fcf478a5ee04f42e959fd8f5df0a?s=96&d=mm&r=g\",\"caption\":\"NOTICIASMERCEDINAS.COM\"},\"url\":\"https:\\\/\\\/noticiasmercedinas.com\\\/site\\\/author\\\/anonimo\\\/\"}]}<\/script>\n<!-- \/ Yoast SEO plugin. -->","yoast_head_json":{"title":"Mercedes lanza un nuevo polo productivo y tur\u00edstico permanente en la Plaza San Mart\u00edn","description":"La iniciativa funcionar\u00e1 todos los domingos de 10:00 a 14:00 horas. El municipio busca consolidar un canal de comercializaci\u00f3n gratuito para productores locales en un punto estrat\u00e9gico de la ciudad.","robots":{"index":"index","follow":"follow","max-snippet":"max-snippet:-1","max-image-preview":"max-image-preview:large","max-video-preview":"max-video-preview:-1"},"canonical":"https:\/\/noticiasmercedinas.com\/site\/2026\/04\/30\/mercedes-lanza-un-nuevo-polo-productivo-y-turistico-permanente-en-la-plaza-san-martin\/","og_locale":"es_ES","og_type":"article","og_title":"Mercedes lanza un nuevo polo productivo y tur\u00edstico permanente en la Plaza San Mart\u00edn","og_description":"La iniciativa funcionar\u00e1 todos los domingos de 10:00 a 14:00 horas. El municipio busca consolidar un canal de comercializaci\u00f3n gratuito para productores locales en un punto estrat\u00e9gico de la ciudad.","og_url":"https:\/\/noticiasmercedinas.com\/site\/2026\/04\/30\/mercedes-lanza-un-nuevo-polo-productivo-y-turistico-permanente-en-la-plaza-san-martin\/","og_site_name":"NOTICIASMERCEDINAS.COM","article_publisher":"https:\/\/www.facebook.com\/noticiasmercedinas\/","article_published_time":"2026-04-30T11:47:33+00:00","og_image":[{"width":813,"height":481,"url":"https:\/\/noticiasmercedinas.com\/site\/wp-content\/uploads\/2026\/04\/WhatsApp-Image-2026-04-30-at-8.33.13-AM.jpeg","type":"image\/jpeg"}],"author":"NOTICIASMERCEDINAS.COM","twitter_card":"summary_large_image","twitter_creator":"@notmercedinas","twitter_site":"@notmercedinas","twitter_misc":{"Escrito por":"NOTICIASMERCEDINAS.COM","Tiempo de lectura":"2 minutos"},"schema":{"@context":"https:\/\/schema.org","@graph":[{"@type":"Article","@id":"https:\/\/noticiasmercedinas.com\/site\/2026\/04\/30\/mercedes-lanza-un-nuevo-polo-productivo-y-turistico-permanente-en-la-plaza-san-martin\/#article","isPartOf":{"@id":"https:\/\/noticiasmercedinas.com\/site\/2026\/04\/30\/mercedes-lanza-un-nuevo-polo-productivo-y-turistico-permanente-en-la-plaza-san-martin\/"},"author":{"name":"NOTICIASMERCEDINAS.COM","@id":"https:\/\/noticiasmercedinas.com\/site\/#\/schema\/person\/84b59c099c28ff2e8b77d4ceec5d8063"},"headline":"Mercedes lanza un nuevo polo productivo y tur\u00edstico permanente en la Plaza San Mart\u00edn","datePublished":"2026-04-30T11:47:33+00:00","mainEntityOfPage":{"@id":"https:\/\/noticiasmercedinas.com\/site\/2026\/04\/30\/mercedes-lanza-un-nuevo-polo-productivo-y-turistico-permanente-en-la-plaza-san-martin\/"},"wordCount":388,"publisher":{"@id":"https:\/\/noticiasmercedinas.com\/site\/#organization"},"image":{"@id":"https:\/\/noticiasmercedinas.com\/site\/2026\/04\/30\/mercedes-lanza-un-nuevo-polo-productivo-y-turistico-permanente-en-la-plaza-san-martin\/#primaryimage"},"thumbnailUrl":"https:\/\/noticiasmercedinas.com\/site\/wp-content\/uploads\/2026\/04\/WhatsApp-Image-2026-04-30-at-8.33.13-AM.jpeg","keywords":["mercedes","plaza san martin","produccion","rurismo"],"articleSection":["Sociedad"],"inLanguage":"es"},{"@type":"WebPage","@id":"https:\/\/noticiasmercedinas.com\/site\/2026\/04\/30\/mercedes-lanza-un-nuevo-polo-productivo-y-turistico-permanente-en-la-plaza-san-martin\/","url":"https:\/\/noticiasmercedinas.com\/site\/2026\/04\/30\/mercedes-lanza-un-nuevo-polo-productivo-y-turistico-permanente-en-la-plaza-san-martin\/","name":"Mercedes lanza un nuevo polo productivo y tur\u00edstico permanente en la Plaza San Mart\u00edn","isPartOf":{"@id":"https:\/\/noticiasmercedinas.com\/site\/#website"},"primaryImageOfPage":{"@id":"https:\/\/noticiasmercedinas.com\/site\/2026\/04\/30\/mercedes-lanza-un-nuevo-polo-productivo-y-turistico-permanente-en-la-plaza-san-martin\/#primaryimage"},"image":{"@id":"https:\/\/noticiasmercedinas.com\/site\/2026\/04\/30\/mercedes-lanza-un-nuevo-polo-productivo-y-turistico-permanente-en-la-plaza-san-martin\/#primaryimage"},"thumbnailUrl":"https:\/\/noticiasmercedinas.com\/site\/wp-content\/uploads\/2026\/04\/WhatsApp-Image-2026-04-30-at-8.33.13-AM.jpeg","datePublished":"2026-04-30T11:47:33+00:00","description":"La iniciativa funcionar\u00e1 todos los domingos de 10:00 a 14:00 horas. El municipio busca consolidar un canal de comercializaci\u00f3n gratuito para productores locales en un punto estrat\u00e9gico de la ciudad.","breadcrumb":{"@id":"https:\/\/noticiasmercedinas.com\/site\/2026\/04\/30\/mercedes-lanza-un-nuevo-polo-productivo-y-turistico-permanente-en-la-plaza-san-martin\/#breadcrumb"},"inLanguage":"es","potentialAction":[{"@type":"ReadAction","target":["https:\/\/noticiasmercedinas.com\/site\/2026\/04\/30\/mercedes-lanza-un-nuevo-polo-productivo-y-turistico-permanente-en-la-plaza-san-martin\/"]}]},{"@type":"ImageObject","inLanguage":"es","@id":"https:\/\/noticiasmercedinas.com\/site\/2026\/04\/30\/mercedes-lanza-un-nuevo-polo-productivo-y-turistico-permanente-en-la-plaza-san-martin\/#primaryimage","url":"https:\/\/noticiasmercedinas.com\/site\/wp-content\/uploads\/2026\/04\/WhatsApp-Image-2026-04-30-at-8.33.13-AM.jpeg","contentUrl":"https:\/\/noticiasmercedinas.com\/site\/wp-content\/uploads\/2026\/04\/WhatsApp-Image-2026-04-30-at-8.33.13-AM.jpeg","width":813,"height":481},{"@type":"BreadcrumbList","@id":"https:\/\/noticiasmercedinas.com\/site\/2026\/04\/30\/mercedes-lanza-un-nuevo-polo-productivo-y-turistico-permanente-en-la-plaza-san-martin\/#breadcrumb","itemListElement":[{"@type":"ListItem","position":1,"name":"Portada","item":"https:\/\/noticiasmercedinas.com\/site\/"},{"@type":"ListItem","position":2,"name":"Mercedes lanza un nuevo polo productivo y tur\u00edstico permanente en la Plaza San Mart\u00edn"}]},{"@type":"WebSite","@id":"https:\/\/noticiasmercedinas.com\/site\/#website","url":"https:\/\/noticiasmercedinas.com\/site\/","name":"NOTICIASMERCEDINAS.COM","description":"Mercedes, Buenos Aires, Argentina","publisher":{"@id":"https:\/\/noticiasmercedinas.com\/site\/#organization"},"potentialAction":[{"@type":"SearchAction","target":{"@type":"EntryPoint","urlTemplate":"https:\/\/noticiasmercedinas.com\/site\/?s={search_term_string}"},"query-input":{"@type":"PropertyValueSpecification","valueRequired":true,"valueName":"search_term_string"}}],"inLanguage":"es"},{"@type":"Organization","@id":"https:\/\/noticiasmercedinas.com\/site\/#organization","name":"NOTICIASMERCEDINAS.COM","url":"https:\/\/noticiasmercedinas.com\/site\/","logo":{"@type":"ImageObject","inLanguage":"es","@id":"https:\/\/noticiasmercedinas.com\/site\/#\/schema\/logo\/image\/","url":"https:\/\/noticiasmercedinas.com\/site\/wp-content\/uploads\/2020\/06\/LOGO-512.jpg","contentUrl":"https:\/\/noticiasmercedinas.com\/site\/wp-content\/uploads\/2020\/06\/LOGO-512.jpg","width":512,"height":512,"caption":"NOTICIASMERCEDINAS.COM"},"image":{"@id":"https:\/\/noticiasmercedinas.com\/site\/#\/schema\/logo\/image\/"},"sameAs":["https:\/\/www.facebook.com\/noticiasmercedinas\/","https:\/\/x.com\/notmercedinas","https:\/\/www.instagram.com\/noticiasmercedinas\/"]},{"@type":"Person","@id":"https:\/\/noticiasmercedinas.com\/site\/#\/schema\/person\/84b59c099c28ff2e8b77d4ceec5d8063","name":"NOTICIASMERCEDINAS.COM","image":{"@type":"ImageObject","inLanguage":"es","@id":"https:\/\/secure.gravatar.com\/avatar\/4dfbf16b4d17945bfb6341b2d19043457132fcf478a5ee04f42e959fd8f5df0a?s=96&d=mm&r=g","url":"https:\/\/secure.gravatar.com\/avatar\/4dfbf16b4d17945bfb6341b2d19043457132fcf478a5ee04f42e959fd8f5df0a?s=96&d=mm&r=g","contentUrl":"https:\/\/secure.gravatar.com\/avatar\/4dfbf16b4d17945bfb6341b2d19043457132fcf478a5ee04f42e959fd8f5df0a?s=96&d=mm&r=g","caption":"NOTICIASMERCEDINAS.COM"},"url":"https:\/\/noticiasmercedinas.com\/site\/author\/anonimo\/"}]}},"amp_enabled":true,"_links":{"self":[{"href":"https:\/\/noticiasmercedinas.com\/site\/wp-json\/wp\/v2\/posts\/185442","targetHints":{"allow":["GET"]}}],"collection":[{"href":"https:\/\/noticiasmercedinas.com\/site\/wp-json\/wp\/v2\/posts"}],"about":[{"href":"https:\/\/noticiasmercedinas.com\/site\/wp-json\/wp\/v2\/types\/post"}],"author":[{"embeddable":true,"href":"https:\/\/noticiasmercedinas.com\/site\/wp-json\/wp\/v2\/users\/16"}],"replies":[{"embeddable":true,"href":"https:\/\/noticiasmercedinas.com\/site\/wp-json\/wp\/v2\/comments?post=185442"}],"version-history":[{"count":1,"href":"https:\/\/noticiasmercedinas.com\/site\/wp-json\/wp\/v2\/posts\/185442\/revisions"}],"predecessor-version":[{"id":185444,"href":"https:\/\/noticiasmercedinas.com\/site\/wp-json\/wp\/v2\/posts\/185442\/revisions\/185444"}],"wp:featuredmedia":[{"embeddable":true,"href":"https:\/\/noticiasmercedinas.com\/site\/wp-json\/wp\/v2\/media\/185443"}],"wp:attachment":[{"href":"https:\/\/noticiasmercedinas.com\/site\/wp-json\/wp\/v2\/media?parent=185442"}],"wp:term":[{"taxonomy":"category","embeddable":true,"href":"https:\/\/noticiasmercedinas.com\/site\/wp-json\/wp\/v2\/categories?post=185442"},{"taxonomy":"post_tag","embeddable":true,"href":"https:\/\/noticiasmercedinas.com\/site\/wp-json\/wp\/v2\/tags?post=185442"}],"curies":[{"name":"wp","href":"https:\/\/api.w.org\/{rel}","templated":true}]}}