{"id":185446,"date":"2026-04-30T09:10:47","date_gmt":"2026-04-30T12:10:47","guid":{"rendered":"https:\/\/noticiasmercedinas.com\/site\/?p=185446"},"modified":"2026-04-30T09:10:47","modified_gmt":"2026-04-30T12:10:47","slug":"mesa-ambiental-por-el-rio-lujan-sos-habitat-propone-un-plan-integral-de-preservacion-y-saneamiento","status":"publish","type":"post","link":"https:\/\/noticiasmercedinas.com\/site\/2026\/04\/30\/mesa-ambiental-por-el-rio-lujan-sos-habitat-propone-un-plan-integral-de-preservacion-y-saneamiento\/","title":{"rendered":"Mesa ambiental por el R\u00edo Luj\u00e1n: SOS H\u00e1bitat propone un plan integral de preservaci\u00f3n y saneamiento"},"content":{"rendered":"<p><img loading=\"lazy\" decoding=\"async\" class=\"alignnone size-full wp-image-185447\" src=\"https:\/\/noticiasmercedinas.com\/site\/wp-content\/uploads\/2026\/04\/SOS-scaled.jpg\" alt=\"\" width=\"2560\" height=\"1920\" srcset=\"https:\/\/noticiasmercedinas.com\/site\/wp-content\/uploads\/2026\/04\/SOS-scaled.jpg 2560w, https:\/\/noticiasmercedinas.com\/site\/wp-content\/uploads\/2026\/04\/SOS-300x225.jpg 300w, https:\/\/noticiasmercedinas.com\/site\/wp-content\/uploads\/2026\/04\/SOS-1024x768.jpg 1024w, https:\/\/noticiasmercedinas.com\/site\/wp-content\/uploads\/2026\/04\/SOS-768x576.jpg 768w, https:\/\/noticiasmercedinas.com\/site\/wp-content\/uploads\/2026\/04\/SOS-1536x1152.jpg 1536w, https:\/\/noticiasmercedinas.com\/site\/wp-content\/uploads\/2026\/04\/SOS-2048x1536.jpg 2048w, https:\/\/noticiasmercedinas.com\/site\/wp-content\/uploads\/2026\/04\/SOS-80x60.jpg 80w, https:\/\/noticiasmercedinas.com\/site\/wp-content\/uploads\/2026\/04\/SOS-160x120.jpg 160w, https:\/\/noticiasmercedinas.com\/site\/wp-content\/uploads\/2026\/04\/SOS-100x75.jpg 100w, https:\/\/noticiasmercedinas.com\/site\/wp-content\/uploads\/2026\/04\/SOS-200x150.jpg 200w, https:\/\/noticiasmercedinas.com\/site\/wp-content\/uploads\/2026\/04\/SOS-180x135.jpg 180w, https:\/\/noticiasmercedinas.com\/site\/wp-content\/uploads\/2026\/04\/SOS-360x270.jpg 360w, https:\/\/noticiasmercedinas.com\/site\/wp-content\/uploads\/2026\/04\/SOS-238x178.jpg 238w, https:\/\/noticiasmercedinas.com\/site\/wp-content\/uploads\/2026\/04\/SOS-476x356.jpg 476w, https:\/\/noticiasmercedinas.com\/site\/wp-content\/uploads\/2026\/04\/SOS-640x480.jpg 640w, https:\/\/noticiasmercedinas.com\/site\/wp-content\/uploads\/2026\/04\/SOS-1280x960.jpg 1280w, https:\/\/noticiasmercedinas.com\/site\/wp-content\/uploads\/2026\/04\/SOS-681x511.jpg 681w, https:\/\/noticiasmercedinas.com\/site\/wp-content\/uploads\/2026\/04\/SOS-1362x1022.jpg 1362w\" sizes=\"auto, (max-width: 2560px) 100vw, 2560px\" \/><\/p>\n<p>En un encuentro que tiene que ver con el futuro de los recursos h\u00eddricos locales, la organizaci\u00f3n S.O.S. H\u00e1bitat particip\u00f3 de una jornada participativa organizada por la Direcci\u00f3n de Ambiente en la emblem\u00e1tica Pulper\u00eda de \u00abCacho\u00bb Dicatarina.<\/p>\n<p>La reuni\u00f3n, realizada el pasado jueves 23 de abril, tuvo como eje central el dise\u00f1o de estrategias para la revalorizaci\u00f3n del R\u00edo Luj\u00e1n y sus afluentes dentro del partido de Mercedes.<\/p>\n<p>Desde la instituci\u00f3n de bien p\u00fablico destacaron la apertura del espacio, pero fueron tajantes al se\u00f1alar que cualquier mejora real en la calidad del curso de agua dulce depende de acciones de fondo que involucren tanto el control industrial como la planificaci\u00f3n territorial.<\/p>\n<p><strong>Denuncias por contaminaci\u00f3n y el modelo productivo<\/strong><br \/>\nPara S.O.S. H\u00e1bitat, la prioridad absoluta debe ser detener la contaminaci\u00f3n por qu\u00edmicos org\u00e1nicos e inorg\u00e1nicos. En este sentido, denunciaron que existen industrias identificadas que no realizan el tratamiento correcto de sus efluentes antes de verterlos al r\u00edo, situaci\u00f3n que calificaron como urgente de revertir.<\/p>\n<blockquote><p>Grandes del ambientalismo mercedino como Jorge Petrocelli, Javier Moleres o Pelusa Olivella fueron parte del encuentro junto a SOS H\u00e1bitat, organizaci\u00f3n que los contiene.<\/p><\/blockquote>\n<p>Asimismo, vincularon la salud del r\u00edo con el modelo de producci\u00f3n agr\u00edcola. \u00abEs necesario eliminar el uso de agroqu\u00edmicos que terminan escurriendo hacia el agua subterr\u00e1nea\u00bb, se\u00f1alaron, posicionando a la agroecolog\u00eda como el \u00fanico modelo sustentable capaz de proteger los acu\u00edferos de los cuales depende el suministro de agua dulce de la poblaci\u00f3n.<\/p>\n<p>Grandes del ambientalismo mercedino como Jorge Petrocelli, Javier Moleres o Pelusa Olivella fueron parte del encuentro junto a SOS H\u00e1bitat, organizaci\u00f3n que los contiene.<\/p>\n<p><strong>Cr\u00edticas a las obras estructurales y al COMILU<\/strong><br \/>\nUno de los puntos de mayor tensi\u00f3n en el debate t\u00e9cnico radica en la morfolog\u00eda del r\u00edo. La ONG manifest\u00f3 su firme oposici\u00f3n a los proyectos de la Cuenca impulsados por el Comit\u00e9 de Cuenca del R\u00edo Luj\u00e1n (COMILU) que pretenden modificar el cauce con obras estructurales.<\/p>\n<p>\u00abLo que se necesita es ordenar el territorio, no cambiar el cauce del r\u00edo\u00bb, sentenciaron los referentes ambientales, subrayando que se debe respetar la historia paleontol\u00f3gica y arqueol\u00f3gica del patrimonio rioplatense al momento de planificar intervenciones.<\/p>\n<p><strong>Acciones urgentes para el saneamiento<\/strong><br \/>\nRespecto a la infraestructura urbana, la organizaci\u00f3n hizo hincapi\u00e9 en que los canales de las calles 15 y 16 deben cumplir exclusivamente una funci\u00f3n pluvial.<\/p>\n<p>Rechazaron la posibilidad de entubarlos como medida de mitigaci\u00f3n, argumentando que \u00ablos problemas no se tapan, se solucionan\u00bb, en referencia a los vuelcos cloacales e industriales que hoy afectan esos conductos.<\/p>\n<p>Como propuestas de acci\u00f3n a corto y mediano plazo, S.O.S. H\u00e1bitat propuso:<\/p>\n<ul>\n<li>Aumento de la biodiversidad: Creaci\u00f3n de espacios de ribera con vegetaci\u00f3n nativa.<\/li>\n<li>Visibilizaci\u00f3n: Retomar actividades como los safaris n\u00e1uticos o las fiestas del r\u00edo para que la comunidad tome conciencia de su estado actual.<\/li>\n<li>Control integral: Atacar no solo los residuos s\u00f3lidos urbanos, sino tambi\u00e9n la carga org\u00e1nica e inorg\u00e1nica invisible.<\/li>\n<\/ul>\n<p>El encuentro concluy\u00f3 con el compromiso de continuar las mesas de trabajo, bajo la premisa de que la protecci\u00f3n del r\u00edo es un trabajo a largo plazo vital para las generaciones presentes y futuras.<\/p>\n<p><img loading=\"lazy\" decoding=\"async\" class=\"alignnone size-full wp-image-185448\" src=\"https:\/\/noticiasmercedinas.com\/site\/wp-content\/uploads\/2026\/04\/ambietalismo-scaled.jpg\" alt=\"\" width=\"2560\" height=\"1939\" srcset=\"https:\/\/noticiasmercedinas.com\/site\/wp-content\/uploads\/2026\/04\/ambietalismo-scaled.jpg 2560w, https:\/\/noticiasmercedinas.com\/site\/wp-content\/uploads\/2026\/04\/ambietalismo-300x227.jpg 300w, https:\/\/noticiasmercedinas.com\/site\/wp-content\/uploads\/2026\/04\/ambietalismo-1024x776.jpg 1024w, https:\/\/noticiasmercedinas.com\/site\/wp-content\/uploads\/2026\/04\/ambietalismo-768x582.jpg 768w, https:\/\/noticiasmercedinas.com\/site\/wp-content\/uploads\/2026\/04\/ambietalismo-1536x1163.jpg 1536w, https:\/\/noticiasmercedinas.com\/site\/wp-content\/uploads\/2026\/04\/ambietalismo-2048x1551.jpg 2048w, https:\/\/noticiasmercedinas.com\/site\/wp-content\/uploads\/2026\/04\/ambietalismo-80x60.jpg 80w, https:\/\/noticiasmercedinas.com\/site\/wp-content\/uploads\/2026\/04\/ambietalismo-160x120.jpg 160w, https:\/\/noticiasmercedinas.com\/site\/wp-content\/uploads\/2026\/04\/ambietalismo-100x75.jpg 100w, https:\/\/noticiasmercedinas.com\/site\/wp-content\/uploads\/2026\/04\/ambietalismo-200x150.jpg 200w, https:\/\/noticiasmercedinas.com\/site\/wp-content\/uploads\/2026\/04\/ambietalismo-180x135.jpg 180w, https:\/\/noticiasmercedinas.com\/site\/wp-content\/uploads\/2026\/04\/ambietalismo-640x485.jpg 640w, https:\/\/noticiasmercedinas.com\/site\/wp-content\/uploads\/2026\/04\/ambietalismo-1280x969.jpg 1280w, https:\/\/noticiasmercedinas.com\/site\/wp-content\/uploads\/2026\/04\/ambietalismo-681x516.jpg 681w, https:\/\/noticiasmercedinas.com\/site\/wp-content\/uploads\/2026\/04\/ambietalismo-1362x1031.jpg 1362w\" sizes=\"auto, (max-width: 2560px) 100vw, 2560px\" \/><\/p>\n","protected":false},"excerpt":{"rendered":"<p>\u25a0 La organizaci\u00f3n ambientalista particip\u00f3 de un encuentro participativo convocado por la Direcci\u00f3n de Ambiente local. Exigieron el cese de vuelcos industriales, el freno a las obras estructurales de cauce y la promoci\u00f3n de la agroecolog\u00eda para proteger el acu\u00edfero.<\/p>\n","protected":false},"author":16,"featured_media":185447,"comment_status":"closed","ping_status":"closed","sticky":false,"template":"","format":"standard","meta":{"footnotes":""},"categories":[5754,20734],"tags":[4889,1719,22107,75,444],"class_list":["post-185446","post","type-post","status-publish","format-standard","has-post-thumbnail","hentry","category-medio-ambiente","category-ultimo-momento","tag-javier-moleres","tag-jorge-petrocelli","tag-pelusa-olivella","tag-rio-lujan","tag-sos-habitat"],"yoast_head":"<!-- This site is optimized with the Yoast SEO plugin v27.5 - https:\/\/yoast.com\/product\/yoast-seo-wordpress\/ -->\n<title>Mesa ambiental por el R\u00edo Luj\u00e1n: SOS H\u00e1bitat propone un plan integral de preservaci\u00f3n y saneamiento<\/title>\n<meta name=\"description\" content=\"La organizaci\u00f3n ambientalista particip\u00f3 de un encuentro participativo convocado por la Direcci\u00f3n de Ambiente local. Exigieron el cese de vuelcos industriales, el freno a las obras estructurales de cauce y la promoci\u00f3n de la agroecolog\u00eda para proteger el acu\u00edfero.\" \/>\n<meta name=\"robots\" content=\"index, follow, max-snippet:-1, max-image-preview:large, max-video-preview:-1\" \/>\n<link rel=\"canonical\" href=\"https:\/\/noticiasmercedinas.com\/site\/2026\/04\/30\/mesa-ambiental-por-el-rio-lujan-sos-habitat-propone-un-plan-integral-de-preservacion-y-saneamiento\/\" \/>\n<meta property=\"og:locale\" content=\"es_ES\" \/>\n<meta property=\"og:type\" content=\"article\" \/>\n<meta property=\"og:title\" content=\"Mesa ambiental por el R\u00edo Luj\u00e1n: SOS H\u00e1bitat propone un plan integral de preservaci\u00f3n y saneamiento\" \/>\n<meta property=\"og:description\" content=\"La organizaci\u00f3n ambientalista particip\u00f3 de un encuentro participativo convocado por la Direcci\u00f3n de Ambiente local. Exigieron el cese de vuelcos industriales, el freno a las obras estructurales de cauce y la promoci\u00f3n de la agroecolog\u00eda para proteger el acu\u00edfero.\" \/>\n<meta property=\"og:url\" content=\"https:\/\/noticiasmercedinas.com\/site\/2026\/04\/30\/mesa-ambiental-por-el-rio-lujan-sos-habitat-propone-un-plan-integral-de-preservacion-y-saneamiento\/\" \/>\n<meta property=\"og:site_name\" content=\"NOTICIASMERCEDINAS.COM\" \/>\n<meta property=\"article:publisher\" content=\"https:\/\/www.facebook.com\/noticiasmercedinas\/\" \/>\n<meta property=\"article:published_time\" content=\"2026-04-30T12:10:47+00:00\" \/>\n<meta property=\"og:image\" content=\"https:\/\/noticiasmercedinas.com\/site\/wp-content\/uploads\/2026\/04\/SOS-scaled.jpg\" \/>\n\t<meta property=\"og:image:width\" content=\"2560\" \/>\n\t<meta property=\"og:image:height\" content=\"1920\" \/>\n\t<meta property=\"og:image:type\" content=\"image\/jpeg\" \/>\n<meta name=\"author\" content=\"NOTICIASMERCEDINAS.COM\" \/>\n<meta name=\"twitter:card\" content=\"summary_large_image\" \/>\n<meta name=\"twitter:creator\" content=\"@notmercedinas\" \/>\n<meta name=\"twitter:site\" content=\"@notmercedinas\" \/>\n<meta name=\"twitter:label1\" content=\"Escrito por\" \/>\n\t<meta name=\"twitter:data1\" content=\"NOTICIASMERCEDINAS.COM\" \/>\n\t<meta name=\"twitter:label2\" content=\"Tiempo de lectura\" \/>\n\t<meta name=\"twitter:data2\" content=\"3 minutos\" \/>\n<script type=\"application\/ld+json\" class=\"yoast-schema-graph\">{\"@context\":\"https:\\\/\\\/schema.org\",\"@graph\":[{\"@type\":\"Article\",\"@id\":\"https:\\\/\\\/noticiasmercedinas.com\\\/site\\\/2026\\\/04\\\/30\\\/mesa-ambiental-por-el-rio-lujan-sos-habitat-propone-un-plan-integral-de-preservacion-y-saneamiento\\\/#article\",\"isPartOf\":{\"@id\":\"https:\\\/\\\/noticiasmercedinas.com\\\/site\\\/2026\\\/04\\\/30\\\/mesa-ambiental-por-el-rio-lujan-sos-habitat-propone-un-plan-integral-de-preservacion-y-saneamiento\\\/\"},\"author\":{\"name\":\"NOTICIASMERCEDINAS.COM\",\"@id\":\"https:\\\/\\\/noticiasmercedinas.com\\\/site\\\/#\\\/schema\\\/person\\\/84b59c099c28ff2e8b77d4ceec5d8063\"},\"headline\":\"Mesa ambiental por el R\u00edo Luj\u00e1n: SOS H\u00e1bitat propone un plan integral de preservaci\u00f3n y saneamiento\",\"datePublished\":\"2026-04-30T12:10:47+00:00\",\"mainEntityOfPage\":{\"@id\":\"https:\\\/\\\/noticiasmercedinas.com\\\/site\\\/2026\\\/04\\\/30\\\/mesa-ambiental-por-el-rio-lujan-sos-habitat-propone-un-plan-integral-de-preservacion-y-saneamiento\\\/\"},\"wordCount\":599,\"publisher\":{\"@id\":\"https:\\\/\\\/noticiasmercedinas.com\\\/site\\\/#organization\"},\"image\":{\"@id\":\"https:\\\/\\\/noticiasmercedinas.com\\\/site\\\/2026\\\/04\\\/30\\\/mesa-ambiental-por-el-rio-lujan-sos-habitat-propone-un-plan-integral-de-preservacion-y-saneamiento\\\/#primaryimage\"},\"thumbnailUrl\":\"https:\\\/\\\/noticiasmercedinas.com\\\/site\\\/wp-content\\\/uploads\\\/2026\\\/04\\\/SOS-scaled.jpg\",\"keywords\":[\"javier moleres\",\"jorge petrocelli\",\"pelusa olivella\",\"rio lujan\",\"sos habitat\"],\"articleSection\":[\"Ambiente\",\"Ultimo momento\"],\"inLanguage\":\"es\"},{\"@type\":\"WebPage\",\"@id\":\"https:\\\/\\\/noticiasmercedinas.com\\\/site\\\/2026\\\/04\\\/30\\\/mesa-ambiental-por-el-rio-lujan-sos-habitat-propone-un-plan-integral-de-preservacion-y-saneamiento\\\/\",\"url\":\"https:\\\/\\\/noticiasmercedinas.com\\\/site\\\/2026\\\/04\\\/30\\\/mesa-ambiental-por-el-rio-lujan-sos-habitat-propone-un-plan-integral-de-preservacion-y-saneamiento\\\/\",\"name\":\"Mesa ambiental por el R\u00edo Luj\u00e1n: SOS H\u00e1bitat propone un plan integral de preservaci\u00f3n y saneamiento\",\"isPartOf\":{\"@id\":\"https:\\\/\\\/noticiasmercedinas.com\\\/site\\\/#website\"},\"primaryImageOfPage\":{\"@id\":\"https:\\\/\\\/noticiasmercedinas.com\\\/site\\\/2026\\\/04\\\/30\\\/mesa-ambiental-por-el-rio-lujan-sos-habitat-propone-un-plan-integral-de-preservacion-y-saneamiento\\\/#primaryimage\"},\"image\":{\"@id\":\"https:\\\/\\\/noticiasmercedinas.com\\\/site\\\/2026\\\/04\\\/30\\\/mesa-ambiental-por-el-rio-lujan-sos-habitat-propone-un-plan-integral-de-preservacion-y-saneamiento\\\/#primaryimage\"},\"thumbnailUrl\":\"https:\\\/\\\/noticiasmercedinas.com\\\/site\\\/wp-content\\\/uploads\\\/2026\\\/04\\\/SOS-scaled.jpg\",\"datePublished\":\"2026-04-30T12:10:47+00:00\",\"description\":\"La organizaci\u00f3n ambientalista particip\u00f3 de un encuentro participativo convocado por la Direcci\u00f3n de Ambiente local. Exigieron el cese de vuelcos industriales, el freno a las obras estructurales de cauce y la promoci\u00f3n de la agroecolog\u00eda para proteger el acu\u00edfero.\",\"breadcrumb\":{\"@id\":\"https:\\\/\\\/noticiasmercedinas.com\\\/site\\\/2026\\\/04\\\/30\\\/mesa-ambiental-por-el-rio-lujan-sos-habitat-propone-un-plan-integral-de-preservacion-y-saneamiento\\\/#breadcrumb\"},\"inLanguage\":\"es\",\"potentialAction\":[{\"@type\":\"ReadAction\",\"target\":[\"https:\\\/\\\/noticiasmercedinas.com\\\/site\\\/2026\\\/04\\\/30\\\/mesa-ambiental-por-el-rio-lujan-sos-habitat-propone-un-plan-integral-de-preservacion-y-saneamiento\\\/\"]}]},{\"@type\":\"ImageObject\",\"inLanguage\":\"es\",\"@id\":\"https:\\\/\\\/noticiasmercedinas.com\\\/site\\\/2026\\\/04\\\/30\\\/mesa-ambiental-por-el-rio-lujan-sos-habitat-propone-un-plan-integral-de-preservacion-y-saneamiento\\\/#primaryimage\",\"url\":\"https:\\\/\\\/noticiasmercedinas.com\\\/site\\\/wp-content\\\/uploads\\\/2026\\\/04\\\/SOS-scaled.jpg\",\"contentUrl\":\"https:\\\/\\\/noticiasmercedinas.com\\\/site\\\/wp-content\\\/uploads\\\/2026\\\/04\\\/SOS-scaled.jpg\",\"width\":2560,\"height\":1920},{\"@type\":\"BreadcrumbList\",\"@id\":\"https:\\\/\\\/noticiasmercedinas.com\\\/site\\\/2026\\\/04\\\/30\\\/mesa-ambiental-por-el-rio-lujan-sos-habitat-propone-un-plan-integral-de-preservacion-y-saneamiento\\\/#breadcrumb\",\"itemListElement\":[{\"@type\":\"ListItem\",\"position\":1,\"name\":\"Portada\",\"item\":\"https:\\\/\\\/noticiasmercedinas.com\\\/site\\\/\"},{\"@type\":\"ListItem\",\"position\":2,\"name\":\"Mesa ambiental por el R\u00edo Luj\u00e1n: SOS H\u00e1bitat propone un plan integral de preservaci\u00f3n y saneamiento\"}]},{\"@type\":\"WebSite\",\"@id\":\"https:\\\/\\\/noticiasmercedinas.com\\\/site\\\/#website\",\"url\":\"https:\\\/\\\/noticiasmercedinas.com\\\/site\\\/\",\"name\":\"NOTICIASMERCEDINAS.COM\",\"description\":\"Mercedes, Buenos Aires, Argentina\",\"publisher\":{\"@id\":\"https:\\\/\\\/noticiasmercedinas.com\\\/site\\\/#organization\"},\"potentialAction\":[{\"@type\":\"SearchAction\",\"target\":{\"@type\":\"EntryPoint\",\"urlTemplate\":\"https:\\\/\\\/noticiasmercedinas.com\\\/site\\\/?s={search_term_string}\"},\"query-input\":{\"@type\":\"PropertyValueSpecification\",\"valueRequired\":true,\"valueName\":\"search_term_string\"}}],\"inLanguage\":\"es\"},{\"@type\":\"Organization\",\"@id\":\"https:\\\/\\\/noticiasmercedinas.com\\\/site\\\/#organization\",\"name\":\"NOTICIASMERCEDINAS.COM\",\"url\":\"https:\\\/\\\/noticiasmercedinas.com\\\/site\\\/\",\"logo\":{\"@type\":\"ImageObject\",\"inLanguage\":\"es\",\"@id\":\"https:\\\/\\\/noticiasmercedinas.com\\\/site\\\/#\\\/schema\\\/logo\\\/image\\\/\",\"url\":\"https:\\\/\\\/noticiasmercedinas.com\\\/site\\\/wp-content\\\/uploads\\\/2020\\\/06\\\/LOGO-512.jpg\",\"contentUrl\":\"https:\\\/\\\/noticiasmercedinas.com\\\/site\\\/wp-content\\\/uploads\\\/2020\\\/06\\\/LOGO-512.jpg\",\"width\":512,\"height\":512,\"caption\":\"NOTICIASMERCEDINAS.COM\"},\"image\":{\"@id\":\"https:\\\/\\\/noticiasmercedinas.com\\\/site\\\/#\\\/schema\\\/logo\\\/image\\\/\"},\"sameAs\":[\"https:\\\/\\\/www.facebook.com\\\/noticiasmercedinas\\\/\",\"https:\\\/\\\/x.com\\\/notmercedinas\",\"https:\\\/\\\/www.instagram.com\\\/noticiasmercedinas\\\/\"]},{\"@type\":\"Person\",\"@id\":\"https:\\\/\\\/noticiasmercedinas.com\\\/site\\\/#\\\/schema\\\/person\\\/84b59c099c28ff2e8b77d4ceec5d8063\",\"name\":\"NOTICIASMERCEDINAS.COM\",\"image\":{\"@type\":\"ImageObject\",\"inLanguage\":\"es\",\"@id\":\"https:\\\/\\\/secure.gravatar.com\\\/avatar\\\/4dfbf16b4d17945bfb6341b2d19043457132fcf478a5ee04f42e959fd8f5df0a?s=96&d=mm&r=g\",\"url\":\"https:\\\/\\\/secure.gravatar.com\\\/avatar\\\/4dfbf16b4d17945bfb6341b2d19043457132fcf478a5ee04f42e959fd8f5df0a?s=96&d=mm&r=g\",\"contentUrl\":\"https:\\\/\\\/secure.gravatar.com\\\/avatar\\\/4dfbf16b4d17945bfb6341b2d19043457132fcf478a5ee04f42e959fd8f5df0a?s=96&d=mm&r=g\",\"caption\":\"NOTICIASMERCEDINAS.COM\"},\"url\":\"https:\\\/\\\/noticiasmercedinas.com\\\/site\\\/author\\\/anonimo\\\/\"}]}<\/script>\n<!-- \/ Yoast SEO plugin. -->","yoast_head_json":{"title":"Mesa ambiental por el R\u00edo Luj\u00e1n: SOS H\u00e1bitat propone un plan integral de preservaci\u00f3n y saneamiento","description":"La organizaci\u00f3n ambientalista particip\u00f3 de un encuentro participativo convocado por la Direcci\u00f3n de Ambiente local. Exigieron el cese de vuelcos industriales, el freno a las obras estructurales de cauce y la promoci\u00f3n de la agroecolog\u00eda para proteger el acu\u00edfero.","robots":{"index":"index","follow":"follow","max-snippet":"max-snippet:-1","max-image-preview":"max-image-preview:large","max-video-preview":"max-video-preview:-1"},"canonical":"https:\/\/noticiasmercedinas.com\/site\/2026\/04\/30\/mesa-ambiental-por-el-rio-lujan-sos-habitat-propone-un-plan-integral-de-preservacion-y-saneamiento\/","og_locale":"es_ES","og_type":"article","og_title":"Mesa ambiental por el R\u00edo Luj\u00e1n: SOS H\u00e1bitat propone un plan integral de preservaci\u00f3n y saneamiento","og_description":"La organizaci\u00f3n ambientalista particip\u00f3 de un encuentro participativo convocado por la Direcci\u00f3n de Ambiente local. Exigieron el cese de vuelcos industriales, el freno a las obras estructurales de cauce y la promoci\u00f3n de la agroecolog\u00eda para proteger el acu\u00edfero.","og_url":"https:\/\/noticiasmercedinas.com\/site\/2026\/04\/30\/mesa-ambiental-por-el-rio-lujan-sos-habitat-propone-un-plan-integral-de-preservacion-y-saneamiento\/","og_site_name":"NOTICIASMERCEDINAS.COM","article_publisher":"https:\/\/www.facebook.com\/noticiasmercedinas\/","article_published_time":"2026-04-30T12:10:47+00:00","og_image":[{"width":2560,"height":1920,"url":"https:\/\/noticiasmercedinas.com\/site\/wp-content\/uploads\/2026\/04\/SOS-scaled.jpg","type":"image\/jpeg"}],"author":"NOTICIASMERCEDINAS.COM","twitter_card":"summary_large_image","twitter_creator":"@notmercedinas","twitter_site":"@notmercedinas","twitter_misc":{"Escrito por":"NOTICIASMERCEDINAS.COM","Tiempo de lectura":"3 minutos"},"schema":{"@context":"https:\/\/schema.org","@graph":[{"@type":"Article","@id":"https:\/\/noticiasmercedinas.com\/site\/2026\/04\/30\/mesa-ambiental-por-el-rio-lujan-sos-habitat-propone-un-plan-integral-de-preservacion-y-saneamiento\/#article","isPartOf":{"@id":"https:\/\/noticiasmercedinas.com\/site\/2026\/04\/30\/mesa-ambiental-por-el-rio-lujan-sos-habitat-propone-un-plan-integral-de-preservacion-y-saneamiento\/"},"author":{"name":"NOTICIASMERCEDINAS.COM","@id":"https:\/\/noticiasmercedinas.com\/site\/#\/schema\/person\/84b59c099c28ff2e8b77d4ceec5d8063"},"headline":"Mesa ambiental por el R\u00edo Luj\u00e1n: SOS H\u00e1bitat propone un plan integral de preservaci\u00f3n y saneamiento","datePublished":"2026-04-30T12:10:47+00:00","mainEntityOfPage":{"@id":"https:\/\/noticiasmercedinas.com\/site\/2026\/04\/30\/mesa-ambiental-por-el-rio-lujan-sos-habitat-propone-un-plan-integral-de-preservacion-y-saneamiento\/"},"wordCount":599,"publisher":{"@id":"https:\/\/noticiasmercedinas.com\/site\/#organization"},"image":{"@id":"https:\/\/noticiasmercedinas.com\/site\/2026\/04\/30\/mesa-ambiental-por-el-rio-lujan-sos-habitat-propone-un-plan-integral-de-preservacion-y-saneamiento\/#primaryimage"},"thumbnailUrl":"https:\/\/noticiasmercedinas.com\/site\/wp-content\/uploads\/2026\/04\/SOS-scaled.jpg","keywords":["javier moleres","jorge petrocelli","pelusa olivella","rio lujan","sos habitat"],"articleSection":["Ambiente","Ultimo momento"],"inLanguage":"es"},{"@type":"WebPage","@id":"https:\/\/noticiasmercedinas.com\/site\/2026\/04\/30\/mesa-ambiental-por-el-rio-lujan-sos-habitat-propone-un-plan-integral-de-preservacion-y-saneamiento\/","url":"https:\/\/noticiasmercedinas.com\/site\/2026\/04\/30\/mesa-ambiental-por-el-rio-lujan-sos-habitat-propone-un-plan-integral-de-preservacion-y-saneamiento\/","name":"Mesa ambiental por el R\u00edo Luj\u00e1n: SOS H\u00e1bitat propone un plan integral de preservaci\u00f3n y saneamiento","isPartOf":{"@id":"https:\/\/noticiasmercedinas.com\/site\/#website"},"primaryImageOfPage":{"@id":"https:\/\/noticiasmercedinas.com\/site\/2026\/04\/30\/mesa-ambiental-por-el-rio-lujan-sos-habitat-propone-un-plan-integral-de-preservacion-y-saneamiento\/#primaryimage"},"image":{"@id":"https:\/\/noticiasmercedinas.com\/site\/2026\/04\/30\/mesa-ambiental-por-el-rio-lujan-sos-habitat-propone-un-plan-integral-de-preservacion-y-saneamiento\/#primaryimage"},"thumbnailUrl":"https:\/\/noticiasmercedinas.com\/site\/wp-content\/uploads\/2026\/04\/SOS-scaled.jpg","datePublished":"2026-04-30T12:10:47+00:00","description":"La organizaci\u00f3n ambientalista particip\u00f3 de un encuentro participativo convocado por la Direcci\u00f3n de Ambiente local. Exigieron el cese de vuelcos industriales, el freno a las obras estructurales de cauce y la promoci\u00f3n de la agroecolog\u00eda para proteger el acu\u00edfero.","breadcrumb":{"@id":"https:\/\/noticiasmercedinas.com\/site\/2026\/04\/30\/mesa-ambiental-por-el-rio-lujan-sos-habitat-propone-un-plan-integral-de-preservacion-y-saneamiento\/#breadcrumb"},"inLanguage":"es","potentialAction":[{"@type":"ReadAction","target":["https:\/\/noticiasmercedinas.com\/site\/2026\/04\/30\/mesa-ambiental-por-el-rio-lujan-sos-habitat-propone-un-plan-integral-de-preservacion-y-saneamiento\/"]}]},{"@type":"ImageObject","inLanguage":"es","@id":"https:\/\/noticiasmercedinas.com\/site\/2026\/04\/30\/mesa-ambiental-por-el-rio-lujan-sos-habitat-propone-un-plan-integral-de-preservacion-y-saneamiento\/#primaryimage","url":"https:\/\/noticiasmercedinas.com\/site\/wp-content\/uploads\/2026\/04\/SOS-scaled.jpg","contentUrl":"https:\/\/noticiasmercedinas.com\/site\/wp-content\/uploads\/2026\/04\/SOS-scaled.jpg","width":2560,"height":1920},{"@type":"BreadcrumbList","@id":"https:\/\/noticiasmercedinas.com\/site\/2026\/04\/30\/mesa-ambiental-por-el-rio-lujan-sos-habitat-propone-un-plan-integral-de-preservacion-y-saneamiento\/#breadcrumb","itemListElement":[{"@type":"ListItem","position":1,"name":"Portada","item":"https:\/\/noticiasmercedinas.com\/site\/"},{"@type":"ListItem","position":2,"name":"Mesa ambiental por el R\u00edo Luj\u00e1n: SOS H\u00e1bitat propone un plan integral de preservaci\u00f3n y saneamiento"}]},{"@type":"WebSite","@id":"https:\/\/noticiasmercedinas.com\/site\/#website","url":"https:\/\/noticiasmercedinas.com\/site\/","name":"NOTICIASMERCEDINAS.COM","description":"Mercedes, Buenos Aires, Argentina","publisher":{"@id":"https:\/\/noticiasmercedinas.com\/site\/#organization"},"potentialAction":[{"@type":"SearchAction","target":{"@type":"EntryPoint","urlTemplate":"https:\/\/noticiasmercedinas.com\/site\/?s={search_term_string}"},"query-input":{"@type":"PropertyValueSpecification","valueRequired":true,"valueName":"search_term_string"}}],"inLanguage":"es"},{"@type":"Organization","@id":"https:\/\/noticiasmercedinas.com\/site\/#organization","name":"NOTICIASMERCEDINAS.COM","url":"https:\/\/noticiasmercedinas.com\/site\/","logo":{"@type":"ImageObject","inLanguage":"es","@id":"https:\/\/noticiasmercedinas.com\/site\/#\/schema\/logo\/image\/","url":"https:\/\/noticiasmercedinas.com\/site\/wp-content\/uploads\/2020\/06\/LOGO-512.jpg","contentUrl":"https:\/\/noticiasmercedinas.com\/site\/wp-content\/uploads\/2020\/06\/LOGO-512.jpg","width":512,"height":512,"caption":"NOTICIASMERCEDINAS.COM"},"image":{"@id":"https:\/\/noticiasmercedinas.com\/site\/#\/schema\/logo\/image\/"},"sameAs":["https:\/\/www.facebook.com\/noticiasmercedinas\/","https:\/\/x.com\/notmercedinas","https:\/\/www.instagram.com\/noticiasmercedinas\/"]},{"@type":"Person","@id":"https:\/\/noticiasmercedinas.com\/site\/#\/schema\/person\/84b59c099c28ff2e8b77d4ceec5d8063","name":"NOTICIASMERCEDINAS.COM","image":{"@type":"ImageObject","inLanguage":"es","@id":"https:\/\/secure.gravatar.com\/avatar\/4dfbf16b4d17945bfb6341b2d19043457132fcf478a5ee04f42e959fd8f5df0a?s=96&d=mm&r=g","url":"https:\/\/secure.gravatar.com\/avatar\/4dfbf16b4d17945bfb6341b2d19043457132fcf478a5ee04f42e959fd8f5df0a?s=96&d=mm&r=g","contentUrl":"https:\/\/secure.gravatar.com\/avatar\/4dfbf16b4d17945bfb6341b2d19043457132fcf478a5ee04f42e959fd8f5df0a?s=96&d=mm&r=g","caption":"NOTICIASMERCEDINAS.COM"},"url":"https:\/\/noticiasmercedinas.com\/site\/author\/anonimo\/"}]}},"amp_enabled":true,"_links":{"self":[{"href":"https:\/\/noticiasmercedinas.com\/site\/wp-json\/wp\/v2\/posts\/185446","targetHints":{"allow":["GET"]}}],"collection":[{"href":"https:\/\/noticiasmercedinas.com\/site\/wp-json\/wp\/v2\/posts"}],"about":[{"href":"https:\/\/noticiasmercedinas.com\/site\/wp-json\/wp\/v2\/types\/post"}],"author":[{"embeddable":true,"href":"https:\/\/noticiasmercedinas.com\/site\/wp-json\/wp\/v2\/users\/16"}],"replies":[{"embeddable":true,"href":"https:\/\/noticiasmercedinas.com\/site\/wp-json\/wp\/v2\/comments?post=185446"}],"version-history":[{"count":1,"href":"https:\/\/noticiasmercedinas.com\/site\/wp-json\/wp\/v2\/posts\/185446\/revisions"}],"predecessor-version":[{"id":185449,"href":"https:\/\/noticiasmercedinas.com\/site\/wp-json\/wp\/v2\/posts\/185446\/revisions\/185449"}],"wp:featuredmedia":[{"embeddable":true,"href":"https:\/\/noticiasmercedinas.com\/site\/wp-json\/wp\/v2\/media\/185447"}],"wp:attachment":[{"href":"https:\/\/noticiasmercedinas.com\/site\/wp-json\/wp\/v2\/media?parent=185446"}],"wp:term":[{"taxonomy":"category","embeddable":true,"href":"https:\/\/noticiasmercedinas.com\/site\/wp-json\/wp\/v2\/categories?post=185446"},{"taxonomy":"post_tag","embeddable":true,"href":"https:\/\/noticiasmercedinas.com\/site\/wp-json\/wp\/v2\/tags?post=185446"}],"curies":[{"name":"wp","href":"https:\/\/api.w.org\/{rel}","templated":true}]}}