{"id":185452,"date":"2026-04-30T09:34:49","date_gmt":"2026-04-30T12:34:49","guid":{"rendered":"https:\/\/noticiasmercedinas.com\/site\/?p=185452"},"modified":"2026-04-30T14:05:35","modified_gmt":"2026-04-30T17:05:35","slug":"voces-que-no-callan-el-coraje-de-exigir-un-rio-vivo-frente-a-la-depredacion-como-paradigma","status":"publish","type":"post","link":"https:\/\/noticiasmercedinas.com\/site\/2026\/04\/30\/voces-que-no-callan-el-coraje-de-exigir-un-rio-vivo-frente-a-la-depredacion-como-paradigma\/","title":{"rendered":"Voces que no callan: el coraje de exigir un r\u00edo vivo frente a la depredaci\u00f3n como paradigma"},"content":{"rendered":"<p><img loading=\"lazy\" decoding=\"async\" class=\"alignnone size-full wp-image-185453\" src=\"https:\/\/noticiasmercedinas.com\/site\/wp-content\/uploads\/2026\/04\/WhatsApp-Image-2026-04-21-at-9.39.33-PM.jpeg\" alt=\"\" width=\"768\" height=\"489\" srcset=\"https:\/\/noticiasmercedinas.com\/site\/wp-content\/uploads\/2026\/04\/WhatsApp-Image-2026-04-21-at-9.39.33-PM.jpeg 768w, https:\/\/noticiasmercedinas.com\/site\/wp-content\/uploads\/2026\/04\/WhatsApp-Image-2026-04-21-at-9.39.33-PM-300x191.jpeg 300w, https:\/\/noticiasmercedinas.com\/site\/wp-content\/uploads\/2026\/04\/WhatsApp-Image-2026-04-21-at-9.39.33-PM-640x408.jpeg 640w, https:\/\/noticiasmercedinas.com\/site\/wp-content\/uploads\/2026\/04\/WhatsApp-Image-2026-04-21-at-9.39.33-PM-681x434.jpeg 681w\" sizes=\"auto, (max-width: 768px) 100vw, 768px\" \/><\/p>\n<p>La reciente mesa participativa ambiental <a href=\"https:\/\/noticiasmercedinas.com\/site\/2026\/04\/30\/mesa-ambiental-por-el-rio-lujan-sos-habitat-propone-un-plan-integral-de-preservacion-y-saneamiento\/\">realizada en la Pulper\u00eda de \u00abCacho\u00bb Dicatarina no fue solo una reuni\u00f3n t\u00e9cnica m\u00e1s<\/a>; fue el escenario donde volvieron a resonar las voces de quienes, con sabidur\u00eda y coraje, sostienen una lucha de d\u00e9cadas.<\/p>\n<p>En un contexto global donde el paradigma dominante parece ser la depredaci\u00f3n desenfrenada de recursos \u2014como si la \u00fanica opci\u00f3n de la humanidad fuera la huida hacia Marte ante la imposibilidad de salvar nuestro propio hogar\u2014, figuras como Jorge Petrocelli y Javier Moleres nos devuelven a la urgencia de lo territorial.<\/p>\n<blockquote><p>En un mundo que parece resignado a la autodestrucci\u00f3n, los referentes del ambientalismo mercedino Jorge Petrocelli y Javier Moleres marcan una hoja de ruta necesaria. El R\u00edo Luj\u00e1n, asfixiado por d\u00e9cadas de desidia industrial y estatal, es el campo de batalla local contra un modelo que prioriza el negocio por sobre la vida.<\/p><\/blockquote>\n<p>Desde Mercedes, este peque\u00f1o punto en el oeste bonaerense, el mensaje para el municipio, la provincia y la naci\u00f3n es uno solo: el ambiente es la prioridad absoluta porque no hay un planeta de repuesto.<\/p>\n<p><strong>El R\u00edo Luj\u00e1n: una herida abierta sin freno<\/strong><br \/>\nLa mayor preocupaci\u00f3n ambiental de nuestra cuenca sigue siendo el impacto sostenido y, hasta ahora, imparable de los residuos industriales. Durante a\u00f1os, mataderos, curtiembres y diversas f\u00e1bricas han operado en Mercedes sin un control \u00fatil y real, vertiendo desechos t\u00f3xicos directamente al R\u00edo Luj\u00e1n.<\/p>\n<p>Sin embargo, la responsabilidad no es solo privada. El propio Estado municipal mantiene una deuda hist\u00f3rica a trav\u00e9s de desv\u00edos cloacales masivos que fluyen por canales pluviales hacia el r\u00edo. Si bien existen planes para ampliar la planta depuradora, la realidad es que hoy gran parte de los desechos no llegan a tratamiento y terminan contaminando el recurso de agua dulce del que todos dependemos.<\/p>\n<p><strong>La sabidur\u00eda de la persistencia<\/strong><br \/>\nEs fundamental que las autoridades escuchen a estas voces se\u00f1eras. Jorge Petrocelli, fundador del Museo de Ciencias Naturales Carlos Ameghino, ha dedicado su vida a la conservaci\u00f3n, custodiando no solo el presente biol\u00f3gico sino el patrimonio paleontol\u00f3gico de la regi\u00f3n. Por su parte, Javier Moleres, referente de \u00abAmigos del R\u00edo Luj\u00e1n\u00bb, representa la integridad de la sociedad civil que no ha faltado a ninguna cita de reclamo ambiental.<\/p>\n<blockquote><p>Es hora de que el coraje de estos hombres sea respaldado por pol\u00edticas p\u00fablicas que, de una vez por todas, dejen de mirar hacia el costado.<\/p><\/blockquote>\n<p>Ambos han puesto siempre en tela de juicio el rol de contralor del Estado. Denuncian<strong> un sistema donde el dinero parece habilitar la modificaci\u00f3n de cualquier entorno natural, ignorando que el r\u00edo tiene una morfolog\u00eda y una historia que no pueden ser alteradas por caprichos de ingenier\u00eda o urgencias econ\u00f3micas<\/strong>.<\/p>\n<p><strong>Humanidad frente a negocios<\/strong><br \/>\nEl descontrol en la depredaci\u00f3n, justificado por las necesidades del \u00abhombre de negocios\u00bb y no del humano, <strong>se mantiene como un paradigma incomprensible pero vigente en todos los niveles del poder<\/strong>.<\/p>\n<p>Frente a las guerras permanentes por recursos, la propuesta local es la resistencia desde la conciencia:<\/p>\n<ul>\n<li>Agroecolog\u00eda frente al veneno de los agroqu\u00edmicos.<\/li>\n<li>Ordenamiento territorial frente a las obras de cauce del COMILU.<\/li>\n<li>Saneamiento real frente al maquillaje del entubamiento de canales.<\/li>\n<\/ul>\n<p>La presencia de Petrocelli, Moleres y otros referentes como \u00abPelusa\u00bb Olivella en la mesa de trabajo es un recordatorio de que la recuperaci\u00f3n del r\u00edo es un proceso colectivo. No se trata solo de limpiar residuos s\u00f3lidos; se trata de frenar el vertido invisible de t\u00f3xicos que nos est\u00e1 matando silenciosamente.<\/p>\n<p>Ya nos hab\u00edan abierto los sentidos a este problema vital para la humanidad pioneros como <strong>Hern\u00e1n Guinot desde los fogones del Club Gaucho, donde tambi\u00e9n estaba Marcelo Ram (a quien Adonis Giorgi le dedic\u00f3 <a href=\"https:\/\/share.google\/dgEMtexAijZG9R3gJ\">recientemente un libro<\/a>). Desde su rol como periodista y divulgador Guinot fue de los primeros que comenz\u00f3 a plantar \u00e1rboles con chicos de las escuelas.<\/strong><\/p>\n<p>Es hora de que el coraje de estos hombres sea respaldado por pol\u00edticas p\u00fablicas que, de una vez por todas, dejen de mirar hacia el costado.<\/p>\n<hr \/>\n<p><em>Cristian Falabella es periodista digital, docente y editor de Noticias Mercedinas<\/em><\/p>\n","protected":false},"excerpt":{"rendered":"<p>La reciente mesa participativa ambiental realizada en la Pulper\u00eda de \u00abCacho\u00bb Dicatarina no fue solo una reuni\u00f3n t\u00e9cnica m\u00e1s; fue el escenario donde volvieron a resonar las voces de quienes, con sabidur\u00eda y coraje, sostienen una lucha de d\u00e9cadas. En un contexto global donde el paradigma dominante parece ser la depredaci\u00f3n desenfrenada de recursos \u2014como [&hellip;]<\/p>\n","protected":false},"author":2,"featured_media":185453,"comment_status":"closed","ping_status":"closed","sticky":false,"template":"","format":"standard","meta":{"footnotes":""},"categories":[5754,8],"tags":[4944,4889,75,444],"class_list":["post-185452","post","type-post","status-publish","format-standard","has-post-thumbnail","hentry","category-medio-ambiente","category-opinion","tag-contaminacion","tag-javier-moleres","tag-rio-lujan","tag-sos-habitat"],"yoast_head":"<!-- This site is optimized with the Yoast SEO plugin v27.5 - https:\/\/yoast.com\/product\/yoast-seo-wordpress\/ -->\n<title>Voces que no callan: el coraje de exigir un r\u00edo vivo frente a la depredaci\u00f3n como paradigma<\/title>\n<meta name=\"description\" content=\"En un mundo que parece resignado a la autodestrucci\u00f3n, los referentes del ambientalismo mercedino Jorge Petrocelli y Javier Moleres marcan una hoja de ruta necesaria. El R\u00edo Luj\u00e1n, asfixiado por d\u00e9cadas de desidia industrial y estatal, es el campo de batalla local contra un modelo que prioriza el negocio por sobre la vida.\" \/>\n<meta name=\"robots\" content=\"index, follow, max-snippet:-1, max-image-preview:large, max-video-preview:-1\" \/>\n<link rel=\"canonical\" href=\"https:\/\/noticiasmercedinas.com\/site\/2026\/04\/30\/voces-que-no-callan-el-coraje-de-exigir-un-rio-vivo-frente-a-la-depredacion-como-paradigma\/\" \/>\n<meta property=\"og:locale\" content=\"es_ES\" \/>\n<meta property=\"og:type\" content=\"article\" \/>\n<meta property=\"og:title\" content=\"Voces que no callan: el coraje de exigir un r\u00edo vivo frente a la depredaci\u00f3n como paradigma\" \/>\n<meta property=\"og:description\" content=\"En un mundo que parece resignado a la autodestrucci\u00f3n, los referentes del ambientalismo mercedino Jorge Petrocelli y Javier Moleres marcan una hoja de ruta necesaria. El R\u00edo Luj\u00e1n, asfixiado por d\u00e9cadas de desidia industrial y estatal, es el campo de batalla local contra un modelo que prioriza el negocio por sobre la vida.\" \/>\n<meta property=\"og:url\" content=\"https:\/\/noticiasmercedinas.com\/site\/2026\/04\/30\/voces-que-no-callan-el-coraje-de-exigir-un-rio-vivo-frente-a-la-depredacion-como-paradigma\/\" \/>\n<meta property=\"og:site_name\" content=\"NOTICIASMERCEDINAS.COM\" \/>\n<meta property=\"article:publisher\" content=\"https:\/\/www.facebook.com\/noticiasmercedinas\/\" \/>\n<meta property=\"article:author\" content=\"https:\/\/www.facebook.com\/cristian.falabella\" \/>\n<meta property=\"article:published_time\" content=\"2026-04-30T12:34:49+00:00\" \/>\n<meta property=\"article:modified_time\" content=\"2026-04-30T17:05:35+00:00\" \/>\n<meta property=\"og:image\" content=\"https:\/\/noticiasmercedinas.com\/site\/wp-content\/uploads\/2026\/04\/WhatsApp-Image-2026-04-21-at-9.39.33-PM.jpeg\" \/>\n\t<meta property=\"og:image:width\" content=\"768\" \/>\n\t<meta property=\"og:image:height\" content=\"489\" \/>\n\t<meta property=\"og:image:type\" content=\"image\/jpeg\" \/>\n<meta name=\"author\" content=\"Cristian Falabella NOTICIASMERCEDINAS.COM\" \/>\n<meta name=\"twitter:card\" content=\"summary_large_image\" \/>\n<meta name=\"twitter:creator\" content=\"@https:\/\/twitter.com\/NOTMERCEDINAS\" \/>\n<meta name=\"twitter:site\" content=\"@notmercedinas\" \/>\n<meta name=\"twitter:label1\" content=\"Escrito por\" \/>\n\t<meta name=\"twitter:data1\" content=\"Cristian Falabella NOTICIASMERCEDINAS.COM\" \/>\n\t<meta name=\"twitter:label2\" content=\"Tiempo de lectura\" \/>\n\t<meta name=\"twitter:data2\" content=\"4 minutos\" \/>\n<script type=\"application\/ld+json\" class=\"yoast-schema-graph\">{\"@context\":\"https:\\\/\\\/schema.org\",\"@graph\":[{\"@type\":\"Article\",\"@id\":\"https:\\\/\\\/noticiasmercedinas.com\\\/site\\\/2026\\\/04\\\/30\\\/voces-que-no-callan-el-coraje-de-exigir-un-rio-vivo-frente-a-la-depredacion-como-paradigma\\\/#article\",\"isPartOf\":{\"@id\":\"https:\\\/\\\/noticiasmercedinas.com\\\/site\\\/2026\\\/04\\\/30\\\/voces-que-no-callan-el-coraje-de-exigir-un-rio-vivo-frente-a-la-depredacion-como-paradigma\\\/\"},\"author\":{\"name\":\"Cristian Falabella NOTICIASMERCEDINAS.COM\",\"@id\":\"https:\\\/\\\/noticiasmercedinas.com\\\/site\\\/#\\\/schema\\\/person\\\/d481a9696a5feaec13a60e2bbd991a6a\"},\"headline\":\"Voces que no callan: el coraje de exigir un r\u00edo vivo frente a la depredaci\u00f3n como paradigma\",\"datePublished\":\"2026-04-30T12:34:49+00:00\",\"dateModified\":\"2026-04-30T17:05:35+00:00\",\"mainEntityOfPage\":{\"@id\":\"https:\\\/\\\/noticiasmercedinas.com\\\/site\\\/2026\\\/04\\\/30\\\/voces-que-no-callan-el-coraje-de-exigir-un-rio-vivo-frente-a-la-depredacion-como-paradigma\\\/\"},\"wordCount\":740,\"publisher\":{\"@id\":\"https:\\\/\\\/noticiasmercedinas.com\\\/site\\\/#organization\"},\"image\":{\"@id\":\"https:\\\/\\\/noticiasmercedinas.com\\\/site\\\/2026\\\/04\\\/30\\\/voces-que-no-callan-el-coraje-de-exigir-un-rio-vivo-frente-a-la-depredacion-como-paradigma\\\/#primaryimage\"},\"thumbnailUrl\":\"https:\\\/\\\/noticiasmercedinas.com\\\/site\\\/wp-content\\\/uploads\\\/2026\\\/04\\\/WhatsApp-Image-2026-04-21-at-9.39.33-PM.jpeg\",\"keywords\":[\"contaminacion\",\"javier moleres\",\"rio lujan\",\"sos habitat\"],\"articleSection\":[\"Ambiente\",\"Opinion\"],\"inLanguage\":\"es\"},{\"@type\":\"WebPage\",\"@id\":\"https:\\\/\\\/noticiasmercedinas.com\\\/site\\\/2026\\\/04\\\/30\\\/voces-que-no-callan-el-coraje-de-exigir-un-rio-vivo-frente-a-la-depredacion-como-paradigma\\\/\",\"url\":\"https:\\\/\\\/noticiasmercedinas.com\\\/site\\\/2026\\\/04\\\/30\\\/voces-que-no-callan-el-coraje-de-exigir-un-rio-vivo-frente-a-la-depredacion-como-paradigma\\\/\",\"name\":\"Voces que no callan: el coraje de exigir un r\u00edo vivo frente a la depredaci\u00f3n como paradigma\",\"isPartOf\":{\"@id\":\"https:\\\/\\\/noticiasmercedinas.com\\\/site\\\/#website\"},\"primaryImageOfPage\":{\"@id\":\"https:\\\/\\\/noticiasmercedinas.com\\\/site\\\/2026\\\/04\\\/30\\\/voces-que-no-callan-el-coraje-de-exigir-un-rio-vivo-frente-a-la-depredacion-como-paradigma\\\/#primaryimage\"},\"image\":{\"@id\":\"https:\\\/\\\/noticiasmercedinas.com\\\/site\\\/2026\\\/04\\\/30\\\/voces-que-no-callan-el-coraje-de-exigir-un-rio-vivo-frente-a-la-depredacion-como-paradigma\\\/#primaryimage\"},\"thumbnailUrl\":\"https:\\\/\\\/noticiasmercedinas.com\\\/site\\\/wp-content\\\/uploads\\\/2026\\\/04\\\/WhatsApp-Image-2026-04-21-at-9.39.33-PM.jpeg\",\"datePublished\":\"2026-04-30T12:34:49+00:00\",\"dateModified\":\"2026-04-30T17:05:35+00:00\",\"description\":\"En un mundo que parece resignado a la autodestrucci\u00f3n, los referentes del ambientalismo mercedino Jorge Petrocelli y Javier Moleres marcan una hoja de ruta necesaria. El R\u00edo Luj\u00e1n, asfixiado por d\u00e9cadas de desidia industrial y estatal, es el campo de batalla local contra un modelo que prioriza el negocio por sobre la vida.\",\"breadcrumb\":{\"@id\":\"https:\\\/\\\/noticiasmercedinas.com\\\/site\\\/2026\\\/04\\\/30\\\/voces-que-no-callan-el-coraje-de-exigir-un-rio-vivo-frente-a-la-depredacion-como-paradigma\\\/#breadcrumb\"},\"inLanguage\":\"es\",\"potentialAction\":[{\"@type\":\"ReadAction\",\"target\":[\"https:\\\/\\\/noticiasmercedinas.com\\\/site\\\/2026\\\/04\\\/30\\\/voces-que-no-callan-el-coraje-de-exigir-un-rio-vivo-frente-a-la-depredacion-como-paradigma\\\/\"]}]},{\"@type\":\"ImageObject\",\"inLanguage\":\"es\",\"@id\":\"https:\\\/\\\/noticiasmercedinas.com\\\/site\\\/2026\\\/04\\\/30\\\/voces-que-no-callan-el-coraje-de-exigir-un-rio-vivo-frente-a-la-depredacion-como-paradigma\\\/#primaryimage\",\"url\":\"https:\\\/\\\/noticiasmercedinas.com\\\/site\\\/wp-content\\\/uploads\\\/2026\\\/04\\\/WhatsApp-Image-2026-04-21-at-9.39.33-PM.jpeg\",\"contentUrl\":\"https:\\\/\\\/noticiasmercedinas.com\\\/site\\\/wp-content\\\/uploads\\\/2026\\\/04\\\/WhatsApp-Image-2026-04-21-at-9.39.33-PM.jpeg\",\"width\":768,\"height\":489},{\"@type\":\"BreadcrumbList\",\"@id\":\"https:\\\/\\\/noticiasmercedinas.com\\\/site\\\/2026\\\/04\\\/30\\\/voces-que-no-callan-el-coraje-de-exigir-un-rio-vivo-frente-a-la-depredacion-como-paradigma\\\/#breadcrumb\",\"itemListElement\":[{\"@type\":\"ListItem\",\"position\":1,\"name\":\"Portada\",\"item\":\"https:\\\/\\\/noticiasmercedinas.com\\\/site\\\/\"},{\"@type\":\"ListItem\",\"position\":2,\"name\":\"Voces que no callan: el coraje de exigir un r\u00edo vivo frente a la depredaci\u00f3n como paradigma\"}]},{\"@type\":\"WebSite\",\"@id\":\"https:\\\/\\\/noticiasmercedinas.com\\\/site\\\/#website\",\"url\":\"https:\\\/\\\/noticiasmercedinas.com\\\/site\\\/\",\"name\":\"NOTICIASMERCEDINAS.COM\",\"description\":\"Mercedes, Buenos Aires, Argentina\",\"publisher\":{\"@id\":\"https:\\\/\\\/noticiasmercedinas.com\\\/site\\\/#organization\"},\"potentialAction\":[{\"@type\":\"SearchAction\",\"target\":{\"@type\":\"EntryPoint\",\"urlTemplate\":\"https:\\\/\\\/noticiasmercedinas.com\\\/site\\\/?s={search_term_string}\"},\"query-input\":{\"@type\":\"PropertyValueSpecification\",\"valueRequired\":true,\"valueName\":\"search_term_string\"}}],\"inLanguage\":\"es\"},{\"@type\":\"Organization\",\"@id\":\"https:\\\/\\\/noticiasmercedinas.com\\\/site\\\/#organization\",\"name\":\"NOTICIASMERCEDINAS.COM\",\"url\":\"https:\\\/\\\/noticiasmercedinas.com\\\/site\\\/\",\"logo\":{\"@type\":\"ImageObject\",\"inLanguage\":\"es\",\"@id\":\"https:\\\/\\\/noticiasmercedinas.com\\\/site\\\/#\\\/schema\\\/logo\\\/image\\\/\",\"url\":\"https:\\\/\\\/noticiasmercedinas.com\\\/site\\\/wp-content\\\/uploads\\\/2020\\\/06\\\/LOGO-512.jpg\",\"contentUrl\":\"https:\\\/\\\/noticiasmercedinas.com\\\/site\\\/wp-content\\\/uploads\\\/2020\\\/06\\\/LOGO-512.jpg\",\"width\":512,\"height\":512,\"caption\":\"NOTICIASMERCEDINAS.COM\"},\"image\":{\"@id\":\"https:\\\/\\\/noticiasmercedinas.com\\\/site\\\/#\\\/schema\\\/logo\\\/image\\\/\"},\"sameAs\":[\"https:\\\/\\\/www.facebook.com\\\/noticiasmercedinas\\\/\",\"https:\\\/\\\/x.com\\\/notmercedinas\",\"https:\\\/\\\/www.instagram.com\\\/noticiasmercedinas\\\/\"]},{\"@type\":\"Person\",\"@id\":\"https:\\\/\\\/noticiasmercedinas.com\\\/site\\\/#\\\/schema\\\/person\\\/d481a9696a5feaec13a60e2bbd991a6a\",\"name\":\"Cristian Falabella NOTICIASMERCEDINAS.COM\",\"image\":{\"@type\":\"ImageObject\",\"inLanguage\":\"es\",\"@id\":\"https:\\\/\\\/secure.gravatar.com\\\/avatar\\\/0dbbfc45970cc46bcd0e57766228574ff3511d6eed045b182f536f0f478c1f06?s=96&d=mm&r=g\",\"url\":\"https:\\\/\\\/secure.gravatar.com\\\/avatar\\\/0dbbfc45970cc46bcd0e57766228574ff3511d6eed045b182f536f0f478c1f06?s=96&d=mm&r=g\",\"contentUrl\":\"https:\\\/\\\/secure.gravatar.com\\\/avatar\\\/0dbbfc45970cc46bcd0e57766228574ff3511d6eed045b182f536f0f478c1f06?s=96&d=mm&r=g\",\"caption\":\"Cristian Falabella NOTICIASMERCEDINAS.COM\"},\"description\":\"Periodista, editor de Noticias Mercedinas. Pas\u00f3 por varias redacciones y emprendimientos de prensa, en distintos formatos y \u00e9pocas. Se especializ\u00f3 --y sigue haci\u00e9ndolo-- en comunicaci\u00f3n en la web y en junio de 2006 fund\u00f3 este diario digital.\",\"sameAs\":[\"https:\\\/\\\/noticiasmercedinas.com\",\"https:\\\/\\\/www.facebook.com\\\/cristian.falabella\",\"https:\\\/\\\/www.instagram.com\\\/noticiasmercedinas\\\/\",\"https:\\\/\\\/x.com\\\/https:\\\/\\\/twitter.com\\\/NOTMERCEDINAS\"],\"url\":\"https:\\\/\\\/noticiasmercedinas.com\\\/site\\\/author\\\/as000384\\\/\"}]}<\/script>\n<!-- \/ Yoast SEO plugin. -->","yoast_head_json":{"title":"Voces que no callan: el coraje de exigir un r\u00edo vivo frente a la depredaci\u00f3n como paradigma","description":"En un mundo que parece resignado a la autodestrucci\u00f3n, los referentes del ambientalismo mercedino Jorge Petrocelli y Javier Moleres marcan una hoja de ruta necesaria. El R\u00edo Luj\u00e1n, asfixiado por d\u00e9cadas de desidia industrial y estatal, es el campo de batalla local contra un modelo que prioriza el negocio por sobre la vida.","robots":{"index":"index","follow":"follow","max-snippet":"max-snippet:-1","max-image-preview":"max-image-preview:large","max-video-preview":"max-video-preview:-1"},"canonical":"https:\/\/noticiasmercedinas.com\/site\/2026\/04\/30\/voces-que-no-callan-el-coraje-de-exigir-un-rio-vivo-frente-a-la-depredacion-como-paradigma\/","og_locale":"es_ES","og_type":"article","og_title":"Voces que no callan: el coraje de exigir un r\u00edo vivo frente a la depredaci\u00f3n como paradigma","og_description":"En un mundo que parece resignado a la autodestrucci\u00f3n, los referentes del ambientalismo mercedino Jorge Petrocelli y Javier Moleres marcan una hoja de ruta necesaria. El R\u00edo Luj\u00e1n, asfixiado por d\u00e9cadas de desidia industrial y estatal, es el campo de batalla local contra un modelo que prioriza el negocio por sobre la vida.","og_url":"https:\/\/noticiasmercedinas.com\/site\/2026\/04\/30\/voces-que-no-callan-el-coraje-de-exigir-un-rio-vivo-frente-a-la-depredacion-como-paradigma\/","og_site_name":"NOTICIASMERCEDINAS.COM","article_publisher":"https:\/\/www.facebook.com\/noticiasmercedinas\/","article_author":"https:\/\/www.facebook.com\/cristian.falabella","article_published_time":"2026-04-30T12:34:49+00:00","article_modified_time":"2026-04-30T17:05:35+00:00","og_image":[{"width":768,"height":489,"url":"https:\/\/noticiasmercedinas.com\/site\/wp-content\/uploads\/2026\/04\/WhatsApp-Image-2026-04-21-at-9.39.33-PM.jpeg","type":"image\/jpeg"}],"author":"Cristian Falabella NOTICIASMERCEDINAS.COM","twitter_card":"summary_large_image","twitter_creator":"@https:\/\/twitter.com\/NOTMERCEDINAS","twitter_site":"@notmercedinas","twitter_misc":{"Escrito por":"Cristian Falabella NOTICIASMERCEDINAS.COM","Tiempo de lectura":"4 minutos"},"schema":{"@context":"https:\/\/schema.org","@graph":[{"@type":"Article","@id":"https:\/\/noticiasmercedinas.com\/site\/2026\/04\/30\/voces-que-no-callan-el-coraje-de-exigir-un-rio-vivo-frente-a-la-depredacion-como-paradigma\/#article","isPartOf":{"@id":"https:\/\/noticiasmercedinas.com\/site\/2026\/04\/30\/voces-que-no-callan-el-coraje-de-exigir-un-rio-vivo-frente-a-la-depredacion-como-paradigma\/"},"author":{"name":"Cristian Falabella NOTICIASMERCEDINAS.COM","@id":"https:\/\/noticiasmercedinas.com\/site\/#\/schema\/person\/d481a9696a5feaec13a60e2bbd991a6a"},"headline":"Voces que no callan: el coraje de exigir un r\u00edo vivo frente a la depredaci\u00f3n como paradigma","datePublished":"2026-04-30T12:34:49+00:00","dateModified":"2026-04-30T17:05:35+00:00","mainEntityOfPage":{"@id":"https:\/\/noticiasmercedinas.com\/site\/2026\/04\/30\/voces-que-no-callan-el-coraje-de-exigir-un-rio-vivo-frente-a-la-depredacion-como-paradigma\/"},"wordCount":740,"publisher":{"@id":"https:\/\/noticiasmercedinas.com\/site\/#organization"},"image":{"@id":"https:\/\/noticiasmercedinas.com\/site\/2026\/04\/30\/voces-que-no-callan-el-coraje-de-exigir-un-rio-vivo-frente-a-la-depredacion-como-paradigma\/#primaryimage"},"thumbnailUrl":"https:\/\/noticiasmercedinas.com\/site\/wp-content\/uploads\/2026\/04\/WhatsApp-Image-2026-04-21-at-9.39.33-PM.jpeg","keywords":["contaminacion","javier moleres","rio lujan","sos habitat"],"articleSection":["Ambiente","Opinion"],"inLanguage":"es"},{"@type":"WebPage","@id":"https:\/\/noticiasmercedinas.com\/site\/2026\/04\/30\/voces-que-no-callan-el-coraje-de-exigir-un-rio-vivo-frente-a-la-depredacion-como-paradigma\/","url":"https:\/\/noticiasmercedinas.com\/site\/2026\/04\/30\/voces-que-no-callan-el-coraje-de-exigir-un-rio-vivo-frente-a-la-depredacion-como-paradigma\/","name":"Voces que no callan: el coraje de exigir un r\u00edo vivo frente a la depredaci\u00f3n como paradigma","isPartOf":{"@id":"https:\/\/noticiasmercedinas.com\/site\/#website"},"primaryImageOfPage":{"@id":"https:\/\/noticiasmercedinas.com\/site\/2026\/04\/30\/voces-que-no-callan-el-coraje-de-exigir-un-rio-vivo-frente-a-la-depredacion-como-paradigma\/#primaryimage"},"image":{"@id":"https:\/\/noticiasmercedinas.com\/site\/2026\/04\/30\/voces-que-no-callan-el-coraje-de-exigir-un-rio-vivo-frente-a-la-depredacion-como-paradigma\/#primaryimage"},"thumbnailUrl":"https:\/\/noticiasmercedinas.com\/site\/wp-content\/uploads\/2026\/04\/WhatsApp-Image-2026-04-21-at-9.39.33-PM.jpeg","datePublished":"2026-04-30T12:34:49+00:00","dateModified":"2026-04-30T17:05:35+00:00","description":"En un mundo que parece resignado a la autodestrucci\u00f3n, los referentes del ambientalismo mercedino Jorge Petrocelli y Javier Moleres marcan una hoja de ruta necesaria. El R\u00edo Luj\u00e1n, asfixiado por d\u00e9cadas de desidia industrial y estatal, es el campo de batalla local contra un modelo que prioriza el negocio por sobre la vida.","breadcrumb":{"@id":"https:\/\/noticiasmercedinas.com\/site\/2026\/04\/30\/voces-que-no-callan-el-coraje-de-exigir-un-rio-vivo-frente-a-la-depredacion-como-paradigma\/#breadcrumb"},"inLanguage":"es","potentialAction":[{"@type":"ReadAction","target":["https:\/\/noticiasmercedinas.com\/site\/2026\/04\/30\/voces-que-no-callan-el-coraje-de-exigir-un-rio-vivo-frente-a-la-depredacion-como-paradigma\/"]}]},{"@type":"ImageObject","inLanguage":"es","@id":"https:\/\/noticiasmercedinas.com\/site\/2026\/04\/30\/voces-que-no-callan-el-coraje-de-exigir-un-rio-vivo-frente-a-la-depredacion-como-paradigma\/#primaryimage","url":"https:\/\/noticiasmercedinas.com\/site\/wp-content\/uploads\/2026\/04\/WhatsApp-Image-2026-04-21-at-9.39.33-PM.jpeg","contentUrl":"https:\/\/noticiasmercedinas.com\/site\/wp-content\/uploads\/2026\/04\/WhatsApp-Image-2026-04-21-at-9.39.33-PM.jpeg","width":768,"height":489},{"@type":"BreadcrumbList","@id":"https:\/\/noticiasmercedinas.com\/site\/2026\/04\/30\/voces-que-no-callan-el-coraje-de-exigir-un-rio-vivo-frente-a-la-depredacion-como-paradigma\/#breadcrumb","itemListElement":[{"@type":"ListItem","position":1,"name":"Portada","item":"https:\/\/noticiasmercedinas.com\/site\/"},{"@type":"ListItem","position":2,"name":"Voces que no callan: el coraje de exigir un r\u00edo vivo frente a la depredaci\u00f3n como paradigma"}]},{"@type":"WebSite","@id":"https:\/\/noticiasmercedinas.com\/site\/#website","url":"https:\/\/noticiasmercedinas.com\/site\/","name":"NOTICIASMERCEDINAS.COM","description":"Mercedes, Buenos Aires, Argentina","publisher":{"@id":"https:\/\/noticiasmercedinas.com\/site\/#organization"},"potentialAction":[{"@type":"SearchAction","target":{"@type":"EntryPoint","urlTemplate":"https:\/\/noticiasmercedinas.com\/site\/?s={search_term_string}"},"query-input":{"@type":"PropertyValueSpecification","valueRequired":true,"valueName":"search_term_string"}}],"inLanguage":"es"},{"@type":"Organization","@id":"https:\/\/noticiasmercedinas.com\/site\/#organization","name":"NOTICIASMERCEDINAS.COM","url":"https:\/\/noticiasmercedinas.com\/site\/","logo":{"@type":"ImageObject","inLanguage":"es","@id":"https:\/\/noticiasmercedinas.com\/site\/#\/schema\/logo\/image\/","url":"https:\/\/noticiasmercedinas.com\/site\/wp-content\/uploads\/2020\/06\/LOGO-512.jpg","contentUrl":"https:\/\/noticiasmercedinas.com\/site\/wp-content\/uploads\/2020\/06\/LOGO-512.jpg","width":512,"height":512,"caption":"NOTICIASMERCEDINAS.COM"},"image":{"@id":"https:\/\/noticiasmercedinas.com\/site\/#\/schema\/logo\/image\/"},"sameAs":["https:\/\/www.facebook.com\/noticiasmercedinas\/","https:\/\/x.com\/notmercedinas","https:\/\/www.instagram.com\/noticiasmercedinas\/"]},{"@type":"Person","@id":"https:\/\/noticiasmercedinas.com\/site\/#\/schema\/person\/d481a9696a5feaec13a60e2bbd991a6a","name":"Cristian Falabella NOTICIASMERCEDINAS.COM","image":{"@type":"ImageObject","inLanguage":"es","@id":"https:\/\/secure.gravatar.com\/avatar\/0dbbfc45970cc46bcd0e57766228574ff3511d6eed045b182f536f0f478c1f06?s=96&d=mm&r=g","url":"https:\/\/secure.gravatar.com\/avatar\/0dbbfc45970cc46bcd0e57766228574ff3511d6eed045b182f536f0f478c1f06?s=96&d=mm&r=g","contentUrl":"https:\/\/secure.gravatar.com\/avatar\/0dbbfc45970cc46bcd0e57766228574ff3511d6eed045b182f536f0f478c1f06?s=96&d=mm&r=g","caption":"Cristian Falabella NOTICIASMERCEDINAS.COM"},"description":"Periodista, editor de Noticias Mercedinas. Pas\u00f3 por varias redacciones y emprendimientos de prensa, en distintos formatos y \u00e9pocas. Se especializ\u00f3 --y sigue haci\u00e9ndolo-- en comunicaci\u00f3n en la web y en junio de 2006 fund\u00f3 este diario digital.","sameAs":["https:\/\/noticiasmercedinas.com","https:\/\/www.facebook.com\/cristian.falabella","https:\/\/www.instagram.com\/noticiasmercedinas\/","https:\/\/x.com\/https:\/\/twitter.com\/NOTMERCEDINAS"],"url":"https:\/\/noticiasmercedinas.com\/site\/author\/as000384\/"}]}},"amp_enabled":true,"_links":{"self":[{"href":"https:\/\/noticiasmercedinas.com\/site\/wp-json\/wp\/v2\/posts\/185452","targetHints":{"allow":["GET"]}}],"collection":[{"href":"https:\/\/noticiasmercedinas.com\/site\/wp-json\/wp\/v2\/posts"}],"about":[{"href":"https:\/\/noticiasmercedinas.com\/site\/wp-json\/wp\/v2\/types\/post"}],"author":[{"embeddable":true,"href":"https:\/\/noticiasmercedinas.com\/site\/wp-json\/wp\/v2\/users\/2"}],"replies":[{"embeddable":true,"href":"https:\/\/noticiasmercedinas.com\/site\/wp-json\/wp\/v2\/comments?post=185452"}],"version-history":[{"count":6,"href":"https:\/\/noticiasmercedinas.com\/site\/wp-json\/wp\/v2\/posts\/185452\/revisions"}],"predecessor-version":[{"id":185470,"href":"https:\/\/noticiasmercedinas.com\/site\/wp-json\/wp\/v2\/posts\/185452\/revisions\/185470"}],"wp:featuredmedia":[{"embeddable":true,"href":"https:\/\/noticiasmercedinas.com\/site\/wp-json\/wp\/v2\/media\/185453"}],"wp:attachment":[{"href":"https:\/\/noticiasmercedinas.com\/site\/wp-json\/wp\/v2\/media?parent=185452"}],"wp:term":[{"taxonomy":"category","embeddable":true,"href":"https:\/\/noticiasmercedinas.com\/site\/wp-json\/wp\/v2\/categories?post=185452"},{"taxonomy":"post_tag","embeddable":true,"href":"https:\/\/noticiasmercedinas.com\/site\/wp-json\/wp\/v2\/tags?post=185452"}],"curies":[{"name":"wp","href":"https:\/\/api.w.org\/{rel}","templated":true}]}}