{"id":185471,"date":"2026-04-30T14:28:03","date_gmt":"2026-04-30T17:28:03","guid":{"rendered":"https:\/\/noticiasmercedinas.com\/site\/?p=185471"},"modified":"2026-04-30T14:28:03","modified_gmt":"2026-04-30T17:28:03","slug":"tres-dias-con-intensa-actividad-por-la-liga-mercedina-de-futbol","status":"publish","type":"post","link":"https:\/\/noticiasmercedinas.com\/site\/2026\/04\/30\/tres-dias-con-intensa-actividad-por-la-liga-mercedina-de-futbol\/","title":{"rendered":"Tres d\u00edas con intensa actividad por la Liga Mercedina de F\u00fatbol"},"content":{"rendered":"<figure id=\"attachment_185472\" aria-describedby=\"caption-attachment-185472\" style=\"width: 640px\" class=\"wp-caption alignnone\"><img loading=\"lazy\" decoding=\"async\" class=\"wp-image-185472 size-full\" src=\"https:\/\/noticiasmercedinas.com\/site\/wp-content\/uploads\/2026\/04\/IMG_0315.jpg\" alt=\"\" width=\"640\" height=\"427\" srcset=\"https:\/\/noticiasmercedinas.com\/site\/wp-content\/uploads\/2026\/04\/IMG_0315.jpg 640w, https:\/\/noticiasmercedinas.com\/site\/wp-content\/uploads\/2026\/04\/IMG_0315-300x200.jpg 300w\" sizes=\"auto, (max-width: 640px) 100vw, 640px\" \/><figcaption id=\"caption-attachment-185472\" class=\"wp-caption-text\">Estudiante este viernes ser\u00e1 local.<\/figcaption><\/figure>\n<p>Se vienen tres d\u00edas cargados de partidos por los distintos torneos que organiza la Liga Mercedina de F\u00fatbol. En el certamen de Primera se celebrar\u00e1 la \u00faltima fecha de la primera rueda, sexta de las zonas A y B y s\u00e9ptima de la C quedando libre Ateneo.<\/p>\n<p>Para este viernes 1 de mayo, feriado, se anuncian cinco encuentros que se repartir\u00e1n en cuatro escenarios siendo tres en Mercedes y uno en Suipacha. Ya el s\u00e1bado 2 todo continuar\u00e1 en Estudiantes y el domingo 3 en Quilmes, por delante una semana m\u00e1s tarde se pondr\u00e1n en marcha las revanchas. \u00a0<strong><\/p>\n<p>Viernes 1 de mayo<br \/>\nCancha:<\/strong> V\u00e9lez.<br \/>\nA las 13.45 Uni\u00f3n vs. Trocha.<br \/>\nA las 15.45 Carteros vs. El Front\u00f3n.<\/p>\n<p><strong>Cancha:<\/strong> Estudiantes.<br \/>\nA las 14 Estudiantes vs. El Tim\u00f3n.<\/p>\n<p><strong>Cancha:<\/strong> Quilmes.<br \/>\nA las 16 Quilmes vs. Pabell\u00f3n Argentino.<\/p>\n<p><strong>Cancha:<\/strong> Municipal de Suipacha.<br \/>\nA las 20.30 Juventud vs. V\u00e9lez.<\/p>\n<p>Por el certamen de Reserva se concretar\u00e1 tambi\u00e9n la \u00faltima fecha, cuatro cruces para el viernes, misma cantidad el s\u00e1bado y s\u00f3lo uno el domingo. El detalle de <a href=\"https:\/\/ligamercedina.com\/web\/horarios-para-el-fin-de-semana-largo-3\/#more-50097\">sitios de juegos, horarios y cruces<\/a>.<\/p>\n<p><strong>Infanto Juvenil<\/strong><br \/>\nSe aproxima una doble fecha para las categor\u00edas de cancha de 9 y 11. Este viernes 1 de mayo se jugar\u00e1 la octava fecha: Talleres Payr\u00f3 vs. Ateneo de la Juventud (en Defensores), Jorge Newbery vs. El Front\u00f3n (SAG), Carteros FC vs. Club Mercedes, Club Trocha vs. V\u00e9lez S\u00e1rsfield, Club Estudiantes vs. La Tijera (Suipacha), Juventud de Suipacha vs. Club Uni\u00f3n, Deportivo Gowland vs. Defensores Juniors y Holanda vs. Club Quilmes. El s\u00e1bado 2 se jugar\u00e1 la novena jornada.<\/p>\n<p><strong>Femenino<\/strong><br \/>\nEl torneo de Primera tendr\u00e1 este fin de semana largo la disputa de la sexta fecha que ser\u00e1 entre viernes y s\u00e1bado, para jugarse el domingo un pendiente, quedando por llevarse adelante El Front\u00f3n vs. Nicol\u00e1s. En San Andr\u00e9s de Giles las l\u00edderes recibir\u00e1n a Carteros, \u00faltimo de la tabla, en el juego encuentro que se destaca. Lo que viene:<\/p>\n<p><strong>Viernes 1 de mayo<br \/>\nCancha:<\/strong> El Front\u00f3n.<br \/>\nA las 12 El Front\u00f3n vs. Carteros.<\/p>\n<p><strong>Cancha:<\/strong> Mercedes.<br \/>\nA las 13.30 Club Mercedes vs. Deportivo Nicol\u00e1s.<\/p>\n<p><strong>Cancha:<\/strong> Pabell\u00f3n Argentino.<br \/>\nA las 13.30 Pabell\u00f3n vs. Palometas FC.<\/p>\n<p><strong>S\u00e1bado 2 de mayo<br \/>\nCancha:<\/strong> El Tim\u00f3n.<br \/>\nA las 15 El Tim\u00f3n vs. Trocha.<\/p>\n<p><strong>Domingo 3 de mayo \u2013 pendiente fecha 3<br \/>\nCancha:<\/strong> Carteros.<br \/>\nA las 19 Carteros vs. Deportivo Nicol\u00e1s.<\/p>\n<p>En lo que respecta a Inferiores, este viernes 1 se vivir\u00e1 la quinta fecha y s\u00e1bado 2 la sexta jornada, el detalle de todos los cruces en el sitio de la <a href=\"https:\/\/ligamercedina.com\/web\/horarios-para-el-fin-de-semana-largo-3\/#more-50097\">Liga Mercedina de F\u00fatbol<\/a>.<\/p>\n","protected":false},"excerpt":{"rendered":"<p>\u25a0 En Primera y Reserva se jugar\u00e1 la \u00faltima fecha de la primera rueda. El Infanto Juvenil va por la octava y novena jornada. Por el Femenino de Inferiores se disputar\u00e1 fecha doble. La categor\u00eda mayor atravesar\u00e1 la sexta fecha y un partido pendiente. <\/p>\n","protected":false},"author":6,"featured_media":185472,"comment_status":"closed","ping_status":"closed","sticky":false,"template":"","format":"standard","meta":{"footnotes":""},"categories":[5],"tags":[751,766,3346,14140,592],"class_list":["post-185471","post","type-post","status-publish","format-standard","has-post-thumbnail","hentry","category-deportes","tag-futbol-femenino","tag-infanto-juvenil","tag-liga-mercedina-de-futbol","tag-primera-division-a","tag-reserva"],"yoast_head":"<!-- This site is optimized with the Yoast SEO plugin v27.5 - https:\/\/yoast.com\/product\/yoast-seo-wordpress\/ -->\n<title>Tres d\u00edas con intensa actividad por la Liga Mercedina de F\u00fatbol<\/title>\n<meta name=\"robots\" content=\"index, follow, max-snippet:-1, max-image-preview:large, max-video-preview:-1\" \/>\n<link rel=\"canonical\" href=\"https:\/\/noticiasmercedinas.com\/site\/2026\/04\/30\/tres-dias-con-intensa-actividad-por-la-liga-mercedina-de-futbol\/\" \/>\n<meta property=\"og:locale\" content=\"es_ES\" \/>\n<meta property=\"og:type\" content=\"article\" \/>\n<meta property=\"og:title\" content=\"Tres d\u00edas con intensa actividad por la Liga Mercedina de F\u00fatbol\" \/>\n<meta property=\"og:description\" content=\"\u25a0 En Primera y Reserva se jugar\u00e1 la \u00faltima fecha de la primera rueda. El Infanto Juvenil va por la octava y novena jornada. Por el Femenino de Inferiores se disputar\u00e1 fecha doble. La categor\u00eda mayor atravesar\u00e1 la sexta fecha y un partido pendiente.\" \/>\n<meta property=\"og:url\" content=\"https:\/\/noticiasmercedinas.com\/site\/2026\/04\/30\/tres-dias-con-intensa-actividad-por-la-liga-mercedina-de-futbol\/\" \/>\n<meta property=\"og:site_name\" content=\"NOTICIASMERCEDINAS.COM\" \/>\n<meta property=\"article:publisher\" content=\"https:\/\/www.facebook.com\/noticiasmercedinas\/\" \/>\n<meta property=\"article:published_time\" content=\"2026-04-30T17:28:03+00:00\" \/>\n<meta property=\"og:image\" content=\"https:\/\/noticiasmercedinas.com\/site\/wp-content\/uploads\/2026\/04\/IMG_0315.jpg\" \/>\n\t<meta property=\"og:image:width\" content=\"640\" \/>\n\t<meta property=\"og:image:height\" content=\"427\" \/>\n\t<meta property=\"og:image:type\" content=\"image\/jpeg\" \/>\n<meta name=\"author\" content=\"Juan Dagnino NOTICIASMERCEDINAS.COM\" \/>\n<meta name=\"twitter:card\" content=\"summary_large_image\" \/>\n<meta name=\"twitter:creator\" content=\"@notmercedinas\" \/>\n<meta name=\"twitter:site\" content=\"@notmercedinas\" \/>\n<meta name=\"twitter:label1\" content=\"Escrito por\" \/>\n\t<meta name=\"twitter:data1\" content=\"Juan Dagnino NOTICIASMERCEDINAS.COM\" \/>\n\t<meta name=\"twitter:label2\" content=\"Tiempo de lectura\" \/>\n\t<meta name=\"twitter:data2\" content=\"3 minutos\" \/>\n<script type=\"application\/ld+json\" class=\"yoast-schema-graph\">{\"@context\":\"https:\\\/\\\/schema.org\",\"@graph\":[{\"@type\":\"Article\",\"@id\":\"https:\\\/\\\/noticiasmercedinas.com\\\/site\\\/2026\\\/04\\\/30\\\/tres-dias-con-intensa-actividad-por-la-liga-mercedina-de-futbol\\\/#article\",\"isPartOf\":{\"@id\":\"https:\\\/\\\/noticiasmercedinas.com\\\/site\\\/2026\\\/04\\\/30\\\/tres-dias-con-intensa-actividad-por-la-liga-mercedina-de-futbol\\\/\"},\"author\":{\"name\":\"Juan Dagnino NOTICIASMERCEDINAS.COM\",\"@id\":\"https:\\\/\\\/noticiasmercedinas.com\\\/site\\\/#\\\/schema\\\/person\\\/8f2f09d666ef40986eba4a5e6f2a06f9\"},\"headline\":\"Tres d\u00edas con intensa actividad por la Liga Mercedina de F\u00fatbol\",\"datePublished\":\"2026-04-30T17:28:03+00:00\",\"mainEntityOfPage\":{\"@id\":\"https:\\\/\\\/noticiasmercedinas.com\\\/site\\\/2026\\\/04\\\/30\\\/tres-dias-con-intensa-actividad-por-la-liga-mercedina-de-futbol\\\/\"},\"wordCount\":460,\"publisher\":{\"@id\":\"https:\\\/\\\/noticiasmercedinas.com\\\/site\\\/#organization\"},\"image\":{\"@id\":\"https:\\\/\\\/noticiasmercedinas.com\\\/site\\\/2026\\\/04\\\/30\\\/tres-dias-con-intensa-actividad-por-la-liga-mercedina-de-futbol\\\/#primaryimage\"},\"thumbnailUrl\":\"https:\\\/\\\/noticiasmercedinas.com\\\/site\\\/wp-content\\\/uploads\\\/2026\\\/04\\\/IMG_0315.jpg\",\"keywords\":[\"f\u00fatbol femenino\",\"infanto juvenil\",\"Liga Mercedina de F\u00fatbol\",\"primera divisi\u00f3n a\",\"reserva\"],\"articleSection\":[\"Deportes\"],\"inLanguage\":\"es\"},{\"@type\":\"WebPage\",\"@id\":\"https:\\\/\\\/noticiasmercedinas.com\\\/site\\\/2026\\\/04\\\/30\\\/tres-dias-con-intensa-actividad-por-la-liga-mercedina-de-futbol\\\/\",\"url\":\"https:\\\/\\\/noticiasmercedinas.com\\\/site\\\/2026\\\/04\\\/30\\\/tres-dias-con-intensa-actividad-por-la-liga-mercedina-de-futbol\\\/\",\"name\":\"Tres d\u00edas con intensa actividad por la Liga Mercedina de F\u00fatbol\",\"isPartOf\":{\"@id\":\"https:\\\/\\\/noticiasmercedinas.com\\\/site\\\/#website\"},\"primaryImageOfPage\":{\"@id\":\"https:\\\/\\\/noticiasmercedinas.com\\\/site\\\/2026\\\/04\\\/30\\\/tres-dias-con-intensa-actividad-por-la-liga-mercedina-de-futbol\\\/#primaryimage\"},\"image\":{\"@id\":\"https:\\\/\\\/noticiasmercedinas.com\\\/site\\\/2026\\\/04\\\/30\\\/tres-dias-con-intensa-actividad-por-la-liga-mercedina-de-futbol\\\/#primaryimage\"},\"thumbnailUrl\":\"https:\\\/\\\/noticiasmercedinas.com\\\/site\\\/wp-content\\\/uploads\\\/2026\\\/04\\\/IMG_0315.jpg\",\"datePublished\":\"2026-04-30T17:28:03+00:00\",\"breadcrumb\":{\"@id\":\"https:\\\/\\\/noticiasmercedinas.com\\\/site\\\/2026\\\/04\\\/30\\\/tres-dias-con-intensa-actividad-por-la-liga-mercedina-de-futbol\\\/#breadcrumb\"},\"inLanguage\":\"es\",\"potentialAction\":[{\"@type\":\"ReadAction\",\"target\":[\"https:\\\/\\\/noticiasmercedinas.com\\\/site\\\/2026\\\/04\\\/30\\\/tres-dias-con-intensa-actividad-por-la-liga-mercedina-de-futbol\\\/\"]}]},{\"@type\":\"ImageObject\",\"inLanguage\":\"es\",\"@id\":\"https:\\\/\\\/noticiasmercedinas.com\\\/site\\\/2026\\\/04\\\/30\\\/tres-dias-con-intensa-actividad-por-la-liga-mercedina-de-futbol\\\/#primaryimage\",\"url\":\"https:\\\/\\\/noticiasmercedinas.com\\\/site\\\/wp-content\\\/uploads\\\/2026\\\/04\\\/IMG_0315.jpg\",\"contentUrl\":\"https:\\\/\\\/noticiasmercedinas.com\\\/site\\\/wp-content\\\/uploads\\\/2026\\\/04\\\/IMG_0315.jpg\",\"width\":640,\"height\":427},{\"@type\":\"BreadcrumbList\",\"@id\":\"https:\\\/\\\/noticiasmercedinas.com\\\/site\\\/2026\\\/04\\\/30\\\/tres-dias-con-intensa-actividad-por-la-liga-mercedina-de-futbol\\\/#breadcrumb\",\"itemListElement\":[{\"@type\":\"ListItem\",\"position\":1,\"name\":\"Portada\",\"item\":\"https:\\\/\\\/noticiasmercedinas.com\\\/site\\\/\"},{\"@type\":\"ListItem\",\"position\":2,\"name\":\"Tres d\u00edas con intensa actividad por la Liga Mercedina de F\u00fatbol\"}]},{\"@type\":\"WebSite\",\"@id\":\"https:\\\/\\\/noticiasmercedinas.com\\\/site\\\/#website\",\"url\":\"https:\\\/\\\/noticiasmercedinas.com\\\/site\\\/\",\"name\":\"NOTICIASMERCEDINAS.COM\",\"description\":\"Mercedes, Buenos Aires, Argentina\",\"publisher\":{\"@id\":\"https:\\\/\\\/noticiasmercedinas.com\\\/site\\\/#organization\"},\"potentialAction\":[{\"@type\":\"SearchAction\",\"target\":{\"@type\":\"EntryPoint\",\"urlTemplate\":\"https:\\\/\\\/noticiasmercedinas.com\\\/site\\\/?s={search_term_string}\"},\"query-input\":{\"@type\":\"PropertyValueSpecification\",\"valueRequired\":true,\"valueName\":\"search_term_string\"}}],\"inLanguage\":\"es\"},{\"@type\":\"Organization\",\"@id\":\"https:\\\/\\\/noticiasmercedinas.com\\\/site\\\/#organization\",\"name\":\"NOTICIASMERCEDINAS.COM\",\"url\":\"https:\\\/\\\/noticiasmercedinas.com\\\/site\\\/\",\"logo\":{\"@type\":\"ImageObject\",\"inLanguage\":\"es\",\"@id\":\"https:\\\/\\\/noticiasmercedinas.com\\\/site\\\/#\\\/schema\\\/logo\\\/image\\\/\",\"url\":\"https:\\\/\\\/noticiasmercedinas.com\\\/site\\\/wp-content\\\/uploads\\\/2020\\\/06\\\/LOGO-512.jpg\",\"contentUrl\":\"https:\\\/\\\/noticiasmercedinas.com\\\/site\\\/wp-content\\\/uploads\\\/2020\\\/06\\\/LOGO-512.jpg\",\"width\":512,\"height\":512,\"caption\":\"NOTICIASMERCEDINAS.COM\"},\"image\":{\"@id\":\"https:\\\/\\\/noticiasmercedinas.com\\\/site\\\/#\\\/schema\\\/logo\\\/image\\\/\"},\"sameAs\":[\"https:\\\/\\\/www.facebook.com\\\/noticiasmercedinas\\\/\",\"https:\\\/\\\/x.com\\\/notmercedinas\",\"https:\\\/\\\/www.instagram.com\\\/noticiasmercedinas\\\/\"]},{\"@type\":\"Person\",\"@id\":\"https:\\\/\\\/noticiasmercedinas.com\\\/site\\\/#\\\/schema\\\/person\\\/8f2f09d666ef40986eba4a5e6f2a06f9\",\"name\":\"Juan Dagnino NOTICIASMERCEDINAS.COM\",\"image\":{\"@type\":\"ImageObject\",\"inLanguage\":\"es\",\"@id\":\"https:\\\/\\\/secure.gravatar.com\\\/avatar\\\/fc7059a769f5a3cae65fadb228a3e4accf3a64b4b2305020d0a27e6d5333c91b?s=96&d=mm&r=g\",\"url\":\"https:\\\/\\\/secure.gravatar.com\\\/avatar\\\/fc7059a769f5a3cae65fadb228a3e4accf3a64b4b2305020d0a27e6d5333c91b?s=96&d=mm&r=g\",\"contentUrl\":\"https:\\\/\\\/secure.gravatar.com\\\/avatar\\\/fc7059a769f5a3cae65fadb228a3e4accf3a64b4b2305020d0a27e6d5333c91b?s=96&d=mm&r=g\",\"caption\":\"Juan Dagnino NOTICIASMERCEDINAS.COM\"},\"url\":\"https:\\\/\\\/noticiasmercedinas.com\\\/site\\\/author\\\/juandagnino\\\/\"}]}<\/script>\n<!-- \/ Yoast SEO plugin. -->","yoast_head_json":{"title":"Tres d\u00edas con intensa actividad por la Liga Mercedina de F\u00fatbol","robots":{"index":"index","follow":"follow","max-snippet":"max-snippet:-1","max-image-preview":"max-image-preview:large","max-video-preview":"max-video-preview:-1"},"canonical":"https:\/\/noticiasmercedinas.com\/site\/2026\/04\/30\/tres-dias-con-intensa-actividad-por-la-liga-mercedina-de-futbol\/","og_locale":"es_ES","og_type":"article","og_title":"Tres d\u00edas con intensa actividad por la Liga Mercedina de F\u00fatbol","og_description":"\u25a0 En Primera y Reserva se jugar\u00e1 la \u00faltima fecha de la primera rueda. El Infanto Juvenil va por la octava y novena jornada. Por el Femenino de Inferiores se disputar\u00e1 fecha doble. La categor\u00eda mayor atravesar\u00e1 la sexta fecha y un partido pendiente.","og_url":"https:\/\/noticiasmercedinas.com\/site\/2026\/04\/30\/tres-dias-con-intensa-actividad-por-la-liga-mercedina-de-futbol\/","og_site_name":"NOTICIASMERCEDINAS.COM","article_publisher":"https:\/\/www.facebook.com\/noticiasmercedinas\/","article_published_time":"2026-04-30T17:28:03+00:00","og_image":[{"width":640,"height":427,"url":"https:\/\/noticiasmercedinas.com\/site\/wp-content\/uploads\/2026\/04\/IMG_0315.jpg","type":"image\/jpeg"}],"author":"Juan Dagnino NOTICIASMERCEDINAS.COM","twitter_card":"summary_large_image","twitter_creator":"@notmercedinas","twitter_site":"@notmercedinas","twitter_misc":{"Escrito por":"Juan Dagnino NOTICIASMERCEDINAS.COM","Tiempo de lectura":"3 minutos"},"schema":{"@context":"https:\/\/schema.org","@graph":[{"@type":"Article","@id":"https:\/\/noticiasmercedinas.com\/site\/2026\/04\/30\/tres-dias-con-intensa-actividad-por-la-liga-mercedina-de-futbol\/#article","isPartOf":{"@id":"https:\/\/noticiasmercedinas.com\/site\/2026\/04\/30\/tres-dias-con-intensa-actividad-por-la-liga-mercedina-de-futbol\/"},"author":{"name":"Juan Dagnino NOTICIASMERCEDINAS.COM","@id":"https:\/\/noticiasmercedinas.com\/site\/#\/schema\/person\/8f2f09d666ef40986eba4a5e6f2a06f9"},"headline":"Tres d\u00edas con intensa actividad por la Liga Mercedina de F\u00fatbol","datePublished":"2026-04-30T17:28:03+00:00","mainEntityOfPage":{"@id":"https:\/\/noticiasmercedinas.com\/site\/2026\/04\/30\/tres-dias-con-intensa-actividad-por-la-liga-mercedina-de-futbol\/"},"wordCount":460,"publisher":{"@id":"https:\/\/noticiasmercedinas.com\/site\/#organization"},"image":{"@id":"https:\/\/noticiasmercedinas.com\/site\/2026\/04\/30\/tres-dias-con-intensa-actividad-por-la-liga-mercedina-de-futbol\/#primaryimage"},"thumbnailUrl":"https:\/\/noticiasmercedinas.com\/site\/wp-content\/uploads\/2026\/04\/IMG_0315.jpg","keywords":["f\u00fatbol femenino","infanto juvenil","Liga Mercedina de F\u00fatbol","primera divisi\u00f3n a","reserva"],"articleSection":["Deportes"],"inLanguage":"es"},{"@type":"WebPage","@id":"https:\/\/noticiasmercedinas.com\/site\/2026\/04\/30\/tres-dias-con-intensa-actividad-por-la-liga-mercedina-de-futbol\/","url":"https:\/\/noticiasmercedinas.com\/site\/2026\/04\/30\/tres-dias-con-intensa-actividad-por-la-liga-mercedina-de-futbol\/","name":"Tres d\u00edas con intensa actividad por la Liga Mercedina de F\u00fatbol","isPartOf":{"@id":"https:\/\/noticiasmercedinas.com\/site\/#website"},"primaryImageOfPage":{"@id":"https:\/\/noticiasmercedinas.com\/site\/2026\/04\/30\/tres-dias-con-intensa-actividad-por-la-liga-mercedina-de-futbol\/#primaryimage"},"image":{"@id":"https:\/\/noticiasmercedinas.com\/site\/2026\/04\/30\/tres-dias-con-intensa-actividad-por-la-liga-mercedina-de-futbol\/#primaryimage"},"thumbnailUrl":"https:\/\/noticiasmercedinas.com\/site\/wp-content\/uploads\/2026\/04\/IMG_0315.jpg","datePublished":"2026-04-30T17:28:03+00:00","breadcrumb":{"@id":"https:\/\/noticiasmercedinas.com\/site\/2026\/04\/30\/tres-dias-con-intensa-actividad-por-la-liga-mercedina-de-futbol\/#breadcrumb"},"inLanguage":"es","potentialAction":[{"@type":"ReadAction","target":["https:\/\/noticiasmercedinas.com\/site\/2026\/04\/30\/tres-dias-con-intensa-actividad-por-la-liga-mercedina-de-futbol\/"]}]},{"@type":"ImageObject","inLanguage":"es","@id":"https:\/\/noticiasmercedinas.com\/site\/2026\/04\/30\/tres-dias-con-intensa-actividad-por-la-liga-mercedina-de-futbol\/#primaryimage","url":"https:\/\/noticiasmercedinas.com\/site\/wp-content\/uploads\/2026\/04\/IMG_0315.jpg","contentUrl":"https:\/\/noticiasmercedinas.com\/site\/wp-content\/uploads\/2026\/04\/IMG_0315.jpg","width":640,"height":427},{"@type":"BreadcrumbList","@id":"https:\/\/noticiasmercedinas.com\/site\/2026\/04\/30\/tres-dias-con-intensa-actividad-por-la-liga-mercedina-de-futbol\/#breadcrumb","itemListElement":[{"@type":"ListItem","position":1,"name":"Portada","item":"https:\/\/noticiasmercedinas.com\/site\/"},{"@type":"ListItem","position":2,"name":"Tres d\u00edas con intensa actividad por la Liga Mercedina de F\u00fatbol"}]},{"@type":"WebSite","@id":"https:\/\/noticiasmercedinas.com\/site\/#website","url":"https:\/\/noticiasmercedinas.com\/site\/","name":"NOTICIASMERCEDINAS.COM","description":"Mercedes, Buenos Aires, Argentina","publisher":{"@id":"https:\/\/noticiasmercedinas.com\/site\/#organization"},"potentialAction":[{"@type":"SearchAction","target":{"@type":"EntryPoint","urlTemplate":"https:\/\/noticiasmercedinas.com\/site\/?s={search_term_string}"},"query-input":{"@type":"PropertyValueSpecification","valueRequired":true,"valueName":"search_term_string"}}],"inLanguage":"es"},{"@type":"Organization","@id":"https:\/\/noticiasmercedinas.com\/site\/#organization","name":"NOTICIASMERCEDINAS.COM","url":"https:\/\/noticiasmercedinas.com\/site\/","logo":{"@type":"ImageObject","inLanguage":"es","@id":"https:\/\/noticiasmercedinas.com\/site\/#\/schema\/logo\/image\/","url":"https:\/\/noticiasmercedinas.com\/site\/wp-content\/uploads\/2020\/06\/LOGO-512.jpg","contentUrl":"https:\/\/noticiasmercedinas.com\/site\/wp-content\/uploads\/2020\/06\/LOGO-512.jpg","width":512,"height":512,"caption":"NOTICIASMERCEDINAS.COM"},"image":{"@id":"https:\/\/noticiasmercedinas.com\/site\/#\/schema\/logo\/image\/"},"sameAs":["https:\/\/www.facebook.com\/noticiasmercedinas\/","https:\/\/x.com\/notmercedinas","https:\/\/www.instagram.com\/noticiasmercedinas\/"]},{"@type":"Person","@id":"https:\/\/noticiasmercedinas.com\/site\/#\/schema\/person\/8f2f09d666ef40986eba4a5e6f2a06f9","name":"Juan Dagnino NOTICIASMERCEDINAS.COM","image":{"@type":"ImageObject","inLanguage":"es","@id":"https:\/\/secure.gravatar.com\/avatar\/fc7059a769f5a3cae65fadb228a3e4accf3a64b4b2305020d0a27e6d5333c91b?s=96&d=mm&r=g","url":"https:\/\/secure.gravatar.com\/avatar\/fc7059a769f5a3cae65fadb228a3e4accf3a64b4b2305020d0a27e6d5333c91b?s=96&d=mm&r=g","contentUrl":"https:\/\/secure.gravatar.com\/avatar\/fc7059a769f5a3cae65fadb228a3e4accf3a64b4b2305020d0a27e6d5333c91b?s=96&d=mm&r=g","caption":"Juan Dagnino NOTICIASMERCEDINAS.COM"},"url":"https:\/\/noticiasmercedinas.com\/site\/author\/juandagnino\/"}]}},"amp_enabled":true,"_links":{"self":[{"href":"https:\/\/noticiasmercedinas.com\/site\/wp-json\/wp\/v2\/posts\/185471","targetHints":{"allow":["GET"]}}],"collection":[{"href":"https:\/\/noticiasmercedinas.com\/site\/wp-json\/wp\/v2\/posts"}],"about":[{"href":"https:\/\/noticiasmercedinas.com\/site\/wp-json\/wp\/v2\/types\/post"}],"author":[{"embeddable":true,"href":"https:\/\/noticiasmercedinas.com\/site\/wp-json\/wp\/v2\/users\/6"}],"replies":[{"embeddable":true,"href":"https:\/\/noticiasmercedinas.com\/site\/wp-json\/wp\/v2\/comments?post=185471"}],"version-history":[{"count":1,"href":"https:\/\/noticiasmercedinas.com\/site\/wp-json\/wp\/v2\/posts\/185471\/revisions"}],"predecessor-version":[{"id":185473,"href":"https:\/\/noticiasmercedinas.com\/site\/wp-json\/wp\/v2\/posts\/185471\/revisions\/185473"}],"wp:featuredmedia":[{"embeddable":true,"href":"https:\/\/noticiasmercedinas.com\/site\/wp-json\/wp\/v2\/media\/185472"}],"wp:attachment":[{"href":"https:\/\/noticiasmercedinas.com\/site\/wp-json\/wp\/v2\/media?parent=185471"}],"wp:term":[{"taxonomy":"category","embeddable":true,"href":"https:\/\/noticiasmercedinas.com\/site\/wp-json\/wp\/v2\/categories?post=185471"},{"taxonomy":"post_tag","embeddable":true,"href":"https:\/\/noticiasmercedinas.com\/site\/wp-json\/wp\/v2\/tags?post=185471"}],"curies":[{"name":"wp","href":"https:\/\/api.w.org\/{rel}","templated":true}]}}