{"id":185482,"date":"2026-04-30T16:57:28","date_gmt":"2026-04-30T19:57:28","guid":{"rendered":"https:\/\/noticiasmercedinas.com\/site\/?p=185482"},"modified":"2026-04-30T16:57:28","modified_gmt":"2026-04-30T19:57:28","slug":"mercedes-se-convierte-en-el-epicentro-del-kickboxing-nacional-con-el-5-torneo-simios-team","status":"publish","type":"post","link":"https:\/\/noticiasmercedinas.com\/site\/2026\/04\/30\/mercedes-se-convierte-en-el-epicentro-del-kickboxing-nacional-con-el-5-torneo-simios-team\/","title":{"rendered":"Mercedes se convierte en el epicentro del Kickboxing nacional con el 5\u00b0 Torneo \u00abSimios Team\u00bb"},"content":{"rendered":"<p dir=\"ltr\"><img loading=\"lazy\" decoding=\"async\" class=\"alignnone size-full wp-image-185484\" src=\"https:\/\/noticiasmercedinas.com\/site\/wp-content\/uploads\/2026\/04\/IMG-20260430-WA00171-e1777578979772.jpg\" alt=\"\" width=\"904\" height=\"712\" srcset=\"https:\/\/noticiasmercedinas.com\/site\/wp-content\/uploads\/2026\/04\/IMG-20260430-WA00171-e1777578979772.jpg 904w, https:\/\/noticiasmercedinas.com\/site\/wp-content\/uploads\/2026\/04\/IMG-20260430-WA00171-e1777578979772-300x236.jpg 300w, https:\/\/noticiasmercedinas.com\/site\/wp-content\/uploads\/2026\/04\/IMG-20260430-WA00171-e1777578979772-768x605.jpg 768w, https:\/\/noticiasmercedinas.com\/site\/wp-content\/uploads\/2026\/04\/IMG-20260430-WA00171-e1777578979772-640x504.jpg 640w, https:\/\/noticiasmercedinas.com\/site\/wp-content\/uploads\/2026\/04\/IMG-20260430-WA00171-e1777578979772-681x536.jpg 681w\" sizes=\"auto, (max-width: 904px) 100vw, 904px\" \/>\u200b<\/p>\n<p dir=\"ltr\"><span style=\"font-family: Verdana, Geneva, sans-serif; font-size: 14px;\">Este <\/span><b style=\"font-family: Verdana, Geneva, sans-serif; font-size: 14px;\">s\u00e1bado 2 de mayo<\/b><span style=\"font-family: Verdana, Geneva, sans-serif; font-size: 14px;\">, la ciudad de Mercedes ser\u00e1 sede de un evento deportivo de alto impacto: el <\/span><b style=\"font-family: Verdana, Geneva, sans-serif; font-size: 14px;\">5\u00b0 Torneo de Kickboxing &#8211; Full Contact<\/b><span style=\"font-family: Verdana, Geneva, sans-serif; font-size: 14px;\">, organizado por el reconocido instructor <\/span><b style=\"font-family: Verdana, Geneva, sans-serif; font-size: 14px;\">Juan Daniel L\u00f3pez<\/b><span style=\"font-family: Verdana, Geneva, sans-serif; font-size: 14px;\">, referente del <\/span><b style=\"font-family: Verdana, Geneva, sans-serif; font-size: 14px;\">Simios Team<\/b><span style=\"font-family: Verdana, Geneva, sans-serif; font-size: 14px;\">.<\/span><\/p>\n<p dir=\"ltr\"><span style=\"font-family: Verdana, Geneva, sans-serif; font-size: 14px;\"> La cita deportiva comenzar\u00e1 a las <\/span><b style=\"font-family: Verdana, Geneva, sans-serif; font-size: 14px;\">12:00 hs<\/b><span style=\"font-family: Verdana, Geneva, sans-serif; font-size: 14px;\"> en las instalaciones del <\/span><b style=\"font-family: Verdana, Geneva, sans-serif; font-size: 14px;\">Polideportivo Mart\u00edn Rodr\u00edguez<\/b><span style=\"font-family: Verdana, Geneva, sans-serif; font-size: 14px;\"> (Calle 6 y 9).<\/span><\/p>\n<p dir=\"ltr\">\u200bLa magnitud del evento ha trascendido las fronteras locales, confirm\u00e1ndose la llegada de delegaciones y deportistas de diversas ciudades y provincias, incluyendo competidores que viajar\u00e1n desde <b>Santa Cruz<\/b> para formar parte de la velada.<\/p>\n<p dir=\"ltr\">Seg\u00fan informaron desde la organizaci\u00f3n, el torneo contar\u00e1 con una fuerte presencia mercedina, con aproximadamente <b>35 participantes locales<\/b> que realizar\u00e1n tanto exhibiciones como combates competitivos.<\/p>\n<h3 dir=\"ltr\">\u200bUn cronograma multidisciplinario<\/h3>\n<p dir=\"ltr\">\u200bEl festival, avalado por la <b>Federaci\u00f3n W.K.F.<\/b> (World Kickboxing Federation), ofrecer\u00e1 un abanico de disciplinas que aseguran una jornada din\u00e1mica para los amantes de los deportes de contacto. Las categor\u00edas en disputa ser\u00e1n:<\/p>\n<ul>\n<li dir=\"ltr\">\u200b<b>Kickboxing y Full Contact<\/b><\/li>\n<li dir=\"ltr\">\u200b<b>Boxeo<\/b><\/li>\n<li dir=\"ltr\">\u200b<b>K1<\/b><\/li>\n<li dir=\"ltr\">\u200b<b>Niveles: Semi Pro, Amateur y Exhibici\u00f3n<\/b><\/li>\n<\/ul>\n<p dir=\"ltr\">\u200bJuan Daniel L\u00f3pez, adem\u00e1s de ser el organizador, es el encargado de la formaci\u00f3n t\u00e9cnica y f\u00edsica de gran parte de los atletas que subir\u00e1n al ring, destac\u00e1ndose por su labor en la preparaci\u00f3n de deportistas tanto recreativos como de alto rendimiento.<\/p>\n<h3 dir=\"ltr\">\u200bInformaci\u00f3n para el p\u00fablico<\/h3>\n<p dir=\"ltr\">\u200bEl evento es de car\u00e1cter <b>abierto a toda la comunidad<\/b>. Las autoridades del Simios Team confirmaron que habr\u00e1 un <b>servicio de cantina<\/b> disponible para los asistentes durante toda la jornada.<\/p>\n<p dir=\"ltr\">\u200bRespecto a las localidades, las entradas anticipadas tienen un valor de <b>$8.000<\/b>, mientras que el remanente podr\u00e1 adquirirse directamente en la <b>puerta del polideportivo por un valor de $10.000<\/b>. Para consultas adicionales o informaci\u00f3n de \u00faltimo momento, la organizaci\u00f3n ha dispuesto la l\u00ednea telef\u00f3nica <b>2324-504111<\/b>.<\/p>\n<p dir=\"ltr\">\u200bBajo la consigna <i>\u00ab\u00a1Ven\u00ed a alentar al Team Simios!\u00bb<\/i>, Mercedes se prepara para vivir una de las fechas m\u00e1s importantes del calendario de las artes marciales en la regi\u00f3n, reafirmando su compromiso con el desarrollo del deporte y la disciplina.<\/p>\n","protected":false},"excerpt":{"rendered":"<p>El Polideportivo Mart\u00edn Rodr\u00edguez recibir\u00e1 a competidores de todo el pa\u00eds en una jornada que promete adrenalina, m\u00e1s de 30 atletas locales en escena y el respaldo de la W.K.F.<\/p>\n","protected":false},"author":16,"featured_media":185484,"comment_status":"closed","ping_status":"closed","sticky":false,"template":"","format":"standard","meta":{"footnotes":""},"categories":[5],"tags":[16420,14868],"class_list":["post-185482","post","type-post","status-publish","format-standard","has-post-thumbnail","hentry","category-deportes","tag-kickboxing","tag-simios-team"],"yoast_head":"<!-- This site is optimized with the Yoast SEO plugin v27.5 - https:\/\/yoast.com\/product\/yoast-seo-wordpress\/ -->\n<title>Mercedes se convierte en el epicentro del Kickboxing nacional con el 5\u00b0 Torneo &quot;Simios Team&quot;<\/title>\n<meta name=\"description\" content=\"El Polideportivo Mart\u00edn Rodr\u00edguez recibir\u00e1 a competidores de todo el pa\u00eds en una jornada que promete adrenalina, m\u00e1s de 30 atletas locales en escena y el respaldo de la W.K.F.\" \/>\n<meta name=\"robots\" content=\"index, follow, max-snippet:-1, max-image-preview:large, max-video-preview:-1\" \/>\n<link rel=\"canonical\" href=\"https:\/\/noticiasmercedinas.com\/site\/2026\/04\/30\/mercedes-se-convierte-en-el-epicentro-del-kickboxing-nacional-con-el-5-torneo-simios-team\/\" \/>\n<meta property=\"og:locale\" content=\"es_ES\" \/>\n<meta property=\"og:type\" content=\"article\" \/>\n<meta property=\"og:title\" content=\"Mercedes se convierte en el epicentro del Kickboxing nacional con el 5\u00b0 Torneo &quot;Simios Team&quot;\" \/>\n<meta property=\"og:description\" content=\"El Polideportivo Mart\u00edn Rodr\u00edguez recibir\u00e1 a competidores de todo el pa\u00eds en una jornada que promete adrenalina, m\u00e1s de 30 atletas locales en escena y el respaldo de la W.K.F.\" \/>\n<meta property=\"og:url\" content=\"https:\/\/noticiasmercedinas.com\/site\/2026\/04\/30\/mercedes-se-convierte-en-el-epicentro-del-kickboxing-nacional-con-el-5-torneo-simios-team\/\" \/>\n<meta property=\"og:site_name\" content=\"NOTICIASMERCEDINAS.COM\" \/>\n<meta property=\"article:publisher\" content=\"https:\/\/www.facebook.com\/noticiasmercedinas\/\" \/>\n<meta property=\"article:published_time\" content=\"2026-04-30T19:57:28+00:00\" \/>\n<meta property=\"og:image\" content=\"https:\/\/noticiasmercedinas.com\/site\/wp-content\/uploads\/2026\/04\/IMG-20260430-WA00171-e1777578979772.jpg\" \/>\n\t<meta property=\"og:image:width\" content=\"904\" \/>\n\t<meta property=\"og:image:height\" content=\"712\" \/>\n\t<meta property=\"og:image:type\" content=\"image\/jpeg\" \/>\n<meta name=\"author\" content=\"NOTICIASMERCEDINAS.COM\" \/>\n<meta name=\"twitter:card\" content=\"summary_large_image\" \/>\n<meta name=\"twitter:creator\" content=\"@notmercedinas\" \/>\n<meta name=\"twitter:site\" content=\"@notmercedinas\" \/>\n<meta name=\"twitter:label1\" content=\"Escrito por\" \/>\n\t<meta name=\"twitter:data1\" content=\"NOTICIASMERCEDINAS.COM\" \/>\n\t<meta name=\"twitter:label2\" content=\"Tiempo de lectura\" \/>\n\t<meta name=\"twitter:data2\" content=\"2 minutos\" \/>\n<script type=\"application\/ld+json\" class=\"yoast-schema-graph\">{\"@context\":\"https:\\\/\\\/schema.org\",\"@graph\":[{\"@type\":\"Article\",\"@id\":\"https:\\\/\\\/noticiasmercedinas.com\\\/site\\\/2026\\\/04\\\/30\\\/mercedes-se-convierte-en-el-epicentro-del-kickboxing-nacional-con-el-5-torneo-simios-team\\\/#article\",\"isPartOf\":{\"@id\":\"https:\\\/\\\/noticiasmercedinas.com\\\/site\\\/2026\\\/04\\\/30\\\/mercedes-se-convierte-en-el-epicentro-del-kickboxing-nacional-con-el-5-torneo-simios-team\\\/\"},\"author\":{\"name\":\"NOTICIASMERCEDINAS.COM\",\"@id\":\"https:\\\/\\\/noticiasmercedinas.com\\\/site\\\/#\\\/schema\\\/person\\\/84b59c099c28ff2e8b77d4ceec5d8063\"},\"headline\":\"Mercedes se convierte en el epicentro del Kickboxing nacional con el 5\u00b0 Torneo \u00abSimios Team\u00bb\",\"datePublished\":\"2026-04-30T19:57:28+00:00\",\"mainEntityOfPage\":{\"@id\":\"https:\\\/\\\/noticiasmercedinas.com\\\/site\\\/2026\\\/04\\\/30\\\/mercedes-se-convierte-en-el-epicentro-del-kickboxing-nacional-con-el-5-torneo-simios-team\\\/\"},\"wordCount\":364,\"publisher\":{\"@id\":\"https:\\\/\\\/noticiasmercedinas.com\\\/site\\\/#organization\"},\"image\":{\"@id\":\"https:\\\/\\\/noticiasmercedinas.com\\\/site\\\/2026\\\/04\\\/30\\\/mercedes-se-convierte-en-el-epicentro-del-kickboxing-nacional-con-el-5-torneo-simios-team\\\/#primaryimage\"},\"thumbnailUrl\":\"https:\\\/\\\/noticiasmercedinas.com\\\/site\\\/wp-content\\\/uploads\\\/2026\\\/04\\\/IMG-20260430-WA00171-e1777578979772.jpg\",\"keywords\":[\"Kickboxing\",\"Simios Team\"],\"articleSection\":[\"Deportes\"],\"inLanguage\":\"es\"},{\"@type\":\"WebPage\",\"@id\":\"https:\\\/\\\/noticiasmercedinas.com\\\/site\\\/2026\\\/04\\\/30\\\/mercedes-se-convierte-en-el-epicentro-del-kickboxing-nacional-con-el-5-torneo-simios-team\\\/\",\"url\":\"https:\\\/\\\/noticiasmercedinas.com\\\/site\\\/2026\\\/04\\\/30\\\/mercedes-se-convierte-en-el-epicentro-del-kickboxing-nacional-con-el-5-torneo-simios-team\\\/\",\"name\":\"Mercedes se convierte en el epicentro del Kickboxing nacional con el 5\u00b0 Torneo \\\"Simios Team\\\"\",\"isPartOf\":{\"@id\":\"https:\\\/\\\/noticiasmercedinas.com\\\/site\\\/#website\"},\"primaryImageOfPage\":{\"@id\":\"https:\\\/\\\/noticiasmercedinas.com\\\/site\\\/2026\\\/04\\\/30\\\/mercedes-se-convierte-en-el-epicentro-del-kickboxing-nacional-con-el-5-torneo-simios-team\\\/#primaryimage\"},\"image\":{\"@id\":\"https:\\\/\\\/noticiasmercedinas.com\\\/site\\\/2026\\\/04\\\/30\\\/mercedes-se-convierte-en-el-epicentro-del-kickboxing-nacional-con-el-5-torneo-simios-team\\\/#primaryimage\"},\"thumbnailUrl\":\"https:\\\/\\\/noticiasmercedinas.com\\\/site\\\/wp-content\\\/uploads\\\/2026\\\/04\\\/IMG-20260430-WA00171-e1777578979772.jpg\",\"datePublished\":\"2026-04-30T19:57:28+00:00\",\"description\":\"El Polideportivo Mart\u00edn Rodr\u00edguez recibir\u00e1 a competidores de todo el pa\u00eds en una jornada que promete adrenalina, m\u00e1s de 30 atletas locales en escena y el respaldo de la W.K.F.\",\"breadcrumb\":{\"@id\":\"https:\\\/\\\/noticiasmercedinas.com\\\/site\\\/2026\\\/04\\\/30\\\/mercedes-se-convierte-en-el-epicentro-del-kickboxing-nacional-con-el-5-torneo-simios-team\\\/#breadcrumb\"},\"inLanguage\":\"es\",\"potentialAction\":[{\"@type\":\"ReadAction\",\"target\":[\"https:\\\/\\\/noticiasmercedinas.com\\\/site\\\/2026\\\/04\\\/30\\\/mercedes-se-convierte-en-el-epicentro-del-kickboxing-nacional-con-el-5-torneo-simios-team\\\/\"]}]},{\"@type\":\"ImageObject\",\"inLanguage\":\"es\",\"@id\":\"https:\\\/\\\/noticiasmercedinas.com\\\/site\\\/2026\\\/04\\\/30\\\/mercedes-se-convierte-en-el-epicentro-del-kickboxing-nacional-con-el-5-torneo-simios-team\\\/#primaryimage\",\"url\":\"https:\\\/\\\/noticiasmercedinas.com\\\/site\\\/wp-content\\\/uploads\\\/2026\\\/04\\\/IMG-20260430-WA00171-e1777578979772.jpg\",\"contentUrl\":\"https:\\\/\\\/noticiasmercedinas.com\\\/site\\\/wp-content\\\/uploads\\\/2026\\\/04\\\/IMG-20260430-WA00171-e1777578979772.jpg\",\"width\":904,\"height\":712},{\"@type\":\"BreadcrumbList\",\"@id\":\"https:\\\/\\\/noticiasmercedinas.com\\\/site\\\/2026\\\/04\\\/30\\\/mercedes-se-convierte-en-el-epicentro-del-kickboxing-nacional-con-el-5-torneo-simios-team\\\/#breadcrumb\",\"itemListElement\":[{\"@type\":\"ListItem\",\"position\":1,\"name\":\"Portada\",\"item\":\"https:\\\/\\\/noticiasmercedinas.com\\\/site\\\/\"},{\"@type\":\"ListItem\",\"position\":2,\"name\":\"Mercedes se convierte en el epicentro del Kickboxing nacional con el 5\u00b0 Torneo \u00abSimios Team\u00bb\"}]},{\"@type\":\"WebSite\",\"@id\":\"https:\\\/\\\/noticiasmercedinas.com\\\/site\\\/#website\",\"url\":\"https:\\\/\\\/noticiasmercedinas.com\\\/site\\\/\",\"name\":\"NOTICIASMERCEDINAS.COM\",\"description\":\"Mercedes, Buenos Aires, Argentina\",\"publisher\":{\"@id\":\"https:\\\/\\\/noticiasmercedinas.com\\\/site\\\/#organization\"},\"potentialAction\":[{\"@type\":\"SearchAction\",\"target\":{\"@type\":\"EntryPoint\",\"urlTemplate\":\"https:\\\/\\\/noticiasmercedinas.com\\\/site\\\/?s={search_term_string}\"},\"query-input\":{\"@type\":\"PropertyValueSpecification\",\"valueRequired\":true,\"valueName\":\"search_term_string\"}}],\"inLanguage\":\"es\"},{\"@type\":\"Organization\",\"@id\":\"https:\\\/\\\/noticiasmercedinas.com\\\/site\\\/#organization\",\"name\":\"NOTICIASMERCEDINAS.COM\",\"url\":\"https:\\\/\\\/noticiasmercedinas.com\\\/site\\\/\",\"logo\":{\"@type\":\"ImageObject\",\"inLanguage\":\"es\",\"@id\":\"https:\\\/\\\/noticiasmercedinas.com\\\/site\\\/#\\\/schema\\\/logo\\\/image\\\/\",\"url\":\"https:\\\/\\\/noticiasmercedinas.com\\\/site\\\/wp-content\\\/uploads\\\/2020\\\/06\\\/LOGO-512.jpg\",\"contentUrl\":\"https:\\\/\\\/noticiasmercedinas.com\\\/site\\\/wp-content\\\/uploads\\\/2020\\\/06\\\/LOGO-512.jpg\",\"width\":512,\"height\":512,\"caption\":\"NOTICIASMERCEDINAS.COM\"},\"image\":{\"@id\":\"https:\\\/\\\/noticiasmercedinas.com\\\/site\\\/#\\\/schema\\\/logo\\\/image\\\/\"},\"sameAs\":[\"https:\\\/\\\/www.facebook.com\\\/noticiasmercedinas\\\/\",\"https:\\\/\\\/x.com\\\/notmercedinas\",\"https:\\\/\\\/www.instagram.com\\\/noticiasmercedinas\\\/\"]},{\"@type\":\"Person\",\"@id\":\"https:\\\/\\\/noticiasmercedinas.com\\\/site\\\/#\\\/schema\\\/person\\\/84b59c099c28ff2e8b77d4ceec5d8063\",\"name\":\"NOTICIASMERCEDINAS.COM\",\"image\":{\"@type\":\"ImageObject\",\"inLanguage\":\"es\",\"@id\":\"https:\\\/\\\/secure.gravatar.com\\\/avatar\\\/4dfbf16b4d17945bfb6341b2d19043457132fcf478a5ee04f42e959fd8f5df0a?s=96&d=mm&r=g\",\"url\":\"https:\\\/\\\/secure.gravatar.com\\\/avatar\\\/4dfbf16b4d17945bfb6341b2d19043457132fcf478a5ee04f42e959fd8f5df0a?s=96&d=mm&r=g\",\"contentUrl\":\"https:\\\/\\\/secure.gravatar.com\\\/avatar\\\/4dfbf16b4d17945bfb6341b2d19043457132fcf478a5ee04f42e959fd8f5df0a?s=96&d=mm&r=g\",\"caption\":\"NOTICIASMERCEDINAS.COM\"},\"url\":\"https:\\\/\\\/noticiasmercedinas.com\\\/site\\\/author\\\/anonimo\\\/\"}]}<\/script>\n<!-- \/ Yoast SEO plugin. -->","yoast_head_json":{"title":"Mercedes se convierte en el epicentro del Kickboxing nacional con el 5\u00b0 Torneo \"Simios Team\"","description":"El Polideportivo Mart\u00edn Rodr\u00edguez recibir\u00e1 a competidores de todo el pa\u00eds en una jornada que promete adrenalina, m\u00e1s de 30 atletas locales en escena y el respaldo de la W.K.F.","robots":{"index":"index","follow":"follow","max-snippet":"max-snippet:-1","max-image-preview":"max-image-preview:large","max-video-preview":"max-video-preview:-1"},"canonical":"https:\/\/noticiasmercedinas.com\/site\/2026\/04\/30\/mercedes-se-convierte-en-el-epicentro-del-kickboxing-nacional-con-el-5-torneo-simios-team\/","og_locale":"es_ES","og_type":"article","og_title":"Mercedes se convierte en el epicentro del Kickboxing nacional con el 5\u00b0 Torneo \"Simios Team\"","og_description":"El Polideportivo Mart\u00edn Rodr\u00edguez recibir\u00e1 a competidores de todo el pa\u00eds en una jornada que promete adrenalina, m\u00e1s de 30 atletas locales en escena y el respaldo de la W.K.F.","og_url":"https:\/\/noticiasmercedinas.com\/site\/2026\/04\/30\/mercedes-se-convierte-en-el-epicentro-del-kickboxing-nacional-con-el-5-torneo-simios-team\/","og_site_name":"NOTICIASMERCEDINAS.COM","article_publisher":"https:\/\/www.facebook.com\/noticiasmercedinas\/","article_published_time":"2026-04-30T19:57:28+00:00","og_image":[{"width":904,"height":712,"url":"https:\/\/noticiasmercedinas.com\/site\/wp-content\/uploads\/2026\/04\/IMG-20260430-WA00171-e1777578979772.jpg","type":"image\/jpeg"}],"author":"NOTICIASMERCEDINAS.COM","twitter_card":"summary_large_image","twitter_creator":"@notmercedinas","twitter_site":"@notmercedinas","twitter_misc":{"Escrito por":"NOTICIASMERCEDINAS.COM","Tiempo de lectura":"2 minutos"},"schema":{"@context":"https:\/\/schema.org","@graph":[{"@type":"Article","@id":"https:\/\/noticiasmercedinas.com\/site\/2026\/04\/30\/mercedes-se-convierte-en-el-epicentro-del-kickboxing-nacional-con-el-5-torneo-simios-team\/#article","isPartOf":{"@id":"https:\/\/noticiasmercedinas.com\/site\/2026\/04\/30\/mercedes-se-convierte-en-el-epicentro-del-kickboxing-nacional-con-el-5-torneo-simios-team\/"},"author":{"name":"NOTICIASMERCEDINAS.COM","@id":"https:\/\/noticiasmercedinas.com\/site\/#\/schema\/person\/84b59c099c28ff2e8b77d4ceec5d8063"},"headline":"Mercedes se convierte en el epicentro del Kickboxing nacional con el 5\u00b0 Torneo \u00abSimios Team\u00bb","datePublished":"2026-04-30T19:57:28+00:00","mainEntityOfPage":{"@id":"https:\/\/noticiasmercedinas.com\/site\/2026\/04\/30\/mercedes-se-convierte-en-el-epicentro-del-kickboxing-nacional-con-el-5-torneo-simios-team\/"},"wordCount":364,"publisher":{"@id":"https:\/\/noticiasmercedinas.com\/site\/#organization"},"image":{"@id":"https:\/\/noticiasmercedinas.com\/site\/2026\/04\/30\/mercedes-se-convierte-en-el-epicentro-del-kickboxing-nacional-con-el-5-torneo-simios-team\/#primaryimage"},"thumbnailUrl":"https:\/\/noticiasmercedinas.com\/site\/wp-content\/uploads\/2026\/04\/IMG-20260430-WA00171-e1777578979772.jpg","keywords":["Kickboxing","Simios Team"],"articleSection":["Deportes"],"inLanguage":"es"},{"@type":"WebPage","@id":"https:\/\/noticiasmercedinas.com\/site\/2026\/04\/30\/mercedes-se-convierte-en-el-epicentro-del-kickboxing-nacional-con-el-5-torneo-simios-team\/","url":"https:\/\/noticiasmercedinas.com\/site\/2026\/04\/30\/mercedes-se-convierte-en-el-epicentro-del-kickboxing-nacional-con-el-5-torneo-simios-team\/","name":"Mercedes se convierte en el epicentro del Kickboxing nacional con el 5\u00b0 Torneo \"Simios Team\"","isPartOf":{"@id":"https:\/\/noticiasmercedinas.com\/site\/#website"},"primaryImageOfPage":{"@id":"https:\/\/noticiasmercedinas.com\/site\/2026\/04\/30\/mercedes-se-convierte-en-el-epicentro-del-kickboxing-nacional-con-el-5-torneo-simios-team\/#primaryimage"},"image":{"@id":"https:\/\/noticiasmercedinas.com\/site\/2026\/04\/30\/mercedes-se-convierte-en-el-epicentro-del-kickboxing-nacional-con-el-5-torneo-simios-team\/#primaryimage"},"thumbnailUrl":"https:\/\/noticiasmercedinas.com\/site\/wp-content\/uploads\/2026\/04\/IMG-20260430-WA00171-e1777578979772.jpg","datePublished":"2026-04-30T19:57:28+00:00","description":"El Polideportivo Mart\u00edn Rodr\u00edguez recibir\u00e1 a competidores de todo el pa\u00eds en una jornada que promete adrenalina, m\u00e1s de 30 atletas locales en escena y el respaldo de la W.K.F.","breadcrumb":{"@id":"https:\/\/noticiasmercedinas.com\/site\/2026\/04\/30\/mercedes-se-convierte-en-el-epicentro-del-kickboxing-nacional-con-el-5-torneo-simios-team\/#breadcrumb"},"inLanguage":"es","potentialAction":[{"@type":"ReadAction","target":["https:\/\/noticiasmercedinas.com\/site\/2026\/04\/30\/mercedes-se-convierte-en-el-epicentro-del-kickboxing-nacional-con-el-5-torneo-simios-team\/"]}]},{"@type":"ImageObject","inLanguage":"es","@id":"https:\/\/noticiasmercedinas.com\/site\/2026\/04\/30\/mercedes-se-convierte-en-el-epicentro-del-kickboxing-nacional-con-el-5-torneo-simios-team\/#primaryimage","url":"https:\/\/noticiasmercedinas.com\/site\/wp-content\/uploads\/2026\/04\/IMG-20260430-WA00171-e1777578979772.jpg","contentUrl":"https:\/\/noticiasmercedinas.com\/site\/wp-content\/uploads\/2026\/04\/IMG-20260430-WA00171-e1777578979772.jpg","width":904,"height":712},{"@type":"BreadcrumbList","@id":"https:\/\/noticiasmercedinas.com\/site\/2026\/04\/30\/mercedes-se-convierte-en-el-epicentro-del-kickboxing-nacional-con-el-5-torneo-simios-team\/#breadcrumb","itemListElement":[{"@type":"ListItem","position":1,"name":"Portada","item":"https:\/\/noticiasmercedinas.com\/site\/"},{"@type":"ListItem","position":2,"name":"Mercedes se convierte en el epicentro del Kickboxing nacional con el 5\u00b0 Torneo \u00abSimios Team\u00bb"}]},{"@type":"WebSite","@id":"https:\/\/noticiasmercedinas.com\/site\/#website","url":"https:\/\/noticiasmercedinas.com\/site\/","name":"NOTICIASMERCEDINAS.COM","description":"Mercedes, Buenos Aires, Argentina","publisher":{"@id":"https:\/\/noticiasmercedinas.com\/site\/#organization"},"potentialAction":[{"@type":"SearchAction","target":{"@type":"EntryPoint","urlTemplate":"https:\/\/noticiasmercedinas.com\/site\/?s={search_term_string}"},"query-input":{"@type":"PropertyValueSpecification","valueRequired":true,"valueName":"search_term_string"}}],"inLanguage":"es"},{"@type":"Organization","@id":"https:\/\/noticiasmercedinas.com\/site\/#organization","name":"NOTICIASMERCEDINAS.COM","url":"https:\/\/noticiasmercedinas.com\/site\/","logo":{"@type":"ImageObject","inLanguage":"es","@id":"https:\/\/noticiasmercedinas.com\/site\/#\/schema\/logo\/image\/","url":"https:\/\/noticiasmercedinas.com\/site\/wp-content\/uploads\/2020\/06\/LOGO-512.jpg","contentUrl":"https:\/\/noticiasmercedinas.com\/site\/wp-content\/uploads\/2020\/06\/LOGO-512.jpg","width":512,"height":512,"caption":"NOTICIASMERCEDINAS.COM"},"image":{"@id":"https:\/\/noticiasmercedinas.com\/site\/#\/schema\/logo\/image\/"},"sameAs":["https:\/\/www.facebook.com\/noticiasmercedinas\/","https:\/\/x.com\/notmercedinas","https:\/\/www.instagram.com\/noticiasmercedinas\/"]},{"@type":"Person","@id":"https:\/\/noticiasmercedinas.com\/site\/#\/schema\/person\/84b59c099c28ff2e8b77d4ceec5d8063","name":"NOTICIASMERCEDINAS.COM","image":{"@type":"ImageObject","inLanguage":"es","@id":"https:\/\/secure.gravatar.com\/avatar\/4dfbf16b4d17945bfb6341b2d19043457132fcf478a5ee04f42e959fd8f5df0a?s=96&d=mm&r=g","url":"https:\/\/secure.gravatar.com\/avatar\/4dfbf16b4d17945bfb6341b2d19043457132fcf478a5ee04f42e959fd8f5df0a?s=96&d=mm&r=g","contentUrl":"https:\/\/secure.gravatar.com\/avatar\/4dfbf16b4d17945bfb6341b2d19043457132fcf478a5ee04f42e959fd8f5df0a?s=96&d=mm&r=g","caption":"NOTICIASMERCEDINAS.COM"},"url":"https:\/\/noticiasmercedinas.com\/site\/author\/anonimo\/"}]}},"amp_enabled":true,"_links":{"self":[{"href":"https:\/\/noticiasmercedinas.com\/site\/wp-json\/wp\/v2\/posts\/185482","targetHints":{"allow":["GET"]}}],"collection":[{"href":"https:\/\/noticiasmercedinas.com\/site\/wp-json\/wp\/v2\/posts"}],"about":[{"href":"https:\/\/noticiasmercedinas.com\/site\/wp-json\/wp\/v2\/types\/post"}],"author":[{"embeddable":true,"href":"https:\/\/noticiasmercedinas.com\/site\/wp-json\/wp\/v2\/users\/16"}],"replies":[{"embeddable":true,"href":"https:\/\/noticiasmercedinas.com\/site\/wp-json\/wp\/v2\/comments?post=185482"}],"version-history":[{"count":3,"href":"https:\/\/noticiasmercedinas.com\/site\/wp-json\/wp\/v2\/posts\/185482\/revisions"}],"predecessor-version":[{"id":185486,"href":"https:\/\/noticiasmercedinas.com\/site\/wp-json\/wp\/v2\/posts\/185482\/revisions\/185486"}],"wp:featuredmedia":[{"embeddable":true,"href":"https:\/\/noticiasmercedinas.com\/site\/wp-json\/wp\/v2\/media\/185484"}],"wp:attachment":[{"href":"https:\/\/noticiasmercedinas.com\/site\/wp-json\/wp\/v2\/media?parent=185482"}],"wp:term":[{"taxonomy":"category","embeddable":true,"href":"https:\/\/noticiasmercedinas.com\/site\/wp-json\/wp\/v2\/categories?post=185482"},{"taxonomy":"post_tag","embeddable":true,"href":"https:\/\/noticiasmercedinas.com\/site\/wp-json\/wp\/v2\/tags?post=185482"}],"curies":[{"name":"wp","href":"https:\/\/api.w.org\/{rel}","templated":true}]}}