{"id":185487,"date":"2026-04-30T22:40:58","date_gmt":"2026-05-01T01:40:58","guid":{"rendered":"https:\/\/noticiasmercedinas.com\/site\/?p=185487"},"modified":"2026-04-30T22:40:58","modified_gmt":"2026-05-01T01:40:58","slug":"teatro-talia-renueva-su-cartelera-con-dos-potentes-propuestas-para-mayo","status":"publish","type":"post","link":"https:\/\/noticiasmercedinas.com\/site\/2026\/04\/30\/teatro-talia-renueva-su-cartelera-con-dos-potentes-propuestas-para-mayo\/","title":{"rendered":"Teatro Tal\u00eda renueva su cartelera con dos potentes propuestas para mayo"},"content":{"rendered":"<p dir=\"ltr\"><span style=\"font-family: Verdana, Geneva, sans-serif; font-size: 14px;\"><img loading=\"lazy\" decoding=\"async\" class=\"alignnone size-full wp-image-185489\" src=\"https:\/\/noticiasmercedinas.com\/site\/wp-content\/uploads\/2026\/04\/Screenshot_20260430-223315-e1777599634114.png\" alt=\"\" width=\"704\" height=\"456\" srcset=\"https:\/\/noticiasmercedinas.com\/site\/wp-content\/uploads\/2026\/04\/Screenshot_20260430-223315-e1777599634114.png 704w, https:\/\/noticiasmercedinas.com\/site\/wp-content\/uploads\/2026\/04\/Screenshot_20260430-223315-e1777599634114-300x194.png 300w, https:\/\/noticiasmercedinas.com\/site\/wp-content\/uploads\/2026\/04\/Screenshot_20260430-223315-e1777599634114-600x388.png 600w, https:\/\/noticiasmercedinas.com\/site\/wp-content\/uploads\/2026\/04\/Screenshot_20260430-223315-e1777599634114-640x415.png 640w, https:\/\/noticiasmercedinas.com\/site\/wp-content\/uploads\/2026\/04\/Screenshot_20260430-223315-e1777599634114-681x441.png 681w\" sizes=\"auto, (max-width: 704px) 100vw, 704px\" \/><\/span><\/p>\n<p dir=\"ltr\"><span style=\"font-family: Verdana, Geneva, sans-serif; font-size: 14px;\">El <\/span><b style=\"font-family: Verdana, Geneva, sans-serif; font-size: 14px;\">Teatro Tal\u00eda<\/b><span style=\"font-family: Verdana, Geneva, sans-serif; font-size: 14px;\">, baluarte de la cultura independiente local desde 1961, anunci\u00f3 oficialmente su programaci\u00f3n para el mes de mayo.<\/span><\/p>\n<p dir=\"ltr\"><span style=\"font-family: Verdana, Geneva, sans-serif; font-size: 14px;\"> Con una apuesta que combina el drama reflexivo y la dramaturgia contempor\u00e1nea, la sala presentar\u00e1 dos producciones de fuste: <\/span><b style=\"font-family: Verdana, Geneva, sans-serif; font-size: 14px;\">\u00abEl \u00faltimo sue\u00f1o de un anarquista\u00bb<\/b><span style=\"font-family: Verdana, Geneva, sans-serif; font-size: 14px;\"> y <\/span><b style=\"font-family: Verdana, Geneva, sans-serif; font-size: 14px;\">\u00abDos Romas\u00bb<\/b><span style=\"font-family: Verdana, Geneva, sans-serif; font-size: 14px;\">, consolidando una cartelera que busca interpelar al p\u00fablico mercedino a trav\u00e9s de historias de profunda carga humana y social.<\/span><\/p>\n<p dir=\"ltr\">\u200bLa actividad comenzar\u00e1 el <b>s\u00e1bado 16 de mayo a las 20:00 hs<\/b> con el estreno de <i>\u00abEl \u00faltimo sue\u00f1o de un anarquista\u00bb<\/i>, obra original de Jorge D\u00edaz. Bajo la direcci\u00f3n de <b>Nancy Schettino<\/b> y con la adaptaci\u00f3n de Malena Gallesio Serra, la pieza cuenta con las actuaciones protag\u00f3nicas de <b>Graciela Iribarne y Gustavo Gallesio<\/b>. La obra promete un recorrido emocional por la memoria y los ideales, elementos centrales en la po\u00e9tica de D\u00edaz.<\/p>\n<p dir=\"ltr\">\u200bHacia finales de mes, el <b>domingo 31 de mayo a las 18:00 hs<\/b>, ser\u00e1 el turno de <i>\u00abDos Romas\u00bb<\/i>, una obra escrita por Ariel Matatits. En esta ocasi\u00f3n, la puesta en escena recae sobre el director <b>Mart\u00edn Simeoni<\/b>, asistido por Micaela Kaigar. El elenco, de car\u00e1cter coral, est\u00e1 integrado por <b>Nicol\u00e1s Augel, Lole Echave, Nicol\u00e1s Peral y Martina Simeoni<\/b>, quienes dar\u00e1n vida a este relato que ha generado gran expectativa en el circuito teatral independiente.<\/p>\n<p dir=\"ltr\">\u200bDesde la comisi\u00f3n directiva del teatro destacaron la importancia de mantener la sala activa en el contexto actual, agradeciendo a la comunidad por el apoyo sostenido durante m\u00e1s de seis d\u00e9cadas.<\/p>\n<h3 dir=\"ltr\">\u200bInformaci\u00f3n \u00fatil para el espectador:<\/h3>\n<ul>\n<li dir=\"ltr\">\u200b<b>Valor de la entrada:<\/b> $15.000.<\/li>\n<li dir=\"ltr\">\u200b<b>Reservas:<\/b> Los interesados podr\u00e1n asegurar su lugar comunic\u00e1ndose a los tel\u00e9fonos <b>2324-585300<\/b> o <b>2324-641621<\/b>.<\/li>\n<li dir=\"ltr\">\u200b<b>Ubicaci\u00f3n:<\/b> Teatro Tal\u00eda, Mercedes, Buenos Aires.<\/li>\n<\/ul>\n<p dir=\"ltr\">\u200bLa venta de entradas ya se encuentra habilitada, y se recomienda realizar las reservas con antelaci\u00f3n debido a la capacidad limitada de la sala.<\/p>\n","protected":false},"excerpt":{"rendered":"<p>El hist\u00f3rico espacio cultural de la calle 20 presenta \u00abEl \u00faltimo sue\u00f1o de un anarquista\u00bb y \u00abDos Romas\u00bb, bajo la direcci\u00f3n de Nancy Schettino y Mart\u00edn Simeoni respectivamente.<\/p>\n","protected":false},"author":16,"featured_media":185489,"comment_status":"closed","ping_status":"closed","sticky":false,"template":"","format":"standard","meta":{"footnotes":""},"categories":[4],"tags":[480,1015],"class_list":["post-185487","post","type-post","status-publish","format-standard","has-post-thumbnail","hentry","category-cultura","tag-teatro","tag-teatro-talia"],"yoast_head":"<!-- This site is optimized with the Yoast SEO plugin v27.5 - https:\/\/yoast.com\/product\/yoast-seo-wordpress\/ -->\n<title>Teatro Tal\u00eda renueva su cartelera con dos potentes propuestas para mayo<\/title>\n<meta name=\"description\" content=\"El hist\u00f3rico espacio cultural de la calle 20 presenta &quot;El \u00faltimo sue\u00f1o de un anarquista&quot; y &quot;Dos Romas&quot;, bajo la direcci\u00f3n de Nancy Schettino y Mart\u00edn Simeoni respectivamente.\" \/>\n<meta name=\"robots\" content=\"index, follow, max-snippet:-1, max-image-preview:large, max-video-preview:-1\" \/>\n<link rel=\"canonical\" href=\"https:\/\/noticiasmercedinas.com\/site\/2026\/04\/30\/teatro-talia-renueva-su-cartelera-con-dos-potentes-propuestas-para-mayo\/\" \/>\n<meta property=\"og:locale\" content=\"es_ES\" \/>\n<meta property=\"og:type\" content=\"article\" \/>\n<meta property=\"og:title\" content=\"Teatro Tal\u00eda renueva su cartelera con dos potentes propuestas para mayo\" \/>\n<meta property=\"og:description\" content=\"El hist\u00f3rico espacio cultural de la calle 20 presenta &quot;El \u00faltimo sue\u00f1o de un anarquista&quot; y &quot;Dos Romas&quot;, bajo la direcci\u00f3n de Nancy Schettino y Mart\u00edn Simeoni respectivamente.\" \/>\n<meta property=\"og:url\" content=\"https:\/\/noticiasmercedinas.com\/site\/2026\/04\/30\/teatro-talia-renueva-su-cartelera-con-dos-potentes-propuestas-para-mayo\/\" \/>\n<meta property=\"og:site_name\" content=\"NOTICIASMERCEDINAS.COM\" \/>\n<meta property=\"article:publisher\" content=\"https:\/\/www.facebook.com\/noticiasmercedinas\/\" \/>\n<meta property=\"article:published_time\" content=\"2026-05-01T01:40:58+00:00\" \/>\n<meta property=\"og:image\" content=\"https:\/\/noticiasmercedinas.com\/site\/wp-content\/uploads\/2026\/04\/Screenshot_20260430-223315-e1777599634114.png\" \/>\n\t<meta property=\"og:image:width\" content=\"704\" \/>\n\t<meta property=\"og:image:height\" content=\"456\" \/>\n\t<meta property=\"og:image:type\" content=\"image\/png\" \/>\n<meta name=\"author\" content=\"NOTICIASMERCEDINAS.COM\" \/>\n<meta name=\"twitter:card\" content=\"summary_large_image\" \/>\n<meta name=\"twitter:creator\" content=\"@notmercedinas\" \/>\n<meta name=\"twitter:site\" content=\"@notmercedinas\" \/>\n<meta name=\"twitter:label1\" content=\"Escrito por\" \/>\n\t<meta name=\"twitter:data1\" content=\"NOTICIASMERCEDINAS.COM\" \/>\n\t<meta name=\"twitter:label2\" content=\"Tiempo de lectura\" \/>\n\t<meta name=\"twitter:data2\" content=\"2 minutos\" \/>\n<script type=\"application\/ld+json\" class=\"yoast-schema-graph\">{\"@context\":\"https:\\\/\\\/schema.org\",\"@graph\":[{\"@type\":\"Article\",\"@id\":\"https:\\\/\\\/noticiasmercedinas.com\\\/site\\\/2026\\\/04\\\/30\\\/teatro-talia-renueva-su-cartelera-con-dos-potentes-propuestas-para-mayo\\\/#article\",\"isPartOf\":{\"@id\":\"https:\\\/\\\/noticiasmercedinas.com\\\/site\\\/2026\\\/04\\\/30\\\/teatro-talia-renueva-su-cartelera-con-dos-potentes-propuestas-para-mayo\\\/\"},\"author\":{\"name\":\"NOTICIASMERCEDINAS.COM\",\"@id\":\"https:\\\/\\\/noticiasmercedinas.com\\\/site\\\/#\\\/schema\\\/person\\\/84b59c099c28ff2e8b77d4ceec5d8063\"},\"headline\":\"Teatro Tal\u00eda renueva su cartelera con dos potentes propuestas para mayo\",\"datePublished\":\"2026-05-01T01:40:58+00:00\",\"mainEntityOfPage\":{\"@id\":\"https:\\\/\\\/noticiasmercedinas.com\\\/site\\\/2026\\\/04\\\/30\\\/teatro-talia-renueva-su-cartelera-con-dos-potentes-propuestas-para-mayo\\\/\"},\"wordCount\":336,\"publisher\":{\"@id\":\"https:\\\/\\\/noticiasmercedinas.com\\\/site\\\/#organization\"},\"image\":{\"@id\":\"https:\\\/\\\/noticiasmercedinas.com\\\/site\\\/2026\\\/04\\\/30\\\/teatro-talia-renueva-su-cartelera-con-dos-potentes-propuestas-para-mayo\\\/#primaryimage\"},\"thumbnailUrl\":\"https:\\\/\\\/noticiasmercedinas.com\\\/site\\\/wp-content\\\/uploads\\\/2026\\\/04\\\/Screenshot_20260430-223315-e1777599634114.png\",\"keywords\":[\"teatro\",\"teatro talia\"],\"articleSection\":[\"Cultura\"],\"inLanguage\":\"es\"},{\"@type\":\"WebPage\",\"@id\":\"https:\\\/\\\/noticiasmercedinas.com\\\/site\\\/2026\\\/04\\\/30\\\/teatro-talia-renueva-su-cartelera-con-dos-potentes-propuestas-para-mayo\\\/\",\"url\":\"https:\\\/\\\/noticiasmercedinas.com\\\/site\\\/2026\\\/04\\\/30\\\/teatro-talia-renueva-su-cartelera-con-dos-potentes-propuestas-para-mayo\\\/\",\"name\":\"Teatro Tal\u00eda renueva su cartelera con dos potentes propuestas para mayo\",\"isPartOf\":{\"@id\":\"https:\\\/\\\/noticiasmercedinas.com\\\/site\\\/#website\"},\"primaryImageOfPage\":{\"@id\":\"https:\\\/\\\/noticiasmercedinas.com\\\/site\\\/2026\\\/04\\\/30\\\/teatro-talia-renueva-su-cartelera-con-dos-potentes-propuestas-para-mayo\\\/#primaryimage\"},\"image\":{\"@id\":\"https:\\\/\\\/noticiasmercedinas.com\\\/site\\\/2026\\\/04\\\/30\\\/teatro-talia-renueva-su-cartelera-con-dos-potentes-propuestas-para-mayo\\\/#primaryimage\"},\"thumbnailUrl\":\"https:\\\/\\\/noticiasmercedinas.com\\\/site\\\/wp-content\\\/uploads\\\/2026\\\/04\\\/Screenshot_20260430-223315-e1777599634114.png\",\"datePublished\":\"2026-05-01T01:40:58+00:00\",\"description\":\"El hist\u00f3rico espacio cultural de la calle 20 presenta \\\"El \u00faltimo sue\u00f1o de un anarquista\\\" y \\\"Dos Romas\\\", bajo la direcci\u00f3n de Nancy Schettino y Mart\u00edn Simeoni respectivamente.\",\"breadcrumb\":{\"@id\":\"https:\\\/\\\/noticiasmercedinas.com\\\/site\\\/2026\\\/04\\\/30\\\/teatro-talia-renueva-su-cartelera-con-dos-potentes-propuestas-para-mayo\\\/#breadcrumb\"},\"inLanguage\":\"es\",\"potentialAction\":[{\"@type\":\"ReadAction\",\"target\":[\"https:\\\/\\\/noticiasmercedinas.com\\\/site\\\/2026\\\/04\\\/30\\\/teatro-talia-renueva-su-cartelera-con-dos-potentes-propuestas-para-mayo\\\/\"]}]},{\"@type\":\"ImageObject\",\"inLanguage\":\"es\",\"@id\":\"https:\\\/\\\/noticiasmercedinas.com\\\/site\\\/2026\\\/04\\\/30\\\/teatro-talia-renueva-su-cartelera-con-dos-potentes-propuestas-para-mayo\\\/#primaryimage\",\"url\":\"https:\\\/\\\/noticiasmercedinas.com\\\/site\\\/wp-content\\\/uploads\\\/2026\\\/04\\\/Screenshot_20260430-223315-e1777599634114.png\",\"contentUrl\":\"https:\\\/\\\/noticiasmercedinas.com\\\/site\\\/wp-content\\\/uploads\\\/2026\\\/04\\\/Screenshot_20260430-223315-e1777599634114.png\",\"width\":704,\"height\":456},{\"@type\":\"BreadcrumbList\",\"@id\":\"https:\\\/\\\/noticiasmercedinas.com\\\/site\\\/2026\\\/04\\\/30\\\/teatro-talia-renueva-su-cartelera-con-dos-potentes-propuestas-para-mayo\\\/#breadcrumb\",\"itemListElement\":[{\"@type\":\"ListItem\",\"position\":1,\"name\":\"Portada\",\"item\":\"https:\\\/\\\/noticiasmercedinas.com\\\/site\\\/\"},{\"@type\":\"ListItem\",\"position\":2,\"name\":\"Teatro Tal\u00eda renueva su cartelera con dos potentes propuestas para mayo\"}]},{\"@type\":\"WebSite\",\"@id\":\"https:\\\/\\\/noticiasmercedinas.com\\\/site\\\/#website\",\"url\":\"https:\\\/\\\/noticiasmercedinas.com\\\/site\\\/\",\"name\":\"NOTICIASMERCEDINAS.COM\",\"description\":\"Mercedes, Buenos Aires, Argentina\",\"publisher\":{\"@id\":\"https:\\\/\\\/noticiasmercedinas.com\\\/site\\\/#organization\"},\"potentialAction\":[{\"@type\":\"SearchAction\",\"target\":{\"@type\":\"EntryPoint\",\"urlTemplate\":\"https:\\\/\\\/noticiasmercedinas.com\\\/site\\\/?s={search_term_string}\"},\"query-input\":{\"@type\":\"PropertyValueSpecification\",\"valueRequired\":true,\"valueName\":\"search_term_string\"}}],\"inLanguage\":\"es\"},{\"@type\":\"Organization\",\"@id\":\"https:\\\/\\\/noticiasmercedinas.com\\\/site\\\/#organization\",\"name\":\"NOTICIASMERCEDINAS.COM\",\"url\":\"https:\\\/\\\/noticiasmercedinas.com\\\/site\\\/\",\"logo\":{\"@type\":\"ImageObject\",\"inLanguage\":\"es\",\"@id\":\"https:\\\/\\\/noticiasmercedinas.com\\\/site\\\/#\\\/schema\\\/logo\\\/image\\\/\",\"url\":\"https:\\\/\\\/noticiasmercedinas.com\\\/site\\\/wp-content\\\/uploads\\\/2020\\\/06\\\/LOGO-512.jpg\",\"contentUrl\":\"https:\\\/\\\/noticiasmercedinas.com\\\/site\\\/wp-content\\\/uploads\\\/2020\\\/06\\\/LOGO-512.jpg\",\"width\":512,\"height\":512,\"caption\":\"NOTICIASMERCEDINAS.COM\"},\"image\":{\"@id\":\"https:\\\/\\\/noticiasmercedinas.com\\\/site\\\/#\\\/schema\\\/logo\\\/image\\\/\"},\"sameAs\":[\"https:\\\/\\\/www.facebook.com\\\/noticiasmercedinas\\\/\",\"https:\\\/\\\/x.com\\\/notmercedinas\",\"https:\\\/\\\/www.instagram.com\\\/noticiasmercedinas\\\/\"]},{\"@type\":\"Person\",\"@id\":\"https:\\\/\\\/noticiasmercedinas.com\\\/site\\\/#\\\/schema\\\/person\\\/84b59c099c28ff2e8b77d4ceec5d8063\",\"name\":\"NOTICIASMERCEDINAS.COM\",\"image\":{\"@type\":\"ImageObject\",\"inLanguage\":\"es\",\"@id\":\"https:\\\/\\\/secure.gravatar.com\\\/avatar\\\/4dfbf16b4d17945bfb6341b2d19043457132fcf478a5ee04f42e959fd8f5df0a?s=96&d=mm&r=g\",\"url\":\"https:\\\/\\\/secure.gravatar.com\\\/avatar\\\/4dfbf16b4d17945bfb6341b2d19043457132fcf478a5ee04f42e959fd8f5df0a?s=96&d=mm&r=g\",\"contentUrl\":\"https:\\\/\\\/secure.gravatar.com\\\/avatar\\\/4dfbf16b4d17945bfb6341b2d19043457132fcf478a5ee04f42e959fd8f5df0a?s=96&d=mm&r=g\",\"caption\":\"NOTICIASMERCEDINAS.COM\"},\"url\":\"https:\\\/\\\/noticiasmercedinas.com\\\/site\\\/author\\\/anonimo\\\/\"}]}<\/script>\n<!-- \/ Yoast SEO plugin. -->","yoast_head_json":{"title":"Teatro Tal\u00eda renueva su cartelera con dos potentes propuestas para mayo","description":"El hist\u00f3rico espacio cultural de la calle 20 presenta \"El \u00faltimo sue\u00f1o de un anarquista\" y \"Dos Romas\", bajo la direcci\u00f3n de Nancy Schettino y Mart\u00edn Simeoni respectivamente.","robots":{"index":"index","follow":"follow","max-snippet":"max-snippet:-1","max-image-preview":"max-image-preview:large","max-video-preview":"max-video-preview:-1"},"canonical":"https:\/\/noticiasmercedinas.com\/site\/2026\/04\/30\/teatro-talia-renueva-su-cartelera-con-dos-potentes-propuestas-para-mayo\/","og_locale":"es_ES","og_type":"article","og_title":"Teatro Tal\u00eda renueva su cartelera con dos potentes propuestas para mayo","og_description":"El hist\u00f3rico espacio cultural de la calle 20 presenta \"El \u00faltimo sue\u00f1o de un anarquista\" y \"Dos Romas\", bajo la direcci\u00f3n de Nancy Schettino y Mart\u00edn Simeoni respectivamente.","og_url":"https:\/\/noticiasmercedinas.com\/site\/2026\/04\/30\/teatro-talia-renueva-su-cartelera-con-dos-potentes-propuestas-para-mayo\/","og_site_name":"NOTICIASMERCEDINAS.COM","article_publisher":"https:\/\/www.facebook.com\/noticiasmercedinas\/","article_published_time":"2026-05-01T01:40:58+00:00","og_image":[{"width":704,"height":456,"url":"https:\/\/noticiasmercedinas.com\/site\/wp-content\/uploads\/2026\/04\/Screenshot_20260430-223315-e1777599634114.png","type":"image\/png"}],"author":"NOTICIASMERCEDINAS.COM","twitter_card":"summary_large_image","twitter_creator":"@notmercedinas","twitter_site":"@notmercedinas","twitter_misc":{"Escrito por":"NOTICIASMERCEDINAS.COM","Tiempo de lectura":"2 minutos"},"schema":{"@context":"https:\/\/schema.org","@graph":[{"@type":"Article","@id":"https:\/\/noticiasmercedinas.com\/site\/2026\/04\/30\/teatro-talia-renueva-su-cartelera-con-dos-potentes-propuestas-para-mayo\/#article","isPartOf":{"@id":"https:\/\/noticiasmercedinas.com\/site\/2026\/04\/30\/teatro-talia-renueva-su-cartelera-con-dos-potentes-propuestas-para-mayo\/"},"author":{"name":"NOTICIASMERCEDINAS.COM","@id":"https:\/\/noticiasmercedinas.com\/site\/#\/schema\/person\/84b59c099c28ff2e8b77d4ceec5d8063"},"headline":"Teatro Tal\u00eda renueva su cartelera con dos potentes propuestas para mayo","datePublished":"2026-05-01T01:40:58+00:00","mainEntityOfPage":{"@id":"https:\/\/noticiasmercedinas.com\/site\/2026\/04\/30\/teatro-talia-renueva-su-cartelera-con-dos-potentes-propuestas-para-mayo\/"},"wordCount":336,"publisher":{"@id":"https:\/\/noticiasmercedinas.com\/site\/#organization"},"image":{"@id":"https:\/\/noticiasmercedinas.com\/site\/2026\/04\/30\/teatro-talia-renueva-su-cartelera-con-dos-potentes-propuestas-para-mayo\/#primaryimage"},"thumbnailUrl":"https:\/\/noticiasmercedinas.com\/site\/wp-content\/uploads\/2026\/04\/Screenshot_20260430-223315-e1777599634114.png","keywords":["teatro","teatro talia"],"articleSection":["Cultura"],"inLanguage":"es"},{"@type":"WebPage","@id":"https:\/\/noticiasmercedinas.com\/site\/2026\/04\/30\/teatro-talia-renueva-su-cartelera-con-dos-potentes-propuestas-para-mayo\/","url":"https:\/\/noticiasmercedinas.com\/site\/2026\/04\/30\/teatro-talia-renueva-su-cartelera-con-dos-potentes-propuestas-para-mayo\/","name":"Teatro Tal\u00eda renueva su cartelera con dos potentes propuestas para mayo","isPartOf":{"@id":"https:\/\/noticiasmercedinas.com\/site\/#website"},"primaryImageOfPage":{"@id":"https:\/\/noticiasmercedinas.com\/site\/2026\/04\/30\/teatro-talia-renueva-su-cartelera-con-dos-potentes-propuestas-para-mayo\/#primaryimage"},"image":{"@id":"https:\/\/noticiasmercedinas.com\/site\/2026\/04\/30\/teatro-talia-renueva-su-cartelera-con-dos-potentes-propuestas-para-mayo\/#primaryimage"},"thumbnailUrl":"https:\/\/noticiasmercedinas.com\/site\/wp-content\/uploads\/2026\/04\/Screenshot_20260430-223315-e1777599634114.png","datePublished":"2026-05-01T01:40:58+00:00","description":"El hist\u00f3rico espacio cultural de la calle 20 presenta \"El \u00faltimo sue\u00f1o de un anarquista\" y \"Dos Romas\", bajo la direcci\u00f3n de Nancy Schettino y Mart\u00edn Simeoni respectivamente.","breadcrumb":{"@id":"https:\/\/noticiasmercedinas.com\/site\/2026\/04\/30\/teatro-talia-renueva-su-cartelera-con-dos-potentes-propuestas-para-mayo\/#breadcrumb"},"inLanguage":"es","potentialAction":[{"@type":"ReadAction","target":["https:\/\/noticiasmercedinas.com\/site\/2026\/04\/30\/teatro-talia-renueva-su-cartelera-con-dos-potentes-propuestas-para-mayo\/"]}]},{"@type":"ImageObject","inLanguage":"es","@id":"https:\/\/noticiasmercedinas.com\/site\/2026\/04\/30\/teatro-talia-renueva-su-cartelera-con-dos-potentes-propuestas-para-mayo\/#primaryimage","url":"https:\/\/noticiasmercedinas.com\/site\/wp-content\/uploads\/2026\/04\/Screenshot_20260430-223315-e1777599634114.png","contentUrl":"https:\/\/noticiasmercedinas.com\/site\/wp-content\/uploads\/2026\/04\/Screenshot_20260430-223315-e1777599634114.png","width":704,"height":456},{"@type":"BreadcrumbList","@id":"https:\/\/noticiasmercedinas.com\/site\/2026\/04\/30\/teatro-talia-renueva-su-cartelera-con-dos-potentes-propuestas-para-mayo\/#breadcrumb","itemListElement":[{"@type":"ListItem","position":1,"name":"Portada","item":"https:\/\/noticiasmercedinas.com\/site\/"},{"@type":"ListItem","position":2,"name":"Teatro Tal\u00eda renueva su cartelera con dos potentes propuestas para mayo"}]},{"@type":"WebSite","@id":"https:\/\/noticiasmercedinas.com\/site\/#website","url":"https:\/\/noticiasmercedinas.com\/site\/","name":"NOTICIASMERCEDINAS.COM","description":"Mercedes, Buenos Aires, Argentina","publisher":{"@id":"https:\/\/noticiasmercedinas.com\/site\/#organization"},"potentialAction":[{"@type":"SearchAction","target":{"@type":"EntryPoint","urlTemplate":"https:\/\/noticiasmercedinas.com\/site\/?s={search_term_string}"},"query-input":{"@type":"PropertyValueSpecification","valueRequired":true,"valueName":"search_term_string"}}],"inLanguage":"es"},{"@type":"Organization","@id":"https:\/\/noticiasmercedinas.com\/site\/#organization","name":"NOTICIASMERCEDINAS.COM","url":"https:\/\/noticiasmercedinas.com\/site\/","logo":{"@type":"ImageObject","inLanguage":"es","@id":"https:\/\/noticiasmercedinas.com\/site\/#\/schema\/logo\/image\/","url":"https:\/\/noticiasmercedinas.com\/site\/wp-content\/uploads\/2020\/06\/LOGO-512.jpg","contentUrl":"https:\/\/noticiasmercedinas.com\/site\/wp-content\/uploads\/2020\/06\/LOGO-512.jpg","width":512,"height":512,"caption":"NOTICIASMERCEDINAS.COM"},"image":{"@id":"https:\/\/noticiasmercedinas.com\/site\/#\/schema\/logo\/image\/"},"sameAs":["https:\/\/www.facebook.com\/noticiasmercedinas\/","https:\/\/x.com\/notmercedinas","https:\/\/www.instagram.com\/noticiasmercedinas\/"]},{"@type":"Person","@id":"https:\/\/noticiasmercedinas.com\/site\/#\/schema\/person\/84b59c099c28ff2e8b77d4ceec5d8063","name":"NOTICIASMERCEDINAS.COM","image":{"@type":"ImageObject","inLanguage":"es","@id":"https:\/\/secure.gravatar.com\/avatar\/4dfbf16b4d17945bfb6341b2d19043457132fcf478a5ee04f42e959fd8f5df0a?s=96&d=mm&r=g","url":"https:\/\/secure.gravatar.com\/avatar\/4dfbf16b4d17945bfb6341b2d19043457132fcf478a5ee04f42e959fd8f5df0a?s=96&d=mm&r=g","contentUrl":"https:\/\/secure.gravatar.com\/avatar\/4dfbf16b4d17945bfb6341b2d19043457132fcf478a5ee04f42e959fd8f5df0a?s=96&d=mm&r=g","caption":"NOTICIASMERCEDINAS.COM"},"url":"https:\/\/noticiasmercedinas.com\/site\/author\/anonimo\/"}]}},"amp_enabled":true,"_links":{"self":[{"href":"https:\/\/noticiasmercedinas.com\/site\/wp-json\/wp\/v2\/posts\/185487","targetHints":{"allow":["GET"]}}],"collection":[{"href":"https:\/\/noticiasmercedinas.com\/site\/wp-json\/wp\/v2\/posts"}],"about":[{"href":"https:\/\/noticiasmercedinas.com\/site\/wp-json\/wp\/v2\/types\/post"}],"author":[{"embeddable":true,"href":"https:\/\/noticiasmercedinas.com\/site\/wp-json\/wp\/v2\/users\/16"}],"replies":[{"embeddable":true,"href":"https:\/\/noticiasmercedinas.com\/site\/wp-json\/wp\/v2\/comments?post=185487"}],"version-history":[{"count":3,"href":"https:\/\/noticiasmercedinas.com\/site\/wp-json\/wp\/v2\/posts\/185487\/revisions"}],"predecessor-version":[{"id":185491,"href":"https:\/\/noticiasmercedinas.com\/site\/wp-json\/wp\/v2\/posts\/185487\/revisions\/185491"}],"wp:featuredmedia":[{"embeddable":true,"href":"https:\/\/noticiasmercedinas.com\/site\/wp-json\/wp\/v2\/media\/185489"}],"wp:attachment":[{"href":"https:\/\/noticiasmercedinas.com\/site\/wp-json\/wp\/v2\/media?parent=185487"}],"wp:term":[{"taxonomy":"category","embeddable":true,"href":"https:\/\/noticiasmercedinas.com\/site\/wp-json\/wp\/v2\/categories?post=185487"},{"taxonomy":"post_tag","embeddable":true,"href":"https:\/\/noticiasmercedinas.com\/site\/wp-json\/wp\/v2\/tags?post=185487"}],"curies":[{"name":"wp","href":"https:\/\/api.w.org\/{rel}","templated":true}]}}